{"id":9651,"date":"2021-12-17T09:37:47","date_gmt":"2021-12-17T09:37:47","guid":{"rendered":"https:\/\/citeelegance.net\/?p=9651"},"modified":"2021-12-17T14:22:33","modified_gmt":"2021-12-17T14:22:33","slug":"grande-muraille-verte-au-sahara-et-le-sahel-gestion-durable-des-terres-bilan-des-activites","status":"publish","type":"post","link":"https:\/\/citeelegance.net\/?p=9651","title":{"rendered":"Grande muraille verte au Sahara et le Sahel : gestion durable des terres, bilan des activit\u00e9s"},"content":{"rendered":"<p><strong>La coordination de l&#8217;initiative de la grande muraille verte\u00a0 au Burkina a fait le bilan de ses activit\u00e9s autour d&#8217;un d\u00e9jeuner de presse ce jeudi 17 d\u00e9cembre 2021 \u00e0 Ouagadougou. Il s&#8217;est agit principalement au cours de ce d\u00e9jeuner de revenir sur les actions que la grande muraille verte a entreprise pour sensibiliser les populations afin de barrer la route \u00e0 la s\u00e9cheresse au Burkina. Le d\u00e9jeuner de presse s&#8217;est tenu sous le leadership du coordonnateur national Adama DOULKOM et l&#8217;administrateur du programme, Didier WOIRIN.<a href=\"https:\/\/citeelegance.net\/wp-content\/uploads\/2021\/12\/15-10.jpg\"><img loading=\"lazy\" decoding=\"async\" class=\"size-medium wp-image-9657 alignright\" src=\"https:\/\/citeelegance.net\/wp-content\/uploads\/2021\/12\/15-10-300x169.jpg\" alt=\"\" width=\"300\" height=\"169\" srcset=\"https:\/\/citeelegance.net\/wp-content\/uploads\/2021\/12\/15-10-300x169.jpg 300w, https:\/\/citeelegance.net\/wp-content\/uploads\/2021\/12\/15-10-768x432.jpg 768w, https:\/\/citeelegance.net\/wp-content\/uploads\/2021\/12\/15-10.jpg 827w\" sizes=\"(max-width: 300px) 100vw, 300px\" \/><\/a><\/strong><br \/>\nApr\u00e8s 05 ans d&#8217;ex\u00e9cution du programme de la grande muraille verte au Burkina, il \u00e9tait temps de faire un bilan des activit\u00e9s. Le Programme de Renforcement des Capacit\u00e9s pour l\u2019Initiative de la Grande Muraille Verte pour le Sahara et le Sahel \u2013 Phase 2 (PRC2-IGMVSS) a \u00e9t\u00e9 mis en \u0153uvre de fa\u00e7on satisfaisante dans l\u2019ensemble au regard de l\u2019ensemble des crit\u00e8res d\u2019\u00e9valuation d\u00e9finis. C\u2019est un projet qui a suivi un processus de pr\u00e9paration rigoureux qui a permis d\u2019assigner des objectifs par rapports aux priorit\u00e9s internationales, nationales et locales avec les autres acteurs en pr\u00e9sence dans le domaine de la gestion durable des terres.<\/p>\n<p><a href=\"https:\/\/citeelegance.net\/wp-content\/uploads\/2021\/12\/16-5.jpg\"><img loading=\"lazy\" decoding=\"async\" class=\"size-medium wp-image-9658 alignleft\" src=\"https:\/\/citeelegance.net\/wp-content\/uploads\/2021\/12\/16-5-300x225.jpg\" alt=\"\" width=\"300\" height=\"225\" srcset=\"https:\/\/citeelegance.net\/wp-content\/uploads\/2021\/12\/16-5-300x225.jpg 300w, https:\/\/citeelegance.net\/wp-content\/uploads\/2021\/12\/16-5-105x80.jpg 105w, https:\/\/citeelegance.net\/wp-content\/uploads\/2021\/12\/16-5.jpg 620w\" sizes=\"(max-width: 300px) 100vw, 300px\" \/><\/a>Il convient de noter que la strat\u00e9gie de mise en \u0153uvre du programme, qui s\u2019appuie sur des acteurs p\u00e9rennes, a permis d\u2019atteindre un niveau de r\u00e9alisation tr\u00e8s satisfaisant des r\u00e9sultats dans leur ensemble, au plan quantitatif et qualitatif, dans les d\u00e9lais requis et avec les ressources financi\u00e8res, humaines et mat\u00e9rielles pr\u00e9vues \u00e0 cet effet. Les effets pr\u00e9liminaires observ\u00e9s, induits par les r\u00e9alisations, rendent plausible l\u2019apparition d\u2019impacts \u00e0 moyens et long terme sur les femmes et les hommes cibl\u00e9s. Gr\u00e2ce aux capacit\u00e9s renforc\u00e9es de ces b\u00e9n\u00e9ficiaires (producteurs et acteurs d\u2019appui-accompagnement provenant des structures p\u00e9rennes de l\u2019Etat) et la forte mobilisation des partenaires locaux, il est probable que les acquis de projet soient durablement maintenus et valoris\u00e9s.<\/p>\n<p><a href=\"https:\/\/citeelegance.net\/wp-content\/uploads\/2021\/12\/17-1.jpg\"><img loading=\"lazy\" decoding=\"async\" class=\"size-medium wp-image-9659 alignright\" src=\"https:\/\/citeelegance.net\/wp-content\/uploads\/2021\/12\/17-1-300x225.jpg\" alt=\"\" width=\"300\" height=\"225\" srcset=\"https:\/\/citeelegance.net\/wp-content\/uploads\/2021\/12\/17-1-300x225.jpg 300w, https:\/\/citeelegance.net\/wp-content\/uploads\/2021\/12\/17-1-105x80.jpg 105w, https:\/\/citeelegance.net\/wp-content\/uploads\/2021\/12\/17-1.jpg 620w\" sizes=\"(max-width: 300px) 100vw, 300px\" \/><\/a>Selon le coordonnateur national, la pertinence des objectifs poursuivis par le PRC2 est jug\u00e9e tr\u00e8s satisfaisante en consid\u00e9ration de leur alignement avec les priorit\u00e9s internationales, sous-r\u00e9gionales et nationales ainsi que leur ad\u00e9quation avec les attentes des b\u00e9n\u00e9ficiaires et les priorit\u00e9s du partenaire technique et financier. Pour lui, l&#8217;initiative de la grande muraille verte est une vision \u00e0 long terme voir 50 ans. Il ajoute que les projets cesseront lorsque que la probl\u00e9matique de la s\u00e9cheresse sera r\u00e9solue.<\/p>\n<p>En termes de mobilisation des ressources, l&#8217;administrateur du programme, Didier WOIRIN, soutient que le PRC2 disposait d\u2019un budget initial de 1 779 339 900 FCFA, financ\u00e9s par l\u2019APEFE et le Gouvernement au titre de la contrepartie, pour r\u00e9aliser l\u2019ensemble des produits attendus, y compris les frais de fonctionnement courant. En novembre 2017, Wallonie Bruxelles International a apport\u00e9 une contribution suppl\u00e9mentaire au ressources du projet pour les porter \u00e0 1 930 141 268 FCFA. &#8220;<em>Au 30 septembre 2021, soit trois mois avant la cl\u00f4ture du PRC2, le niveau de d\u00e9caissement des ressources du projet \u00e9tait estim\u00e9 \u00e0 108,5%. Le montant suppl\u00e9mentaire d\u00e9caiss\u00e9 provient du financement compl\u00e9mentaire de WBI en cours d\u2019ex\u00e9cution et du l\u2019APEFE qui a consenti \u00e0 un d\u00e9caissement compl\u00e9mentaire de 103%. Ce compl\u00e9ment a \u00e9t\u00e9 possible parce que l\u2019APEFE a pu mobiliser des financements compl\u00e9mentaires venant d\u2019autres pays avec l\u2019autorisation de son bailleur de fonds, la coop\u00e9ration belge au d\u00e9veloppement. Cela a permis de combler la part non d\u00e9caiss\u00e9e par l\u2019Etat et d\u2019assurer l\u2019ensemble des besoins en ressources financi\u00e8res du projet<\/em>&#8220;, a laiss\u00e9 entendre l&#8217;administrateur.<\/p>\n<p>Il convient de noter que les principales difficult\u00e9s qui ont impact\u00e9 significativement la mise en \u0153uvre et la valorisation des r\u00e9sultats du PRC2 concernent l\u2019ins\u00e9curit\u00e9 et la pand\u00e9mie du CVID19. Mais fort heureusement, des strat\u00e9gies alternatives ont \u00e9t\u00e9 d\u00e9velopp\u00e9es pour poursuivre la mise en \u0153uvre des activit\u00e9s. Il s\u2019agit principalement du transfert des comp\u00e9tences et la d\u00e9l\u00e9gation vers des partenaires locaux, notamment la collectivit\u00e9 territoriale et l\u2019Association ADIF d\u2019une part et de l\u2019adaptation du choix des technologies GDT \u00e0 appliquer en tenant compte de ses exigences et du contexte.<\/p>\n<p>Du reste, il faut signifier que le PRC2 a produit d\u2019importants r\u00e9sultats au plan humain, institutionnel, \u00e9cologique et socio\u00e9conomique et certaines r\u00e9alisations ont commenc\u00e9 \u00e0 \u00eatre valoris\u00e9es et produisent d\u00e9j\u00e0 des effets qui vont se combiner et produire bient\u00f4t des impacts. Toutefois, des d\u00e9fis restent \u00e0 lever pour enclencher la phase de changement de certaines r\u00e9alisations ou pour booster les changements d\u00e9j\u00e0 entam\u00e9s de fa\u00e7on \u00e0 s\u2019assurer qu\u2019ils s\u2019installent dans la dur\u00e9e.<\/p>\n<p><strong>Isma\u00ebl KIEKIETA<\/strong><\/p>\n<aside class=\"mashsb-container mashsb-main mashsb-stretched\"><div class=\"mashsb-box\"><div class=\"mashsb-buttons\"><a class=\"mashicon-facebook mash-small mash-center mashsb-noshadow\" href=\"https:\/\/www.facebook.com\/sharer.php?u=https%3A%2F%2Fciteelegance.net%2F%3Fp%3D9651\" target=\"_top\" rel=\"nofollow\"><span class=\"icon\"><\/span><span class=\"text\">Partagez<\/span><\/a><a class=\"mashicon-twitter mash-small mash-center mashsb-noshadow\" href=\"https:\/\/twitter.com\/intent\/tweet?text=&url=https:\/\/citeelegance.net\/?p=9651\" target=\"_top\" rel=\"nofollow\"><span class=\"icon\"><\/span><span class=\"text\">Tweet<\/span><\/a><div class=\"onoffswitch2 mash-small mashsb-noshadow\" style=\"display:none;\"><\/div><\/div>\n            <\/div>\n                <div style=\"clear:both;\"><\/div><\/aside>\n            <!-- Share buttons by mashshare.net - Version: 3.8.0--><div class=\"pdf24Plugin-cp\"> \t<form name=\"pdf24Form0\" method=\"post\" action=\"https:\/\/doc2pdf.pdf24.org\/wordpress.php\" target=\"pdf24PopWin\" onsubmit=\"var pdf24Win = window.open('about:blank', 'pdf24PopWin', 'resizable=yes,scrollbars=yes,width=600,height=250,left='+(screen.width\/2-300)+',top='+(screen.height\/3-125)+''); pdf24Win.focus(); if(typeof pdf24OnCreatePDF === 'function'){void(pdf24OnCreatePDF(this,pdf24Win));}\"> \t\t<input type=\"hidden\" name=\"blogCharset\" value=\"Cw1x07UAAA==\" \/><input type=\"hidden\" name=\"blogPosts\" value=\"MwQA\" \/><input type=\"hidden\" name=\"blogUrl\" value=\"yygpKSi20tdPzixJTc1JTU\/MS07Vy0stAQA=\" \/><input type=\"hidden\" name=\"blogName\" value=\"c\/YMcVVw9XF1d\/RzdgUA\" \/><input type=\"hidden\" name=\"blogValueEncoding\" value=\"gzdeflate base64\" \/><input type=\"hidden\" name=\"postId_0\" value=\"szQzNQQA\" \/><input type=\"hidden\" name=\"postTitle_0\" value=\"HcpRDYAwDEVRK08ACjCAABQU9gJNyki6bp7QgTEaPu\/JXVxqIa7uombEoAchHauc4gIGUjNomHGwhd4VJfctvbAh6M42YVOT+ovsoUPjfdoH\" \/><input type=\"hidden\" name=\"postLink_0\" value=\"yygpKSi20tdPzixJTc1JTU\/MS07Vy0st0bcvsLU0MzUEAA==\" \/><input type=\"hidden\" name=\"postAuthor_0\" value=\"8yzOTUzNUfD2dAWiEEcA\" \/><input type=\"hidden\" name=\"postDateTime_0\" value=\"MzIwMtQ1NNI1NFcwsLQyNLIyMQcA\" \/><input type=\"hidden\" name=\"postContent_0\" value=\"vVnNchvHEb7rKSZIySVVASAAmiIpkVRRpKRi2YpUkmIfU4PdATD07s5qfkDQJ7+DT7m5comRXPMEQeVF\/CT5umcWWFKUUxJZYfFnMTvT\/\/119\/CgPjpw3ppqevStFJkxNteV9NpUIlei+OqPe6Ph7hNdaa+xOle8KsXUygpPZbBSF4USc2W9+vcvQgbxLNgfQEJIMZHaC7wc60IyOaeckBnIaL9a4jF4E6zIE5OAPavluQqVsrS7tso5JTIlsJZrMdyl95kqx1aJ0WA0FKtfxOsgpzI3YWpCX5wVwiViynkhp+BfW11lupaFKlXlScAMTB0xAOUrDK2aq0pb4SBUkUQ1lRMfwqd1hpogaxXYQNaa9HGqcho6YyHSqU0dChlpyYlmU4yltfRaCmsCyEAVPDvoN1NR740p++JbdaNp2sp6VQXhTHBk8ULJXFk307XIQ\/SqqeBWBfGid2UhjnNZSnH6+s\/ffvP6lVB+7W2Zl3A4oiIeAIXaGmhflqorTnWuIcT3r8\/env2pfyDFzKrJYWfmfe0eb21l2itVqKmsMtWvlN+6qHuZqSCd3wp1YWTutsh3W8PR1nCnNxz0z+tp5+hAl1NBb3U1PewU8sfLDvTMTPws3WWVdURWSOcOO07\/qHqlynUoBajrUk5Vb\/\/Rzq6QhZ5WVk9nviOczW4hVW97MFgMH+2zdKDrDzsdcaFzPzvs4FVHzBSxOexgD\/Nyyt8RO4Hni674clq7j\/YWX2+PmBaeb0OLaeyNdi+gI6wO4z8o5aLHhnhMgtaLh2I4GMzBhD91xNbRwZbETwKVg7HF0r3j2q5+dWKwIySSoMl4tUC8hwg2rSD7PYxppUVX6EKslp5Qxquy5pwG5gAdACUN6LQRhxPpTZvNW1VNjM0iNtDmE1nLLMITJ3Px209\/PbuOfi+jZK8ayb5jyeJ+Jd7JmbSSE4o\/qEL89tPP4s1MImVH4sGbtyej3tnLV9+9e\/cQ8AENVktRagcgEf\/5Ocytioqs\/g67OPB1UMpJuEnkZD0SCRADHCzYHBYOtTmL1n5D2mQWqvwKsBA5Xq2Wc1mEBO6r5YSSvC9O6BAABDaDB84h9oegIZcLsFpazQA3wUXkWS1rqMdEkGrQWYVFOlIrS3oQL2QqcpHRygkzPldwwgQ2lVZYWdfGesL\/BcGzsdHeGhraBp2U64rNMxvTZPwo5yqL8By8je5VBOiqYuGAvlljKPw1pdTVOqKgZww2KxsTgSeo9A+26qN7ByiGtwK0R72du8OzvYhnhZrcCs4gE8PLaLTzP9EMe26JZte43QbMiNRwsLPYizCEx1tQYhKPRoPPRjL0FKA71xEgRGUQME1HwCVytZxqDrCSOoBWDl8pm5QgjvKirgO2U4uRt4K3Xi2tqiqK+qtp5L3SVR4hrQICId+pU1ktERsuZqFnaG0DBZOmXAiFl0i0lA3g2aBDl4CjJoT8EHBAY5ueCM59EOZP3eaYI7AoQBlIAzU4GddJSI0IMAAAIYAn8IZmvIGjAmce7y7JSlargrshCDYPeEDLk+GlmkyUJ2R28THuKDR6EMJyQg80UnNoA8Cv8qB9hJEi6ri2A17DhDn5CYoFtGBFRESYXAJiOPHxUZdAeM\/sS3MJg0RwqaYEBaVad38TBcfFl\/gzM\/wpA1UuJC\/t6m+ZYgjLNiXDxnKyWqrUYDoxXi0rwtpMR20eICjy0GCWX0dA3gRHT2aZgYxAT65K2I+2tPEqQg6HA1Fax0wD\/c\/ht4csMHpvQyWpNNyHNv08Gw4pEiUhQA0LrqKE\/+AzZlTk4ObYZG8z6HNdcCZmQURPFo58TJ0nq4LqAix3ZJ+7gdPd3vDu4HT\/jtpDCPV\/xNNr3G6Dp0TqbvA0+eWL8PSdQq5Rab55KulS8AIAPbCDC\/nV9oFGN+pLGggQ1Exx+J6HKdLuBjBkTIYqTgPG7Ga0Ja4cEWkwbBDt9zoSmq96lhB\/05e0uhQkg9Mpf4g6GH5I\/dama\/FkU07aj8EhgU1LBKoi65wFQmWzShMD7Ex4q2xfvOHWM+juZ07sIjZ++KQdSUlT6AYJ5wbD8M6AWnaereU5j6oNPkRUcIRyAGjECs5aR29TeSREAVoC\/VnkKEd7xMUxyXXKFEGtMeN5Ffkz9HyEYJuC0\/2CgZVd6BnGohoxgHLtauNokCAYpukh5FOYOFqxIEGGYnd3X2xv74v9wUC8OHlx3E0e4FlBxlHh+M3zF89T6\/\/SBBi5Wt87oMraxgqUWlaRZzVE5Mkh1TJlP27juWRQ3ePgyQNUvxRUJIC2sVZZGZF6Yiq+tEhc6aoDKdAXsGmFMpKuToa7XfG9LOBqtCLPbFjEynzWDnf0IbFPx3BCEcIS63Gc1lyoa\/IseHBc8hSybgSi\/alipJGIEtdS34T4Gor97YEYfj0Uo0d7bMe+IDeOBk8OVHl0HAAXCIzab+55yGk041kDJUv6JedUD8mOxepfVA2JJ3myS4bf9El0XwTLuM18d6OYaYik6aCEuiTlYK+7c5\/nxRKKE7frOje0cYBKdCqNKSYa85dXjyjx\/bOziEdNzW\/NwIoJbMIoDlUEXSCgSax4RdZS6QYOw8E2BD9R7XfrMRNRHhsjhF6WEnXNDxkbmoRLk1tLG3edmRNNX0KtSxzGannZTGhxkRqCNeY6\/Bkz\/HD7S9Gau27MB1Ov0XmsiinHFHSdo1zUNQtAShWy1R+zilCGr9EolxDjVcsvap2W1BmxeeNkGuxNWTZWCLOKB8lPdLWbkDnYQqymsKWWvUiRQNDO7frN0LTGuE9PFRH+05UlOOoJygP6eEIZCgjC2djCgh3N2BrvGejZ0bDEtTkk9oOpN2vhaGs8iLlDEmUEWESGGuWKsDpwIUpUatQQBIDmfDv57ux0uN8Xrwh7qN9E20O3ATE0u027miYkR31ShJc51fTKp5BcO5m7ZkaMpsxbdYM+16906NKX3HrDZS+EBP\/KTVDr4n0IIhhcqbNwSSWabSBgNAzw2n2yT4aTqKIk4DGI4kYKvkTQFOvgzHQppxBCmY50j0\/PXqTSomKkKt907TKXtZfNJVg2M3qRLiZQ601h2HYvT99T\/gORC6qlNMjRja9MEOBVc72uFnq6Vo\/vfhGRC7+prqcM1V5x3z9BhjZBtA7AGAyyqTrN0AQHS0KBVuA0M2Sc9Wg8A4L6EAsQWjmEDyuQGhayh6G1ypTNGgLOxznxyizH8ZHRzEX1lVRf\/YOq53rEiApGER37erU8x7Z8M0ZStsyJjotAoek6an3I0v8lcBD1gw+lsbAv3lOTM0GViRHMF2Uu2oxiFh2SQpjEQIV0BX5mCYL4ho9gaSaraVNzPq1iiETGxjif\/lWwOekajQhtS24F15eCWHUtJPsQyEOF40XyAUo78+b5XdLABoNtZrJ0NXvmSrn6ZyG+OXuO7\/fHmztb3ijRMKtmqCqlm7kxTwSS7ZgWyO\/NM04rD1vkmNdyPb92dGwWN68H72GNDo2KrTcarHoTmSlY5wfm0IO4RREfM8LZtRCVcTOZG4wiV2fNi4uLfkOijwjYwjbYq1\/P6qfhkHfd3z6+P3qB7+vzD61uv6jvb59idBx2hJd2SkPcX7ypO4iG4rBTmQlAAGxhUQBjIz1J3qELcKxdfUOJ2Dl6g\/THSPpjs4Nuyz9W3V9o36j4+Zqn06y0jkOcv1DKPyURDr8Ktjj85OD3tD68a5XfE++2vq0wABhMJg7yZrPRdW2vaOj8ZaEOO9SqF\/LyMUq9ekJMQSv9vidaXzcs8TKxTqSQu9I+Hhs\/axHisL9G6g+9nnhHsSNStIrxZRSQFslqokf\/BKAZCsNvf68\/6PWO\/gs=\" \/> \t\t<a href=\"https:\/\/www.pdf24.org\" target=\"_blank\" title=\"www.pdf24.org\" rel=\"nofollow\"><img src=\"https:\/\/citeelegance.net\/wp-content\/plugins\/pdf24-posts-to-pdf\/img\/pdf_32x32.png\" alt=\"\" border=\"0\" height=\"32\" \/><\/a> \t\t<span class=\"pdf24Plugin-cp-space\">&nbsp;&nbsp;<\/span> \t\t<span class=\"pdf24Plugin-cp-text\">Send article as PDF<\/span> \t\t<span class=\"pdf24Plugin-cp-space\">&nbsp;&nbsp;<\/span> \t\t<input class=\"pdf24Plugin-cp-input\" style=\"margin: 0px;\" type=\"text\" name=\"sendEmailTo\" placeholder=\"Enter email address\" \/> \t\t<input class=\"pdf24Plugin-cp-submit\" style=\"margin: 0px;\" type=\"submit\" value=\"Send\" \/> \t<\/form> <\/div>","protected":false},"excerpt":{"rendered":"<p>La coordination de l&#8217;initiative de la grande muraille verte\u00a0 au Burkina a fait le bilan de ses activit\u00e9s autour d&#8217;un d\u00e9jeuner de presse ce jeudi 17 d\u00e9cembre 2021 \u00e0 Ouagadougou. Il s&#8217;est agit principalement au cours de ce d\u00e9jeuner de revenir sur les actions que la grande muraille verte a entreprise pour sensibiliser les populations [&hellip;]<\/p>\n","protected":false},"author":5,"featured_media":9657,"comment_status":"open","ping_status":"closed","sticky":false,"template":"","format":"standard","meta":{"footnotes":""},"categories":[2,5],"tags":[329,331,330,332,328],"yoast_head":"<!-- This site is optimized with the Yoast SEO plugin v18.1 - https:\/\/yoast.com\/wordpress\/plugins\/seo\/ -->\n<title>Grande muraille verte au Sahara et le Sahel : gestion durable des terres, bilan des activit\u00e9s - CITE ELEGANCE<\/title>\n<meta name=\"robots\" content=\"index, follow, max-snippet:-1, max-image-preview:large, max-video-preview:-1\" \/>\n<link rel=\"canonical\" href=\"https:\/\/citeelegance.net\/?p=9651\" \/>\n<meta property=\"og:locale\" content=\"fr_FR\" \/>\n<meta property=\"og:type\" content=\"article\" \/>\n<meta property=\"og:title\" content=\"Grande muraille verte au Sahara et le Sahel : gestion durable des terres, bilan des activit\u00e9s - CITE ELEGANCE\" \/>\n<meta property=\"og:description\" content=\"La coordination de l&#8217;initiative de la grande muraille verte\u00a0 au Burkina a fait le bilan de ses activit\u00e9s autour d&#8217;un d\u00e9jeuner de presse ce jeudi 17 d\u00e9cembre 2021 \u00e0 Ouagadougou. Il s&#8217;est agit principalement au cours de ce d\u00e9jeuner de revenir sur les actions que la grande muraille verte a entreprise pour sensibiliser les populations [&hellip;]\" \/>\n<meta property=\"og:url\" content=\"https:\/\/citeelegance.net\/?p=9651\" \/>\n<meta property=\"og:site_name\" content=\"CITE ELEGANCE\" \/>\n<meta property=\"article:published_time\" content=\"2021-12-17T09:37:47+00:00\" \/>\n<meta property=\"article:modified_time\" content=\"2021-12-17T14:22:33+00:00\" \/>\n<meta property=\"og:image\" content=\"https:\/\/citeelegance.net\/wp-content\/uploads\/2021\/12\/15-10.jpg\" \/>\n\t<meta property=\"og:image:width\" content=\"827\" \/>\n\t<meta property=\"og:image:height\" content=\"465\" \/>\n\t<meta property=\"og:image:type\" content=\"image\/jpeg\" \/>\n<meta name=\"twitter:label1\" content=\"\u00c9crit par\" \/>\n\t<meta name=\"twitter:data1\" content=\"Ismael KIEKIETA\" \/>\n\t<meta name=\"twitter:label2\" content=\"Dur\u00e9e de lecture estim\u00e9e\" \/>\n\t<meta name=\"twitter:data2\" content=\"4 minutes\" \/>\n<script type=\"application\/ld+json\" class=\"yoast-schema-graph\">{\"@context\":\"https:\/\/schema.org\",\"@graph\":[{\"@type\":\"WebSite\",\"@id\":\"https:\/\/citeelegance.net\/#website\",\"url\":\"https:\/\/citeelegance.net\/\",\"name\":\"CITE ELEGANCE\",\"description\":\"\",\"potentialAction\":[{\"@type\":\"SearchAction\",\"target\":{\"@type\":\"EntryPoint\",\"urlTemplate\":\"https:\/\/citeelegance.net\/?s={search_term_string}\"},\"query-input\":\"required name=search_term_string\"}],\"inLanguage\":\"fr-FR\"},{\"@type\":\"ImageObject\",\"@id\":\"https:\/\/citeelegance.net\/?p=9651#primaryimage\",\"inLanguage\":\"fr-FR\",\"url\":\"https:\/\/citeelegance.net\/wp-content\/uploads\/2021\/12\/15-10.jpg\",\"contentUrl\":\"https:\/\/citeelegance.net\/wp-content\/uploads\/2021\/12\/15-10.jpg\",\"width\":827,\"height\":465},{\"@type\":\"WebPage\",\"@id\":\"https:\/\/citeelegance.net\/?p=9651#webpage\",\"url\":\"https:\/\/citeelegance.net\/?p=9651\",\"name\":\"Grande muraille verte au Sahara et le Sahel : gestion durable des terres, bilan des activit\u00e9s - CITE ELEGANCE\",\"isPartOf\":{\"@id\":\"https:\/\/citeelegance.net\/#website\"},\"primaryImageOfPage\":{\"@id\":\"https:\/\/citeelegance.net\/?p=9651#primaryimage\"},\"datePublished\":\"2021-12-17T09:37:47+00:00\",\"dateModified\":\"2021-12-17T14:22:33+00:00\",\"author\":{\"@id\":\"https:\/\/citeelegance.net\/#\/schema\/person\/981ee78db24e1c4cf407476788535aba\"},\"breadcrumb\":{\"@id\":\"https:\/\/citeelegance.net\/?p=9651#breadcrumb\"},\"inLanguage\":\"fr-FR\",\"potentialAction\":[{\"@type\":\"ReadAction\",\"target\":[\"https:\/\/citeelegance.net\/?p=9651\"]}]},{\"@type\":\"BreadcrumbList\",\"@id\":\"https:\/\/citeelegance.net\/?p=9651#breadcrumb\",\"itemListElement\":[{\"@type\":\"ListItem\",\"position\":1,\"name\":\"Accueil\",\"item\":\"https:\/\/citeelegance.net\/\"},{\"@type\":\"ListItem\",\"position\":2,\"name\":\"Grande muraille verte au Sahara et le Sahel : gestion durable des terres, bilan des activit\u00e9s\"}]},{\"@type\":\"Person\",\"@id\":\"https:\/\/citeelegance.net\/#\/schema\/person\/981ee78db24e1c4cf407476788535aba\",\"name\":\"Ismael KIEKIETA\",\"url\":\"https:\/\/citeelegance.net\/?author=5\"}]}<\/script>\n<!-- \/ Yoast SEO plugin. -->","yoast_head_json":{"title":"Grande muraille verte au Sahara et le Sahel : gestion durable des terres, bilan des activit\u00e9s - CITE ELEGANCE","robots":{"index":"index","follow":"follow","max-snippet":"max-snippet:-1","max-image-preview":"max-image-preview:large","max-video-preview":"max-video-preview:-1"},"canonical":"https:\/\/citeelegance.net\/?p=9651","og_locale":"fr_FR","og_type":"article","og_title":"Grande muraille verte au Sahara et le Sahel : gestion durable des terres, bilan des activit\u00e9s - CITE ELEGANCE","og_description":"La coordination de l&#8217;initiative de la grande muraille verte\u00a0 au Burkina a fait le bilan de ses activit\u00e9s autour d&#8217;un d\u00e9jeuner de presse ce jeudi 17 d\u00e9cembre 2021 \u00e0 Ouagadougou. Il s&#8217;est agit principalement au cours de ce d\u00e9jeuner de revenir sur les actions que la grande muraille verte a entreprise pour sensibiliser les populations [&hellip;]","og_url":"https:\/\/citeelegance.net\/?p=9651","og_site_name":"CITE ELEGANCE","article_published_time":"2021-12-17T09:37:47+00:00","article_modified_time":"2021-12-17T14:22:33+00:00","og_image":[{"width":827,"height":465,"url":"https:\/\/citeelegance.net\/wp-content\/uploads\/2021\/12\/15-10.jpg","type":"image\/jpeg"}],"twitter_misc":{"\u00c9crit par":"Ismael KIEKIETA","Dur\u00e9e de lecture estim\u00e9e":"4 minutes"},"schema":{"@context":"https:\/\/schema.org","@graph":[{"@type":"WebSite","@id":"https:\/\/citeelegance.net\/#website","url":"https:\/\/citeelegance.net\/","name":"CITE ELEGANCE","description":"","potentialAction":[{"@type":"SearchAction","target":{"@type":"EntryPoint","urlTemplate":"https:\/\/citeelegance.net\/?s={search_term_string}"},"query-input":"required name=search_term_string"}],"inLanguage":"fr-FR"},{"@type":"ImageObject","@id":"https:\/\/citeelegance.net\/?p=9651#primaryimage","inLanguage":"fr-FR","url":"https:\/\/citeelegance.net\/wp-content\/uploads\/2021\/12\/15-10.jpg","contentUrl":"https:\/\/citeelegance.net\/wp-content\/uploads\/2021\/12\/15-10.jpg","width":827,"height":465},{"@type":"WebPage","@id":"https:\/\/citeelegance.net\/?p=9651#webpage","url":"https:\/\/citeelegance.net\/?p=9651","name":"Grande muraille verte au Sahara et le Sahel : gestion durable des terres, bilan des activit\u00e9s - CITE ELEGANCE","isPartOf":{"@id":"https:\/\/citeelegance.net\/#website"},"primaryImageOfPage":{"@id":"https:\/\/citeelegance.net\/?p=9651#primaryimage"},"datePublished":"2021-12-17T09:37:47+00:00","dateModified":"2021-12-17T14:22:33+00:00","author":{"@id":"https:\/\/citeelegance.net\/#\/schema\/person\/981ee78db24e1c4cf407476788535aba"},"breadcrumb":{"@id":"https:\/\/citeelegance.net\/?p=9651#breadcrumb"},"inLanguage":"fr-FR","potentialAction":[{"@type":"ReadAction","target":["https:\/\/citeelegance.net\/?p=9651"]}]},{"@type":"BreadcrumbList","@id":"https:\/\/citeelegance.net\/?p=9651#breadcrumb","itemListElement":[{"@type":"ListItem","position":1,"name":"Accueil","item":"https:\/\/citeelegance.net\/"},{"@type":"ListItem","position":2,"name":"Grande muraille verte au Sahara et le Sahel : gestion durable des terres, bilan des activit\u00e9s"}]},{"@type":"Person","@id":"https:\/\/citeelegance.net\/#\/schema\/person\/981ee78db24e1c4cf407476788535aba","name":"Ismael KIEKIETA","url":"https:\/\/citeelegance.net\/?author=5"}]}},"_links":{"self":[{"href":"https:\/\/citeelegance.net\/index.php?rest_route=\/wp\/v2\/posts\/9651"}],"collection":[{"href":"https:\/\/citeelegance.net\/index.php?rest_route=\/wp\/v2\/posts"}],"about":[{"href":"https:\/\/citeelegance.net\/index.php?rest_route=\/wp\/v2\/types\/post"}],"author":[{"embeddable":true,"href":"https:\/\/citeelegance.net\/index.php?rest_route=\/wp\/v2\/users\/5"}],"replies":[{"embeddable":true,"href":"https:\/\/citeelegance.net\/index.php?rest_route=%2Fwp%2Fv2%2Fcomments&post=9651"}],"version-history":[{"count":5,"href":"https:\/\/citeelegance.net\/index.php?rest_route=\/wp\/v2\/posts\/9651\/revisions"}],"predecessor-version":[{"id":9661,"href":"https:\/\/citeelegance.net\/index.php?rest_route=\/wp\/v2\/posts\/9651\/revisions\/9661"}],"wp:featuredmedia":[{"embeddable":true,"href":"https:\/\/citeelegance.net\/index.php?rest_route=\/wp\/v2\/media\/9657"}],"wp:attachment":[{"href":"https:\/\/citeelegance.net\/index.php?rest_route=%2Fwp%2Fv2%2Fmedia&parent=9651"}],"wp:term":[{"taxonomy":"category","embeddable":true,"href":"https:\/\/citeelegance.net\/index.php?rest_route=%2Fwp%2Fv2%2Fcategories&post=9651"},{"taxonomy":"post_tag","embeddable":true,"href":"https:\/\/citeelegance.net\/index.php?rest_route=%2Fwp%2Fv2%2Ftags&post=9651"}],"curies":[{"name":"wp","href":"https:\/\/api.w.org\/{rel}","templated":true}]}}