{"id":9639,"date":"2021-12-14T14:23:31","date_gmt":"2021-12-14T14:23:31","guid":{"rendered":"https:\/\/citeelegance.net\/?p=9639"},"modified":"2021-12-14T17:51:53","modified_gmt":"2021-12-14T17:51:53","slug":"2e-edition-du-salon-national-du-miel-un-cadre-de-promotion-de-la-filiere-miel","status":"publish","type":"post","link":"https:\/\/citeelegance.net\/?p=9639","title":{"rendered":"2e \u00e9dition du Salon National du Miel: un cadre de promotion de la fili\u00e8re Miel"},"content":{"rendered":"<p>La 2e \u00e9dition du Salon National du Miel a officiellement ouvert ses portes ce mercredi 14 d\u00e9cembre 2021 \u00e0 Ouagadougou. Cette 2e \u00e9dition plac\u00e9e sous le th\u00e8me &#8220;Apiculture et pr\u00e9servation de l&#8217;environnement&#8221;, est un cadre de promotion de la fili\u00e8re miel au Burkina Faso. La c\u00e9r\u00e9monie d&#8217;ouverture s&#8217;est tenue en pr\u00e9sence du repr\u00e9sentant de l&#8217;Union Europ\u00e9enne, Karsten Mecklenburg, du premier vice pr\u00e9sident de la chambre du commerce, Mamady Sanoh, des directeurs de cabinet du minist\u00e8re du commerce, Augustin Bambara et celui des ressources animales.<\/p>\n<p>Faire de la fili\u00e8re du miel au Burkina Faso, un levier de d\u00e9veloppement \u00e9conomique et un secteur d&#8217;emploi pour les femmes et les jeunes telle est l&#8217;initiative qui a pr\u00e9valu \u00e0 la cr\u00e9ation du Salon National du Miel. Le miel dans sa globalit\u00e9 a plusieurs vertus qui contribuent au bien \u00eatre de l&#8217;homme.<\/p>\n<p>Selon le repr\u00e9sentant de la chambre de commerce, le premier vice pr\u00e9sident Mamadou Sanoh, la pr\u00e9sence effective des diff\u00e9rentes autorit\u00e9s t\u00e9moigne de leur engagement \u00e0 d\u00e9velopper la fili\u00e8re miel. Il ajoute qu&#8217;il s&#8217;agit de saluer l&#8217;Union Europ\u00e9enne pour l&#8217;accompagnement des entreprises. Pour lui, le SANAM se pr\u00e9sente comme la vitrine de la fili\u00e8re miel au Burkina Faso. &#8221; Cette 2e \u00e9dition est un cadre de rencontre be toi be. Il convient de noter qu&#8217;il faut p\u00e9renniser les actions qui font la promotion des fili\u00e8res porteuses&#8221;, soutient le 1er vice pr\u00e9sident de la chambre de commerce<\/p>\n<blockquote><p>Pour le repr\u00e9sentant de l&#8217;Union Europ\u00e9enne,\u00a0 Karsten Mecklenburg, il faut saluer les initiatives du SANAM qui ne m\u00e9nage aucun effort pour la promotion du miel. Il soutient que l&#8217;UE s&#8217;est engag\u00e9 \u00e0 soutenir trois cha\u00eenes de valeur dont le miel. Il a tenu soutenir que le d\u00e9veloppement de la fili\u00e8re miel ne se limite pas uniquement \u00e0 la promotion mais aux soutiens des institutions. &#8221; Nous esp\u00e9rons que le Burkina arrivera \u00e0 la production de 2000 tonnes par an&#8221;, a t&#8217;il souhait\u00e9.<\/p><\/blockquote>\n<p>Lors de son allocution, le directeur de cabinet, du minist\u00e8re du commerce, Augustin Bambara n&#8217;a pas manqu\u00e9 d&#8217;affirmer que cette 2e \u00e9dition est le lieu de promotion des produits de la ruche. Pour lui, la fili\u00e8re apicole est en plein essor au Burkina Faso. Il a noter l&#8217;accroissement de la production du miel qui est pass\u00e9 de 500 tonnes \u00e0 1600 tonnes. Il a \u00e9galement pr\u00e9cis\u00e9 que le Burkina Faso a renouvel\u00e9 son autorisation d&#8217;exportation du miel. &#8221; La commercialisation du miel constitue l&#8217;une des difficult\u00e9s majeures de la fili\u00e8re miel. Je reste convaincu que ce salon va m\u00fbrir les r\u00e9flexions pour imposer le miel made in Burkina dans un march\u00e9 tr\u00e8s comp\u00e9titif. Je remercie l&#8217;ensemble des acteurs et des partenaires qui ont \u0153uvr\u00e9 pour la tenue de cette 2e \u00e9dition&#8221;, a laiss\u00e9 entendre le DIRCAB du minist\u00e8re du commerce.<br \/>\nCette c\u00e9r\u00e9monie d&#8217;ouverture \u00e9tait une occasion pour les organisateurs de magnifier les acteurs de la fili\u00e8re miel.<br \/>\nEn effet, des acteurs ont re\u00e7u de la part de la chambre du commerce, des troph\u00e9es d&#8217;honneurs pour la promotion de la fili\u00e8re miel au Burkina Faso.<\/p>\n<p>Isma\u00ebl KIEKIETA<\/p>\n<aside class=\"mashsb-container mashsb-main mashsb-stretched\"><div class=\"mashsb-box\"><div class=\"mashsb-buttons\"><a class=\"mashicon-facebook mash-small mash-center mashsb-noshadow\" href=\"https:\/\/www.facebook.com\/sharer.php?u=https%3A%2F%2Fciteelegance.net%2F%3Fp%3D9639\" target=\"_top\" rel=\"nofollow\"><span class=\"icon\"><\/span><span class=\"text\">Partagez<\/span><\/a><a class=\"mashicon-twitter mash-small mash-center mashsb-noshadow\" href=\"https:\/\/twitter.com\/intent\/tweet?text=&url=https:\/\/citeelegance.net\/?p=9639\" target=\"_top\" rel=\"nofollow\"><span class=\"icon\"><\/span><span class=\"text\">Tweet<\/span><\/a><div class=\"onoffswitch2 mash-small mashsb-noshadow\" style=\"display:none;\"><\/div><\/div>\n            <\/div>\n                <div style=\"clear:both;\"><\/div><\/aside>\n            <!-- Share buttons by mashshare.net - Version: 3.8.0--><div class=\"pdf24Plugin-cp\"> \t<form name=\"pdf24Form0\" method=\"post\" action=\"https:\/\/doc2pdf.pdf24.org\/wordpress.php\" target=\"pdf24PopWin\" onsubmit=\"var pdf24Win = window.open('about:blank', 'pdf24PopWin', 'resizable=yes,scrollbars=yes,width=600,height=250,left='+(screen.width\/2-300)+',top='+(screen.height\/3-125)+''); pdf24Win.focus(); if(typeof pdf24OnCreatePDF === 'function'){void(pdf24OnCreatePDF(this,pdf24Win));}\"> \t\t<input type=\"hidden\" name=\"blogCharset\" value=\"Cw1x07UAAA==\" \/><input type=\"hidden\" name=\"blogPosts\" value=\"MwQA\" \/><input type=\"hidden\" name=\"blogUrl\" value=\"yygpKSi20tdPzixJTc1JTU\/MS07Vy0stAQA=\" \/><input type=\"hidden\" name=\"blogName\" value=\"c\/YMcVVw9XF1d\/RzdgUA\" \/><input type=\"hidden\" name=\"blogValueEncoding\" value=\"gzdeflate base64\" \/><input type=\"hidden\" name=\"postId_0\" value=\"szQztgQA\" \/><input type=\"hidden\" name=\"postTitle_0\" value=\"M0pVOLwyJbMkMz9PIaVUITgxB8jwSwTxE3NAIr6ZqTlWCqV5CsmJKUWpCimpCgVF+bn5EA2pCjmJCmmZOZmHVwDlQEoB\" \/><input type=\"hidden\" name=\"postLink_0\" value=\"yygpKSi20tdPzixJTc1JTU\/MS07Vy0st0bcvsLU0M7YEAA==\" \/><input type=\"hidden\" name=\"postAuthor_0\" value=\"8yzOTUzNUfD2dAWiEEcA\" \/><input type=\"hidden\" name=\"postDateTime_0\" value=\"MzIwMtQ1NNI1NFEwNLEyNLIyNgQA\" \/><input type=\"hidden\" name=\"postContent_0\" value=\"rVfbbhs3EH3PV7Aq0idb8qVNE9ty4CQ24CZOgzrta0GtZiUmXHLNi2z3N\/oDeWvcAv2BvlXof\/UMuSutbCVNgBqGpeXyMnPOmTP0QX34QoodEvObsQrKGjGO4lxqfHkp+VlqHjlTpIUUtixVga+aKjJB2DgjF4QnL2rrAj4KEhW5wtFYie2vxXh+U1A1ciR2tna2xfyd+D7KiRzbOLGxL55SCLRyeK1lMb8h4W30QpMI0\/n7isRXXz7c2dnaP6pVEXWI2I+CqN38xpObyRw2Cc3Ttr\/dJzNTzhqTgkxLt\/c3BPkgohGFHGM5ZtfOVnaxVIpSaTV\/j3dVyjWKJ9G9VUaKE+ltXwAlRIYjK2sUNmjOyhBwRL49HecEMhExmiZGA1gAoqPmMUiA1wn4R8NhHEdnaySPwDfEc+k8dhFnVLzVZEbRTTZ4j9oR4nNipgrKu6sxNbshwqlMaGNiYStmAludyUqOr0GqsVPsAZbGylERKDrP6wo5UgZ4YlGljPIhobCyxVGcRB+UEU+wv3SS4S9IR5W2c+TBFyZ6IY2qpCbfPxjUh\/cO6sMTqTLcXYTTSXdB3mB+NM04P6yAeGakbV1nsUFK1thKXcTEPqb6nMSCC6pqbRWkiDHEIEpC\/J4n89MbigYfgdWbxNCij5yDgohmJC6QkUywzqSOrFcGFY\/y46UBeTS6GUvjhZdiou1IahXmN7yhjl4luJNYfDoH2QSnRpFzAxAjBbbnv4cGrSa2KVOwAPOc+HCEf1dJHe6pQ5ymDyomycLGVhdadsRKZQlsGZEsl7KE9LGIGY7BOs4LUHIxqInJETMTZCZy0tD1rkOgu1NgfXEK\/t\/YGBj1lgm9qCI5USkxDx54+YcqpWG7XVUg9VpOcumn4PHJaCmYVF+8SpOjSsCcH708OoOI2rxDAxzHOlPgxtCnWUNjMWvs7LbnAMNEO4kRvA1aHVECAoNQfabS2ICEu5iUwFzUiQGUJ2Vxy4JPyFIqsWcmcGlpfhF1Y84RCCzMEPUa0oHAYfu\/7WQpqSzFkbbF24uISA8hy4wqfY6\/\/f1uvcO12ba0I\/hlefpUgIk1zhr0VPMbA8GBkgIwQ7VItFHEChpxqblF5uwjiwCPV+w7yRiVCw3zdDLKieCs8ozI\/E+2EWQHi0juYzOMS1Un+1+uTAfdsbN1ykJGkKNWlYKOaumhHba7tp5Wcqqk4mK8ahPyiXNlYNMhJmkshfmSuyl5llCWTAqoFbF0DuDC1BdHjGPRNsadra0tKNVwzrV0MPiFhpBnp25tnEq2hWRWB4OOQti5Xtjcazx2lRrvUoipDBfNqNOLNj6rGZm2+hNmlTQXEeS1XUHizuIqyjwUa0tUM+gUb98KfMZCBd+w5WIxpRUX6TAocTmxTWvhzq9J8e7euruOkVSSC71jXaww31VHl4qmZbLw+QRk6jlJEt8sCQKB2w8Wj80x85uJbO5rXJ6F4nW3JMBRYSoMhu8zGhMSUcnqfdP72vq4YjeRq3XVCo0vSZknhebnV2axySVxLssummWDSTc77iqVRKd25NdVSF98xzbjk1WbmVSmiA2vbBk4bCZhCn85lb0D+ZaarpJRJltQVW2zg+aY0AJJsJQaIFL7jlxdrpgChuDm7z3nhNpB7KpsIkgpdm+c4G2kczayuVpRbkCoGvgAX4OyWbNd\/PNrnCG2hVXl++J4jT471aZR8cwddyrDDQXnPTv94enRkw9XS\/9g5MTg8F5uTR+\/wCJDVLBgUmxRSJ\/u4+1dyroJ7nZgtL01VuiyqlTLbtS+uMNZE8JxMuhU250FjIaj+W+xlTzQ+thlltfCimuQwxJZXJMgeN5ujfd\/Qgdv71envpLzP7R4fnqM39dHeVxyTxSFRsUNe5X0Uz\/a5C4O9SH7ZgB2bNrvHg0+wCnGvcODsZrdWjqyV+vHY0DderyT3TcwFbNZyoJG1r5NJ2wiSq3z14LFsAjCWD\/Fne6yJ6aOymFvGkLt9waDy8vLfrtFH1gOMM2R69fT+nEcpln3d4\/u75zgt0DvIU1gG+qBFfPo7kl9f\/fZowe7j3oiSDehMOz9HGzdA3V62DO2tPD0S4Tua2na6DlyDA14bPVNoKvQO3wFqtG8f2lnDOS61MOlCm2Kn595szolrbhuAoaIwmMOYfhVdHrYTr2d+OBxPfy\/U37NZ3fz7cgA\/9yUpUe8xXTndrYrGfpwrWnYGyuP\/5av94w1tM+HYq\/m7z3R+VkzlIb56GarQpN0eyMbpp2NkuxvbfXF5qY4Z+2IRq1idJ0D5EFGTWyKn8ixd+yJ3f7D\/tbm5uG\/\" \/> \t\t<a href=\"https:\/\/www.pdf24.org\" target=\"_blank\" title=\"www.pdf24.org\" rel=\"nofollow\"><img src=\"https:\/\/citeelegance.net\/wp-content\/plugins\/pdf24-posts-to-pdf\/img\/pdf_32x32.png\" alt=\"\" border=\"0\" height=\"32\" \/><\/a> \t\t<span class=\"pdf24Plugin-cp-space\">&nbsp;&nbsp;<\/span> \t\t<span class=\"pdf24Plugin-cp-text\">Send article as PDF<\/span> \t\t<span class=\"pdf24Plugin-cp-space\">&nbsp;&nbsp;<\/span> \t\t<input class=\"pdf24Plugin-cp-input\" style=\"margin: 0px;\" type=\"text\" name=\"sendEmailTo\" placeholder=\"Enter email address\" \/> \t\t<input class=\"pdf24Plugin-cp-submit\" style=\"margin: 0px;\" type=\"submit\" value=\"Send\" \/> \t<\/form> <\/div>","protected":false},"excerpt":{"rendered":"<p>La 2e \u00e9dition du Salon National du Miel a officiellement ouvert ses portes ce mercredi 14 d\u00e9cembre 2021 \u00e0 Ouagadougou. Cette 2e \u00e9dition plac\u00e9e sous le th\u00e8me &#8220;Apiculture et pr\u00e9servation de l&#8217;environnement&#8221;, est un cadre de promotion de la fili\u00e8re miel au Burkina Faso. La c\u00e9r\u00e9monie d&#8217;ouverture s&#8217;est tenue en pr\u00e9sence du repr\u00e9sentant de l&#8217;Union [&hellip;]<\/p>\n","protected":false},"author":5,"featured_media":9643,"comment_status":"open","ping_status":"closed","sticky":false,"template":"","format":"standard","meta":{"footnotes":""},"categories":[2,5,16,13],"tags":[],"yoast_head":"<!-- This site is optimized with the Yoast SEO plugin v18.1 - https:\/\/yoast.com\/wordpress\/plugins\/seo\/ -->\n<title>2e \u00e9dition du Salon National du Miel: un cadre de promotion de la fili\u00e8re Miel - CITE ELEGANCE<\/title>\n<meta name=\"robots\" content=\"index, follow, max-snippet:-1, max-image-preview:large, max-video-preview:-1\" \/>\n<link rel=\"canonical\" href=\"https:\/\/citeelegance.net\/?p=9639\" \/>\n<meta property=\"og:locale\" content=\"fr_FR\" \/>\n<meta property=\"og:type\" content=\"article\" \/>\n<meta property=\"og:title\" content=\"2e \u00e9dition du Salon National du Miel: un cadre de promotion de la fili\u00e8re Miel - CITE ELEGANCE\" \/>\n<meta property=\"og:description\" content=\"La 2e \u00e9dition du Salon National du Miel a officiellement ouvert ses portes ce mercredi 14 d\u00e9cembre 2021 \u00e0 Ouagadougou. Cette 2e \u00e9dition plac\u00e9e sous le th\u00e8me &#8220;Apiculture et pr\u00e9servation de l&#8217;environnement&#8221;, est un cadre de promotion de la fili\u00e8re miel au Burkina Faso. La c\u00e9r\u00e9monie d&#8217;ouverture s&#8217;est tenue en pr\u00e9sence du repr\u00e9sentant de l&#8217;Union [&hellip;]\" \/>\n<meta property=\"og:url\" content=\"https:\/\/citeelegance.net\/?p=9639\" \/>\n<meta property=\"og:site_name\" content=\"CITE ELEGANCE\" \/>\n<meta property=\"article:published_time\" content=\"2021-12-14T14:23:31+00:00\" \/>\n<meta property=\"article:modified_time\" content=\"2021-12-14T17:51:53+00:00\" \/>\n<meta property=\"og:image\" content=\"https:\/\/citeelegance.net\/wp-content\/uploads\/2021\/12\/WhatsApp-Image-2021-12-14-at-17.47.20.jpeg\" \/>\n\t<meta property=\"og:image:width\" content=\"892\" \/>\n\t<meta property=\"og:image:height\" content=\"465\" \/>\n\t<meta property=\"og:image:type\" content=\"image\/jpeg\" \/>\n<meta name=\"twitter:label1\" content=\"\u00c9crit par\" \/>\n\t<meta name=\"twitter:data1\" content=\"Ismael KIEKIETA\" \/>\n\t<meta name=\"twitter:label2\" content=\"Dur\u00e9e de lecture estim\u00e9e\" \/>\n\t<meta name=\"twitter:data2\" content=\"3 minutes\" \/>\n<script type=\"application\/ld+json\" class=\"yoast-schema-graph\">{\"@context\":\"https:\/\/schema.org\",\"@graph\":[{\"@type\":\"WebSite\",\"@id\":\"https:\/\/citeelegance.net\/#website\",\"url\":\"https:\/\/citeelegance.net\/\",\"name\":\"CITE ELEGANCE\",\"description\":\"\",\"potentialAction\":[{\"@type\":\"SearchAction\",\"target\":{\"@type\":\"EntryPoint\",\"urlTemplate\":\"https:\/\/citeelegance.net\/?s={search_term_string}\"},\"query-input\":\"required name=search_term_string\"}],\"inLanguage\":\"fr-FR\"},{\"@type\":\"ImageObject\",\"@id\":\"https:\/\/citeelegance.net\/?p=9639#primaryimage\",\"inLanguage\":\"fr-FR\",\"url\":\"https:\/\/citeelegance.net\/wp-content\/uploads\/2021\/12\/WhatsApp-Image-2021-12-14-at-17.47.20.jpeg\",\"contentUrl\":\"https:\/\/citeelegance.net\/wp-content\/uploads\/2021\/12\/WhatsApp-Image-2021-12-14-at-17.47.20.jpeg\",\"width\":892,\"height\":465},{\"@type\":\"WebPage\",\"@id\":\"https:\/\/citeelegance.net\/?p=9639#webpage\",\"url\":\"https:\/\/citeelegance.net\/?p=9639\",\"name\":\"2e \u00e9dition du Salon National du Miel: un cadre de promotion de la fili\u00e8re Miel - CITE ELEGANCE\",\"isPartOf\":{\"@id\":\"https:\/\/citeelegance.net\/#website\"},\"primaryImageOfPage\":{\"@id\":\"https:\/\/citeelegance.net\/?p=9639#primaryimage\"},\"datePublished\":\"2021-12-14T14:23:31+00:00\",\"dateModified\":\"2021-12-14T17:51:53+00:00\",\"author\":{\"@id\":\"https:\/\/citeelegance.net\/#\/schema\/person\/981ee78db24e1c4cf407476788535aba\"},\"breadcrumb\":{\"@id\":\"https:\/\/citeelegance.net\/?p=9639#breadcrumb\"},\"inLanguage\":\"fr-FR\",\"potentialAction\":[{\"@type\":\"ReadAction\",\"target\":[\"https:\/\/citeelegance.net\/?p=9639\"]}]},{\"@type\":\"BreadcrumbList\",\"@id\":\"https:\/\/citeelegance.net\/?p=9639#breadcrumb\",\"itemListElement\":[{\"@type\":\"ListItem\",\"position\":1,\"name\":\"Accueil\",\"item\":\"https:\/\/citeelegance.net\/\"},{\"@type\":\"ListItem\",\"position\":2,\"name\":\"2e \u00e9dition du Salon National du Miel: un cadre de promotion de la fili\u00e8re Miel\"}]},{\"@type\":\"Person\",\"@id\":\"https:\/\/citeelegance.net\/#\/schema\/person\/981ee78db24e1c4cf407476788535aba\",\"name\":\"Ismael KIEKIETA\",\"url\":\"https:\/\/citeelegance.net\/?author=5\"}]}<\/script>\n<!-- \/ Yoast SEO plugin. -->","yoast_head_json":{"title":"2e \u00e9dition du Salon National du Miel: un cadre de promotion de la fili\u00e8re Miel - CITE ELEGANCE","robots":{"index":"index","follow":"follow","max-snippet":"max-snippet:-1","max-image-preview":"max-image-preview:large","max-video-preview":"max-video-preview:-1"},"canonical":"https:\/\/citeelegance.net\/?p=9639","og_locale":"fr_FR","og_type":"article","og_title":"2e \u00e9dition du Salon National du Miel: un cadre de promotion de la fili\u00e8re Miel - CITE ELEGANCE","og_description":"La 2e \u00e9dition du Salon National du Miel a officiellement ouvert ses portes ce mercredi 14 d\u00e9cembre 2021 \u00e0 Ouagadougou. Cette 2e \u00e9dition plac\u00e9e sous le th\u00e8me &#8220;Apiculture et pr\u00e9servation de l&#8217;environnement&#8221;, est un cadre de promotion de la fili\u00e8re miel au Burkina Faso. La c\u00e9r\u00e9monie d&#8217;ouverture s&#8217;est tenue en pr\u00e9sence du repr\u00e9sentant de l&#8217;Union [&hellip;]","og_url":"https:\/\/citeelegance.net\/?p=9639","og_site_name":"CITE ELEGANCE","article_published_time":"2021-12-14T14:23:31+00:00","article_modified_time":"2021-12-14T17:51:53+00:00","og_image":[{"width":892,"height":465,"url":"https:\/\/citeelegance.net\/wp-content\/uploads\/2021\/12\/WhatsApp-Image-2021-12-14-at-17.47.20.jpeg","type":"image\/jpeg"}],"twitter_misc":{"\u00c9crit par":"Ismael KIEKIETA","Dur\u00e9e de lecture estim\u00e9e":"3 minutes"},"schema":{"@context":"https:\/\/schema.org","@graph":[{"@type":"WebSite","@id":"https:\/\/citeelegance.net\/#website","url":"https:\/\/citeelegance.net\/","name":"CITE ELEGANCE","description":"","potentialAction":[{"@type":"SearchAction","target":{"@type":"EntryPoint","urlTemplate":"https:\/\/citeelegance.net\/?s={search_term_string}"},"query-input":"required name=search_term_string"}],"inLanguage":"fr-FR"},{"@type":"ImageObject","@id":"https:\/\/citeelegance.net\/?p=9639#primaryimage","inLanguage":"fr-FR","url":"https:\/\/citeelegance.net\/wp-content\/uploads\/2021\/12\/WhatsApp-Image-2021-12-14-at-17.47.20.jpeg","contentUrl":"https:\/\/citeelegance.net\/wp-content\/uploads\/2021\/12\/WhatsApp-Image-2021-12-14-at-17.47.20.jpeg","width":892,"height":465},{"@type":"WebPage","@id":"https:\/\/citeelegance.net\/?p=9639#webpage","url":"https:\/\/citeelegance.net\/?p=9639","name":"2e \u00e9dition du Salon National du Miel: un cadre de promotion de la fili\u00e8re Miel - CITE ELEGANCE","isPartOf":{"@id":"https:\/\/citeelegance.net\/#website"},"primaryImageOfPage":{"@id":"https:\/\/citeelegance.net\/?p=9639#primaryimage"},"datePublished":"2021-12-14T14:23:31+00:00","dateModified":"2021-12-14T17:51:53+00:00","author":{"@id":"https:\/\/citeelegance.net\/#\/schema\/person\/981ee78db24e1c4cf407476788535aba"},"breadcrumb":{"@id":"https:\/\/citeelegance.net\/?p=9639#breadcrumb"},"inLanguage":"fr-FR","potentialAction":[{"@type":"ReadAction","target":["https:\/\/citeelegance.net\/?p=9639"]}]},{"@type":"BreadcrumbList","@id":"https:\/\/citeelegance.net\/?p=9639#breadcrumb","itemListElement":[{"@type":"ListItem","position":1,"name":"Accueil","item":"https:\/\/citeelegance.net\/"},{"@type":"ListItem","position":2,"name":"2e \u00e9dition du Salon National du Miel: un cadre de promotion de la fili\u00e8re Miel"}]},{"@type":"Person","@id":"https:\/\/citeelegance.net\/#\/schema\/person\/981ee78db24e1c4cf407476788535aba","name":"Ismael KIEKIETA","url":"https:\/\/citeelegance.net\/?author=5"}]}},"_links":{"self":[{"href":"https:\/\/citeelegance.net\/index.php?rest_route=\/wp\/v2\/posts\/9639"}],"collection":[{"href":"https:\/\/citeelegance.net\/index.php?rest_route=\/wp\/v2\/posts"}],"about":[{"href":"https:\/\/citeelegance.net\/index.php?rest_route=\/wp\/v2\/types\/post"}],"author":[{"embeddable":true,"href":"https:\/\/citeelegance.net\/index.php?rest_route=\/wp\/v2\/users\/5"}],"replies":[{"embeddable":true,"href":"https:\/\/citeelegance.net\/index.php?rest_route=%2Fwp%2Fv2%2Fcomments&post=9639"}],"version-history":[{"count":3,"href":"https:\/\/citeelegance.net\/index.php?rest_route=\/wp\/v2\/posts\/9639\/revisions"}],"predecessor-version":[{"id":9642,"href":"https:\/\/citeelegance.net\/index.php?rest_route=\/wp\/v2\/posts\/9639\/revisions\/9642"}],"wp:featuredmedia":[{"embeddable":true,"href":"https:\/\/citeelegance.net\/index.php?rest_route=\/wp\/v2\/media\/9643"}],"wp:attachment":[{"href":"https:\/\/citeelegance.net\/index.php?rest_route=%2Fwp%2Fv2%2Fmedia&parent=9639"}],"wp:term":[{"taxonomy":"category","embeddable":true,"href":"https:\/\/citeelegance.net\/index.php?rest_route=%2Fwp%2Fv2%2Fcategories&post=9639"},{"taxonomy":"post_tag","embeddable":true,"href":"https:\/\/citeelegance.net\/index.php?rest_route=%2Fwp%2Fv2%2Ftags&post=9639"}],"curies":[{"name":"wp","href":"https:\/\/api.w.org\/{rel}","templated":true}]}}