{"id":905,"date":"2018-11-12T17:11:21","date_gmt":"2018-11-12T16:11:21","guid":{"rendered":"http:\/\/citeelegance.net\/?p=905"},"modified":"2018-11-12T17:15:12","modified_gmt":"2018-11-12T16:15:12","slug":"litterature-commemoration-de-7eme-rentree-litteraire-faso","status":"publish","type":"post","link":"https:\/\/citeelegance.net\/?p=905","title":{"rendered":"Litt\u00e9rature : Comm\u00e9moration de la 7\u00e8me rentr\u00e9e litt\u00e9raire du Faso"},"content":{"rendered":"<p><strong><em>La soci\u00e9t\u00e9 des Auteurs, des Gens de l\u2019Ecrit et des Savoir (SAGES) a organis\u00e9 le vendredi 9 novembre 2018 sa 7<sup>\u00e8me<\/sup> rentr\u00e9e litt\u00e9raire du Faso au centre national des archives. Cette rentr\u00e9e a \u00e9t\u00e9 plac\u00e9e sous le th\u00e8me \u00ab Contribution de l\u2019\u00e9crivain et de l\u2019intellectuel \u00e0 la lutte contre le radicalisme et l\u2019extr\u00e9misme violent \u00bb. <\/em><\/strong><\/p>\n<p>Ce vendredi 9 novembre 2018, la SAGES a organis\u00e9 sa 7<sup>\u00e8me<\/sup> rentr\u00e9e litt\u00e9raire sous le th\u00e8me de \u00ab Contribution de l\u2019\u00e9crivain et de l\u2019intellectuel \u00e0 la lutte contre le radicalisme et l\u2019extr\u00e9misme violent \u00bb. Cette rentr\u00e9e a \u00e9t\u00e9 marqu\u00e9e par la pr\u00e9sence des personnalit\u00e9s du monde de la culture \u00e0 savoir le pr\u00e9sident de la soci\u00e9t\u00e9 des Auteurs, des Gens de l\u2019Ecrit et des Savoir, M. Koba Boubacar Dao et du laur\u00e9at du Grand prix litt\u00e9raire d\u2019Afrique noire 2017, le dramaturge Aristide Tarnagda. Le ministre de la s\u00e9curit\u00e9, par ailleurs parrain de la c\u00e9r\u00e9monie M. Cl\u00e9ment Sawadogo a rehauss\u00e9 la solennit\u00e9 de ladite rentr\u00e9e.<\/p>\n<p>Le laur\u00e9at du grand prix litt\u00e9raire d\u2019Afrique noire 2017, le dramaturge Aristide Tarnagda, dans son allocution, a remerci\u00e9 la SAGES pour tout l\u2019hommage rendu.\u00a0 Le th\u00e8me a \u00e9t\u00e9 choisi par ce que : <em>\u00ab nous ne pouvons pas \u00e9crire aujourd\u2019hui en litt\u00e9rature sans tenir compte du contexte de notre environnement. Ce contexte peut nous emp\u00eacher d\u2019\u00e9crire ou peut nous inspirer. C\u2019est pour dire que nous devons r\u00e9fl\u00e9chir sur notre r\u00f4le d\u2019auteur, d\u2019\u00e9crivain, d\u2019intellectuel, ce que nous pouvons faire pour accompagner la lutte contre le radicalisme et l\u2019extr\u00e9misme violent. <a href=\"http:\/\/citeelegance.net\/wp-content\/uploads\/2018\/11\/IMAG0466.jpg\"><img loading=\"lazy\" decoding=\"async\" class=\"size-medium wp-image-908 alignright\" src=\"http:\/\/citeelegance.net\/wp-content\/uploads\/2018\/11\/IMAG0466-300x169.jpg\" alt=\"\" width=\"300\" height=\"169\" srcset=\"https:\/\/citeelegance.net\/wp-content\/uploads\/2018\/11\/IMAG0466-300x169.jpg 300w, https:\/\/citeelegance.net\/wp-content\/uploads\/2018\/11\/IMAG0466-768x432.jpg 768w, https:\/\/citeelegance.net\/wp-content\/uploads\/2018\/11\/IMAG0466-1024x576.jpg 1024w\" sizes=\"(max-width: 300px) 100vw, 300px\" \/><\/a>C\u2019est donc un peu dans ce cadre que nous avons voulu r\u00e9fl\u00e9chir \u00e0 cette situation que le Burkina Faso traverse avec bien d\u2019autres pays \u00bb<\/em>, dixit le pr\u00e9sident de la SAGES, M. Koba Boubacar Dao. L\u2019\u00e9criture joue un r\u00f4le important dans la lutte contre le radicalisme et l\u2019extr\u00e9misme violent. A cet effet, le pr\u00e9sident de la SAGES affirme <em>: \u00ab les \u00e9crivains, les auteurs et intellectuels que nous sommes, avons toujours une contribution \u00e0 apporter \u00e0 notre soci\u00e9t\u00e9 \u00bb.<\/em><\/p>\n<p>Le Ministre de la s\u00e9curit\u00e9, M. Cl\u00e9ment Sawadogo lors de son allocution a d\u2019abord soulign\u00e9 que l\u2019activit\u00e9 organis\u00e9e est digne d\u2019int\u00e9r\u00eat, <em>\u00ab le th\u00e8me de la 7<sup>\u00e8me<\/sup> rentr\u00e9e ne laisse personne indiff\u00e9rent, quand il est en face d\u2019un monde de plus en plus menac\u00e9 par la radicalisation et l\u2019extr\u00e9misme qui met en \u00e9preuve la paix et la stabilit\u00e9 \u00bb.\u00a0 <\/em>Pour lui les hommes de lettre et les intellectuels ne sauraient se complaire face au radicalisme et \u00e0 l\u2019extr\u00e9misme violent. Il cite : <em>\u00ab le radicalisme et l\u2019extr\u00e9misme violent sont des modes d\u2019action qui sont contraire aux principes de la libert\u00e9 et de la d\u00e9mocratie<\/em>\u00a0\u00bb.<\/p>\n<p>Les \u00e9crivains contribuent \u00e0 l\u2019\u00e9mergence d\u2019une litt\u00e9rature en relation avec les pr\u00e9occupations quotidiennes des Burkinab\u00e8. <em>\u00ab Le contexte s\u00e9curitaire que nous traversons doit nous interpeller, et pour y faire face, il faudrait des actions multiples et multiformes, individuelles et collectives ; ce combat n\u2019est pas seulement celui du gouvernement ni du parlement ni des forces de d\u00e9fense et de s\u00e9curit\u00e9. Le travail intellectuel n\u2019a toute sa valeur que quand il r\u00e9sulte du besoin de la nature humaine \u00bb<\/em>, a conclu, le ministre de la s\u00e9curit\u00e9.<\/p>\n<p>Il faut noter que la 7<sup>\u00e8me<\/sup> rentr\u00e9e de la litt\u00e9rature du Faso a \u00e9t\u00e9 anim\u00e9e par des communications, des expositions de livres et un hommage \u00e0 Aristide Tarnagda\u00a0 du 9 au 10 novembre 2018.<\/p>\n<p><strong>\u00a0\u00a0\u00a0\u00a0\u00a0\u00a0\u00a0\u00a0\u00a0\u00a0\u00a0\u00a0\u00a0\u00a0\u00a0\u00a0\u00a0\u00a0\u00a0\u00a0\u00a0\u00a0\u00a0\u00a0\u00a0\u00a0\u00a0\u00a0\u00a0\u00a0\u00a0\u00a0\u00a0\u00a0\u00a0\u00a0\u00a0\u00a0\u00a0\u00a0\u00a0\u00a0\u00a0 Assata Sinar\u00e9 et Isma\u00ebl Kiekieta (stagiaires)<\/strong><\/p>\n<p>&nbsp;<\/p>\n<aside class=\"mashsb-container mashsb-main mashsb-stretched\"><div class=\"mashsb-box\"><div class=\"mashsb-buttons\"><a class=\"mashicon-facebook mash-small mash-center mashsb-noshadow\" href=\"https:\/\/www.facebook.com\/sharer.php?u=https%3A%2F%2Fciteelegance.net%2F%3Fp%3D905\" target=\"_top\" rel=\"nofollow\"><span class=\"icon\"><\/span><span class=\"text\">Partagez<\/span><\/a><a class=\"mashicon-twitter mash-small mash-center mashsb-noshadow\" href=\"https:\/\/twitter.com\/intent\/tweet?text=&url=https:\/\/citeelegance.net\/?p=905\" target=\"_top\" rel=\"nofollow\"><span class=\"icon\"><\/span><span class=\"text\">Tweet<\/span><\/a><div class=\"onoffswitch2 mash-small mashsb-noshadow\" style=\"display:none;\"><\/div><\/div>\n            <\/div>\n                <div style=\"clear:both;\"><\/div><\/aside>\n            <!-- Share buttons by mashshare.net - Version: 3.8.0--><div class=\"pdf24Plugin-cp\"> \t<form name=\"pdf24Form0\" method=\"post\" action=\"https:\/\/doc2pdf.pdf24.org\/wordpress.php\" target=\"pdf24PopWin\" onsubmit=\"var pdf24Win = window.open('about:blank', 'pdf24PopWin', 'resizable=yes,scrollbars=yes,width=600,height=250,left='+(screen.width\/2-300)+',top='+(screen.height\/3-125)+''); pdf24Win.focus(); if(typeof pdf24OnCreatePDF === 'function'){void(pdf24OnCreatePDF(this,pdf24Win));}\"> \t\t<input type=\"hidden\" name=\"blogCharset\" value=\"Cw1x07UAAA==\" \/><input type=\"hidden\" name=\"blogPosts\" value=\"MwQA\" \/><input type=\"hidden\" name=\"blogUrl\" value=\"yygpKSi20tdPzixJTc1JTU\/MS07Vy0stAQA=\" \/><input type=\"hidden\" name=\"blogName\" value=\"c\/YMcVVw9XF1d\/RzdgUA\" \/><input type=\"hidden\" name=\"blogValueEncoding\" value=\"gzdeflate base64\" \/><input type=\"hidden\" name=\"postId_0\" value=\"szQwBQA=\" \/><input type=\"hidden\" name=\"postTitle_0\" value=\"88ksKTm8siixpLQoVcFKwTk\/N\/fwytx8oEBmfp5CSqpCTqKC+eEVuakKRal5JUWHVwJFoFoygTpSShXcEovzAQ==\" \/><input type=\"hidden\" name=\"postLink_0\" value=\"yygpKSi20tdPzixJTc1JTU\/MS07Vy0st0bcvsLU0MAUA\" \/><input type=\"hidden\" name=\"postAuthor_0\" value=\"805MSS0CAA==\" \/><input type=\"hidden\" name=\"postDateTime_0\" value=\"MzIwtNA1NNQ1NFIwNLcyNLQyMgQA\" \/><input type=\"hidden\" name=\"postContent_0\" value=\"xVjLbhw3Ft3nKzgNOLCBfklybEtWt6E4sWHEBgIomO2AXcXuYswiy3x0t7ya35idl1Gynd3s3H+SL8m5l1X9UKQgE3swtiFXsVi8j3Puvad03kzPQ\/TOLqbnqp6+liK4Qm+u4+ZalCqIixRV8qHPNy+VDbgQ5td\/\/uvbwusoVOQHl3LptBf3Ly9efnv5QEjh\/EJaHXCIUWKpbOlVqcWpsG6p6plX4nh89EQEKR6fh9RMNz\/V6nxEV8IrG\/3mGkZ0hBNeauwuk3ghgxMyiYKeK2Fl1M5Kw+alLyq9VGEonqsY1e4MKXIkjZEF3QeXAnkUK7IoPv4injts1bNEp3Whba4R21Jqm8PjNW2jMkYVMSkjNh+EkcIkslU49geHelnqQhodcDJepLfUmvyoeWmpnYFf4uN\/huJ8hFwj4Dbxo2b6xXkzfX53qvpkkLN7kNw\/ncAbgZf\/x9jvgKiW\/l2ihUZ6stDgaVC2UIxwo3xwFnhr7A3Eh9rZkgPB3iKZmOAIfAuZiXCJD9Almc27\/jqx++LNUHznZlJ87dJMFvDwG+l4T8LJCZYkX7\/00pawrNeH9MWxF3Ov3yUQ1+mM6eM+eVl6WUs4v1DiwusQ4bD4QXorF6UcitdK1BpQU5bbIABQ8pSFPmdKaiCDOOjGE2xtRmAayXdWK\/L9ucENZeJSrmTpFqgkIFDJFLhEKTfAx+qcHCyUeg+jYUfQ1+og2sVnjRZISKAAmIU0xhVMyz47WitP0O1qoHHJi+hSZlrl6lou2N8yDT9+oLS1RO\/YVVROB80ZA6PIszNB\/Q5VYKk0rKIzl85SIoPgKoDjMv0ISxRQlbRQdhsn0y2Qv1FZ8K1wdRO5T1FNgPqMl3UEnLJLjTq3ihAg\/u\/2NAohsAOqbjY\/F5XynL7Ovkt7W7QNDRY9jqDyCjGnoaSNOdeJSMxBAKM5MEdb9CJgU\/bEb\/5tMj6S2d\/fGaOSz7f71d7vssVndxmaM8xsXBYUuVxY5f96W0A\/lKLyaj7pVTE2Z6NRAfopo9DmCjW0Ko5WzYCTZuMoNcbJMoyoLY6Ojkav3ly8HD989Gj4Y7PoTc91vRC0QdvFpGfk+6seclK4fC\/DlS16ojAyhEkv6PdqUKPbplrAgCYSDU7HT8A\/vbBeL6rYE8EXn+TW4GQ8Xh89OmX3cHKc9HpipctYTXp41BOVIkOTHvawtaBiNhg+g0WB61VffNJxjx89WT88OebjcP2pxx2Njx+uv3rMeAm6WSFsIAFA7tdyPeDcnJHjzfoBNoyXsMh3PTHCrJTTjv6ls4VIlkok9w6QtZDlfjlIJuzSJZMOagKTouA5FHRMLCX4HVD26+Tfaiuz3oheLjF50AiWqhAzjQ7QVo+noSSvAkYaD3PUjl5jbtw2eLhn3T5D0OK7CuSWgnajKKRcqbpunI+SDqLwPqHALihcoeZzFft3+yjkfK493qPWeEYSwai2GVJ\/CH2+z70jkL39XhF2WQ9oyAq7c\/bRp6mLBsTVut5pDqAgGwpRMSK5Se3GNNRCK5S24+fN3dPw1jFnnOfBfjhVMBYYxpnzJUkjKnfYYwbQehH1kmfhVmkhu0Q47FNdk6QJ+zOy2Y6RA3Fl\/kiXWXquQ1CdqgHQttTzOU7Enj78oLmqDdsE5eayyFZBjK3saQxNDZv\/R9AkcDvttGVFZvYtxHiHcVYrPn1z3XiVlux0IzHLaTtSG+VMs9wiHDBUGYrvqekbvExEqBhmjhe15DMDVbjBCkuDMkEaEDBB8ag0PEE4Lkj6GyQmhXkXj18ZQU1nN73\/vPZEprOmqx39LFugufJ1fsrklHnwr0nY2EI3bYSoPT1TnvKhuqIpSWIVUANacXY+fmDKdmzdL50t8cmVNkIiK6SQ3aKrDvUFwPHKZAy5AVFyqXJdUaSG16noHGQUkmvZ0dA1sNnmp2GXpNd7kqMrGXkgG9pGRweWTm8FBwqzISihFFQrN67a8U\/g9Ymkc5kg63TObc4ocgxFrhvyF+\/xzdx57glE9aUuEx3LTwvHXKHvN\/GUW7irZxCYthM50GNBJcPyCc+JfSQ+IUaUz6JKWF4C+83uHsfBZpHhA1JzaHzVYrfrG6yxKXoI6QPisn3JIpMILJaSdDZnbFuf1EQRG+u+mQpuK79tBrBKNbBXuxkhCYfCJO7Bdyr7LYVecXYJDeqQ3J7+qLF0NN2j0PbDudXB6GZ195FFGUKu62RRPgxb\/hhS68ZhLDKOdKRe+owU2k8ntcHg3wl49AiYO6WKPhoffr5uI+p+14BK+R\/8FRcBLQ\/DDPz3uVBfhVpufjHiO63eaoVn99HYFpooHB787gv8SzsLzdN8J2k+dlKxlqEKMxY3hKgX7QLh210TlhESvoQKBcdvvDpz69vXMdGRaTyT+080TA2oxmbOvWULA0RiTL6kX4LsnLAuVBh30FE7EU3ybLVaDbsjhkB6hG30\/dBUzbM04V33Ti7uHb\/Av5tSjlZPXjT3Tr45HX\/VE1GiUUGX\/iO6pkddadKzbo7KhVWA2kjbOU+O9+h3G1g7fEL9pzf9XkLRLNT7bgf03C2RxxVY3Eb43wfevs0x6yxH40qp+IxcmHyZvJncKWGfNZPPHPEPZHo\/3D0SOJw5D3C3qI5vBnsQYIhXRk16pQ4Ynldn1ln1lIzirPbnF2Lvzy1LvEym26MKo6Q\/m7lY7R3EpL9x1N8GA3FJzBEtV8XsKjtIi5Q0MRB\/x\/RAx4BuHz4ZjgeD6W8=\" \/> \t\t<a href=\"https:\/\/www.pdf24.org\" target=\"_blank\" title=\"www.pdf24.org\" rel=\"nofollow\"><img src=\"https:\/\/citeelegance.net\/wp-content\/plugins\/pdf24-posts-to-pdf\/img\/pdf_32x32.png\" alt=\"\" border=\"0\" height=\"32\" \/><\/a> \t\t<span class=\"pdf24Plugin-cp-space\">&nbsp;&nbsp;<\/span> \t\t<span class=\"pdf24Plugin-cp-text\">Send article as PDF<\/span> \t\t<span class=\"pdf24Plugin-cp-space\">&nbsp;&nbsp;<\/span> \t\t<input class=\"pdf24Plugin-cp-input\" style=\"margin: 0px;\" type=\"text\" name=\"sendEmailTo\" placeholder=\"Enter email address\" \/> \t\t<input class=\"pdf24Plugin-cp-submit\" style=\"margin: 0px;\" type=\"submit\" value=\"Send\" \/> \t<\/form> <\/div>","protected":false},"excerpt":{"rendered":"<p>La soci\u00e9t\u00e9 des Auteurs, des Gens de l\u2019Ecrit et des Savoir (SAGES) a organis\u00e9 le vendredi 9 novembre 2018 sa 7\u00e8me rentr\u00e9e litt\u00e9raire du Faso au centre national des archives. Cette rentr\u00e9e a \u00e9t\u00e9 plac\u00e9e sous le th\u00e8me \u00ab Contribution de l\u2019\u00e9crivain et de l\u2019intellectuel \u00e0 la lutte contre le radicalisme et l\u2019extr\u00e9misme violent \u00bb. [&hellip;]<\/p>\n","protected":false},"author":3,"featured_media":906,"comment_status":"open","ping_status":"open","sticky":false,"template":"","format":"standard","meta":{"footnotes":""},"categories":[2,13],"tags":[],"yoast_head":"<!-- This site is optimized with the Yoast SEO plugin v18.1 - https:\/\/yoast.com\/wordpress\/plugins\/seo\/ -->\n<title>Litt\u00e9rature : Comm\u00e9moration de la 7\u00e8me rentr\u00e9e litt\u00e9raire du Faso - CITE ELEGANCE<\/title>\n<meta name=\"robots\" content=\"index, follow, max-snippet:-1, max-image-preview:large, max-video-preview:-1\" \/>\n<link rel=\"canonical\" href=\"https:\/\/citeelegance.net\/?p=905\" \/>\n<meta property=\"og:locale\" content=\"fr_FR\" \/>\n<meta property=\"og:type\" content=\"article\" \/>\n<meta property=\"og:title\" content=\"Litt\u00e9rature : Comm\u00e9moration de la 7\u00e8me rentr\u00e9e litt\u00e9raire du Faso - CITE ELEGANCE\" \/>\n<meta property=\"og:description\" content=\"La soci\u00e9t\u00e9 des Auteurs, des Gens de l\u2019Ecrit et des Savoir (SAGES) a organis\u00e9 le vendredi 9 novembre 2018 sa 7\u00e8me rentr\u00e9e litt\u00e9raire du Faso au centre national des archives. Cette rentr\u00e9e a \u00e9t\u00e9 plac\u00e9e sous le th\u00e8me \u00ab Contribution de l\u2019\u00e9crivain et de l\u2019intellectuel \u00e0 la lutte contre le radicalisme et l\u2019extr\u00e9misme violent \u00bb. [&hellip;]\" \/>\n<meta property=\"og:url\" content=\"https:\/\/citeelegance.net\/?p=905\" \/>\n<meta property=\"og:site_name\" content=\"CITE ELEGANCE\" \/>\n<meta property=\"article:published_time\" content=\"2018-11-12T16:11:21+00:00\" \/>\n<meta property=\"article:modified_time\" content=\"2018-11-12T16:15:12+00:00\" \/>\n<meta property=\"og:image\" content=\"https:\/\/citeelegance.net\/wp-content\/uploads\/2018\/11\/ok-1-1024x576.jpg\" \/>\n\t<meta property=\"og:image:width\" content=\"1024\" \/>\n\t<meta property=\"og:image:height\" content=\"576\" \/>\n\t<meta property=\"og:image:type\" content=\"image\/jpeg\" \/>\n<meta name=\"twitter:label1\" content=\"\u00c9crit par\" \/>\n\t<meta name=\"twitter:data1\" content=\"Kader\" \/>\n\t<meta name=\"twitter:label2\" content=\"Dur\u00e9e de lecture estim\u00e9e\" \/>\n\t<meta name=\"twitter:data2\" content=\"3 minutes\" \/>\n<script type=\"application\/ld+json\" class=\"yoast-schema-graph\">{\"@context\":\"https:\/\/schema.org\",\"@graph\":[{\"@type\":\"WebSite\",\"@id\":\"https:\/\/citeelegance.net\/#website\",\"url\":\"https:\/\/citeelegance.net\/\",\"name\":\"CITE ELEGANCE\",\"description\":\"\",\"potentialAction\":[{\"@type\":\"SearchAction\",\"target\":{\"@type\":\"EntryPoint\",\"urlTemplate\":\"https:\/\/citeelegance.net\/?s={search_term_string}\"},\"query-input\":\"required name=search_term_string\"}],\"inLanguage\":\"fr-FR\"},{\"@type\":\"ImageObject\",\"@id\":\"https:\/\/citeelegance.net\/?p=905#primaryimage\",\"inLanguage\":\"fr-FR\",\"url\":\"https:\/\/citeelegance.net\/wp-content\/uploads\/2018\/11\/ok-1.jpg\",\"contentUrl\":\"https:\/\/citeelegance.net\/wp-content\/uploads\/2018\/11\/ok-1.jpg\",\"width\":4208,\"height\":2368,\"caption\":\"CE\"},{\"@type\":\"WebPage\",\"@id\":\"https:\/\/citeelegance.net\/?p=905#webpage\",\"url\":\"https:\/\/citeelegance.net\/?p=905\",\"name\":\"Litt\u00e9rature : Comm\u00e9moration de la 7\u00e8me rentr\u00e9e litt\u00e9raire du Faso - CITE ELEGANCE\",\"isPartOf\":{\"@id\":\"https:\/\/citeelegance.net\/#website\"},\"primaryImageOfPage\":{\"@id\":\"https:\/\/citeelegance.net\/?p=905#primaryimage\"},\"datePublished\":\"2018-11-12T16:11:21+00:00\",\"dateModified\":\"2018-11-12T16:15:12+00:00\",\"author\":{\"@id\":\"https:\/\/citeelegance.net\/#\/schema\/person\/e06163d4cd2cfc8a3cfc96dc84443ae4\"},\"breadcrumb\":{\"@id\":\"https:\/\/citeelegance.net\/?p=905#breadcrumb\"},\"inLanguage\":\"fr-FR\",\"potentialAction\":[{\"@type\":\"ReadAction\",\"target\":[\"https:\/\/citeelegance.net\/?p=905\"]}]},{\"@type\":\"BreadcrumbList\",\"@id\":\"https:\/\/citeelegance.net\/?p=905#breadcrumb\",\"itemListElement\":[{\"@type\":\"ListItem\",\"position\":1,\"name\":\"Accueil\",\"item\":\"https:\/\/citeelegance.net\/\"},{\"@type\":\"ListItem\",\"position\":2,\"name\":\"Litt\u00e9rature : Comm\u00e9moration de la 7\u00e8me rentr\u00e9e litt\u00e9raire du Faso\"}]},{\"@type\":\"Person\",\"@id\":\"https:\/\/citeelegance.net\/#\/schema\/person\/e06163d4cd2cfc8a3cfc96dc84443ae4\",\"name\":\"Kader\",\"url\":\"https:\/\/citeelegance.net\/?author=3\"}]}<\/script>\n<!-- \/ Yoast SEO plugin. -->","yoast_head_json":{"title":"Litt\u00e9rature : Comm\u00e9moration de la 7\u00e8me rentr\u00e9e litt\u00e9raire du Faso - CITE ELEGANCE","robots":{"index":"index","follow":"follow","max-snippet":"max-snippet:-1","max-image-preview":"max-image-preview:large","max-video-preview":"max-video-preview:-1"},"canonical":"https:\/\/citeelegance.net\/?p=905","og_locale":"fr_FR","og_type":"article","og_title":"Litt\u00e9rature : Comm\u00e9moration de la 7\u00e8me rentr\u00e9e litt\u00e9raire du Faso - CITE ELEGANCE","og_description":"La soci\u00e9t\u00e9 des Auteurs, des Gens de l\u2019Ecrit et des Savoir (SAGES) a organis\u00e9 le vendredi 9 novembre 2018 sa 7\u00e8me rentr\u00e9e litt\u00e9raire du Faso au centre national des archives. Cette rentr\u00e9e a \u00e9t\u00e9 plac\u00e9e sous le th\u00e8me \u00ab Contribution de l\u2019\u00e9crivain et de l\u2019intellectuel \u00e0 la lutte contre le radicalisme et l\u2019extr\u00e9misme violent \u00bb. [&hellip;]","og_url":"https:\/\/citeelegance.net\/?p=905","og_site_name":"CITE ELEGANCE","article_published_time":"2018-11-12T16:11:21+00:00","article_modified_time":"2018-11-12T16:15:12+00:00","og_image":[{"width":1024,"height":576,"url":"https:\/\/citeelegance.net\/wp-content\/uploads\/2018\/11\/ok-1-1024x576.jpg","type":"image\/jpeg"}],"twitter_misc":{"\u00c9crit par":"Kader","Dur\u00e9e de lecture estim\u00e9e":"3 minutes"},"schema":{"@context":"https:\/\/schema.org","@graph":[{"@type":"WebSite","@id":"https:\/\/citeelegance.net\/#website","url":"https:\/\/citeelegance.net\/","name":"CITE ELEGANCE","description":"","potentialAction":[{"@type":"SearchAction","target":{"@type":"EntryPoint","urlTemplate":"https:\/\/citeelegance.net\/?s={search_term_string}"},"query-input":"required name=search_term_string"}],"inLanguage":"fr-FR"},{"@type":"ImageObject","@id":"https:\/\/citeelegance.net\/?p=905#primaryimage","inLanguage":"fr-FR","url":"https:\/\/citeelegance.net\/wp-content\/uploads\/2018\/11\/ok-1.jpg","contentUrl":"https:\/\/citeelegance.net\/wp-content\/uploads\/2018\/11\/ok-1.jpg","width":4208,"height":2368,"caption":"CE"},{"@type":"WebPage","@id":"https:\/\/citeelegance.net\/?p=905#webpage","url":"https:\/\/citeelegance.net\/?p=905","name":"Litt\u00e9rature : Comm\u00e9moration de la 7\u00e8me rentr\u00e9e litt\u00e9raire du Faso - CITE ELEGANCE","isPartOf":{"@id":"https:\/\/citeelegance.net\/#website"},"primaryImageOfPage":{"@id":"https:\/\/citeelegance.net\/?p=905#primaryimage"},"datePublished":"2018-11-12T16:11:21+00:00","dateModified":"2018-11-12T16:15:12+00:00","author":{"@id":"https:\/\/citeelegance.net\/#\/schema\/person\/e06163d4cd2cfc8a3cfc96dc84443ae4"},"breadcrumb":{"@id":"https:\/\/citeelegance.net\/?p=905#breadcrumb"},"inLanguage":"fr-FR","potentialAction":[{"@type":"ReadAction","target":["https:\/\/citeelegance.net\/?p=905"]}]},{"@type":"BreadcrumbList","@id":"https:\/\/citeelegance.net\/?p=905#breadcrumb","itemListElement":[{"@type":"ListItem","position":1,"name":"Accueil","item":"https:\/\/citeelegance.net\/"},{"@type":"ListItem","position":2,"name":"Litt\u00e9rature : Comm\u00e9moration de la 7\u00e8me rentr\u00e9e litt\u00e9raire du Faso"}]},{"@type":"Person","@id":"https:\/\/citeelegance.net\/#\/schema\/person\/e06163d4cd2cfc8a3cfc96dc84443ae4","name":"Kader","url":"https:\/\/citeelegance.net\/?author=3"}]}},"_links":{"self":[{"href":"https:\/\/citeelegance.net\/index.php?rest_route=\/wp\/v2\/posts\/905"}],"collection":[{"href":"https:\/\/citeelegance.net\/index.php?rest_route=\/wp\/v2\/posts"}],"about":[{"href":"https:\/\/citeelegance.net\/index.php?rest_route=\/wp\/v2\/types\/post"}],"author":[{"embeddable":true,"href":"https:\/\/citeelegance.net\/index.php?rest_route=\/wp\/v2\/users\/3"}],"replies":[{"embeddable":true,"href":"https:\/\/citeelegance.net\/index.php?rest_route=%2Fwp%2Fv2%2Fcomments&post=905"}],"version-history":[{"count":3,"href":"https:\/\/citeelegance.net\/index.php?rest_route=\/wp\/v2\/posts\/905\/revisions"}],"predecessor-version":[{"id":910,"href":"https:\/\/citeelegance.net\/index.php?rest_route=\/wp\/v2\/posts\/905\/revisions\/910"}],"wp:featuredmedia":[{"embeddable":true,"href":"https:\/\/citeelegance.net\/index.php?rest_route=\/wp\/v2\/media\/906"}],"wp:attachment":[{"href":"https:\/\/citeelegance.net\/index.php?rest_route=%2Fwp%2Fv2%2Fmedia&parent=905"}],"wp:term":[{"taxonomy":"category","embeddable":true,"href":"https:\/\/citeelegance.net\/index.php?rest_route=%2Fwp%2Fv2%2Fcategories&post=905"},{"taxonomy":"post_tag","embeddable":true,"href":"https:\/\/citeelegance.net\/index.php?rest_route=%2Fwp%2Fv2%2Ftags&post=905"}],"curies":[{"name":"wp","href":"https:\/\/api.w.org\/{rel}","templated":true}]}}