{"id":9021,"date":"2021-08-16T00:14:05","date_gmt":"2021-08-15T23:14:05","guid":{"rendered":"https:\/\/citeelegance.net\/?p=9021"},"modified":"2021-08-16T00:51:29","modified_gmt":"2021-08-15T23:51:29","slug":"burkina-faso-lassociation-des-ressortissants-de-bittou-et-environnants-tient-une-assemblee-generale","status":"publish","type":"post","link":"https:\/\/citeelegance.net\/?p=9021","title":{"rendered":"Burkina Faso : L\u2019association des ressortissants de Bittou et environnant tient une assembl\u00e9e g\u00e9n\u00e9rale"},"content":{"rendered":"<p><strong>L\u2019Association des Ressortissants de Bittou et Environnants (A.R.B.E) a tenu son Assembl\u00e9e G\u00e9n\u00e9rale ce dimanche 15 ao\u00fbt 2021 \u00e0 Ouagadougou. Pour l\u2019heure, l\u2019A.R.B.E est rest\u00e9e fid\u00e8le \u00e0 ses objectifs, \u0153uvrer pour le d\u00e9veloppement de la commune de Bittou. Cette AG s\u2019est tenue sous le patronage du Maire de la commune de Bittou, Lassan\u00e9 ZAMPALIGRE, le parrainage du PDG des \u00e9coles priv\u00e9s de sant\u00e9 Sainte-Julie, Samuel KERE et le co-parrainage du transitaire, Adama BALBONE.<\/strong><\/p>\n<p>Travailler \u00e0 d\u00e9velopper la commune de Bittou, tel est l\u2019esprit autour duquel s\u2019est tenue l\u2019assembl\u00e9e g\u00e9n\u00e9rale de l\u2019Association des Ressortissants de Bittou et Environnants. En effet, l\u2019A.R.B.E \u0153uvre pour la coh\u00e9sion et l\u2019entente entre les ressortissants de Bittou et environnants avec des objectifs pr\u00e9cis pour le d\u00e9veloppement de ladite commune.<\/p>\n<p><a href=\"https:\/\/citeelegance.net\/wp-content\/uploads\/2021\/08\/2-6.jpg\"><img loading=\"lazy\" decoding=\"async\" class=\"size-medium wp-image-9025 alignright\" src=\"https:\/\/citeelegance.net\/wp-content\/uploads\/2021\/08\/2-6-300x135.jpg\" alt=\"\" width=\"300\" height=\"135\" srcset=\"https:\/\/citeelegance.net\/wp-content\/uploads\/2021\/08\/2-6-300x135.jpg 300w, https:\/\/citeelegance.net\/wp-content\/uploads\/2021\/08\/2-6-1024x461.jpg 1024w, https:\/\/citeelegance.net\/wp-content\/uploads\/2021\/08\/2-6-768x346.jpg 768w, https:\/\/citeelegance.net\/wp-content\/uploads\/2021\/08\/2-6.jpg 1033w\" sizes=\"(max-width: 300px) 100vw, 300px\" \/><\/a>Selon le repr\u00e9sentant du Maire, le <strong>SG de la Mairie de Bittou<\/strong>, <strong>Boubi\u00e9 Alain Bassono<\/strong>, cette AG est une continuit\u00e9 dans le cadre de la solidarit\u00e9 entre fils et filles de la commune de Bittou. Il ajoute que le Maire de la commune de Bittou \u00a0accorde beaucoup d\u2019importance \u00e0 cette association d\u2019o\u00f9 son slogan \u00ab\u00a0<strong><em>B\u00e2tir ensemble pour un Bittou meilleur<\/em><\/strong>\u00a0\u00bb. \u00ab\u00a0<em>Toute structure si elle est bien organis\u00e9e, peut agir plus. Le conseil municipal salut la tenue de cette AG \u00e0 sa juste valeur. C\u2019est un processus pour avoir un r\u00e9c\u00e9piss\u00e9. La contribution de l\u2019A.R.B.E au d\u00e9veloppement de la commune est attendue. La Mairie prend acte et les encourages dans le cadre de leurs missions r\u00e9galiennes<\/em>\u00a0\u00bb, a laiss\u00e9 entendre <strong>le repr\u00e9sentant du Maire de Bittou<\/strong>.<\/p>\n<p><a href=\"https:\/\/citeelegance.net\/wp-content\/uploads\/2021\/08\/3-1-1.jpg\"><img loading=\"lazy\" decoding=\"async\" class=\"size-medium wp-image-9027 alignleft\" src=\"https:\/\/citeelegance.net\/wp-content\/uploads\/2021\/08\/3-1-1-300x135.jpg\" alt=\"\" width=\"300\" height=\"135\" srcset=\"https:\/\/citeelegance.net\/wp-content\/uploads\/2021\/08\/3-1-1-300x135.jpg 300w, https:\/\/citeelegance.net\/wp-content\/uploads\/2021\/08\/3-1-1-1024x461.jpg 1024w, https:\/\/citeelegance.net\/wp-content\/uploads\/2021\/08\/3-1-1-768x346.jpg 768w, https:\/\/citeelegance.net\/wp-content\/uploads\/2021\/08\/3-1-1.jpg 1033w\" sizes=\"(max-width: 300px) 100vw, 300px\" \/><\/a>Pour le <strong>co-parrain de l\u2019AG de l\u2019A.R.B.E<\/strong>, <strong>Balbon\u00e9 Adama<\/strong>, cette initiative est \u00e0 louer car c\u2019est un cadre pour cr\u00e9er une association avec des objectifs clairs au service du d\u00e9veloppement de la commune de Bittou et environnant. \u00ab\u00a0<em>Il n\u2019y a pas grande chose que de louer une telle initiative. Je f\u00e9licite les organisateurs et les initiateurs. Il faut que chacun mette une volont\u00e9 et un\u00a0 engagement personnel parce qu\u2019il n\u2019y a pas d\u2019argent \u00e0 y gagner. C\u2019est d\u00e9j\u00e0 important de se r\u00e9unir autour d\u2019un noyau et de ne point oublier d\u2019o\u00f9 nous venons. Toute chose qui est fondamentale pour projeter l\u2019avenir. Je les invite \u00e0 \u00e9largir ce cadre\u00a0<\/em>\u00bb, soutient le Co-parrain.<\/p>\n<p>Quant au <strong>pr\u00e9sident du comit\u00e9 d\u2019organisation, Alassane Zampaligr\u00e9<\/strong>, il affirm\u00e9 que ce qui a motiv\u00e9 la cr\u00e9ation de cette association c\u2019est le fait de pouvoir r\u00e9unir tous les ressortissants de Bitou et environnant autour d\u2019un cadre pour s\u2019accompagner mutuellement. Il ajoute l\u2019objectif premier c\u2019est la solidarit\u00e9 et la participation au d\u00e9veloppement de Bittou. \u00ab\u00a0Avec l\u2019association nous pouvons apporter quelque chose \u00e0 la collectivit\u00e9\u00a0\u00bb, confie-t-il. En termes d\u2019activit\u00e9s, l\u2019A.R.B.E entend mettre en \u0153uvre des festiv<a href=\"https:\/\/citeelegance.net\/wp-content\/uploads\/2021\/08\/4-1.jpg\"><img loading=\"lazy\" decoding=\"async\" class=\"size-medium wp-image-9028 alignright\" src=\"https:\/\/citeelegance.net\/wp-content\/uploads\/2021\/08\/4-1-300x135.jpg\" alt=\"\" width=\"300\" height=\"135\" srcset=\"https:\/\/citeelegance.net\/wp-content\/uploads\/2021\/08\/4-1-300x135.jpg 300w, https:\/\/citeelegance.net\/wp-content\/uploads\/2021\/08\/4-1-1024x461.jpg 1024w, https:\/\/citeelegance.net\/wp-content\/uploads\/2021\/08\/4-1-768x346.jpg 768w, https:\/\/citeelegance.net\/wp-content\/uploads\/2021\/08\/4-1.jpg 1033w\" sizes=\"(max-width: 300px) 100vw, 300px\" \/><\/a>als pour les ressortissants de Bittou.<\/p>\n<p>Du reste, c\u2019est dans une ambiance festive que les ressortissants de Bittou et environnant ont assist\u00e9s \u00e0 l\u2019assembl\u00e9e nationale.<\/p>\n<p><strong>Isma\u00ebl KIEKIETA<\/strong><\/p>\n<aside class=\"mashsb-container mashsb-main mashsb-stretched\"><div class=\"mashsb-box\"><div class=\"mashsb-buttons\"><a class=\"mashicon-facebook mash-small mash-center mashsb-noshadow\" href=\"https:\/\/www.facebook.com\/sharer.php?u=https%3A%2F%2Fciteelegance.net%2F%3Fp%3D9021\" target=\"_top\" rel=\"nofollow\"><span class=\"icon\"><\/span><span class=\"text\">Partagez<\/span><\/a><a class=\"mashicon-twitter mash-small mash-center mashsb-noshadow\" href=\"https:\/\/twitter.com\/intent\/tweet?text=&url=https:\/\/citeelegance.net\/?p=9021\" target=\"_top\" rel=\"nofollow\"><span class=\"icon\"><\/span><span class=\"text\">Tweet<\/span><\/a><div class=\"onoffswitch2 mash-small mashsb-noshadow\" style=\"display:none;\"><\/div><\/div>\n            <\/div>\n                <div style=\"clear:both;\"><\/div><\/aside>\n            <!-- Share buttons by mashshare.net - Version: 3.8.0--><div class=\"pdf24Plugin-cp\"> \t<form name=\"pdf24Form0\" method=\"post\" action=\"https:\/\/doc2pdf.pdf24.org\/wordpress.php\" target=\"pdf24PopWin\" onsubmit=\"var pdf24Win = window.open('about:blank', 'pdf24PopWin', 'resizable=yes,scrollbars=yes,width=600,height=250,left='+(screen.width\/2-300)+',top='+(screen.height\/3-125)+''); pdf24Win.focus(); if(typeof pdf24OnCreatePDF === 'function'){void(pdf24OnCreatePDF(this,pdf24Win));}\"> \t\t<input type=\"hidden\" name=\"blogCharset\" value=\"Cw1x07UAAA==\" \/><input type=\"hidden\" name=\"blogPosts\" value=\"MwQA\" \/><input type=\"hidden\" name=\"blogUrl\" value=\"yygpKSi20tdPzixJTc1JTU\/MS07Vy0stAQA=\" \/><input type=\"hidden\" name=\"blogName\" value=\"c\/YMcVVw9XF1d\/RzdgUA\" \/><input type=\"hidden\" name=\"blogValueEncoding\" value=\"gzdeflate base64\" \/><input type=\"hidden\" name=\"postId_0\" value=\"szQwMgQA\" \/><input type=\"hidden\" name=\"postTitle_0\" value=\"DYyxDQJBDARb2ToIPyCiCQOrl8VjS7aP+NughKvjOqESnEwwI8024qUmuEo6Lrj9zq9k+kOl1A1PJoItojRTrLIVNq3yARZoHw0364JSNocRfeD7fqxJ7GvamiEH\/w==\" \/><input type=\"hidden\" name=\"postLink_0\" value=\"yygpKSi20tdPzixJTc1JTU\/MS07Vy0st0bcvsLU0MDIEAA==\" \/><input type=\"hidden\" name=\"postAuthor_0\" value=\"8yzOTUzNUfD2dAWiEEcA\" \/><input type=\"hidden\" name=\"postDateTime_0\" value=\"MzIwMtQ1sNA1NFMwMLAysLAyMAUA\" \/><input type=\"hidden\" name=\"postContent_0\" value=\"vVjNbiPHEb77KSoDbGADHFIS5fVmI2pBeWVhbTlWVoscfAmaM02ylZ7pcf9Q0p78DjnlJvhkwk8Q+CYiL5InyVc9MyTFlRaORHjBpcie7vr5quqrah5UhwfOW1NODk\/\/++O\/hs6ZTAmvTEm5dPRWYsF65ZwovcMSHSnvTSDp6bicKRws45NPh9233aPu8WckyMsykIMESJPFSC\/mkk4W83Ixt0JLyiTlqhBlNpW0+zkJs\/jV097O3i4tbui7ICYiN2FiQpfOTLCkYdZUBis78WOjh6TzZPHGwscqX\/wMyTjvYLQZXcjMq7Hr0H\/+GWZWWqqiJChezGdSm6qShSw9+6MFZaYoQilX3nXpS+m9pOEJOahkVeyThFPBsZhKMGRigjOBvhXKyodEdehUMHiLOX0\/\/PZsePrm5O1xp5ZhrVCtkLPXJxHwxTwzGn8rq2aLeUScocfxc2z2Mv06aAUozkURpKZvjt8ecywYVpPeFemtKJ3ybF2HhrkoBB0NT4+++8tx96DXxPygVx1+clAdvrNiJpTWgAogrlCyDzjloZth0REeGOtJBM8g5+EHNuwubrxNrJJhskqGvH742Lzr4hvJ8Vj6u9lRx70JO3swBZgsXDY2A0q8CG\/YxoDbj2iU65kuZjKLNi7TDMFC2JT7aJblyssWyW4L+4GgqZXjQTL1vnIve70Mu6SWE1SH7JbS9y6rNDPR2F6otBG563Gp9HZe9PbS592LapIcHqhiQvxMlZNBosX76wQ6M1N\/F+66zBLKNAIwSJx6L9NC5ioUBNmow4lM\/7SzhzrUalJaNZn6hJzNHm1T2t\/Zudrtfx5tg1Q\/SBK6VLmfDhI8SmgqWckgwZ6oyUm\/FWWEz5cdeqyk3Z29\/av957tRFH95gqwvnr+46u\/H8BA+P15SY0y\/fwmoEDpE8NNCXKURz5fscXX1GTbszKAjfkuoh6oWh+dIwJKT0UpOTwcFgnOx4atIQS3zn5809MWP1FqhL3mis9x7ZMJIgY6GGkxDR0gqU5q1fVnLnFz9zBrsnSqDYg7LwUiRq0S+pExntMqFjc\/rchwr7bjsxkxI7mGSfqNJXJgAdT8wx8iPMzHd3ogsMxYLIylCZkJFOahAFRXqnuPB1FebL9bpCHvM4t+xoTltEDm6\/eX2psXjQBaHR4ufvLKwPjJcQzuhbBUXkh0J9qCHvUuobm9uf+3WorD8LvqBRyHz6HUINkkciiiOlCzJWGhWDvTZoUoG8O0EKisdwIGnEWUHNQSfVaYqAQYWGru0aCg4l6vQcJ8UdBEcvs4Em4aO1xA2zK6sycCGoSE0MTMqusMst5hXoMjFHEpFDK1Vo9DQ9h0GFuHjzZZ1CdhT5kFGYU3uVRZLJDImZx+ZWZaIlQVPuXvyB7Y7KmASTHBs4QQ8JstSuog2g9zBSIJkZasp8j6fbcP3YIHcUwTboe1+upvubo+4v6iJW8vxU3g7GvX7MfcH6p7A3bWsbbF3LW07\/L2M9OMY\/KyZJtpUXQ14y1o72ai6+\/ha6JHh8TNOgB8QtSqVZ6Kb1RUJZtAmYOzLBP6vKKEuuEgHGYpF2kjt6zR5z1iEzFWoTjCBk3amsjiV\/rYJfGPqWvEkOL+EWdeo6Uo4mmDGZWabGld3AZYXHWBxPlLoysUufY3usphrxWGM5NLQqvCRSBrGaU7wUuwyY8y2UXo2FRnQKCJ0rGFm0GVj52KYbm9g9ASFGV3D9IyeUWIYRtgyNo+7zV37ubkIO+HtgP6acLiUa2wMtC7woO1RES94ihCA5+1y5sZumFWaaxGRw6aSo4ULA6FdgxDtso2VfIWZyRJ02aW667ToqZgCY1MiU5gN206GfnAhvayvYogzNEcka6hmDCVsBKzwBEZlDT8jYJGCQcC4N3nFTkLkl8s0XvLpXwO7BtvbpI2ErHJZ8zGyo54e2IU2Xsi5Dg8hPK9L+l4UFfMgzq2lOMAW47GyBQ7H8NVeCiqM5+tVTD0cae8d93T\/tgZg+FioCC0wiR2xDYKvL4UPXCE+yOWNoK1VFt+ZeESBK5wF6OU+cAZzMNanHQ5DW2XcLwuO79LQjYkqrgBwH8eCulTvq8J2qOJCG3ItN3e2JRIxcaLvaLSi4oSEWr7s1ZXBOcT0wdUMo2HcjC2oOzAocqxk6lOl45UNRwvZpH+7021c8GOrjrVm+aLW3umYY8bwVM2e1Ib3t9mEX2zn9rT\/e\/bg\/a114P0t9t\/9rXXf\/af0XqGXt\/mHfxpY8tfrEH+KwmTeVmEcVGOLLEYq3i3qlG2vKr\/59wYyzBgYb\/mXLhcL7O5vKWWsTnD1ajpt+O+NK8TiF03fvDnG691w40cfwQTbJnYh3NSNIpYgZuaeeqHgaaP5jNPSZ1OZo2ZyNds4OjJX968HeFW6hIfmtScKqtKxyOTImH9EDSnM1br+mHHxL40ojZuK3CCId8v98vKy24rogjZ72GbRPatp9SoM4q5n\/eGzva\/w2swcXu1\/VT3rv0b57ibkuQujkv7uTZUgOHqQlGYMIoNaIFrh1tdYz5YnfI3D2t0nXl755PAMXAtaeN\/uQDbd47q\/RLQbF\/9\/z5vT0WlVp7+\/lNK\/YhMGfwxWDx4smVfVYNsuv2Pd6\/6upYGBzLGDvdl0b9PbOx46f63lIMmVq7S4fokBRf6ZlUJW8\/4Jrf27Zykus+pGVKalsC9Hxk\/XBMW03xD1hzSlc84darKVRte1gbzIqFFKf8M4h0oDbXRfdHfS9PB\/\" \/> \t\t<a href=\"https:\/\/www.pdf24.org\" target=\"_blank\" title=\"www.pdf24.org\" rel=\"nofollow\"><img src=\"https:\/\/citeelegance.net\/wp-content\/plugins\/pdf24-posts-to-pdf\/img\/pdf_32x32.png\" alt=\"\" border=\"0\" height=\"32\" \/><\/a> \t\t<span class=\"pdf24Plugin-cp-space\">&nbsp;&nbsp;<\/span> \t\t<span class=\"pdf24Plugin-cp-text\">Send article as PDF<\/span> \t\t<span class=\"pdf24Plugin-cp-space\">&nbsp;&nbsp;<\/span> \t\t<input class=\"pdf24Plugin-cp-input\" style=\"margin: 0px;\" type=\"text\" name=\"sendEmailTo\" placeholder=\"Enter email address\" \/> \t\t<input class=\"pdf24Plugin-cp-submit\" style=\"margin: 0px;\" type=\"submit\" value=\"Send\" \/> \t<\/form> <\/div>","protected":false},"excerpt":{"rendered":"<p>L\u2019Association des Ressortissants de Bittou et Environnants (A.R.B.E) a tenu son Assembl\u00e9e G\u00e9n\u00e9rale ce dimanche 15 ao\u00fbt 2021 \u00e0 Ouagadougou. Pour l\u2019heure, l\u2019A.R.B.E est rest\u00e9e fid\u00e8le \u00e0 ses objectifs, \u0153uvrer pour le d\u00e9veloppement de la commune de Bittou. Cette AG s\u2019est tenue sous le patronage du Maire de la commune de Bittou, Lassan\u00e9 ZAMPALIGRE, le [&hellip;]<\/p>\n","protected":false},"author":5,"featured_media":9024,"comment_status":"open","ping_status":"closed","sticky":false,"template":"","format":"standard","meta":{"footnotes":""},"categories":[2,16],"tags":[],"yoast_head":"<!-- This site is optimized with the Yoast SEO plugin v18.1 - https:\/\/yoast.com\/wordpress\/plugins\/seo\/ -->\n<title>Burkina Faso : L\u2019association des ressortissants de Bittou et environnant tient une assembl\u00e9e g\u00e9n\u00e9rale - CITE ELEGANCE<\/title>\n<meta name=\"robots\" content=\"index, follow, max-snippet:-1, max-image-preview:large, max-video-preview:-1\" \/>\n<link rel=\"canonical\" href=\"https:\/\/citeelegance.net\/?p=9021\" \/>\n<meta property=\"og:locale\" content=\"fr_FR\" \/>\n<meta property=\"og:type\" content=\"article\" \/>\n<meta property=\"og:title\" content=\"Burkina Faso : L\u2019association des ressortissants de Bittou et environnant tient une assembl\u00e9e g\u00e9n\u00e9rale - CITE ELEGANCE\" \/>\n<meta property=\"og:description\" content=\"L\u2019Association des Ressortissants de Bittou et Environnants (A.R.B.E) a tenu son Assembl\u00e9e G\u00e9n\u00e9rale ce dimanche 15 ao\u00fbt 2021 \u00e0 Ouagadougou. Pour l\u2019heure, l\u2019A.R.B.E est rest\u00e9e fid\u00e8le \u00e0 ses objectifs, \u0153uvrer pour le d\u00e9veloppement de la commune de Bittou. Cette AG s\u2019est tenue sous le patronage du Maire de la commune de Bittou, Lassan\u00e9 ZAMPALIGRE, le [&hellip;]\" \/>\n<meta property=\"og:url\" content=\"https:\/\/citeelegance.net\/?p=9021\" \/>\n<meta property=\"og:site_name\" content=\"CITE ELEGANCE\" \/>\n<meta property=\"article:published_time\" content=\"2021-08-15T23:14:05+00:00\" \/>\n<meta property=\"article:modified_time\" content=\"2021-08-15T23:51:29+00:00\" \/>\n<meta property=\"og:image\" content=\"https:\/\/citeelegance.net\/wp-content\/uploads\/2021\/08\/1-5.jpg\" \/>\n\t<meta property=\"og:image:width\" content=\"1033\" \/>\n\t<meta property=\"og:image:height\" content=\"465\" \/>\n\t<meta property=\"og:image:type\" content=\"image\/jpeg\" \/>\n<meta name=\"twitter:label1\" content=\"\u00c9crit par\" \/>\n\t<meta name=\"twitter:data1\" content=\"Ismael KIEKIETA\" \/>\n\t<meta name=\"twitter:label2\" content=\"Dur\u00e9e de lecture estim\u00e9e\" \/>\n\t<meta name=\"twitter:data2\" content=\"3 minutes\" \/>\n<script type=\"application\/ld+json\" class=\"yoast-schema-graph\">{\"@context\":\"https:\/\/schema.org\",\"@graph\":[{\"@type\":\"WebSite\",\"@id\":\"https:\/\/citeelegance.net\/#website\",\"url\":\"https:\/\/citeelegance.net\/\",\"name\":\"CITE ELEGANCE\",\"description\":\"\",\"potentialAction\":[{\"@type\":\"SearchAction\",\"target\":{\"@type\":\"EntryPoint\",\"urlTemplate\":\"https:\/\/citeelegance.net\/?s={search_term_string}\"},\"query-input\":\"required name=search_term_string\"}],\"inLanguage\":\"fr-FR\"},{\"@type\":\"ImageObject\",\"@id\":\"https:\/\/citeelegance.net\/?p=9021#primaryimage\",\"inLanguage\":\"fr-FR\",\"url\":\"https:\/\/citeelegance.net\/wp-content\/uploads\/2021\/08\/1-5.jpg\",\"contentUrl\":\"https:\/\/citeelegance.net\/wp-content\/uploads\/2021\/08\/1-5.jpg\",\"width\":1033,\"height\":465},{\"@type\":\"WebPage\",\"@id\":\"https:\/\/citeelegance.net\/?p=9021#webpage\",\"url\":\"https:\/\/citeelegance.net\/?p=9021\",\"name\":\"Burkina Faso : L\u2019association des ressortissants de Bittou et environnant tient une assembl\u00e9e g\u00e9n\u00e9rale - CITE ELEGANCE\",\"isPartOf\":{\"@id\":\"https:\/\/citeelegance.net\/#website\"},\"primaryImageOfPage\":{\"@id\":\"https:\/\/citeelegance.net\/?p=9021#primaryimage\"},\"datePublished\":\"2021-08-15T23:14:05+00:00\",\"dateModified\":\"2021-08-15T23:51:29+00:00\",\"author\":{\"@id\":\"https:\/\/citeelegance.net\/#\/schema\/person\/981ee78db24e1c4cf407476788535aba\"},\"breadcrumb\":{\"@id\":\"https:\/\/citeelegance.net\/?p=9021#breadcrumb\"},\"inLanguage\":\"fr-FR\",\"potentialAction\":[{\"@type\":\"ReadAction\",\"target\":[\"https:\/\/citeelegance.net\/?p=9021\"]}]},{\"@type\":\"BreadcrumbList\",\"@id\":\"https:\/\/citeelegance.net\/?p=9021#breadcrumb\",\"itemListElement\":[{\"@type\":\"ListItem\",\"position\":1,\"name\":\"Accueil\",\"item\":\"https:\/\/citeelegance.net\/\"},{\"@type\":\"ListItem\",\"position\":2,\"name\":\"Burkina Faso : L\u2019association des ressortissants de Bittou et environnant tient une assembl\u00e9e g\u00e9n\u00e9rale\"}]},{\"@type\":\"Person\",\"@id\":\"https:\/\/citeelegance.net\/#\/schema\/person\/981ee78db24e1c4cf407476788535aba\",\"name\":\"Ismael KIEKIETA\",\"url\":\"https:\/\/citeelegance.net\/?author=5\"}]}<\/script>\n<!-- \/ Yoast SEO plugin. -->","yoast_head_json":{"title":"Burkina Faso : L\u2019association des ressortissants de Bittou et environnant tient une assembl\u00e9e g\u00e9n\u00e9rale - CITE ELEGANCE","robots":{"index":"index","follow":"follow","max-snippet":"max-snippet:-1","max-image-preview":"max-image-preview:large","max-video-preview":"max-video-preview:-1"},"canonical":"https:\/\/citeelegance.net\/?p=9021","og_locale":"fr_FR","og_type":"article","og_title":"Burkina Faso : L\u2019association des ressortissants de Bittou et environnant tient une assembl\u00e9e g\u00e9n\u00e9rale - CITE ELEGANCE","og_description":"L\u2019Association des Ressortissants de Bittou et Environnants (A.R.B.E) a tenu son Assembl\u00e9e G\u00e9n\u00e9rale ce dimanche 15 ao\u00fbt 2021 \u00e0 Ouagadougou. Pour l\u2019heure, l\u2019A.R.B.E est rest\u00e9e fid\u00e8le \u00e0 ses objectifs, \u0153uvrer pour le d\u00e9veloppement de la commune de Bittou. Cette AG s\u2019est tenue sous le patronage du Maire de la commune de Bittou, Lassan\u00e9 ZAMPALIGRE, le [&hellip;]","og_url":"https:\/\/citeelegance.net\/?p=9021","og_site_name":"CITE ELEGANCE","article_published_time":"2021-08-15T23:14:05+00:00","article_modified_time":"2021-08-15T23:51:29+00:00","og_image":[{"width":1033,"height":465,"url":"https:\/\/citeelegance.net\/wp-content\/uploads\/2021\/08\/1-5.jpg","type":"image\/jpeg"}],"twitter_misc":{"\u00c9crit par":"Ismael KIEKIETA","Dur\u00e9e de lecture estim\u00e9e":"3 minutes"},"schema":{"@context":"https:\/\/schema.org","@graph":[{"@type":"WebSite","@id":"https:\/\/citeelegance.net\/#website","url":"https:\/\/citeelegance.net\/","name":"CITE ELEGANCE","description":"","potentialAction":[{"@type":"SearchAction","target":{"@type":"EntryPoint","urlTemplate":"https:\/\/citeelegance.net\/?s={search_term_string}"},"query-input":"required name=search_term_string"}],"inLanguage":"fr-FR"},{"@type":"ImageObject","@id":"https:\/\/citeelegance.net\/?p=9021#primaryimage","inLanguage":"fr-FR","url":"https:\/\/citeelegance.net\/wp-content\/uploads\/2021\/08\/1-5.jpg","contentUrl":"https:\/\/citeelegance.net\/wp-content\/uploads\/2021\/08\/1-5.jpg","width":1033,"height":465},{"@type":"WebPage","@id":"https:\/\/citeelegance.net\/?p=9021#webpage","url":"https:\/\/citeelegance.net\/?p=9021","name":"Burkina Faso : L\u2019association des ressortissants de Bittou et environnant tient une assembl\u00e9e g\u00e9n\u00e9rale - CITE ELEGANCE","isPartOf":{"@id":"https:\/\/citeelegance.net\/#website"},"primaryImageOfPage":{"@id":"https:\/\/citeelegance.net\/?p=9021#primaryimage"},"datePublished":"2021-08-15T23:14:05+00:00","dateModified":"2021-08-15T23:51:29+00:00","author":{"@id":"https:\/\/citeelegance.net\/#\/schema\/person\/981ee78db24e1c4cf407476788535aba"},"breadcrumb":{"@id":"https:\/\/citeelegance.net\/?p=9021#breadcrumb"},"inLanguage":"fr-FR","potentialAction":[{"@type":"ReadAction","target":["https:\/\/citeelegance.net\/?p=9021"]}]},{"@type":"BreadcrumbList","@id":"https:\/\/citeelegance.net\/?p=9021#breadcrumb","itemListElement":[{"@type":"ListItem","position":1,"name":"Accueil","item":"https:\/\/citeelegance.net\/"},{"@type":"ListItem","position":2,"name":"Burkina Faso : L\u2019association des ressortissants de Bittou et environnant tient une assembl\u00e9e g\u00e9n\u00e9rale"}]},{"@type":"Person","@id":"https:\/\/citeelegance.net\/#\/schema\/person\/981ee78db24e1c4cf407476788535aba","name":"Ismael KIEKIETA","url":"https:\/\/citeelegance.net\/?author=5"}]}},"_links":{"self":[{"href":"https:\/\/citeelegance.net\/index.php?rest_route=\/wp\/v2\/posts\/9021"}],"collection":[{"href":"https:\/\/citeelegance.net\/index.php?rest_route=\/wp\/v2\/posts"}],"about":[{"href":"https:\/\/citeelegance.net\/index.php?rest_route=\/wp\/v2\/types\/post"}],"author":[{"embeddable":true,"href":"https:\/\/citeelegance.net\/index.php?rest_route=\/wp\/v2\/users\/5"}],"replies":[{"embeddable":true,"href":"https:\/\/citeelegance.net\/index.php?rest_route=%2Fwp%2Fv2%2Fcomments&post=9021"}],"version-history":[{"count":4,"href":"https:\/\/citeelegance.net\/index.php?rest_route=\/wp\/v2\/posts\/9021\/revisions"}],"predecessor-version":[{"id":9029,"href":"https:\/\/citeelegance.net\/index.php?rest_route=\/wp\/v2\/posts\/9021\/revisions\/9029"}],"wp:featuredmedia":[{"embeddable":true,"href":"https:\/\/citeelegance.net\/index.php?rest_route=\/wp\/v2\/media\/9024"}],"wp:attachment":[{"href":"https:\/\/citeelegance.net\/index.php?rest_route=%2Fwp%2Fv2%2Fmedia&parent=9021"}],"wp:term":[{"taxonomy":"category","embeddable":true,"href":"https:\/\/citeelegance.net\/index.php?rest_route=%2Fwp%2Fv2%2Fcategories&post=9021"},{"taxonomy":"post_tag","embeddable":true,"href":"https:\/\/citeelegance.net\/index.php?rest_route=%2Fwp%2Fv2%2Ftags&post=9021"}],"curies":[{"name":"wp","href":"https:\/\/api.w.org\/{rel}","templated":true}]}}