{"id":8874,"date":"2021-07-19T13:56:30","date_gmt":"2021-07-19T12:56:30","guid":{"rendered":"https:\/\/citeelegance.net\/?p=8874"},"modified":"2021-07-29T15:19:57","modified_gmt":"2021-07-29T14:19:57","slug":"accaparement-des-terres-le-confederation-paysanne-du-faso-se-prononce-sur-la-mauvaise-gestion-du-foncier-et-les-problemes-de-securite-alimentaire","status":"publish","type":"post","link":"https:\/\/citeelegance.net\/?p=8874","title":{"rendered":"Accaparement des terres : le Conf\u00e9d\u00e9ration Paysanne du Faso se  prononce sur la mauvaise gestion du foncier et les probl\u00e8mes de s\u00e9curit\u00e9 alimentaire"},"content":{"rendered":"<p><strong>Les leaders de la Conf\u00e9d\u00e9ration Paysanne du Faso (CPF) ont organis\u00e9 une conf\u00e9rence de presse ce vendredi 16 juillet 2021 \u00e0 Ouagadougou. Plac\u00e9 sous le th\u00e8me : &lt;&lt; S\u00e9curisation fonci\u00e8re et accaparement des terres au Burkina Faso &gt;&gt;, Ladite conf\u00e9rence a \u00e9t\u00e9 anim\u00e9e sous le leadership du Secr\u00e9taire G\u00e9n\u00e9ral du (FEPAB), Marc GANSONR\u00c9.<\/strong><\/p>\n<p>Depuis quelques ann\u00e9es, les Burkinab\u00e8 font face \u00e0 une course effr\u00e9n\u00e9e vers la terre, marqu\u00e9e par les acquisitions fonci\u00e8res \u00e0 grande \u00e9chelle et favoris\u00e9e par des fins de promotion <strong>immobili\u00e8re,<\/strong> d&#8217;agrobusiness ou d&#8217;exploitation mini\u00e8re. Il faut noter que ces ph\u00e9nom\u00e8nes sont porteurs de risques socio-\u00e9conomiques majeurs dues \u00e0 des risques d&#8217;exclusion fonci\u00e8re avec \u00e0 la clef, les conflits, les menaces sur la s\u00e9curit\u00e9 nutritionnelle, les menaces sur la coh\u00e9sion sociale et la paix au regard des conflits fonciers qui devient de plus en plus r\u00e9curent.<\/p>\n<p>D&#8217;apr\u00e8s le Secr\u00e9taire G\u00e9n\u00e9ral, <strong>Marc GANSONR\u00c9<\/strong>, il faut s\u00e9curiser le foncier rural pour sa mise en valeur et non s\u00e9curiser la vente du foncier. En effet, l&#8217;\u00e9valuation quinquennale de la loi portant r\u00e9gime foncier rural sens\u00e9e permettre la s\u00e9curisation fonci\u00e8re montre clairement l\u2019inach\u00e8vement institutionnel.<\/p>\n<p>D&#8217;ailleurs, les instances locale de\u00a0 gestion fonci\u00e8re sont\u00a0 absents \u00e0 savoir les communes touch\u00e9es pour la mise en place de s\u00e9curisation fonci\u00e8res en milieu rural (SFR) sont au nombre de 267 soit 76,06% des communes du territoire national. En plus, le nombre des Commissions fonci\u00e8res Villageoises existantes est de 353 839, 74% de l&#8217;ensemble de 8902 villages du pays et le nombre des Commissaires de conciliation fonci\u00e8re Villageoises est de 3507 soit 39,4% de l&#8217;ensemble des 8902 villages. Il faut retenir qu\u2019\u00e0 peu pr\u00e8s 7000\u00a0 est estim\u00e9 pour le nombre d&#8217;APFR d\u00e9livr\u00e9 sur environ\u00a0 25 000 demande exprim\u00e9es. Pour le CPF,\u00a0 ce\u00a0 nombre n&#8217;est qu&#8217;une goutte d&#8217;eau comparativement au besoin de s\u00e9curisation fonci\u00e8re en milieu rural ainsi o\u00f9 l&#8217;on d\u00e9nombre plus de 3 000 000 d&#8217;exploitation agricole.<\/p>\n<p>Au regard, de tout ce qui se pr\u00e9c\u00e8de,\u00a0 la conf\u00e9d\u00e9ration paysanne du Faso qui a fait de l&#8217;agriculture familiale et de la s\u00e9curisation fonci\u00e8re des exploitations familiales son cheval de bataille, a d\u00e9cid\u00e9 de porter la voix des exploitations familiaux aupr\u00e8s du Gouvernement et de ses partenaires pour l&#8217;am\u00e9lioration de la gestion fonci\u00e8re au Burkina Faso. En prenant compte cet aspects,\u00a0 le CPF interpelle le Gouvernement\u00a0 porter plus d&#8217;attention \u00e0 la s\u00e9curisation fonci\u00e8re des exploitations familiales pour promouvoir les investigations afin d&#8217;assurer la s\u00e9curit\u00e9 alimentaire nutritionnelle et aussi am\u00e9liorer les conditions de vie des populations.<\/p>\n<p>Il convient de noter que des recommandations ont \u00e9t\u00e9 formul\u00e9es. Ce sont \u00a0entre autres, la r\u00e9alisation d&#8217;un audite du foncier rural suivi du r\u00e9tablissement du \u00a0droit des ruraux flou\u00e9s par les diff\u00e9rents accapareurs de la terre, la mise en \u0153uvre de l&#8217;article 218 du code g\u00e9n\u00e9ral des collectivit\u00e9s territoriales qui stipule que la commune rurale comprends un espace d&#8217;habitation, un espace de production et un espace de conservation, mettre fin \u00e0 la confusion et au chao et mettre en place des op\u00e9rations sp\u00e9ciales subventionn\u00e9es de d\u00e9livrance d&#8217;APFR au profit des populations rurales.<\/p>\n<p>Du reste, le CPF souhaite une bonne campagne agricole 2021\/2022 et \u00a0invite le Gouvernement \u00e0 consid\u00e9rer les acteurs du monde rural \u00e0 travers \u00a0leurs diff\u00e9rentes fa\u00eeti\u00e8res, comme des partenaires s\u00fbrs dans le cadre des concertations nationales sur la gouvernance fonci\u00e8re.<\/p>\n<p><strong>Isma\u00ebl KIEKIETA<\/strong><\/p>\n<aside class=\"mashsb-container mashsb-main mashsb-stretched\"><div class=\"mashsb-box\"><div class=\"mashsb-buttons\"><a class=\"mashicon-facebook mash-small mash-center mashsb-noshadow\" href=\"https:\/\/www.facebook.com\/sharer.php?u=https%3A%2F%2Fciteelegance.net%2F%3Fp%3D8874\" target=\"_top\" rel=\"nofollow\"><span class=\"icon\"><\/span><span class=\"text\">Partagez<\/span><\/a><a class=\"mashicon-twitter mash-small mash-center mashsb-noshadow\" href=\"https:\/\/twitter.com\/intent\/tweet?text=&url=https:\/\/citeelegance.net\/?p=8874\" target=\"_top\" rel=\"nofollow\"><span class=\"icon\"><\/span><span class=\"text\">Tweet<\/span><\/a><div class=\"onoffswitch2 mash-small mashsb-noshadow\" style=\"display:none;\"><\/div><\/div>\n            <\/div>\n                <div style=\"clear:both;\"><\/div><\/aside>\n            <!-- Share buttons by mashshare.net - Version: 3.8.0--><div class=\"pdf24Plugin-cp\"> \t<form name=\"pdf24Form0\" method=\"post\" action=\"https:\/\/doc2pdf.pdf24.org\/wordpress.php\" target=\"pdf24PopWin\" onsubmit=\"var pdf24Win = window.open('about:blank', 'pdf24PopWin', 'resizable=yes,scrollbars=yes,width=600,height=250,left='+(screen.width\/2-300)+',top='+(screen.height\/3-125)+''); pdf24Win.focus(); if(typeof pdf24OnCreatePDF === 'function'){void(pdf24OnCreatePDF(this,pdf24Win));}\"> \t\t<input type=\"hidden\" name=\"blogCharset\" value=\"Cw1x07UAAA==\" \/><input type=\"hidden\" name=\"blogPosts\" value=\"MwQA\" \/><input type=\"hidden\" name=\"blogUrl\" value=\"yygpKSi20tdPzixJTc1JTU\/MS07Vy0stAQA=\" \/><input type=\"hidden\" name=\"blogName\" value=\"c\/YMcVVw9XF1d\/RzdgUA\" \/><input type=\"hidden\" name=\"blogValueEncoding\" value=\"gzdeflate base64\" \/><input type=\"hidden\" name=\"postId_0\" value=\"s7AwNwEA\" \/><input type=\"hidden\" name=\"postTitle_0\" value=\"HY5RCgIxEEOvknP4J4LfXmFss1LoTpeZVvBG9hy9mLN+JZC8kGtKcohxp3ZkOjrNQi6oxK3ptmZe06SXpnjIx0WVyAN38QYncFjTponwYaiCXcZbSiQv+p+K8haFQgN7zPqJPOv67mFzcGumYaWvCanlPCLF+AM=\" \/><input type=\"hidden\" name=\"postLink_0\" value=\"yygpKSi20tdPzixJTc1JTU\/MS07Vy0st0bcvsLWwMDcBAA==\" \/><input type=\"hidden\" name=\"postAuthor_0\" value=\"8yzOTUzNUfD2dAWiEEcA\" \/><input type=\"hidden\" name=\"postDateTime_0\" value=\"MzIwMtQ1MNc1tFQwNLYyMLcyNgAA\" \/><input type=\"hidden\" name=\"postContent_0\" value=\"rVfLbhzHFd37K8oTUJCA4Qw1tEWa4lCgJVEQ7NiEaHgb1HTXzJTdXdWqx5DKKtuss\/JOSxIBsg+yUyM\/ki\/Jubeqex6iDNgwwcewuqruueee++jT5uzUB2fN4uxb5UWlZKmcF6USlRTPrZm3d2V752TQ1ohL+c5LY5Qoo7iQ3oqHzy8vHglrgrBuIY327Z2IeF7wQadMoeiqxinvsarESpnSqVKLx0\/ET1FXlQpicjB5LNr34vsoF7K0cWHjSFxWssBl3kYCJcKyva2VOBEPqvCUfsRVe1dEp31CNrem0O2tUwIXyqKQjXSqVgBWwqugHBAIGcXX0f2sjUzoHyxwF36G4ltZ6rANW4r2LgABvKrbO9UjyQwtdUMsXKnCYZ\/UsPyqvTNEVUUPHl68vDz\/+tFQ\/Fm6Qrw6\/+7q++\/etH8fnY4z26fj5uyz0+bshWqi9uJtVBV+ANLgEuWHMOQ7uLP2ljwMYi6BDFQljqMDqWo+d2yYyEXkEDZ2dyhq6d5GWgcXfJss3sKUJsL8mjFPFy6cNAgUOF0qBIVYnMuVdRTRdAHxONfGp3ja2jLvnXZ0XduZrvjCYe+jKB\/86Xjy+OipXDg7i14b6EDY2K+rm6ayOqQY1trw+ZF4XcF6DMJYuELUQDpeNEv4aev2FrcgHKCjsS6omOQKqMyft4W2+3DEYq\/mpVr+lHbF5Cy50m1fIykqANySklypgvaD0qJS8xQS0kilQw4QJCYJm4+OtvkkStKNicEx1YYIvXd3YeER2yTQMtGO9UbqGxKrUwvpSobbWU3oKM4IJZ6sdNK4aIBeKJP+OoaBJ6NeZV0gGtfeso7vVe6wD+i2bPuIDoXOscmuekXa6mAJF0n\/DaQpvERESaBGrOAbVhRF1GydlFQRAheUfMVIvDQkahXAWUbd3uGGmFQCvw0iZwzxlcoUJMRSkKACPi10vQvIK5OErFytQnBqI1gfVZAa0sKfoiJuuIZU\/\/vbL0jDAkVolVaQCEGHmOP7Mc1U2SC5FHbaLA0FvrJFgv0BKaf8jmHSNB7IGeAGVqpHDmqXdVfXkZQfbASQO0oIm3TU0dxUMtXbT3jGAqmRpSpmXh5eXbx5lHIJekPCzBxfMHlyhFUdxNGT4cGTvSzBDACxogqjgyXtGDYiK44bqY98Xl\/l0URqAPS7RedHUCQXygI7cN1ooijQR896PvzyUBwffjUUR1\/scZi7PDVe1bMU+uOvDiZile5hWA36E+fQfQAomlwpCgJR6d2wbwPqUBxkIgDlk0D8NpJ1\/XIqKKOpgkFACGcD4lMCHh0cHCDUZIZkgA6To7lGnu2cX168EWjBlV45aoiUR2alkY04P\/lS4CJAqLl8o5w67lbAcJmvQ4ceYmdBkstXm84FWH8b8z\/UUtB5Q1ibVtAEoo7qD66y8LE0U2DE\/IrOPpKZRAZoYdt\/9+xhe8nVnPBwzSK22Rl26L7+gCaiC1upPtvOuxI5pNPIi0AjBhVGTz0K4NrbUpH3XGy3Z5lmd5ahcxJx02EzzGw0VgHlFM\/Iq1yny1+tISWLeg3erw9z7xLosyuaFJSYycDlYgjrgFdo\/OKKTs0tlUiLfvDJGyP1iqQquPLKRowBJgUrwSQ9I4aQYkqBJLTOv5qkZTMpyamPK9PO5JRyHQ2GKi4phGYnGrx8owq0RmKclYfSBx8aHinwvQkOe7KHKfwdHgjQsPXUeH8XwewhDymxr5\/arMitRd4t5yThzqhHWqndDi4rTUC5Q253cx4yI2qa6OhTXZE2ZZ6vQCWaM+NsbBOrZLfXLkoENvftez3p8HCiqNgipTNYqs9pGp1bV8cqZfjz1DHEh\/eKGxYqjuPBUVIXBPpMWtlnOLbwnLvutl1\/jHqlaZlHghmO+jw9R1xfOqvTIE27obd5ZTFY+n6wLPU8zc3B98N37N8i8ji60aj++4+4So2ml6ELGjOWmDw+JpuFxbPFep5makF8gTpEsfFdB3Ip4JzzQYNmxSRyvnO7Sg4qVikAlh6zM0puw50yG1\/KWVbRcPMpz7llLJhERHzrEYKHAWaVT+WhgjTV9tUmjZMsFaS7tPQxb9xo1ohu0xUllIaGKkCqEnG2SqnALwRkNLcBaYqd\/iCpr9h5jtKG3rL7a929oJrpAw+knKF4r1lKEgWRNSOBi0Ki5i\/woau4\/Io2xq8J+fDhPXKJTuxkNLlOtFAB6xJCFnlAjzRWlTkctDM4ye8rH95XaUevIXrRkO2\/QhoUhhzJnEgbVcy3\/6FT0vA0W8gyFwXq7sp1RaGbTtZD9yIhZg77ctLT042\/r30t239W4pvXL\/H9w\/nOa5uEkzwhej8d1NIv\/WwfhlErDBzPCzX+6z7jtAqo+eXg7LTUq52jM3tz\/zraMbzAM7n5BDEx+\/QqOLP2Z7awD7hVlT4WRGEPwli\/xEv19UAsnZpPB8sQGn8yHl9fX4+6K0ZgeIxtCNqoWTbP4pR37R2e700u8F0g2KpCpwVnI6MCrR5eNHuHL46Pj74YiCDdQoXp4C\/BNgPIq5oOjJ0jX2EWjDbSdOgJOZbGtLb9JKibMDi7RIAxQv212zGW97kernXoXPztnufT7DS1JxOwpFR4RhCmD6Krpt3WXcfHz5rpH+3yD2R7098NGeAVdj73wFssJ7vebnnow7tKTQel9igr707wlqWeklHclX9\/Jja+7lniZTKdr0Ixlu5kZsNy4yKW\/c5Vn+\/viyvSjshqFbN3CSAtEmtiX\/yITEcenojD0fHoYH\/\/7P8=\" \/> \t\t<a href=\"https:\/\/www.pdf24.org\" target=\"_blank\" title=\"www.pdf24.org\" rel=\"nofollow\"><img src=\"https:\/\/citeelegance.net\/wp-content\/plugins\/pdf24-posts-to-pdf\/img\/pdf_32x32.png\" alt=\"\" border=\"0\" height=\"32\" \/><\/a> \t\t<span class=\"pdf24Plugin-cp-space\">&nbsp;&nbsp;<\/span> \t\t<span class=\"pdf24Plugin-cp-text\">Send article as PDF<\/span> \t\t<span class=\"pdf24Plugin-cp-space\">&nbsp;&nbsp;<\/span> \t\t<input class=\"pdf24Plugin-cp-input\" style=\"margin: 0px;\" type=\"text\" name=\"sendEmailTo\" placeholder=\"Enter email address\" \/> \t\t<input class=\"pdf24Plugin-cp-submit\" style=\"margin: 0px;\" type=\"submit\" value=\"Send\" \/> \t<\/form> <\/div>","protected":false},"excerpt":{"rendered":"<p>Les leaders de la Conf\u00e9d\u00e9ration Paysanne du Faso (CPF) ont organis\u00e9 une conf\u00e9rence de presse ce vendredi 16 juillet 2021 \u00e0 Ouagadougou. Plac\u00e9 sous le th\u00e8me : &lt;&lt; S\u00e9curisation fonci\u00e8re et accaparement des terres au Burkina Faso &gt;&gt;, Ladite conf\u00e9rence a \u00e9t\u00e9 anim\u00e9e sous le leadership du Secr\u00e9taire G\u00e9n\u00e9ral du (FEPAB), Marc GANSONR\u00c9. Depuis quelques [&hellip;]<\/p>\n","protected":false},"author":5,"featured_media":8915,"comment_status":"open","ping_status":"closed","sticky":false,"template":"","format":"standard","meta":{"footnotes":""},"categories":[2,6],"tags":[],"yoast_head":"<!-- This site is optimized with the Yoast SEO plugin v18.1 - https:\/\/yoast.com\/wordpress\/plugins\/seo\/ -->\n<title>Accaparement des terres : le Conf\u00e9d\u00e9ration Paysanne du Faso se prononce sur la mauvaise gestion du foncier et les probl\u00e8mes de s\u00e9curit\u00e9 alimentaire - CITE ELEGANCE<\/title>\n<meta name=\"robots\" content=\"index, follow, max-snippet:-1, max-image-preview:large, max-video-preview:-1\" \/>\n<link rel=\"canonical\" href=\"https:\/\/citeelegance.net\/?p=8874\" \/>\n<meta property=\"og:locale\" content=\"fr_FR\" \/>\n<meta property=\"og:type\" content=\"article\" \/>\n<meta property=\"og:title\" content=\"Accaparement des terres : le Conf\u00e9d\u00e9ration Paysanne du Faso se prononce sur la mauvaise gestion du foncier et les probl\u00e8mes de s\u00e9curit\u00e9 alimentaire - CITE ELEGANCE\" \/>\n<meta property=\"og:description\" content=\"Les leaders de la Conf\u00e9d\u00e9ration Paysanne du Faso (CPF) ont organis\u00e9 une conf\u00e9rence de presse ce vendredi 16 juillet 2021 \u00e0 Ouagadougou. Plac\u00e9 sous le th\u00e8me : &lt;&lt; S\u00e9curisation fonci\u00e8re et accaparement des terres au Burkina Faso &gt;&gt;, Ladite conf\u00e9rence a \u00e9t\u00e9 anim\u00e9e sous le leadership du Secr\u00e9taire G\u00e9n\u00e9ral du (FEPAB), Marc GANSONR\u00c9. Depuis quelques [&hellip;]\" \/>\n<meta property=\"og:url\" content=\"https:\/\/citeelegance.net\/?p=8874\" \/>\n<meta property=\"og:site_name\" content=\"CITE ELEGANCE\" \/>\n<meta property=\"article:published_time\" content=\"2021-07-19T12:56:30+00:00\" \/>\n<meta property=\"article:modified_time\" content=\"2021-07-29T14:19:57+00:00\" \/>\n<meta property=\"og:image\" content=\"https:\/\/citeelegance.net\/wp-content\/uploads\/2021\/07\/18.jpg\" \/>\n\t<meta property=\"og:image:width\" content=\"1033\" \/>\n\t<meta property=\"og:image:height\" content=\"465\" \/>\n\t<meta property=\"og:image:type\" content=\"image\/jpeg\" \/>\n<meta name=\"twitter:label1\" content=\"\u00c9crit par\" \/>\n\t<meta name=\"twitter:data1\" content=\"Ismael KIEKIETA\" \/>\n\t<meta name=\"twitter:label2\" content=\"Dur\u00e9e de lecture estim\u00e9e\" \/>\n\t<meta name=\"twitter:data2\" content=\"3 minutes\" \/>\n<script type=\"application\/ld+json\" class=\"yoast-schema-graph\">{\"@context\":\"https:\/\/schema.org\",\"@graph\":[{\"@type\":\"WebSite\",\"@id\":\"https:\/\/citeelegance.net\/#website\",\"url\":\"https:\/\/citeelegance.net\/\",\"name\":\"CITE ELEGANCE\",\"description\":\"\",\"potentialAction\":[{\"@type\":\"SearchAction\",\"target\":{\"@type\":\"EntryPoint\",\"urlTemplate\":\"https:\/\/citeelegance.net\/?s={search_term_string}\"},\"query-input\":\"required name=search_term_string\"}],\"inLanguage\":\"fr-FR\"},{\"@type\":\"ImageObject\",\"@id\":\"https:\/\/citeelegance.net\/?p=8874#primaryimage\",\"inLanguage\":\"fr-FR\",\"url\":\"https:\/\/citeelegance.net\/wp-content\/uploads\/2021\/07\/18.jpg\",\"contentUrl\":\"https:\/\/citeelegance.net\/wp-content\/uploads\/2021\/07\/18.jpg\",\"width\":1033,\"height\":465},{\"@type\":\"WebPage\",\"@id\":\"https:\/\/citeelegance.net\/?p=8874#webpage\",\"url\":\"https:\/\/citeelegance.net\/?p=8874\",\"name\":\"Accaparement des terres : le Conf\u00e9d\u00e9ration Paysanne du Faso se prononce sur la mauvaise gestion du foncier et les probl\u00e8mes de s\u00e9curit\u00e9 alimentaire - CITE ELEGANCE\",\"isPartOf\":{\"@id\":\"https:\/\/citeelegance.net\/#website\"},\"primaryImageOfPage\":{\"@id\":\"https:\/\/citeelegance.net\/?p=8874#primaryimage\"},\"datePublished\":\"2021-07-19T12:56:30+00:00\",\"dateModified\":\"2021-07-29T14:19:57+00:00\",\"author\":{\"@id\":\"https:\/\/citeelegance.net\/#\/schema\/person\/981ee78db24e1c4cf407476788535aba\"},\"breadcrumb\":{\"@id\":\"https:\/\/citeelegance.net\/?p=8874#breadcrumb\"},\"inLanguage\":\"fr-FR\",\"potentialAction\":[{\"@type\":\"ReadAction\",\"target\":[\"https:\/\/citeelegance.net\/?p=8874\"]}]},{\"@type\":\"BreadcrumbList\",\"@id\":\"https:\/\/citeelegance.net\/?p=8874#breadcrumb\",\"itemListElement\":[{\"@type\":\"ListItem\",\"position\":1,\"name\":\"Accueil\",\"item\":\"https:\/\/citeelegance.net\/\"},{\"@type\":\"ListItem\",\"position\":2,\"name\":\"Accaparement des terres : le Conf\u00e9d\u00e9ration Paysanne du Faso se prononce sur la mauvaise gestion du foncier et les probl\u00e8mes de s\u00e9curit\u00e9 alimentaire\"}]},{\"@type\":\"Person\",\"@id\":\"https:\/\/citeelegance.net\/#\/schema\/person\/981ee78db24e1c4cf407476788535aba\",\"name\":\"Ismael KIEKIETA\",\"url\":\"https:\/\/citeelegance.net\/?author=5\"}]}<\/script>\n<!-- \/ Yoast SEO plugin. -->","yoast_head_json":{"title":"Accaparement des terres : le Conf\u00e9d\u00e9ration Paysanne du Faso se prononce sur la mauvaise gestion du foncier et les probl\u00e8mes de s\u00e9curit\u00e9 alimentaire - CITE ELEGANCE","robots":{"index":"index","follow":"follow","max-snippet":"max-snippet:-1","max-image-preview":"max-image-preview:large","max-video-preview":"max-video-preview:-1"},"canonical":"https:\/\/citeelegance.net\/?p=8874","og_locale":"fr_FR","og_type":"article","og_title":"Accaparement des terres : le Conf\u00e9d\u00e9ration Paysanne du Faso se prononce sur la mauvaise gestion du foncier et les probl\u00e8mes de s\u00e9curit\u00e9 alimentaire - CITE ELEGANCE","og_description":"Les leaders de la Conf\u00e9d\u00e9ration Paysanne du Faso (CPF) ont organis\u00e9 une conf\u00e9rence de presse ce vendredi 16 juillet 2021 \u00e0 Ouagadougou. Plac\u00e9 sous le th\u00e8me : &lt;&lt; S\u00e9curisation fonci\u00e8re et accaparement des terres au Burkina Faso &gt;&gt;, Ladite conf\u00e9rence a \u00e9t\u00e9 anim\u00e9e sous le leadership du Secr\u00e9taire G\u00e9n\u00e9ral du (FEPAB), Marc GANSONR\u00c9. Depuis quelques [&hellip;]","og_url":"https:\/\/citeelegance.net\/?p=8874","og_site_name":"CITE ELEGANCE","article_published_time":"2021-07-19T12:56:30+00:00","article_modified_time":"2021-07-29T14:19:57+00:00","og_image":[{"width":1033,"height":465,"url":"https:\/\/citeelegance.net\/wp-content\/uploads\/2021\/07\/18.jpg","type":"image\/jpeg"}],"twitter_misc":{"\u00c9crit par":"Ismael KIEKIETA","Dur\u00e9e de lecture estim\u00e9e":"3 minutes"},"schema":{"@context":"https:\/\/schema.org","@graph":[{"@type":"WebSite","@id":"https:\/\/citeelegance.net\/#website","url":"https:\/\/citeelegance.net\/","name":"CITE ELEGANCE","description":"","potentialAction":[{"@type":"SearchAction","target":{"@type":"EntryPoint","urlTemplate":"https:\/\/citeelegance.net\/?s={search_term_string}"},"query-input":"required name=search_term_string"}],"inLanguage":"fr-FR"},{"@type":"ImageObject","@id":"https:\/\/citeelegance.net\/?p=8874#primaryimage","inLanguage":"fr-FR","url":"https:\/\/citeelegance.net\/wp-content\/uploads\/2021\/07\/18.jpg","contentUrl":"https:\/\/citeelegance.net\/wp-content\/uploads\/2021\/07\/18.jpg","width":1033,"height":465},{"@type":"WebPage","@id":"https:\/\/citeelegance.net\/?p=8874#webpage","url":"https:\/\/citeelegance.net\/?p=8874","name":"Accaparement des terres : le Conf\u00e9d\u00e9ration Paysanne du Faso se prononce sur la mauvaise gestion du foncier et les probl\u00e8mes de s\u00e9curit\u00e9 alimentaire - CITE ELEGANCE","isPartOf":{"@id":"https:\/\/citeelegance.net\/#website"},"primaryImageOfPage":{"@id":"https:\/\/citeelegance.net\/?p=8874#primaryimage"},"datePublished":"2021-07-19T12:56:30+00:00","dateModified":"2021-07-29T14:19:57+00:00","author":{"@id":"https:\/\/citeelegance.net\/#\/schema\/person\/981ee78db24e1c4cf407476788535aba"},"breadcrumb":{"@id":"https:\/\/citeelegance.net\/?p=8874#breadcrumb"},"inLanguage":"fr-FR","potentialAction":[{"@type":"ReadAction","target":["https:\/\/citeelegance.net\/?p=8874"]}]},{"@type":"BreadcrumbList","@id":"https:\/\/citeelegance.net\/?p=8874#breadcrumb","itemListElement":[{"@type":"ListItem","position":1,"name":"Accueil","item":"https:\/\/citeelegance.net\/"},{"@type":"ListItem","position":2,"name":"Accaparement des terres : le Conf\u00e9d\u00e9ration Paysanne du Faso se prononce sur la mauvaise gestion du foncier et les probl\u00e8mes de s\u00e9curit\u00e9 alimentaire"}]},{"@type":"Person","@id":"https:\/\/citeelegance.net\/#\/schema\/person\/981ee78db24e1c4cf407476788535aba","name":"Ismael KIEKIETA","url":"https:\/\/citeelegance.net\/?author=5"}]}},"_links":{"self":[{"href":"https:\/\/citeelegance.net\/index.php?rest_route=\/wp\/v2\/posts\/8874"}],"collection":[{"href":"https:\/\/citeelegance.net\/index.php?rest_route=\/wp\/v2\/posts"}],"about":[{"href":"https:\/\/citeelegance.net\/index.php?rest_route=\/wp\/v2\/types\/post"}],"author":[{"embeddable":true,"href":"https:\/\/citeelegance.net\/index.php?rest_route=\/wp\/v2\/users\/5"}],"replies":[{"embeddable":true,"href":"https:\/\/citeelegance.net\/index.php?rest_route=%2Fwp%2Fv2%2Fcomments&post=8874"}],"version-history":[{"count":1,"href":"https:\/\/citeelegance.net\/index.php?rest_route=\/wp\/v2\/posts\/8874\/revisions"}],"predecessor-version":[{"id":8875,"href":"https:\/\/citeelegance.net\/index.php?rest_route=\/wp\/v2\/posts\/8874\/revisions\/8875"}],"wp:featuredmedia":[{"embeddable":true,"href":"https:\/\/citeelegance.net\/index.php?rest_route=\/wp\/v2\/media\/8915"}],"wp:attachment":[{"href":"https:\/\/citeelegance.net\/index.php?rest_route=%2Fwp%2Fv2%2Fmedia&parent=8874"}],"wp:term":[{"taxonomy":"category","embeddable":true,"href":"https:\/\/citeelegance.net\/index.php?rest_route=%2Fwp%2Fv2%2Fcategories&post=8874"},{"taxonomy":"post_tag","embeddable":true,"href":"https:\/\/citeelegance.net\/index.php?rest_route=%2Fwp%2Fv2%2Ftags&post=8874"}],"curies":[{"name":"wp","href":"https:\/\/api.w.org\/{rel}","templated":true}]}}