{"id":8829,"date":"2021-07-08T15:25:52","date_gmt":"2021-07-08T14:25:52","guid":{"rendered":"https:\/\/citeelegance.net\/?p=8829"},"modified":"2021-07-08T15:51:51","modified_gmt":"2021-07-08T14:51:51","slug":"burkina-baccalaureat-2021-pour-le-ministre-alkassoum-maiga-ce-nest-pas-la-derniere-organisation-des-enseignements-superieurs-pour-le-moment","status":"publish","type":"post","link":"https:\/\/citeelegance.net\/?p=8829","title":{"rendered":"Burkina\/Baccalaur\u00e9at 2021 : Pour le ministre Alkassoum MAIGA, ce n\u2019est pas la derni\u00e8re organisation des enseignements sup\u00e9rieurs pour le moment"},"content":{"rendered":"<p><strong>C\u2019est \u00e0 Ziniar\u00e9 dans la r\u00e9gion du Plateau central que le ministre des enseignements sup\u00e9rieurs, Alkassoum MAIGA avec sa d\u00e9l\u00e9gation et la gouverneure ont donn\u00e9 le top d\u00e9part pour l\u2019examen de Baccalaur\u00e9at 2021 ce jeudi 08 juillet 2021. Le lancement officiel a eu lieu en pr\u00e9sence des autorit\u00e9s administratives de la r\u00e9gion du plateau central et du ministre de l\u2019\u00e9ducation nationale, Stanislas OUARO.<a href=\"https:\/\/citeelegance.net\/wp-content\/uploads\/2021\/07\/23.jpg\"><img loading=\"lazy\" decoding=\"async\" class=\"size-medium wp-image-8833 alignright\" src=\"https:\/\/citeelegance.net\/wp-content\/uploads\/2021\/07\/23-300x225.jpg\" alt=\"\" width=\"300\" height=\"225\" srcset=\"https:\/\/citeelegance.net\/wp-content\/uploads\/2021\/07\/23-300x225.jpg 300w, https:\/\/citeelegance.net\/wp-content\/uploads\/2021\/07\/23-105x80.jpg 105w, https:\/\/citeelegance.net\/wp-content\/uploads\/2021\/07\/23.jpg 620w\" sizes=\"(max-width: 300px) 100vw, 300px\" \/><\/a><\/strong><\/p>\n<p>Apr\u00e8s 09 mois d\u2019apprentissage de connaissances et de savoirs, c\u2019est aujourd\u2019hui que les \u00e9l\u00e8ves de la classe de Terminal devront prouver qu\u2019ils ont acquis des connaissances pour avoir leur premier dipl\u00f4me de l\u2019universit\u00e9, le Baccalaur\u00e9at. En effet, ce jours 08 juillet, ce sont au total 154\u00a0775 candidats qui vont tenter de d\u00e9crocher le Baccalaur\u00e9at session 2021.<\/p>\n<p>Il faut noter\u00a0 que c\u2019est au lyc\u00e9e Basy de Ziniar\u00e9 que le ministre des enseignements sup\u00e9rieurs, de la recherche scientifique Alkassoum MAIGA, le ministre de l\u2019\u00e9ducation Stanislas Ouaro et de la gouverneure du plateau-central, Nana Fatoumata Benon, ont souhait\u00e9 bonne chance aux candidats avant d\u2019offrir officiellement le premier sujet de composition. A entendre la d\u00e9l\u00e9gation pour la composition ce n\u2019est pas le moment de stresser mais de se concentrer sur les sujets parce qu\u2019il s\u2019agit d\u2019un examen et non d\u2019un concours et les nombres de places ne sont pas limit\u00e9es.<\/p>\n<p>Quant aux membres des jurys, le ministre des enseignements sup\u00e9rieurs a \u00e9t\u00e9 tr\u00e8s ferme en situant les responsabilit\u00e9s de tout un chacun. Il a demand\u00e9 le d\u00e9vouement et l\u2019engagement des jurys pour que les examens se d\u00e9roulent dans de tr\u00e8s bonnes conditions.<\/p>\n<p><a href=\"https:\/\/citeelegance.net\/wp-content\/uploads\/2021\/07\/24.jpg\"><img loading=\"lazy\" decoding=\"async\" class=\"size-medium wp-image-8835 alignright\" src=\"https:\/\/citeelegance.net\/wp-content\/uploads\/2021\/07\/24-300x225.jpg\" alt=\"\" width=\"300\" height=\"225\" srcset=\"https:\/\/citeelegance.net\/wp-content\/uploads\/2021\/07\/24-300x225.jpg 300w, https:\/\/citeelegance.net\/wp-content\/uploads\/2021\/07\/24-105x80.jpg 105w, https:\/\/citeelegance.net\/wp-content\/uploads\/2021\/07\/24.jpg 620w\" sizes=\"(max-width: 300px) 100vw, 300px\" \/><\/a>Selon le ministre, <strong>Alkassoum MAIGA<\/strong>, il faut esp\u00e9rer un taux de succ\u00e8s assez important parce qu\u2019ils ont ouvert des centres universitaires pour que les capacit\u00e9s d\u2019accueils soient am\u00e9lior\u00e9es. Pour lui, le succ\u00e8s c\u2019est bien pour les \u00e9l\u00e8ves et les parents mais aussi pour le personnel enseignant. Sur la probl\u00e9matique des candidats d\u00e9plac\u00e9s internes, le ministre a soutenu que tout est mis en disposition pour qu\u2019ils puissent composer. A la question de savoir si c\u2019est le dernier examen organis\u00e9 par le minist\u00e8re des enseignements sup\u00e9rieurs, le ministre se veut cat\u00e9gorique sur la r\u00e9ponse. Pour lui, tant que les textes n\u2019ont pas \u00e9t\u00e9 relus, ce n\u2019est pas le moment de parler de dernier examen. \u00ab <em>Il y a la n\u00e9cessit\u00e9 d\u2019\u00eatre mieux pr\u00e9par\u00e9 pour un transfert<\/em>\u00a0\u00bb, dit-il.<\/p>\n<p>En termes de mobilisation de ressources, il faut souligner que c\u2019est plus de 52\u00a0000 acteurs qui sont engag\u00e9s et une somme de 6 milliards pour le bon d\u00e9roulement des examens.<\/p>\n<p>Du reste, il convient de pr\u00e9ciser que rendez-vous est pris pour le 16 juillet prochain pour la proclamation des r\u00e9sultats du premier tour.<\/p>\n<p><strong>Isma\u00ebl KIEKIETA<\/strong><\/p>\n<aside class=\"mashsb-container mashsb-main mashsb-stretched\"><div class=\"mashsb-box\"><div class=\"mashsb-buttons\"><a class=\"mashicon-facebook mash-small mash-center mashsb-noshadow\" href=\"https:\/\/www.facebook.com\/sharer.php?u=https%3A%2F%2Fciteelegance.net%2F%3Fp%3D8829\" target=\"_top\" rel=\"nofollow\"><span class=\"icon\"><\/span><span class=\"text\">Partagez<\/span><\/a><a class=\"mashicon-twitter mash-small mash-center mashsb-noshadow\" href=\"https:\/\/twitter.com\/intent\/tweet?text=&url=https:\/\/citeelegance.net\/?p=8829\" target=\"_top\" rel=\"nofollow\"><span class=\"icon\"><\/span><span class=\"text\">Tweet<\/span><\/a><div class=\"onoffswitch2 mash-small mashsb-noshadow\" style=\"display:none;\"><\/div><\/div>\n            <\/div>\n                <div style=\"clear:both;\"><\/div><\/aside>\n            <!-- Share buttons by mashshare.net - Version: 3.8.0--><div class=\"pdf24Plugin-cp\"> \t<form name=\"pdf24Form0\" method=\"post\" action=\"https:\/\/doc2pdf.pdf24.org\/wordpress.php\" target=\"pdf24PopWin\" onsubmit=\"var pdf24Win = window.open('about:blank', 'pdf24PopWin', 'resizable=yes,scrollbars=yes,width=600,height=250,left='+(screen.width\/2-300)+',top='+(screen.height\/3-125)+''); pdf24Win.focus(); if(typeof pdf24OnCreatePDF === 'function'){void(pdf24OnCreatePDF(this,pdf24Win));}\"> \t\t<input type=\"hidden\" name=\"blogCharset\" value=\"Cw1x07UAAA==\" \/><input type=\"hidden\" name=\"blogPosts\" value=\"MwQA\" \/><input type=\"hidden\" name=\"blogUrl\" value=\"yygpKSi20tdPzixJTc1JTU\/MS07Vy0stAQA=\" \/><input type=\"hidden\" name=\"blogName\" value=\"c\/YMcVVw9XF1d\/RzdgUA\" \/><input type=\"hidden\" name=\"blogValueEncoding\" value=\"gzdeflate base64\" \/><input type=\"hidden\" name=\"postId_0\" value=\"s7AwsgQA\" \/><input type=\"hidden\" name=\"postTitle_0\" value=\"NY2xDcIwEEVX+QMgASnpnAZRILHCKZyiU+yzdWf3rMEGyRzehEkIBe1\/7+mPzRZROo40TRSpWd+oYjgNZ1zwyM0QGUlUvBojxIXcc0u4h9s1HDAx9PN6s1cUckTCk02lr7ucbaa9oypZ99nB6iyzcmKtDm+lbybczFH+R\/nHvg==\" \/><input type=\"hidden\" name=\"postLink_0\" value=\"yygpKSi20tdPzixJTc1JTU\/MS07Vy0st0bcvsLWwMLIEAA==\" \/><input type=\"hidden\" name=\"postAuthor_0\" value=\"8yzOTUzNUfD2dAWiEEcA\" \/><input type=\"hidden\" name=\"postDateTime_0\" value=\"MzIwMtQ1MNc1sFAwNLUyMLcyNQIA\" \/><input type=\"hidden\" name=\"postContent_0\" value=\"vVfLchvXEd37KzpTpVRShZdAUqIVgio6tlIsJ7ESKVlkk2rMXACXvjN3fB94cOXfyI5LMd5mlx3xJ\/mSnL4zAwKw87DCiooUgcFM9+m+p89pXNSXFz44W80vf\/mPb\/+ifKDtHf1JV5rd9p4KrjwZJryea1tREemt4aA4Uq6q4NjQN1GRUVTiEQRSVChPqvJKzytV4h5PPtbbe6dVdL5HV+Zr9t7Gkn5zdf2rK+KlyskzFdt7gyQcJI0KknRu41K5Cs8pslWgwlYVMCFZsLU8ULMLVNvoyAj2NSMf8tNnnOdsOAI1BxqPxs+Blm5ULDSNzukmamNU88GAfg34XOUJK9nZTOdaGWJSkQwwoxaqEcgr3JOK4xis0wGXiIu2bMBe4qNCHTWrPmoWsuLqXq8S8u19EfOm8ir9YaN69C4wbjPs6as\/XP3+q8EF08Kp2SRbhFD7V8NhroNSRs0F\/aBSYbiq+zkahVzDWBvLhR9KjcPRy+H4ZHBTz7PLC13OST7S1XySGb7dZECR2+Y9+02VZ5QjqZ9kXt+qfqkKjcNCaF3yXPXPz09OiA1O1+n5ImTkXf6xkPono9F6PD5L0BA0TLKMVroIi0mGjzJaKMkxyXBPSuRVeIpchNerHn1koOejs\/X5KMXBy4+OkwK8GI9WqAyNRr9\/VvK6n8p\/JQjr9c+RYLREhvQuo+HlxZDx2w7sxbC+\/OSivrwCPz94Gn1KpdUgIRjFde2QVnuPMxOaAUfF8hbYfKKhwtQtrZaZzNvJ53iDYZLnF1G3g+1JBvPDI7sTOVLM98qByWB1oZZOBrR2aWLxJEJo49PUcv5NFFQIcAgiDW6CgDR4CcSlxtOFrs32b+VuOmKF2XJeJq4nw38w3QP6AnIxm6nQSzOOmH5vxtNFn2BEqEYA2Odnpw93L1+eUc5VoQuGQAEgLeUmOSpBoERdcmfzhXLfS0leeS+zmvSjO4RrQzMoA1UWER7uUvce+0pmk2\/vJZDfSPidwP5I9WwFRgkw\/JKHWOGYZ1riHElr7yjwsdTs6UtkZ1tSHOnuo4b1Ww3r0W+5YnrDAZk4MH2mKlv10lkj+YLloGiKo0YDFnLUqH+9121esog5wEBtHU6\/E13TaDBQd1Tw8aZBlduytqAAcA\/oiuSYqsIltAfG0ZgB798vDKjag6hRrDTFpkQyAmgN2Oyo5MRRnK2wNJWa8rs0AgkHGMsOwVp2k5c5m+umlAgWNv6jhANVd1GCJU6KpSFSZcupa2YJfZUxqFqCJmy6lO4pv6PV7yIn8q6pVN2THux2G9\/774kDO9vey7GEpBQzDK4SY0OHUnxBhti1rTxPtWnMrRCfBaOligXnEZ2\/FmMsVImzbIwYf5Y2NucmFUqfqzk0p21wC7U5l05QmkZ56TWeh2aYdLOsGpIzQUz8SYpRpFN87Mj\/ZoOnT2eDZ09kg6f\/Rxs8fSobPH0iGzz9aBt8pwzGbG8EetRtskdCuDPMHulWpcF1MA8TDnIHmS4Z\/ZjnQj2xt1vSEBAXOA3m3tQ3npYEsuF3IxWedi7F2qkjwudcc94OlYhGnkclobwV9SYuIWHaujT49DZJWNRpvDtMnZNMtepEbt+ZW3EB0jT5Scw4wqW6e6kGNhkp04kEKhvQu0Yt4dtTaCjUPPlIKmsn17JnQ6kEvBZ3xFgeKg+L7ON0Y6o3SYZALbUIEtzc75S4bUrbyBprgZf6G7FWTpQdaBDFp9t3KwqYseuAiA5AiDu0gmvdXIwMgoT6H5FtP\/xnO90vA2q0VMAOd4SdYMOXanzTIByNaKPaP53Eje6Eg1oH0XIxtVbLG8F1ykTf+7ceBNSmXToOChvQw3d0oUpZLTboMnDg608uy4dEFiZt\/yrIYZVgsHxJqdNOkdosxHaQVGh9uBgiysPdw9+xQOjQ12YnpliegphBUt7SivZ77pov1ohQuRx4Nzi4IKKn3MGCU6NIeeJs\/HA3Go2w84VkO7JYJXNLpiAUUuIn4nhls+C9AHpjsAsVfsfVqaRvjWHnI61p7JB\/HgVfUAka5GWpu3aiBbn2LUIMRKFu+zApn1hZO\/2Y6PmL3XfBWpY91o8bhFwwXHbN8MIBH01IIxF3Gwro7h6tqdWZa1\/y9jtDX15\/gZ\/3V0cbO3stK03jLiX7hZ8mgUT6tImkC6WAaV8LPwPWvQLGVejl0aNTu\/7h6zEEkDYTx9z7RCNVf4bVY2rt1ylDH3CNaV7mzQbchqisX3Bhoc2HlrtarQZdiAHGd4jboKaDelG\/jpN017OTq2fjN\/g5tgO5evKmfnby+fn5+NMMc+Tm4md\/xpf6TOZlklV2Zo1BWnS05qpDL8gz+fqDa4efyPhll28Zgj1Xt90d8l3p+6WHlQ5diT++8vbpVLRuPC2slAqvBcLkp9GZyb\/0wdf15KlLfi+59+vdo4FFzJkH3nwxPq72oEIfNkZNMlFqw5tX2F7VLyQpYrX\/f0J7\/37gUrosqdtQuVHsXk1tWOwFSrQ\/CvWTfp\/eCXeoZStNNw1AuShdoz79UXzVVtgGBueDUb9\/+U8=\" \/> \t\t<a href=\"https:\/\/www.pdf24.org\" target=\"_blank\" title=\"www.pdf24.org\" rel=\"nofollow\"><img src=\"https:\/\/citeelegance.net\/wp-content\/plugins\/pdf24-posts-to-pdf\/img\/pdf_32x32.png\" alt=\"\" border=\"0\" height=\"32\" \/><\/a> \t\t<span class=\"pdf24Plugin-cp-space\">&nbsp;&nbsp;<\/span> \t\t<span class=\"pdf24Plugin-cp-text\">Send article as PDF<\/span> \t\t<span class=\"pdf24Plugin-cp-space\">&nbsp;&nbsp;<\/span> \t\t<input class=\"pdf24Plugin-cp-input\" style=\"margin: 0px;\" type=\"text\" name=\"sendEmailTo\" placeholder=\"Enter email address\" \/> \t\t<input class=\"pdf24Plugin-cp-submit\" style=\"margin: 0px;\" type=\"submit\" value=\"Send\" \/> \t<\/form> <\/div>","protected":false},"excerpt":{"rendered":"<p>C\u2019est \u00e0 Ziniar\u00e9 dans la r\u00e9gion du Plateau central que le ministre des enseignements sup\u00e9rieurs, Alkassoum MAIGA avec sa d\u00e9l\u00e9gation et la gouverneure ont donn\u00e9 le top d\u00e9part pour l\u2019examen de Baccalaur\u00e9at 2021 ce jeudi 08 juillet 2021. Le lancement officiel a eu lieu en pr\u00e9sence des autorit\u00e9s administratives de la r\u00e9gion du plateau central [&hellip;]<\/p>\n","protected":false},"author":5,"featured_media":8832,"comment_status":"open","ping_status":"closed","sticky":false,"template":"","format":"standard","meta":{"footnotes":""},"categories":[2,16],"tags":[],"yoast_head":"<!-- This site is optimized with the Yoast SEO plugin v18.1 - https:\/\/yoast.com\/wordpress\/plugins\/seo\/ -->\n<title>Burkina\/Baccalaur\u00e9at 2021 : Pour le ministre Alkassoum MAIGA, ce n\u2019est pas la derni\u00e8re organisation des enseignements sup\u00e9rieurs pour le moment - CITE ELEGANCE<\/title>\n<meta name=\"robots\" content=\"index, follow, max-snippet:-1, max-image-preview:large, max-video-preview:-1\" \/>\n<link rel=\"canonical\" href=\"https:\/\/citeelegance.net\/?p=8829\" \/>\n<meta property=\"og:locale\" content=\"fr_FR\" \/>\n<meta property=\"og:type\" content=\"article\" \/>\n<meta property=\"og:title\" content=\"Burkina\/Baccalaur\u00e9at 2021 : Pour le ministre Alkassoum MAIGA, ce n\u2019est pas la derni\u00e8re organisation des enseignements sup\u00e9rieurs pour le moment - CITE ELEGANCE\" \/>\n<meta property=\"og:description\" content=\"C\u2019est \u00e0 Ziniar\u00e9 dans la r\u00e9gion du Plateau central que le ministre des enseignements sup\u00e9rieurs, Alkassoum MAIGA avec sa d\u00e9l\u00e9gation et la gouverneure ont donn\u00e9 le top d\u00e9part pour l\u2019examen de Baccalaur\u00e9at 2021 ce jeudi 08 juillet 2021. Le lancement officiel a eu lieu en pr\u00e9sence des autorit\u00e9s administratives de la r\u00e9gion du plateau central [&hellip;]\" \/>\n<meta property=\"og:url\" content=\"https:\/\/citeelegance.net\/?p=8829\" \/>\n<meta property=\"og:site_name\" content=\"CITE ELEGANCE\" \/>\n<meta property=\"article:published_time\" content=\"2021-07-08T14:25:52+00:00\" \/>\n<meta property=\"article:modified_time\" content=\"2021-07-08T14:51:51+00:00\" \/>\n<meta property=\"og:image\" content=\"https:\/\/citeelegance.net\/wp-content\/uploads\/2021\/07\/22.jpg\" \/>\n\t<meta property=\"og:image:width\" content=\"817\" \/>\n\t<meta property=\"og:image:height\" content=\"465\" \/>\n\t<meta property=\"og:image:type\" content=\"image\/jpeg\" \/>\n<meta name=\"twitter:label1\" content=\"\u00c9crit par\" \/>\n\t<meta name=\"twitter:data1\" content=\"Ismael KIEKIETA\" \/>\n\t<meta name=\"twitter:label2\" content=\"Dur\u00e9e de lecture estim\u00e9e\" \/>\n\t<meta name=\"twitter:data2\" content=\"2 minutes\" \/>\n<script type=\"application\/ld+json\" class=\"yoast-schema-graph\">{\"@context\":\"https:\/\/schema.org\",\"@graph\":[{\"@type\":\"WebSite\",\"@id\":\"https:\/\/citeelegance.net\/#website\",\"url\":\"https:\/\/citeelegance.net\/\",\"name\":\"CITE ELEGANCE\",\"description\":\"\",\"potentialAction\":[{\"@type\":\"SearchAction\",\"target\":{\"@type\":\"EntryPoint\",\"urlTemplate\":\"https:\/\/citeelegance.net\/?s={search_term_string}\"},\"query-input\":\"required name=search_term_string\"}],\"inLanguage\":\"fr-FR\"},{\"@type\":\"ImageObject\",\"@id\":\"https:\/\/citeelegance.net\/?p=8829#primaryimage\",\"inLanguage\":\"fr-FR\",\"url\":\"https:\/\/citeelegance.net\/wp-content\/uploads\/2021\/07\/22.jpg\",\"contentUrl\":\"https:\/\/citeelegance.net\/wp-content\/uploads\/2021\/07\/22.jpg\",\"width\":817,\"height\":465},{\"@type\":\"WebPage\",\"@id\":\"https:\/\/citeelegance.net\/?p=8829#webpage\",\"url\":\"https:\/\/citeelegance.net\/?p=8829\",\"name\":\"Burkina\/Baccalaur\u00e9at 2021 : Pour le ministre Alkassoum MAIGA, ce n\u2019est pas la derni\u00e8re organisation des enseignements sup\u00e9rieurs pour le moment - CITE ELEGANCE\",\"isPartOf\":{\"@id\":\"https:\/\/citeelegance.net\/#website\"},\"primaryImageOfPage\":{\"@id\":\"https:\/\/citeelegance.net\/?p=8829#primaryimage\"},\"datePublished\":\"2021-07-08T14:25:52+00:00\",\"dateModified\":\"2021-07-08T14:51:51+00:00\",\"author\":{\"@id\":\"https:\/\/citeelegance.net\/#\/schema\/person\/981ee78db24e1c4cf407476788535aba\"},\"breadcrumb\":{\"@id\":\"https:\/\/citeelegance.net\/?p=8829#breadcrumb\"},\"inLanguage\":\"fr-FR\",\"potentialAction\":[{\"@type\":\"ReadAction\",\"target\":[\"https:\/\/citeelegance.net\/?p=8829\"]}]},{\"@type\":\"BreadcrumbList\",\"@id\":\"https:\/\/citeelegance.net\/?p=8829#breadcrumb\",\"itemListElement\":[{\"@type\":\"ListItem\",\"position\":1,\"name\":\"Accueil\",\"item\":\"https:\/\/citeelegance.net\/\"},{\"@type\":\"ListItem\",\"position\":2,\"name\":\"Burkina\/Baccalaur\u00e9at 2021 : Pour le ministre Alkassoum MAIGA, ce n\u2019est pas la derni\u00e8re organisation des enseignements sup\u00e9rieurs pour le moment\"}]},{\"@type\":\"Person\",\"@id\":\"https:\/\/citeelegance.net\/#\/schema\/person\/981ee78db24e1c4cf407476788535aba\",\"name\":\"Ismael KIEKIETA\",\"url\":\"https:\/\/citeelegance.net\/?author=5\"}]}<\/script>\n<!-- \/ Yoast SEO plugin. -->","yoast_head_json":{"title":"Burkina\/Baccalaur\u00e9at 2021 : Pour le ministre Alkassoum MAIGA, ce n\u2019est pas la derni\u00e8re organisation des enseignements sup\u00e9rieurs pour le moment - CITE ELEGANCE","robots":{"index":"index","follow":"follow","max-snippet":"max-snippet:-1","max-image-preview":"max-image-preview:large","max-video-preview":"max-video-preview:-1"},"canonical":"https:\/\/citeelegance.net\/?p=8829","og_locale":"fr_FR","og_type":"article","og_title":"Burkina\/Baccalaur\u00e9at 2021 : Pour le ministre Alkassoum MAIGA, ce n\u2019est pas la derni\u00e8re organisation des enseignements sup\u00e9rieurs pour le moment - CITE ELEGANCE","og_description":"C\u2019est \u00e0 Ziniar\u00e9 dans la r\u00e9gion du Plateau central que le ministre des enseignements sup\u00e9rieurs, Alkassoum MAIGA avec sa d\u00e9l\u00e9gation et la gouverneure ont donn\u00e9 le top d\u00e9part pour l\u2019examen de Baccalaur\u00e9at 2021 ce jeudi 08 juillet 2021. Le lancement officiel a eu lieu en pr\u00e9sence des autorit\u00e9s administratives de la r\u00e9gion du plateau central [&hellip;]","og_url":"https:\/\/citeelegance.net\/?p=8829","og_site_name":"CITE ELEGANCE","article_published_time":"2021-07-08T14:25:52+00:00","article_modified_time":"2021-07-08T14:51:51+00:00","og_image":[{"width":817,"height":465,"url":"https:\/\/citeelegance.net\/wp-content\/uploads\/2021\/07\/22.jpg","type":"image\/jpeg"}],"twitter_misc":{"\u00c9crit par":"Ismael KIEKIETA","Dur\u00e9e de lecture estim\u00e9e":"2 minutes"},"schema":{"@context":"https:\/\/schema.org","@graph":[{"@type":"WebSite","@id":"https:\/\/citeelegance.net\/#website","url":"https:\/\/citeelegance.net\/","name":"CITE ELEGANCE","description":"","potentialAction":[{"@type":"SearchAction","target":{"@type":"EntryPoint","urlTemplate":"https:\/\/citeelegance.net\/?s={search_term_string}"},"query-input":"required name=search_term_string"}],"inLanguage":"fr-FR"},{"@type":"ImageObject","@id":"https:\/\/citeelegance.net\/?p=8829#primaryimage","inLanguage":"fr-FR","url":"https:\/\/citeelegance.net\/wp-content\/uploads\/2021\/07\/22.jpg","contentUrl":"https:\/\/citeelegance.net\/wp-content\/uploads\/2021\/07\/22.jpg","width":817,"height":465},{"@type":"WebPage","@id":"https:\/\/citeelegance.net\/?p=8829#webpage","url":"https:\/\/citeelegance.net\/?p=8829","name":"Burkina\/Baccalaur\u00e9at 2021 : Pour le ministre Alkassoum MAIGA, ce n\u2019est pas la derni\u00e8re organisation des enseignements sup\u00e9rieurs pour le moment - CITE ELEGANCE","isPartOf":{"@id":"https:\/\/citeelegance.net\/#website"},"primaryImageOfPage":{"@id":"https:\/\/citeelegance.net\/?p=8829#primaryimage"},"datePublished":"2021-07-08T14:25:52+00:00","dateModified":"2021-07-08T14:51:51+00:00","author":{"@id":"https:\/\/citeelegance.net\/#\/schema\/person\/981ee78db24e1c4cf407476788535aba"},"breadcrumb":{"@id":"https:\/\/citeelegance.net\/?p=8829#breadcrumb"},"inLanguage":"fr-FR","potentialAction":[{"@type":"ReadAction","target":["https:\/\/citeelegance.net\/?p=8829"]}]},{"@type":"BreadcrumbList","@id":"https:\/\/citeelegance.net\/?p=8829#breadcrumb","itemListElement":[{"@type":"ListItem","position":1,"name":"Accueil","item":"https:\/\/citeelegance.net\/"},{"@type":"ListItem","position":2,"name":"Burkina\/Baccalaur\u00e9at 2021 : Pour le ministre Alkassoum MAIGA, ce n\u2019est pas la derni\u00e8re organisation des enseignements sup\u00e9rieurs pour le moment"}]},{"@type":"Person","@id":"https:\/\/citeelegance.net\/#\/schema\/person\/981ee78db24e1c4cf407476788535aba","name":"Ismael KIEKIETA","url":"https:\/\/citeelegance.net\/?author=5"}]}},"_links":{"self":[{"href":"https:\/\/citeelegance.net\/index.php?rest_route=\/wp\/v2\/posts\/8829"}],"collection":[{"href":"https:\/\/citeelegance.net\/index.php?rest_route=\/wp\/v2\/posts"}],"about":[{"href":"https:\/\/citeelegance.net\/index.php?rest_route=\/wp\/v2\/types\/post"}],"author":[{"embeddable":true,"href":"https:\/\/citeelegance.net\/index.php?rest_route=\/wp\/v2\/users\/5"}],"replies":[{"embeddable":true,"href":"https:\/\/citeelegance.net\/index.php?rest_route=%2Fwp%2Fv2%2Fcomments&post=8829"}],"version-history":[{"count":4,"href":"https:\/\/citeelegance.net\/index.php?rest_route=\/wp\/v2\/posts\/8829\/revisions"}],"predecessor-version":[{"id":8837,"href":"https:\/\/citeelegance.net\/index.php?rest_route=\/wp\/v2\/posts\/8829\/revisions\/8837"}],"wp:featuredmedia":[{"embeddable":true,"href":"https:\/\/citeelegance.net\/index.php?rest_route=\/wp\/v2\/media\/8832"}],"wp:attachment":[{"href":"https:\/\/citeelegance.net\/index.php?rest_route=%2Fwp%2Fv2%2Fmedia&parent=8829"}],"wp:term":[{"taxonomy":"category","embeddable":true,"href":"https:\/\/citeelegance.net\/index.php?rest_route=%2Fwp%2Fv2%2Fcategories&post=8829"},{"taxonomy":"post_tag","embeddable":true,"href":"https:\/\/citeelegance.net\/index.php?rest_route=%2Fwp%2Fv2%2Ftags&post=8829"}],"curies":[{"name":"wp","href":"https:\/\/api.w.org\/{rel}","templated":true}]}}