{"id":8363,"date":"2021-05-06T13:42:18","date_gmt":"2021-05-06T12:42:18","guid":{"rendered":"https:\/\/citeelegance.net\/?p=8363"},"modified":"2021-05-06T17:51:16","modified_gmt":"2021-05-06T16:51:16","slug":"culture-la-1re-edition-du-festival-les-rencontres-culturelles-de-arbolle-se-tiendra-du-14-au-16-mai-2021","status":"publish","type":"post","link":"https:\/\/citeelegance.net\/?p=8363","title":{"rendered":"Culture : La 1re \u00e9dition du festival \u00ab Les rencontres culturelles de Arboll\u00e9 \u00bb se tiendra du 14 au 16 mai 2021"},"content":{"rendered":"<p><strong>L\u2019association culture paix et d\u00e9veloppement a organis\u00e9 une conf\u00e9rence de presse ce jeudi 06 mai 2021 \u00e0 Ouagadougou. L\u2019objectif de cette rencontre avec les hommes de m\u00e9dia \u00a0est d\u2019informer l\u2019opinion publique du lancement de la toute premi\u00e8re \u00e9dition du festival \u00ab\u00a0<em>Les rencontres culturelles de Arboll\u00e9\u00a0\u00bb<\/em> qui se tiendra du 14 au 16 mai 2021 sur le terrain en face de la Mairie de Arboll\u00e9 dans la province du Passor\u00e9. Ladite conf\u00e9rence a \u00e9t\u00e9 anim\u00e9e par le pr\u00e9sident de l\u2019association Nabaloum Wendlassida Sylvain.<a href=\"https:\/\/citeelegance.net\/wp-content\/uploads\/2021\/05\/2-5.jpg\"><img loading=\"lazy\" decoding=\"async\" class=\" wp-image-8366 alignright\" src=\"https:\/\/citeelegance.net\/wp-content\/uploads\/2021\/05\/2-5-300x225.jpg\" alt=\"\" width=\"255\" height=\"191\" srcset=\"https:\/\/citeelegance.net\/wp-content\/uploads\/2021\/05\/2-5-300x225.jpg 300w, https:\/\/citeelegance.net\/wp-content\/uploads\/2021\/05\/2-5-105x80.jpg 105w, https:\/\/citeelegance.net\/wp-content\/uploads\/2021\/05\/2-5.jpg 620w\" sizes=\"(max-width: 255px) 100vw, 255px\" \/><\/a><\/strong><\/p>\n<p>Promouvoir la culture et le vivre ensemble dans un contexte s\u00e9curitaire difficile dans la province du Passor\u00e9, telle est l\u2019id\u00e9e qui a germ\u00e9 au sein de l\u2019association culture, paix et d\u00e9veloppement. En effet, <strong><em>\u00ab\u00a0Les rencontres culturelles de Arboll\u00e9\u00a0\u00bb,<\/em><\/strong> une premi\u00e8re pour Arboll\u00e9 est une initiative nourrit par la culture de ladite localit\u00e9. Elle se tiendra durant 03 jours <strong>du 14 au 16 mai 2021<\/strong> et entrainera in\u00e9vitablement la participation des individus \u00e0 une m\u00eame dynamique culturelle afin de contribuer \u00e0 d\u00e9velopper le sentiment d\u2019appartenance \u00e0 une m\u00eame communaut\u00e9. Pour les membres de l\u2019association, le brassage culturel participe \u00e0 la prise de conscience des diff\u00e9rences, \u00e0 l\u2019acceptation de l\u2019autre et \u00e0 l\u2019ouverture d\u2019esprit, favorisant ainsi la coh\u00e9sion sociale.<\/p>\n<p><a href=\"https:\/\/citeelegance.net\/wp-content\/uploads\/2021\/05\/3-3.jpg\"><img loading=\"lazy\" decoding=\"async\" class=\"size-medium wp-image-8368 alignleft\" src=\"https:\/\/citeelegance.net\/wp-content\/uploads\/2021\/05\/3-3-300x225.jpg\" alt=\"\" width=\"300\" height=\"225\" srcset=\"https:\/\/citeelegance.net\/wp-content\/uploads\/2021\/05\/3-3-300x225.jpg 300w, https:\/\/citeelegance.net\/wp-content\/uploads\/2021\/05\/3-3-105x80.jpg 105w, https:\/\/citeelegance.net\/wp-content\/uploads\/2021\/05\/3-3.jpg 620w\" sizes=\"(max-width: 300px) 100vw, 300px\" \/><\/a>Le pr\u00e9sident de l\u2019association culture paix et d\u00e9veloppement, <strong>Nabaloum Wenlassida Sylvain<\/strong> a soutenu dans son allocution qu\u2019ils ont pris en compte l\u2019aspect s\u00e9curitaire du festival. <em>\u00ab\u00a0Nous avons inform\u00e9 les autorit\u00e9s comp\u00e9tentes en la mati\u00e8re pour assurer la s\u00e9curit\u00e9 des festivaliers. La particularit\u00e9 de ce festival r\u00e9side dans sa capacit\u00e9 \u00e0 g\u00e9n\u00e9rer un brassage culturel facteur du d\u00e9veloppement social<\/em>\u00a0\u00bb, a laiss\u00e9 entendre le pr\u00e9sident de l\u2019association.<\/p>\n<p>Le festival <em><strong>\u00ab\u00a0Les rencontres culturelles de Arboll\u00e9\u00a0\u00bb<\/strong><\/em> est un grand rendez-vous\u00a0 de la culture et des arts qui ne d\u00e9roge point \u00e0 sa particularit\u00e9 qui est de rassembler sur un m\u00eame plateau une quarantaine de troupes de danses et de r\u00e9jouissances traditionnelles de la commune de Arboll\u00e9. Ces journ\u00e9es sont un cadre de d\u00e9couvertes, d\u2019\u00e9changes et d\u2019alliances entre les populations des 48 villages de la commune d\u2019Arboll\u00e9. Ce festival connaitra des activit\u00e9s sportive, une rue marchande, une sensibilisation sur la planification \u00a0familiale, les IST et sur la s\u00e9curit\u00e9 routi\u00e8re.<\/p>\n<p>Il convient de retenir que libre de tout engagement politique, l\u2019association culture, paix et d\u00e9veloppement se fixe pour objectif g\u00e9n\u00e9ral de cultiver les valeurs de paix, de fraternit\u00e9 et de solidarit\u00e9, ferment d\u2019un d\u00e9veloppement int\u00e9gral de la soci\u00e9t\u00e9. Elle a pour vocation nationale et son si\u00e8ge est \u00e0 Ouagadougou. Les amoureux de la culture et la population de la province du Passor\u00e9 sont invit\u00e9s \u00e0 prendre part \u00e0 la 1<sup>re<\/sup> \u00e9dition du festival <strong><em>\u00ab\u00a0Les rencontres culturelles de Arboll\u00e9\u00a0\u00bb<\/em><\/strong><\/p>\n<p><strong>Isma\u00ebl KIEKIETA\u00a0\u00a0\u00a0\u00a0\u00a0\u00a0\u00a0\u00a0\u00a0\u00a0\u00a0\u00a0\u00a0 <\/strong><\/p>\n<aside class=\"mashsb-container mashsb-main mashsb-stretched\"><div class=\"mashsb-box\"><div class=\"mashsb-buttons\"><a class=\"mashicon-facebook mash-small mash-center mashsb-noshadow\" href=\"https:\/\/www.facebook.com\/sharer.php?u=https%3A%2F%2Fciteelegance.net%2F%3Fp%3D8363\" target=\"_top\" rel=\"nofollow\"><span class=\"icon\"><\/span><span class=\"text\">Partagez<\/span><\/a><a class=\"mashicon-twitter mash-small mash-center mashsb-noshadow\" href=\"https:\/\/twitter.com\/intent\/tweet?text=&url=https:\/\/citeelegance.net\/?p=8363\" target=\"_top\" rel=\"nofollow\"><span class=\"icon\"><\/span><span class=\"text\">Tweet<\/span><\/a><div class=\"onoffswitch2 mash-small mashsb-noshadow\" style=\"display:none;\"><\/div><\/div>\n            <\/div>\n                <div style=\"clear:both;\"><\/div><\/aside>\n            <!-- Share buttons by mashshare.net - Version: 3.8.0--><div class=\"pdf24Plugin-cp\"> \t<form name=\"pdf24Form0\" method=\"post\" action=\"https:\/\/doc2pdf.pdf24.org\/wordpress.php\" target=\"pdf24PopWin\" onsubmit=\"var pdf24Win = window.open('about:blank', 'pdf24PopWin', 'resizable=yes,scrollbars=yes,width=600,height=250,left='+(screen.width\/2-300)+',top='+(screen.height\/3-125)+''); pdf24Win.focus(); if(typeof pdf24OnCreatePDF === 'function'){void(pdf24OnCreatePDF(this,pdf24Win));}\"> \t\t<input type=\"hidden\" name=\"blogCharset\" value=\"Cw1x07UAAA==\" \/><input type=\"hidden\" name=\"blogPosts\" value=\"MwQA\" \/><input type=\"hidden\" name=\"blogUrl\" value=\"yygpKSi20tdPzixJTc1JTU\/MS07Vy0stAQA=\" \/><input type=\"hidden\" name=\"blogName\" value=\"c\/YMcVVw9XF1d\/RzdgUA\" \/><input type=\"hidden\" name=\"blogValueEncoding\" value=\"gzdeflate base64\" \/><input type=\"hidden\" name=\"postId_0\" value=\"szA2MwYA\" \/><input type=\"hidden\" name=\"postTitle_0\" value=\"JczBDYMwDIXhVd4IJEIcequ4soRLjGTJJJLjsBPqCL3BYk3Vy9N3ef\/c1JsxHlgIoeM+k7iUjNSwcXU5SHG9sXCFcV5Ldutc\/z\/V7sR42quo3ieuDyrDhXMy+jXCCOo7YSdBHGL4Ag==\" \/><input type=\"hidden\" name=\"postLink_0\" value=\"yygpKSi20tdPzixJTc1JTU\/MS07Vy0st0bcvsLUwNjMGAA==\" \/><input type=\"hidden\" name=\"postAuthor_0\" value=\"8yzOTUzNUfD2dAWiEEcA\" \/><input type=\"hidden\" name=\"postDateTime_0\" value=\"MzIwMtQ1MNU1MFMwNLYyMLUytAAA\" \/><input type=\"hidden\" name=\"postContent_0\" value=\"rVfbbhu5Gb7fp2AHSNECOtlaB24qKQjaLBBsug2QoL0sqBnOiCmHZHiQ5Vz1NXrny9XuI\/TOepM+Sb+fnJFk2d5tDoltaTjkf\/6\/\/+PMLmY+OKObxev\/\/uvf3HtTSh6k0ayMKkQnmOVyw0Rg1W67FspYK1qhA+PMuIZr6XdbFrVgpdH1buuELgWrcMoJ77Eq2HsRK8kmT1nLJTufnJ+x3Q37a+QNr0xsTBwx0myW70UZZE1nSxGCYCTK6AAL+FqUTAnPVqZt8YEt7W5bSc5ub4SHZTgvdW1cKxxTJMxKTS7YuFTyQ4RBkSkOy5LlOK44CyaGZGYrdz9CCQlMfmNvDalyzRW7\/fn2ZibaxWto3dvj+9AolY154ZZGqd329ub2P7MxtrMPUTJ4H6TQleMk8uxbxvH3KAo+wljsEc5xqZnQrOY5drDuL1w6KY6Fs4prT6+sM2uZohzZG0qY220RQw7z72aBw6eAg0gSwkWJTAot9ntZ9ZE4yfoPfMmViS37O0xXeCMrzt5eqzVsHM04WzlRz4tVCNY\/G49L6BRKNBTbkRZhfGWHFCQIH0erDK\/8mJwdTy7G58OL0XvbFIuZbBtG76Ru5oXiH68LWFKa\/Mz9tS4LVpLuecEgULa8EcPL6dOnjCvZaCebVSiYd+VnGzKcTiab8\/NsEKSGeQFVsgqreXF+cVGwlSAl8+LsD2dJkxfhqyhj+H41YJ8r6WxysbmcJEH4+vmCkoSn55MrOCc\/CgT6dy3fDFMEnjFEwG5+Dw2TNVSkp4KNF7Mxx2+HFrOxXXwzs4s3zrQmro10VJs9ZgAuUGlruabv2ot2icdUwFGzZNcGxQroKKOTAbWOt7KuZSn7fY8U+gD9grZj1PZUurKiyqZ246wRrqVyj2g9NNQDxd2ZN3gE00bsJfqwrkUYsB4VqfsJBf5\/BBgkCNgHKoHjAWasQdvve5rcoPeAq0A2rgXT2ICY5G49RDTBQmpxZUq0QaCmf0mhuIMzjqOtJ1P2HlL83omH8OdgIOIA5wmEBGRIjZggJ8hYQktKBHcBqbE5iBVclrqSa1lFT1hODrS7n1oYea15mwD3EB\/G65yMFDq5jMBoHDpEPoGShyqZ0ZlyZkml0FTNdzWUmABR85jcf2MShHrWosBczsRJygckfOmwAgzZW7X3KElPpSa96Iz0peyGmE9F2cGpH6S9JL4shQ19MPJSDLnquy3oCOFy3vAkPOSjpmq+NlBEKUKwvUz5NSuCY4hKNisx6jvri8B2Opx+OtgSFAxbUUnA\/zHuXmbcVaL+EtiFSb8Eu3h1gF3s+TLYPVH2BbBLkr4K7HYpeRx2YeMR7KanHnZf\/9rY\/mWydoCz4\/F+Mt0PgMBRiyBHOmYo9pDPFWAnJlUfIuGu8gx+psYh6oK+tKE3y4LJnYD7gVONWA+pPxjgB1pCE54QewMgUjejmdAm6HCfxILEwAWR1KBhWjh8QFK4ALcTUvYKiSphd69PCueJHnU9HxXv9xA53TO9Lrqdx+hLbnmZNqKlm91WEww4Gl\/30QS8LQgYAy9PSHLu6TQQ0mhAaBWXnjgz+QTQFr9KyfaA8PrIXIphn9NPG09HE5yYap5ArMHgqEhCJT4O10jM7U3HRI9GOoUVQfRp3gKS4awzDWVC6gR9\/l6UaWei6ODz8CkRAZeoL5RmSLeKB4HZRCD\/IXKaYDSK6AgMjTa7QHmhGsiidlsMOMSR+s5jG8\/cXe89TshKo+IOhx6xP+E1zUakU6TKTt6XvMojFh6VGbsJ7wm7sbDiuulUU2aUklmtSJcTUmiNhcdkgU9B+vYS3Ecp3tw3BhKOrTlkFKnTXAaa4hRm3IXWuQe8NY6YwSBFyGG4ttyRUVW3hNnp5VIqTJbUoOliwSmuWoJS5cXbmxqjWdGEGSSbX719Ry51m4+aBzHPHbYvvFfJurXs6tMJVC74Hs15JZc5cnSdQkQa+Jwq3xpwFKICg09lYURoarnpGnx\/L+x6EJGqcushJHn6I3qC2E6V4W9AX2qHonI6OZRrxsOgKlclJjGoYk82kP8TA1DNu23TqaLgwPR0leoYF8+mrU0XW50+uEpNQmjpEb8mk9R7d11KLhizE3Fzv8Mobfta6l4\/RINz5UrdlQiUWJfRhPqvIzVnMx\/twgl0PD4fvuB+Ps29y3L3pKV7fuVbvvtZse9fvcTPuxc48ch\/diKDJxjuGEnL\/cov00hN9JR1Cy3dmLvvOC1CuRIVyA5Y6cnRpdk8vB5DQLsWRLOO3kioGtI9fGnMP5OGITxRKn8tCbT3RmjjV8grhvldnnZ1dTXqRYzQ+GNsw+wY2ZV9Hudp15Ppiyfn3+HnlEDQ6vQ7+2T6Z\/CuacECdw1xoH8EYwtkRs0LbWokAWoRbMt1bz1ZXlBCsHb3DV22isUbFAaa82O\/gy5z910PVzL0Ln66593p5LTMLChcCRGekwnz30an5o8yp+d2\/rVdfke6j\/09KgMDmbWHveXq\/NTbOx76cK3EvKikB6BeP9NGiz+SUsjq\/n7Djv49sJSWSXUnqlSCu2dLE1ZHglLZn4j6zXDI3lLtsK5a2fI6G0iLFDU2ZH8Dv0FXgz6OLkeT4XDxPw==\" \/> \t\t<a href=\"https:\/\/www.pdf24.org\" target=\"_blank\" title=\"www.pdf24.org\" rel=\"nofollow\"><img src=\"https:\/\/citeelegance.net\/wp-content\/plugins\/pdf24-posts-to-pdf\/img\/pdf_32x32.png\" alt=\"\" border=\"0\" height=\"32\" \/><\/a> \t\t<span class=\"pdf24Plugin-cp-space\">&nbsp;&nbsp;<\/span> \t\t<span class=\"pdf24Plugin-cp-text\">Send article as PDF<\/span> \t\t<span class=\"pdf24Plugin-cp-space\">&nbsp;&nbsp;<\/span> \t\t<input class=\"pdf24Plugin-cp-input\" style=\"margin: 0px;\" type=\"text\" name=\"sendEmailTo\" placeholder=\"Enter email address\" \/> \t\t<input class=\"pdf24Plugin-cp-submit\" style=\"margin: 0px;\" type=\"submit\" value=\"Send\" \/> \t<\/form> <\/div>","protected":false},"excerpt":{"rendered":"<p>L\u2019association culture paix et d\u00e9veloppement a organis\u00e9 une conf\u00e9rence de presse ce jeudi 06 mai 2021 \u00e0 Ouagadougou. L\u2019objectif de cette rencontre avec les hommes de m\u00e9dia \u00a0est d\u2019informer l\u2019opinion publique du lancement de la toute premi\u00e8re \u00e9dition du festival \u00ab\u00a0Les rencontres culturelles de Arboll\u00e9\u00a0\u00bb qui se tiendra du 14 au 16 mai 2021 sur [&hellip;]<\/p>\n","protected":false},"author":5,"featured_media":8365,"comment_status":"open","ping_status":"closed","sticky":false,"template":"","format":"standard","meta":{"footnotes":""},"categories":[2,13],"tags":[],"yoast_head":"<!-- This site is optimized with the Yoast SEO plugin v18.1 - https:\/\/yoast.com\/wordpress\/plugins\/seo\/ -->\n<title>Culture : La 1re \u00e9dition du festival \u00ab Les rencontres culturelles de Arboll\u00e9 \u00bb se tiendra du 14 au 16 mai 2021 - CITE ELEGANCE<\/title>\n<meta name=\"robots\" content=\"index, follow, max-snippet:-1, max-image-preview:large, max-video-preview:-1\" \/>\n<link rel=\"canonical\" href=\"https:\/\/citeelegance.net\/?p=8363\" \/>\n<meta property=\"og:locale\" content=\"fr_FR\" \/>\n<meta property=\"og:type\" content=\"article\" \/>\n<meta property=\"og:title\" content=\"Culture : La 1re \u00e9dition du festival \u00ab Les rencontres culturelles de Arboll\u00e9 \u00bb se tiendra du 14 au 16 mai 2021 - CITE ELEGANCE\" \/>\n<meta property=\"og:description\" content=\"L\u2019association culture paix et d\u00e9veloppement a organis\u00e9 une conf\u00e9rence de presse ce jeudi 06 mai 2021 \u00e0 Ouagadougou. L\u2019objectif de cette rencontre avec les hommes de m\u00e9dia \u00a0est d\u2019informer l\u2019opinion publique du lancement de la toute premi\u00e8re \u00e9dition du festival \u00ab\u00a0Les rencontres culturelles de Arboll\u00e9\u00a0\u00bb qui se tiendra du 14 au 16 mai 2021 sur [&hellip;]\" \/>\n<meta property=\"og:url\" content=\"https:\/\/citeelegance.net\/?p=8363\" \/>\n<meta property=\"og:site_name\" content=\"CITE ELEGANCE\" \/>\n<meta property=\"article:published_time\" content=\"2021-05-06T12:42:18+00:00\" \/>\n<meta property=\"article:modified_time\" content=\"2021-05-06T16:51:16+00:00\" \/>\n<meta property=\"og:image\" content=\"https:\/\/citeelegance.net\/wp-content\/uploads\/2021\/05\/1-5.jpg\" \/>\n\t<meta property=\"og:image:width\" content=\"620\" \/>\n\t<meta property=\"og:image:height\" content=\"465\" \/>\n\t<meta property=\"og:image:type\" content=\"image\/jpeg\" \/>\n<meta name=\"twitter:label1\" content=\"\u00c9crit par\" \/>\n\t<meta name=\"twitter:data1\" content=\"Ismael KIEKIETA\" \/>\n\t<meta name=\"twitter:label2\" content=\"Dur\u00e9e de lecture estim\u00e9e\" \/>\n\t<meta name=\"twitter:data2\" content=\"2 minutes\" \/>\n<script type=\"application\/ld+json\" class=\"yoast-schema-graph\">{\"@context\":\"https:\/\/schema.org\",\"@graph\":[{\"@type\":\"WebSite\",\"@id\":\"https:\/\/citeelegance.net\/#website\",\"url\":\"https:\/\/citeelegance.net\/\",\"name\":\"CITE ELEGANCE\",\"description\":\"\",\"potentialAction\":[{\"@type\":\"SearchAction\",\"target\":{\"@type\":\"EntryPoint\",\"urlTemplate\":\"https:\/\/citeelegance.net\/?s={search_term_string}\"},\"query-input\":\"required name=search_term_string\"}],\"inLanguage\":\"fr-FR\"},{\"@type\":\"ImageObject\",\"@id\":\"https:\/\/citeelegance.net\/?p=8363#primaryimage\",\"inLanguage\":\"fr-FR\",\"url\":\"https:\/\/citeelegance.net\/wp-content\/uploads\/2021\/05\/1-5.jpg\",\"contentUrl\":\"https:\/\/citeelegance.net\/wp-content\/uploads\/2021\/05\/1-5.jpg\",\"width\":620,\"height\":465},{\"@type\":\"WebPage\",\"@id\":\"https:\/\/citeelegance.net\/?p=8363#webpage\",\"url\":\"https:\/\/citeelegance.net\/?p=8363\",\"name\":\"Culture : La 1re \u00e9dition du festival \u00ab Les rencontres culturelles de Arboll\u00e9 \u00bb se tiendra du 14 au 16 mai 2021 - CITE ELEGANCE\",\"isPartOf\":{\"@id\":\"https:\/\/citeelegance.net\/#website\"},\"primaryImageOfPage\":{\"@id\":\"https:\/\/citeelegance.net\/?p=8363#primaryimage\"},\"datePublished\":\"2021-05-06T12:42:18+00:00\",\"dateModified\":\"2021-05-06T16:51:16+00:00\",\"author\":{\"@id\":\"https:\/\/citeelegance.net\/#\/schema\/person\/981ee78db24e1c4cf407476788535aba\"},\"breadcrumb\":{\"@id\":\"https:\/\/citeelegance.net\/?p=8363#breadcrumb\"},\"inLanguage\":\"fr-FR\",\"potentialAction\":[{\"@type\":\"ReadAction\",\"target\":[\"https:\/\/citeelegance.net\/?p=8363\"]}]},{\"@type\":\"BreadcrumbList\",\"@id\":\"https:\/\/citeelegance.net\/?p=8363#breadcrumb\",\"itemListElement\":[{\"@type\":\"ListItem\",\"position\":1,\"name\":\"Accueil\",\"item\":\"https:\/\/citeelegance.net\/\"},{\"@type\":\"ListItem\",\"position\":2,\"name\":\"Culture : La 1re \u00e9dition du festival \u00ab Les rencontres culturelles de Arboll\u00e9 \u00bb se tiendra du 14 au 16 mai 2021\"}]},{\"@type\":\"Person\",\"@id\":\"https:\/\/citeelegance.net\/#\/schema\/person\/981ee78db24e1c4cf407476788535aba\",\"name\":\"Ismael KIEKIETA\",\"url\":\"https:\/\/citeelegance.net\/?author=5\"}]}<\/script>\n<!-- \/ Yoast SEO plugin. -->","yoast_head_json":{"title":"Culture : La 1re \u00e9dition du festival \u00ab Les rencontres culturelles de Arboll\u00e9 \u00bb se tiendra du 14 au 16 mai 2021 - CITE ELEGANCE","robots":{"index":"index","follow":"follow","max-snippet":"max-snippet:-1","max-image-preview":"max-image-preview:large","max-video-preview":"max-video-preview:-1"},"canonical":"https:\/\/citeelegance.net\/?p=8363","og_locale":"fr_FR","og_type":"article","og_title":"Culture : La 1re \u00e9dition du festival \u00ab Les rencontres culturelles de Arboll\u00e9 \u00bb se tiendra du 14 au 16 mai 2021 - CITE ELEGANCE","og_description":"L\u2019association culture paix et d\u00e9veloppement a organis\u00e9 une conf\u00e9rence de presse ce jeudi 06 mai 2021 \u00e0 Ouagadougou. L\u2019objectif de cette rencontre avec les hommes de m\u00e9dia \u00a0est d\u2019informer l\u2019opinion publique du lancement de la toute premi\u00e8re \u00e9dition du festival \u00ab\u00a0Les rencontres culturelles de Arboll\u00e9\u00a0\u00bb qui se tiendra du 14 au 16 mai 2021 sur [&hellip;]","og_url":"https:\/\/citeelegance.net\/?p=8363","og_site_name":"CITE ELEGANCE","article_published_time":"2021-05-06T12:42:18+00:00","article_modified_time":"2021-05-06T16:51:16+00:00","og_image":[{"width":620,"height":465,"url":"https:\/\/citeelegance.net\/wp-content\/uploads\/2021\/05\/1-5.jpg","type":"image\/jpeg"}],"twitter_misc":{"\u00c9crit par":"Ismael KIEKIETA","Dur\u00e9e de lecture estim\u00e9e":"2 minutes"},"schema":{"@context":"https:\/\/schema.org","@graph":[{"@type":"WebSite","@id":"https:\/\/citeelegance.net\/#website","url":"https:\/\/citeelegance.net\/","name":"CITE ELEGANCE","description":"","potentialAction":[{"@type":"SearchAction","target":{"@type":"EntryPoint","urlTemplate":"https:\/\/citeelegance.net\/?s={search_term_string}"},"query-input":"required name=search_term_string"}],"inLanguage":"fr-FR"},{"@type":"ImageObject","@id":"https:\/\/citeelegance.net\/?p=8363#primaryimage","inLanguage":"fr-FR","url":"https:\/\/citeelegance.net\/wp-content\/uploads\/2021\/05\/1-5.jpg","contentUrl":"https:\/\/citeelegance.net\/wp-content\/uploads\/2021\/05\/1-5.jpg","width":620,"height":465},{"@type":"WebPage","@id":"https:\/\/citeelegance.net\/?p=8363#webpage","url":"https:\/\/citeelegance.net\/?p=8363","name":"Culture : La 1re \u00e9dition du festival \u00ab Les rencontres culturelles de Arboll\u00e9 \u00bb se tiendra du 14 au 16 mai 2021 - CITE ELEGANCE","isPartOf":{"@id":"https:\/\/citeelegance.net\/#website"},"primaryImageOfPage":{"@id":"https:\/\/citeelegance.net\/?p=8363#primaryimage"},"datePublished":"2021-05-06T12:42:18+00:00","dateModified":"2021-05-06T16:51:16+00:00","author":{"@id":"https:\/\/citeelegance.net\/#\/schema\/person\/981ee78db24e1c4cf407476788535aba"},"breadcrumb":{"@id":"https:\/\/citeelegance.net\/?p=8363#breadcrumb"},"inLanguage":"fr-FR","potentialAction":[{"@type":"ReadAction","target":["https:\/\/citeelegance.net\/?p=8363"]}]},{"@type":"BreadcrumbList","@id":"https:\/\/citeelegance.net\/?p=8363#breadcrumb","itemListElement":[{"@type":"ListItem","position":1,"name":"Accueil","item":"https:\/\/citeelegance.net\/"},{"@type":"ListItem","position":2,"name":"Culture : La 1re \u00e9dition du festival \u00ab Les rencontres culturelles de Arboll\u00e9 \u00bb se tiendra du 14 au 16 mai 2021"}]},{"@type":"Person","@id":"https:\/\/citeelegance.net\/#\/schema\/person\/981ee78db24e1c4cf407476788535aba","name":"Ismael KIEKIETA","url":"https:\/\/citeelegance.net\/?author=5"}]}},"_links":{"self":[{"href":"https:\/\/citeelegance.net\/index.php?rest_route=\/wp\/v2\/posts\/8363"}],"collection":[{"href":"https:\/\/citeelegance.net\/index.php?rest_route=\/wp\/v2\/posts"}],"about":[{"href":"https:\/\/citeelegance.net\/index.php?rest_route=\/wp\/v2\/types\/post"}],"author":[{"embeddable":true,"href":"https:\/\/citeelegance.net\/index.php?rest_route=\/wp\/v2\/users\/5"}],"replies":[{"embeddable":true,"href":"https:\/\/citeelegance.net\/index.php?rest_route=%2Fwp%2Fv2%2Fcomments&post=8363"}],"version-history":[{"count":3,"href":"https:\/\/citeelegance.net\/index.php?rest_route=\/wp\/v2\/posts\/8363\/revisions"}],"predecessor-version":[{"id":8369,"href":"https:\/\/citeelegance.net\/index.php?rest_route=\/wp\/v2\/posts\/8363\/revisions\/8369"}],"wp:featuredmedia":[{"embeddable":true,"href":"https:\/\/citeelegance.net\/index.php?rest_route=\/wp\/v2\/media\/8365"}],"wp:attachment":[{"href":"https:\/\/citeelegance.net\/index.php?rest_route=%2Fwp%2Fv2%2Fmedia&parent=8363"}],"wp:term":[{"taxonomy":"category","embeddable":true,"href":"https:\/\/citeelegance.net\/index.php?rest_route=%2Fwp%2Fv2%2Fcategories&post=8363"},{"taxonomy":"post_tag","embeddable":true,"href":"https:\/\/citeelegance.net\/index.php?rest_route=%2Fwp%2Fv2%2Ftags&post=8363"}],"curies":[{"name":"wp","href":"https:\/\/api.w.org\/{rel}","templated":true}]}}