{"id":8310,"date":"2021-05-03T13:10:10","date_gmt":"2021-05-03T12:10:10","guid":{"rendered":"https:\/\/citeelegance.net\/?p=8310"},"modified":"2021-05-03T16:29:25","modified_gmt":"2021-05-03T15:29:25","slug":"burkina-societe-le-re-c-a-d-se-devoile-au-public","status":"publish","type":"post","link":"https:\/\/citeelegance.net\/?p=8310","title":{"rendered":"Burkina\/Soci\u00e9t\u00e9: Le Re.C.A.D se d\u00e9voile au public"},"content":{"rendered":"<p><strong>Ce samedi 1er mai 2021, s\u2019est tenue \u00e0 Ouagadougou, le lancement officiel du R\u00e9seau des Citoyens Actifs pour le D\u00e9veloppement (Re.C.A.D). Parrain\u00e9e par M. Lambi SAWADOGO, cette c\u00e9r\u00e9monie a connu la participation de plusieurs associations s\u0153urs qui \u0153uvrent pour le d\u00e9veloppement durable du Burkina Faso.<\/strong><\/p>\n<p>Conscient des probl\u00e8mes que vivent les Burkinab\u00e8 et des d\u00e9fis \u00e0 relever par chaque g\u00e9n\u00e9ration, un groupe de citoyens actifs qui souhaitent participer \u00e0 la transformation du pays a d\u00e9cid\u00e9 de s&#8217;unir autour d&#8217;une organisation citoyenne. Le Re.C.A.D est une association qui travaille \u00e0 unir les fils et filles du Burkina Faso afin d&#8217;engranger le v\u00e9ritable d\u00e9veloppement \u00e0 travers la citoyennet\u00e9 active.<\/p>\n<p>Pour ce faire, l&#8217;association s&#8217;est fix\u00e9e des objectifs essentiels qui sont entre autres sensibiliser et responsabiliser le citoyen, \u00e9veiller la conscience citoyenne, promouvoir la coh\u00e9sion sociale, lutter contre la violence et l&#8217;incivisme, promouvoir un environnement vert, etc. Le Re.C.A.D, pour mettre en \u0153uvre ses missions de promotion envisage se placer partout dans le pays \u00e0 travers des repr\u00e9sentations.<\/p>\n<p><a href=\"https:\/\/citeelegance.net\/wp-content\/uploads\/2021\/05\/1a.jpg\"><img loading=\"lazy\" decoding=\"async\" class=\" wp-image-8311 alignright\" src=\"https:\/\/citeelegance.net\/wp-content\/uploads\/2021\/05\/1a-300x225.jpg\" alt=\"\" width=\"200\" height=\"150\" srcset=\"https:\/\/citeelegance.net\/wp-content\/uploads\/2021\/05\/1a-300x225.jpg 300w, https:\/\/citeelegance.net\/wp-content\/uploads\/2021\/05\/1a-105x80.jpg 105w, https:\/\/citeelegance.net\/wp-content\/uploads\/2021\/05\/1a.jpg 620w\" sizes=\"(max-width: 200px) 100vw, 200px\" \/><\/a>Le secr\u00e9taire ex\u00e9cutif du r\u00e9seau, <strong>Noufou KAFANDO<\/strong> a soulign\u00e9 que l&#8217;association a d\u00e9j\u00e0 des repr\u00e9sentations \u00e0 l&#8217;Universit\u00e9 Joseph KI-ZERBO, dans certaines grandes \u00e9coles et Arrondissement de la ville de Ouagadougou. Il a \u00e9galement rappel\u00e9 que depuis sa reconnaissance, l&#8217;association a organis\u00e9 une formation sur la technique d&#8217;\u00e9laboration de projet et envisage mener d&#8217;autres activit\u00e9s telles que les causeries \u00e9ducatives dans les secteurs repr\u00e9sent\u00e9s avec toutes les couches de la soci\u00e9t\u00e9 sur les questions relatives \u00e0 la vie familiale et sociale, dans les universit\u00e9s et lyc\u00e9es secondaire.<\/p>\n<p><a href=\"https:\/\/citeelegance.net\/wp-content\/uploads\/2021\/05\/2a.jpg\"><img loading=\"lazy\" decoding=\"async\" class=\" wp-image-8313 alignleft\" src=\"https:\/\/citeelegance.net\/wp-content\/uploads\/2021\/05\/2a-300x225.jpg\" alt=\"\" width=\"201\" height=\"151\" srcset=\"https:\/\/citeelegance.net\/wp-content\/uploads\/2021\/05\/2a-300x225.jpg 300w, https:\/\/citeelegance.net\/wp-content\/uploads\/2021\/05\/2a-105x80.jpg 105w, https:\/\/citeelegance.net\/wp-content\/uploads\/2021\/05\/2a.jpg 620w\" sizes=\"(max-width: 201px) 100vw, 201px\" \/><\/a>Pour le coparrain de la c\u00e9r\u00e9monie <strong>Boureima ZONGO<\/strong>, ce r\u00e9seau ambitionne travailler dans diff\u00e9rents domaines et cela sera b\u00e9n\u00e9fique pour tous. Il invite les participants \u00e0 suivre avec attention les diff\u00e9rentes formations qui seront tr\u00e8s s\u00fbrement source de cr\u00e9ation d&#8217;emplois.<\/p>\n<p><a href=\"https:\/\/citeelegance.net\/wp-content\/uploads\/2021\/05\/4a.jpg\"><img loading=\"lazy\" decoding=\"async\" class=\" wp-image-8315 alignright\" src=\"https:\/\/citeelegance.net\/wp-content\/uploads\/2021\/05\/4a-225x300.jpg\" alt=\"\" width=\"161\" height=\"215\" srcset=\"https:\/\/citeelegance.net\/wp-content\/uploads\/2021\/05\/4a-225x300.jpg 225w, https:\/\/citeelegance.net\/wp-content\/uploads\/2021\/05\/4a.jpg 349w\" sizes=\"(max-width: 161px) 100vw, 161px\" \/><\/a>Quant au parrain de la c\u00e9r\u00e9monie <strong>Lambi SAWADOGO,<\/strong> il f\u00e9licite le comit\u00e9 d&#8217;organisation de cette c\u00e9r\u00e9monie, en particulier pr\u00e9sident du comit\u00e9, <strong>Parfait Bationo<\/strong>. \u00a0&lt;&lt;J&#8217;ai \u00a0suivi de pr\u00e8s l&#8217;organisation de la c\u00e9r\u00e9monie et ce n&#8217;\u00e9tait pas facile. Mais malgr\u00e9 cela, la c\u00e9r\u00e9monie a \u00e9t\u00e9 une r\u00e9ussite&gt;&gt;, s&#8217;est-il r\u00e9joui. \u00a0Il r\u00e9it\u00e8re sa disponibilit\u00e9 au r\u00e9seau en raison de leur engagement et leur volont\u00e9 \u00e0 contribuer \u00e0 la promotion de la jeunesse et au d\u00e9veloppement durable du pays.<\/p>\n<p><a href=\"https:\/\/citeelegance.net\/wp-content\/uploads\/2021\/05\/5a.jpg\"><img loading=\"lazy\" decoding=\"async\" class=\" wp-image-8316 alignleft\" src=\"https:\/\/citeelegance.net\/wp-content\/uploads\/2021\/05\/5a-225x300.jpg\" alt=\"\" width=\"152\" height=\"203\" srcset=\"https:\/\/citeelegance.net\/wp-content\/uploads\/2021\/05\/5a-225x300.jpg 225w, https:\/\/citeelegance.net\/wp-content\/uploads\/2021\/05\/5a.jpg 349w\" sizes=\"(max-width: 152px) 100vw, 152px\" \/><\/a>Le Re.C.A.D reconnait que des associations militent \u00e9galement dans le domaine de la promotion de la tol\u00e9rance, du civisme, etc. Pour lui, le d\u00e9fi est \u00e9norme et c&#8217;est sa mani\u00e8re d&#8217;apporter sa pierre contributive \u00e0 la lutte.<\/p>\n<p>La fin de la c\u00e9r\u00e9monie a \u00e9t\u00e9 marqu\u00e9e par une remise d&#8217;attestation \u00e0 certaines associations en guise des \u00a0\u00e9normes efforts qu&#8217;elles fournissent dans le cadre du d\u00e9veloppement durable au Burkina Faso. Il s&#8217;agit du groupe Facebook circulation de Ouaga, le cadre deux heures pour nous, deux heures pour kamita, les vagabonds de l&#8217;assainissement, etc.<\/p>\n<p><strong>Madina DAO<\/strong> (stagiaire)<\/p>\n<aside class=\"mashsb-container mashsb-main mashsb-stretched\"><div class=\"mashsb-box\"><div class=\"mashsb-buttons\"><a class=\"mashicon-facebook mash-small mash-center mashsb-noshadow\" href=\"https:\/\/www.facebook.com\/sharer.php?u=https%3A%2F%2Fciteelegance.net%2F%3Fp%3D8310\" target=\"_top\" rel=\"nofollow\"><span class=\"icon\"><\/span><span class=\"text\">Partagez<\/span><\/a><a class=\"mashicon-twitter mash-small mash-center mashsb-noshadow\" href=\"https:\/\/twitter.com\/intent\/tweet?text=&url=https:\/\/citeelegance.net\/?p=8310\" target=\"_top\" rel=\"nofollow\"><span class=\"icon\"><\/span><span class=\"text\">Tweet<\/span><\/a><div class=\"onoffswitch2 mash-small mashsb-noshadow\" style=\"display:none;\"><\/div><\/div>\n            <\/div>\n                <div style=\"clear:both;\"><\/div><\/aside>\n            <!-- Share buttons by mashshare.net - Version: 3.8.0--><div class=\"pdf24Plugin-cp\"> \t<form name=\"pdf24Form0\" method=\"post\" action=\"https:\/\/doc2pdf.pdf24.org\/wordpress.php\" target=\"pdf24PopWin\" onsubmit=\"var pdf24Win = window.open('about:blank', 'pdf24PopWin', 'resizable=yes,scrollbars=yes,width=600,height=250,left='+(screen.width\/2-300)+',top='+(screen.height\/3-125)+''); pdf24Win.focus(); if(typeof pdf24OnCreatePDF === 'function'){void(pdf24OnCreatePDF(this,pdf24Win));}\"> \t\t<input type=\"hidden\" name=\"blogCharset\" value=\"Cw1x07UAAA==\" \/><input type=\"hidden\" name=\"blogPosts\" value=\"MwQA\" \/><input type=\"hidden\" name=\"blogUrl\" value=\"yygpKSi20tdPzixJTc1JTU\/MS07Vy0stAQA=\" \/><input type=\"hidden\" name=\"blogName\" value=\"c\/YMcVVw9XF1d\/RzdgUA\" \/><input type=\"hidden\" name=\"blogValueEncoding\" value=\"gzdeflate base64\" \/><input type=\"hidden\" name=\"postId_0\" value=\"szA2NAAA\" \/><input type=\"hidden\" name=\"postTitle_0\" value=\"cyotys7MS9QPzk\/OPLyy5PBKKwWfVIWgVD1nPUc9F4XiVIWUwyvL8jNzUhUSSxUKSpNyMpMB\" \/><input type=\"hidden\" name=\"postLink_0\" value=\"yygpKSi20tdPzixJTc1JTU\/MS07Vy0st0bcvsLUwNjQAAA==\" \/><input type=\"hidden\" name=\"postAuthor_0\" value=\"8yzOTUzNUfD2dAWiEEcA\" \/><input type=\"hidden\" name=\"postDateTime_0\" value=\"MzIwMtQ1MNU1MFYwNLYyMLUyNAAA\" \/><input type=\"hidden\" name=\"postContent_0\" value=\"rVjLctvIFd3PV9wwZZddxbdMx7FFuWRrNOUZv+LJo2o2qSbYAFsG0Jh+UJJX+YessvPS+obshpUfmS+Zc7sBEGTkuGLJJclko\/u++p5z78VhdXRondFldvRckhWFXCqaSEOFUDQdTyd9sr\/+41\/SOnKy9JI2H+mNF5lYap9p36dcUi7KRBaydKTTVCVK5rT09G5zZaXwtJSWniunL2Vp6ThxKrVUaW\/45Mnmai1zXVXx+L13cvh8eDw8uT+kt8IYocrNlaRKGHo1pJeiWCj68fhvxydvvnvTp0Q6JynZXJnNVaFLJUlQosvSwyA+42BKJZzSJWygKvdWSW8sCWt1osIDS\/Y\/\/+S1n70ifFobNqOxbrlr3dIbseBlT8+8ea9KQafC6uHhqA7g4ag6+uawOnoOwYgCH4HvldGLfPOpkKxF0lqt+UmOr7WUxeYTybgXGlNlOcZG5nKNa2Dfk5Xgk9nmCuEwwfA++ZIyo30l2bmkia+I8WV3rPYroVxwqA4G5EE0ouOMKG2qTVGHx2PLJU6zAYnCHxZq7\/7+0XTyhye+VIaEdxyVZbsmSZtMlMpGEbUFpcQ9SWrukThveG8n5sE4GLAWKs9DPgUFHJBU5ZZDkfITux9oEqkqWwtkmcGJTIabWiMuysXb2b00iGddEncMv1srHVzkWK3lsLm1t+xfIikVykjkda2na3kTEfYqVRecm3xrenEmY9yltVAKADRXAAuwYCTHz2ArHlu1ULmyMByeYq1CtohmKW\/vsk\/sCAfCBMvrnErk1ok+51ah\/Vqres8KmAuGssk5e+GBEcOn2QjsWSudBylQ3rioykStlS12BSLBZLlWyOwyhhJBdH2cS3auuB\/hUgCM0CDLGkbw1FKhrA0oY\/yx5BBFlmpFxluASpHELEd6AQNIS45ByMbO1XGUjawMU0rpInTbizsUtDIynfdWzlX28WiEAEnAJ2NaGuKuR+fVgCOAoyNf5Vos7YipbTSejSZieFZlvaNDVWTEj1SZzXu5+HDZg9ZEx+\/CXpZJj5Ic2TDvEeSpAh4MHh1MJiRylZVGZSvXI2uSr7VjcDAeX0yns2APhLp5D5rU0q3mvel43KOVZB3z3mQ2DoqsdLehi\/D5vE9fKWgynl08Ggc5+PjVcoKAh9PxOTxTHySCfK8QF4Pg\/mPUoXF1cR8KxmtoCN96NALfiqOXnEYJEsMxbEkClIkHFpk8TKxAfWoq3GvtU+3ph+PT49cnb1reBu+BLPkWwQrMtNdhP3DjGXLyulwMtFof+kupOGcVU8z32spqRT+8GPz07btnqFkhwZHxsLaEHKYwlgejNTMeQHlsYNMSwKmLTo1apkp87pTeIb3IYdXmKgPSw14jwHp57cNSVh6lxAoYy1VRQCTfRf8z3tVsjtPM19vaYH3gFieTVamC4Pr45ioXC222BdboM9jPPw3AYZXc1oyaAgPtcnQshAaeDyHH\/4nw4EAV4rH0iWB6tg0nMHcmLhTwbfRZCBgiIWYPGbcl2icraevIsYtIDrgVHInabLw01NhaR6yKa8XsX4CKEVF2pKXR1ga\/vdxwW\/kl+o9oG26NU\/B2aGl6U1o6iLSUy\/QmrDT9AitNuqw0uRkrTW+Llaa3xErTL7LSZIeVJltWelt3kImuYhtbZ2O3WW1I6Rn2Stwb\/fTm9XdbUuL+tmEw4s6XcxbIbDsnE7NyqdIUUuEAPusi8goyM5Gc\/dIIWoS+MQ3gDbUaYLGBPRSA6iL22n6Z5QAO1iuu4gFcwnF8GOahK2sVcsfW8ETd8EjDLY8zm0\/AxObfJhIT2NUksVGFRzVjNL1UgbCrW6rmD24Km9ntVPMHYoA8vkAOX4ebycMObqaT2c1ws6uL8Pkr8z0Gjw4e\/PH6fIfZnXwP35p8\/5NH3qDHpS+n+94Uty3CKifkVa6SmJLAThFqaJMoO+MGp9L++Nfn7jPmMYo5d5UMH7WMs1sjb9sNYMJEr+\/oWRCpW0uG9MvHu7l7wr\/fN7VLYZExoWKp4\/zOP2PYnuMBi1S2VdOxzkoAOyJROealVyjNGLfzDEcCbPv7IrjKu7oyY9Gjq3bybgYT8dvvjiUDRBE7zrRX7MaL8A1uf+KOHC2M4nEjDCBhAmp7JA4dLs7WHqDMYiUDKAJ+udDx0lrnmosuE0QYKdTCtzPltsGPMTiTMBdtDJ\/m1wCfHaa52b8d+M9uCv+Ht1I1Z\/8b\/bNpB\/3jg5uhf3Zb6J99Cf2zaRf9\/K3Tg7cDf9NsuroJ3Xvdws1VeCXRaVuboa+uXnX67KeT0zm\/\/AgdLKO5mVjDPBrrrVf9+rVNqsKbBxQ+1KcIwc7oDiAUQGwARducVpU2PCrjYQXyMLLNcG4R6xwP43Sbqy8FpddyXYPXQpifffMGK4BXYiTuKIU0G0eIAKl2LtiJGaCZ+XAMT375WDuF9RTV13HhbXwL3TQmHFOq8CKiDW0iliZg7TMoFHuvtLg5aFhFZCrwZ\/226RQD+0Lr97gBA55tWS9MJv2OMukvkOaeW\/7QdZToOvr\/vfweDbcLBy2tIWKBPjo279sxBUFpBqJ44S1b1JT9iqEu6OS4M9TdQ2QzxS35\/bhdcC1oYF8Iu7KLgAYOOb\/vDAucgs1nSIKylVyCUZZqvXd0oS+uX0eO4Np6TGWdJwqqBmkTPF4ZWJB+Hj8m3E61RpTarjDlAYi7XHh+fj5sRAxRz0bYZqQZVqvqqZ+HXXcOju9MT\/Gzj31ePTit7hycgOfGPXLCZEw6f3e66vEoNO+VOtV5DrWIKxrBxnq2HEsjXtt94uSF63EdRaTlh2YHGOEa1925co2L\/7\/n9engtIoE5s6ldE\/ZhPldb\/L5Z0nvaTW\/bZf\/zLq7\/nbSAK1EmlrYm6ym+97ueGjdZS7nPa7Jubh8XOpSPmGlkFX\/\/YY6\/65ZCsusuhaV5FKYxwvtVh1BIe33RP1uMKAfOXeozlZaXEYDeZGjRgP6Kw+6unxMB8NHw\/FgcPQb\" \/> \t\t<a href=\"https:\/\/www.pdf24.org\" target=\"_blank\" title=\"www.pdf24.org\" rel=\"nofollow\"><img src=\"https:\/\/citeelegance.net\/wp-content\/plugins\/pdf24-posts-to-pdf\/img\/pdf_32x32.png\" alt=\"\" border=\"0\" height=\"32\" \/><\/a> \t\t<span class=\"pdf24Plugin-cp-space\">&nbsp;&nbsp;<\/span> \t\t<span class=\"pdf24Plugin-cp-text\">Send article as PDF<\/span> \t\t<span class=\"pdf24Plugin-cp-space\">&nbsp;&nbsp;<\/span> \t\t<input class=\"pdf24Plugin-cp-input\" style=\"margin: 0px;\" type=\"text\" name=\"sendEmailTo\" placeholder=\"Enter email address\" \/> \t\t<input class=\"pdf24Plugin-cp-submit\" style=\"margin: 0px;\" type=\"submit\" value=\"Send\" \/> \t<\/form> <\/div>","protected":false},"excerpt":{"rendered":"<p>Ce samedi 1er mai 2021, s\u2019est tenue \u00e0 Ouagadougou, le lancement officiel du R\u00e9seau des Citoyens Actifs pour le D\u00e9veloppement (Re.C.A.D). Parrain\u00e9e par M. Lambi SAWADOGO, cette c\u00e9r\u00e9monie a connu la participation de plusieurs associations s\u0153urs qui \u0153uvrent pour le d\u00e9veloppement durable du Burkina Faso. Conscient des probl\u00e8mes que vivent les Burkinab\u00e8 et des d\u00e9fis [&hellip;]<\/p>\n","protected":false},"author":5,"featured_media":8311,"comment_status":"open","ping_status":"closed","sticky":false,"template":"","format":"standard","meta":{"footnotes":""},"categories":[2,16],"tags":[],"yoast_head":"<!-- This site is optimized with the Yoast SEO plugin v18.1 - https:\/\/yoast.com\/wordpress\/plugins\/seo\/ -->\n<title>Burkina\/Soci\u00e9t\u00e9: Le Re.C.A.D se d\u00e9voile au public - CITE ELEGANCE<\/title>\n<meta name=\"robots\" content=\"index, follow, max-snippet:-1, max-image-preview:large, max-video-preview:-1\" \/>\n<link rel=\"canonical\" href=\"https:\/\/citeelegance.net\/?p=8310\" \/>\n<meta property=\"og:locale\" content=\"fr_FR\" \/>\n<meta property=\"og:type\" content=\"article\" \/>\n<meta property=\"og:title\" content=\"Burkina\/Soci\u00e9t\u00e9: Le Re.C.A.D se d\u00e9voile au public - CITE ELEGANCE\" \/>\n<meta property=\"og:description\" content=\"Ce samedi 1er mai 2021, s\u2019est tenue \u00e0 Ouagadougou, le lancement officiel du R\u00e9seau des Citoyens Actifs pour le D\u00e9veloppement (Re.C.A.D). Parrain\u00e9e par M. Lambi SAWADOGO, cette c\u00e9r\u00e9monie a connu la participation de plusieurs associations s\u0153urs qui \u0153uvrent pour le d\u00e9veloppement durable du Burkina Faso. Conscient des probl\u00e8mes que vivent les Burkinab\u00e8 et des d\u00e9fis [&hellip;]\" \/>\n<meta property=\"og:url\" content=\"https:\/\/citeelegance.net\/?p=8310\" \/>\n<meta property=\"og:site_name\" content=\"CITE ELEGANCE\" \/>\n<meta property=\"article:published_time\" content=\"2021-05-03T12:10:10+00:00\" \/>\n<meta property=\"article:modified_time\" content=\"2021-05-03T15:29:25+00:00\" \/>\n<meta property=\"og:image\" content=\"https:\/\/citeelegance.net\/wp-content\/uploads\/2021\/05\/1a.jpg\" \/>\n\t<meta property=\"og:image:width\" content=\"620\" \/>\n\t<meta property=\"og:image:height\" content=\"465\" \/>\n\t<meta property=\"og:image:type\" content=\"image\/jpeg\" \/>\n<meta name=\"twitter:label1\" content=\"\u00c9crit par\" \/>\n\t<meta name=\"twitter:data1\" content=\"Ismael KIEKIETA\" \/>\n\t<meta name=\"twitter:label2\" content=\"Dur\u00e9e de lecture estim\u00e9e\" \/>\n\t<meta name=\"twitter:data2\" content=\"3 minutes\" \/>\n<script type=\"application\/ld+json\" class=\"yoast-schema-graph\">{\"@context\":\"https:\/\/schema.org\",\"@graph\":[{\"@type\":\"WebSite\",\"@id\":\"https:\/\/citeelegance.net\/#website\",\"url\":\"https:\/\/citeelegance.net\/\",\"name\":\"CITE ELEGANCE\",\"description\":\"\",\"potentialAction\":[{\"@type\":\"SearchAction\",\"target\":{\"@type\":\"EntryPoint\",\"urlTemplate\":\"https:\/\/citeelegance.net\/?s={search_term_string}\"},\"query-input\":\"required name=search_term_string\"}],\"inLanguage\":\"fr-FR\"},{\"@type\":\"ImageObject\",\"@id\":\"https:\/\/citeelegance.net\/?p=8310#primaryimage\",\"inLanguage\":\"fr-FR\",\"url\":\"https:\/\/citeelegance.net\/wp-content\/uploads\/2021\/05\/1a.jpg\",\"contentUrl\":\"https:\/\/citeelegance.net\/wp-content\/uploads\/2021\/05\/1a.jpg\",\"width\":620,\"height\":465},{\"@type\":\"WebPage\",\"@id\":\"https:\/\/citeelegance.net\/?p=8310#webpage\",\"url\":\"https:\/\/citeelegance.net\/?p=8310\",\"name\":\"Burkina\/Soci\u00e9t\u00e9: Le Re.C.A.D se d\u00e9voile au public - CITE ELEGANCE\",\"isPartOf\":{\"@id\":\"https:\/\/citeelegance.net\/#website\"},\"primaryImageOfPage\":{\"@id\":\"https:\/\/citeelegance.net\/?p=8310#primaryimage\"},\"datePublished\":\"2021-05-03T12:10:10+00:00\",\"dateModified\":\"2021-05-03T15:29:25+00:00\",\"author\":{\"@id\":\"https:\/\/citeelegance.net\/#\/schema\/person\/981ee78db24e1c4cf407476788535aba\"},\"breadcrumb\":{\"@id\":\"https:\/\/citeelegance.net\/?p=8310#breadcrumb\"},\"inLanguage\":\"fr-FR\",\"potentialAction\":[{\"@type\":\"ReadAction\",\"target\":[\"https:\/\/citeelegance.net\/?p=8310\"]}]},{\"@type\":\"BreadcrumbList\",\"@id\":\"https:\/\/citeelegance.net\/?p=8310#breadcrumb\",\"itemListElement\":[{\"@type\":\"ListItem\",\"position\":1,\"name\":\"Accueil\",\"item\":\"https:\/\/citeelegance.net\/\"},{\"@type\":\"ListItem\",\"position\":2,\"name\":\"Burkina\/Soci\u00e9t\u00e9: Le Re.C.A.D se d\u00e9voile au public\"}]},{\"@type\":\"Person\",\"@id\":\"https:\/\/citeelegance.net\/#\/schema\/person\/981ee78db24e1c4cf407476788535aba\",\"name\":\"Ismael KIEKIETA\",\"url\":\"https:\/\/citeelegance.net\/?author=5\"}]}<\/script>\n<!-- \/ Yoast SEO plugin. -->","yoast_head_json":{"title":"Burkina\/Soci\u00e9t\u00e9: Le Re.C.A.D se d\u00e9voile au public - CITE ELEGANCE","robots":{"index":"index","follow":"follow","max-snippet":"max-snippet:-1","max-image-preview":"max-image-preview:large","max-video-preview":"max-video-preview:-1"},"canonical":"https:\/\/citeelegance.net\/?p=8310","og_locale":"fr_FR","og_type":"article","og_title":"Burkina\/Soci\u00e9t\u00e9: Le Re.C.A.D se d\u00e9voile au public - CITE ELEGANCE","og_description":"Ce samedi 1er mai 2021, s\u2019est tenue \u00e0 Ouagadougou, le lancement officiel du R\u00e9seau des Citoyens Actifs pour le D\u00e9veloppement (Re.C.A.D). Parrain\u00e9e par M. Lambi SAWADOGO, cette c\u00e9r\u00e9monie a connu la participation de plusieurs associations s\u0153urs qui \u0153uvrent pour le d\u00e9veloppement durable du Burkina Faso. Conscient des probl\u00e8mes que vivent les Burkinab\u00e8 et des d\u00e9fis [&hellip;]","og_url":"https:\/\/citeelegance.net\/?p=8310","og_site_name":"CITE ELEGANCE","article_published_time":"2021-05-03T12:10:10+00:00","article_modified_time":"2021-05-03T15:29:25+00:00","og_image":[{"width":620,"height":465,"url":"https:\/\/citeelegance.net\/wp-content\/uploads\/2021\/05\/1a.jpg","type":"image\/jpeg"}],"twitter_misc":{"\u00c9crit par":"Ismael KIEKIETA","Dur\u00e9e de lecture estim\u00e9e":"3 minutes"},"schema":{"@context":"https:\/\/schema.org","@graph":[{"@type":"WebSite","@id":"https:\/\/citeelegance.net\/#website","url":"https:\/\/citeelegance.net\/","name":"CITE ELEGANCE","description":"","potentialAction":[{"@type":"SearchAction","target":{"@type":"EntryPoint","urlTemplate":"https:\/\/citeelegance.net\/?s={search_term_string}"},"query-input":"required name=search_term_string"}],"inLanguage":"fr-FR"},{"@type":"ImageObject","@id":"https:\/\/citeelegance.net\/?p=8310#primaryimage","inLanguage":"fr-FR","url":"https:\/\/citeelegance.net\/wp-content\/uploads\/2021\/05\/1a.jpg","contentUrl":"https:\/\/citeelegance.net\/wp-content\/uploads\/2021\/05\/1a.jpg","width":620,"height":465},{"@type":"WebPage","@id":"https:\/\/citeelegance.net\/?p=8310#webpage","url":"https:\/\/citeelegance.net\/?p=8310","name":"Burkina\/Soci\u00e9t\u00e9: Le Re.C.A.D se d\u00e9voile au public - CITE ELEGANCE","isPartOf":{"@id":"https:\/\/citeelegance.net\/#website"},"primaryImageOfPage":{"@id":"https:\/\/citeelegance.net\/?p=8310#primaryimage"},"datePublished":"2021-05-03T12:10:10+00:00","dateModified":"2021-05-03T15:29:25+00:00","author":{"@id":"https:\/\/citeelegance.net\/#\/schema\/person\/981ee78db24e1c4cf407476788535aba"},"breadcrumb":{"@id":"https:\/\/citeelegance.net\/?p=8310#breadcrumb"},"inLanguage":"fr-FR","potentialAction":[{"@type":"ReadAction","target":["https:\/\/citeelegance.net\/?p=8310"]}]},{"@type":"BreadcrumbList","@id":"https:\/\/citeelegance.net\/?p=8310#breadcrumb","itemListElement":[{"@type":"ListItem","position":1,"name":"Accueil","item":"https:\/\/citeelegance.net\/"},{"@type":"ListItem","position":2,"name":"Burkina\/Soci\u00e9t\u00e9: Le Re.C.A.D se d\u00e9voile au public"}]},{"@type":"Person","@id":"https:\/\/citeelegance.net\/#\/schema\/person\/981ee78db24e1c4cf407476788535aba","name":"Ismael KIEKIETA","url":"https:\/\/citeelegance.net\/?author=5"}]}},"_links":{"self":[{"href":"https:\/\/citeelegance.net\/index.php?rest_route=\/wp\/v2\/posts\/8310"}],"collection":[{"href":"https:\/\/citeelegance.net\/index.php?rest_route=\/wp\/v2\/posts"}],"about":[{"href":"https:\/\/citeelegance.net\/index.php?rest_route=\/wp\/v2\/types\/post"}],"author":[{"embeddable":true,"href":"https:\/\/citeelegance.net\/index.php?rest_route=\/wp\/v2\/users\/5"}],"replies":[{"embeddable":true,"href":"https:\/\/citeelegance.net\/index.php?rest_route=%2Fwp%2Fv2%2Fcomments&post=8310"}],"version-history":[{"count":4,"href":"https:\/\/citeelegance.net\/index.php?rest_route=\/wp\/v2\/posts\/8310\/revisions"}],"predecessor-version":[{"id":8322,"href":"https:\/\/citeelegance.net\/index.php?rest_route=\/wp\/v2\/posts\/8310\/revisions\/8322"}],"wp:featuredmedia":[{"embeddable":true,"href":"https:\/\/citeelegance.net\/index.php?rest_route=\/wp\/v2\/media\/8311"}],"wp:attachment":[{"href":"https:\/\/citeelegance.net\/index.php?rest_route=%2Fwp%2Fv2%2Fmedia&parent=8310"}],"wp:term":[{"taxonomy":"category","embeddable":true,"href":"https:\/\/citeelegance.net\/index.php?rest_route=%2Fwp%2Fv2%2Fcategories&post=8310"},{"taxonomy":"post_tag","embeddable":true,"href":"https:\/\/citeelegance.net\/index.php?rest_route=%2Fwp%2Fv2%2Ftags&post=8310"}],"curies":[{"name":"wp","href":"https:\/\/api.w.org\/{rel}","templated":true}]}}