{"id":8202,"date":"2021-04-09T16:22:20","date_gmt":"2021-04-09T15:22:20","guid":{"rendered":"https:\/\/citeelegance.net\/?p=8202"},"modified":"2021-04-09T16:26:01","modified_gmt":"2021-04-09T15:26:01","slug":"burkina-le-forum-national-sur-le-foncier-et-la-cohesion-sociale-se-tiendra-du-14-au-16-avril","status":"publish","type":"post","link":"https:\/\/citeelegance.net\/?p=8202","title":{"rendered":"Burkina: Le forum national sur le foncier et la coh\u00e9sion sociale se tiendra du 14 au 16 avril"},"content":{"rendered":"<p><strong>En pr\u00e9lude au Forum sur le foncier la coh\u00e9sion sociale qui se tiendra les 14, 15 et 16 avril \u00e0 Ouagadougou, la Commission \u00e9piscopale \u00abJustice et Paix\u00a0\u00bb (CJP-Burkina) a anim\u00e9 une conf\u00e9rence de presse ce vendredi 9 avril 2021 \u00e0 Ouagadougou. L\u2019objectif de cette conf\u00e9rence \u00e9tait d\u2019\u00e9changer avec les hommes de m\u00e9dia sur la tenue de cet \u00e9v\u00e8nement. <\/strong><\/p>\n<p>Plac\u00e9 sous le th\u00e8me\u00a0: \u00ab\u00a0Etat de droit et gouvernance fonci\u00e8re\u00a0: quels engagements de l\u2019Etat et du citoyen pour une soci\u00e9t\u00e9 apais\u00e9e\u00a0?\u00a0\u00bb, ce forum se tiendra du 14 au 16 avril prochain au Centre National Cardinal Paul Zoungrana. Ledit forum sera plac\u00e9 sous la pr\u00e9sidence du pr\u00e9sident de la conf\u00e9rence Episcopale Burkina-Niger, Monseigneur Laurent B. DABIRE et le co-parrainage du ministre d\u2019Etat charg\u00e9 de la r\u00e9conciliation nationale et de la coh\u00e9sion sociale, Z\u00e9phirin DIABRE, du ministre de l\u2019urbanisme, de l\u2019habitat et de la ville, Me Benewende Stanislas SANKARA et du ministre de l\u2019agriculture, des am\u00e9nagements hydro-agricoles er de la m\u00e9canisation, Salifou OUEDRAOGO.<\/p>\n<p><a href=\"https:\/\/citeelegance.net\/wp-content\/uploads\/2021\/04\/2-4.jpg\"><img loading=\"lazy\" decoding=\"async\" class=\"size-medium wp-image-8205 alignleft\" src=\"https:\/\/citeelegance.net\/wp-content\/uploads\/2021\/04\/2-4-300x225.jpg\" alt=\"\" width=\"300\" height=\"225\" srcset=\"https:\/\/citeelegance.net\/wp-content\/uploads\/2021\/04\/2-4-300x225.jpg 300w, https:\/\/citeelegance.net\/wp-content\/uploads\/2021\/04\/2-4-105x80.jpg 105w, https:\/\/citeelegance.net\/wp-content\/uploads\/2021\/04\/2-4.jpg 621w\" sizes=\"(max-width: 300px) 100vw, 300px\" \/><\/a>Son objectif global est de contribuer \u00e0 une prise de conscience individuelle et collective sur la n\u00e9cessit\u00e9 d\u2019un sursaut national en vue de solutions concert\u00e9es, globales et durables \u00e0 la question fonci\u00e8re. Selon le secr\u00e9taire g\u00e9n\u00e9rale de la CJP-Burkina, <strong>Abb\u00e9 Herman Ouedraogo<\/strong>, il \u00a0y a eu beaucoup de rencontres pour traiter de cette question mais ils n\u2019ont pas eu une solution acceptable ou consensuelle pour tous les burkinab\u00e8. \u00ab\u00a0En mati\u00e8re de foncier, il y a des questions r\u00e9elles de justice sociale qui se posent et il est tout \u00e0 fait normal que nous puissions aborder ces questions avec courage ne serait-ce que pour pr\u00e9server les droits des uns et des autres\u00a0\u00bb, a-t-il remarqu\u00e9.<\/p>\n<p>Pour lui, pour arriver \u00e0 des solutions accept\u00e9es, il faut une volont\u00e9 politique des autorit\u00e9s mais aussi une collaboration de chaque citoyen.<\/p>\n<p>Pour ce forum, pr\u00e8s de 150 participants sont attendus et les travaux comprendront une communication introductive et cinq panels autours de plusieurs th\u00e8me (le foncier urbain : briser le cercle vicieux ; le foncier rural : pr\u00e9server la diversit\u00e9 et r\u00e9duire la marginalisation ; foncier et coh\u00e9sion sociale : pr\u00e9venir et gu\u00e9rir les conflits ; le droit foncier \u00e0 l\u2019\u00e9preuve de la r\u00e9alit\u00e9 sociale ; Quelles perspectives en mati\u00e8re de gestion fonci\u00e8re?). Il est attendu de ce forum qu\u2019il permette d\u2019une part de produire une analyse contextualis\u00e9e sur les enjeux et d\u00e9fis actuels de la gouvernance fonci\u00e8re et, d\u2019autre part, de formuler des propositions de recommandations susceptibles de contribuer \u00e0 la prise de d\u00e9cisions au niveau national. Abb\u00e9 Herman Ouedraogo esp\u00e8re que les r\u00e9sultats des travaux de ce forum contribueront \u00e0 faire de la terre des hommes int\u00e8gres une source de paix et de coh\u00e9sion sociale pour un Burkina prosp\u00e8re.<\/p>\n<p>En rappel, ce forum est organis\u00e9 dans le cadre d\u2019un programme triennal d\u00e9nomm\u00e9 <em>Programme Action pour la Paix et la Justice Sociale \u00e0 l\u2019Horizon 2021 (PAPJ) <\/em>et est ex\u00e9cut\u00e9 par la (CJP-Burkina) avec l\u2019appui financier de Misereor et du Secours Catholique Caritas France(SCCF).<\/p>\n<p><strong>Assata SINARE<\/strong><\/p>\n<aside class=\"mashsb-container mashsb-main mashsb-stretched\"><div class=\"mashsb-box\"><div class=\"mashsb-buttons\"><a class=\"mashicon-facebook mash-small mash-center mashsb-noshadow\" href=\"https:\/\/www.facebook.com\/sharer.php?u=https%3A%2F%2Fciteelegance.net%2F%3Fp%3D8202\" target=\"_top\" rel=\"nofollow\"><span class=\"icon\"><\/span><span class=\"text\">Partagez<\/span><\/a><a class=\"mashicon-twitter mash-small mash-center mashsb-noshadow\" href=\"https:\/\/twitter.com\/intent\/tweet?text=&url=https:\/\/citeelegance.net\/?p=8202\" target=\"_top\" rel=\"nofollow\"><span class=\"icon\"><\/span><span class=\"text\">Tweet<\/span><\/a><div class=\"onoffswitch2 mash-small mashsb-noshadow\" style=\"display:none;\"><\/div><\/div>\n            <\/div>\n                <div style=\"clear:both;\"><\/div><\/aside>\n            <!-- Share buttons by mashshare.net - Version: 3.8.0--><div class=\"pdf24Plugin-cp\"> \t<form name=\"pdf24Form0\" method=\"post\" action=\"https:\/\/doc2pdf.pdf24.org\/wordpress.php\" target=\"pdf24PopWin\" onsubmit=\"var pdf24Win = window.open('about:blank', 'pdf24PopWin', 'resizable=yes,scrollbars=yes,width=600,height=250,left='+(screen.width\/2-300)+',top='+(screen.height\/3-125)+''); pdf24Win.focus(); if(typeof pdf24OnCreatePDF === 'function'){void(pdf24OnCreatePDF(this,pdf24Win));}\"> \t\t<input type=\"hidden\" name=\"blogCharset\" value=\"Cw1x07UAAA==\" \/><input type=\"hidden\" name=\"blogPosts\" value=\"MwQA\" \/><input type=\"hidden\" name=\"blogUrl\" value=\"yygpKSi20tdPzixJTc1JTU\/MS07Vy0stAQA=\" \/><input type=\"hidden\" name=\"blogName\" value=\"c\/YMcVVw9XF1d\/RzdgUA\" \/><input type=\"hidden\" name=\"blogValueEncoding\" value=\"gzdeflate base64\" \/><input type=\"hidden\" name=\"postId_0\" value=\"szAyMAIA\" \/><input type=\"hidden\" name=\"postTitle_0\" value=\"FYqxDYAwDARX+RWQEAUlNUtYwQiLYEt2zE7MwWKE5oq7W9JPUZqxMnbzvKDUxJQqIh31t1qEHdxQCcWO94k+IKwI9R6MJqybE7bEMII6J9DtUj8=\" \/><input type=\"hidden\" name=\"postLink_0\" value=\"yygpKSi20tdPzixJTc1JTU\/MS07Vy0st0bcvsLUwMjACAA==\" \/><input type=\"hidden\" name=\"postAuthor_0\" value=\"8yzOTUzNUfD2dAWiEEcA\" \/><input type=\"hidden\" name=\"postDateTime_0\" value=\"MzIwMtQ1MNE1sFQwNLMyMLEyMgAA\" \/><input type=\"hidden\" name=\"postContent_0\" value=\"rVfNchu5Eb7vUyCsckqq4pAUbW05sigVLUu7dtY2IyY57CUFzoAz8M4AI\/yQlE95jb3pKNY+Qm7im+RJ8jUwQ1GMcohrt1yrIQbo\/rrx9dc9p\/XZqXVGq\/zsUrHabNalzwTjnl1p4ytmvWGlYHOtUinwyFmqi83aSq2Y1ankeHnjJbOCOSlUZji2W3b0qsuOjplw7Oh7xhdGlmxzxz57nvNM+1z7Lpm60FUlbbC1WdfSpromew+\/ffDWyVTQ+QmXq4e7h3+xg4sPk+StN79IxQ8ZZ1zJarNmXglAUvPN2giFIwBfG2GBBz8WhEhkkv2pATEcDI\/2kPTYT\/\/+56969kWkTs7pfCqce2p0s3ZcOpZh42adFlzlyAVfiDQEWyAM\/MFJAMokj0njzAnlRWMQJhabeyUqoVyPnfabnJ\/267PvTuuzSclTBGO1t5RuV2zuK\/Fwd4JcPNxdOu7ITGY0QMAWUC+EUZyghZvZ3Juw+8aL0jKhcp4HTwFUCdTBBE5mnqXS6VuBu9ZASdmja0SAcM9rLu1mDVPnlPIuC\/YDDR6vFyaOXhFBtjdbG42cSEWLF\/BqBPvEHW6Vl+yCm0zSw4T7kv2svcoNVxxJx7W4rXXYrXdTwAMVrczinfrHnyETgYaP13P5yJ2GIMkniSvqso9aWSFzJRDrT9wbOv+2x96N376\/vqSElHTRSc2NQQDIGvmqpJKWosjazCE8kwNcdA0oKWW9lCFKpppgA19bdHtF0mU\/g+KFNEjTu\/fjt9eX3aeu4j15MwOvbYX9zUrBZ7K9vGB6IUsy9xGxCiWWuBTBpo5Oldyy6fjTn8fX4+au983z3MjUlw6JIAeWcTBWbclS3IJiSdikidggefSJXSl5CIF22ZSXcq49+\/y3y3fX488\/fO61PD7lrDBiPuoUztX2pN8H24QoRU5c7Snh+ss6QfJQGq7v61LzzPapKPuDV\/1h8qr3pc47Z6eyyhm9kyofdUr+9bYDIKmOv7m9VWmHpQjXjjpWfhVJBTKBR7AtK0STvB4OjhlA5qoUc9dh1qTfDCl5ORishsPjAA1G3ajTYUuZuWLUwasOK0CwAqvYEzxZ4X4XZwzPyy77VktHg+PV60EwhMdvNxQsfD88WiI45BopP6j4KgkZOCGM9eoQHgYLuAi\/OqwPXeNnU7B\/K6t5qWdQAWEDjcmdkTMPgkGMSYRqI61oXlm0GiprqTK5kBk0LZYWSFmStYVoFVaBl9B6SeJFxeoVvbHcu21RQg3ZIsqw1aWnRUtOUmFwSthuA43oTjVj+IyeAQv2oac2lPhWZXtsKkosAJEVqQmNAfUFcQAWQxoQK2anWXVZ22HHsxmA\/ihMxRVakICc6lxvm0GXQUwf7m7R3IRnM8F9qn1NBknmKGUAFmTbQa1crM7YrLZAKyg4zFimqKlB7WqIAqxFoY\/xM56monYUKEMVU8aFsjHN0XxsQ5bNYgSzzX0vdiJy4EIiyHczFQTchJoUpUViSSbJZOhBX5qGvjcy1NqSIiPxMnIDnh3lfk7tVmkkqiSLeASi2sdhAbI10yZD\/OkTh6EhI2WGdJziFZSmJA3piZGFNiLMgkYZQkYd1QbcXkUCkCh6ynTsgDxxCbAZUXFz4zfrrdJNyFzpZTcaRgORi0hnMvFItZjryDQYmhM36TIWGjQi3ta6lE7eBIoG39oQn228Su4RcjPklCXFHXsO3XzB6VTTz58Caxt3lyK+D1dwdDwAGQyuQdac1N4SPTjYozJvYy+0xKwF9yt4qzBGoeHTpui+qrySaXQvQUad+ViMVJpS3cC6ovGDQkARhkms9FYK+hEnGnawM0tSr0M3PGEzqv0wZqIoU\/xZAKMAiDe7o6fBvZbYvXuFoBxlPQoAYOBV5qkeqWehZdPk0XQtGGstBSnZH2KjYQyMMmzIcddGRpbQqFESTwKeOIW1tkgnwlSIbGEoe5wQ4NiFcSaaf8P+4mM11MBbRxmjUe1JQeX7cnN+2GPvY2k0NxVrvhmcbjx80wQGSQk6EEVQhIuOo7COCaFFzF3lrY3qK1bOU25AzGbGJzBfKOtUBZv1nMiXujBQxqCenTqxuxu8hqIJfrtRGkzlyyBRllCg0mUsiCBnxCauMh6XrLdUJHLWqMXT9hCGwaY7AFgqGw3wTCGH9KeR+h57XmCRvjpgpXIhF8QgTEG8Kf2W87uZfYRABRAVybTXC+k1sVyb0R\/lsLnPTZAREjlvmi8RfLw0k9t\/M64ZwNuRlbIUcW5LGXJreF2LcmcSJypok9M0Rk2Pq\/DBkPLMtLdPhjBkAxgiQyelJoi8KUDFiVNRnU22G8Zp4FuAgsAmDV48tp9g0wZtQ\/QfoU5fcSJ8SB1MxpMPh\/iagU2cImhihRvyQdd4MLn32Ra+mYguNdSczSXRScZO9pFUQGjTzK5TkQYZueCugETS3eFjArOwZVeGSHgwvbi4OnwcPdsma1HwnE3ffxpfX+59aHH6hGgnx4rbws7C6AMdAoZmoSJVap5peHZpITIMpZCavaMzvXp+3TsHinZoHN55g6laJXOeipnWvwQPiUWDK+Njik74CEJpW+ADFUPX03l6uVz2WhM9VFEf24wwvbqoz\/0o7HrxcvxieIV\/+4Merb68ql+8fIf5eNhhDgpJs+o\/nK47KMpy1FF6jjYDt0gn5LxFT8ix1Ke1p29ISDpnE5Q9mu7Xdgemv2dCd0vp2hD\/\/8ib0yFoGadVtxTCnROE0R+9KUf\/c8I9r0e\/d8h\/Jd+78e7QQMPm3AJvWgz3o30SoXW3pRh1Mmnx9Xt7orQSb8gpbDX\/\/47t\/PfMUlgm140ptE9uTmbaFTuGAu33TP0hSdiUuMMatrLZbQRIi5Q1lrC\/U2\/VCmN+73VvkCRn\/wE=\" \/> \t\t<a href=\"https:\/\/www.pdf24.org\" target=\"_blank\" title=\"www.pdf24.org\" rel=\"nofollow\"><img src=\"https:\/\/citeelegance.net\/wp-content\/plugins\/pdf24-posts-to-pdf\/img\/pdf_32x32.png\" alt=\"\" border=\"0\" height=\"32\" \/><\/a> \t\t<span class=\"pdf24Plugin-cp-space\">&nbsp;&nbsp;<\/span> \t\t<span class=\"pdf24Plugin-cp-text\">Send article as PDF<\/span> \t\t<span class=\"pdf24Plugin-cp-space\">&nbsp;&nbsp;<\/span> \t\t<input class=\"pdf24Plugin-cp-input\" style=\"margin: 0px;\" type=\"text\" name=\"sendEmailTo\" placeholder=\"Enter email address\" \/> \t\t<input class=\"pdf24Plugin-cp-submit\" style=\"margin: 0px;\" type=\"submit\" value=\"Send\" \/> \t<\/form> <\/div>","protected":false},"excerpt":{"rendered":"<p>En pr\u00e9lude au Forum sur le foncier la coh\u00e9sion sociale qui se tiendra les 14, 15 et 16 avril \u00e0 Ouagadougou, la Commission \u00e9piscopale \u00abJustice et Paix\u00a0\u00bb (CJP-Burkina) a anim\u00e9 une conf\u00e9rence de presse ce vendredi 9 avril 2021 \u00e0 Ouagadougou. L\u2019objectif de cette conf\u00e9rence \u00e9tait d\u2019\u00e9changer avec les hommes de m\u00e9dia sur la tenue [&hellip;]<\/p>\n","protected":false},"author":5,"featured_media":8204,"comment_status":"open","ping_status":"closed","sticky":false,"template":"","format":"standard","meta":{"footnotes":""},"categories":[2,6],"tags":[],"yoast_head":"<!-- This site is optimized with the Yoast SEO plugin v18.1 - https:\/\/yoast.com\/wordpress\/plugins\/seo\/ -->\n<title>Burkina: Le forum national sur le foncier et la coh\u00e9sion sociale se tiendra du 14 au 16 avril - CITE ELEGANCE<\/title>\n<meta name=\"robots\" content=\"index, follow, max-snippet:-1, max-image-preview:large, max-video-preview:-1\" \/>\n<link rel=\"canonical\" href=\"https:\/\/citeelegance.net\/?p=8202\" \/>\n<meta property=\"og:locale\" content=\"fr_FR\" \/>\n<meta property=\"og:type\" content=\"article\" \/>\n<meta property=\"og:title\" content=\"Burkina: Le forum national sur le foncier et la coh\u00e9sion sociale se tiendra du 14 au 16 avril - CITE ELEGANCE\" \/>\n<meta property=\"og:description\" content=\"En pr\u00e9lude au Forum sur le foncier la coh\u00e9sion sociale qui se tiendra les 14, 15 et 16 avril \u00e0 Ouagadougou, la Commission \u00e9piscopale \u00abJustice et Paix\u00a0\u00bb (CJP-Burkina) a anim\u00e9 une conf\u00e9rence de presse ce vendredi 9 avril 2021 \u00e0 Ouagadougou. L\u2019objectif de cette conf\u00e9rence \u00e9tait d\u2019\u00e9changer avec les hommes de m\u00e9dia sur la tenue [&hellip;]\" \/>\n<meta property=\"og:url\" content=\"https:\/\/citeelegance.net\/?p=8202\" \/>\n<meta property=\"og:site_name\" content=\"CITE ELEGANCE\" \/>\n<meta property=\"article:published_time\" content=\"2021-04-09T15:22:20+00:00\" \/>\n<meta property=\"article:modified_time\" content=\"2021-04-09T15:26:01+00:00\" \/>\n<meta property=\"og:image\" content=\"https:\/\/citeelegance.net\/wp-content\/uploads\/2021\/04\/1-5.jpg\" \/>\n\t<meta property=\"og:image:width\" content=\"621\" \/>\n\t<meta property=\"og:image:height\" content=\"465\" \/>\n\t<meta property=\"og:image:type\" content=\"image\/jpeg\" \/>\n<meta name=\"twitter:label1\" content=\"\u00c9crit par\" \/>\n\t<meta name=\"twitter:data1\" content=\"Ismael KIEKIETA\" \/>\n\t<meta name=\"twitter:label2\" content=\"Dur\u00e9e de lecture estim\u00e9e\" \/>\n\t<meta name=\"twitter:data2\" content=\"3 minutes\" \/>\n<script type=\"application\/ld+json\" class=\"yoast-schema-graph\">{\"@context\":\"https:\/\/schema.org\",\"@graph\":[{\"@type\":\"WebSite\",\"@id\":\"https:\/\/citeelegance.net\/#website\",\"url\":\"https:\/\/citeelegance.net\/\",\"name\":\"CITE ELEGANCE\",\"description\":\"\",\"potentialAction\":[{\"@type\":\"SearchAction\",\"target\":{\"@type\":\"EntryPoint\",\"urlTemplate\":\"https:\/\/citeelegance.net\/?s={search_term_string}\"},\"query-input\":\"required name=search_term_string\"}],\"inLanguage\":\"fr-FR\"},{\"@type\":\"ImageObject\",\"@id\":\"https:\/\/citeelegance.net\/?p=8202#primaryimage\",\"inLanguage\":\"fr-FR\",\"url\":\"https:\/\/citeelegance.net\/wp-content\/uploads\/2021\/04\/1-5.jpg\",\"contentUrl\":\"https:\/\/citeelegance.net\/wp-content\/uploads\/2021\/04\/1-5.jpg\",\"width\":621,\"height\":465},{\"@type\":\"WebPage\",\"@id\":\"https:\/\/citeelegance.net\/?p=8202#webpage\",\"url\":\"https:\/\/citeelegance.net\/?p=8202\",\"name\":\"Burkina: Le forum national sur le foncier et la coh\u00e9sion sociale se tiendra du 14 au 16 avril - CITE ELEGANCE\",\"isPartOf\":{\"@id\":\"https:\/\/citeelegance.net\/#website\"},\"primaryImageOfPage\":{\"@id\":\"https:\/\/citeelegance.net\/?p=8202#primaryimage\"},\"datePublished\":\"2021-04-09T15:22:20+00:00\",\"dateModified\":\"2021-04-09T15:26:01+00:00\",\"author\":{\"@id\":\"https:\/\/citeelegance.net\/#\/schema\/person\/981ee78db24e1c4cf407476788535aba\"},\"breadcrumb\":{\"@id\":\"https:\/\/citeelegance.net\/?p=8202#breadcrumb\"},\"inLanguage\":\"fr-FR\",\"potentialAction\":[{\"@type\":\"ReadAction\",\"target\":[\"https:\/\/citeelegance.net\/?p=8202\"]}]},{\"@type\":\"BreadcrumbList\",\"@id\":\"https:\/\/citeelegance.net\/?p=8202#breadcrumb\",\"itemListElement\":[{\"@type\":\"ListItem\",\"position\":1,\"name\":\"Accueil\",\"item\":\"https:\/\/citeelegance.net\/\"},{\"@type\":\"ListItem\",\"position\":2,\"name\":\"Burkina: Le forum national sur le foncier et la coh\u00e9sion sociale se tiendra du 14 au 16 avril\"}]},{\"@type\":\"Person\",\"@id\":\"https:\/\/citeelegance.net\/#\/schema\/person\/981ee78db24e1c4cf407476788535aba\",\"name\":\"Ismael KIEKIETA\",\"url\":\"https:\/\/citeelegance.net\/?author=5\"}]}<\/script>\n<!-- \/ Yoast SEO plugin. -->","yoast_head_json":{"title":"Burkina: Le forum national sur le foncier et la coh\u00e9sion sociale se tiendra du 14 au 16 avril - CITE ELEGANCE","robots":{"index":"index","follow":"follow","max-snippet":"max-snippet:-1","max-image-preview":"max-image-preview:large","max-video-preview":"max-video-preview:-1"},"canonical":"https:\/\/citeelegance.net\/?p=8202","og_locale":"fr_FR","og_type":"article","og_title":"Burkina: Le forum national sur le foncier et la coh\u00e9sion sociale se tiendra du 14 au 16 avril - CITE ELEGANCE","og_description":"En pr\u00e9lude au Forum sur le foncier la coh\u00e9sion sociale qui se tiendra les 14, 15 et 16 avril \u00e0 Ouagadougou, la Commission \u00e9piscopale \u00abJustice et Paix\u00a0\u00bb (CJP-Burkina) a anim\u00e9 une conf\u00e9rence de presse ce vendredi 9 avril 2021 \u00e0 Ouagadougou. L\u2019objectif de cette conf\u00e9rence \u00e9tait d\u2019\u00e9changer avec les hommes de m\u00e9dia sur la tenue [&hellip;]","og_url":"https:\/\/citeelegance.net\/?p=8202","og_site_name":"CITE ELEGANCE","article_published_time":"2021-04-09T15:22:20+00:00","article_modified_time":"2021-04-09T15:26:01+00:00","og_image":[{"width":621,"height":465,"url":"https:\/\/citeelegance.net\/wp-content\/uploads\/2021\/04\/1-5.jpg","type":"image\/jpeg"}],"twitter_misc":{"\u00c9crit par":"Ismael KIEKIETA","Dur\u00e9e de lecture estim\u00e9e":"3 minutes"},"schema":{"@context":"https:\/\/schema.org","@graph":[{"@type":"WebSite","@id":"https:\/\/citeelegance.net\/#website","url":"https:\/\/citeelegance.net\/","name":"CITE ELEGANCE","description":"","potentialAction":[{"@type":"SearchAction","target":{"@type":"EntryPoint","urlTemplate":"https:\/\/citeelegance.net\/?s={search_term_string}"},"query-input":"required name=search_term_string"}],"inLanguage":"fr-FR"},{"@type":"ImageObject","@id":"https:\/\/citeelegance.net\/?p=8202#primaryimage","inLanguage":"fr-FR","url":"https:\/\/citeelegance.net\/wp-content\/uploads\/2021\/04\/1-5.jpg","contentUrl":"https:\/\/citeelegance.net\/wp-content\/uploads\/2021\/04\/1-5.jpg","width":621,"height":465},{"@type":"WebPage","@id":"https:\/\/citeelegance.net\/?p=8202#webpage","url":"https:\/\/citeelegance.net\/?p=8202","name":"Burkina: Le forum national sur le foncier et la coh\u00e9sion sociale se tiendra du 14 au 16 avril - CITE ELEGANCE","isPartOf":{"@id":"https:\/\/citeelegance.net\/#website"},"primaryImageOfPage":{"@id":"https:\/\/citeelegance.net\/?p=8202#primaryimage"},"datePublished":"2021-04-09T15:22:20+00:00","dateModified":"2021-04-09T15:26:01+00:00","author":{"@id":"https:\/\/citeelegance.net\/#\/schema\/person\/981ee78db24e1c4cf407476788535aba"},"breadcrumb":{"@id":"https:\/\/citeelegance.net\/?p=8202#breadcrumb"},"inLanguage":"fr-FR","potentialAction":[{"@type":"ReadAction","target":["https:\/\/citeelegance.net\/?p=8202"]}]},{"@type":"BreadcrumbList","@id":"https:\/\/citeelegance.net\/?p=8202#breadcrumb","itemListElement":[{"@type":"ListItem","position":1,"name":"Accueil","item":"https:\/\/citeelegance.net\/"},{"@type":"ListItem","position":2,"name":"Burkina: Le forum national sur le foncier et la coh\u00e9sion sociale se tiendra du 14 au 16 avril"}]},{"@type":"Person","@id":"https:\/\/citeelegance.net\/#\/schema\/person\/981ee78db24e1c4cf407476788535aba","name":"Ismael KIEKIETA","url":"https:\/\/citeelegance.net\/?author=5"}]}},"_links":{"self":[{"href":"https:\/\/citeelegance.net\/index.php?rest_route=\/wp\/v2\/posts\/8202"}],"collection":[{"href":"https:\/\/citeelegance.net\/index.php?rest_route=\/wp\/v2\/posts"}],"about":[{"href":"https:\/\/citeelegance.net\/index.php?rest_route=\/wp\/v2\/types\/post"}],"author":[{"embeddable":true,"href":"https:\/\/citeelegance.net\/index.php?rest_route=\/wp\/v2\/users\/5"}],"replies":[{"embeddable":true,"href":"https:\/\/citeelegance.net\/index.php?rest_route=%2Fwp%2Fv2%2Fcomments&post=8202"}],"version-history":[{"count":3,"href":"https:\/\/citeelegance.net\/index.php?rest_route=\/wp\/v2\/posts\/8202\/revisions"}],"predecessor-version":[{"id":8207,"href":"https:\/\/citeelegance.net\/index.php?rest_route=\/wp\/v2\/posts\/8202\/revisions\/8207"}],"wp:featuredmedia":[{"embeddable":true,"href":"https:\/\/citeelegance.net\/index.php?rest_route=\/wp\/v2\/media\/8204"}],"wp:attachment":[{"href":"https:\/\/citeelegance.net\/index.php?rest_route=%2Fwp%2Fv2%2Fmedia&parent=8202"}],"wp:term":[{"taxonomy":"category","embeddable":true,"href":"https:\/\/citeelegance.net\/index.php?rest_route=%2Fwp%2Fv2%2Fcategories&post=8202"},{"taxonomy":"post_tag","embeddable":true,"href":"https:\/\/citeelegance.net\/index.php?rest_route=%2Fwp%2Fv2%2Ftags&post=8202"}],"curies":[{"name":"wp","href":"https:\/\/api.w.org\/{rel}","templated":true}]}}