{"id":8169,"date":"2021-04-04T11:11:43","date_gmt":"2021-04-04T10:11:43","guid":{"rendered":"https:\/\/citeelegance.net\/?p=8169"},"modified":"2021-04-06T12:11:20","modified_gmt":"2021-04-06T11:11:20","slug":"programme-eco-ecole-green-africa-le-college-de-la-salle-recoit-la-phase-pilote-du-projet","status":"publish","type":"post","link":"https:\/\/citeelegance.net\/?p=8169","title":{"rendered":"Programme Eco-Ecole \/Green Africa: Le Coll\u00e8ge de la Salle re\u00e7oit la phase pilote du projet"},"content":{"rendered":"<p><strong>Green Africa a proc\u00e9d\u00e9 ce vendredi 02 avril 2021 au lancement officiel du programme Eco-Ecole au Coll\u00e8ge de la salle de Ouagadougou. Plac\u00e9e sous le patronage du Ministre de l&#8217;\u00e9conomie verte et du changement climatique, Sim\u00e9on Sawadogo et le parrainage du ministre de l&#8217;agriculture, des am\u00e9nagements hudro-agricoles et de la m\u00e9canisation, Salifou Ou\u00e9draogo, cette c\u00e9r\u00e9monie est le t\u00e9moin de la n\u00e9cessit\u00e9 d\u2019inculquer les valeurs de d\u00e9veloppement durable et de protection de l\u2019environnement en milieu scolaire garant d\u2019un lendemain meilleur.<a href=\"https:\/\/citeelegance.net\/wp-content\/uploads\/2021\/04\/3-3.jpg\"><img loading=\"lazy\" decoding=\"async\" class=\" wp-image-8174 alignright\" src=\"https:\/\/citeelegance.net\/wp-content\/uploads\/2021\/04\/3-3-300x225.jpg\" alt=\"\" width=\"233\" height=\"175\" srcset=\"https:\/\/citeelegance.net\/wp-content\/uploads\/2021\/04\/3-3-300x225.jpg 300w, https:\/\/citeelegance.net\/wp-content\/uploads\/2021\/04\/3-3-105x80.jpg 105w, https:\/\/citeelegance.net\/wp-content\/uploads\/2021\/04\/3-3.jpg 620w\" sizes=\"(max-width: 233px) 100vw, 233px\" \/><\/a> <\/strong><\/p>\n<p>&lt;&lt;Susciter un \u00e9veil et une prise de conscience pr\u00e9coce chez les jeunes, notamment en milieu scolaire sur leur responsabilit\u00e9 pr\u00e9sente et future dans la pr\u00e9servation et la gestion des ressources naturelles pour le d\u00e9veloppement durable&gt;&gt;, tel est l&#8217;objectif vis\u00e9 par la mise en place du programme &lt;&lt; Eco-Ecole&gt;&gt;. Les actions du projet visent prioritairement tous les \u00e9l\u00e8ves du post-primaire et du secondaire, organis\u00e9s \u00e0 travers les Clubs Ecologiques op\u00e9rant dans chaque \u00e9tablissement. Il faut noter que les plus grands b\u00e9n\u00e9ficiaires indirectes des retomb\u00e9es du projet sont le corps enseignant, les parents d&#8217;\u00e9l\u00e8ves, les partenaires sociaux de l&#8217;\u00e9ducation et du d\u00e9veloppement.<\/p>\n<p><a href=\"https:\/\/citeelegance.net\/wp-content\/uploads\/2021\/04\/4-1.jpg\"><img loading=\"lazy\" decoding=\"async\" class=\" wp-image-8172 alignleft\" src=\"https:\/\/citeelegance.net\/wp-content\/uploads\/2021\/04\/4-1-300x234.jpg\" alt=\"\" width=\"195\" height=\"152\" srcset=\"https:\/\/citeelegance.net\/wp-content\/uploads\/2021\/04\/4-1-300x234.jpg 300w, https:\/\/citeelegance.net\/wp-content\/uploads\/2021\/04\/4-1.jpg 596w\" sizes=\"(max-width: 195px) 100vw, 195px\" \/><\/a>Pour \u00a0<strong>la pr\u00e9sidente de Green Africa<\/strong>,\u00a0 <strong>Linda Kabore<\/strong>, le programme a une envergure nationale et devrait permettre la cr\u00e9ation des clubs \u00e9cologiques dans plusieurs \u00e9coles du Burkina Faso, soit deux cent (200) environs au bout de 5ans.<\/p>\n<p>Le projet &lt;&lt;Eco-Ecole&gt;&gt; est con\u00e7u pour couvrir l&#8217;ensemble des treize r\u00e9gions du Burkina Faso. Le processus d&#8217;implantation int\u00e9grale du projet \u00e0 l&#8217;\u00e9chelle de toutes ces r\u00e9gions est envisag\u00e9 sur une dur\u00e9e maximale de cinq ans \u00e0 compter de Ao\u00fbt 2021 \u00e0 juillet 2025. Une phase dite pilote qui concernera la r\u00e9gion du Centre ; des hauts bassins et du centre-ouest est pr\u00e9vue sur une p\u00e9riode de douze (12) mois.<\/p>\n<p>Selon le <strong>Directeur g\u00e9n\u00e9ral de Green Africa<\/strong>, <strong>Magloir SEBGO<\/strong>, au terme du projet, les partenaires au d\u00e9veloppement et les d\u00e9cideurs politiques pourront disposer de donn\u00e9es fiables \u00e0 m\u00eame d&#8217;\u00e9clairer leur choix sur l&#8217;opportunit\u00e9 de prendre en compte dans les programmes \u00e9ducatifs, la question de la gestion et de la pr\u00e9servation du capital naturel, dans le cadre de la planification de l&#8217;atteinte des objectifs de D\u00e9veloppement Durable, contenus dans l&#8217;agenda 2030 des Nations Unies.<\/p>\n<p>Abordant les th\u00e9matiques de la gestion des d\u00e9chets, de l\u2019\u00e9nergie, de la biodiversit\u00e9 et de la gestion de l&#8217;eau, ce projet va in\u00e9luctablement cr\u00e9er une prise de conscience individuelle et collective sur la n\u00e9cessit\u00e9 de pr\u00e9server les biens et services publics, participer aux actions communautaires d&#8217;assainissement de leur cadre de vie et celle de cultiver la solidarit\u00e9 et le patriotisme gr\u00e2ce \u00e0 l&#8217;instauration de la &lt;&lt;journ\u00e9e nationale de salubrit\u00e9&gt;&gt;.<a href=\"https:\/\/citeelegance.net\/wp-content\/uploads\/2021\/04\/2-1.jpg\"><img loading=\"lazy\" decoding=\"async\" class=\"wp-image-8176 alignleft\" src=\"https:\/\/citeelegance.net\/wp-content\/uploads\/2021\/04\/2-1-300x225.jpg\" alt=\"\" width=\"232\" height=\"174\" srcset=\"https:\/\/citeelegance.net\/wp-content\/uploads\/2021\/04\/2-1-300x225.jpg 300w, https:\/\/citeelegance.net\/wp-content\/uploads\/2021\/04\/2-1-105x80.jpg 105w, https:\/\/citeelegance.net\/wp-content\/uploads\/2021\/04\/2-1.jpg 620w\" sizes=\"(max-width: 232px) 100vw, 232px\" \/><\/a><\/p>\n<p>Du reste, au cours de la c\u00e9r\u00e9monie, un partenariat a \u00e9t\u00e9 sign\u00e9 entre le minist\u00e8re de l&#8217;environnement et Green Africa pour une fructueuse collaboration. <strong>\u00a0<\/strong>Pour joindre l&#8217;acte \u00e0 la parole, le ministre <strong>Sim\u00e9on Sawadogo<\/strong> a proc\u00e9d\u00e9 \u00e0 l&#8217;installation du club \u00e9cologique du Coll\u00e8ge de La Salle qui sera\u00a0 charg\u00e9 de l&#8217;orientation et de l&#8217;ex\u00e9cution du projet.<\/p>\n<p><strong>Isma\u00ebl KIEKIETA<\/strong><\/p>\n<aside class=\"mashsb-container mashsb-main mashsb-stretched\"><div class=\"mashsb-box\"><div class=\"mashsb-buttons\"><a class=\"mashicon-facebook mash-small mash-center mashsb-noshadow\" href=\"https:\/\/www.facebook.com\/sharer.php?u=https%3A%2F%2Fciteelegance.net%2F%3Fp%3D8169\" target=\"_top\" rel=\"nofollow\"><span class=\"icon\"><\/span><span class=\"text\">Partagez<\/span><\/a><a class=\"mashicon-twitter mash-small mash-center mashsb-noshadow\" href=\"https:\/\/twitter.com\/intent\/tweet?text=&url=https:\/\/citeelegance.net\/?p=8169\" target=\"_top\" rel=\"nofollow\"><span class=\"icon\"><\/span><span class=\"text\">Tweet<\/span><\/a><div class=\"onoffswitch2 mash-small mashsb-noshadow\" style=\"display:none;\"><\/div><\/div>\n            <\/div>\n                <div style=\"clear:both;\"><\/div><\/aside>\n            <!-- Share buttons by mashshare.net - Version: 3.8.0--><div class=\"pdf24Plugin-cp\"> \t<form name=\"pdf24Form0\" method=\"post\" action=\"https:\/\/doc2pdf.pdf24.org\/wordpress.php\" target=\"pdf24PopWin\" onsubmit=\"var pdf24Win = window.open('about:blank', 'pdf24PopWin', 'resizable=yes,scrollbars=yes,width=600,height=250,left='+(screen.width\/2-300)+',top='+(screen.height\/3-125)+''); pdf24Win.focus(); if(typeof pdf24OnCreatePDF === 'function'){void(pdf24OnCreatePDF(this,pdf24Win));}\"> \t\t<input type=\"hidden\" name=\"blogCharset\" value=\"Cw1x07UAAA==\" \/><input type=\"hidden\" name=\"blogPosts\" value=\"MwQA\" \/><input type=\"hidden\" name=\"blogUrl\" value=\"yygpKSi20tdPzixJTc1JTU\/MS07Vy0stAQA=\" \/><input type=\"hidden\" name=\"blogName\" value=\"c\/YMcVVw9XF1d\/RzdgUA\" \/><input type=\"hidden\" name=\"blogValueEncoding\" value=\"gzdeflate base64\" \/><input type=\"hidden\" name=\"postId_0\" value=\"szA0swQA\" \/><input type=\"hidden\" name=\"postTitle_0\" value=\"FcpBDkVAEEXRrbwNiLmZ\/IiJgcQKKjy0FNUp\/dfEPmxMG9zJzendFpd9J5rRipwSZevkgXr2MEqFjviZ6nMvxESoYBDNzPlcFtI34ionEYNayuaP6LYxvQ==\" \/><input type=\"hidden\" name=\"postLink_0\" value=\"yygpKSi20tdPzixJTc1JTU\/MS07Vy0st0bcvsLUwNLMEAA==\" \/><input type=\"hidden\" name=\"postAuthor_0\" value=\"8yzOTUzNUfD2dAWiEEcA\" \/><input type=\"hidden\" name=\"postDateTime_0\" value=\"MzIwMtQ1MAEiBUNDKwMTKxNjAA==\" \/><input type=\"hidden\" name=\"postContent_0\" value=\"rVjbbhvJEX3fr+gwsGEDvGlo2bIsytBa9sJYb9aAdvMaNGeaw9b2dM\/2hZL9lN\/Im5GXrJJPyNvyT\/IlOdU9MxzSUoBYNiSZnOmpqq6qc+r0nNSnJ85bo8vT76wQmp0trcw546y2Jt\/cFJsblgu2FrqwopBsmjG+tlKxbJodMB6Y4joXldCemeVS5lIoVgR6uLS8qgR7nZsRfpWgxa+MUpvfSsEKgQeZ40rFzz8GXvLChNKEMXuvOBwL5kxwDPdrTvFxeiqwH6SWiDdZePjHo+zg2YvNTW60qSSFab1gwtPKfMV1mSLLlay4l78GMWQXstrcGM0u+BU8loZWRyfWctl6qW7xwkskJigfLKwUwjEOQ\/QAuXBsFQprRnERNutiEHGTWJVzmEMARsM\/V3JpAraM5FqOCIZIsEfY2LTd3FRGYyPCxag8fZe6saRhSTgncZUV\/\/nr36RGPNiUZeRwzZUI1tFaFG0tlKnrtP0iWL5QogkJpfEip2CiWdgRei2RYZ1WowcqqaQIzGEnXCILJbec7GBt0HCmC1EhWawSUpHT8QlnKyuW88HK+9odTya59EIoUVJzjLXwk6t6hCJ5OJiEWhleuAl10GT6ZDIbzcaXdTk4PZFVyeie1OV8oPjHDwOEmJv0nbsPOh+glty5+YDBIIpaitHRwbMnDEkttZXlyg+Ys\/kXBzKaTafXWXYYA4JVPx\/AlSz8aj7IZrMBWwlyMh8cPDuMnpzwX8UZw+erIftSSwfTw+ujaTSEj19uKFp4mk2vsDn5USDRjyp+PYoZOGbIQH39GB6ma7iI3wZscnoy4afsZNLQyMmkPv3mpD59qPwL+r0IjoKwDK1DfQnuQCMGTZ0oXYQYAsIagRBxjdCMD\/lKfIx9fSmw1g2ZNp4I5fYOdYFAgD9WuBrW+AILCCdkz+Gh2P3LQOhlBdeO8JTu2XVEZuQBzkogL0HDkS1wkAXmmOb0pKJ4ahN93QGyhyV2jd8h82DCCOOGP8zikmC3ZGvpKDBuIztQCrChGqQndpmzTeCWQlvjY\/aO+CeC2DUPXSJ+WKZQkFdjpafExNB8IlKH9IN91yI9YpwfYWUV85co0wFsuqALQ2ZsSayFDLHNJ+YtB7cmK69UWDgKSpmSONUxU4O6IkNQZkG8uApnHgmRzsUgxuytYksePNURzUArYjYVYsOGdeHYAny6uaEhQiE4JnWB\/3NPAcdyeFNhjehv2aGXqRq5sTVIVzvgUyOUYbLObSTnopsUKQHdXeAg+XIGXsP17lgpQt71BlzuVnzcNvq9yO\/J6OCe5Jcl8lNieR\/uQxyJjmZPbuO+g+eHPe47zO7HfXvO7sF9TfrY4fOnt1MWAu9RVvzWUtZ7AvLvn1r50xKCLCJdoBH6gqijt+Hvn1j7yDt0KGff84WxYrsgyokOxTxSHUassCWRj44dxdtxvIbqAGKFraABbBzzOaLgHQnlEW1Eih3cIsoIODIO\/HgvgeLbYH+BiGFvuIOscEaSC3R1TjTwKJtOH7Nm2DuSYwsToiQ4hMGund+JFlstAX3GP5HXUJLNP0Kiw9wEiELbQYdwWC2itnPgDoG6MOyqbPmqHyeRWRSbYNuwhaqsQInap0RIDS5HQpXoQR+01FOAK9FoSbAdMQaxdueS4qWNO16CemlYUFFA2aQz0S0AU3o4l\/pXRumF8dxUNVEVLp+Zzb99kry4cRlI9sTvh2P2M02yFadJhsZltVQgOPCbpAzlwmphOZW1CYY28ArlQK1fxPSsQIrgPgBbatdq17hgZEIM3PnYmesgutCJcKUpYszQzUjvo4PsMYNY3BbyAlxFaq1r1\/PEpjBRRqZFPu9u8+6pH3ipDGp78frb737s3Uf\/eGrbbUU+Z1W+T5pJbTu6mgNo1L61waROjU29ZInQC4kp7lLuCyjTSPpLSQM2lqba\/JMcb6sfVUAjAfKVkddJEbSjt66N9UEn5UzdFo8zNHdTkRtJQCG0wCVcJf5f0rjgNLFcp5q3QqHT+btqgorIawxh1WqHYesENwrbHoGoySVGHu9Mt8cNHAlkIiIM2EY7RHV\/vpvR8yQ8hixxZGj4YXtsEURS2XQ2jab+xJNq+BnHjG2vnIHCCq5TcfwKxw7e1GR3t0VTu5XwbtieH9BMIDcphs3iBTpTklyI+e4SVPby1\/IED3T66fQLB9Ixo0NO0qE5uxFG7Z16kTTCWhYhol8QK+EDUrVuNOHeqUl0ZWpOTQuYiaija5JIow5QLTl2R40MLQJuZqQMWrmFjqmCBmhTi7dNCPxyOjW6Rg6KphnbWq9liq+lKTpKyhgFzsGAQMFtm67mzCuNlw5tXtrN37HTHt2BKDxH2Xvt2HL1JSBEcOnNGSzAQTssov1OQt5LtWRfolr6ouXpVxEtWasj7jqwZf0D25P7iZY9Z\/cQLWTpqxzYmjL8rwNbtnNgy7bqp0X+eaBzjheR0DHHbQv53uuIIZ3dGl63knuIGqh7mqSoIfVsHGdotfTeZPPb7puTvfcLfmfiJAFB8F5a4D6I4EREMamq2MPjbhRBrLXzJ4q3SyMjj3dch+kWccIpWkOk2AVlt3Nw\/xVQZ3Tnrdc+3hBRx+xAU1+SxZnee7X1jtNrHpVUAIiFQzPiVGTLREHdWLIgH8\/7Y6TN2DWsh9ZdYsfteaOJ9q2r+OZfin3\/9jV+fjrbO4FzUrIt9iruVm4RGwksBdZpLqTXOOkz5ciD2QvAGqS69+jCXN9+PXgPWhzQMah3R8LVaIkz7cKYX6KHEcJVKn0kfbMNQhu3QiHQwruMdHV1NW5NjEG7EyzDlB\/Xq\/plmMdVD2ZnD7I3+NmHDV2dvakfzM6PDp4+HzCP7BPy\/+JNPUDHq\/lAmyVqBrfIaM11Gz1FjksTurZ7x4trPzh9DxyAxT62KwhLn2\/dX0nfbvH\/33nzdNy0TNj3V0L4lxTC\/GGwan4nX7ys5197yz+R7\/5+e21gYHPpEG++yvZ3u7ND5z8oMR+QtFP8w7E2Wrwgp7DV\/P2G9f7dcileJteNqVwJbo8Xxq96hmLb75n6w2jELqh3WNOtbPEhBUgXKWtsxP5MgsXoYzYbH42no9HpfwE=\" \/> \t\t<a href=\"https:\/\/www.pdf24.org\" target=\"_blank\" title=\"www.pdf24.org\" rel=\"nofollow\"><img src=\"https:\/\/citeelegance.net\/wp-content\/plugins\/pdf24-posts-to-pdf\/img\/pdf_32x32.png\" alt=\"\" border=\"0\" height=\"32\" \/><\/a> \t\t<span class=\"pdf24Plugin-cp-space\">&nbsp;&nbsp;<\/span> \t\t<span class=\"pdf24Plugin-cp-text\">Send article as PDF<\/span> \t\t<span class=\"pdf24Plugin-cp-space\">&nbsp;&nbsp;<\/span> \t\t<input class=\"pdf24Plugin-cp-input\" style=\"margin: 0px;\" type=\"text\" name=\"sendEmailTo\" placeholder=\"Enter email address\" \/> \t\t<input class=\"pdf24Plugin-cp-submit\" style=\"margin: 0px;\" type=\"submit\" value=\"Send\" \/> \t<\/form> <\/div>","protected":false},"excerpt":{"rendered":"<p>Green Africa a proc\u00e9d\u00e9 ce vendredi 02 avril 2021 au lancement officiel du programme Eco-Ecole au Coll\u00e8ge de la salle de Ouagadougou. Plac\u00e9e sous le patronage du Ministre de l&#8217;\u00e9conomie verte et du changement climatique, Sim\u00e9on Sawadogo et le parrainage du ministre de l&#8217;agriculture, des am\u00e9nagements hudro-agricoles et de la m\u00e9canisation, Salifou Ou\u00e9draogo, cette c\u00e9r\u00e9monie [&hellip;]<\/p>\n","protected":false},"author":5,"featured_media":8171,"comment_status":"open","ping_status":"closed","sticky":false,"template":"","format":"standard","meta":{"footnotes":""},"categories":[5],"tags":[],"yoast_head":"<!-- This site is optimized with the Yoast SEO plugin v18.1 - https:\/\/yoast.com\/wordpress\/plugins\/seo\/ -->\n<title>Programme Eco-Ecole \/Green Africa: Le Coll\u00e8ge de la Salle re\u00e7oit la phase pilote du projet - CITE ELEGANCE<\/title>\n<meta name=\"robots\" content=\"index, follow, max-snippet:-1, max-image-preview:large, max-video-preview:-1\" \/>\n<link rel=\"canonical\" href=\"https:\/\/citeelegance.net\/?p=8169\" \/>\n<meta property=\"og:locale\" content=\"fr_FR\" \/>\n<meta property=\"og:type\" content=\"article\" \/>\n<meta property=\"og:title\" content=\"Programme Eco-Ecole \/Green Africa: Le Coll\u00e8ge de la Salle re\u00e7oit la phase pilote du projet - CITE ELEGANCE\" \/>\n<meta property=\"og:description\" content=\"Green Africa a proc\u00e9d\u00e9 ce vendredi 02 avril 2021 au lancement officiel du programme Eco-Ecole au Coll\u00e8ge de la salle de Ouagadougou. Plac\u00e9e sous le patronage du Ministre de l&#8217;\u00e9conomie verte et du changement climatique, Sim\u00e9on Sawadogo et le parrainage du ministre de l&#8217;agriculture, des am\u00e9nagements hudro-agricoles et de la m\u00e9canisation, Salifou Ou\u00e9draogo, cette c\u00e9r\u00e9monie [&hellip;]\" \/>\n<meta property=\"og:url\" content=\"https:\/\/citeelegance.net\/?p=8169\" \/>\n<meta property=\"og:site_name\" content=\"CITE ELEGANCE\" \/>\n<meta property=\"article:published_time\" content=\"2021-04-04T10:11:43+00:00\" \/>\n<meta property=\"article:modified_time\" content=\"2021-04-06T11:11:20+00:00\" \/>\n<meta property=\"og:image\" content=\"https:\/\/citeelegance.net\/wp-content\/uploads\/2021\/04\/1-2.jpg\" \/>\n\t<meta property=\"og:image:width\" content=\"720\" \/>\n\t<meta property=\"og:image:height\" content=\"324\" \/>\n\t<meta property=\"og:image:type\" content=\"image\/jpeg\" \/>\n<meta name=\"twitter:label1\" content=\"\u00c9crit par\" \/>\n\t<meta name=\"twitter:data1\" content=\"Ismael KIEKIETA\" \/>\n\t<meta name=\"twitter:label2\" content=\"Dur\u00e9e de lecture estim\u00e9e\" \/>\n\t<meta name=\"twitter:data2\" content=\"3 minutes\" \/>\n<script type=\"application\/ld+json\" class=\"yoast-schema-graph\">{\"@context\":\"https:\/\/schema.org\",\"@graph\":[{\"@type\":\"WebSite\",\"@id\":\"https:\/\/citeelegance.net\/#website\",\"url\":\"https:\/\/citeelegance.net\/\",\"name\":\"CITE ELEGANCE\",\"description\":\"\",\"potentialAction\":[{\"@type\":\"SearchAction\",\"target\":{\"@type\":\"EntryPoint\",\"urlTemplate\":\"https:\/\/citeelegance.net\/?s={search_term_string}\"},\"query-input\":\"required name=search_term_string\"}],\"inLanguage\":\"fr-FR\"},{\"@type\":\"ImageObject\",\"@id\":\"https:\/\/citeelegance.net\/?p=8169#primaryimage\",\"inLanguage\":\"fr-FR\",\"url\":\"https:\/\/citeelegance.net\/wp-content\/uploads\/2021\/04\/1-2.jpg\",\"contentUrl\":\"https:\/\/citeelegance.net\/wp-content\/uploads\/2021\/04\/1-2.jpg\",\"width\":720,\"height\":324},{\"@type\":\"WebPage\",\"@id\":\"https:\/\/citeelegance.net\/?p=8169#webpage\",\"url\":\"https:\/\/citeelegance.net\/?p=8169\",\"name\":\"Programme Eco-Ecole \/Green Africa: Le Coll\u00e8ge de la Salle re\u00e7oit la phase pilote du projet - CITE ELEGANCE\",\"isPartOf\":{\"@id\":\"https:\/\/citeelegance.net\/#website\"},\"primaryImageOfPage\":{\"@id\":\"https:\/\/citeelegance.net\/?p=8169#primaryimage\"},\"datePublished\":\"2021-04-04T10:11:43+00:00\",\"dateModified\":\"2021-04-06T11:11:20+00:00\",\"author\":{\"@id\":\"https:\/\/citeelegance.net\/#\/schema\/person\/981ee78db24e1c4cf407476788535aba\"},\"breadcrumb\":{\"@id\":\"https:\/\/citeelegance.net\/?p=8169#breadcrumb\"},\"inLanguage\":\"fr-FR\",\"potentialAction\":[{\"@type\":\"ReadAction\",\"target\":[\"https:\/\/citeelegance.net\/?p=8169\"]}]},{\"@type\":\"BreadcrumbList\",\"@id\":\"https:\/\/citeelegance.net\/?p=8169#breadcrumb\",\"itemListElement\":[{\"@type\":\"ListItem\",\"position\":1,\"name\":\"Accueil\",\"item\":\"https:\/\/citeelegance.net\/\"},{\"@type\":\"ListItem\",\"position\":2,\"name\":\"Programme Eco-Ecole \/Green Africa: Le Coll\u00e8ge de la Salle re\u00e7oit la phase pilote du projet\"}]},{\"@type\":\"Person\",\"@id\":\"https:\/\/citeelegance.net\/#\/schema\/person\/981ee78db24e1c4cf407476788535aba\",\"name\":\"Ismael KIEKIETA\",\"url\":\"https:\/\/citeelegance.net\/?author=5\"}]}<\/script>\n<!-- \/ Yoast SEO plugin. -->","yoast_head_json":{"title":"Programme Eco-Ecole \/Green Africa: Le Coll\u00e8ge de la Salle re\u00e7oit la phase pilote du projet - CITE ELEGANCE","robots":{"index":"index","follow":"follow","max-snippet":"max-snippet:-1","max-image-preview":"max-image-preview:large","max-video-preview":"max-video-preview:-1"},"canonical":"https:\/\/citeelegance.net\/?p=8169","og_locale":"fr_FR","og_type":"article","og_title":"Programme Eco-Ecole \/Green Africa: Le Coll\u00e8ge de la Salle re\u00e7oit la phase pilote du projet - CITE ELEGANCE","og_description":"Green Africa a proc\u00e9d\u00e9 ce vendredi 02 avril 2021 au lancement officiel du programme Eco-Ecole au Coll\u00e8ge de la salle de Ouagadougou. Plac\u00e9e sous le patronage du Ministre de l&#8217;\u00e9conomie verte et du changement climatique, Sim\u00e9on Sawadogo et le parrainage du ministre de l&#8217;agriculture, des am\u00e9nagements hudro-agricoles et de la m\u00e9canisation, Salifou Ou\u00e9draogo, cette c\u00e9r\u00e9monie [&hellip;]","og_url":"https:\/\/citeelegance.net\/?p=8169","og_site_name":"CITE ELEGANCE","article_published_time":"2021-04-04T10:11:43+00:00","article_modified_time":"2021-04-06T11:11:20+00:00","og_image":[{"width":720,"height":324,"url":"https:\/\/citeelegance.net\/wp-content\/uploads\/2021\/04\/1-2.jpg","type":"image\/jpeg"}],"twitter_misc":{"\u00c9crit par":"Ismael KIEKIETA","Dur\u00e9e de lecture estim\u00e9e":"3 minutes"},"schema":{"@context":"https:\/\/schema.org","@graph":[{"@type":"WebSite","@id":"https:\/\/citeelegance.net\/#website","url":"https:\/\/citeelegance.net\/","name":"CITE ELEGANCE","description":"","potentialAction":[{"@type":"SearchAction","target":{"@type":"EntryPoint","urlTemplate":"https:\/\/citeelegance.net\/?s={search_term_string}"},"query-input":"required name=search_term_string"}],"inLanguage":"fr-FR"},{"@type":"ImageObject","@id":"https:\/\/citeelegance.net\/?p=8169#primaryimage","inLanguage":"fr-FR","url":"https:\/\/citeelegance.net\/wp-content\/uploads\/2021\/04\/1-2.jpg","contentUrl":"https:\/\/citeelegance.net\/wp-content\/uploads\/2021\/04\/1-2.jpg","width":720,"height":324},{"@type":"WebPage","@id":"https:\/\/citeelegance.net\/?p=8169#webpage","url":"https:\/\/citeelegance.net\/?p=8169","name":"Programme Eco-Ecole \/Green Africa: Le Coll\u00e8ge de la Salle re\u00e7oit la phase pilote du projet - CITE ELEGANCE","isPartOf":{"@id":"https:\/\/citeelegance.net\/#website"},"primaryImageOfPage":{"@id":"https:\/\/citeelegance.net\/?p=8169#primaryimage"},"datePublished":"2021-04-04T10:11:43+00:00","dateModified":"2021-04-06T11:11:20+00:00","author":{"@id":"https:\/\/citeelegance.net\/#\/schema\/person\/981ee78db24e1c4cf407476788535aba"},"breadcrumb":{"@id":"https:\/\/citeelegance.net\/?p=8169#breadcrumb"},"inLanguage":"fr-FR","potentialAction":[{"@type":"ReadAction","target":["https:\/\/citeelegance.net\/?p=8169"]}]},{"@type":"BreadcrumbList","@id":"https:\/\/citeelegance.net\/?p=8169#breadcrumb","itemListElement":[{"@type":"ListItem","position":1,"name":"Accueil","item":"https:\/\/citeelegance.net\/"},{"@type":"ListItem","position":2,"name":"Programme Eco-Ecole \/Green Africa: Le Coll\u00e8ge de la Salle re\u00e7oit la phase pilote du projet"}]},{"@type":"Person","@id":"https:\/\/citeelegance.net\/#\/schema\/person\/981ee78db24e1c4cf407476788535aba","name":"Ismael KIEKIETA","url":"https:\/\/citeelegance.net\/?author=5"}]}},"_links":{"self":[{"href":"https:\/\/citeelegance.net\/index.php?rest_route=\/wp\/v2\/posts\/8169"}],"collection":[{"href":"https:\/\/citeelegance.net\/index.php?rest_route=\/wp\/v2\/posts"}],"about":[{"href":"https:\/\/citeelegance.net\/index.php?rest_route=\/wp\/v2\/types\/post"}],"author":[{"embeddable":true,"href":"https:\/\/citeelegance.net\/index.php?rest_route=\/wp\/v2\/users\/5"}],"replies":[{"embeddable":true,"href":"https:\/\/citeelegance.net\/index.php?rest_route=%2Fwp%2Fv2%2Fcomments&post=8169"}],"version-history":[{"count":4,"href":"https:\/\/citeelegance.net\/index.php?rest_route=\/wp\/v2\/posts\/8169\/revisions"}],"predecessor-version":[{"id":8177,"href":"https:\/\/citeelegance.net\/index.php?rest_route=\/wp\/v2\/posts\/8169\/revisions\/8177"}],"wp:featuredmedia":[{"embeddable":true,"href":"https:\/\/citeelegance.net\/index.php?rest_route=\/wp\/v2\/media\/8171"}],"wp:attachment":[{"href":"https:\/\/citeelegance.net\/index.php?rest_route=%2Fwp%2Fv2%2Fmedia&parent=8169"}],"wp:term":[{"taxonomy":"category","embeddable":true,"href":"https:\/\/citeelegance.net\/index.php?rest_route=%2Fwp%2Fv2%2Fcategories&post=8169"},{"taxonomy":"post_tag","embeddable":true,"href":"https:\/\/citeelegance.net\/index.php?rest_route=%2Fwp%2Fv2%2Ftags&post=8169"}],"curies":[{"name":"wp","href":"https:\/\/api.w.org\/{rel}","templated":true}]}}