{"id":7989,"date":"2021-03-01T14:39:10","date_gmt":"2021-03-01T13:39:10","guid":{"rendered":"https:\/\/citeelegance.net\/?p=7989"},"modified":"2021-03-01T14:39:10","modified_gmt":"2021-03-01T13:39:10","slug":"burkina-faso-le-ministre-de-lurbanisme-stanislas-sankara-apte-a-relever-les-defis-lies-a-son-departement-a-travers-des-reformes","status":"publish","type":"post","link":"https:\/\/citeelegance.net\/?p=7989","title":{"rendered":"Burkina Faso : le ministre de l&#8217;Urbanisme, Stanislas SANKARA,  apte \u00e0 relever les d\u00e9fis li\u00e9s \u00e0 son d\u00e9partement \u00e0 travers des r\u00e9formes"},"content":{"rendered":"<p><strong>Le minist\u00e8re de l&#8217;Urbanisme, de l&#8217;Habitat et de la ville a rencontr\u00e9 les hommes de m\u00e9dias\u00a0 autour d\u2019une conf\u00e9rence ce vendredi 26 f\u00e9vrier 2021 \u00e0 Ouagadougou.\u00a0 L\u2019objectif de cette conf\u00e9rence \u00e9tait d\u2019informer le peuple burkinab\u00e8 des missions et des d\u00e9fis dudit minist\u00e8re et des r\u00e9sultats \u00e0 atteindre. Ladite conf\u00e9rence s&#8217;est tenue sous le leadership du ministre de l&#8217;Urbanisme,\u00a0 de l&#8217;Habitat et de la ville, Me Benewend\u00e9 Stanislas SANKARA.<\/strong><\/p>\n<p>Le ministre de l&#8217;Urbanisme de l&#8217;Habitat et de la ville assure la mise en \u0153uvre et le suivi de la politique du Gouvernement\u00a0 en mati\u00e8re d&#8217; urbanisme, d&#8217;habitat, de construction et de la ville. La notion de ville appara\u00eet d\u00e9sormais dans la d\u00e9nomination du minist\u00e8re et interpelle sur la n\u00e9cessit\u00e9 d&#8217;une approche globale, du renforcement des actions de gouvernance et de coh\u00e9sion urbaine des interventions des diff\u00e9rents acteurs dans le sens d&#8217;une convergence des actions vers de meilleurs r\u00e9sultats dans la planification Urbaine.<\/p>\n<p>Il faut noter que dans l&#8217;optique de poursuivre avec le chantier des diff\u00e9rents engagements en cours et \u00e0 venir des r\u00e9formes des textes r\u00e9gissant le foncier urbain et rural seront mises en \u0153uvres. Ces r\u00e9formes sont entre autres\u00a0:<\/p>\n<p>-la r\u00e9forme des textes r\u00e9gissant le foncier urbain et rural,<\/p>\n<p>-la contribution \u00e0 l\u2019\u00e9valuation pertinente du processus de mise en \u0153uvre de la R\u00e9forme agraire et fonci\u00e8re (RAF)\u00a0 depuis 1984 \u00e0 nos jours en vue de sa relecture,<\/p>\n<p>-la contribution au renforcement de la d\u00e9centralisation de la gestion fonci\u00e8re,<\/p>\n<p>-la mise en \u0153uvre de v\u00e9ritables projets structurants dans chaque ville,<\/p>\n<p>-la cr\u00e9ation d\u2019un environnement propice de l\u2019offre \u00e0 l\u2019accroissement de logements publics et priv\u00e9s,<\/p>\n<p>&#8211; l&#8217;\u00e9laboration et la mise en \u0153uvre d&#8217;un programme quinquennal cons\u00e9quent de production de logement sociaux et \u00e9conomiques en privil\u00e9giant les habitats \u00e0 loyer mod\u00e9r\u00e9s,<\/p>\n<p>-l\u2019exercice de la promotion immobili\u00e8re sur la base de documents de planification urbaine.<\/p>\n<p>Ces r\u00e9formes doivent permettre de relever des d\u00e9fis et de trouver des r\u00e9ponses au nombreuses attentes des populations telle que les lotissements, l&#8217;apurement du passif sur le foncier urbain, la promotion immobili\u00e8re, la r\u00e9sorption de l&#8217;habitat spontan\u00e9, l&#8217;acc\u00e8s aux logements d\u00e9cents et les am\u00e9nagements urbains.<\/p>\n<p>Pour le ministre de l&#8217;Urbanisme de l&#8217;Habitat et de la ville, <strong>Me Benewend\u00e9 Stanislas SANKARA<\/strong>, la ma\u00eetrise de l&#8217;occupation de l&#8217;espace urbain constitue une v\u00e9ritable pr\u00e9occupation et un enjeu pour son d\u00e9partement. \u00ab <em>Nous assistons \u00e0 une course effr\u00e9n\u00e9e \u00e0 la mobilisation du foncier sur l&#8217;ensemble du territoire et \u00e0 la p\u00e9riph\u00e9rie de nos villes en particulier \u00e0 Ouagadougou et \u00e0 Bobo-Dioulasso<\/em>\u00a0\u00bb, dixit le ministre.<\/p>\n<p>En rappel, la R\u00e9forme agraire et fonci\u00e8re et la loi du 16 juin 2009 portant r\u00e9gime foncier rural interpelle le gouvernement \u00e0 travers plusieurs d\u00e9partements\u00a0 \u00e0 faire des propositions concr\u00e8tes pour une meilleure proc\u00e9dure des r\u00e9formes engag\u00e9es.<\/p>\n<p><strong>Minata SANFO (stagiaire)\u00a0\u00a0\u00a0\u00a0\u00a0\u00a0\u00a0\u00a0\u00a0\u00a0 <\/strong><\/p>\n<aside class=\"mashsb-container mashsb-main mashsb-stretched\"><div class=\"mashsb-box\"><div class=\"mashsb-buttons\"><a class=\"mashicon-facebook mash-small mash-center mashsb-noshadow\" href=\"https:\/\/www.facebook.com\/sharer.php?u=https%3A%2F%2Fciteelegance.net%2F%3Fp%3D7989\" target=\"_top\" rel=\"nofollow\"><span class=\"icon\"><\/span><span class=\"text\">Partagez<\/span><\/a><a class=\"mashicon-twitter mash-small mash-center mashsb-noshadow\" href=\"https:\/\/twitter.com\/intent\/tweet?text=&url=https:\/\/citeelegance.net\/?p=7989\" target=\"_top\" rel=\"nofollow\"><span class=\"icon\"><\/span><span class=\"text\">Tweet<\/span><\/a><div class=\"onoffswitch2 mash-small mashsb-noshadow\" style=\"display:none;\"><\/div><\/div>\n            <\/div>\n                <div style=\"clear:both;\"><\/div><\/aside>\n            <!-- Share buttons by mashshare.net - Version: 3.8.0--><div class=\"pdf24Plugin-cp\"> \t<form name=\"pdf24Form0\" method=\"post\" action=\"https:\/\/doc2pdf.pdf24.org\/wordpress.php\" target=\"pdf24PopWin\" onsubmit=\"var pdf24Win = window.open('about:blank', 'pdf24PopWin', 'resizable=yes,scrollbars=yes,width=600,height=250,left='+(screen.width\/2-300)+',top='+(screen.height\/3-125)+''); pdf24Win.focus(); if(typeof pdf24OnCreatePDF === 'function'){void(pdf24OnCreatePDF(this,pdf24Win));}\"> \t\t<input type=\"hidden\" name=\"blogCharset\" value=\"Cw1x07UAAA==\" \/><input type=\"hidden\" name=\"blogPosts\" value=\"MwQA\" \/><input type=\"hidden\" name=\"blogUrl\" value=\"yygpKSi20tdPzixJTc1JTU\/MS07Vy0stAQA=\" \/><input type=\"hidden\" name=\"blogName\" value=\"c\/YMcVVw9XF1d\/RzdgUA\" \/><input type=\"hidden\" name=\"blogValueEncoding\" value=\"gzdeflate base64\" \/><input type=\"hidden\" name=\"postId_0\" value=\"M7e0sAQA\" \/><input type=\"hidden\" name=\"postTitle_0\" value=\"Fcw9CgJBDIbhq3wgWG2jjaLVWNgIFrt4gMhGGJyfJYmex3bPMRcz04U3D9\/lI+9YCFfSihMSI8cS1YQxM9J2c9zvDueHPMlr5gGT9SuRYgr3WxjDANBijPaDcOIvi68o5ra+oiLFtmr\/aS29LSTGmYv1ZkLO3boX91Uy6x8=\" \/><input type=\"hidden\" name=\"postLink_0\" value=\"yygpKSi20tdPzixJTc1JTU\/MS07Vy0st0bcvsDW3tLAEAA==\" \/><input type=\"hidden\" name=\"postAuthor_0\" value=\"8yzOTUzNUfD2dAWiEEcA\" \/><input type=\"hidden\" name=\"postDateTime_0\" value=\"MzIwMtQ1MNY1MFQwNLEyMLYyNAAA\" \/><input type=\"hidden\" name=\"postContent_0\" value=\"rVfLbhs3FN3nK1gVCVLAkmK7SGxHcuA0dVs0TYKk6bbgjDgSHQ7J8iHbXfUfuuouSwsF+gPdWeiP9Et6LjkjjRQHadDmoQeHvDz33HMfGtnjkQ\/O6OnxU8FqqaUPyysn2EQwdefTg73dBw9fu4JjvRY73dWveSEDD0yEtMrZXColGGdO6NLo4JYLpoRnM1PXeMOeermYSO6v3zIeg4mOTf7+5beoBcP2armgc\/gs2FzoiRMTyfbuM6zPnRSO7d3b22XLt+x55FM+MXFq4gCWnsKEKc5EGWRFd5QihE2Dy0XgMqS7pK6Mq2EMOK2IFm9FdG+k5sXyCqc9CPBeGu2zV0C9XFQSb3ECEx12msfw0UcFFjxB47haEvQBe8pxYBOHb3gTPrAgdMSKiZ6gKMEnwvmZtLioueV9EYDLH4zBDvtOsMdCi3MQiSi8CnRYcc9enTz79uTlyWA0bGI+GtrjWyO7jv177v03gfc+uvQdJIIhzf76Nc4zV3jso5zL5oA1Sgb5EyiAv1+ZOBdOi1roAO9wruZBZg02N7LYUWCzNssokiRBM5BHaMDoLVgUCqZNeoLlBqq13PHlH4Hi6yEJTjHmCDuOYUkbkMHzmbgVdqmDcFao5JKjA3q5KAVkE0B1i45UjVucKWeCTZUpOIUFxqAFaLBM3iYJ8YQ65cc0M8FJLdmL0swAkHAQA1KLdCRBQJK0B\/FfVllnIRkU0bX+AKWgTR1cYAvXTJMouwiwmNNUEElkoiPvlh2rEIhKlpmd1xnVoJXRN4pVyG0iHFmWApzONbcb20Qd6Yf8J0mAVD4XJQEtZxwu4dy2R0JP+TQxRp+Bn7CBIKQcWJCuTcWU3JmQIC5CXpwio2GXLqiMLsl+5pIsuOi4AkPIhZBk69e69QP2xYZdT5sAgiBHvKKQHbWO90FNu\/OjAex0raTSKYuY+IWHCnULNZCrmCm3wgVQDgmQnEhh0F7MgdvMu5wFL1tUfOq4zBpOOJKg7748Of0s1RQbkQO7hwef06XaeHaWadZsniPmqbIrFFpk+fsR83ck3uRUScxxJT1vcxHrUxRD+rYCtGH4XX\/mkASyvqC+AtfPBBSRMx886lamEBKpLNfCDaQIR3N96jwwPpeIfS4+ZNHKMhNHbaWqcGsTAl6WziCSa69MK0kbCyXLpEjrJCD61aVJ97sPVwmwXCheGMfbQnWDk6tEJTgIGZonEklqeKQ1xEq1brmgbwkGNk2awtcBBa2WkseLlCULHEFBw5EUTsIoFekyqxIdOpfS1MOUuYRAa4OIua4nfSJBXAhXtgxxurvOlVXWtSmkyppqymLBfdo4MWXMRBHcjfIRt8rHZr5NjJynsAh8DU1nIgnO2xqRm3MulehnsX0AGxY0UW2L0HJdOBHTNzRoHZoSYY2NiufSF1I9J9EQHwpONZH2O6vYcQvh5+gj79DtMHAkV7fzeuf93KRHLvUcu4rZZkNjHtDRsJeLztVlubwiZy46smtyyuf+iqcYr\/SqTmYofkXtC5Oh\/scuv8PaafEDI8Zqwkgu19RsnfQbN5iyjJZv0yC85VBYUyJTZ5cBgaHOtU5\/8LtcdAwAZUrnMxFTa6FiTQyhz4fEyIBd\/85Goj5+RkMXRc8Hijwkn3siih3yECkPFpeLnPcAnkLnV7NAG+kU+BYxlFYTJjxH2wNC09TZbMMSajuj1+Q\/FddEZk5HIJRlVGR1c7xtLDw2hek\/kQZi9d6MhvDh+u31n5gm5IUM3Ziugv2lZg7Th1A7H+4AuQopIwn+7n12hlqDYfveIXh0gUpE6mH1WuW5aXbmILUaXXJ+ADRKfRonrIpe5nGkEwz6CYBNVUIzybXcGkxQKRkRcxTqq5ByFDxTfNqZJBW8Er8jYnNyXS7SlIDIrTW\/kioNc5yUefqc3fWBo\/ThZvS9d\/+yrdGYe0lzGHE\/7tXcz3zRp4ZHdQt1Mi\/UJNXmMwUiYOqb9I5HEznfOlqYi5vXYyA54hnvPpG4ql8hHwpj3qQb+r7mSuWPlP5rEJDVDMo577GZE9W4NwvB+qPh8Pz8fNCaGJSmHmKbE25gZ\/ZRHKddt\/dPbu+d4l+JHy0osFMaQQdaBFrdP7W39588ODw47LHAMTeGce\/HYGyPavG4p01llMK1oNty3aIn5Fga0trmE5qMescvoAUUq5\/bHUN+k+vhXIbWxY\/3vDmdnCa56oAlIcIjgjC+E50at1u3HR8+suP\/2+Xv6e6uvx0ZoENXlQfecra37e2Ghz5cKjHuTaRHK7080kaLh3QpbDWvt1jnzw1LaZmubkyV+PnpjgoTZh1DSfZbpj7p99kr0g5r1MqKywyQFok11mc\/IOuRxUdsf3AwuNfvH\/8D\" \/> \t\t<a href=\"https:\/\/www.pdf24.org\" target=\"_blank\" title=\"www.pdf24.org\" rel=\"nofollow\"><img src=\"https:\/\/citeelegance.net\/wp-content\/plugins\/pdf24-posts-to-pdf\/img\/pdf_32x32.png\" alt=\"\" border=\"0\" height=\"32\" \/><\/a> \t\t<span class=\"pdf24Plugin-cp-space\">&nbsp;&nbsp;<\/span> \t\t<span class=\"pdf24Plugin-cp-text\">Send article as PDF<\/span> \t\t<span class=\"pdf24Plugin-cp-space\">&nbsp;&nbsp;<\/span> \t\t<input class=\"pdf24Plugin-cp-input\" style=\"margin: 0px;\" type=\"text\" name=\"sendEmailTo\" placeholder=\"Enter email address\" \/> \t\t<input class=\"pdf24Plugin-cp-submit\" style=\"margin: 0px;\" type=\"submit\" value=\"Send\" \/> \t<\/form> <\/div>","protected":false},"excerpt":{"rendered":"<p>Le minist\u00e8re de l&#8217;Urbanisme, de l&#8217;Habitat et de la ville a rencontr\u00e9 les hommes de m\u00e9dias\u00a0 autour d\u2019une conf\u00e9rence ce vendredi 26 f\u00e9vrier 2021 \u00e0 Ouagadougou.\u00a0 L\u2019objectif de cette conf\u00e9rence \u00e9tait d\u2019informer le peuple burkinab\u00e8 des missions et des d\u00e9fis dudit minist\u00e8re et des r\u00e9sultats \u00e0 atteindre. Ladite conf\u00e9rence s&#8217;est tenue sous le leadership du [&hellip;]<\/p>\n","protected":false},"author":5,"featured_media":7990,"comment_status":"open","ping_status":"closed","sticky":false,"template":"","format":"standard","meta":{"footnotes":""},"categories":[2,6],"tags":[],"yoast_head":"<!-- This site is optimized with the Yoast SEO plugin v18.1 - https:\/\/yoast.com\/wordpress\/plugins\/seo\/ -->\n<title>Burkina Faso : le ministre de l&#039;Urbanisme, Stanislas SANKARA, apte \u00e0 relever les d\u00e9fis li\u00e9s \u00e0 son d\u00e9partement \u00e0 travers des r\u00e9formes - CITE ELEGANCE<\/title>\n<meta name=\"robots\" content=\"index, follow, max-snippet:-1, max-image-preview:large, max-video-preview:-1\" \/>\n<link rel=\"canonical\" href=\"https:\/\/citeelegance.net\/?p=7989\" \/>\n<meta property=\"og:locale\" content=\"fr_FR\" \/>\n<meta property=\"og:type\" content=\"article\" \/>\n<meta property=\"og:title\" content=\"Burkina Faso : le ministre de l&#039;Urbanisme, Stanislas SANKARA, apte \u00e0 relever les d\u00e9fis li\u00e9s \u00e0 son d\u00e9partement \u00e0 travers des r\u00e9formes - CITE ELEGANCE\" \/>\n<meta property=\"og:description\" content=\"Le minist\u00e8re de l&#8217;Urbanisme, de l&#8217;Habitat et de la ville a rencontr\u00e9 les hommes de m\u00e9dias\u00a0 autour d\u2019une conf\u00e9rence ce vendredi 26 f\u00e9vrier 2021 \u00e0 Ouagadougou.\u00a0 L\u2019objectif de cette conf\u00e9rence \u00e9tait d\u2019informer le peuple burkinab\u00e8 des missions et des d\u00e9fis dudit minist\u00e8re et des r\u00e9sultats \u00e0 atteindre. Ladite conf\u00e9rence s&#8217;est tenue sous le leadership du [&hellip;]\" \/>\n<meta property=\"og:url\" content=\"https:\/\/citeelegance.net\/?p=7989\" \/>\n<meta property=\"og:site_name\" content=\"CITE ELEGANCE\" \/>\n<meta property=\"article:published_time\" content=\"2021-03-01T13:39:10+00:00\" \/>\n<meta property=\"og:image\" content=\"https:\/\/citeelegance.net\/wp-content\/uploads\/2021\/03\/1.jpg\" \/>\n\t<meta property=\"og:image:width\" content=\"1033\" \/>\n\t<meta property=\"og:image:height\" content=\"465\" \/>\n\t<meta property=\"og:image:type\" content=\"image\/jpeg\" \/>\n<meta name=\"twitter:label1\" content=\"\u00c9crit par\" \/>\n\t<meta name=\"twitter:data1\" content=\"Ismael KIEKIETA\" \/>\n\t<meta name=\"twitter:label2\" content=\"Dur\u00e9e de lecture estim\u00e9e\" \/>\n\t<meta name=\"twitter:data2\" content=\"3 minutes\" \/>\n<script type=\"application\/ld+json\" class=\"yoast-schema-graph\">{\"@context\":\"https:\/\/schema.org\",\"@graph\":[{\"@type\":\"WebSite\",\"@id\":\"https:\/\/citeelegance.net\/#website\",\"url\":\"https:\/\/citeelegance.net\/\",\"name\":\"CITE ELEGANCE\",\"description\":\"\",\"potentialAction\":[{\"@type\":\"SearchAction\",\"target\":{\"@type\":\"EntryPoint\",\"urlTemplate\":\"https:\/\/citeelegance.net\/?s={search_term_string}\"},\"query-input\":\"required name=search_term_string\"}],\"inLanguage\":\"fr-FR\"},{\"@type\":\"ImageObject\",\"@id\":\"https:\/\/citeelegance.net\/?p=7989#primaryimage\",\"inLanguage\":\"fr-FR\",\"url\":\"https:\/\/citeelegance.net\/wp-content\/uploads\/2021\/03\/1.jpg\",\"contentUrl\":\"https:\/\/citeelegance.net\/wp-content\/uploads\/2021\/03\/1.jpg\",\"width\":1033,\"height\":465},{\"@type\":\"WebPage\",\"@id\":\"https:\/\/citeelegance.net\/?p=7989#webpage\",\"url\":\"https:\/\/citeelegance.net\/?p=7989\",\"name\":\"Burkina Faso : le ministre de l'Urbanisme, Stanislas SANKARA, apte \u00e0 relever les d\u00e9fis li\u00e9s \u00e0 son d\u00e9partement \u00e0 travers des r\u00e9formes - CITE ELEGANCE\",\"isPartOf\":{\"@id\":\"https:\/\/citeelegance.net\/#website\"},\"primaryImageOfPage\":{\"@id\":\"https:\/\/citeelegance.net\/?p=7989#primaryimage\"},\"datePublished\":\"2021-03-01T13:39:10+00:00\",\"dateModified\":\"2021-03-01T13:39:10+00:00\",\"author\":{\"@id\":\"https:\/\/citeelegance.net\/#\/schema\/person\/981ee78db24e1c4cf407476788535aba\"},\"breadcrumb\":{\"@id\":\"https:\/\/citeelegance.net\/?p=7989#breadcrumb\"},\"inLanguage\":\"fr-FR\",\"potentialAction\":[{\"@type\":\"ReadAction\",\"target\":[\"https:\/\/citeelegance.net\/?p=7989\"]}]},{\"@type\":\"BreadcrumbList\",\"@id\":\"https:\/\/citeelegance.net\/?p=7989#breadcrumb\",\"itemListElement\":[{\"@type\":\"ListItem\",\"position\":1,\"name\":\"Accueil\",\"item\":\"https:\/\/citeelegance.net\/\"},{\"@type\":\"ListItem\",\"position\":2,\"name\":\"Burkina Faso : le ministre de l&#8217;Urbanisme, Stanislas SANKARA, apte \u00e0 relever les d\u00e9fis li\u00e9s \u00e0 son d\u00e9partement \u00e0 travers des r\u00e9formes\"}]},{\"@type\":\"Person\",\"@id\":\"https:\/\/citeelegance.net\/#\/schema\/person\/981ee78db24e1c4cf407476788535aba\",\"name\":\"Ismael KIEKIETA\",\"url\":\"https:\/\/citeelegance.net\/?author=5\"}]}<\/script>\n<!-- \/ Yoast SEO plugin. -->","yoast_head_json":{"title":"Burkina Faso : le ministre de l'Urbanisme, Stanislas SANKARA, apte \u00e0 relever les d\u00e9fis li\u00e9s \u00e0 son d\u00e9partement \u00e0 travers des r\u00e9formes - CITE ELEGANCE","robots":{"index":"index","follow":"follow","max-snippet":"max-snippet:-1","max-image-preview":"max-image-preview:large","max-video-preview":"max-video-preview:-1"},"canonical":"https:\/\/citeelegance.net\/?p=7989","og_locale":"fr_FR","og_type":"article","og_title":"Burkina Faso : le ministre de l'Urbanisme, Stanislas SANKARA, apte \u00e0 relever les d\u00e9fis li\u00e9s \u00e0 son d\u00e9partement \u00e0 travers des r\u00e9formes - CITE ELEGANCE","og_description":"Le minist\u00e8re de l&#8217;Urbanisme, de l&#8217;Habitat et de la ville a rencontr\u00e9 les hommes de m\u00e9dias\u00a0 autour d\u2019une conf\u00e9rence ce vendredi 26 f\u00e9vrier 2021 \u00e0 Ouagadougou.\u00a0 L\u2019objectif de cette conf\u00e9rence \u00e9tait d\u2019informer le peuple burkinab\u00e8 des missions et des d\u00e9fis dudit minist\u00e8re et des r\u00e9sultats \u00e0 atteindre. Ladite conf\u00e9rence s&#8217;est tenue sous le leadership du [&hellip;]","og_url":"https:\/\/citeelegance.net\/?p=7989","og_site_name":"CITE ELEGANCE","article_published_time":"2021-03-01T13:39:10+00:00","og_image":[{"width":1033,"height":465,"url":"https:\/\/citeelegance.net\/wp-content\/uploads\/2021\/03\/1.jpg","type":"image\/jpeg"}],"twitter_misc":{"\u00c9crit par":"Ismael KIEKIETA","Dur\u00e9e de lecture estim\u00e9e":"3 minutes"},"schema":{"@context":"https:\/\/schema.org","@graph":[{"@type":"WebSite","@id":"https:\/\/citeelegance.net\/#website","url":"https:\/\/citeelegance.net\/","name":"CITE ELEGANCE","description":"","potentialAction":[{"@type":"SearchAction","target":{"@type":"EntryPoint","urlTemplate":"https:\/\/citeelegance.net\/?s={search_term_string}"},"query-input":"required name=search_term_string"}],"inLanguage":"fr-FR"},{"@type":"ImageObject","@id":"https:\/\/citeelegance.net\/?p=7989#primaryimage","inLanguage":"fr-FR","url":"https:\/\/citeelegance.net\/wp-content\/uploads\/2021\/03\/1.jpg","contentUrl":"https:\/\/citeelegance.net\/wp-content\/uploads\/2021\/03\/1.jpg","width":1033,"height":465},{"@type":"WebPage","@id":"https:\/\/citeelegance.net\/?p=7989#webpage","url":"https:\/\/citeelegance.net\/?p=7989","name":"Burkina Faso : le ministre de l'Urbanisme, Stanislas SANKARA, apte \u00e0 relever les d\u00e9fis li\u00e9s \u00e0 son d\u00e9partement \u00e0 travers des r\u00e9formes - CITE ELEGANCE","isPartOf":{"@id":"https:\/\/citeelegance.net\/#website"},"primaryImageOfPage":{"@id":"https:\/\/citeelegance.net\/?p=7989#primaryimage"},"datePublished":"2021-03-01T13:39:10+00:00","dateModified":"2021-03-01T13:39:10+00:00","author":{"@id":"https:\/\/citeelegance.net\/#\/schema\/person\/981ee78db24e1c4cf407476788535aba"},"breadcrumb":{"@id":"https:\/\/citeelegance.net\/?p=7989#breadcrumb"},"inLanguage":"fr-FR","potentialAction":[{"@type":"ReadAction","target":["https:\/\/citeelegance.net\/?p=7989"]}]},{"@type":"BreadcrumbList","@id":"https:\/\/citeelegance.net\/?p=7989#breadcrumb","itemListElement":[{"@type":"ListItem","position":1,"name":"Accueil","item":"https:\/\/citeelegance.net\/"},{"@type":"ListItem","position":2,"name":"Burkina Faso : le ministre de l&#8217;Urbanisme, Stanislas SANKARA, apte \u00e0 relever les d\u00e9fis li\u00e9s \u00e0 son d\u00e9partement \u00e0 travers des r\u00e9formes"}]},{"@type":"Person","@id":"https:\/\/citeelegance.net\/#\/schema\/person\/981ee78db24e1c4cf407476788535aba","name":"Ismael KIEKIETA","url":"https:\/\/citeelegance.net\/?author=5"}]}},"_links":{"self":[{"href":"https:\/\/citeelegance.net\/index.php?rest_route=\/wp\/v2\/posts\/7989"}],"collection":[{"href":"https:\/\/citeelegance.net\/index.php?rest_route=\/wp\/v2\/posts"}],"about":[{"href":"https:\/\/citeelegance.net\/index.php?rest_route=\/wp\/v2\/types\/post"}],"author":[{"embeddable":true,"href":"https:\/\/citeelegance.net\/index.php?rest_route=\/wp\/v2\/users\/5"}],"replies":[{"embeddable":true,"href":"https:\/\/citeelegance.net\/index.php?rest_route=%2Fwp%2Fv2%2Fcomments&post=7989"}],"version-history":[{"count":1,"href":"https:\/\/citeelegance.net\/index.php?rest_route=\/wp\/v2\/posts\/7989\/revisions"}],"predecessor-version":[{"id":7991,"href":"https:\/\/citeelegance.net\/index.php?rest_route=\/wp\/v2\/posts\/7989\/revisions\/7991"}],"wp:featuredmedia":[{"embeddable":true,"href":"https:\/\/citeelegance.net\/index.php?rest_route=\/wp\/v2\/media\/7990"}],"wp:attachment":[{"href":"https:\/\/citeelegance.net\/index.php?rest_route=%2Fwp%2Fv2%2Fmedia&parent=7989"}],"wp:term":[{"taxonomy":"category","embeddable":true,"href":"https:\/\/citeelegance.net\/index.php?rest_route=%2Fwp%2Fv2%2Fcategories&post=7989"},{"taxonomy":"post_tag","embeddable":true,"href":"https:\/\/citeelegance.net\/index.php?rest_route=%2Fwp%2Fv2%2Ftags&post=7989"}],"curies":[{"name":"wp","href":"https:\/\/api.w.org\/{rel}","templated":true}]}}