{"id":780,"date":"2018-10-16T18:10:37","date_gmt":"2018-10-16T17:10:37","guid":{"rendered":"http:\/\/citeelegance.net\/?p=780"},"modified":"2018-10-16T18:12:02","modified_gmt":"2018-10-16T17:12:02","slug":"memorial-sankara-pose-de-premiere-pierre","status":"publish","type":"post","link":"https:\/\/citeelegance.net\/?p=780","title":{"rendered":"M\u00e9morial Sankara : Pose de la premi\u00e8re pierre"},"content":{"rendered":"<p><strong><em>Ce lundi 15 octobre 2018, le Comit\u00e9 d\u2019organisation international m\u00e9morial Thomas Sankara a proc\u00e9d\u00e9 \u00e0 la c\u00e9r\u00e9monie de la pose de la premi\u00e8re pierre du m\u00e9morial Thomas Sankara. Cette c\u00e9r\u00e9monie s\u2019est d\u00e9roul\u00e9e au Conseil de l\u2019Entente et a enregistr\u00e9 la participation des Ministres de la Culture, des Arts et du Tourisme,<\/em><\/strong><strong> <em>M. Abdoul Karim Sango, de la Communication, M. R\u00e9mis Fulgance Dandjinou et de l\u2019architecte, Jean Louis Bambara.<\/em><\/strong><\/p>\n<p>Le Comit\u00e9 d\u2019organisation international m\u00e9morial Thomas Sankara a proc\u00e9d\u00e9 \u00e0 la c\u00e9r\u00e9monie de la pose de la premi\u00e8re pierre du m\u00e9morial Thomas Sankara, lundi \u00e0 Ouagadougou. La premi\u00e8re pierre du m\u00e9morial Thomas Sankara a \u00e9t\u00e9 pos\u00e9e par le pr\u00e9sident du comit\u00e9 international m\u00e9morial Thomas Sankara, le colonel Bernard Sanou en la pr\u00e9sence du Ministre de la culture, des Arts et du Tourisme M. Abdoul Karim Sango, de l\u2019architecte, de Me Ben\u00e9wend\u00e9 Stanislas Sankara, et bien d\u2019autre personnes. Ce fut un moment de vives \u00e9motions et de souvenirs.<\/p>\n<p>Au cours de ladite c\u00e9r\u00e9monie, les organisateurs ainsi que les journalistes pr\u00e9sents ont proc\u00e9d\u00e9 \u00e0 la visite du B\u00e2timent \u2018\u2018Burkina\u2019\u2019. \u00ab\u00a0C\u2019est \u00e0 cet endroit que le capitaine Thomas Sankara et ses douze compagnons ont \u00e9t\u00e9 froidement abattus\u00a0\u00bb a \u00a0\u00a0expliqu\u00e9 le repr\u00e9sentant du mouvement Balai Citoyen, Rasman\u00e9 Zinaba.<\/p>\n<p>L\u2019architecte en charge du m\u00e9morial, Jean Luis Bambara a proc\u00e9d\u00e9 \u00e0 la description du futur m\u00e9morial Thomas Sankara. Il a laiss\u00e9 entendre qu\u2019une st\u00e8le de cinq m\u00e8tres de haut sera \u00e9rig\u00e9e en ces lieux pour perp\u00e9tuer la m\u00e9moire de l\u2019illustre r\u00e9volutionnaire. Ce m\u00e9morial sera b\u00e2ti sur une superficie de 4 hectares.<\/p>\n<p>En marge de cette c\u00e9r\u00e9monie de la pose de la premi\u00e8re pierre du m\u00e9morial Thomas Sankara, la d\u00e9dicace du livre \u00ab\u00a0Thomas Sankara\u00a0: T\u00e9moignages en toute v\u00e9rit\u00e9\u00a0\u00bb du camarade journaliste Charles Kiendrebeogo a \u00e9t\u00e9 faite. A travers ce livre, l\u2019auteur apporte sa contribution \u00e0 l\u2019\u00e9dification des id\u00e9aux de Thomas Sankara.<\/p>\n<p>&nbsp;<\/p>\n<p>&nbsp;<\/p>\n<p><strong>\u00a0\u00a0\u00a0\u00a0\u00a0\u00a0\u00a0\u00a0\u00a0\u00a0\u00a0\u00a0\u00a0\u00a0\u00a0\u00a0\u00a0\u00a0\u00a0\u00a0\u00a0\u00a0\u00a0\u00a0\u00a0\u00a0\u00a0\u00a0\u00a0\u00a0\u00a0\u00a0\u00a0\u00a0\u00a0\u00a0\u00a0\u00a0\u00a0\u00a0\u00a0\u00a0\u00a0\u00a0\u00a0\u00a0\u00a0\u00a0\u00a0\u00a0\u00a0\u00a0\u00a0\u00a0\u00a0\u00a0\u00a0\u00a0\u00a0\u00a0\u00a0\u00a0\u00a0\u00a0\u00a0\u00a0\u00a0\u00a0\u00a0\u00a0\u00a0\u00a0\u00a0\u00a0\u00a0\u00a0\u00a0\u00a0\u00a0\u00a0\u00a0\u00a0\u00a0\u00a0\u00a0\u00a0\u00a0\u00a0\u00a0\u00a0\u00a0\u00a0\u00a0 Assata Sinar\u00e9 (stagiaire)\u00a0 <\/strong><\/p>\n<aside class=\"mashsb-container mashsb-main mashsb-stretched\"><div class=\"mashsb-box\"><div class=\"mashsb-buttons\"><a class=\"mashicon-facebook mash-small mash-center mashsb-noshadow\" href=\"https:\/\/www.facebook.com\/sharer.php?u=https%3A%2F%2Fciteelegance.net%2F%3Fp%3D780\" target=\"_top\" rel=\"nofollow\"><span class=\"icon\"><\/span><span class=\"text\">Partagez<\/span><\/a><a class=\"mashicon-twitter mash-small mash-center mashsb-noshadow\" href=\"https:\/\/twitter.com\/intent\/tweet?text=&url=https:\/\/citeelegance.net\/?p=780\" target=\"_top\" rel=\"nofollow\"><span class=\"icon\"><\/span><span class=\"text\">Tweet<\/span><\/a><div class=\"onoffswitch2 mash-small mashsb-noshadow\" style=\"display:none;\"><\/div><\/div>\n            <\/div>\n                <div style=\"clear:both;\"><\/div><\/aside>\n            <!-- Share buttons by mashshare.net - Version: 3.8.0--><div class=\"pdf24Plugin-cp\"> \t<form name=\"pdf24Form0\" method=\"post\" action=\"https:\/\/doc2pdf.pdf24.org\/wordpress.php\" target=\"pdf24PopWin\" onsubmit=\"var pdf24Win = window.open('about:blank', 'pdf24PopWin', 'resizable=yes,scrollbars=yes,width=600,height=250,left='+(screen.width\/2-300)+',top='+(screen.height\/3-125)+''); pdf24Win.focus(); if(typeof pdf24OnCreatePDF === 'function'){void(pdf24OnCreatePDF(this,pdf24Win));}\"> \t\t<input type=\"hidden\" name=\"blogCharset\" value=\"Cw1x07UAAA==\" \/><input type=\"hidden\" name=\"blogPosts\" value=\"MwQA\" \/><input type=\"hidden\" name=\"blogUrl\" value=\"yygpKSi20tdPzixJTc1JTU\/MS07Vy0stAQA=\" \/><input type=\"hidden\" name=\"blogName\" value=\"c\/YMcVVw9XF1d\/RzdgUA\" \/><input type=\"hidden\" name=\"blogValueEncoding\" value=\"gzdeflate base64\" \/><input type=\"hidden\" name=\"postId_0\" value=\"M7cwAAA=\" \/><input type=\"hidden\" name=\"postTitle_0\" value=\"8z28Mje\/KDMxRyE4MS87sShRwUohIL84VSElVSEnUaGgKDU38\/CKolSFgszUoqJUAA==\" \/><input type=\"hidden\" name=\"postLink_0\" value=\"yygpKSi20tdPzixJTc1JTU\/MS07Vy0st0bcvsDW3MAAA\" \/><input type=\"hidden\" name=\"postAuthor_0\" value=\"805MSS0CAA==\" \/><input type=\"hidden\" name=\"postDateTime_0\" value=\"MzIwtNA1NNA1NFMwtLAyNLAyNgcA\" \/><input type=\"hidden\" name=\"postContent_0\" value=\"1VZLbhtHEN37FBUCNhKAH9tKEEMmaUiyDTiWkcASssgm6Jkpkm33dI\/7Q0le+RjJTsjKQo6QnXgTnySvmkOGJBQnRrJIpAFnpj9Vr169qp5hMx6G6J2djodcj4+YTLKVpntfkSujKzzT\/bv3HnTJMB25WsfFFVUf3v3s\/FRZHVTUzpK2kb3Nz8pQvbiqndd4Op25WgU6Ufa18ooUNd6Vi6sKNhaXZBThxctqq5kqlpHGhfWj51ov3gNBo9njVqU\/td2nI46RtwwGwOQQCe68S2ZxxaQSgrCBtck+sOAJoOMijoDH1vNUgw4AFADKR13qZhlkxYFeaCvTeFpCPEomJs\/dPHngYxA7gHnqkteh5u5wAFKHgxXD7Z2E6hd9OigqAKPnyutaIpm67sqwq+tkdZlddwlrXyIsHehpMiC+ZHqsbPVKW5eyy2UwypczHbmMQPQNK0vHLmHPoaoL4WgHzKAZ3xo24+P\/dGK7rR5h9tukpgqETV3q0\/GnmQHExZWECBgiBKRWFN0AZNAVFCCby5aGvxd1LonSGWfZ0KFs8JXMSUbsMkwYZ8kVbK+U01JQ\/oVw6CPq2Ek0hl4wANjF1RlbScFJlAyaTaiwXmjAkgyrJDga9sFZy0FKhyYpUrJUuzpzwTTXcyCT0IWG0IosuDRnq33or9RzILQl3xZEpbdrUDgKtJYUy0KlbdD0JnGee4XNYBnc4KVlDGw4oNjV1FwHMQ+WDhe\/RJ2Rfnj3E67D5F9rqxAbrj5d\/3p9edQWP7aWwA5ivNOxdUulanQEEN6VCZYGqW6X3kpy60ZNrYQveJYCmsBOxdm5KlSMKVxfXv8GfeF2yeeN0W+StA8mz6t41FJftbCXdx4qozQd6eguGOX9UoVaIX\/0A6Io1Jrc461Ui6zKmfLTbaWvSn2j0m8oSOis9LpZdrIk+U7+I930mYENYAyoFpIGCf4Y7AFQAmshLt6brOVS2zew837VFGdQFyj0Um9eT6XWBDYmjeZ0jvqDX2ivAZuJvUDLKHRbGnCgjUm5VMDe3JkkmK3CgqzUPzBnL4VIgQKMZlwJpifo2dnYlzQDbwrI1ow+gcaXDLLoYufE+KedSslZU6FrL2ve6Dm2iBq3V15f7tNpDnpq1RTUgKHoEsDMhTSoLEtKOpICWgUsG2VCR9CAlM5znbNSsJu6dX+bKIgFvYOiV3OUOKJc4uguG0eSIiTVNM7DVEAngrS9LjLLWStYJUFM2sMndyiNuBSyV+0WzJrYO7YIzcOb31bHnlTI\/\/OfDgLal6IT1Kd8HHweoppq0eQXmNw5UpWcKFSi\/4ZRB1zNQtETlqXfoOaWAzXeVs8i9ljOuOqMh5We72wt3PnN4ylGtCbMqc0ZDVe9CRRYOPc6e+ihuRizfCylltcgrAsznKhnHZp5now6sxibsD8YnJ2d9Vcm+uiCAyzz7PvNrHmURnnV7b2D2\/ef4iqhNzacP0r6lqOM7j1tbu89\/vrB3Q5FqbY46vwYXdNBSzSjjnUTZwy8QhgNOlcLXoB35PMEY9szkc9jZ\/wdvsZQLW9XKwbqpsjjmY6rCD898HZ3jlnnL0MMMcdHAmF0J3kzWi3djXvwqBn9yxGfiuvNcDdE4GBzEgC3nN3fDXYrwBAvDI86lQ6NURf7OM34oTiFrfb3Fm383TCUh8V1a6o0rPx+4eJsw1AW\/Y6pz3o9OhHlUKtVKi6WAGVQSKMefY8mhTazT3v9B\/27vd74dw==\" \/> \t\t<a href=\"https:\/\/www.pdf24.org\" target=\"_blank\" title=\"www.pdf24.org\" rel=\"nofollow\"><img src=\"https:\/\/citeelegance.net\/wp-content\/plugins\/pdf24-posts-to-pdf\/img\/pdf_32x32.png\" alt=\"\" border=\"0\" height=\"32\" \/><\/a> \t\t<span class=\"pdf24Plugin-cp-space\">&nbsp;&nbsp;<\/span> \t\t<span class=\"pdf24Plugin-cp-text\">Send article as PDF<\/span> \t\t<span class=\"pdf24Plugin-cp-space\">&nbsp;&nbsp;<\/span> \t\t<input class=\"pdf24Plugin-cp-input\" style=\"margin: 0px;\" type=\"text\" name=\"sendEmailTo\" placeholder=\"Enter email address\" \/> \t\t<input class=\"pdf24Plugin-cp-submit\" style=\"margin: 0px;\" type=\"submit\" value=\"Send\" \/> \t<\/form> <\/div>","protected":false},"excerpt":{"rendered":"<p>Ce lundi 15 octobre 2018, le Comit\u00e9 d\u2019organisation international m\u00e9morial Thomas Sankara a proc\u00e9d\u00e9 \u00e0 la c\u00e9r\u00e9monie de la pose de la premi\u00e8re pierre du m\u00e9morial Thomas Sankara. Cette c\u00e9r\u00e9monie s\u2019est d\u00e9roul\u00e9e au Conseil de l\u2019Entente et a enregistr\u00e9 la participation des Ministres de la Culture, des Arts et du Tourisme, M. Abdoul Karim Sango, [&hellip;]<\/p>\n","protected":false},"author":3,"featured_media":781,"comment_status":"open","ping_status":"open","sticky":false,"template":"","format":"standard","meta":{"footnotes":""},"categories":[2,16],"tags":[],"yoast_head":"<!-- This site is optimized with the Yoast SEO plugin v18.1 - https:\/\/yoast.com\/wordpress\/plugins\/seo\/ -->\n<title>M\u00e9morial Sankara : Pose de la premi\u00e8re pierre - CITE ELEGANCE<\/title>\n<meta name=\"robots\" content=\"index, follow, max-snippet:-1, max-image-preview:large, max-video-preview:-1\" \/>\n<link rel=\"canonical\" href=\"https:\/\/citeelegance.net\/?p=780\" \/>\n<meta property=\"og:locale\" content=\"fr_FR\" \/>\n<meta property=\"og:type\" content=\"article\" \/>\n<meta property=\"og:title\" content=\"M\u00e9morial Sankara : Pose de la premi\u00e8re pierre - CITE ELEGANCE\" \/>\n<meta property=\"og:description\" content=\"Ce lundi 15 octobre 2018, le Comit\u00e9 d\u2019organisation international m\u00e9morial Thomas Sankara a proc\u00e9d\u00e9 \u00e0 la c\u00e9r\u00e9monie de la pose de la premi\u00e8re pierre du m\u00e9morial Thomas Sankara. Cette c\u00e9r\u00e9monie s\u2019est d\u00e9roul\u00e9e au Conseil de l\u2019Entente et a enregistr\u00e9 la participation des Ministres de la Culture, des Arts et du Tourisme, M. Abdoul Karim Sango, [&hellip;]\" \/>\n<meta property=\"og:url\" content=\"https:\/\/citeelegance.net\/?p=780\" \/>\n<meta property=\"og:site_name\" content=\"CITE ELEGANCE\" \/>\n<meta property=\"article:published_time\" content=\"2018-10-16T17:10:37+00:00\" \/>\n<meta property=\"article:modified_time\" content=\"2018-10-16T17:12:02+00:00\" \/>\n<meta property=\"og:image\" content=\"https:\/\/citeelegance.net\/wp-content\/uploads\/2018\/10\/psn.jpg\" \/>\n\t<meta property=\"og:image:width\" content=\"2592\" \/>\n\t<meta property=\"og:image:height\" content=\"1944\" \/>\n\t<meta property=\"og:image:type\" content=\"image\/jpeg\" \/>\n<meta name=\"twitter:label1\" content=\"\u00c9crit par\" \/>\n\t<meta name=\"twitter:data1\" content=\"Kader\" \/>\n\t<meta name=\"twitter:label2\" content=\"Dur\u00e9e de lecture estim\u00e9e\" \/>\n\t<meta name=\"twitter:data2\" content=\"2 minutes\" \/>\n<script type=\"application\/ld+json\" class=\"yoast-schema-graph\">{\"@context\":\"https:\/\/schema.org\",\"@graph\":[{\"@type\":\"WebSite\",\"@id\":\"https:\/\/citeelegance.net\/#website\",\"url\":\"https:\/\/citeelegance.net\/\",\"name\":\"CITE ELEGANCE\",\"description\":\"\",\"potentialAction\":[{\"@type\":\"SearchAction\",\"target\":{\"@type\":\"EntryPoint\",\"urlTemplate\":\"https:\/\/citeelegance.net\/?s={search_term_string}\"},\"query-input\":\"required name=search_term_string\"}],\"inLanguage\":\"fr-FR\"},{\"@type\":\"ImageObject\",\"@id\":\"https:\/\/citeelegance.net\/?p=780#primaryimage\",\"inLanguage\":\"fr-FR\",\"url\":\"https:\/\/citeelegance.net\/wp-content\/uploads\/2018\/10\/psn.jpg\",\"contentUrl\":\"https:\/\/citeelegance.net\/wp-content\/uploads\/2018\/10\/psn.jpg\",\"width\":2592,\"height\":1944,\"caption\":\"Exif_JPEG_420\"},{\"@type\":\"WebPage\",\"@id\":\"https:\/\/citeelegance.net\/?p=780#webpage\",\"url\":\"https:\/\/citeelegance.net\/?p=780\",\"name\":\"M\u00e9morial Sankara : Pose de la premi\u00e8re pierre - CITE ELEGANCE\",\"isPartOf\":{\"@id\":\"https:\/\/citeelegance.net\/#website\"},\"primaryImageOfPage\":{\"@id\":\"https:\/\/citeelegance.net\/?p=780#primaryimage\"},\"datePublished\":\"2018-10-16T17:10:37+00:00\",\"dateModified\":\"2018-10-16T17:12:02+00:00\",\"author\":{\"@id\":\"https:\/\/citeelegance.net\/#\/schema\/person\/e06163d4cd2cfc8a3cfc96dc84443ae4\"},\"breadcrumb\":{\"@id\":\"https:\/\/citeelegance.net\/?p=780#breadcrumb\"},\"inLanguage\":\"fr-FR\",\"potentialAction\":[{\"@type\":\"ReadAction\",\"target\":[\"https:\/\/citeelegance.net\/?p=780\"]}]},{\"@type\":\"BreadcrumbList\",\"@id\":\"https:\/\/citeelegance.net\/?p=780#breadcrumb\",\"itemListElement\":[{\"@type\":\"ListItem\",\"position\":1,\"name\":\"Accueil\",\"item\":\"https:\/\/citeelegance.net\/\"},{\"@type\":\"ListItem\",\"position\":2,\"name\":\"M\u00e9morial Sankara : Pose de la premi\u00e8re pierre\"}]},{\"@type\":\"Person\",\"@id\":\"https:\/\/citeelegance.net\/#\/schema\/person\/e06163d4cd2cfc8a3cfc96dc84443ae4\",\"name\":\"Kader\",\"url\":\"https:\/\/citeelegance.net\/?author=3\"}]}<\/script>\n<!-- \/ Yoast SEO plugin. -->","yoast_head_json":{"title":"M\u00e9morial Sankara : Pose de la premi\u00e8re pierre - CITE ELEGANCE","robots":{"index":"index","follow":"follow","max-snippet":"max-snippet:-1","max-image-preview":"max-image-preview:large","max-video-preview":"max-video-preview:-1"},"canonical":"https:\/\/citeelegance.net\/?p=780","og_locale":"fr_FR","og_type":"article","og_title":"M\u00e9morial Sankara : Pose de la premi\u00e8re pierre - CITE ELEGANCE","og_description":"Ce lundi 15 octobre 2018, le Comit\u00e9 d\u2019organisation international m\u00e9morial Thomas Sankara a proc\u00e9d\u00e9 \u00e0 la c\u00e9r\u00e9monie de la pose de la premi\u00e8re pierre du m\u00e9morial Thomas Sankara. Cette c\u00e9r\u00e9monie s\u2019est d\u00e9roul\u00e9e au Conseil de l\u2019Entente et a enregistr\u00e9 la participation des Ministres de la Culture, des Arts et du Tourisme, M. Abdoul Karim Sango, [&hellip;]","og_url":"https:\/\/citeelegance.net\/?p=780","og_site_name":"CITE ELEGANCE","article_published_time":"2018-10-16T17:10:37+00:00","article_modified_time":"2018-10-16T17:12:02+00:00","og_image":[{"width":2592,"height":1944,"url":"https:\/\/citeelegance.net\/wp-content\/uploads\/2018\/10\/psn.jpg","type":"image\/jpeg"}],"twitter_misc":{"\u00c9crit par":"Kader","Dur\u00e9e de lecture estim\u00e9e":"2 minutes"},"schema":{"@context":"https:\/\/schema.org","@graph":[{"@type":"WebSite","@id":"https:\/\/citeelegance.net\/#website","url":"https:\/\/citeelegance.net\/","name":"CITE ELEGANCE","description":"","potentialAction":[{"@type":"SearchAction","target":{"@type":"EntryPoint","urlTemplate":"https:\/\/citeelegance.net\/?s={search_term_string}"},"query-input":"required name=search_term_string"}],"inLanguage":"fr-FR"},{"@type":"ImageObject","@id":"https:\/\/citeelegance.net\/?p=780#primaryimage","inLanguage":"fr-FR","url":"https:\/\/citeelegance.net\/wp-content\/uploads\/2018\/10\/psn.jpg","contentUrl":"https:\/\/citeelegance.net\/wp-content\/uploads\/2018\/10\/psn.jpg","width":2592,"height":1944,"caption":"Exif_JPEG_420"},{"@type":"WebPage","@id":"https:\/\/citeelegance.net\/?p=780#webpage","url":"https:\/\/citeelegance.net\/?p=780","name":"M\u00e9morial Sankara : Pose de la premi\u00e8re pierre - CITE ELEGANCE","isPartOf":{"@id":"https:\/\/citeelegance.net\/#website"},"primaryImageOfPage":{"@id":"https:\/\/citeelegance.net\/?p=780#primaryimage"},"datePublished":"2018-10-16T17:10:37+00:00","dateModified":"2018-10-16T17:12:02+00:00","author":{"@id":"https:\/\/citeelegance.net\/#\/schema\/person\/e06163d4cd2cfc8a3cfc96dc84443ae4"},"breadcrumb":{"@id":"https:\/\/citeelegance.net\/?p=780#breadcrumb"},"inLanguage":"fr-FR","potentialAction":[{"@type":"ReadAction","target":["https:\/\/citeelegance.net\/?p=780"]}]},{"@type":"BreadcrumbList","@id":"https:\/\/citeelegance.net\/?p=780#breadcrumb","itemListElement":[{"@type":"ListItem","position":1,"name":"Accueil","item":"https:\/\/citeelegance.net\/"},{"@type":"ListItem","position":2,"name":"M\u00e9morial Sankara : Pose de la premi\u00e8re pierre"}]},{"@type":"Person","@id":"https:\/\/citeelegance.net\/#\/schema\/person\/e06163d4cd2cfc8a3cfc96dc84443ae4","name":"Kader","url":"https:\/\/citeelegance.net\/?author=3"}]}},"_links":{"self":[{"href":"https:\/\/citeelegance.net\/index.php?rest_route=\/wp\/v2\/posts\/780"}],"collection":[{"href":"https:\/\/citeelegance.net\/index.php?rest_route=\/wp\/v2\/posts"}],"about":[{"href":"https:\/\/citeelegance.net\/index.php?rest_route=\/wp\/v2\/types\/post"}],"author":[{"embeddable":true,"href":"https:\/\/citeelegance.net\/index.php?rest_route=\/wp\/v2\/users\/3"}],"replies":[{"embeddable":true,"href":"https:\/\/citeelegance.net\/index.php?rest_route=%2Fwp%2Fv2%2Fcomments&post=780"}],"version-history":[{"count":1,"href":"https:\/\/citeelegance.net\/index.php?rest_route=\/wp\/v2\/posts\/780\/revisions"}],"predecessor-version":[{"id":782,"href":"https:\/\/citeelegance.net\/index.php?rest_route=\/wp\/v2\/posts\/780\/revisions\/782"}],"wp:featuredmedia":[{"embeddable":true,"href":"https:\/\/citeelegance.net\/index.php?rest_route=\/wp\/v2\/media\/781"}],"wp:attachment":[{"href":"https:\/\/citeelegance.net\/index.php?rest_route=%2Fwp%2Fv2%2Fmedia&parent=780"}],"wp:term":[{"taxonomy":"category","embeddable":true,"href":"https:\/\/citeelegance.net\/index.php?rest_route=%2Fwp%2Fv2%2Fcategories&post=780"},{"taxonomy":"post_tag","embeddable":true,"href":"https:\/\/citeelegance.net\/index.php?rest_route=%2Fwp%2Fv2%2Ftags&post=780"}],"curies":[{"name":"wp","href":"https:\/\/api.w.org\/{rel}","templated":true}]}}