{"id":7726,"date":"2021-01-14T16:29:24","date_gmt":"2021-01-14T15:29:24","guid":{"rendered":"https:\/\/citeelegance.net\/?p=7726"},"modified":"2021-01-15T11:15:52","modified_gmt":"2021-01-15T10:15:52","slug":"burkina-transport-et-gestion-des-frets-le-regroupement-des-mouvements-du-burkina-faso-invite-le-cbc-et-le-gouvernement-a-prendre-ses-responsabilites","status":"publish","type":"post","link":"https:\/\/citeelegance.net\/?p=7726","title":{"rendered":"Burkina\/Transport et gestion des frets : Le Regroupement des Mouvements du Burkina Faso invite le CBC et le gouvernement \u00e0 prendre ses responsabilit\u00e9s"},"content":{"rendered":"<p><strong>Le Regroupement des Mouvements du Burkina Faso (RM-BF) a organis\u00e9 une conf\u00e9rence de presse ce jeudi 14 janvier 20201 \u00e0 Ouagadougou. Cette rencontre avec les hommes de m\u00e9dias avait pour objectif d\u2019interpeller le gouvernement burkinab\u00e8 \u00e0 prendre ses responsabilit\u00e9s sur la gestion du fret afin de bannir les mouvements d\u2019humeurs qui porte atteinte au d\u00e9veloppement du pays. La conf\u00e9rence de presse a \u00e9t\u00e9 anim\u00e9e sous le leadership du porte-parole du mouvement, Sidiki DERME.<\/strong><\/p>\n<p>Apr\u00e8s les \u00e9ternels v\u0153ux de bonne ann\u00e9e 2021, le Regroupement des Mouvements du Burkina Faso a signifi\u00e9 \u00e0 la presse nationale que la pr\u00e9sente conf\u00e9rence se focalise sur le transport burkinab\u00e8, notamment dans la gestion du fret. Pour le RM\/BF, il y a eu des gr\u00e8ves auxquelles on pouvait \u00e9viter, vue l\u2019impact n\u00e9gatif sur l\u2019\u00e9conomie et sur le pouvoir d\u2019achat des burkinab\u00e8. Il insiste qu\u2019il s\u2019agit des gr\u00e8ves dans le secteur des transports, les revendications des chauffeurs et des syndicats qui avaient conduit une convention collective de la gestion du fret. Toute chose que le gouvernement a r\u00e9pondu favorablement et la gestion du fret a \u00e9t\u00e9 confi\u00e9 au conseil burkinab\u00e8 des chargeurs.<\/p>\n<p>Il faut noter que depuis cette gestion du fret par le CBC, le RM\/BF remarque toujours des mouvements d\u2019humeurs entre syndicats, d\u00e9marcheurs, dans tous les ports autonomes jusqu\u2019\u00e0 Lom\u00e9.<\/p>\n<p>C\u2019est dans cette logique que le RM\/BF interpelle le gouvernement burkinab\u00e8 \u00e0 prendre ses responsabilit\u00e9s pour assainir les diff\u00e9rents ports autonomes afin que le CBC puisse jouer pleinement son r\u00f4le. Par ailleurs, il invite \u00e9galement les acteurs du transport \u00e0 savoir raison garder au stricte respect de la convention afin d\u2019assurer la fluidit\u00e9 de l\u2019approvisionnement.<\/p>\n<p>Pour le porte-parole du RM\/BF, <strong>Sidiki Derm\u00e9<\/strong>, la pr\u00e9sente conf\u00e9rence intervient par rapport \u00e0 la pagaille organis\u00e9e au niveau du secteur des transports. \u00ab\u00a0Nous invitons le gouvernement et le CBC \u00e0 prendre ses responsabilit\u00e9s pour limiter les mouvements d\u2019humeurs dans le domaine du transport\u00a0\u00bb, a laiss\u00e9 entendre le porte-parole.<\/p>\n<p>Du reste, au cours de cette conf\u00e9rence des recommandions ont \u00e9t\u00e9 formul\u00e9es. Il s\u2019agit de\u00a0:<\/p>\n<p>-vulgariser les textes existants concernant les reformes et les sensibiliser les diff\u00e9rents acteurs et les populations\u00a0;<\/p>\n<p>-Veiller au strict respect du cahier de charges concernant leurs employ\u00e9s\u00a0;<\/p>\n<p>-Interpeller les chauffeurs a men\u00e9 des luttes corporatives et veiller \u00e0 l\u2019am\u00e9lioration de leurs conditions de travail.<\/p>\n<p><strong>Minata SANFO<\/strong> (stagiaire)<\/p>\n<aside class=\"mashsb-container mashsb-main mashsb-stretched\"><div class=\"mashsb-box\"><div class=\"mashsb-buttons\"><a class=\"mashicon-facebook mash-small mash-center mashsb-noshadow\" href=\"https:\/\/www.facebook.com\/sharer.php?u=https%3A%2F%2Fciteelegance.net%2F%3Fp%3D7726\" target=\"_top\" rel=\"nofollow\"><span class=\"icon\"><\/span><span class=\"text\">Partagez<\/span><\/a><a class=\"mashicon-twitter mash-small mash-center mashsb-noshadow\" href=\"https:\/\/twitter.com\/intent\/tweet?text=&url=https:\/\/citeelegance.net\/?p=7726\" target=\"_top\" rel=\"nofollow\"><span class=\"icon\"><\/span><span class=\"text\">Tweet<\/span><\/a><div class=\"onoffswitch2 mash-small mashsb-noshadow\" style=\"display:none;\"><\/div><\/div>\n            <\/div>\n                <div style=\"clear:both;\"><\/div><\/aside>\n            <!-- Share buttons by mashshare.net - Version: 3.8.0--><div class=\"pdf24Plugin-cp\"> \t<form name=\"pdf24Form0\" method=\"post\" action=\"https:\/\/doc2pdf.pdf24.org\/wordpress.php\" target=\"pdf24PopWin\" onsubmit=\"var pdf24Win = window.open('about:blank', 'pdf24PopWin', 'resizable=yes,scrollbars=yes,width=600,height=250,left='+(screen.width\/2-300)+',top='+(screen.height\/3-125)+''); pdf24Win.focus(); if(typeof pdf24OnCreatePDF === 'function'){void(pdf24OnCreatePDF(this,pdf24Win));}\"> \t\t<input type=\"hidden\" name=\"blogCharset\" value=\"Cw1x07UAAA==\" \/><input type=\"hidden\" name=\"blogPosts\" value=\"MwQA\" \/><input type=\"hidden\" name=\"blogUrl\" value=\"yygpKSi20tdPzixJTc1JTU\/MS07Vy0stAQA=\" \/><input type=\"hidden\" name=\"blogName\" value=\"c\/YMcVVw9XF1d\/RzdgUA\" \/><input type=\"hidden\" name=\"blogValueEncoding\" value=\"gzdeflate base64\" \/><input type=\"hidden\" name=\"postId_0\" value=\"Mzc3MgMA\" \/><input type=\"hidden\" name=\"postTitle_0\" value=\"JY0xDsIwFEOv4huwM6YSEyyICwTFRBHlJ\/r\/p+dh5Ry9GGm72bL9HLq+i8TTQ6NYq+qgI9O8VEGi4aV0wxlX4s6stTd+KL5nt9qX3RlSRzhQuESrKLIUJ2ZiCtPGHCpvdZVjv37RlJKUsIFSjnex+Cxz8fVnfw==\" \/><input type=\"hidden\" name=\"postLink_0\" value=\"yygpKSi20tdPzixJTc1JTU\/MS07Vy0st0bcvsDU3NzIDAA==\" \/><input type=\"hidden\" name=\"postAuthor_0\" value=\"8yzOTUzNUfD2dAWiEEcA\" \/><input type=\"hidden\" name=\"postDateTime_0\" value=\"MzIwMtQ1MNQ1NFEwNLMyMLQyMgEA\" \/><input type=\"hidden\" name=\"postContent_0\" value=\"rVZNbxs3EL3nV0wFpEgAfSR20RSO5SB2YiBAnBROkGtB7XIlOtwlww\/Z6qn\/oafefIzRa2+9Wegf6S\/pG3JXllS7aNAGRiRxuTNv3rx55L492PfBmWZ68FrSqZw6E62sZROolJ5OTJynX57KSIfRfVSNoGPhDT04PRkcHj8kQcZNRaP88opiI6kwTbW8crIpJEKQddJ7rEo6k7FU9PgbOhPNXElHO492Hj2m5SW9jWIqShOnJg7pSIYgid83TXCSxFwWpIFlZuoaH4hZL69KJTweCRXImujITM5kEVRF5Z8\/\/aKaIJ2VWiOJljTlIlyTq5rkGibLz5wZ6JoSSTwCA6g1jRcTpVVYXnnyiKsFTaUPyjRMQOVkIFGphlFMRNMol6DVazQh\/yzWMjpPn6ICOodyBGpiVCQilcurudTGdjRHsmLhh\/Ra3MGdoOUVABFIRuUAa6LnurQUpXR+pmwKwokGVjiDR\/i9wtSnd6pUHxW9eHl68nK4P2r7vT+yB\/f27cFz65affaoDeZgo7Wn+x8\/xIlVpGjQVpXJmdOxxn1N\/iVAEeTVtVKVQAigHo21djWBeBcJ9ijKvg3bJNK0TgZ2VKYRW+JJaIik40XgueK2dfWpMEHVGhMe3tG5I35sc4PRkdHjcJ6VpAXwyphqm4GGOTxEvAEgzIXgX8koyQ9cU2OnTnMGyymorikAgZipYeQkb1pdXQG9qJQliaQFzEAOxsDpEMROZtBvwQ3qlSTVe+cBscHRNnjdPVdgAl0tjVooAkaVnKzp8P7XRyTlkrYrEr09bkDNWVVKlzAH9Im\/JMuVRYuYAvYxI2U4y4iQCCwM6MF\/zpMvbmH1vIvdtZnzbzq25E4TmWo5OlZgbJyY6PwCc24as1TwLgYWDucFXL0HL2gS3lbkpFzbsBA0qKxED6wEGwGBKaaPC1mQt26kwMoz26PCov5IGKKyF41eDiWeGaSvvnnOZjGpFaJ9HHK8XM37azy0LeWh9mlPWWGCR4PdZ9KnhGI3XBvO9KuMIi4CaX8\/QtZkqBtUSnKHeuN1\/MbvkosJ7oTpTK1WVZzD8HXTywBYFiCOmF40HU2DcanhdBuDBs1v+piVGDzQLBZSJE8Vy54EiHp9WCpxVJFknF7mZcoD3Ig2QE4pjToWD9bEqYGaqSAeGt1BoK8816Wa75lHyGEaZLL3SEZbI+irzLAtrnZkrr9jtGMuqC51jbNtr6yDd4dlZrHRo4cpi+3e7WuraPM0cC9ABQVspv4LzkKm6OVrTydFg\/vgAiXdM\/5Cuf72+fMNKS+SabBUbkuBxyz37V4rQqmbX+6dTrnOk0tQQj9zo3PXl9e99DLNG2\/iCwDSkjFuMruh+ERlIkP088XnwWvVvno6MuMCVQGDquFDcFlrPqIyrowZnPtnqmo1eX+51iQbzqKEiHCq5uCAvAj7kBSxYcInIVoA10erSSQ4rfSYQ9inh1sxVF2B9XDoRt3utsVFnM76+fLpC8EGqdEVZqfhGxKhdzPiOxMUng9sClKLXVpsFWrUe9NXG3WfD+AWheUnz6FcMIcV0aINgY09o5y0kliHTBjFrlTaYdOfJifmQUN3Zws3G4aFXLexG4gTOEwS9e\/7m+O1qIugB6J0qoZx8mF8QXnGRGuM57tXCz\/xkwFc\/1pKjdoGV1X1HJBngrWXvYL9U861XJ+bi9nUUDMB4JtafKKQaVKKQE2M+pgwDXwut89eC9boC0Rg\/wzX1vEczqGHcm4Vg\/d5odH5+PuxCDCHJEbbBaIZ2Zp\/Fcdp1f\/f5\/Z1j\/BWYJqklprqQw0YGXt09tvd3Xzx5svNtjwL3Oox7PwRje9CDHvcaU+H0RVowa0XToWfkWBrx2uYTlnLvAH4LpuWP3Y6RuK30cK5CV+KXV96+nYpmQ2sClqQMzxjC+Ovo9Ljbul346Jkd\/98lv+fc6\/WuyQAHV1V54C1mO9vVblTow0LLca9U3mqx2GtMI59yUsRq\/79Ha\/9uWUrLnLoNVeCi7vYmJszWAiXZb4X6ajCgd6wdatVKk0UGyIvMGg3oA678GL092h1+N3w0GBz8BQ==\" \/> \t\t<a href=\"https:\/\/www.pdf24.org\" target=\"_blank\" title=\"www.pdf24.org\" rel=\"nofollow\"><img src=\"https:\/\/citeelegance.net\/wp-content\/plugins\/pdf24-posts-to-pdf\/img\/pdf_32x32.png\" alt=\"\" border=\"0\" height=\"32\" \/><\/a> \t\t<span class=\"pdf24Plugin-cp-space\">&nbsp;&nbsp;<\/span> \t\t<span class=\"pdf24Plugin-cp-text\">Send article as PDF<\/span> \t\t<span class=\"pdf24Plugin-cp-space\">&nbsp;&nbsp;<\/span> \t\t<input class=\"pdf24Plugin-cp-input\" style=\"margin: 0px;\" type=\"text\" name=\"sendEmailTo\" placeholder=\"Enter email address\" \/> \t\t<input class=\"pdf24Plugin-cp-submit\" style=\"margin: 0px;\" type=\"submit\" value=\"Send\" \/> \t<\/form> <\/div>","protected":false},"excerpt":{"rendered":"<p>Le Regroupement des Mouvements du Burkina Faso (RM-BF) a organis\u00e9 une conf\u00e9rence de presse ce jeudi 14 janvier 20201 \u00e0 Ouagadougou. Cette rencontre avec les hommes de m\u00e9dias avait pour objectif d\u2019interpeller le gouvernement burkinab\u00e8 \u00e0 prendre ses responsabilit\u00e9s sur la gestion du fret afin de bannir les mouvements d\u2019humeurs qui porte atteinte au d\u00e9veloppement [&hellip;]<\/p>\n","protected":false},"author":5,"featured_media":7727,"comment_status":"open","ping_status":"closed","sticky":false,"template":"","format":"standard","meta":{"footnotes":""},"categories":[10],"tags":[],"yoast_head":"<!-- This site is optimized with the Yoast SEO plugin v18.1 - https:\/\/yoast.com\/wordpress\/plugins\/seo\/ -->\n<title>Burkina\/Transport et gestion des frets : Le Regroupement des Mouvements du Burkina Faso invite le CBC et le gouvernement \u00e0 prendre ses responsabilit\u00e9s - CITE ELEGANCE<\/title>\n<meta name=\"robots\" content=\"index, follow, max-snippet:-1, max-image-preview:large, max-video-preview:-1\" \/>\n<link rel=\"canonical\" href=\"https:\/\/citeelegance.net\/?p=7726\" \/>\n<meta property=\"og:locale\" content=\"fr_FR\" \/>\n<meta property=\"og:type\" content=\"article\" \/>\n<meta property=\"og:title\" content=\"Burkina\/Transport et gestion des frets : Le Regroupement des Mouvements du Burkina Faso invite le CBC et le gouvernement \u00e0 prendre ses responsabilit\u00e9s - CITE ELEGANCE\" \/>\n<meta property=\"og:description\" content=\"Le Regroupement des Mouvements du Burkina Faso (RM-BF) a organis\u00e9 une conf\u00e9rence de presse ce jeudi 14 janvier 20201 \u00e0 Ouagadougou. Cette rencontre avec les hommes de m\u00e9dias avait pour objectif d\u2019interpeller le gouvernement burkinab\u00e8 \u00e0 prendre ses responsabilit\u00e9s sur la gestion du fret afin de bannir les mouvements d\u2019humeurs qui porte atteinte au d\u00e9veloppement [&hellip;]\" \/>\n<meta property=\"og:url\" content=\"https:\/\/citeelegance.net\/?p=7726\" \/>\n<meta property=\"og:site_name\" content=\"CITE ELEGANCE\" \/>\n<meta property=\"article:published_time\" content=\"2021-01-14T15:29:24+00:00\" \/>\n<meta property=\"article:modified_time\" content=\"2021-01-15T10:15:52+00:00\" \/>\n<meta property=\"og:image\" content=\"https:\/\/citeelegance.net\/wp-content\/uploads\/2021\/01\/1-3.jpg\" \/>\n\t<meta property=\"og:image:width\" content=\"620\" \/>\n\t<meta property=\"og:image:height\" content=\"465\" \/>\n\t<meta property=\"og:image:type\" content=\"image\/jpeg\" \/>\n<meta name=\"twitter:label1\" content=\"\u00c9crit par\" \/>\n\t<meta name=\"twitter:data1\" content=\"Ismael KIEKIETA\" \/>\n\t<meta name=\"twitter:label2\" content=\"Dur\u00e9e de lecture estim\u00e9e\" \/>\n\t<meta name=\"twitter:data2\" content=\"2 minutes\" \/>\n<script type=\"application\/ld+json\" class=\"yoast-schema-graph\">{\"@context\":\"https:\/\/schema.org\",\"@graph\":[{\"@type\":\"WebSite\",\"@id\":\"https:\/\/citeelegance.net\/#website\",\"url\":\"https:\/\/citeelegance.net\/\",\"name\":\"CITE ELEGANCE\",\"description\":\"\",\"potentialAction\":[{\"@type\":\"SearchAction\",\"target\":{\"@type\":\"EntryPoint\",\"urlTemplate\":\"https:\/\/citeelegance.net\/?s={search_term_string}\"},\"query-input\":\"required name=search_term_string\"}],\"inLanguage\":\"fr-FR\"},{\"@type\":\"ImageObject\",\"@id\":\"https:\/\/citeelegance.net\/?p=7726#primaryimage\",\"inLanguage\":\"fr-FR\",\"url\":\"https:\/\/citeelegance.net\/wp-content\/uploads\/2021\/01\/1-3.jpg\",\"contentUrl\":\"https:\/\/citeelegance.net\/wp-content\/uploads\/2021\/01\/1-3.jpg\",\"width\":620,\"height\":465},{\"@type\":\"WebPage\",\"@id\":\"https:\/\/citeelegance.net\/?p=7726#webpage\",\"url\":\"https:\/\/citeelegance.net\/?p=7726\",\"name\":\"Burkina\/Transport et gestion des frets : Le Regroupement des Mouvements du Burkina Faso invite le CBC et le gouvernement \u00e0 prendre ses responsabilit\u00e9s - CITE ELEGANCE\",\"isPartOf\":{\"@id\":\"https:\/\/citeelegance.net\/#website\"},\"primaryImageOfPage\":{\"@id\":\"https:\/\/citeelegance.net\/?p=7726#primaryimage\"},\"datePublished\":\"2021-01-14T15:29:24+00:00\",\"dateModified\":\"2021-01-15T10:15:52+00:00\",\"author\":{\"@id\":\"https:\/\/citeelegance.net\/#\/schema\/person\/981ee78db24e1c4cf407476788535aba\"},\"breadcrumb\":{\"@id\":\"https:\/\/citeelegance.net\/?p=7726#breadcrumb\"},\"inLanguage\":\"fr-FR\",\"potentialAction\":[{\"@type\":\"ReadAction\",\"target\":[\"https:\/\/citeelegance.net\/?p=7726\"]}]},{\"@type\":\"BreadcrumbList\",\"@id\":\"https:\/\/citeelegance.net\/?p=7726#breadcrumb\",\"itemListElement\":[{\"@type\":\"ListItem\",\"position\":1,\"name\":\"Accueil\",\"item\":\"https:\/\/citeelegance.net\/\"},{\"@type\":\"ListItem\",\"position\":2,\"name\":\"Burkina\/Transport et gestion des frets : Le Regroupement des Mouvements du Burkina Faso invite le CBC et le gouvernement \u00e0 prendre ses responsabilit\u00e9s\"}]},{\"@type\":\"Person\",\"@id\":\"https:\/\/citeelegance.net\/#\/schema\/person\/981ee78db24e1c4cf407476788535aba\",\"name\":\"Ismael KIEKIETA\",\"url\":\"https:\/\/citeelegance.net\/?author=5\"}]}<\/script>\n<!-- \/ Yoast SEO plugin. -->","yoast_head_json":{"title":"Burkina\/Transport et gestion des frets : Le Regroupement des Mouvements du Burkina Faso invite le CBC et le gouvernement \u00e0 prendre ses responsabilit\u00e9s - CITE ELEGANCE","robots":{"index":"index","follow":"follow","max-snippet":"max-snippet:-1","max-image-preview":"max-image-preview:large","max-video-preview":"max-video-preview:-1"},"canonical":"https:\/\/citeelegance.net\/?p=7726","og_locale":"fr_FR","og_type":"article","og_title":"Burkina\/Transport et gestion des frets : Le Regroupement des Mouvements du Burkina Faso invite le CBC et le gouvernement \u00e0 prendre ses responsabilit\u00e9s - CITE ELEGANCE","og_description":"Le Regroupement des Mouvements du Burkina Faso (RM-BF) a organis\u00e9 une conf\u00e9rence de presse ce jeudi 14 janvier 20201 \u00e0 Ouagadougou. Cette rencontre avec les hommes de m\u00e9dias avait pour objectif d\u2019interpeller le gouvernement burkinab\u00e8 \u00e0 prendre ses responsabilit\u00e9s sur la gestion du fret afin de bannir les mouvements d\u2019humeurs qui porte atteinte au d\u00e9veloppement [&hellip;]","og_url":"https:\/\/citeelegance.net\/?p=7726","og_site_name":"CITE ELEGANCE","article_published_time":"2021-01-14T15:29:24+00:00","article_modified_time":"2021-01-15T10:15:52+00:00","og_image":[{"width":620,"height":465,"url":"https:\/\/citeelegance.net\/wp-content\/uploads\/2021\/01\/1-3.jpg","type":"image\/jpeg"}],"twitter_misc":{"\u00c9crit par":"Ismael KIEKIETA","Dur\u00e9e de lecture estim\u00e9e":"2 minutes"},"schema":{"@context":"https:\/\/schema.org","@graph":[{"@type":"WebSite","@id":"https:\/\/citeelegance.net\/#website","url":"https:\/\/citeelegance.net\/","name":"CITE ELEGANCE","description":"","potentialAction":[{"@type":"SearchAction","target":{"@type":"EntryPoint","urlTemplate":"https:\/\/citeelegance.net\/?s={search_term_string}"},"query-input":"required name=search_term_string"}],"inLanguage":"fr-FR"},{"@type":"ImageObject","@id":"https:\/\/citeelegance.net\/?p=7726#primaryimage","inLanguage":"fr-FR","url":"https:\/\/citeelegance.net\/wp-content\/uploads\/2021\/01\/1-3.jpg","contentUrl":"https:\/\/citeelegance.net\/wp-content\/uploads\/2021\/01\/1-3.jpg","width":620,"height":465},{"@type":"WebPage","@id":"https:\/\/citeelegance.net\/?p=7726#webpage","url":"https:\/\/citeelegance.net\/?p=7726","name":"Burkina\/Transport et gestion des frets : Le Regroupement des Mouvements du Burkina Faso invite le CBC et le gouvernement \u00e0 prendre ses responsabilit\u00e9s - CITE ELEGANCE","isPartOf":{"@id":"https:\/\/citeelegance.net\/#website"},"primaryImageOfPage":{"@id":"https:\/\/citeelegance.net\/?p=7726#primaryimage"},"datePublished":"2021-01-14T15:29:24+00:00","dateModified":"2021-01-15T10:15:52+00:00","author":{"@id":"https:\/\/citeelegance.net\/#\/schema\/person\/981ee78db24e1c4cf407476788535aba"},"breadcrumb":{"@id":"https:\/\/citeelegance.net\/?p=7726#breadcrumb"},"inLanguage":"fr-FR","potentialAction":[{"@type":"ReadAction","target":["https:\/\/citeelegance.net\/?p=7726"]}]},{"@type":"BreadcrumbList","@id":"https:\/\/citeelegance.net\/?p=7726#breadcrumb","itemListElement":[{"@type":"ListItem","position":1,"name":"Accueil","item":"https:\/\/citeelegance.net\/"},{"@type":"ListItem","position":2,"name":"Burkina\/Transport et gestion des frets : Le Regroupement des Mouvements du Burkina Faso invite le CBC et le gouvernement \u00e0 prendre ses responsabilit\u00e9s"}]},{"@type":"Person","@id":"https:\/\/citeelegance.net\/#\/schema\/person\/981ee78db24e1c4cf407476788535aba","name":"Ismael KIEKIETA","url":"https:\/\/citeelegance.net\/?author=5"}]}},"_links":{"self":[{"href":"https:\/\/citeelegance.net\/index.php?rest_route=\/wp\/v2\/posts\/7726"}],"collection":[{"href":"https:\/\/citeelegance.net\/index.php?rest_route=\/wp\/v2\/posts"}],"about":[{"href":"https:\/\/citeelegance.net\/index.php?rest_route=\/wp\/v2\/types\/post"}],"author":[{"embeddable":true,"href":"https:\/\/citeelegance.net\/index.php?rest_route=\/wp\/v2\/users\/5"}],"replies":[{"embeddable":true,"href":"https:\/\/citeelegance.net\/index.php?rest_route=%2Fwp%2Fv2%2Fcomments&post=7726"}],"version-history":[{"count":2,"href":"https:\/\/citeelegance.net\/index.php?rest_route=\/wp\/v2\/posts\/7726\/revisions"}],"predecessor-version":[{"id":7729,"href":"https:\/\/citeelegance.net\/index.php?rest_route=\/wp\/v2\/posts\/7726\/revisions\/7729"}],"wp:featuredmedia":[{"embeddable":true,"href":"https:\/\/citeelegance.net\/index.php?rest_route=\/wp\/v2\/media\/7727"}],"wp:attachment":[{"href":"https:\/\/citeelegance.net\/index.php?rest_route=%2Fwp%2Fv2%2Fmedia&parent=7726"}],"wp:term":[{"taxonomy":"category","embeddable":true,"href":"https:\/\/citeelegance.net\/index.php?rest_route=%2Fwp%2Fv2%2Fcategories&post=7726"},{"taxonomy":"post_tag","embeddable":true,"href":"https:\/\/citeelegance.net\/index.php?rest_route=%2Fwp%2Fv2%2Ftags&post=7726"}],"curies":[{"name":"wp","href":"https:\/\/api.w.org\/{rel}","templated":true}]}}