{"id":7266,"date":"2020-10-13T18:01:42","date_gmt":"2020-10-13T17:01:42","guid":{"rendered":"https:\/\/citeelegance.net\/?p=7266"},"modified":"2020-10-15T13:22:00","modified_gmt":"2020-10-15T12:22:00","slug":"burkina-faso-le-ministre-des-transports-en-discussion-avec-les-maires-sur-la-question-des-taxes-de-stationnement","status":"publish","type":"post","link":"https:\/\/citeelegance.net\/?p=7266","title":{"rendered":"Burkina Faso : Le ministre des transports, en discussion avec les maires sur la question des taxes de stationnement"},"content":{"rendered":"<p><strong>Le ministre des transports, de la mobilit\u00e9 Urbaine et la s\u00e9curit\u00e9 routi\u00e8re, Vincent DABILGOU a \u00e9t\u00e9 l\u2019invit\u00e9 de la conf\u00e9rence de presse\u00a0 du gouvernement ce mardi 13 octobre 2020 \u00e0 Ouagadougou. Cette rencontre avec les hommes de m\u00e9dia s\u2019est principalement ax\u00e9e sur la prise de la gestion du FRET (marchandises) par le gouvernement et les revendications des transporteurs.<a href=\"https:\/\/citeelegance.net\/wp-content\/uploads\/2020\/10\/1-6.jpg\"><img loading=\"lazy\" decoding=\"async\" class=\" wp-image-7279 alignright\" src=\"https:\/\/citeelegance.net\/wp-content\/uploads\/2020\/10\/1-6-300x169.jpg\" alt=\"\" width=\"227\" height=\"128\" srcset=\"https:\/\/citeelegance.net\/wp-content\/uploads\/2020\/10\/1-6-300x169.jpg 300w, https:\/\/citeelegance.net\/wp-content\/uploads\/2020\/10\/1-6-768x432.jpg 768w, https:\/\/citeelegance.net\/wp-content\/uploads\/2020\/10\/1-6.jpg 827w\" sizes=\"(max-width: 227px) 100vw, 227px\" \/><\/a><\/strong><\/p>\n<p>Depuis le 09 octobre 2020, le gouvernement a repris la gestion du FRET du Burkina Faso. Elle a \u00e9t\u00e9 confi\u00e9e au Conseil Burkinab\u00e8 des Chargeurs (CBC). En effet, il faut dire que l\u2019on constate de plus en plus la multiplication de cr\u00e9ation des organisations syndicales des transporteurs. C\u2019est dans ce sens qu\u2019apr\u00e8s une tentative vaine de cr\u00e9ation d\u2019une faiti\u00e8re unique, le gouvernement a d\u00e9cid\u00e9 de en main la gestion du FRET et de le confier au Conseil burkinab\u00e8 des chargeurs.<\/p>\n<p><a href=\"https:\/\/citeelegance.net\/wp-content\/uploads\/2020\/10\/2-3.jpg\"><img loading=\"lazy\" decoding=\"async\" class=\" wp-image-7280 alignleft\" src=\"https:\/\/citeelegance.net\/wp-content\/uploads\/2020\/10\/2-3-169x300.jpg\" alt=\"\" width=\"117\" height=\"208\" srcset=\"https:\/\/citeelegance.net\/wp-content\/uploads\/2020\/10\/2-3-169x300.jpg 169w, https:\/\/citeelegance.net\/wp-content\/uploads\/2020\/10\/2-3.jpg 262w\" sizes=\"(max-width: 117px) 100vw, 117px\" \/><\/a>Pour le ministre des transports, <strong>Vincent Dabilgou<\/strong>, c\u2019est \u00e0 partir de 2015 que le Burkina Faso a eu des difficult\u00e9s dans la gestion du FRET et sa gestion a \u00e9t\u00e9 remise en cause par bon nombre de chauffeurs. Il ajoute que son minist\u00e8re suit une lettre de mission assign\u00e9e au service de l\u2019int\u00e9r\u00eat g\u00e9n\u00e9ral par le pr\u00e9sident du Faso. \u00ab\u00a0<em>Nous avons d\u00e9cid\u00e9 qu\u2019il \u00e9tait important de construire une nouvelle faiti\u00e8re. Sur instruction du Pr\u00e9sident du Faso, nous voulons professionnaliser le domaine des transports. Nous avons jug\u00e9 qu\u2019il est important de reformer le CBC parce que la premi\u00e8re r\u00e9forme \u00e9tait r\u00e9volue. Nous sommes dans une d\u00e9marche socio-d\u00e9mocrate<\/em>\u00a0\u00bb, a laiss\u00e9 entendre le ministre.<\/p>\n<p>Selon la d\u00e9claration du ministre, le Burkina Faso, malgr\u00e9 l\u2019importance du transport, n\u2019avait pas de papiers r\u00e8glementaires sous forme d\u2019arr\u00eat\u00e9s et de d\u00e9crets en mati\u00e8re de transport et du FRET. Il soutient que le pr\u00e9sident du Faso a re\u00e7u une lettre d\u2019avis de gr\u00e8ve de la part des chauffeurs. Une gr\u00e8ve qui porte sur des revendications\u00a0dont la mise en place d\u2019un bon de chargement\u00a0; les raquettes et tracasseries polici\u00e8res et les taxes de stationnement.<\/p>\n<p>Au niveau de la question des taxes de stationnement, il faut dire que les transporteurs s\u2019indignent du fait qu\u2019ils payent des taxes de stationnement malgr\u00e9 l\u2019absence de parking de stationnement dans les villes. Fort de ce constat, le ministre est rentr\u00e9 en discussions avec les acteurs en collaboration avec le ministre de la s\u00e9curit\u00e9 et les maires des diff\u00e9rentes communes pour prendre une feuille de route afin\u00a0 de r\u00e9soudre les revendications des chauffeurs. Pour lui, le gouvernement est dans une v\u00e9ritable volont\u00e9 de traiter la question sur le monde des transports.<\/p>\n<p>Le ministre a termin\u00e9 son propos en disant que dans une reforme il y a des responsabilit\u00e9s et elle agit dans le sens de l\u2019int\u00e9r\u00eat g\u00e9n\u00e9ral.<\/p>\n<p><strong>Isma\u00ebl KIEKIETA<\/strong> et <strong>Alida SOME<\/strong> (stagiaire)<\/p>\n<aside class=\"mashsb-container mashsb-main mashsb-stretched\"><div class=\"mashsb-box\"><div class=\"mashsb-buttons\"><a class=\"mashicon-facebook mash-small mash-center mashsb-noshadow\" href=\"https:\/\/www.facebook.com\/sharer.php?u=https%3A%2F%2Fciteelegance.net%2F%3Fp%3D7266\" target=\"_top\" rel=\"nofollow\"><span class=\"icon\"><\/span><span class=\"text\">Partagez<\/span><\/a><a class=\"mashicon-twitter mash-small mash-center mashsb-noshadow\" href=\"https:\/\/twitter.com\/intent\/tweet?text=&url=https:\/\/citeelegance.net\/?p=7266\" target=\"_top\" rel=\"nofollow\"><span class=\"icon\"><\/span><span class=\"text\">Tweet<\/span><\/a><div class=\"onoffswitch2 mash-small mashsb-noshadow\" style=\"display:none;\"><\/div><\/div>\n            <\/div>\n                <div style=\"clear:both;\"><\/div><\/aside>\n            <!-- Share buttons by mashshare.net - Version: 3.8.0--><div class=\"pdf24Plugin-cp\"> \t<form name=\"pdf24Form0\" method=\"post\" action=\"https:\/\/doc2pdf.pdf24.org\/wordpress.php\" target=\"pdf24PopWin\" onsubmit=\"var pdf24Win = window.open('about:blank', 'pdf24PopWin', 'resizable=yes,scrollbars=yes,width=600,height=250,left='+(screen.width\/2-300)+',top='+(screen.height\/3-125)+''); pdf24Win.focus(); if(typeof pdf24OnCreatePDF === 'function'){void(pdf24OnCreatePDF(this,pdf24Win));}\"> \t\t<input type=\"hidden\" name=\"blogCharset\" value=\"Cw1x07UAAA==\" \/><input type=\"hidden\" name=\"blogPosts\" value=\"MwQA\" \/><input type=\"hidden\" name=\"blogUrl\" value=\"yygpKSi20tdPzixJTc1JTU\/MS07Vy0stAQA=\" \/><input type=\"hidden\" name=\"blogName\" value=\"c\/YMcVVw9XF1d\/RzdgUA\" \/><input type=\"hidden\" name=\"blogValueEncoding\" value=\"gzdeflate base64\" \/><input type=\"hidden\" name=\"postId_0\" value=\"MzcyMwMA\" \/><input type=\"hidden\" name=\"postTitle_0\" value=\"HYsxDsMwDAO\/wgf0BR0zdOonhJiD0FhuRTno8+t0IYHjcZv58jA8TAN3PInu4aokGoVKC71Hlm5goLn2KfkI2Mkdx1K6ea7STByGz6Tq2v9v+65shMouGOyM+gE=\" \/><input type=\"hidden\" name=\"postLink_0\" value=\"yygpKSi20tdPzixJTc1JTU\/MS07Vy0st0bcvsDU3MjMDAA==\" \/><input type=\"hidden\" name=\"postAuthor_0\" value=\"8yzOTUzNUfD2dAWiEEcA\" \/><input type=\"hidden\" name=\"postDateTime_0\" value=\"MzIwMtA1BCJjBUMLK0MDKxMjAA==\" \/><input type=\"hidden\" name=\"postContent_0\" value=\"rVfLchs3Ft3nKzBd5Sm7ii9RiSQrJF2ybKVck4ldYzvbKbAbbMJBN9p4UJRX8xvZaTdi8gnZiX+SL5lzATRFSvRi7LhodTf69n3hnnMvRs1kZJ3RdTn5UbBK1hJPghXCMmd4bRttnO3gmSnOKj2VSrr1ir03Uy5rwYSjdbte5d6EF0Z7J9c3RnTYz7LORe3Yi7Pnr3784fV7xtl6RTLqz\/\/8KutFkI+Kc13P1isj8AGtNEZYK26vWeFZqf1CmFpUpAqvK24KyQ4Omc6dnsLV4WA4YOtr9trzkhfa44MeOxfOCUYKdU3x8IXImUJQc11VuMBItV4VEr7DGWEdbMJd2XAVLfHleiWY9YbcwzsrkqslhKWuybWLf718xx7DoXzO6wIi9glrOL4Qu15TkmDTiIWAWM7pe7ubYuGN7Y04mxsxG2dz5xp72u\/n0gmhRMmRl14tXP+y6VJAUNr3jdK8sH0Kv3+AX\/eo96Eps8lIViWjd7Iux5nin64y2Mp1fOb2qs4zlitu7ThjUCgrXoru8fD4KeNKlrWR5dxlzJr8ix3pHg4Gy4Ojp8EhaHXjDKZk4ebjbDg8zthckJFxdjA8CZascH+JMYb7yw77Uk3HRyfLbw+HQRPuv1xT0HAyPL5EdPKTQKZRJstuSMEpQwqa5RN2MBgsYCI8Zaw\/GfU5\/icwjvrN5JtRM3khGi8tldTg6U7Jdx6UGUeFUaXuq1Jcn3vzi6w5u+BW99hLhc9bQBL8JNU79+wctSmkasWn65tQqedzbkqqUvb4\/Pn5EyiomZjNhOswCM+4d6yQcO2jFwHfsA2t1nEXEa28ZaKOV2ISr5xsVAIDSeRmvWofLNMGqZY2QQU1S7hRYh9q2HlCcIFVYggrcP3oscobs76xzIOoaKegbSHYIhDXrkXIktCMy0he+EQikn05LsB1sojMhYAqaNuXcGCe+ELE3AqzndrpbmrzNrW9dtO\/igiG3cOvI4KTQSQCJWZfwwPwowtYLgHJfTxwcLDFA8PBV\/LAPWMM91+I3pQ+Njwa7kcvHN9Cb3hq0ftG+8D+n22jbavdtEaOhooC28C+w\/JUzeho6CVOGqqj4eDguwgtsYNj1KPwwUohZzOZA1XrlY1I2F+U9m61Rb8RFbU3FHPOPW6ohU3xvtbV1ESkzLkH1gPaXinGP6DJR6hbyMVoA2ysly7ATaH\/xm+h2wZruJR1IhkrzELGXh+HAfhh1r85Vq5XkDFctY0UCF5ZWVCyKIrAXbe\/316PRDX5SYNM+CI00xaVAffAGEIDmJmsKPO8DmgMhGS8DPgWiA\/AJhrcwL7H3mIDZZDK28y9eeBBhz61bKG9ItuN0TMRgqyBG4RGfhe6SjyzXQE9tuXzB19uOUx7vuMtCECbKmoD5VJC8sSvNJFg00LK4V2QayPG80IrL5Ipm+YdqggKGjkKAwttXS51l551bkDToz5Sent9+0cHlaE4tg3eCQJJYcR2VW9o6q1A\/OQNZV9xw9uUtZKd+\/XaAV+q0rQzYAqXCsHfZQnpJe5eUDQND7NawxtwKEao9U0ZBzSOXaToEGIMnzicGyoiQkCkX\/LLCGcjUSdqx\/rGVJCL4AiVbWl6pZ1OWHtYfaHLrv\/rd6o8uCuDpwjuZtHOigTgluI3AHpfb6Q+eslCHwuDZvFgRry9LsBSoV8mhDaK5yL1qwDSiE70D0rK7fX3cdLk8B8DcMgDgs0BPmEknhuNnhvyYNux1PFlHIipWVMRB1WbTT7zrEbb5D7FBM1206b3f7tvJLjftsPcLRFqWafsEgpbNMBRfhXWP2tkp5L41G7ODpzKrXwoH0kRmhYSoMdGXGgTaUG0o0pnh7wJkThBOBNwgFhs7gPM7d1xgucxGiJPrRSf6oSCJLHdCu6dlFL6q1jJLYeHUxDtXA7gosZoy1AbwHuAYZhShKcIAkcEIuYzWdNhKZABSjjide+BY7sQY7fy8uGUs5mmyNwCLknHpxACseg6ndqwm+iqZqckbGp\/ui4eMF9bT9unTI6xzOAJGqmRgEgbbVOueULhxo\/Eh1RbVzSHhQChvLY8nUpDSQdG56XcbHicBz\/fae6mrtSDX9mKr39X7B+vXuL37mzTnEl9K3SmZMHZ29f\/fHn3+jFqqJS0n0+iTk7c0Y5YFbdzOw1zB3UGw9JCmCDTPWXFgZwLTG+FXNz7dKqX+9e9c0hDRnPj1hsJU90Z+GKq9S\/BQheRKRVvaf64c6LWdo7DMyae3cHz8vKy16rooST7EDPC9Jp588yPg9Sjw7NHwwv87k9ZtHp40Tw6fHE8PDrKgGPQFOa7fzvdZNg7Nc5qPQNqYBbJb3jdek+eZ3QWwtruGyeWLpu8Aa9iVv3UStDB6WHo7lK6NsT\/P\/L0dQhaxlHRXQrhnpEL4797o8afHS+fNeO\/OuR3ZHs73q0y0NA5s\/A3nw\/vR7sToXVXSowzoAt95Oq01rX4noxCV\/r7Ddv6t2cpLJPppCpXgpvTqXbzLUWh7O+p+lu3y95S7bBUrWx6FR2kRcoa67Kf0ePBI6fssHfSG3S7k\/8B\" \/> \t\t<a href=\"https:\/\/www.pdf24.org\" target=\"_blank\" title=\"www.pdf24.org\" rel=\"nofollow\"><img src=\"https:\/\/citeelegance.net\/wp-content\/plugins\/pdf24-posts-to-pdf\/img\/pdf_32x32.png\" alt=\"\" border=\"0\" height=\"32\" \/><\/a> \t\t<span class=\"pdf24Plugin-cp-space\">&nbsp;&nbsp;<\/span> \t\t<span class=\"pdf24Plugin-cp-text\">Send article as PDF<\/span> \t\t<span class=\"pdf24Plugin-cp-space\">&nbsp;&nbsp;<\/span> \t\t<input class=\"pdf24Plugin-cp-input\" style=\"margin: 0px;\" type=\"text\" name=\"sendEmailTo\" placeholder=\"Enter email address\" \/> \t\t<input class=\"pdf24Plugin-cp-submit\" style=\"margin: 0px;\" type=\"submit\" value=\"Send\" \/> \t<\/form> <\/div>","protected":false},"excerpt":{"rendered":"<p>Le ministre des transports, de la mobilit\u00e9 Urbaine et la s\u00e9curit\u00e9 routi\u00e8re, Vincent DABILGOU a \u00e9t\u00e9 l\u2019invit\u00e9 de la conf\u00e9rence de presse\u00a0 du gouvernement ce mardi 13 octobre 2020 \u00e0 Ouagadougou. Cette rencontre avec les hommes de m\u00e9dia s\u2019est principalement ax\u00e9e sur la prise de la gestion du FRET (marchandises) par le gouvernement et les [&hellip;]<\/p>\n","protected":false},"author":5,"featured_media":7279,"comment_status":"open","ping_status":"closed","sticky":false,"template":"","format":"standard","meta":{"footnotes":""},"categories":[2,10],"tags":[],"yoast_head":"<!-- This site is optimized with the Yoast SEO plugin v18.1 - https:\/\/yoast.com\/wordpress\/plugins\/seo\/ -->\n<title>Burkina Faso : Le ministre des transports, en discussion avec les maires sur la question des taxes de stationnement - CITE ELEGANCE<\/title>\n<meta name=\"robots\" content=\"index, follow, max-snippet:-1, max-image-preview:large, max-video-preview:-1\" \/>\n<link rel=\"canonical\" href=\"https:\/\/citeelegance.net\/?p=7266\" \/>\n<meta property=\"og:locale\" content=\"fr_FR\" \/>\n<meta property=\"og:type\" content=\"article\" \/>\n<meta property=\"og:title\" content=\"Burkina Faso : Le ministre des transports, en discussion avec les maires sur la question des taxes de stationnement - CITE ELEGANCE\" \/>\n<meta property=\"og:description\" content=\"Le ministre des transports, de la mobilit\u00e9 Urbaine et la s\u00e9curit\u00e9 routi\u00e8re, Vincent DABILGOU a \u00e9t\u00e9 l\u2019invit\u00e9 de la conf\u00e9rence de presse\u00a0 du gouvernement ce mardi 13 octobre 2020 \u00e0 Ouagadougou. Cette rencontre avec les hommes de m\u00e9dia s\u2019est principalement ax\u00e9e sur la prise de la gestion du FRET (marchandises) par le gouvernement et les [&hellip;]\" \/>\n<meta property=\"og:url\" content=\"https:\/\/citeelegance.net\/?p=7266\" \/>\n<meta property=\"og:site_name\" content=\"CITE ELEGANCE\" \/>\n<meta property=\"article:published_time\" content=\"2020-10-13T17:01:42+00:00\" \/>\n<meta property=\"article:modified_time\" content=\"2020-10-15T12:22:00+00:00\" \/>\n<meta property=\"og:image\" content=\"https:\/\/citeelegance.net\/wp-content\/uploads\/2020\/10\/1-6.jpg\" \/>\n\t<meta property=\"og:image:width\" content=\"827\" \/>\n\t<meta property=\"og:image:height\" content=\"465\" \/>\n\t<meta property=\"og:image:type\" content=\"image\/jpeg\" \/>\n<meta name=\"twitter:label1\" content=\"\u00c9crit par\" \/>\n\t<meta name=\"twitter:data1\" content=\"Ismael KIEKIETA\" \/>\n\t<meta name=\"twitter:label2\" content=\"Dur\u00e9e de lecture estim\u00e9e\" \/>\n\t<meta name=\"twitter:data2\" content=\"3 minutes\" \/>\n<script type=\"application\/ld+json\" class=\"yoast-schema-graph\">{\"@context\":\"https:\/\/schema.org\",\"@graph\":[{\"@type\":\"WebSite\",\"@id\":\"https:\/\/citeelegance.net\/#website\",\"url\":\"https:\/\/citeelegance.net\/\",\"name\":\"CITE ELEGANCE\",\"description\":\"\",\"potentialAction\":[{\"@type\":\"SearchAction\",\"target\":{\"@type\":\"EntryPoint\",\"urlTemplate\":\"https:\/\/citeelegance.net\/?s={search_term_string}\"},\"query-input\":\"required name=search_term_string\"}],\"inLanguage\":\"fr-FR\"},{\"@type\":\"ImageObject\",\"@id\":\"https:\/\/citeelegance.net\/?p=7266#primaryimage\",\"inLanguage\":\"fr-FR\",\"url\":\"https:\/\/citeelegance.net\/wp-content\/uploads\/2020\/10\/1-6.jpg\",\"contentUrl\":\"https:\/\/citeelegance.net\/wp-content\/uploads\/2020\/10\/1-6.jpg\",\"width\":827,\"height\":465},{\"@type\":\"WebPage\",\"@id\":\"https:\/\/citeelegance.net\/?p=7266#webpage\",\"url\":\"https:\/\/citeelegance.net\/?p=7266\",\"name\":\"Burkina Faso : Le ministre des transports, en discussion avec les maires sur la question des taxes de stationnement - CITE ELEGANCE\",\"isPartOf\":{\"@id\":\"https:\/\/citeelegance.net\/#website\"},\"primaryImageOfPage\":{\"@id\":\"https:\/\/citeelegance.net\/?p=7266#primaryimage\"},\"datePublished\":\"2020-10-13T17:01:42+00:00\",\"dateModified\":\"2020-10-15T12:22:00+00:00\",\"author\":{\"@id\":\"https:\/\/citeelegance.net\/#\/schema\/person\/981ee78db24e1c4cf407476788535aba\"},\"breadcrumb\":{\"@id\":\"https:\/\/citeelegance.net\/?p=7266#breadcrumb\"},\"inLanguage\":\"fr-FR\",\"potentialAction\":[{\"@type\":\"ReadAction\",\"target\":[\"https:\/\/citeelegance.net\/?p=7266\"]}]},{\"@type\":\"BreadcrumbList\",\"@id\":\"https:\/\/citeelegance.net\/?p=7266#breadcrumb\",\"itemListElement\":[{\"@type\":\"ListItem\",\"position\":1,\"name\":\"Accueil\",\"item\":\"https:\/\/citeelegance.net\/\"},{\"@type\":\"ListItem\",\"position\":2,\"name\":\"Burkina Faso : Le ministre des transports, en discussion avec les maires sur la question des taxes de stationnement\"}]},{\"@type\":\"Person\",\"@id\":\"https:\/\/citeelegance.net\/#\/schema\/person\/981ee78db24e1c4cf407476788535aba\",\"name\":\"Ismael KIEKIETA\",\"url\":\"https:\/\/citeelegance.net\/?author=5\"}]}<\/script>\n<!-- \/ Yoast SEO plugin. -->","yoast_head_json":{"title":"Burkina Faso : Le ministre des transports, en discussion avec les maires sur la question des taxes de stationnement - CITE ELEGANCE","robots":{"index":"index","follow":"follow","max-snippet":"max-snippet:-1","max-image-preview":"max-image-preview:large","max-video-preview":"max-video-preview:-1"},"canonical":"https:\/\/citeelegance.net\/?p=7266","og_locale":"fr_FR","og_type":"article","og_title":"Burkina Faso : Le ministre des transports, en discussion avec les maires sur la question des taxes de stationnement - CITE ELEGANCE","og_description":"Le ministre des transports, de la mobilit\u00e9 Urbaine et la s\u00e9curit\u00e9 routi\u00e8re, Vincent DABILGOU a \u00e9t\u00e9 l\u2019invit\u00e9 de la conf\u00e9rence de presse\u00a0 du gouvernement ce mardi 13 octobre 2020 \u00e0 Ouagadougou. Cette rencontre avec les hommes de m\u00e9dia s\u2019est principalement ax\u00e9e sur la prise de la gestion du FRET (marchandises) par le gouvernement et les [&hellip;]","og_url":"https:\/\/citeelegance.net\/?p=7266","og_site_name":"CITE ELEGANCE","article_published_time":"2020-10-13T17:01:42+00:00","article_modified_time":"2020-10-15T12:22:00+00:00","og_image":[{"width":827,"height":465,"url":"https:\/\/citeelegance.net\/wp-content\/uploads\/2020\/10\/1-6.jpg","type":"image\/jpeg"}],"twitter_misc":{"\u00c9crit par":"Ismael KIEKIETA","Dur\u00e9e de lecture estim\u00e9e":"3 minutes"},"schema":{"@context":"https:\/\/schema.org","@graph":[{"@type":"WebSite","@id":"https:\/\/citeelegance.net\/#website","url":"https:\/\/citeelegance.net\/","name":"CITE ELEGANCE","description":"","potentialAction":[{"@type":"SearchAction","target":{"@type":"EntryPoint","urlTemplate":"https:\/\/citeelegance.net\/?s={search_term_string}"},"query-input":"required name=search_term_string"}],"inLanguage":"fr-FR"},{"@type":"ImageObject","@id":"https:\/\/citeelegance.net\/?p=7266#primaryimage","inLanguage":"fr-FR","url":"https:\/\/citeelegance.net\/wp-content\/uploads\/2020\/10\/1-6.jpg","contentUrl":"https:\/\/citeelegance.net\/wp-content\/uploads\/2020\/10\/1-6.jpg","width":827,"height":465},{"@type":"WebPage","@id":"https:\/\/citeelegance.net\/?p=7266#webpage","url":"https:\/\/citeelegance.net\/?p=7266","name":"Burkina Faso : Le ministre des transports, en discussion avec les maires sur la question des taxes de stationnement - CITE ELEGANCE","isPartOf":{"@id":"https:\/\/citeelegance.net\/#website"},"primaryImageOfPage":{"@id":"https:\/\/citeelegance.net\/?p=7266#primaryimage"},"datePublished":"2020-10-13T17:01:42+00:00","dateModified":"2020-10-15T12:22:00+00:00","author":{"@id":"https:\/\/citeelegance.net\/#\/schema\/person\/981ee78db24e1c4cf407476788535aba"},"breadcrumb":{"@id":"https:\/\/citeelegance.net\/?p=7266#breadcrumb"},"inLanguage":"fr-FR","potentialAction":[{"@type":"ReadAction","target":["https:\/\/citeelegance.net\/?p=7266"]}]},{"@type":"BreadcrumbList","@id":"https:\/\/citeelegance.net\/?p=7266#breadcrumb","itemListElement":[{"@type":"ListItem","position":1,"name":"Accueil","item":"https:\/\/citeelegance.net\/"},{"@type":"ListItem","position":2,"name":"Burkina Faso : Le ministre des transports, en discussion avec les maires sur la question des taxes de stationnement"}]},{"@type":"Person","@id":"https:\/\/citeelegance.net\/#\/schema\/person\/981ee78db24e1c4cf407476788535aba","name":"Ismael KIEKIETA","url":"https:\/\/citeelegance.net\/?author=5"}]}},"_links":{"self":[{"href":"https:\/\/citeelegance.net\/index.php?rest_route=\/wp\/v2\/posts\/7266"}],"collection":[{"href":"https:\/\/citeelegance.net\/index.php?rest_route=\/wp\/v2\/posts"}],"about":[{"href":"https:\/\/citeelegance.net\/index.php?rest_route=\/wp\/v2\/types\/post"}],"author":[{"embeddable":true,"href":"https:\/\/citeelegance.net\/index.php?rest_route=\/wp\/v2\/users\/5"}],"replies":[{"embeddable":true,"href":"https:\/\/citeelegance.net\/index.php?rest_route=%2Fwp%2Fv2%2Fcomments&post=7266"}],"version-history":[{"count":4,"href":"https:\/\/citeelegance.net\/index.php?rest_route=\/wp\/v2\/posts\/7266\/revisions"}],"predecessor-version":[{"id":7283,"href":"https:\/\/citeelegance.net\/index.php?rest_route=\/wp\/v2\/posts\/7266\/revisions\/7283"}],"wp:featuredmedia":[{"embeddable":true,"href":"https:\/\/citeelegance.net\/index.php?rest_route=\/wp\/v2\/media\/7279"}],"wp:attachment":[{"href":"https:\/\/citeelegance.net\/index.php?rest_route=%2Fwp%2Fv2%2Fmedia&parent=7266"}],"wp:term":[{"taxonomy":"category","embeddable":true,"href":"https:\/\/citeelegance.net\/index.php?rest_route=%2Fwp%2Fv2%2Fcategories&post=7266"},{"taxonomy":"post_tag","embeddable":true,"href":"https:\/\/citeelegance.net\/index.php?rest_route=%2Fwp%2Fv2%2Ftags&post=7266"}],"curies":[{"name":"wp","href":"https:\/\/api.w.org\/{rel}","templated":true}]}}