{"id":701,"date":"2018-10-10T17:03:54","date_gmt":"2018-10-10T16:03:54","guid":{"rendered":"http:\/\/citeelegance.net\/?p=701"},"modified":"2018-10-10T17:11:20","modified_gmt":"2018-10-10T16:11:20","slug":"hommage-commemoration-de-31eme-annee-de-lassassinat-president-thomas-sankara","status":"publish","type":"post","link":"https:\/\/citeelegance.net\/?p=701","title":{"rendered":"Hommage : Comm\u00e9moration de la 31\u00e8me ann\u00e9e de l\u2019assassinat du Pr\u00e9sident Thomas Sankara"},"content":{"rendered":"<p><strong><em>Le mercredi 10 Octobre 2018, le Comit\u00e9 d\u2019organisation internationale du M\u00e9morial Thomas SANKARA et le mouvement Balai Citoyen ont organis\u00e9 une conf\u00e9rence de presse au Conseil de l\u2019Entente. L\u2019objectif de cette conf\u00e9rence \u00e9tait de d\u00e9rouler le programme d\u2019activit\u00e9s marquant la 31<sup>\u00e8me<\/sup> ann\u00e9e de l\u2019assassinat du Capitaine, Thomas SANKARA.<\/em><\/strong><\/p>\n<p>Les membres du Comit\u00e9 international du M\u00e9morial Thomas Sankara et du Balai Citoyen ont fait une annonce lors d\u2019une conf\u00e9rence \u00e0 la presse nationale et internationale, mercredi, sur le programme de la comm\u00e9moration des 31 ans de la disparition du leader de la r\u00e9volution burkinab\u00e8. Au cours de la dite annonce, plusieurs points ont \u00e9t\u00e9 abord\u00e9s. Il s\u2019agit essentiellement\u00a0: de l\u2019\u00e9tat de l\u2019avancement du dossier Thomas SANKARA et ses 12 compagnons assassin\u00e9s le 15 octobre 1987\u00a0; de l\u2019\u00e9volution du projet du m\u00e9morial Thomas SANKARA en mettant l\u2019accent sur le concours architectural et la mobilisation des ressources documentaires et financi\u00e8res et enfin des festivit\u00e9s de l\u2019anniversaire de la disparition du Pr\u00e9sident Thomas Sankara et ses compagnons d\u2019infortune.<\/p>\n<p>Le panel anim\u00e9 principalement par le Colonel major \u00e0 la retraite, M. Bernard SANOU, par ailleurs pr\u00e9sident du Comit\u00e9 international du M\u00e9morial Thomas Sankara, a d\u00e9roul\u00e9 le programme des activit\u00e9s comm\u00e9moratives. Activit\u00e9s qui seront men\u00e9es \u00e0 travers le monde pour perp\u00e9tuer la m\u00e9moire du r\u00e9volutionnaire d\u2019ao\u00fbt 83 et surtout pr\u00e9server les acquis de son h\u00e9ritage. Thomas Sankara, ayant marqu\u00e9 les consciences par ses r\u00e9formes socio-politiques et \u00e9conomiques, m\u00e9rite d\u2019\u00eatre honor\u00e9 en cette veille des 31 ans de son assassinat. C\u2019est de ce constat qu\u2019une s\u00e9rie d\u2019actions ont initi\u00e9 cette ann\u00e9e tant \u00e0 l\u2019international qu\u2019au niveau national. Au plan national, des projections suivies de d\u00e9bats, un grand panel sur le syst\u00e8me s\u00e9curitaire sous la R\u00e9volution, la pose de la premi\u00e8re pierre du M\u00e9morial, la d\u00e9dicace du dernier livre sur le leader, sous le prisme des t\u00e9moignages seront entre autres les points saillants de ce 31<sup>\u00e8me<\/sup> anniversaire.<\/p>\n<p>En rappel, dans le cadre du projet du M\u00e9morial, une plainte a \u00e9t\u00e9 pos\u00e9e par le Cabinet d\u2019Architecture Imhotep (ayant \u00e9t\u00e9 retenu \u00e0 l\u2019issue du concours international architectural)\u00a0; et cela suite \u00e0 une question de plagiat opposant le Comit\u00e9 audit Cabinet. A la suite de cette plainte un proc\u00e8s aura lieu le 24 Octobre 2018 au Palais de la justice.<\/p>\n<p><strong>\u00a0\u00a0\u00a0\u00a0\u00a0\u00a0\u00a0\u00a0\u00a0\u00a0\u00a0\u00a0\u00a0\u00a0\u00a0\u00a0\u00a0\u00a0\u00a0\u00a0\u00a0\u00a0\u00a0\u00a0\u00a0\u00a0\u00a0\u00a0\u00a0\u00a0\u00a0\u00a0\u00a0\u00a0\u00a0\u00a0\u00a0\u00a0\u00a0\u00a0\u00a0\u00a0\u00a0\u00a0\u00a0\u00a0\u00a0\u00a0\u00a0\u00a0\u00a0\u00a0\u00a0\u00a0\u00a0\u00a0\u00a0\u00a0\u00a0\u00a0\u00a0\u00a0\u00a0\u00a0\u00a0\u00a0\u00a0\u00a0\u00a0\u00a0\u00a0\u00a0\u00a0\u00a0\u00a0\u00a0\u00a0\u00a0\u00a0\u00a0\u00a0\u00a0\u00a0\u00a0\u00a0\u00a0 Assata Sinar\u00e9 et Safoura Nikiema (Stagiaires)<\/strong><\/p>\n<aside class=\"mashsb-container mashsb-main mashsb-stretched\"><div class=\"mashsb-box\"><div class=\"mashsb-buttons\"><a class=\"mashicon-facebook mash-small mash-center mashsb-noshadow\" href=\"https:\/\/www.facebook.com\/sharer.php?u=https%3A%2F%2Fciteelegance.net%2F%3Fp%3D701\" target=\"_top\" rel=\"nofollow\"><span class=\"icon\"><\/span><span class=\"text\">Partagez<\/span><\/a><a class=\"mashicon-twitter mash-small mash-center mashsb-noshadow\" href=\"https:\/\/twitter.com\/intent\/tweet?text=&url=https:\/\/citeelegance.net\/?p=701\" target=\"_top\" rel=\"nofollow\"><span class=\"icon\"><\/span><span class=\"text\">Tweet<\/span><\/a><div class=\"onoffswitch2 mash-small mashsb-noshadow\" style=\"display:none;\"><\/div><\/div>\n            <\/div>\n                <div style=\"clear:both;\"><\/div><\/aside>\n            <!-- Share buttons by mashshare.net - Version: 3.8.0--><div class=\"pdf24Plugin-cp\"> \t<form name=\"pdf24Form0\" method=\"post\" action=\"https:\/\/doc2pdf.pdf24.org\/wordpress.php\" target=\"pdf24PopWin\" onsubmit=\"var pdf24Win = window.open('about:blank', 'pdf24PopWin', 'resizable=yes,scrollbars=yes,width=600,height=250,left='+(screen.width\/2-300)+',top='+(screen.height\/3-125)+''); pdf24Win.focus(); if(typeof pdf24OnCreatePDF === 'function'){void(pdf24OnCreatePDF(this,pdf24Win));}\"> \t\t<input type=\"hidden\" name=\"blogCharset\" value=\"Cw1x07UAAA==\" \/><input type=\"hidden\" name=\"blogPosts\" value=\"MwQA\" \/><input type=\"hidden\" name=\"blogUrl\" value=\"yygpKSi20tdPzixJTc1JTU\/MS07Vy0stAQA=\" \/><input type=\"hidden\" name=\"blogName\" value=\"c\/YMcVVw9XF1d\/RzdgUA\" \/><input type=\"hidden\" name=\"blogValueEncoding\" value=\"gzdeflate base64\" \/><input type=\"hidden\" name=\"postId_0\" value=\"MzcwBAA=\" \/><input type=\"hidden\" name=\"postTitle_0\" value=\"88jPzU1MT1WwUnAGsg6vzM0vSizJzM9TSElVyElUMDY8vCI3VSExL+\/wylSw2KOGmYnFxUCUmZdYopBSqhBQdHhlcWZKal6JQkhGfm5isUJwYl52YlEiAA==\" \/><input type=\"hidden\" name=\"postLink_0\" value=\"yygpKSi20tdPzixJTc1JTU\/MS07Vy0st0bcvsDU3MAQA\" \/><input type=\"hidden\" name=\"postAuthor_0\" value=\"805MSS0CAA==\" \/><input type=\"hidden\" name=\"postDateTime_0\" value=\"MzIwtNA1NAAiBUNzK0MDK1MTAA==\" \/><input type=\"hidden\" name=\"postContent_0\" value=\"1VbLbhs3FN3nK1gBKRJAD8tuEdeRFChuAgTNC3HabUHNXEm0OeSEDznuqr\/RnZd2f6G76E\/6JT2XM6ORZHfRopvagj0ih5f3nnPuIUflZOSDs2YxGVExeU2iIJc5ypUYHoh3WbAzR+LwYHjcFZrEqS1UWN+K\/M9ff7NuIY3yMihrhDKBnEnPEu\/lUbxZ3xbWKanFx6UtpBdn07c\/TD9MBQWOVNi4ooJMEM+llkqcqmCvyAiLkToy9omGRGbNfH3ryGSIS6J05D0JGZGM8aQ0D2rk8wIp4NMXrzm52TllQc15MqMQdsOsb4NUgedyDNmoyXFOpbMLJ4uCUn0S61dcrReFdJ+iRGZaiqPhyMdysr4paDTgJyGNWd9Sk4b0Hh8FLBiFU1kq7GWouwdDfzQA3ohQgz8oJw9GJQjAblQAdJ+W13jvwHs\/utJcSCcZXUzfxXTOBTOcyNYyBto6n+rcx3h9zWXWMLeUIvAuyd2NVLrCx30AiYNktihSopVIchR1NEQGvp7PlS+lU9VkRASZg4lqzq1vV1bHNDeL7gKIztY3fTGNCBtdGyJsauqKUkeviGdLi2x9Kh1sA0I5sw5s+754pYVnohZAhIs0QZHWSYxfrk8aHlkjYUPqSiJ+kivyzC0IRqJ3he1R4fCQ6y7lAjl50ciBZQSEht8KWzfV8LvjJ1+un7b7bcrFFkDyvKKy+Ns+MiAghCTLJNeM06uZAKEVStJlS0CUhegQgpKECztTuulcJoW5xtsZi85mkeuUiiWI9+cA3mRqfVN\/J4ORtGpOftMhDU7GqBU5z6vv5\/g9ePUq51TvKpfh28KO1anM3LoAjfbbFhGlNKTBugI4gEohv1JWDGLOVU6lLb9UyHPrak07Cg5tAJ286YvnLGWXM5zvfuymZVJBBkk8bZL\/pgm7QjbGgmV7fQFKWmPZbpAVQZvTdu5TVADEsYJRGBzGcxmogAGuLNSwH4I4UZIrIdjIPiYrySQG4nYbmYoVpsmu\/wji+ChhHl2wMVQ1k1slK+QksX\/i1YO4JaqBjy3grndKvWIFJodMxXJRxmeKvcQnWJlVBAePBZ68zZTtlVZDEp9ipan1LdYAZf7e5fQddzVnuv49IOclZhGBJV+Z+YqYqj1D4URb9+2LU6yHRKsjIGXFHf0p1p7neZvW6llwjLUySAx7VRvV3p66jEWUFLktgxQOhxHrnv\/V48mnSi3NZqSbsk19Xe\/mI6gmXx9DMxlQezQCSjF5LfG6m\/2VD3zgcM5ZZCaYSbSsZ7o\/tBR3k3Vb3zQfXLxIrStKGJbbPZjTy9g5V5nM0hTc17CxabXi+NXmlSt36+1YzMrXSg5JaAsDYfhGq2gax8dzYL9gOdRO7Lm7JD9VfNx7jm7MY9PtL4xwsiyJ8WOe2dtkXlXSmuRWTUwtgGeW0IaV9wMRZrGxBjnDgRwS89PWHkm8KpY2UCkeVZqu1sI0yMQN+d7HtPfGYHflsGO3j9nesVFGABpsh3S4coIs9Np9OdmFgjBtiTSTm7f3LBlxvjUJQ1NiE2hzr2lqhXKAR7a+Qe9ic3BIfKKKw292rnF8cXrPt4PmAD2PyCRrAW+ug1+u\/z+\/Yoq2D1KcofGTTwT409wyDG\/VhaJCikdngWHmU+3x3q1LstWLTMM4xh1429LPeqA3XducqAcKfGuesZpCtqS8MxnlarW3dGY\/3z8eQ0DbY05uzyhs1ZujAWfWXqQder6QWlePfKa3SRjrlzK3lx2xdDQfd5YhlP5kMLi8vOw3Ifo4UwZ4zZHrl8vyWRyntx4eTR8evsQng3pI04IvNH2oikePXpYPj75\/cjDswOncgsK483OwZQfi1+OOsXOrNXaFNmBLTfKceIdvsBjbnQn0OXQm76XjE+OX5o2BvK\/ycKlCU+E\/L7xenWpW6f6PIaLwjFMYfx2dHjev7tc9eFaO\/+OKP\/LW2+VuiQAn2HzukW62PNwvdqdAH640jTt8bdLy6gQXIXrKmyJW\/feB2Pq5ZygN89Z1qAwO7k5mNiy3AiXR74X6qtcTZ6wcUWtVzK6qBHmQQRM98RMcGs51Io76x\/2DXm\/yFw==\" \/> \t\t<a href=\"https:\/\/www.pdf24.org\" target=\"_blank\" title=\"www.pdf24.org\" rel=\"nofollow\"><img src=\"https:\/\/citeelegance.net\/wp-content\/plugins\/pdf24-posts-to-pdf\/img\/pdf_32x32.png\" alt=\"\" border=\"0\" height=\"32\" \/><\/a> \t\t<span class=\"pdf24Plugin-cp-space\">&nbsp;&nbsp;<\/span> \t\t<span class=\"pdf24Plugin-cp-text\">Send article as PDF<\/span> \t\t<span class=\"pdf24Plugin-cp-space\">&nbsp;&nbsp;<\/span> \t\t<input class=\"pdf24Plugin-cp-input\" style=\"margin: 0px;\" type=\"text\" name=\"sendEmailTo\" placeholder=\"Enter email address\" \/> \t\t<input class=\"pdf24Plugin-cp-submit\" style=\"margin: 0px;\" type=\"submit\" value=\"Send\" \/> \t<\/form> <\/div>","protected":false},"excerpt":{"rendered":"<p>Le mercredi 10 Octobre 2018, le Comit\u00e9 d\u2019organisation internationale du M\u00e9morial Thomas SANKARA et le mouvement Balai Citoyen ont organis\u00e9 une conf\u00e9rence de presse au Conseil de l\u2019Entente. L\u2019objectif de cette conf\u00e9rence \u00e9tait de d\u00e9rouler le programme d\u2019activit\u00e9s marquant la 31\u00e8me ann\u00e9e de l\u2019assassinat du Capitaine, Thomas SANKARA. Les membres du Comit\u00e9 international du M\u00e9morial [&hellip;]<\/p>\n","protected":false},"author":3,"featured_media":702,"comment_status":"open","ping_status":"open","sticky":false,"template":"","format":"standard","meta":{"footnotes":""},"categories":[2,16],"tags":[],"yoast_head":"<!-- This site is optimized with the Yoast SEO plugin v18.1 - https:\/\/yoast.com\/wordpress\/plugins\/seo\/ -->\n<title>Hommage : Comm\u00e9moration de la 31\u00e8me ann\u00e9e de l\u2019assassinat du Pr\u00e9sident Thomas Sankara - CITE ELEGANCE<\/title>\n<meta name=\"robots\" content=\"index, follow, max-snippet:-1, max-image-preview:large, max-video-preview:-1\" \/>\n<link rel=\"canonical\" href=\"https:\/\/citeelegance.net\/?p=701\" \/>\n<meta property=\"og:locale\" content=\"fr_FR\" \/>\n<meta property=\"og:type\" content=\"article\" \/>\n<meta property=\"og:title\" content=\"Hommage : Comm\u00e9moration de la 31\u00e8me ann\u00e9e de l\u2019assassinat du Pr\u00e9sident Thomas Sankara - CITE ELEGANCE\" \/>\n<meta property=\"og:description\" content=\"Le mercredi 10 Octobre 2018, le Comit\u00e9 d\u2019organisation internationale du M\u00e9morial Thomas SANKARA et le mouvement Balai Citoyen ont organis\u00e9 une conf\u00e9rence de presse au Conseil de l\u2019Entente. L\u2019objectif de cette conf\u00e9rence \u00e9tait de d\u00e9rouler le programme d\u2019activit\u00e9s marquant la 31\u00e8me ann\u00e9e de l\u2019assassinat du Capitaine, Thomas SANKARA. Les membres du Comit\u00e9 international du M\u00e9morial [&hellip;]\" \/>\n<meta property=\"og:url\" content=\"https:\/\/citeelegance.net\/?p=701\" \/>\n<meta property=\"og:site_name\" content=\"CITE ELEGANCE\" \/>\n<meta property=\"article:published_time\" content=\"2018-10-10T16:03:54+00:00\" \/>\n<meta property=\"article:modified_time\" content=\"2018-10-10T16:11:20+00:00\" \/>\n<meta property=\"og:image\" content=\"https:\/\/citeelegance.net\/wp-content\/uploads\/2018\/10\/s-1024x768.jpg\" \/>\n\t<meta property=\"og:image:width\" content=\"1024\" \/>\n\t<meta property=\"og:image:height\" content=\"768\" \/>\n\t<meta property=\"og:image:type\" content=\"image\/jpeg\" \/>\n<meta name=\"twitter:label1\" content=\"\u00c9crit par\" \/>\n\t<meta name=\"twitter:data1\" content=\"Kader\" \/>\n\t<meta name=\"twitter:label2\" content=\"Dur\u00e9e de lecture estim\u00e9e\" \/>\n\t<meta name=\"twitter:data2\" content=\"2 minutes\" \/>\n<script type=\"application\/ld+json\" class=\"yoast-schema-graph\">{\"@context\":\"https:\/\/schema.org\",\"@graph\":[{\"@type\":\"WebSite\",\"@id\":\"https:\/\/citeelegance.net\/#website\",\"url\":\"https:\/\/citeelegance.net\/\",\"name\":\"CITE ELEGANCE\",\"description\":\"\",\"potentialAction\":[{\"@type\":\"SearchAction\",\"target\":{\"@type\":\"EntryPoint\",\"urlTemplate\":\"https:\/\/citeelegance.net\/?s={search_term_string}\"},\"query-input\":\"required name=search_term_string\"}],\"inLanguage\":\"fr-FR\"},{\"@type\":\"ImageObject\",\"@id\":\"https:\/\/citeelegance.net\/?p=701#primaryimage\",\"inLanguage\":\"fr-FR\",\"url\":\"https:\/\/citeelegance.net\/wp-content\/uploads\/2018\/10\/s.jpg\",\"contentUrl\":\"https:\/\/citeelegance.net\/wp-content\/uploads\/2018\/10\/s.jpg\",\"width\":4608,\"height\":3456},{\"@type\":\"WebPage\",\"@id\":\"https:\/\/citeelegance.net\/?p=701#webpage\",\"url\":\"https:\/\/citeelegance.net\/?p=701\",\"name\":\"Hommage : Comm\u00e9moration de la 31\u00e8me ann\u00e9e de l\u2019assassinat du Pr\u00e9sident Thomas Sankara - CITE ELEGANCE\",\"isPartOf\":{\"@id\":\"https:\/\/citeelegance.net\/#website\"},\"primaryImageOfPage\":{\"@id\":\"https:\/\/citeelegance.net\/?p=701#primaryimage\"},\"datePublished\":\"2018-10-10T16:03:54+00:00\",\"dateModified\":\"2018-10-10T16:11:20+00:00\",\"author\":{\"@id\":\"https:\/\/citeelegance.net\/#\/schema\/person\/e06163d4cd2cfc8a3cfc96dc84443ae4\"},\"breadcrumb\":{\"@id\":\"https:\/\/citeelegance.net\/?p=701#breadcrumb\"},\"inLanguage\":\"fr-FR\",\"potentialAction\":[{\"@type\":\"ReadAction\",\"target\":[\"https:\/\/citeelegance.net\/?p=701\"]}]},{\"@type\":\"BreadcrumbList\",\"@id\":\"https:\/\/citeelegance.net\/?p=701#breadcrumb\",\"itemListElement\":[{\"@type\":\"ListItem\",\"position\":1,\"name\":\"Accueil\",\"item\":\"https:\/\/citeelegance.net\/\"},{\"@type\":\"ListItem\",\"position\":2,\"name\":\"Hommage : Comm\u00e9moration de la 31\u00e8me ann\u00e9e de l\u2019assassinat du Pr\u00e9sident Thomas Sankara\"}]},{\"@type\":\"Person\",\"@id\":\"https:\/\/citeelegance.net\/#\/schema\/person\/e06163d4cd2cfc8a3cfc96dc84443ae4\",\"name\":\"Kader\",\"url\":\"https:\/\/citeelegance.net\/?author=3\"}]}<\/script>\n<!-- \/ Yoast SEO plugin. -->","yoast_head_json":{"title":"Hommage : Comm\u00e9moration de la 31\u00e8me ann\u00e9e de l\u2019assassinat du Pr\u00e9sident Thomas Sankara - CITE ELEGANCE","robots":{"index":"index","follow":"follow","max-snippet":"max-snippet:-1","max-image-preview":"max-image-preview:large","max-video-preview":"max-video-preview:-1"},"canonical":"https:\/\/citeelegance.net\/?p=701","og_locale":"fr_FR","og_type":"article","og_title":"Hommage : Comm\u00e9moration de la 31\u00e8me ann\u00e9e de l\u2019assassinat du Pr\u00e9sident Thomas Sankara - CITE ELEGANCE","og_description":"Le mercredi 10 Octobre 2018, le Comit\u00e9 d\u2019organisation internationale du M\u00e9morial Thomas SANKARA et le mouvement Balai Citoyen ont organis\u00e9 une conf\u00e9rence de presse au Conseil de l\u2019Entente. L\u2019objectif de cette conf\u00e9rence \u00e9tait de d\u00e9rouler le programme d\u2019activit\u00e9s marquant la 31\u00e8me ann\u00e9e de l\u2019assassinat du Capitaine, Thomas SANKARA. Les membres du Comit\u00e9 international du M\u00e9morial [&hellip;]","og_url":"https:\/\/citeelegance.net\/?p=701","og_site_name":"CITE ELEGANCE","article_published_time":"2018-10-10T16:03:54+00:00","article_modified_time":"2018-10-10T16:11:20+00:00","og_image":[{"width":1024,"height":768,"url":"https:\/\/citeelegance.net\/wp-content\/uploads\/2018\/10\/s-1024x768.jpg","type":"image\/jpeg"}],"twitter_misc":{"\u00c9crit par":"Kader","Dur\u00e9e de lecture estim\u00e9e":"2 minutes"},"schema":{"@context":"https:\/\/schema.org","@graph":[{"@type":"WebSite","@id":"https:\/\/citeelegance.net\/#website","url":"https:\/\/citeelegance.net\/","name":"CITE ELEGANCE","description":"","potentialAction":[{"@type":"SearchAction","target":{"@type":"EntryPoint","urlTemplate":"https:\/\/citeelegance.net\/?s={search_term_string}"},"query-input":"required name=search_term_string"}],"inLanguage":"fr-FR"},{"@type":"ImageObject","@id":"https:\/\/citeelegance.net\/?p=701#primaryimage","inLanguage":"fr-FR","url":"https:\/\/citeelegance.net\/wp-content\/uploads\/2018\/10\/s.jpg","contentUrl":"https:\/\/citeelegance.net\/wp-content\/uploads\/2018\/10\/s.jpg","width":4608,"height":3456},{"@type":"WebPage","@id":"https:\/\/citeelegance.net\/?p=701#webpage","url":"https:\/\/citeelegance.net\/?p=701","name":"Hommage : Comm\u00e9moration de la 31\u00e8me ann\u00e9e de l\u2019assassinat du Pr\u00e9sident Thomas Sankara - CITE ELEGANCE","isPartOf":{"@id":"https:\/\/citeelegance.net\/#website"},"primaryImageOfPage":{"@id":"https:\/\/citeelegance.net\/?p=701#primaryimage"},"datePublished":"2018-10-10T16:03:54+00:00","dateModified":"2018-10-10T16:11:20+00:00","author":{"@id":"https:\/\/citeelegance.net\/#\/schema\/person\/e06163d4cd2cfc8a3cfc96dc84443ae4"},"breadcrumb":{"@id":"https:\/\/citeelegance.net\/?p=701#breadcrumb"},"inLanguage":"fr-FR","potentialAction":[{"@type":"ReadAction","target":["https:\/\/citeelegance.net\/?p=701"]}]},{"@type":"BreadcrumbList","@id":"https:\/\/citeelegance.net\/?p=701#breadcrumb","itemListElement":[{"@type":"ListItem","position":1,"name":"Accueil","item":"https:\/\/citeelegance.net\/"},{"@type":"ListItem","position":2,"name":"Hommage : Comm\u00e9moration de la 31\u00e8me ann\u00e9e de l\u2019assassinat du Pr\u00e9sident Thomas Sankara"}]},{"@type":"Person","@id":"https:\/\/citeelegance.net\/#\/schema\/person\/e06163d4cd2cfc8a3cfc96dc84443ae4","name":"Kader","url":"https:\/\/citeelegance.net\/?author=3"}]}},"_links":{"self":[{"href":"https:\/\/citeelegance.net\/index.php?rest_route=\/wp\/v2\/posts\/701"}],"collection":[{"href":"https:\/\/citeelegance.net\/index.php?rest_route=\/wp\/v2\/posts"}],"about":[{"href":"https:\/\/citeelegance.net\/index.php?rest_route=\/wp\/v2\/types\/post"}],"author":[{"embeddable":true,"href":"https:\/\/citeelegance.net\/index.php?rest_route=\/wp\/v2\/users\/3"}],"replies":[{"embeddable":true,"href":"https:\/\/citeelegance.net\/index.php?rest_route=%2Fwp%2Fv2%2Fcomments&post=701"}],"version-history":[{"count":1,"href":"https:\/\/citeelegance.net\/index.php?rest_route=\/wp\/v2\/posts\/701\/revisions"}],"predecessor-version":[{"id":703,"href":"https:\/\/citeelegance.net\/index.php?rest_route=\/wp\/v2\/posts\/701\/revisions\/703"}],"wp:featuredmedia":[{"embeddable":true,"href":"https:\/\/citeelegance.net\/index.php?rest_route=\/wp\/v2\/media\/702"}],"wp:attachment":[{"href":"https:\/\/citeelegance.net\/index.php?rest_route=%2Fwp%2Fv2%2Fmedia&parent=701"}],"wp:term":[{"taxonomy":"category","embeddable":true,"href":"https:\/\/citeelegance.net\/index.php?rest_route=%2Fwp%2Fv2%2Fcategories&post=701"},{"taxonomy":"post_tag","embeddable":true,"href":"https:\/\/citeelegance.net\/index.php?rest_route=%2Fwp%2Fv2%2Ftags&post=701"}],"curies":[{"name":"wp","href":"https:\/\/api.w.org\/{rel}","templated":true}]}}