{"id":6244,"date":"2020-06-25T17:41:13","date_gmt":"2020-06-25T16:41:13","guid":{"rendered":"http:\/\/citeelegance.net\/?p=6244"},"modified":"2020-06-25T17:41:23","modified_gmt":"2020-06-25T16:41:23","slug":"11-decembre-2020-etat-davancement-des-travaux-dans-la-region-des-cascades","status":"publish","type":"post","link":"https:\/\/citeelegance.net\/?p=6244","title":{"rendered":"11 d\u00e9cembre 2020 : Etat d\u2019avancement des travaux dans la r\u00e9gion des cascades"},"content":{"rendered":"<p><strong>Ce jeudi 25 juin 2020, le minist\u00e8re de l\u2019administration territoriale, de la d\u00e9centralisation et de la coh\u00e9sion sociale a organis\u00e9 une rencontre avec les acteurs qui permettent les r\u00e9alisations rentrant dans le cadre de la c\u00e9l\u00e9bration du 11 d\u00e9cembre. Cette rencontre intervient autour de trois points principaux, le respect des engagements, le niveau de r\u00e9alisation et les recommandations.<\/strong><\/p>\n<p>La r\u00e9gion des cascades va abriter les festivit\u00e9s du 11 d\u00e9cembre 2020 marquant l\u2019ind\u00e9pendance du Burkina Faso. Le th\u00e8me retenu cette ann\u00e9e est : \u00ab <strong>Coh\u00e9sion nationale et engagement patriotique pour un d\u00e9veloppement durable du Burkina Faso dans un contexte d\u2019ins\u00e9curit\u00e9 et de covid-19<\/strong>\u00a0\u00bb. Ladite r\u00e9gion attend de cette rencontre des r\u00e9solutions et des engagements plus fermes pour des festivit\u00e9s r\u00e9ussies. Il s\u2019est agi au cours de cette concertation de donner l\u2019\u00e9tat d\u2019avancement des diff\u00e9rents travaux.<\/p>\n<p>Au niveau du minist\u00e8re des infrastructures, il est pr\u00e9vu la r\u00e9alisation de bitumage et l\u2019am\u00e9nagement de 45 km de route \u00e0 Banfora, 5 km \u00e0 Sindou, 5 km \u00e0 Niangoloko et la r\u00e9alisation de\u00a0 cl\u00f4ture au sein des structures sectorielles des services techniques de certains minist\u00e8res. L\u2019\u00e9tat d\u2019avancement est \u00e0 la phase des installations des entreprises et l\u2019am\u00e9nagement des bases \u00a0pour la fabrication des caniveaux. 1000 plants seront mis sous terre en termes de compensation environnementale.<\/p>\n<p>Au niveau du minist\u00e8re de l\u2019urbanisme et de l\u2019habitat, il faut relever la r\u00e9alisation d\u2019une salle polyvalente de 800 places et la construction de la place de la nation. A nos jours, les entreprises sont install\u00e9es et les travaux pr\u00e9paratoires sont en cours. Les logements sociaux sont disponibles et attendent d\u2019\u00eatre livr\u00e9s aux propri\u00e9taires.<\/p>\n<p>Au titre du minist\u00e8re des sports les diff\u00e9rentes r\u00e9alisations sont revues \u00e0 la baisse en raison du manque de budget. Mais le ministre d\u2019Etat, <strong>Sim\u00e9on Sawadogo<\/strong>, a insist\u00e9 pour que la r\u00e9alisation des infrastructures soit maintenue et mise en application apr\u00e8s les festivit\u00e9s. Il s\u2019agissait de l\u2019ach\u00e8vement des travaux de construction du stade r\u00e9gional de Banfora, de la construction d\u2019un plateau omnisport \u00e0 Niangoloko et \u00e0 Sindou. Du reste, le minist\u00e8re a affirm\u00e9 que les travaux de r\u00e9alisation de la tribune du stade sont en cours de finition.<a href=\"http:\/\/citeelegance.net\/wp-content\/uploads\/2020\/06\/IMG_20200625_103143_71.jpg\"><img loading=\"lazy\" decoding=\"async\" class=\"wp-image-6236 alignright\" src=\"http:\/\/citeelegance.net\/wp-content\/uploads\/2020\/06\/IMG_20200625_103143_71-225x300.jpg\" alt=\"\" width=\"161\" height=\"214\" srcset=\"https:\/\/citeelegance.net\/wp-content\/uploads\/2020\/06\/IMG_20200625_103143_71-225x300.jpg 225w, https:\/\/citeelegance.net\/wp-content\/uploads\/2020\/06\/IMG_20200625_103143_71.jpg 349w\" sizes=\"(max-width: 161px) 100vw, 161px\" \/><\/a><\/p>\n<p>Les principales difficult\u00e9s relev\u00e9es sont le ralentissement des documents administratifs d\u00fb \u00e0 la covid-19, \u00a0la surench\u00e8re des terres pour le bitumage, le manque d\u2019accompagnement de la Mairie de Banfora&#8230;<\/p>\n<p>Pour le ministre, c\u2019est la loi sur le foncier rurale qui cr\u00e9e le probl\u00e8me parce que pour pr\u00e9lever la terre, il faut payer les propri\u00e9taires terriens. Par ailleurs, il exhorte le Maire de Banfora \u00e0 accompagner les diff\u00e9rents partenaires.<\/p>\n<p><strong>Isma\u00ebl KIEKIETA <\/strong><\/p>\n<aside class=\"mashsb-container mashsb-main mashsb-stretched\"><div class=\"mashsb-box\"><div class=\"mashsb-buttons\"><a class=\"mashicon-facebook mash-small mash-center mashsb-noshadow\" href=\"https:\/\/www.facebook.com\/sharer.php?u=https%3A%2F%2Fciteelegance.net%2F%3Fp%3D6244\" target=\"_top\" rel=\"nofollow\"><span class=\"icon\"><\/span><span class=\"text\">Partagez<\/span><\/a><a class=\"mashicon-twitter mash-small mash-center mashsb-noshadow\" href=\"https:\/\/twitter.com\/intent\/tweet?text=&url=https:\/\/citeelegance.net\/?p=6244\" target=\"_top\" rel=\"nofollow\"><span class=\"icon\"><\/span><span class=\"text\">Tweet<\/span><\/a><div class=\"onoffswitch2 mash-small mashsb-noshadow\" style=\"display:none;\"><\/div><\/div>\n            <\/div>\n                <div style=\"clear:both;\"><\/div><\/aside>\n            <!-- Share buttons by mashshare.net - Version: 3.8.0--><div class=\"pdf24Plugin-cp\"> \t<form name=\"pdf24Form0\" method=\"post\" action=\"https:\/\/doc2pdf.pdf24.org\/wordpress.php\" target=\"pdf24PopWin\" onsubmit=\"var pdf24Win = window.open('about:blank', 'pdf24PopWin', 'resizable=yes,scrollbars=yes,width=600,height=250,left='+(screen.width\/2-300)+',top='+(screen.height\/3-125)+''); pdf24Win.focus(); if(typeof pdf24OnCreatePDF === 'function'){void(pdf24OnCreatePDF(this,pdf24Win));}\"> \t\t<input type=\"hidden\" name=\"blogCharset\" value=\"Cw1x07UAAA==\" \/><input type=\"hidden\" name=\"blogPosts\" value=\"MwQA\" \/><input type=\"hidden\" name=\"blogUrl\" value=\"yygpKSi20tdPzixJTc1JTU\/MS07Vy0stAQA=\" \/><input type=\"hidden\" name=\"blogName\" value=\"c\/YMcVVw9XF1d\/RzdgUA\" \/><input type=\"hidden\" name=\"blogValueEncoding\" value=\"gzdeflate base64\" \/><input type=\"hidden\" name=\"postId_0\" value=\"MzMyMQEA\" \/><input type=\"hidden\" name=\"postTitle_0\" value=\"MzRUSDm8Mjk1N6koVcHIwMhAwUrBtSSxRCHlUcPMxLLEPKBUah6Qm1qsUFIEFCitUEhJzCtWyElUKDq8Mj0zPw8sl5xYnJwIZAAA\" \/><input type=\"hidden\" name=\"postLink_0\" value=\"yygpKSi20tdPzixJTc1JTU\/MS07Vy0st0bcvsDUzMjEBAA==\" \/><input type=\"hidden\" name=\"postAuthor_0\" value=\"8yzOTUzNUfD2dAWiEEcA\" \/><input type=\"hidden\" name=\"postDateTime_0\" value=\"MzIwMtA1MNM1MlUwNLcyMLMyNAYA\" \/><input type=\"hidden\" name=\"postContent_0\" value=\"rVfLjhvHFd37KyoMZDgA3xxN5PFwBPmhQLAcGJCRrVCsLrJLqq5q1aM5o1V+wzstxXibnXfDP8mX5Nyq7iaHtIAE0GAw012P+zz33NvX9c21D86azc13kr2RsVBs\/pi9icqw+XQ+HTItWaWM8mH\/0UlWSKb\/889feZHXHA\/KGhakcypYp7iWw3SGs2K\/E9LghFY+n5Kh3RK23O88LXkr6A7jzLoNh8T9jkUjmZNGWFzGTiMFbPCMiyCj8+xdVKyWrpIhQHzacvtdr8XTXWjFVsHxBuGCF63lUL3f6f1u1dpdRDabZUurlZNj9h1JPdKuDFxrFCniMdjoSAzCpTyrLTbxzykjVM3jbQqVk76Wghz1TJoN38gKl33aM6qRPJKEY4MpLMkJKWxVcVNkN8bXkzYv15P65ovr+uYlp3ubZDfOC+7hGB4azvgK4ZcuyVlLH1SjAiJ86l\/KKKu4excpPpRIZbBbS2g1QtL5b6N7qwxnz7m3Y\/YS3pb7jxU5hnBHJlKAuDH7nWTQxK7Y\/W+sh1CfWJO8oNTCvUMgWM2DUzaod1EigohnNGRfI7Wt63ykiI6v9JkxOZ04TqmRt7CiSPYDMiI68rcFmLCNKkazr\/sA3n+4\/x2u8EIF2YeQE3yKdP4k50VGlLc6ZkDJs3SyWkeKNFDosxvFSeQhIHqvpB+zF5p5WErB4hsFHMFCAnKvGnqFdKGFJAywxlAycWm\/w3JylDeUoRwg6CrUer3fuWQM0N4Af+MOKM9iD7X4sHY9AL12HHGJIkRgdciUTmmsYXATqUIeYBPWrFSIFRxPOCVDqv3OdOnE\/sVj9rZKoLYRzuw\/sG+5WVvHhyztYOEVUGbj4f3vipuN1fatTULPdN5\/YELv\/00WUri8VBnyB7uxJohvpCbIpz2qU4GHIEVpCF9thBFYgOQoDkjJy0+FlkIBA2FSXXLfhcwHrnXLLhkJwAkK30v\/iah4tuK0e\/8hoQPy1lSjovOQyjfn6HbMZtPpFIjilEu4ARTCWjza6BOzIvSJYqvWJVuhYDvyMI1yhBdSjHL7H0CQ7I1uRXRbyY6VsVZy5JqHhIk16A41oWUj3XmGSABY2iMsVMb6roFqE5L0J9kZ0caG2N7kxLWAouDSfvucmWLMnjFjPXtDpTFMRHYcZU9BaRMB5vEdabbQT\/CtOVjdKtcdlyYXGrEY+oDtajf1HNxJhwrla2vUSmeZmRVSDgki\/yI+0KohOmBZj4VFBB3ScxzsoBJ3nBUcxLvgk7GHmj3rWckWJxtCbcbfiivvU+YdnnKvQncg3qSijMVGhjH7CXuHDu0yJ\/6Qkthx8isFaOL+K77lhd3YnhaH6LoIKRm7yyRGws+r8Yw0YK0CRDk1RxMTgoDXZCuva92hnCMpH\/1pT+r5EFzoPVc9+rhAo2kOBdSlNiH+GEEghMCLnsm5piM953QTxvGNBFcCXaB6sJVRKSvnVNRz1Zh9H6mXB3k6AKHZrtfKIaY5XA8tPSVPmIJ+t6Ji6e1+AE46tIb0VAPXnJVOrpeDMoT6ajIRaFgowQ3R09jIMNnWo9T9TJjEWlte+Am19Mn0cvLip7+9pufp5fzx69l0MbtYvP7rbPym3gxurlW1YXRcmc1yoPn7uwH0Cpvfub8zYgDG5d4vB1ChiO5Hl\/PFJYMzG+PUpgwD5p34jJaN5vPHt4vpNFkIPWE5GLCtKkK5HMwuZwNWSlK7HMxnF0m3lyGr959dP8Pzdsg+n\/AkdHHx9RaWq\/cSYf2q4rej5N4Vg3v17V+I9htoTW8DNsGcxw+znjxMlh11KBF1ni2IlhMLJijR1JnolwjjMCBYETPfHc\/qa2zsf28pphuUhmhTePWRZqCyZ67UetrxRh\/mgFwQLROluqWGxDemnwggC7yE5nxUmF\/++cl8Mf2m8+\/nVmjHW0Mm2hEJl7VVZAztrzEaKXQgF8nFNPsLR6Mn9R1nVzrNpmB+IVk\/UlIz6BtX8uLQ0mp+187JD6k8f8KgrY7Zz9wxrtDZUiei+ei2BFskneTXsVsUyUMA3AnNe7IMsHnYLDpifuErvv9Nsx9f\/IDfX56xk4mfe0Xcl8uy4r70qwRD8C40tQvEwt0zBTKIUhao+EI1J1dX9vaP12MIYEvs8eMdBVWjNdr0ytq3ScMI9mqdH+nL7mAEGneJ3gK0H+iLCmm73Y47EWMEaYJjTrpxXdZP4zKderR49mj+HL+nRUeri+f1o8X3l\/MLMEDgbkMM8DrYekAlsBwYu7ZaQy1CWnPTWU+WY2lCaw936LNhcIP8BuD4fXeCyu7c9bBVoXPx\/\/e8vZ2cVpk5wlbK8JRMWH4ZnV5+km2e1svP7fIvpPvY3yMYWMhce9gryvmptw889OFOy+WAJibN766MNfIbUgpZ7d8v2NHPHyylZVLdihJacne1sqE8EpRgfyLqT6MRe0XYYS1a2eouG0iLFDU2Yv+Qjj49r9hi\/GQ8HY1u\/gs=\" \/> \t\t<a href=\"https:\/\/www.pdf24.org\" target=\"_blank\" title=\"www.pdf24.org\" rel=\"nofollow\"><img src=\"https:\/\/citeelegance.net\/wp-content\/plugins\/pdf24-posts-to-pdf\/img\/pdf_32x32.png\" alt=\"\" border=\"0\" height=\"32\" \/><\/a> \t\t<span class=\"pdf24Plugin-cp-space\">&nbsp;&nbsp;<\/span> \t\t<span class=\"pdf24Plugin-cp-text\">Send article as PDF<\/span> \t\t<span class=\"pdf24Plugin-cp-space\">&nbsp;&nbsp;<\/span> \t\t<input class=\"pdf24Plugin-cp-input\" style=\"margin: 0px;\" type=\"text\" name=\"sendEmailTo\" placeholder=\"Enter email address\" \/> \t\t<input class=\"pdf24Plugin-cp-submit\" style=\"margin: 0px;\" type=\"submit\" value=\"Send\" \/> \t<\/form> <\/div>","protected":false},"excerpt":{"rendered":"<p>Ce jeudi 25 juin 2020, le minist\u00e8re de l\u2019administration territoriale, de la d\u00e9centralisation et de la coh\u00e9sion sociale a organis\u00e9 une rencontre avec les acteurs qui permettent les r\u00e9alisations rentrant dans le cadre de la c\u00e9l\u00e9bration du 11 d\u00e9cembre. Cette rencontre intervient autour de trois points principaux, le respect des engagements, le niveau de r\u00e9alisation [&hellip;]<\/p>\n","protected":false},"author":5,"featured_media":6245,"comment_status":"open","ping_status":"closed","sticky":false,"template":"","format":"standard","meta":{"footnotes":""},"categories":[2,6],"tags":[],"yoast_head":"<!-- This site is optimized with the Yoast SEO plugin v18.1 - https:\/\/yoast.com\/wordpress\/plugins\/seo\/ -->\n<title>11 d\u00e9cembre 2020 : Etat d\u2019avancement des travaux dans la r\u00e9gion des cascades - CITE ELEGANCE<\/title>\n<meta name=\"robots\" content=\"index, follow, max-snippet:-1, max-image-preview:large, max-video-preview:-1\" \/>\n<link rel=\"canonical\" href=\"https:\/\/citeelegance.net\/?p=6244\" \/>\n<meta property=\"og:locale\" content=\"fr_FR\" \/>\n<meta property=\"og:type\" content=\"article\" \/>\n<meta property=\"og:title\" content=\"11 d\u00e9cembre 2020 : Etat d\u2019avancement des travaux dans la r\u00e9gion des cascades - CITE ELEGANCE\" \/>\n<meta property=\"og:description\" content=\"Ce jeudi 25 juin 2020, le minist\u00e8re de l\u2019administration territoriale, de la d\u00e9centralisation et de la coh\u00e9sion sociale a organis\u00e9 une rencontre avec les acteurs qui permettent les r\u00e9alisations rentrant dans le cadre de la c\u00e9l\u00e9bration du 11 d\u00e9cembre. Cette rencontre intervient autour de trois points principaux, le respect des engagements, le niveau de r\u00e9alisation [&hellip;]\" \/>\n<meta property=\"og:url\" content=\"https:\/\/citeelegance.net\/?p=6244\" \/>\n<meta property=\"og:site_name\" content=\"CITE ELEGANCE\" \/>\n<meta property=\"article:published_time\" content=\"2020-06-25T16:41:13+00:00\" \/>\n<meta property=\"article:modified_time\" content=\"2020-06-25T16:41:23+00:00\" \/>\n<meta property=\"og:image\" content=\"https:\/\/citeelegance.net\/wp-content\/uploads\/2020\/06\/IMG_20200625_091552_51.jpg\" \/>\n\t<meta property=\"og:image:width\" content=\"620\" \/>\n\t<meta property=\"og:image:height\" content=\"465\" \/>\n\t<meta property=\"og:image:type\" content=\"image\/jpeg\" \/>\n<meta name=\"twitter:label1\" content=\"\u00c9crit par\" \/>\n\t<meta name=\"twitter:data1\" content=\"Ismael KIEKIETA\" \/>\n\t<meta name=\"twitter:label2\" content=\"Dur\u00e9e de lecture estim\u00e9e\" \/>\n\t<meta name=\"twitter:data2\" content=\"2 minutes\" \/>\n<script type=\"application\/ld+json\" class=\"yoast-schema-graph\">{\"@context\":\"https:\/\/schema.org\",\"@graph\":[{\"@type\":\"WebSite\",\"@id\":\"https:\/\/citeelegance.net\/#website\",\"url\":\"https:\/\/citeelegance.net\/\",\"name\":\"CITE ELEGANCE\",\"description\":\"\",\"potentialAction\":[{\"@type\":\"SearchAction\",\"target\":{\"@type\":\"EntryPoint\",\"urlTemplate\":\"https:\/\/citeelegance.net\/?s={search_term_string}\"},\"query-input\":\"required name=search_term_string\"}],\"inLanguage\":\"fr-FR\"},{\"@type\":\"ImageObject\",\"@id\":\"https:\/\/citeelegance.net\/?p=6244#primaryimage\",\"inLanguage\":\"fr-FR\",\"url\":\"https:\/\/citeelegance.net\/wp-content\/uploads\/2020\/06\/IMG_20200625_091552_51.jpg\",\"contentUrl\":\"https:\/\/citeelegance.net\/wp-content\/uploads\/2020\/06\/IMG_20200625_091552_51.jpg\",\"width\":620,\"height\":465},{\"@type\":\"WebPage\",\"@id\":\"https:\/\/citeelegance.net\/?p=6244#webpage\",\"url\":\"https:\/\/citeelegance.net\/?p=6244\",\"name\":\"11 d\u00e9cembre 2020 : Etat d\u2019avancement des travaux dans la r\u00e9gion des cascades - CITE ELEGANCE\",\"isPartOf\":{\"@id\":\"https:\/\/citeelegance.net\/#website\"},\"primaryImageOfPage\":{\"@id\":\"https:\/\/citeelegance.net\/?p=6244#primaryimage\"},\"datePublished\":\"2020-06-25T16:41:13+00:00\",\"dateModified\":\"2020-06-25T16:41:23+00:00\",\"author\":{\"@id\":\"https:\/\/citeelegance.net\/#\/schema\/person\/981ee78db24e1c4cf407476788535aba\"},\"breadcrumb\":{\"@id\":\"https:\/\/citeelegance.net\/?p=6244#breadcrumb\"},\"inLanguage\":\"fr-FR\",\"potentialAction\":[{\"@type\":\"ReadAction\",\"target\":[\"https:\/\/citeelegance.net\/?p=6244\"]}]},{\"@type\":\"BreadcrumbList\",\"@id\":\"https:\/\/citeelegance.net\/?p=6244#breadcrumb\",\"itemListElement\":[{\"@type\":\"ListItem\",\"position\":1,\"name\":\"Accueil\",\"item\":\"https:\/\/citeelegance.net\/\"},{\"@type\":\"ListItem\",\"position\":2,\"name\":\"11 d\u00e9cembre 2020 : Etat d\u2019avancement des travaux dans la r\u00e9gion des cascades\"}]},{\"@type\":\"Person\",\"@id\":\"https:\/\/citeelegance.net\/#\/schema\/person\/981ee78db24e1c4cf407476788535aba\",\"name\":\"Ismael KIEKIETA\",\"url\":\"https:\/\/citeelegance.net\/?author=5\"}]}<\/script>\n<!-- \/ Yoast SEO plugin. -->","yoast_head_json":{"title":"11 d\u00e9cembre 2020 : Etat d\u2019avancement des travaux dans la r\u00e9gion des cascades - CITE ELEGANCE","robots":{"index":"index","follow":"follow","max-snippet":"max-snippet:-1","max-image-preview":"max-image-preview:large","max-video-preview":"max-video-preview:-1"},"canonical":"https:\/\/citeelegance.net\/?p=6244","og_locale":"fr_FR","og_type":"article","og_title":"11 d\u00e9cembre 2020 : Etat d\u2019avancement des travaux dans la r\u00e9gion des cascades - CITE ELEGANCE","og_description":"Ce jeudi 25 juin 2020, le minist\u00e8re de l\u2019administration territoriale, de la d\u00e9centralisation et de la coh\u00e9sion sociale a organis\u00e9 une rencontre avec les acteurs qui permettent les r\u00e9alisations rentrant dans le cadre de la c\u00e9l\u00e9bration du 11 d\u00e9cembre. Cette rencontre intervient autour de trois points principaux, le respect des engagements, le niveau de r\u00e9alisation [&hellip;]","og_url":"https:\/\/citeelegance.net\/?p=6244","og_site_name":"CITE ELEGANCE","article_published_time":"2020-06-25T16:41:13+00:00","article_modified_time":"2020-06-25T16:41:23+00:00","og_image":[{"width":620,"height":465,"url":"https:\/\/citeelegance.net\/wp-content\/uploads\/2020\/06\/IMG_20200625_091552_51.jpg","type":"image\/jpeg"}],"twitter_misc":{"\u00c9crit par":"Ismael KIEKIETA","Dur\u00e9e de lecture estim\u00e9e":"2 minutes"},"schema":{"@context":"https:\/\/schema.org","@graph":[{"@type":"WebSite","@id":"https:\/\/citeelegance.net\/#website","url":"https:\/\/citeelegance.net\/","name":"CITE ELEGANCE","description":"","potentialAction":[{"@type":"SearchAction","target":{"@type":"EntryPoint","urlTemplate":"https:\/\/citeelegance.net\/?s={search_term_string}"},"query-input":"required name=search_term_string"}],"inLanguage":"fr-FR"},{"@type":"ImageObject","@id":"https:\/\/citeelegance.net\/?p=6244#primaryimage","inLanguage":"fr-FR","url":"https:\/\/citeelegance.net\/wp-content\/uploads\/2020\/06\/IMG_20200625_091552_51.jpg","contentUrl":"https:\/\/citeelegance.net\/wp-content\/uploads\/2020\/06\/IMG_20200625_091552_51.jpg","width":620,"height":465},{"@type":"WebPage","@id":"https:\/\/citeelegance.net\/?p=6244#webpage","url":"https:\/\/citeelegance.net\/?p=6244","name":"11 d\u00e9cembre 2020 : Etat d\u2019avancement des travaux dans la r\u00e9gion des cascades - CITE ELEGANCE","isPartOf":{"@id":"https:\/\/citeelegance.net\/#website"},"primaryImageOfPage":{"@id":"https:\/\/citeelegance.net\/?p=6244#primaryimage"},"datePublished":"2020-06-25T16:41:13+00:00","dateModified":"2020-06-25T16:41:23+00:00","author":{"@id":"https:\/\/citeelegance.net\/#\/schema\/person\/981ee78db24e1c4cf407476788535aba"},"breadcrumb":{"@id":"https:\/\/citeelegance.net\/?p=6244#breadcrumb"},"inLanguage":"fr-FR","potentialAction":[{"@type":"ReadAction","target":["https:\/\/citeelegance.net\/?p=6244"]}]},{"@type":"BreadcrumbList","@id":"https:\/\/citeelegance.net\/?p=6244#breadcrumb","itemListElement":[{"@type":"ListItem","position":1,"name":"Accueil","item":"https:\/\/citeelegance.net\/"},{"@type":"ListItem","position":2,"name":"11 d\u00e9cembre 2020 : Etat d\u2019avancement des travaux dans la r\u00e9gion des cascades"}]},{"@type":"Person","@id":"https:\/\/citeelegance.net\/#\/schema\/person\/981ee78db24e1c4cf407476788535aba","name":"Ismael KIEKIETA","url":"https:\/\/citeelegance.net\/?author=5"}]}},"_links":{"self":[{"href":"https:\/\/citeelegance.net\/index.php?rest_route=\/wp\/v2\/posts\/6244"}],"collection":[{"href":"https:\/\/citeelegance.net\/index.php?rest_route=\/wp\/v2\/posts"}],"about":[{"href":"https:\/\/citeelegance.net\/index.php?rest_route=\/wp\/v2\/types\/post"}],"author":[{"embeddable":true,"href":"https:\/\/citeelegance.net\/index.php?rest_route=\/wp\/v2\/users\/5"}],"replies":[{"embeddable":true,"href":"https:\/\/citeelegance.net\/index.php?rest_route=%2Fwp%2Fv2%2Fcomments&post=6244"}],"version-history":[{"count":1,"href":"https:\/\/citeelegance.net\/index.php?rest_route=\/wp\/v2\/posts\/6244\/revisions"}],"predecessor-version":[{"id":6246,"href":"https:\/\/citeelegance.net\/index.php?rest_route=\/wp\/v2\/posts\/6244\/revisions\/6246"}],"wp:featuredmedia":[{"embeddable":true,"href":"https:\/\/citeelegance.net\/index.php?rest_route=\/wp\/v2\/media\/6245"}],"wp:attachment":[{"href":"https:\/\/citeelegance.net\/index.php?rest_route=%2Fwp%2Fv2%2Fmedia&parent=6244"}],"wp:term":[{"taxonomy":"category","embeddable":true,"href":"https:\/\/citeelegance.net\/index.php?rest_route=%2Fwp%2Fv2%2Fcategories&post=6244"},{"taxonomy":"post_tag","embeddable":true,"href":"https:\/\/citeelegance.net\/index.php?rest_route=%2Fwp%2Fv2%2Ftags&post=6244"}],"curies":[{"name":"wp","href":"https:\/\/api.w.org\/{rel}","templated":true}]}}