{"id":6238,"date":"2020-06-25T16:29:02","date_gmt":"2020-06-25T15:29:02","guid":{"rendered":"http:\/\/citeelegance.net\/?p=6238"},"modified":"2020-06-25T17:55:27","modified_gmt":"2020-06-25T16:55:27","slug":"burkina-cest-parti-pour-la-28eme-session-de-lassemblee-generale-des-societes-detat","status":"publish","type":"post","link":"https:\/\/citeelegance.net\/?p=6238","title":{"rendered":"Burkina : C\u2019est parti pour la 28\u00e8me session de l\u2019assembl\u00e9e g\u00e9n\u00e9rale des soci\u00e9t\u00e9s d\u2019Etat"},"content":{"rendered":"<p><strong>La c\u00e9r\u00e9monie d\u2019ouverture de la 28<sup>\u00e8me<\/sup> session de l\u2019Assembl\u00e9e G\u00e9n\u00e9rale des Soci\u00e9t\u00e9s d\u2019Etat (AG-AS) a eu lieu ce jeudi 25 juin 2020 \u00e0 Ouagadougou. Les \u00e9changes porteront sur l\u2019examen des comptes et des recommandations au titre de l\u2019exercice 2019 ainsi que la recherche de solutions pour la performance des soci\u00e9t\u00e9s d\u2019Etat. La c\u00e9r\u00e9monie a \u00e9t\u00e9 marqu\u00e9e par le discours du pr\u00e9sident par d\u00e9l\u00e9gation de AG-SE, Christoph Dabir\u00e9 et la pr\u00e9sentation du rapport de performance 2019 des Soci\u00e9t\u00e9s d\u2019Etat. <a href=\"http:\/\/citeelegance.net\/wp-content\/uploads\/2020\/06\/IMG-20200625-WA00101.jpg\"><img loading=\"lazy\" decoding=\"async\" class=\" wp-image-6240 alignright\" src=\"http:\/\/citeelegance.net\/wp-content\/uploads\/2020\/06\/IMG-20200625-WA00101-300x169.jpg\" alt=\"\" width=\"254\" height=\"143\" srcset=\"https:\/\/citeelegance.net\/wp-content\/uploads\/2020\/06\/IMG-20200625-WA00101-300x169.jpg 300w, https:\/\/citeelegance.net\/wp-content\/uploads\/2020\/06\/IMG-20200625-WA00101-768x432.jpg 768w, https:\/\/citeelegance.net\/wp-content\/uploads\/2020\/06\/IMG-20200625-WA00101.jpg 827w\" sizes=\"(max-width: 254px) 100vw, 254px\" \/><\/a>\u00a0\u00a0<\/strong><\/p>\n<p>Ce sont au total 19 soci\u00e9t\u00e9 d\u2019Etat et deux \u00e9tablissements de pr\u00e9voyance sociale qui vont se pr\u00eat\u00e9s \u00e0 l\u2019exercice annuel de recevabilit\u00e9 qu\u2019impose l\u2019AG-SE.<\/p>\n<p>Au titre de l\u2019ann\u00e9e \u00e9coul\u00e9e, les Soci\u00e9t\u00e9s d\u2019Etat ont fait un bon chiffre d\u2019affaire. En effet, le chiffre d\u2019affaire global de l\u2019ensemble des soci\u00e9t\u00e9s d\u2019Eta s\u2019est accru de 8,73% par rapport \u00e0 2018. <strong>Christophe Dabir\u00e9<\/strong> a soulign\u00e9 qu\u2019en termes de r\u00e9sultat net, il s\u2019agit d\u2019un accroissement de 10,99%.<\/p>\n<p>Cette performance a permis d\u2019am\u00e9liorer la contribution des entreprises publiques au budget national, qui est pass\u00e9 de <strong>332,097 milliards<\/strong> en 2018 \u00e0 <strong>335,590 milliards de F CFA<\/strong> en 2019, soit une augmentation de <strong>3,493 milliards<\/strong> de F CFA. Pour <strong>Christoph Dabir\u00e9<\/strong>, ces avanc\u00e9es significatives d\u00e9montrent que les Soci\u00e9t\u00e9s d\u2019Etat sont parfaitement en mesure de produire des r\u00e9sultats positifs en se soumettant rigoureusement aux bonnes r\u00e8gles d\u2019administration et de gestion.\u00a0<a href=\"http:\/\/citeelegance.net\/wp-content\/uploads\/2020\/06\/IMG-20200625-WA0008_15930986962391.jpg\"><img loading=\"lazy\" decoding=\"async\" class=\" wp-image-6241 alignright\" src=\"http:\/\/citeelegance.net\/wp-content\/uploads\/2020\/06\/IMG-20200625-WA0008_15930986962391-300x250.jpg\" alt=\"\" width=\"245\" height=\"204\" srcset=\"https:\/\/citeelegance.net\/wp-content\/uploads\/2020\/06\/IMG-20200625-WA0008_15930986962391-300x250.jpg 300w, https:\/\/citeelegance.net\/wp-content\/uploads\/2020\/06\/IMG-20200625-WA0008_15930986962391.jpg 558w\" sizes=\"(max-width: 245px) 100vw, 245px\" \/><\/a><\/p>\n<p>Selon le SG de AG-SE, <strong>Harouna Kabor\u00e9<\/strong>, cette am\u00e9lioration s\u2019explique par le fait que les Soci\u00e9t\u00e9 d\u2019Etat ont maintenues les emplois et mis en \u0153uvre l\u2019ensemble des r\u00e9solutions qui ont \u00e9t\u00e9 d\u00e9cid\u00e9es par l\u2019examen g\u00e9n\u00e9ral ext\u00e9rieur. <em>\u00ab\u00a0Le premier responsable des Soci\u00e9t\u00e9s d\u2019Etat a fait le choix de trouver des strat\u00e9gies nouvelles pour prendre en compte toutes les formalit\u00e9s pour que les entreprises puissent continuer \u00e0 se d\u00e9velopper\u00a0\u00bb<\/em>, a-t-il ajout\u00e9.<\/p>\n<p>Malgr\u00e9 les r\u00e9sultats engrang\u00e9s, il convient de relever des difficult\u00e9s au niveau de certaines soci\u00e9t\u00e9s publiques. En effet, sur 21 entreprises, 03 sont d\u00e9ficitaires. Le d\u00e9ficit cumul\u00e9 de ces 3 soci\u00e9t\u00e9s en difficult\u00e9 s\u2019\u00e9l\u00e8ve \u00e0 <strong>704 millions de F CFA<\/strong> en 2019. Cette assembl\u00e9e g\u00e9n\u00e9rale permettra\u00a0 selon <strong>Harouna KABORE<\/strong> de prendre des r\u00e9solutions et des recommandations pour permettre aux soci\u00e9t\u00e9s d\u2019\u00eatre encore plus performantes et surtout de partager les responsabilit\u00e9s.<\/p>\n<p>Au cours de cette AG, de nouvelles dispositions seront prises au regard de la crise sanitaire que traverse le Burkina pour que l\u2019exercice 2020 se d\u00e9roule en tenant compte de cet aspect. Aussi pour qu\u2019il y ait au niveau des Soci\u00e9t\u00e9s d\u2019Etat des r\u00e9ponses de motivation face aux impacts de la Covid -19 sur le plan \u00e9conomique. En rappel, la c\u00e9r\u00e9monie de cl\u00f4ture de l\u2019AG-SE\u00a0 est pr\u00e9vue pour le 26 juin 2020.<\/p>\n<p><strong>Assata SINARE<\/strong><\/p>\n<aside class=\"mashsb-container mashsb-main mashsb-stretched\"><div class=\"mashsb-box\"><div class=\"mashsb-buttons\"><a class=\"mashicon-facebook mash-small mash-center mashsb-noshadow\" href=\"https:\/\/www.facebook.com\/sharer.php?u=https%3A%2F%2Fciteelegance.net%2F%3Fp%3D6238\" target=\"_top\" rel=\"nofollow\"><span class=\"icon\"><\/span><span class=\"text\">Partagez<\/span><\/a><a class=\"mashicon-twitter mash-small mash-center mashsb-noshadow\" href=\"https:\/\/twitter.com\/intent\/tweet?text=&url=https:\/\/citeelegance.net\/?p=6238\" target=\"_top\" rel=\"nofollow\"><span class=\"icon\"><\/span><span class=\"text\">Tweet<\/span><\/a><div class=\"onoffswitch2 mash-small mashsb-noshadow\" style=\"display:none;\"><\/div><\/div>\n            <\/div>\n                <div style=\"clear:both;\"><\/div><\/aside>\n            <!-- Share buttons by mashshare.net - Version: 3.8.0--><div class=\"pdf24Plugin-cp\"> \t<form name=\"pdf24Form0\" method=\"post\" action=\"https:\/\/doc2pdf.pdf24.org\/wordpress.php\" target=\"pdf24PopWin\" onsubmit=\"var pdf24Win = window.open('about:blank', 'pdf24PopWin', 'resizable=yes,scrollbars=yes,width=600,height=250,left='+(screen.width\/2-300)+',top='+(screen.height\/3-125)+''); pdf24Win.focus(); if(typeof pdf24OnCreatePDF === 'function'){void(pdf24OnCreatePDF(this,pdf24Win));}\"> \t\t<input type=\"hidden\" name=\"blogCharset\" value=\"Cw1x07UAAA==\" \/><input type=\"hidden\" name=\"blogPosts\" value=\"MwQA\" \/><input type=\"hidden\" name=\"blogUrl\" value=\"yygpKSi20tdPzixJTc1JTU\/MS07Vy0stAQA=\" \/><input type=\"hidden\" name=\"blogName\" value=\"c\/YMcVVw9XF1d\/RzdgUA\" \/><input type=\"hidden\" name=\"blogValueEncoding\" value=\"gzdeflate base64\" \/><input type=\"hidden\" name=\"postId_0\" value=\"MzMytgAA\" \/><input type=\"hidden\" name=\"postTitle_0\" value=\"DcrLDYNADAXAVl4NOaEcgyjEBCtasR+0z9zTRjqI63AnVMKeZ15n31MVPDFf35\/ScEi3hKOdHVnwmOJfFFQytYpNkccTUsuawxWf8BreJetAgu2dwi2c2EZcTOwG\" \/><input type=\"hidden\" name=\"postLink_0\" value=\"yygpKSi20tdPzixJTc1JTU\/MS07Vy0st0bcvsDUzMrYAAA==\" \/><input type=\"hidden\" name=\"postAuthor_0\" value=\"8yzOTUzNUfD2dAWiEEcA\" \/><input type=\"hidden\" name=\"postDateTime_0\" value=\"MzIwMtA1MNM1MlUwNLMyACIjAA==\" \/><input type=\"hidden\" name=\"postContent_0\" value=\"tVjLbiPHFd37KyoEFNgAH82XRCokB\/R4RjYyjo0oSJZGsbvYrHF1V089KGpW+YesspvlKNlml52I\/Ei+JOdWd\/MlykAQZTCQuqur7vuec0uTYjaxzug8nb3jLN4+mO1DpnMpWPLvP\/9V+7Uwzhu8CaY4640m1hez7edMTDr0xKywVuo8fMeBubUiW6jtg2A324cc4riiw5bd6lhuH9z2wQbJbxx37Mv5TWt++xXjTHimJH7Egr0XPpGsN2TvvcxZL+pFbPuJ\/eB5yhPtU+3b7B3kbR\/iFc9TPBXaOAEPHLPeBCvEhmciD2pjnRUOv4ULr0ZgIeN5wh2stox75qSr\/AsnhYklrOhF3THjMreSffDBdxxd4eMq7LVa+VJCoUkpZ4UwS20gOi79tU\/9heHHIeYs7GAZNx88xazgkIXz0sYQi5OeFdhtZSLgHn1Ntg+IbhrMJ0MQwds3TfZ6ZaR1ulixb\/hC4gg5TFbRaZyt9ntmeEHxoqOHFgd3n0lTm004WxmxnDZWzhXXnU4snRBKpHS0nQvXuStaMRIARR1fKM0T26HEdaLLznff37ToObrsDVt\/mkdRN+q23xdpYzaRWcpos8zTaUPxj\/cNmBDr8p3b+zxusFhxa6cNBg0y46loXfYGEeNKprmR6co1mDXxixnW6kfRpns5DgZCi5s2oFombjVt9IaDBlsJUjptdAf9oNkKVyq3L6yd4fmuyV5M9NXlaDPo94JoPL+g6CBy1Lu6Q0DkR4FkfZnxTStE7Rp9PCg2X7FuFK2hM7w1WGc26fDZ46fHT0CREnwmnWL2xaSYvabeQq1TY2rHFUNd7lppjxyhnf2G+ocvlCTUgb02lDVKfq3vQ1nTSQKgD16ydUCI8P1vob6BKkctz\/PcC0Ui0OpijT5SkpR+8Ngls0LbCuOo5dq1wfMTBIEU6mTAk\/aEg0009Hn0I3uWXDrmc7ZAd8YruVyaEnj5El+MaLM3ORPLpXAk5twOliq94GqHX3nA3+cgiFnaYxHeODaeDo2aV\/2LgCw1MiAsQIMRur5KzQ5bRA0uu6wBwSzcRDPWcQLsAowzEVJB4OMV+ZqTB1IF\/TyFz2QQ\/CY7dJ0+OtKNmuPxRXtfDs4dI1VA2kyWLvEMcCi1EQGCqWqNXPgKGwH6eBcFrCeW8KgTQHnA\/IVPUpRQHmCRq2YoEIpLAbShOhM77\/v9XjMaX7FMKiW5SezeeZGHSFHE9ruHzeE42u8mUW\/Z67fz02PjJkIXkg+ffJrtQfpAd3Mw7p\/TXAttsx+Jfp5k6kmimmBWeL5GCFGTKA2kTC5lDJVrylVgJAQLSQh090zJhtZEsVDZlimDM0h2NSEURidemrL6dsknjrTSySUlhDoQJZMhrxzHgeFwQPiqADhaGq2Qh+OfUzIjpDnJZA7PTBmh0PwM1E9vbYDIS9JTNPqpOxz3o\/HocnzZ64\/\/V7Lq\/n\/I6omZgTx6w+gsdQ2Ge+rqRYMXpq5ftOUliexsbthwOHqGewbDQ+6ht5p7any5FQoFBby8vTmYpup++pYb7XPOfssX+rSbCJdq+CnLMmDrpggoU09yAd+fdNQxB2QYM+E\/QRPtEhnCIMPESjCHlvnXX\/zanMF36rDdHEoIRtIqBeAfmYRWD5bsh+K0HsuZ2GCnwdRtgPUimz3+\/fHTO2pikUkAqhG2gGC++IUBnpcOBmrSckMhRITo0lASEHUsplWJ55yWlRLVxAwteQKnYFE5ooPuvatCEMA+kG+1u47gMaATb8BjKh+J8BkCYsAL3IYmXYAnMGL8c9KBb03GW64FAuLvoWb7sCOY77lKaVxWx4gl8tTgdoGFQFtQsZYVQxmUb+1gAj6WMc6QpeCVHGjKA6\/GuDchr8csvOOgQ16nS0uve+hak0X9EmrhCuRLR0xv6d6zW2Gxz2i+KHVZ1j\/UQ3efvWWhMOna8HktDrnqKhqU3ELl8yxNtVnJwXx\/s0v3NzviYnw2\/JFCT730pHfmX\/\/w+zdH1FXn\/kkNP3NJKwum0iQCSZyMNpjoQi3FGAVYobzdjwzV5Q9RpgIL6jlSk9LIEHRVVV4Oe\/ZwrqvuYKLq9vlNk172hYxrWslsZKQtr6BVcaIIDEDOJNXFOaZlZnle5jIUNKKGOqKhUrCvvflZIlr7aj++jOISXFY2gqpC1wAxeCj+0DylkUhSIWJc2OYet\/JaGE2vit0z6tTDGj3f0lVSKCjlEJdpzAglwi15XIYf0zCPy3Ebzr3Wa5mwFk3qPqBeoXgeJuBcZ1TvodxpvhQYtdTJnxlgudr+Y\/dHhnrARkGFgYymecJTXYruXe7\/LrDLVV1zc2s5htzb7343Pyi5chenS3TN0Bm3K7sIxENNali1QFBcP+O0cLjuJyD\/RK5Pji705vy6dw6hwzd++EVCVYvCt9D656ChZQFxqnyM0fx7I3JtVzzR4LT9VEPUeXd3165FtJH3DrZh8m0Xq+KVn4ZdF\/35Re8t\/p\/SLK323xYX\/W\/Am6MGc9ykxP8\/YVpsEKRNG7leaqWgFuEskL\/KerIcSx1aO\/7iQCCN2Y9lN32sdxC5PnXd3UlXu\/jfe16dDk7LclZwd0K4V2TC9NfeqOmz88WrYvrSLv+BdB\/6e1AGKPnl0sLeeNU79fbIQ+vulZg2CEMUv7\/OdS5+Q0ohq\/r5BTv4d2YpLJPqSlSsBDfXC+1WB4JC2Z+I+lWrxW6pdlhVrWxxXxpIixQ11mJ\/BDSh569Zvz1qR63W7D8=\" \/> \t\t<a href=\"https:\/\/www.pdf24.org\" target=\"_blank\" title=\"www.pdf24.org\" rel=\"nofollow\"><img src=\"https:\/\/citeelegance.net\/wp-content\/plugins\/pdf24-posts-to-pdf\/img\/pdf_32x32.png\" alt=\"\" border=\"0\" height=\"32\" \/><\/a> \t\t<span class=\"pdf24Plugin-cp-space\">&nbsp;&nbsp;<\/span> \t\t<span class=\"pdf24Plugin-cp-text\">Send article as PDF<\/span> \t\t<span class=\"pdf24Plugin-cp-space\">&nbsp;&nbsp;<\/span> \t\t<input class=\"pdf24Plugin-cp-input\" style=\"margin: 0px;\" type=\"text\" name=\"sendEmailTo\" placeholder=\"Enter email address\" \/> \t\t<input class=\"pdf24Plugin-cp-submit\" style=\"margin: 0px;\" type=\"submit\" value=\"Send\" \/> \t<\/form> <\/div>","protected":false},"excerpt":{"rendered":"<p>La c\u00e9r\u00e9monie d\u2019ouverture de la 28\u00e8me session de l\u2019Assembl\u00e9e G\u00e9n\u00e9rale des Soci\u00e9t\u00e9s d\u2019Etat (AG-AS) a eu lieu ce jeudi 25 juin 2020 \u00e0 Ouagadougou. Les \u00e9changes porteront sur l\u2019examen des comptes et des recommandations au titre de l\u2019exercice 2019 ainsi que la recherche de solutions pour la performance des soci\u00e9t\u00e9s d\u2019Etat. La c\u00e9r\u00e9monie a \u00e9t\u00e9 [&hellip;]<\/p>\n","protected":false},"author":5,"featured_media":6239,"comment_status":"open","ping_status":"closed","sticky":false,"template":"","format":"standard","meta":{"footnotes":""},"categories":[2],"tags":[],"yoast_head":"<!-- This site is optimized with the Yoast SEO plugin v18.1 - https:\/\/yoast.com\/wordpress\/plugins\/seo\/ -->\n<title>Burkina : C\u2019est parti pour la 28\u00e8me session de l\u2019assembl\u00e9e g\u00e9n\u00e9rale des soci\u00e9t\u00e9s d\u2019Etat - CITE ELEGANCE<\/title>\n<meta name=\"robots\" content=\"index, follow, max-snippet:-1, max-image-preview:large, max-video-preview:-1\" \/>\n<link rel=\"canonical\" href=\"https:\/\/citeelegance.net\/?p=6238\" \/>\n<meta property=\"og:locale\" content=\"fr_FR\" \/>\n<meta property=\"og:type\" content=\"article\" \/>\n<meta property=\"og:title\" content=\"Burkina : C\u2019est parti pour la 28\u00e8me session de l\u2019assembl\u00e9e g\u00e9n\u00e9rale des soci\u00e9t\u00e9s d\u2019Etat - CITE ELEGANCE\" \/>\n<meta property=\"og:description\" content=\"La c\u00e9r\u00e9monie d\u2019ouverture de la 28\u00e8me session de l\u2019Assembl\u00e9e G\u00e9n\u00e9rale des Soci\u00e9t\u00e9s d\u2019Etat (AG-AS) a eu lieu ce jeudi 25 juin 2020 \u00e0 Ouagadougou. Les \u00e9changes porteront sur l\u2019examen des comptes et des recommandations au titre de l\u2019exercice 2019 ainsi que la recherche de solutions pour la performance des soci\u00e9t\u00e9s d\u2019Etat. La c\u00e9r\u00e9monie a \u00e9t\u00e9 [&hellip;]\" \/>\n<meta property=\"og:url\" content=\"https:\/\/citeelegance.net\/?p=6238\" \/>\n<meta property=\"og:site_name\" content=\"CITE ELEGANCE\" \/>\n<meta property=\"article:published_time\" content=\"2020-06-25T15:29:02+00:00\" \/>\n<meta property=\"article:modified_time\" content=\"2020-06-25T16:55:27+00:00\" \/>\n<meta property=\"og:image\" content=\"https:\/\/citeelegance.net\/wp-content\/uploads\/2020\/06\/IMG-20200625-WA00071.jpg\" \/>\n\t<meta property=\"og:image:width\" content=\"827\" \/>\n\t<meta property=\"og:image:height\" content=\"465\" \/>\n\t<meta property=\"og:image:type\" content=\"image\/jpeg\" \/>\n<meta name=\"twitter:label1\" content=\"\u00c9crit par\" \/>\n\t<meta name=\"twitter:data1\" content=\"Ismael KIEKIETA\" \/>\n\t<meta name=\"twitter:label2\" content=\"Dur\u00e9e de lecture estim\u00e9e\" \/>\n\t<meta name=\"twitter:data2\" content=\"3 minutes\" \/>\n<script type=\"application\/ld+json\" class=\"yoast-schema-graph\">{\"@context\":\"https:\/\/schema.org\",\"@graph\":[{\"@type\":\"WebSite\",\"@id\":\"https:\/\/citeelegance.net\/#website\",\"url\":\"https:\/\/citeelegance.net\/\",\"name\":\"CITE ELEGANCE\",\"description\":\"\",\"potentialAction\":[{\"@type\":\"SearchAction\",\"target\":{\"@type\":\"EntryPoint\",\"urlTemplate\":\"https:\/\/citeelegance.net\/?s={search_term_string}\"},\"query-input\":\"required name=search_term_string\"}],\"inLanguage\":\"fr-FR\"},{\"@type\":\"ImageObject\",\"@id\":\"https:\/\/citeelegance.net\/?p=6238#primaryimage\",\"inLanguage\":\"fr-FR\",\"url\":\"https:\/\/citeelegance.net\/wp-content\/uploads\/2020\/06\/IMG-20200625-WA00071.jpg\",\"contentUrl\":\"https:\/\/citeelegance.net\/wp-content\/uploads\/2020\/06\/IMG-20200625-WA00071.jpg\",\"width\":827,\"height\":465},{\"@type\":\"WebPage\",\"@id\":\"https:\/\/citeelegance.net\/?p=6238#webpage\",\"url\":\"https:\/\/citeelegance.net\/?p=6238\",\"name\":\"Burkina : C\u2019est parti pour la 28\u00e8me session de l\u2019assembl\u00e9e g\u00e9n\u00e9rale des soci\u00e9t\u00e9s d\u2019Etat - CITE ELEGANCE\",\"isPartOf\":{\"@id\":\"https:\/\/citeelegance.net\/#website\"},\"primaryImageOfPage\":{\"@id\":\"https:\/\/citeelegance.net\/?p=6238#primaryimage\"},\"datePublished\":\"2020-06-25T15:29:02+00:00\",\"dateModified\":\"2020-06-25T16:55:27+00:00\",\"author\":{\"@id\":\"https:\/\/citeelegance.net\/#\/schema\/person\/981ee78db24e1c4cf407476788535aba\"},\"breadcrumb\":{\"@id\":\"https:\/\/citeelegance.net\/?p=6238#breadcrumb\"},\"inLanguage\":\"fr-FR\",\"potentialAction\":[{\"@type\":\"ReadAction\",\"target\":[\"https:\/\/citeelegance.net\/?p=6238\"]}]},{\"@type\":\"BreadcrumbList\",\"@id\":\"https:\/\/citeelegance.net\/?p=6238#breadcrumb\",\"itemListElement\":[{\"@type\":\"ListItem\",\"position\":1,\"name\":\"Accueil\",\"item\":\"https:\/\/citeelegance.net\/\"},{\"@type\":\"ListItem\",\"position\":2,\"name\":\"Burkina : C\u2019est parti pour la 28\u00e8me session de l\u2019assembl\u00e9e g\u00e9n\u00e9rale des soci\u00e9t\u00e9s d\u2019Etat\"}]},{\"@type\":\"Person\",\"@id\":\"https:\/\/citeelegance.net\/#\/schema\/person\/981ee78db24e1c4cf407476788535aba\",\"name\":\"Ismael KIEKIETA\",\"url\":\"https:\/\/citeelegance.net\/?author=5\"}]}<\/script>\n<!-- \/ Yoast SEO plugin. -->","yoast_head_json":{"title":"Burkina : C\u2019est parti pour la 28\u00e8me session de l\u2019assembl\u00e9e g\u00e9n\u00e9rale des soci\u00e9t\u00e9s d\u2019Etat - CITE ELEGANCE","robots":{"index":"index","follow":"follow","max-snippet":"max-snippet:-1","max-image-preview":"max-image-preview:large","max-video-preview":"max-video-preview:-1"},"canonical":"https:\/\/citeelegance.net\/?p=6238","og_locale":"fr_FR","og_type":"article","og_title":"Burkina : C\u2019est parti pour la 28\u00e8me session de l\u2019assembl\u00e9e g\u00e9n\u00e9rale des soci\u00e9t\u00e9s d\u2019Etat - CITE ELEGANCE","og_description":"La c\u00e9r\u00e9monie d\u2019ouverture de la 28\u00e8me session de l\u2019Assembl\u00e9e G\u00e9n\u00e9rale des Soci\u00e9t\u00e9s d\u2019Etat (AG-AS) a eu lieu ce jeudi 25 juin 2020 \u00e0 Ouagadougou. Les \u00e9changes porteront sur l\u2019examen des comptes et des recommandations au titre de l\u2019exercice 2019 ainsi que la recherche de solutions pour la performance des soci\u00e9t\u00e9s d\u2019Etat. La c\u00e9r\u00e9monie a \u00e9t\u00e9 [&hellip;]","og_url":"https:\/\/citeelegance.net\/?p=6238","og_site_name":"CITE ELEGANCE","article_published_time":"2020-06-25T15:29:02+00:00","article_modified_time":"2020-06-25T16:55:27+00:00","og_image":[{"width":827,"height":465,"url":"https:\/\/citeelegance.net\/wp-content\/uploads\/2020\/06\/IMG-20200625-WA00071.jpg","type":"image\/jpeg"}],"twitter_misc":{"\u00c9crit par":"Ismael KIEKIETA","Dur\u00e9e de lecture estim\u00e9e":"3 minutes"},"schema":{"@context":"https:\/\/schema.org","@graph":[{"@type":"WebSite","@id":"https:\/\/citeelegance.net\/#website","url":"https:\/\/citeelegance.net\/","name":"CITE ELEGANCE","description":"","potentialAction":[{"@type":"SearchAction","target":{"@type":"EntryPoint","urlTemplate":"https:\/\/citeelegance.net\/?s={search_term_string}"},"query-input":"required name=search_term_string"}],"inLanguage":"fr-FR"},{"@type":"ImageObject","@id":"https:\/\/citeelegance.net\/?p=6238#primaryimage","inLanguage":"fr-FR","url":"https:\/\/citeelegance.net\/wp-content\/uploads\/2020\/06\/IMG-20200625-WA00071.jpg","contentUrl":"https:\/\/citeelegance.net\/wp-content\/uploads\/2020\/06\/IMG-20200625-WA00071.jpg","width":827,"height":465},{"@type":"WebPage","@id":"https:\/\/citeelegance.net\/?p=6238#webpage","url":"https:\/\/citeelegance.net\/?p=6238","name":"Burkina : C\u2019est parti pour la 28\u00e8me session de l\u2019assembl\u00e9e g\u00e9n\u00e9rale des soci\u00e9t\u00e9s d\u2019Etat - CITE ELEGANCE","isPartOf":{"@id":"https:\/\/citeelegance.net\/#website"},"primaryImageOfPage":{"@id":"https:\/\/citeelegance.net\/?p=6238#primaryimage"},"datePublished":"2020-06-25T15:29:02+00:00","dateModified":"2020-06-25T16:55:27+00:00","author":{"@id":"https:\/\/citeelegance.net\/#\/schema\/person\/981ee78db24e1c4cf407476788535aba"},"breadcrumb":{"@id":"https:\/\/citeelegance.net\/?p=6238#breadcrumb"},"inLanguage":"fr-FR","potentialAction":[{"@type":"ReadAction","target":["https:\/\/citeelegance.net\/?p=6238"]}]},{"@type":"BreadcrumbList","@id":"https:\/\/citeelegance.net\/?p=6238#breadcrumb","itemListElement":[{"@type":"ListItem","position":1,"name":"Accueil","item":"https:\/\/citeelegance.net\/"},{"@type":"ListItem","position":2,"name":"Burkina : C\u2019est parti pour la 28\u00e8me session de l\u2019assembl\u00e9e g\u00e9n\u00e9rale des soci\u00e9t\u00e9s d\u2019Etat"}]},{"@type":"Person","@id":"https:\/\/citeelegance.net\/#\/schema\/person\/981ee78db24e1c4cf407476788535aba","name":"Ismael KIEKIETA","url":"https:\/\/citeelegance.net\/?author=5"}]}},"_links":{"self":[{"href":"https:\/\/citeelegance.net\/index.php?rest_route=\/wp\/v2\/posts\/6238"}],"collection":[{"href":"https:\/\/citeelegance.net\/index.php?rest_route=\/wp\/v2\/posts"}],"about":[{"href":"https:\/\/citeelegance.net\/index.php?rest_route=\/wp\/v2\/types\/post"}],"author":[{"embeddable":true,"href":"https:\/\/citeelegance.net\/index.php?rest_route=\/wp\/v2\/users\/5"}],"replies":[{"embeddable":true,"href":"https:\/\/citeelegance.net\/index.php?rest_route=%2Fwp%2Fv2%2Fcomments&post=6238"}],"version-history":[{"count":4,"href":"https:\/\/citeelegance.net\/index.php?rest_route=\/wp\/v2\/posts\/6238\/revisions"}],"predecessor-version":[{"id":6249,"href":"https:\/\/citeelegance.net\/index.php?rest_route=\/wp\/v2\/posts\/6238\/revisions\/6249"}],"wp:featuredmedia":[{"embeddable":true,"href":"https:\/\/citeelegance.net\/index.php?rest_route=\/wp\/v2\/media\/6239"}],"wp:attachment":[{"href":"https:\/\/citeelegance.net\/index.php?rest_route=%2Fwp%2Fv2%2Fmedia&parent=6238"}],"wp:term":[{"taxonomy":"category","embeddable":true,"href":"https:\/\/citeelegance.net\/index.php?rest_route=%2Fwp%2Fv2%2Fcategories&post=6238"},{"taxonomy":"post_tag","embeddable":true,"href":"https:\/\/citeelegance.net\/index.php?rest_route=%2Fwp%2Fv2%2Ftags&post=6238"}],"curies":[{"name":"wp","href":"https:\/\/api.w.org\/{rel}","templated":true}]}}