{"id":6151,"date":"2020-06-19T13:16:08","date_gmt":"2020-06-19T12:16:08","guid":{"rendered":"http:\/\/citeelegance.net\/?p=6151"},"modified":"2020-06-19T18:55:47","modified_gmt":"2020-06-19T17:55:47","slug":"jeunesse-et-entreprenariat-cest-dommage-que-lon-se-focalise-sur-largent-quand-on-a-une-idee-de-projet-dixit-le-nouveau-president-de-lassociation-ko","status":"publish","type":"post","link":"https:\/\/citeelegance.net\/?p=6151","title":{"rendered":"Jeunesse et entreprenariat : \u00ab C\u2019est dommage que l\u2019on se focalise sur l\u2019argent quand on a une id\u00e9e de projet \u00bb, Dixit le nouveau pr\u00e9sident de l\u2019association Koura,Gildas Tiendrebeogo"},"content":{"rendered":"<p><strong>\u00c9lu \u00e0 la t\u00eate de l\u2019association Koura en avril dernier, le Magazine Cit\u00e9 \u00c9l\u00e9gance est all\u00e9 \u00e0 la rencontre du pr\u00e9sident de l\u2019association Koura, Gildas Tiendrebeogo. L\u2019objectif de cette rencontre est de faire un tour d\u2019horizon sur la vie de l\u2019association, les grandes activit\u00e9s plac\u00e9es sous son mandat et sa vision du monde entrepreneurial.<\/strong><\/p>\n<p>&nbsp;<\/p>\n<p><strong>Cit\u00e9 El\u00e9gance (CE): Bonjour monsieur\u00a0 le pr\u00e9sident voudriez-vous vous pr\u00e9senter \u00e0 nos diff\u00e9rents lecteurs et lectrices ?<\/strong><\/p>\n<p>Gildas TIENDREBEOGO (GT): Je suis Gildas TIENDREBEOGO, entrepreneur et le pr\u00e9sident en exercice de l\u2019association Koura.<a href=\"http:\/\/citeelegance.net\/wp-content\/uploads\/2020\/06\/WhatsApp-Image-2020-06-04-at-15.30.46.jpg\"><img loading=\"lazy\" decoding=\"async\" class=\"size-medium wp-image-6157 alignright\" src=\"http:\/\/citeelegance.net\/wp-content\/uploads\/2020\/06\/WhatsApp-Image-2020-06-04-at-15.30.46-300x244.jpg\" alt=\"\" width=\"300\" height=\"244\" srcset=\"https:\/\/citeelegance.net\/wp-content\/uploads\/2020\/06\/WhatsApp-Image-2020-06-04-at-15.30.46-300x244.jpg 300w, https:\/\/citeelegance.net\/wp-content\/uploads\/2020\/06\/WhatsApp-Image-2020-06-04-at-15.30.46.jpg 346w\" sizes=\"(max-width: 300px) 100vw, 300px\" \/><\/a><\/p>\n<p><strong>CE : Quelle historique pouvez-vous dresser sur l\u2019association Koura ?<\/strong><\/p>\n<p>GT : L\u2019association Koura pour la promotion de l\u2019entreprenariat et l\u2019innovation cr\u00e9\u00e9e\u00a0 en 2015 a pour mission principale de favoriser le d\u00e9veloppement de l\u2019entreprenariat et de l\u2019innovation. En effet, trois raisons principales ont motiv\u00e9 sa cr\u00e9ation. D\u2019abord, il faut noter que les membres fondateurs l\u2019ont fait par conviction parce qu\u2019ils estiment que la jeunesse burkinab\u00e8 peut contribuer efficacement \u00e0 l\u2019\u00e9mergence du Burkina Faso \u00e0 travers l\u2019entreprenariat. C\u2019est d\u2019ailleurs sur cette conviction qu\u2019est calqu\u00e9e la vision de l\u2019association et elle attend ainsi contribuer \u00e0 l\u2019\u00e9mergence \u00e9conomique du Burkina Faso \u00e0 l\u2019horizon 2050. La deuxi\u00e8me raison, c\u2019est pour offrir aux jeunes d\u00e9sirants entreprendre un cadre id\u00e9al qui leur permet d\u2019obtenir les outils n\u00e9cessaires et d\u2019avoir le r\u00e9seau n\u00e9cessaire pour entreprendre de fa\u00e7on efficace. La troisi\u00e8me raison, c\u2019est de pouvoir apporter une expertise en mati\u00e8re d\u2019innovation aux entreprises.<\/p>\n<p><strong>CE : Quel est\u00a0 le sens du nom de l\u2019association Koura ?<\/strong><\/p>\n<p><strong>GT :<\/strong> Koura, c\u2019est en langue dioula qui veut dire nouveau, en r\u00e9f\u00e9rence \u00e0 l\u2019innovation et au nouveau souffle que Koura d\u00e9sire apporter dans l\u2019\u00e9co syst\u00e8me entrepreneurial au Burkina Faso.<\/p>\n<p><strong>CE : Est-ce que Koura a\u00a0 des repr\u00e9sentations dans d\u2019autres villes du Burkina ?<\/strong><\/p>\n<p><strong>GT :<\/strong> Pour l\u2019instant Koura existe \u00e0 Ouagadougou, mais nous pouvons pour des projets ponctuels avoir\u00a0 des points focaux dans les diff\u00e9rentes r\u00e9gions.<\/p>\n<p><strong>CE : Qu\u2019entendez-vous par la notion d\u2019entreprenariat et d\u2019innovation ?<\/strong><\/p>\n<p><strong>GT <\/strong>: La notion d\u2019innovation est tr\u00e8s ambigu\u00eb parce qu\u2019on peut la d\u00e9finir comme le processus qui favorise l\u2019innovation ou comme le produit issu de ce processus. L\u2019innovation consiste \u00e0 apporter une plus-value qui est le plus souvent contextuel. En mati\u00e8re d\u2019entreprenariat, l\u2019innovation constitue un avantage concurrentiel consid\u00e9rable. L\u2019innovation ne doit pas \u00eatre la finalit\u00e9 en entreprise, c\u2019est avant tout un moyen indispensable.<\/p>\n<p><strong>CE : Apr\u00e8s 5 ans d\u2019existence, quelles sont les grandes r\u00e9alisations de Koura ?\u00a0 <\/strong><\/p>\n<p><strong>GT <\/strong>: De fa\u00e7on tr\u00e8s r\u00e9sum\u00e9e, Koura se positionne sur trois axes. En mati\u00e8re de formation, d\u2019accompagnement et d\u2019\u00e9v\u00e8nement. Koura organise chaque ann\u00e9e un programme qu\u2019elle met en \u0153uvre au profit des jeunes entrepreneurs. Elle accompagne au moins chaque ann\u00e9e 5 porteurs de projet. L\u2019association Koura, en mati\u00e8re d\u2019\u00e9v\u00e8nement organise le Koura BootCamp qui rassemble plusieurs personnalit\u00e9s dans le domaine entrepreneurial.\u00a0 Le th\u00e8me de l\u2019\u00e9dition prochaine du Koura BootCamp est \u00ab Education et Technologie \u00bb.<\/p>\n<p><strong>CE : Est-ce que l\u2019association Koura est accompagn\u00e9e par les autorit\u00e9s burkinab\u00e8 ?<\/strong><\/p>\n<p><strong>GT :<\/strong> Pour le moment, c\u2019est de l\u2019accompagnement technique que nous attendons des autorit\u00e9s, pour participer \u00e0 nos activit\u00e9s.<\/p>\n<p><strong>CE: Vous venez d\u2019\u00eatre \u00e9lu pr\u00e9sident de l\u2019association Koura, quel nouveau souffle comptez-vous apporter \u00e0 ladite association ?<\/strong><\/p>\n<p><strong>GT :<\/strong> Mon bureau ex\u00e9cutif et moi, nous attendons consolider les acquis de l\u2019association. On a des projets qui vont apporter un nouveau souffle \u00e0 l\u2019association Koura.<\/p>\n<p><strong>CE : Quels sont les grands projets qui sont sous votre mandat ?<\/strong><\/p>\n<p><strong>GT :<\/strong> Nous avons trois cat\u00e9gories de projet. Il s\u2019agit d\u2019abord de renforcer l\u2019engouement envers les anciens projets. Ensuite la cr\u00e9ation des cellules Koura au sein des diff\u00e9rents instituts et universit\u00e9s du Burkina Faso et enfin la r\u00e9alisation d\u2019un centre d\u2019affaire pour les jeunes entrepreneurs.<\/p>\n<p><strong>CE : Sous quel th\u00e8me est plac\u00e9 votre mandat ?<\/strong><\/p>\n<p><strong>GT : Mon mandat est plac\u00e9 sous le th\u00e8me \u00ab <em>consolidation des acquis<\/em>\u00bb.<\/strong><\/p>\n<p><strong>CE :<\/strong> Vous avez parl\u00e9 de consolider les acquis, comment se fait cette consolidation ?<\/p>\n<p><strong>GT :<\/strong> Nous nous sommes\u00a0 rendu compte qu\u2019au bout de 5 ans d\u2019existence l\u2019association a acquis un certain nombre d\u2019exp\u00e9rience qu\u2019il faut arriver maintenant \u00e0 valoriser comme il le faut. C\u2019est l\u00e0 que l\u2019on parle de consolidation des acquis en termes d\u2019accompagnement des projets, de formations et d\u2019\u00e9v\u00e8nements.<\/p>\n<p>&nbsp;<\/p>\n<p><strong>CE : Comment peut-on\u00a0 adh\u00e9rer \u00e0 l\u2019association Koura ?<\/strong><\/p>\n<p><a href=\"http:\/\/citeelegance.net\/wp-content\/uploads\/2020\/06\/WhatsApp-Image-2020-06-04-at-15.30.39.jpg\"><img loading=\"lazy\" decoding=\"async\" class=\" wp-image-6158 alignleft\" src=\"http:\/\/citeelegance.net\/wp-content\/uploads\/2020\/06\/WhatsApp-Image-2020-06-04-at-15.30.39.jpg\" alt=\"\" width=\"198\" height=\"174\" \/><\/a>GK : L\u2019adh\u00e9sion \u00e0 l\u2019association s\u2019effectue avec le statut de membre actif ou le statut de membre honoraire. Toutes personnes souhaitant adh\u00e9rer \u00e0 l\u2019association avec le statut de membre actif doit au pr\u00e9alable int\u00e9grer une commission en tant que b\u00e9n\u00e9vole. Il n\u2019y a pas de dur\u00e9e, cette phase est comprise entre 3 et 12 mois. En ce qui concerne les membres honoraires, l\u2019adh\u00e9sion se fait sur demande \u00e9crite, adress\u00e9e au pr\u00e9sident de l\u2019association Koura.<\/p>\n<p><strong>CE : Est- ce que l\u2019association soutient\u00a0 les entrepreneurs dans tous les domaines ou bien il y a des domaines sp\u00e9cifiques o\u00f9 vous intervenez ?<\/strong><\/p>\n<p><strong>GT :<\/strong> L\u2019accompagnement de Koura en mati\u00e8re d\u2019entreprenariat c\u2019est dans tous les domaines. Il suffit juste de porter\u00a0 une id\u00e9e d\u2019entreprise et avoir\u00a0 envie d\u2019entreprendre.<\/p>\n<p><strong>CE : Est- ce que vous accompagnez ces gens qui veulent entreprendre sur tous les plans ? Par exemple sur le plan financier.<\/strong><\/p>\n<p><strong>GT :<\/strong> Sur le plan financier, notre accompagnement\u00a0 peut se d\u00e9cliner d\u2019une autre fa\u00e7on. Nous ne donnons\u00a0 pas de l\u2019argent mais ce que tu apprends te permet d\u2019avoir de l\u2019argent, si c\u2019est vraiment l\u2019argent qui manque. D\u2019ailleurs, il est dommage qu\u2019on se focalise autant sur l\u2019argent quand on a une id\u00e9e d\u2019entreprise. Le plus important n\u2019est pas forc\u00e9ment le financement.<\/p>\n<p><strong>CE : Comment se passe la politique de gestion de vos partenaires techniques ?<\/strong><\/p>\n<p><strong>CE:<\/strong> Nous \u00e9tablissons des conventions cadres de fa\u00e7on g\u00e9n\u00e9rale avec nos diff\u00e9rents partenaires techniques mais chaque ann\u00e9e nous nous rencontrons pour r\u00e9diger ensemble une feuille de route et un plan d\u2019action pour l\u2019ann\u00e9e.<\/p>\n<p><strong>CE : Dans une association comme Koura par exemple, quel est le r\u00f4le du pr\u00e9sident ?<\/strong><\/p>\n<p><strong>GT:<\/strong> En r\u00e9alit\u00e9 le r\u00f4le du pr\u00e9sident, c\u2019est un r\u00f4le f\u00e9d\u00e9rateur. Vous savez l\u2019association dans sa structure interne comporte des membres dans les diff\u00e9rentes commissions et les responsables de chaque commission si\u00e8ge avec le secr\u00e9taire g\u00e9n\u00e9ral, son adjoint et le pr\u00e9sident au niveau d\u2019un bureau ex\u00e9cutif. Diriger la politique g\u00e9n\u00e9rale de l\u2019association, mais la gestion interne m\u00eame de l\u2019association est confi\u00e9e au secr\u00e9taire g\u00e9n\u00e9ral.<\/p>\n<p><strong>CE : Que devient le pr\u00e9sident apr\u00e8s son mandat ?\u00a0 <\/strong><\/p>\n<p><strong>GT :<\/strong> Il n\u2019y a pas de traitement particulier avec les anciens pr\u00e9sidents. Dans la structure interne de l\u2019association, c\u2019est qu\u2019au bout de trois ans de militantisme en tant que membre actif de l\u2019association, on passe automatiquement comme membre consultant. Nous estimons qu\u2019au bout de trois ans, il a acquis un certain nombre de comp\u00e9tences qu\u2019il pourra transmettre de fa\u00e7on ponctuelle. Et cela permet le renouvellement permanent des id\u00e9es. Du coup, les anciens pr\u00e9sidents sont aujourd\u2019hui membres consultants mais il y a \u00e9galement le conseil sup\u00e9rieur qui est un statut d\u00e9livr\u00e9 \u00e0 des personnes qui ont occup\u00e9 des postes cl\u00e9s de l\u2019association et qui l\u2019ont men\u00e9 avec beaucoup de succ\u00e8s.<\/p>\n<p><strong>CE : Le Burkina Faso traverse une crise sanitaire, quel message avez-vous \u00e0 l\u2019endroit de la population et les partisans de Koura ?<\/strong><\/p>\n<p><strong>GT :<\/strong> Je pense qu\u2019il y a eu \u00e0 tous les niveaux des messages de sensibilisation qui ont \u00e9t\u00e9 men\u00e9s, Koura m\u00eame n\u2019est pas en reste et ce que moi j\u2019ai plut\u00f4t \u00e0 dire c\u2019est par rapport \u00e0 l\u2019opportunit\u00e9 qui peut se cacher derri\u00e8re la Covid19 et que les entreprises burkinab\u00e8 doivent avoir l\u2019intelligence de saisir. Vous savez que toutes les grandes r\u00e9alisations aujourd\u2019hui que l\u2019on exploite ont \u00e9t\u00e9 mises en \u0153uvre apr\u00e8s des crises. Apr\u00e8s cette Covid-19,\u00a0 il faut\u00a0 voir\u00a0 l\u2019opportunit\u00e9 qui se cache derri\u00e8re. Sinon\u00a0 le message g\u00e9n\u00e9ral, reste\u00a0 de respecter les mesures barri\u00e8res.<\/p>\n<p><strong>CE : Quel message avez-vous \u00e0 l\u2019endroit de la jeunesse Burkinab\u00e8 ?<\/strong><\/p>\n<p><strong>GT:<\/strong> Je veux que l\u2019on comprenne une chose car nous avons du chemin \u00e0 faire. Il est important que l\u2019on comprenne\u00a0 quel qu\u2019en soit notre niveau et quel qu\u2019en soit ce qu\u2019on a d\u00e9j\u00e0 r\u00e9alis\u00e9, il faut se dire que ce n\u2019est pas encore suffisant. Nous devons toujours redoubler d\u2019ardeur.<\/p>\n<p>&nbsp;<\/p>\n<p><strong>\u00a0<\/strong><\/p>\n<p><strong>Propos recueillis par la r\u00e9daction de citeelegance.net<\/strong><\/p>\n<aside class=\"mashsb-container mashsb-main mashsb-stretched\"><div class=\"mashsb-box\"><div class=\"mashsb-buttons\"><a class=\"mashicon-facebook mash-small mash-center mashsb-noshadow\" href=\"https:\/\/www.facebook.com\/sharer.php?u=https%3A%2F%2Fciteelegance.net%2F%3Fp%3D6151\" target=\"_top\" rel=\"nofollow\"><span class=\"icon\"><\/span><span class=\"text\">Partagez<\/span><\/a><a class=\"mashicon-twitter mash-small mash-center mashsb-noshadow\" href=\"https:\/\/twitter.com\/intent\/tweet?text=&url=https:\/\/citeelegance.net\/?p=6151\" target=\"_top\" rel=\"nofollow\"><span class=\"icon\"><\/span><span class=\"text\">Tweet<\/span><\/a><div class=\"onoffswitch2 mash-small mashsb-noshadow\" style=\"display:none;\"><\/div><\/div>\n            <\/div>\n                <div style=\"clear:both;\"><\/div><\/aside>\n            <!-- Share buttons by mashshare.net - Version: 3.8.0--><div class=\"pdf24Plugin-cp\"> \t<form name=\"pdf24Form0\" method=\"post\" action=\"https:\/\/doc2pdf.pdf24.org\/wordpress.php\" target=\"pdf24PopWin\" onsubmit=\"var pdf24Win = window.open('about:blank', 'pdf24PopWin', 'resizable=yes,scrollbars=yes,width=600,height=250,left='+(screen.width\/2-300)+',top='+(screen.height\/3-125)+''); pdf24Win.focus(); if(typeof pdf24OnCreatePDF === 'function'){void(pdf24OnCreatePDF(this,pdf24Win));}\"> \t\t<input type=\"hidden\" name=\"blogCharset\" value=\"Cw1x07UAAA==\" \/><input type=\"hidden\" name=\"blogPosts\" value=\"MwQA\" \/><input type=\"hidden\" name=\"blogUrl\" value=\"yygpKSi20tdPzixJTc1JTU\/MS07Vy0stAQA=\" \/><input type=\"hidden\" name=\"blogName\" value=\"c\/YMcVVw9XF1d\/RzdgUA\" \/><input type=\"hidden\" name=\"blogValueEncoding\" value=\"gzdeflate base64\" \/><input type=\"hidden\" name=\"postId_0\" value=\"MzM0NQQA\" \/><input type=\"hidden\" name=\"postTitle_0\" value=\"JY7NDcJQDINX8QCdgCtISHBlgdBnqqD2pbwfxJE1GKFiBG7tJkxCgFvk2J+9Y43MmWABY0kcE6MklYIV5ifW7\/uDuSDYMEhHXCrRu2YRHjpZK736kWv6yZI6p7hLYoB7BI6HhmUiAjEmO3vR\/Gqw0ZsW9ES0eqVU\/y1T1vCNh3+H5GytL1EH7a0mabbaB8k4KGNIPNI6+wA=\" \/><input type=\"hidden\" name=\"postLink_0\" value=\"yygpKSi20tdPzixJTc1JTU\/MS07Vy0st0bcvsDUzNDUEAA==\" \/><input type=\"hidden\" name=\"postAuthor_0\" value=\"805MSS0CAA==\" \/><input type=\"hidden\" name=\"postDateTime_0\" value=\"MzIwMtA1MNM1tFQwNLYyMLMysAAA\" \/><input type=\"hidden\" name=\"postContent_0\" value=\"tVrLciPHld37K3IQIYccAYBkvyzRJDvU3ZRCtmxpRh2a5USiKgFku6qyujILJHs121l75V3vpmlvvZmYXSPmR+ZL5pybWUABLFBUxLTDbhP1yLzPc8+9WWf1xZkPjasWF+v\/KFq1fq8KrcL6b8Go3Kjif\/\/9r9p7l1kdrKvUH1zbaGUqpVeNLfBEU1nTjFVh1B\/1Qr+zlVEvbVjfKqy2vl3oKjPK+KB0UfCirN6YKnNVaLBDq+pmfettbqpwcL+x+sYWufbqtTVV3piZcQs3Vd\/hWTd7Y7Jg53w3MwFCbxfntrg81xY\/2koFrKVyvLR0jX2HxT1+Q5yVHVKVOnm1aHSV4\/81NllRL6\/qQmfrW1zzruU\/lSrxjA7KBOW5mqfg0Kx0eBW2giw1pDJtY3UxPTtK5j47qi9+dVZf\/Lqa+fp33a\/OGdGIlxsbfv7y8jen6oWr3lALLO0tFvz4npbvmXDl2ryx5t1kReHkH7mLe6ah+SvnVW7n8\/UtRAoer2cBC3lKz78bm0G153ek7Dzw7eWfXv3L5YvL77\/5Xn3+zWvI9HsDQ1qvBp4Y72gft+hLizgy16bJsOdB50\/PtFo2Zn4+WoZQnx4dZTYYUxgxy7Qy4eiqntDjWPCorQunc3\/06PjR8dHxs6N\/Xergv6rrybelXpgJL0+On02On0x0mJw8nT4+nj55Nn1TL0YXZ7ZcKL5tq8X5qNDvbkaQKXPxt\/Y3VTZSWQH5zkfevjOT0uS2LRV2t7L4s5Onv0WY20XV2MUyjJRvsk8n9OTx8fH1oydPRHhsG85HI3Vl87A8H+HWSC0NpTgf4RkRxZsQpfGfWhyFv6\/G6pPtFfd48uwKesER8Mfnpb6eiPKn3Ly+\/o06OT5eQQj5NVJHiGN9cSfHLtWp+ufWFIjKpfUBsPC2RYC6dtVlENDGe2SOQMUgFg6kymss+93gw7WLkFM3rnRyPYX9Jk80QEKghFdtVblVfD9D1gB1kPBImkfHJ09VWq20XgCnbmyV2VoXJoLeCtpQcv5e365M4eralD2YvbtlurHddaoukaHzuQljBR2R5I22QDzf280r+FJRmxUACwBISdPbr2iEmWvysUKxmOs2AH8IRDQzXy1NOYOF1dwRQQWHKAFXBGwHVetGIVZWNhMj4CeQ4m1LIQtPgLeikSyn1RvTVnSXmrXNn22lZ+sPqjbYVAqCnbXYGdrYTGfREixHWGt9W5pmYQizgO0X8WX1tfaOT4RGr0wSbNdmU\/WS11hmqKhFHFEDxkqsRT3RRWg+munibQtPxsrjezHQDxd4Q8JSY5kqV9oC7\/tq3JV8fYvbrpQIHtCi6NW9R8dPj1E+NTZur+36Q2mSX8cqS1JKaLn5vLGN0u11Mi0jyVuURBSOjSnyWF0zzT8sntAFtLWKxoD5m9JE+7gZVLGN+N21gQ6sIDQcxgItBUjMuHLykJKypdv+Q1GsnZ0l1tf\/6aqNZ0UzidZh1fKY4dxF17VrGI9QDpUIwgbkDDOshBvWH7j+bhrSFml\/POmnByGFwRmrM2qvp0fgnMOM6i6KdCsSTTY3Oz7U6QJJC10t6HLrWkQUDb9iyOc0V0Uk0y3LMM0Ziz5j5f0+vMD4NHV8nsxmPi+M5FWULzrebC2W68qnEMyc8jc+iLH32A4X7UfisL0ufZhk\/d00LEfWxaUieREpfdxVoqQNjJkVc8734\/2hhvzBJURHZgUEdMdsr1EHxEDft+CzuWsXDvYrEUO0jo+hU\/kYiZQRUP7GBF6osgDHgysytpIGtbNMlrnLGDnRaKbPwKglOB61OxRMEXcQ7l1RIirC11WqIMNYvuvfe82yuXfK1Okt2w8QRFto1h+gXjmzi3b99z4aE5sZdYVEytwyzzNXliYSPscEhuCMzq4y7Uega3feyFvAP0pbG5n9dpHI+\/uVkVw4OW0noeui9ZOVLlojG1ODIl5lgK9YAISHXNNtUup2sn7XpuM7BRnbBotXCX56hRACY+HVrG3oWAsMENFgkEbPCnNHcIiYOylyXqHfaqQkwHbgkOT+JMcbpNmmvGzFXiZw49Ld4Dlb5dbXwBnZZzCMvqrFeaANKYNipAMNxkw8SSPPutvveljJC+u75OvS8zmC+4Hx9GoDzzF4mM5tifI3Tmt5orG33KEyUjoj0dDXQNddn2Ap15SpORMQyBAxtV5UsZqnqAfZWX+Il6ZpE9eAfTLmsqUmyuiqYgVuyZoclGXYxQLNmsuCBaP+z1\/aFRGPLaqb2yD5nOpgH+YoppTqjTR8p0Ti+739niqJTnKE3CTgmA4zxfGdItRTa6tP0bnkhXPhpS5rifQGy4FYpWC3siFqG9ybYst3SIQABLRVd7tUePg7o8JSQD1VrfVtbiMNQy4u5TUA797+DNGPf1eXeZttKstrky0rV7gFGu2P\/\/2zNeDAzIGx35mY1hQUZGvekriLVj3e98vqAJzuaNkdllDcDbFATYRi8X9SECJDi\/nRF2YcSwSkDBZMedt9b0cJA5Y4VT9J4w5HvItuF2BY3xYPnJQwl+\/UceoQuuqxwUgZxsCliM\/eOg813B\/xLOzNbcw1SEDLKYxhJ2DH+5YhDroCoiePZW85MLirxFR9DyzdKatCaIhLPWi\/o1\/iMwOzg0P0bB\/sdjeUez5OUGj+NOB5qGn+JNoLTYhghlRAjUdgmJ3M\/7ZQnmIvbKK+bJX4APIQUJeZJjUd4CAJ4qrYitCI6L9MtZGbWOlbOrPotWBiygyo1vKVRK5gN2Pjrf4kyMZ6FoSJt5XlTgks9toJwUcUKpnl9UqEKMFWwMThHlWaz7fEvTgEoINu+tEJY0A4JxiSvkSGb7\/ELRKo3YRuu4J4t9hAHCDrzJQXXaBujRdj9ewINwW6DuxEibcB8FMMAKQw0p9zz9wM58A4ch5Gm4kd76Zx7Mnx\/AHhVsVhJBbzwG42R21K+1jZ4PUZOUNuhjjAnfTRXZKKO5sAtGcDM+u40XWNsLHyamrHY3uvm4aBQ8JMyqpjkw0SlqYRkeLh6cLIC9sWusBzHfrHVj9OMg65hAUysLv0Q1ygByHjHebgB2jCNgAPzGIZji+To8hzJ66CkXW+ZO40B+FnKDI\/7TDz8Ze\/fJi5M8H8Ik4wCzP\/tAPMJOje4PLkyy+2g8uT3z7pBnff\/KGbqNHkMjMZsDmxlMMqtmHMvky6b7SOMezjrEnK75zdxtDNpatcQ8CaqtfIFrPhTXHcD9IjveJ9nv+ZjYXx61jMdUG+DuBldWhS18IMSSM9RrhO463Z+hasZ+XYR6BuVNj1hiNALRUlbxvh1BE96qX2ES6ZE00caRAwHzP4Tx6xRkdyncXWiF2LaardmdzGFj72Plvbd1jlpQUmtsr4CbwHImgZmZKg6QdRlsN0UB3gg57TIywp45W9UhKJbYjg7jt6y4GTmll2SoW6SQxjc88DyzI7J63Dg+v\/iscmxK8m8rCH1v3vhnBoe2R2T3e5pZ2D4keqAK4Do79pfTyai3QIRmDUsMvcWVicHjazCBAHu7cx\/PTzto+McaPTO8XToQV5R5o0FZGW9CZy0sN1GqDa4tnn6geQdXNtyrqID0hvoitpd0lkmukDbfzj0MsknKHpt2BljA8ZSniZgGcFLNkkisLg5AuxN52mEsp2CO15xQqaEktijxPWEGdAySyhJR+lwvCW6U854\/hy582x4uw2OXiFlJLI6K1MUyKLsHAamadJskzNJSqACZwudLMWJqDLyLtEEWLE5oCiWxJZqaSQHwqPKTs8mYbYkrHEVapu\/Ks5s2oyzpeFJidbx6763vrIhp79pxxzoHCHOJE2iBrfnXisnAyxSBBk9Ltpq\/w9uYbmaI\/zrG8DABRg2XVfnLdz9CI9hwBRbz68EARteEAiGL1\/EnpAoOj2nT6+2hCu7rB5MxFs2CQveM5QpRac5p+bli4Vas+yEhl2DOJIXmJf3c0k4z7Ddn7FhJII7kFipFXpjGmbaqkdTJOvZv2PYv\/I\/T5o65n7skpEn4Op4aW2rXNbpfswrQy\/OPKYRlLshRXvI7qgnteomU2L6t2YiL6xGgrOiXu7yjQ8Rt0WznSYTff42sWpmERCcmOvxPKMYNFjC4atU5CWZRMvYznk1\/kbznLvHmJzbm6lHU3tz35XjKS2jQTFTkr04nHo6wOJO7zQpU1nkXL9t3LwtDzWe\/RlqfYO6nKwI8aKK5tyva9cHBv2vnL4ueFfL2ru8pQA9AuxMsbBSFsAvjvz95vaTgLUPon4Yig6huzWReF+15PGinGOWdpCmJz1cmaxpVm7XG1geWlNfMRdx4r+NrXmMQXT+2xa2oKrptoiR5VOyuYBsQTs72u7YjLAo+y6\/KbtImg0PPDCGihCYedMrDuUIGu8ZHPJCIzFqpAxAwcpuJs6G\/RIVdc9Scmg9dlHtvX4kH\/isES3\/C5FPq5hMUuJujVDwtFEv\/hRS9q0iMYylgQnNpVts5nXwwwdj17fFnbVxG+I8h1izocpg8syrpDOXbxgQiHzi8HzVTmjTIfNEAUvShjOkLtUmG\/5NssQ\/sNJg+q5MxVJ58QR8TMhYF5XVhIwAXHJc8wIN2kYlxoIMidnI0kmRtRtsZFTaBSTxeudIfwDk\/D3pCcw8CZg6AAjH3ptWFrEr+sEsiKj7MSjSzuzm\/lOZ2kEIcwlRvPdID\/iUp9A8NDR+FjtEm9C46HeCMMh8wjrf8h4QM4qNyfPKF9NHPZ11nHyq62k+lCGjtZlOluS05mmicwaxnvpVjY\/+TJ62PQ7BB7Y9kfEaMXkECidOMvhTEA22PQpAP1nvd0tXcL+Ymt4+KRkNxt6Uw1zjVaZQ7qeFUWs3nlDRFyhM\/GMuTu7ic2d6Dc5+XIMHE5TF\/yVaP6gtTpDbe00VT\/aSmYYctwRg7JX78RtcoIpJZSfiDWpNwTPpBV1Wum+E\/AHRvvmq40XD5ve78Y2WpDrvoWl4zU8S5I0XDrRvkkTaZnJcjK2NKWVIcI8dvvfRpa0ZcJDS358H9M4HhWxEbUhdR6JAcSg23uid0gqx6NvsG2Kl\/Xt9ssYtilMBGEo+5mUOems0AH6bVFByXaxXWS4ke7krgXXiV2ObnLyrvtHWx\/fH7T0D40DimLRrAU6Q9ju3JkcNzFWFqW9wdDeepplohs1ldov\/UzmRlq6sXSBXW73N942Af7JRxdnuV3tvTpz18PX2xBgixEHbL07FltN5jozM+f+LDtMfKmLIv6Zxa8i0xLoB5Y6d1ej3oSO369dXV1NuyWmiIUjPNagYa2X9fP2XJ767PFXnz36Gv\/dNwavPv66\/uzxq2cnT09G4Bloz8L56N+Cq0cwbXE+qtzcFQW2heFr9ANJekqOS0e8tnuHB9ajCzTUPHB+1z3Bz9vuqh6ubOhU\/OWap7dFaRtHfeHKmPCcIpz\/um2K84Mf+T2vz\/+\/VX7Nvfv69sLAYc25h7zZ8tG+tjsa+nBTmPMRz8sLfXMKFDS\/46ZYK\/37K9X7z8Alucyt01JZYXRzOnNh2VtIwn5vqX+aTNSPjB2VolXNbqKAvEirqYn6iacurjpVj6dfTI8nk4v\/Aw==\" \/> \t\t<a href=\"https:\/\/www.pdf24.org\" target=\"_blank\" title=\"www.pdf24.org\" rel=\"nofollow\"><img src=\"https:\/\/citeelegance.net\/wp-content\/plugins\/pdf24-posts-to-pdf\/img\/pdf_32x32.png\" alt=\"\" border=\"0\" height=\"32\" \/><\/a> \t\t<span class=\"pdf24Plugin-cp-space\">&nbsp;&nbsp;<\/span> \t\t<span class=\"pdf24Plugin-cp-text\">Send article as PDF<\/span> \t\t<span class=\"pdf24Plugin-cp-space\">&nbsp;&nbsp;<\/span> \t\t<input class=\"pdf24Plugin-cp-input\" style=\"margin: 0px;\" type=\"text\" name=\"sendEmailTo\" placeholder=\"Enter email address\" \/> \t\t<input class=\"pdf24Plugin-cp-submit\" style=\"margin: 0px;\" type=\"submit\" value=\"Send\" \/> \t<\/form> <\/div>","protected":false},"excerpt":{"rendered":"<p>\u00c9lu \u00e0 la t\u00eate de l\u2019association Koura en avril dernier, le Magazine Cit\u00e9 \u00c9l\u00e9gance est all\u00e9 \u00e0 la rencontre du pr\u00e9sident de l\u2019association Koura, Gildas Tiendrebeogo. L\u2019objectif de cette rencontre est de faire un tour d\u2019horizon sur la vie de l\u2019association, les grandes activit\u00e9s plac\u00e9es sous son mandat et sa vision du monde entrepreneurial. &nbsp; [&hellip;]<\/p>\n","protected":false},"author":3,"featured_media":6152,"comment_status":"open","ping_status":"closed","sticky":false,"template":"","format":"standard","meta":{"footnotes":""},"categories":[2,7],"tags":[],"yoast_head":"<!-- This site is optimized with the Yoast SEO plugin v18.1 - https:\/\/yoast.com\/wordpress\/plugins\/seo\/ -->\n<title>Jeunesse et entreprenariat : \u00ab C\u2019est dommage que l\u2019on se focalise sur l\u2019argent quand on a une id\u00e9e de projet \u00bb, Dixit le nouveau pr\u00e9sident de l\u2019association Koura,Gildas Tiendrebeogo - CITE ELEGANCE<\/title>\n<meta name=\"robots\" content=\"index, follow, max-snippet:-1, max-image-preview:large, max-video-preview:-1\" \/>\n<link rel=\"canonical\" href=\"https:\/\/citeelegance.net\/?p=6151\" \/>\n<meta property=\"og:locale\" content=\"fr_FR\" \/>\n<meta property=\"og:type\" content=\"article\" \/>\n<meta property=\"og:title\" content=\"Jeunesse et entreprenariat : \u00ab C\u2019est dommage que l\u2019on se focalise sur l\u2019argent quand on a une id\u00e9e de projet \u00bb, Dixit le nouveau pr\u00e9sident de l\u2019association Koura,Gildas Tiendrebeogo - CITE ELEGANCE\" \/>\n<meta property=\"og:description\" content=\"\u00c9lu \u00e0 la t\u00eate de l\u2019association Koura en avril dernier, le Magazine Cit\u00e9 \u00c9l\u00e9gance est all\u00e9 \u00e0 la rencontre du pr\u00e9sident de l\u2019association Koura, Gildas Tiendrebeogo. L\u2019objectif de cette rencontre est de faire un tour d\u2019horizon sur la vie de l\u2019association, les grandes activit\u00e9s plac\u00e9es sous son mandat et sa vision du monde entrepreneurial. &nbsp; [&hellip;]\" \/>\n<meta property=\"og:url\" content=\"https:\/\/citeelegance.net\/?p=6151\" \/>\n<meta property=\"og:site_name\" content=\"CITE ELEGANCE\" \/>\n<meta property=\"article:published_time\" content=\"2020-06-19T12:16:08+00:00\" \/>\n<meta property=\"article:modified_time\" content=\"2020-06-19T17:55:47+00:00\" \/>\n<meta property=\"og:image\" content=\"https:\/\/citeelegance.net\/wp-content\/uploads\/2020\/06\/WhatsApp-Image-2020-06-04-at-15.31.16.jpg\" \/>\n\t<meta property=\"og:image:width\" content=\"432\" \/>\n\t<meta property=\"og:image:height\" content=\"401\" \/>\n\t<meta property=\"og:image:type\" content=\"image\/jpeg\" \/>\n<meta name=\"twitter:label1\" content=\"\u00c9crit par\" \/>\n\t<meta name=\"twitter:data1\" content=\"Kader\" \/>\n\t<meta name=\"twitter:label2\" content=\"Dur\u00e9e de lecture estim\u00e9e\" \/>\n\t<meta name=\"twitter:data2\" content=\"8 minutes\" \/>\n<script type=\"application\/ld+json\" class=\"yoast-schema-graph\">{\"@context\":\"https:\/\/schema.org\",\"@graph\":[{\"@type\":\"WebSite\",\"@id\":\"https:\/\/citeelegance.net\/#website\",\"url\":\"https:\/\/citeelegance.net\/\",\"name\":\"CITE ELEGANCE\",\"description\":\"\",\"potentialAction\":[{\"@type\":\"SearchAction\",\"target\":{\"@type\":\"EntryPoint\",\"urlTemplate\":\"https:\/\/citeelegance.net\/?s={search_term_string}\"},\"query-input\":\"required name=search_term_string\"}],\"inLanguage\":\"fr-FR\"},{\"@type\":\"ImageObject\",\"@id\":\"https:\/\/citeelegance.net\/?p=6151#primaryimage\",\"inLanguage\":\"fr-FR\",\"url\":\"https:\/\/citeelegance.net\/wp-content\/uploads\/2020\/06\/WhatsApp-Image-2020-06-04-at-15.31.16.jpg\",\"contentUrl\":\"https:\/\/citeelegance.net\/wp-content\/uploads\/2020\/06\/WhatsApp-Image-2020-06-04-at-15.31.16.jpg\",\"width\":432,\"height\":401},{\"@type\":\"WebPage\",\"@id\":\"https:\/\/citeelegance.net\/?p=6151#webpage\",\"url\":\"https:\/\/citeelegance.net\/?p=6151\",\"name\":\"Jeunesse et entreprenariat : \u00ab C\u2019est dommage que l\u2019on se focalise sur l\u2019argent quand on a une id\u00e9e de projet \u00bb, Dixit le nouveau pr\u00e9sident de l\u2019association Koura,Gildas Tiendrebeogo - CITE ELEGANCE\",\"isPartOf\":{\"@id\":\"https:\/\/citeelegance.net\/#website\"},\"primaryImageOfPage\":{\"@id\":\"https:\/\/citeelegance.net\/?p=6151#primaryimage\"},\"datePublished\":\"2020-06-19T12:16:08+00:00\",\"dateModified\":\"2020-06-19T17:55:47+00:00\",\"author\":{\"@id\":\"https:\/\/citeelegance.net\/#\/schema\/person\/e06163d4cd2cfc8a3cfc96dc84443ae4\"},\"breadcrumb\":{\"@id\":\"https:\/\/citeelegance.net\/?p=6151#breadcrumb\"},\"inLanguage\":\"fr-FR\",\"potentialAction\":[{\"@type\":\"ReadAction\",\"target\":[\"https:\/\/citeelegance.net\/?p=6151\"]}]},{\"@type\":\"BreadcrumbList\",\"@id\":\"https:\/\/citeelegance.net\/?p=6151#breadcrumb\",\"itemListElement\":[{\"@type\":\"ListItem\",\"position\":1,\"name\":\"Accueil\",\"item\":\"https:\/\/citeelegance.net\/\"},{\"@type\":\"ListItem\",\"position\":2,\"name\":\"Jeunesse et entreprenariat : \u00ab C\u2019est dommage que l\u2019on se focalise sur l\u2019argent quand on a une id\u00e9e de projet \u00bb, Dixit le nouveau pr\u00e9sident de l\u2019association Koura,Gildas Tiendrebeogo\"}]},{\"@type\":\"Person\",\"@id\":\"https:\/\/citeelegance.net\/#\/schema\/person\/e06163d4cd2cfc8a3cfc96dc84443ae4\",\"name\":\"Kader\",\"url\":\"https:\/\/citeelegance.net\/?author=3\"}]}<\/script>\n<!-- \/ Yoast SEO plugin. -->","yoast_head_json":{"title":"Jeunesse et entreprenariat : \u00ab C\u2019est dommage que l\u2019on se focalise sur l\u2019argent quand on a une id\u00e9e de projet \u00bb, Dixit le nouveau pr\u00e9sident de l\u2019association Koura,Gildas Tiendrebeogo - CITE ELEGANCE","robots":{"index":"index","follow":"follow","max-snippet":"max-snippet:-1","max-image-preview":"max-image-preview:large","max-video-preview":"max-video-preview:-1"},"canonical":"https:\/\/citeelegance.net\/?p=6151","og_locale":"fr_FR","og_type":"article","og_title":"Jeunesse et entreprenariat : \u00ab C\u2019est dommage que l\u2019on se focalise sur l\u2019argent quand on a une id\u00e9e de projet \u00bb, Dixit le nouveau pr\u00e9sident de l\u2019association Koura,Gildas Tiendrebeogo - CITE ELEGANCE","og_description":"\u00c9lu \u00e0 la t\u00eate de l\u2019association Koura en avril dernier, le Magazine Cit\u00e9 \u00c9l\u00e9gance est all\u00e9 \u00e0 la rencontre du pr\u00e9sident de l\u2019association Koura, Gildas Tiendrebeogo. L\u2019objectif de cette rencontre est de faire un tour d\u2019horizon sur la vie de l\u2019association, les grandes activit\u00e9s plac\u00e9es sous son mandat et sa vision du monde entrepreneurial. &nbsp; [&hellip;]","og_url":"https:\/\/citeelegance.net\/?p=6151","og_site_name":"CITE ELEGANCE","article_published_time":"2020-06-19T12:16:08+00:00","article_modified_time":"2020-06-19T17:55:47+00:00","og_image":[{"width":432,"height":401,"url":"https:\/\/citeelegance.net\/wp-content\/uploads\/2020\/06\/WhatsApp-Image-2020-06-04-at-15.31.16.jpg","type":"image\/jpeg"}],"twitter_misc":{"\u00c9crit par":"Kader","Dur\u00e9e de lecture estim\u00e9e":"8 minutes"},"schema":{"@context":"https:\/\/schema.org","@graph":[{"@type":"WebSite","@id":"https:\/\/citeelegance.net\/#website","url":"https:\/\/citeelegance.net\/","name":"CITE ELEGANCE","description":"","potentialAction":[{"@type":"SearchAction","target":{"@type":"EntryPoint","urlTemplate":"https:\/\/citeelegance.net\/?s={search_term_string}"},"query-input":"required name=search_term_string"}],"inLanguage":"fr-FR"},{"@type":"ImageObject","@id":"https:\/\/citeelegance.net\/?p=6151#primaryimage","inLanguage":"fr-FR","url":"https:\/\/citeelegance.net\/wp-content\/uploads\/2020\/06\/WhatsApp-Image-2020-06-04-at-15.31.16.jpg","contentUrl":"https:\/\/citeelegance.net\/wp-content\/uploads\/2020\/06\/WhatsApp-Image-2020-06-04-at-15.31.16.jpg","width":432,"height":401},{"@type":"WebPage","@id":"https:\/\/citeelegance.net\/?p=6151#webpage","url":"https:\/\/citeelegance.net\/?p=6151","name":"Jeunesse et entreprenariat : \u00ab C\u2019est dommage que l\u2019on se focalise sur l\u2019argent quand on a une id\u00e9e de projet \u00bb, Dixit le nouveau pr\u00e9sident de l\u2019association Koura,Gildas Tiendrebeogo - CITE ELEGANCE","isPartOf":{"@id":"https:\/\/citeelegance.net\/#website"},"primaryImageOfPage":{"@id":"https:\/\/citeelegance.net\/?p=6151#primaryimage"},"datePublished":"2020-06-19T12:16:08+00:00","dateModified":"2020-06-19T17:55:47+00:00","author":{"@id":"https:\/\/citeelegance.net\/#\/schema\/person\/e06163d4cd2cfc8a3cfc96dc84443ae4"},"breadcrumb":{"@id":"https:\/\/citeelegance.net\/?p=6151#breadcrumb"},"inLanguage":"fr-FR","potentialAction":[{"@type":"ReadAction","target":["https:\/\/citeelegance.net\/?p=6151"]}]},{"@type":"BreadcrumbList","@id":"https:\/\/citeelegance.net\/?p=6151#breadcrumb","itemListElement":[{"@type":"ListItem","position":1,"name":"Accueil","item":"https:\/\/citeelegance.net\/"},{"@type":"ListItem","position":2,"name":"Jeunesse et entreprenariat : \u00ab C\u2019est dommage que l\u2019on se focalise sur l\u2019argent quand on a une id\u00e9e de projet \u00bb, Dixit le nouveau pr\u00e9sident de l\u2019association Koura,Gildas Tiendrebeogo"}]},{"@type":"Person","@id":"https:\/\/citeelegance.net\/#\/schema\/person\/e06163d4cd2cfc8a3cfc96dc84443ae4","name":"Kader","url":"https:\/\/citeelegance.net\/?author=3"}]}},"_links":{"self":[{"href":"https:\/\/citeelegance.net\/index.php?rest_route=\/wp\/v2\/posts\/6151"}],"collection":[{"href":"https:\/\/citeelegance.net\/index.php?rest_route=\/wp\/v2\/posts"}],"about":[{"href":"https:\/\/citeelegance.net\/index.php?rest_route=\/wp\/v2\/types\/post"}],"author":[{"embeddable":true,"href":"https:\/\/citeelegance.net\/index.php?rest_route=\/wp\/v2\/users\/3"}],"replies":[{"embeddable":true,"href":"https:\/\/citeelegance.net\/index.php?rest_route=%2Fwp%2Fv2%2Fcomments&post=6151"}],"version-history":[{"count":6,"href":"https:\/\/citeelegance.net\/index.php?rest_route=\/wp\/v2\/posts\/6151\/revisions"}],"predecessor-version":[{"id":6183,"href":"https:\/\/citeelegance.net\/index.php?rest_route=\/wp\/v2\/posts\/6151\/revisions\/6183"}],"wp:featuredmedia":[{"embeddable":true,"href":"https:\/\/citeelegance.net\/index.php?rest_route=\/wp\/v2\/media\/6152"}],"wp:attachment":[{"href":"https:\/\/citeelegance.net\/index.php?rest_route=%2Fwp%2Fv2%2Fmedia&parent=6151"}],"wp:term":[{"taxonomy":"category","embeddable":true,"href":"https:\/\/citeelegance.net\/index.php?rest_route=%2Fwp%2Fv2%2Fcategories&post=6151"},{"taxonomy":"post_tag","embeddable":true,"href":"https:\/\/citeelegance.net\/index.php?rest_route=%2Fwp%2Fv2%2Ftags&post=6151"}],"curies":[{"name":"wp","href":"https:\/\/api.w.org\/{rel}","templated":true}]}}