{"id":603,"date":"2018-09-24T15:24:59","date_gmt":"2018-09-24T14:24:59","guid":{"rendered":"http:\/\/citeelegance.net\/?p=603"},"modified":"2018-09-24T15:31:23","modified_gmt":"2018-09-24T14:31:23","slug":"conference-hebdomadaire-cfop-jeunesse-de-lopposition-pointe-doigt-gouvernance-pouvoir","status":"publish","type":"post","link":"https:\/\/citeelegance.net\/?p=603","title":{"rendered":"Conf\u00e9rence hebdomadaire du CFOP : La jeunesse de l\u2019Opposition pointe du doigt la gouvernance du pouvoir"},"content":{"rendered":"<p><strong><em>La jeunesse de l\u2019Opposition a anim\u00e9 l\u2019hebdomadaire conf\u00e9rence de presse, ce mardi 18 septembre 2018 au si\u00e8ge du chef de file de l\u2019opposition \u00e0 Ouagadougou. L\u2019ins\u00e9curit\u00e9 au Burkina Faso\u00a0; le ch\u00f4mage des jeunes\u00a0; la crise du logement et la marche-meeting des forces vives de la Nation ont \u00e9t\u00e9 les sujets \u00e9voqu\u00e9s par les conf\u00e9renciers, le secr\u00e9taire g\u00e9n\u00e9ral national charg\u00e9 des questions de jeunesse de l\u2019UPC, Jean Nakoulma et le pr\u00e9sident des jeunes du CDP, Adama Tiendreb\u00e9ogo. <\/em><\/strong><\/p>\n<p>La conf\u00e9rence hebdomadaire du mardi 18 septembre 2018 a \u00e9t\u00e9 anim\u00e9e par les deux responsables de la jeunesse de l\u2019opposition, suscit\u00e9s. La d\u00e9claration liminaire de cette conf\u00e9rence a \u00e9t\u00e9 lue par M. Jean Nakoulma et assist\u00e9 par M. Adama Tiendrebeogo. Tout d\u2019abord, les communicateurs ont fait un bilan des diff\u00e9rentes attaques que le pays a connues ces derniers temps ainsi que de l\u2019affrontement intervenu \u00e0 Karangasso-Vigu\u00e9 entre les Kogl- W\u00e9ogo et Dozo. <em>\u00a0\u00ab\u00a0Ces diff\u00e9rentes attaques auraient pu \u00eatre circonscrites, voire stopp\u00e9es, si nos autorit\u00e9s avaient \u00e9quip\u00e9 de mani\u00e8re ad\u00e9quate nos forces de d\u00e9fense et de s\u00e9curit\u00e9, s\u2019ils avaient suffisamment r\u00e9organis\u00e9 et outill\u00e9 les services de renseignement, tout en veillant \u00e0 ce que le moral de nos valeureux soldats demeure haut. Mais tel n\u2019est pas le cas\u00a0\u00bb<\/em>, ont fustig\u00e9 les communicateurs. C\u2019est pour dire que nous avons affaire \u00e0 un gouvernement r\u00e9actif, qui laisse faire, et qui est d\u00e9bord\u00e9 de toutes parts. Face \u00e0 cette situation la jeunesse de l\u2019Opposition a propos\u00e9 des solutions pour \u00e9viter les affrontements entre les groupes d\u2019autod\u00e9fenses \u00e0 savoir, la cr\u00e9ation d\u2019un cadre de concertation entre ces groupes. En ce sens, elle a laiss\u00e9 entendre que: <em>\u00ab\u00a0si notre gouvernement ne prend pas cette initiative, que les responsables des groupes d\u2019autod\u00e9fense le fassent. Ils peuvent tout \u00e0 fait le faire, chacun restant dans sa zone d\u2019intervention et dans sa sp\u00e9cialit\u00e9 et chacun respectant les valeurs de l\u2019autre\u00a0\u00bb.<\/em><\/p>\n<p>La jeunesse burkinab\u00e8 fait face \u00e0 de nombreux maux, dont le ch\u00f4mage et la mis\u00e8re. Selon les conf\u00e9renciers, &#8220;<em>c\u2019est une jeunesse abandonn\u00e9e \u00e0 elle-m\u00eame et qui semble avoir perdu tout rep\u00e8re\u02ba<\/em>. En plus du ch\u00f4mage, les jeunes burkinab\u00e8 sont confront\u00e9s \u00e0 l\u2019\u00e9pineuse \u00e9quation du logement et elle s\u2019inscrit dans les revendications des forces vives. En ce qui concerne les probl\u00e8mes de logement, seule la pression pourra amener ce r\u00e9gime \u00e0 abandonner les deals sur le foncier, et \u00e0 se concentrer sur les besoins r\u00e9els des populations en g\u00e9n\u00e9ral, et des zones non-loties en particulier. Les communicateurs ont fait comprendre que si le gouvernement se soucie peu de l\u2019emploi des jeunes, et pr\u00e9f\u00e8re le luxe du tourisme gouvernemental, il appartient \u00e0 la jeunesse de lui rappeler son devoir de mani\u00e8re vigoureuse. \u00a0En ce sens, ils invitent tous les habitants des non-loties, afin qu\u2019ils sachent que la marche-meeting du 29 septembre est aussi la leur et qu\u2019ils devraient participer pour d\u00e9fendre leur cause. Cette marche a aussi pour but de soutenir les vaillants FDS qui combattent dans le d\u00e9nuement total. Pour ce faire, elle initiera une cotisation sp\u00e9ciale et la somme collect\u00e9e servira \u00e0 soutenir l\u2019arm\u00e9e.<\/p>\n<p><strong>Assata Sinar\u00e9 (stagiaire)<\/strong><\/p>\n<p><strong><em>La jeunesse de l\u2019Opposition a anim\u00e9 l\u2019hebdomadaire conf\u00e9rence de presse, ce mardi 18 septembre 2018 au si\u00e8ge du chef de file de l\u2019opposition \u00e0 Ouagadougou. L\u2019ins\u00e9curit\u00e9 au Burkina Faso\u00a0; le ch\u00f4mage des jeunes\u00a0; la crise du logement et la marche-meeting des forces vives de la Nation ont \u00e9t\u00e9 les sujets \u00e9voqu\u00e9s par les conf\u00e9renciers, le secr\u00e9taire g\u00e9n\u00e9ral national charg\u00e9 des questions de jeunesse de l\u2019UPC, Jean Nakoulma et le pr\u00e9sident des jeunes du CDP, Adama Tiendreb\u00e9ogo. <\/em><\/strong><\/p>\n<p>La conf\u00e9rence hebdomadaire du mardi 18 septembre 2018 a \u00e9t\u00e9 anim\u00e9e par les deux responsables de la jeunesse de l\u2019opposition, suscit\u00e9s. La d\u00e9claration liminaire de cette conf\u00e9rence a \u00e9t\u00e9 lue par M. Jean Nakoulma et assist\u00e9 par M. Adama Tiendrebeogo. Tout d\u2019abord, les communicateurs ont fait un bilan des diff\u00e9rentes attaques que le pays a connues ces derniers temps ainsi que de l\u2019affrontement intervenu \u00e0 Karangasso-Vigu\u00e9 entre les Kogl- W\u00e9ogo et Dozo. <em>\u00a0\u00ab\u00a0Ces diff\u00e9rentes attaques auraient pu \u00eatre circonscrites, voire stopp\u00e9es, si nos autorit\u00e9s avaient \u00e9quip\u00e9 de mani\u00e8re ad\u00e9quate nos forces de d\u00e9fense et de s\u00e9curit\u00e9, s\u2019ils avaient suffisamment r\u00e9organis\u00e9 et outill\u00e9 les services de renseignement, tout en veillant \u00e0 ce que le moral de nos valeureux soldats demeure haut. Mais tel n\u2019est pas le cas\u00a0\u00bb<\/em>, ont fustig\u00e9 les communicateurs. C\u2019est pour dire que nous avons affaire \u00e0 un gouvernement r\u00e9actif, qui laisse faire, et qui est d\u00e9bord\u00e9 de toutes parts. Face \u00e0 cette situation la jeunesse de l\u2019Opposition a propos\u00e9 des solutions pour \u00e9viter les affrontements entre les groupes d\u2019autod\u00e9fenses \u00e0 savoir, la cr\u00e9ation d\u2019un cadre de concertation entre ces groupes. En ce sens, elle a laiss\u00e9 entendre que: <em>\u00ab\u00a0si notre gouvernement ne prend pas cette initiative, que les responsables des groupes d\u2019autod\u00e9fense le fassent. Ils peuvent tout \u00e0 fait le faire, chacun restant dans sa zone d\u2019intervention et dans sa sp\u00e9cialit\u00e9 et chacun respectant les valeurs de l\u2019autre\u00a0\u00bb.<\/em><\/p>\n<p>La jeunesse burkinab\u00e8 fait face \u00e0 de nombreux maux, dont le ch\u00f4mage et la mis\u00e8re. Selon les conf\u00e9renciers, &#8220;<em>c\u2019est une jeunesse abandonn\u00e9e \u00e0 elle-m\u00eame et qui semble avoir perdu tout rep\u00e8re<\/em>. En plus du ch\u00f4mage, les jeunes burkinab\u00e8 sont confront\u00e9s \u00e0 l\u2019\u00e9pineuse \u00e9quation du logement et elle s\u2019inscrit dans les revendications des forces vives. <a href=\"http:\/\/citeelegance.net\/wp-content\/uploads\/2018\/09\/2-2.jpg\"><img loading=\"lazy\" decoding=\"async\" class=\"size-medium wp-image-605 alignleft\" src=\"http:\/\/citeelegance.net\/wp-content\/uploads\/2018\/09\/2-2-300x225.jpg\" alt=\"\" width=\"300\" height=\"225\" srcset=\"https:\/\/citeelegance.net\/wp-content\/uploads\/2018\/09\/2-2-300x225.jpg 300w, https:\/\/citeelegance.net\/wp-content\/uploads\/2018\/09\/2-2-768x576.jpg 768w, https:\/\/citeelegance.net\/wp-content\/uploads\/2018\/09\/2-2-1024x768.jpg 1024w, https:\/\/citeelegance.net\/wp-content\/uploads\/2018\/09\/2-2-105x80.jpg 105w\" sizes=\"(max-width: 300px) 100vw, 300px\" \/><\/a>En ce qui concerne les probl\u00e8mes de logement, seule la pression pourra amener ce r\u00e9gime \u00e0 abandonner les deals sur le foncier, et \u00e0 se concentrer sur les besoins r\u00e9els des populations en g\u00e9n\u00e9ral, et des zones non-loties en particulier. Les communicateurs ont fait comprendre que si le gouvernement se soucie peu de l\u2019emploi des jeunes, et pr\u00e9f\u00e8re le luxe du tourisme gouvernemental, il appartient \u00e0 la jeunesse de lui rappeler son devoir de mani\u00e8re vigoureuse. \u00a0En ce sens, ils invitent tous les habitants des non-loties, afin qu\u2019ils sachent que la marche-meeting du 29 septembre est aussi la leur et qu\u2019ils devraient participer pour d\u00e9fendre leur cause. Cette marche a aussi pour but de soutenir les vaillants FDS qui combattent dans le d\u00e9nuement total. Pour ce faire, elle initiera une cotisation sp\u00e9ciale et la somme collect\u00e9e servira \u00e0 soutenir l\u2019arm\u00e9e.<\/p>\n<p><strong>\u00a0\u00a0\u00a0\u00a0\u00a0\u00a0\u00a0\u00a0\u00a0\u00a0\u00a0\u00a0\u00a0\u00a0\u00a0\u00a0\u00a0\u00a0\u00a0\u00a0\u00a0\u00a0\u00a0\u00a0\u00a0\u00a0\u00a0\u00a0\u00a0\u00a0\u00a0\u00a0\u00a0\u00a0\u00a0\u00a0\u00a0\u00a0\u00a0\u00a0\u00a0\u00a0\u00a0\u00a0\u00a0\u00a0\u00a0\u00a0\u00a0\u00a0\u00a0\u00a0\u00a0\u00a0\u00a0\u00a0\u00a0\u00a0\u00a0\u00a0\u00a0\u00a0\u00a0\u00a0\u00a0\u00a0\u00a0\u00a0\u00a0\u00a0\u00a0\u00a0\u00a0\u00a0\u00a0\u00a0\u00a0\u00a0\u00a0\u00a0\u00a0\u00a0\u00a0\u00a0\u00a0\u00a0\u00a0\u00a0\u00a0\u00a0\u00a0\u00a0\u00a0\u00a0\u00a0\u00a0\u00a0\u00a0\u00a0\u00a0\u00a0\u00a0\u00a0\u00a0\u00a0\u00a0\u00a0\u00a0\u00a0\u00a0\u00a0\u00a0\u00a0\u00a0\u00a0\u00a0\u00a0\u00a0\u00a0\u00a0\u00a0\u00a0\u00a0\u00a0\u00a0\u00a0\u00a0\u00a0\u00a0\u00a0\u00a0\u00a0\u00a0\u00a0 Assata Sinar\u00e9 (stagiaire)<\/strong><\/p>\n<aside class=\"mashsb-container mashsb-main mashsb-stretched\"><div class=\"mashsb-box\"><div class=\"mashsb-buttons\"><a class=\"mashicon-facebook mash-small mash-center mashsb-noshadow\" href=\"https:\/\/www.facebook.com\/sharer.php?u=https%3A%2F%2Fciteelegance.net%2F%3Fp%3D603\" target=\"_top\" rel=\"nofollow\"><span class=\"icon\"><\/span><span class=\"text\">Partagez<\/span><\/a><a class=\"mashicon-twitter mash-small mash-center mashsb-noshadow\" href=\"https:\/\/twitter.com\/intent\/tweet?text=&url=https:\/\/citeelegance.net\/?p=603\" target=\"_top\" rel=\"nofollow\"><span class=\"icon\"><\/span><span class=\"text\">Tweet<\/span><\/a><div class=\"onoffswitch2 mash-small mashsb-noshadow\" style=\"display:none;\"><\/div><\/div>\n            <\/div>\n                <div style=\"clear:both;\"><\/div><\/aside>\n            <!-- Share buttons by mashshare.net - Version: 3.8.0--><div class=\"pdf24Plugin-cp\"> \t<form name=\"pdf24Form0\" method=\"post\" action=\"https:\/\/doc2pdf.pdf24.org\/wordpress.php\" target=\"pdf24PopWin\" onsubmit=\"var pdf24Win = window.open('about:blank', 'pdf24PopWin', 'resizable=yes,scrollbars=yes,width=600,height=250,left='+(screen.width\/2-300)+',top='+(screen.height\/3-125)+''); pdf24Win.focus(); if(typeof pdf24OnCreatePDF === 'function'){void(pdf24OnCreatePDF(this,pdf24Win));}\"> \t\t<input type=\"hidden\" name=\"blogCharset\" value=\"Cw1x07UAAA==\" \/><input type=\"hidden\" name=\"blogPosts\" value=\"MwQA\" \/><input type=\"hidden\" name=\"blogUrl\" value=\"yygpKSi20tdPzixJTc1JTU\/MS07Vy0stAQA=\" \/><input type=\"hidden\" name=\"blogName\" value=\"c\/YMcVVw9XF1d\/RzdgUA\" \/><input type=\"hidden\" name=\"blogValueEncoding\" value=\"gzdeflate base64\" \/><input type=\"hidden\" name=\"postId_0\" value=\"MzMwBgA=\" \/><input type=\"hidden\" name=\"postTitle_0\" value=\"HYzLDYMwEAVbeXXkaolTJKeFJd44i2DX8idn2qAE6qCTVILhOKPRONPPsWfWN+PLY7CFAklmhAY3+BceeBImbsqldMuY\/+vmU7IiVUyRTLTeeTCJFTMhWvtxVrqe3aeOJvkE\" \/><input type=\"hidden\" name=\"postLink_0\" value=\"yygpKSi20tdPzixJTc1JTU\/MS07Vy0st0bcvsDUzMAYA\" \/><input type=\"hidden\" name=\"postAuthor_0\" value=\"805MSS0CAA==\" \/><input type=\"hidden\" name=\"postDateTime_0\" value=\"MzIwtNA1sNQ1MlEwNLUysLQytQQA\" \/><input type=\"hidden\" name=\"postContent_0\" value=\"7VjLbhzHFd37KyoTyLCBeXkYyrTEoaBQIZDYjgVIcZZBTXdNT0nVVa16DIdc5Tey41J0tlklO84un5Evybm3uudBSXlYAYIgIwpUd3XVfZ577i2dNmenIXpnq7NTVZ99I8UrlawKQYlSCfO33\/\/hu6ZxQUftrJBCWl2vb3l9oWalq2UptVeicHa+vvXKFnyu8SShL\/BWS19q8cWJCKqJqp5h82SMV5lE0Ou3FfYnUSzUnM7NtdnodVu96xvxXZKVLF2qXBqKb\/BZ27C+LZLXEfZA2M+Tf62tFBcyuLubxwKCisX6T7UkDSq0bvEXKQqvAys2rlK1slGoSOswFqYMaqWithWfmztf4J+lXuI3mSbFryVb5XBsfUvqDT6F9ErFgIWle5PWt0E00vOHbWi08qFPhgVVeJzkyFXrW4vP0gjLYvFQLKTHMqt\/k1SgZdZ9PzW\/eX7eF79S0sKk1y6ZWrIfFH9YoEtybOs7+Xv+7HlfPC0ldr7UypZezda3rnJDcTpC+k9HHRZGzdknpw3hYTe1ezmHuA8mtw1MhovaxKJUaSWAjQYOyZnZRPS+Y9vc9xHYUFCSA\/IuRYmkG+lzBoyukXK2BdlWMe4DsbPCpGzBt8N3gyVD0IE2tRv2Y6M4NC9dQhxhlpw5X\/bbrNZ1srqQUSUfGAtzqaNIVsy0gRKKe6nn2ZiIFxmjpGxSSjlH8gqLZLCl1YKD4S2BRCCWDT4C45q3t2GR8zmyEzNiNR78UtlE5fE1QmIrOOMG3+sK+BPY4hWb+rWrzED8lvNMLj9z15RvpPvu5u6PdzfnH7RUJi816Wqg5AeSV2gPgwPqBxv7Yuko+CEiX0gzFmCvdXQwOq5MPC6ziPXtm6QbRjVgY1H6OClLWkYM+VRbatiA5bmywIMiAIttpUMD1b7Zyg1pPtdB1hwTwN75CtIDRSAKJE4b01UowqVbBZ6k68pyKPsiUoaVFUuF7ZKsvSHuajNVOyrPMhu5lAYZJxwHZ0oZSVxNK2IBr4fiW6kpfyhnGIraRZ4Dk5EE+dz9hcusn\/GSUNlVa9w+nobivDvtkkd2fDbGukSeEx0AC4x8WArMgRaXAI\/qoiCLqOd9nNEoL02Vxbv7FBRaJNEIMuE5p4QioJi0IrRfyELlGFBNoRJTW3D\/pD003uGtpS7EJ2XqYifAjABN5oFdIIcdqFbepYYyRGAHhjocBDImSIJbP\/M3XGSdtBP+F7JsWcCh8n3MH7PgYit4KH5hKbEBQhELY4gkOEC5YrjqKdKPcn2gOhjRJGYvxJZ7nC05uzlK2iIK0LtU\/RY44T7VfdhBQsgc5QvZQ\/FLwLtR0AZFjEw4z+RiNmlEiyjgNuRHgmspEeUgxbWDYSV3x0wOOQzbDQEVWGhpuGtifSunUQWLIkszxsOGdhL8J\/AO2yax6Q0bMMxy952t32ZL5y2AuGioL6BeaplWfVE6VrJtzm3nRcmCEYbihTIEtPc0zk9\/ejKZjB9TYoq2OqB9a4OcSQvplhoOVFN2B\/X6h1p1oA\/oUJRxghEC7NHAOLxeNaT7r39m9xgjjUkhDybZykz6bR\/dcTaQN2QowZnoDoopZOvbRluVYFUmOIbq\/rjB6At5kiE+zTnKqEHmSuKCtvHvTyEdiMmlDHeb0Ybqm5n127ptq60uUKZKhtssj2VkChWkxzSH76hIyEI9VbrmuHVhVF3LloamG8\/oc5wMphGqyLbeqMx8uwfhUcHBJ5KpTDa\/cU0yrTug2c3M088EHxi4AVCxA+OiVryLuEgXyUAhWv8\/6LlY52JsSRIVa+6VKwwNLsF0qqsO1uixxumdAYmtodFpzs2JYpZWPOcAJpgY632pZL42QjZsqMpd4z5DIkceO5ShABEIFKNvtwkuNaR6AstQ3N3sEhT1OW2JNjMTZHgs5ExTqebQbmPWB61qixC0HTJIzLI2ZjJ6d7ZNYvLVztxG5SRToOCBEhHgXDWtLJjdjQKcFY3yaXsTM1jJ8cJrIdmPc6bErJKuDSyY989SbunUb6z2Ld\/kthvExbMXLa7rGcYQZTdlQYowKNU5FAj+UDwnecW2tVFBMQsrYJuooUBcQi6+jvg6vgnAEm3AmSISY\/B0gHME641tRH6eJthhR3rdZelpgGApXoAHABjxGXi40mTH5+\/M0If71eF+dbhfHe5Xh\/vV4X51uF8d7lf\/r\/er\/5Xb1akUC6\/m094ixubRaITuqDC\/g\/YKNbQqji6bQUHVZeMo4QohyzCirjwafzWaDCbDV03VOzvVdSXoG+acac\/I66seVBUuv8twZYueQKcNYdoL+ppmolKnWkC2ppAMHo6PBXBUWaPmsSeCL36sQYOj8Xg1mRyzYZAZp72euNRlXEx7+NTD1KGrBVaxhxUFFbOu8HHKBJ4v++LHSvry4cnq+MuHLAnPHyHpi\/HkZyuIYFH08lGyjlcn41bS8SUChuwhiZ\/VcjXgqD4iv5vV5\/g+XkITv\/XECIUtzw5X98PV\/XB1\/69e3dFpDz\/tj\/iX\/x9D0n2361i1DIswY57EJQp4ahdqvHXPOK0iMFSiGZZ6ee\/ozK3ev55iBNXgm9z9oqFqQEPPzLnXrGEQamlMfiQa2xqBW8RClg7UvG3jxPSXl5fDTsQQKB1hG8hv2CyaJ2nKux4cPX0wucDf+12BVo8umgdHzx6Oj3oiSl9Rk\/wdbmY9TBRm2rNuDkRCK3DW4H7aGk+G9+jej7X9L1GtYu\/sOWoS7f6624EW8R7P46WOnYf\/vuPtafZZ584WL8ElT8iE6afJm+kHu+GTZvof9vglqd51dwcEDjLnAeYWi8l9Z\/ccDPHKqGmv1KEx8uoRmFQ9JqWQ1f7+ROz8ec8SL5PqVlRhlPSPZi4udgQx6O+J+slgIF4QckSLVTG7ygbSIgVNDMT3mKjBXRgFhifD8WBw9nc=\" \/> \t\t<a href=\"https:\/\/www.pdf24.org\" target=\"_blank\" title=\"www.pdf24.org\" rel=\"nofollow\"><img src=\"https:\/\/citeelegance.net\/wp-content\/plugins\/pdf24-posts-to-pdf\/img\/pdf_32x32.png\" alt=\"\" border=\"0\" height=\"32\" \/><\/a> \t\t<span class=\"pdf24Plugin-cp-space\">&nbsp;&nbsp;<\/span> \t\t<span class=\"pdf24Plugin-cp-text\">Send article as PDF<\/span> \t\t<span class=\"pdf24Plugin-cp-space\">&nbsp;&nbsp;<\/span> \t\t<input class=\"pdf24Plugin-cp-input\" style=\"margin: 0px;\" type=\"text\" name=\"sendEmailTo\" placeholder=\"Enter email address\" \/> \t\t<input class=\"pdf24Plugin-cp-submit\" style=\"margin: 0px;\" type=\"submit\" value=\"Send\" \/> \t<\/form> <\/div>","protected":false},"excerpt":{"rendered":"<p>La jeunesse de l\u2019Opposition a anim\u00e9 l\u2019hebdomadaire conf\u00e9rence de presse, ce mardi 18 septembre 2018 au si\u00e8ge du chef de file de l\u2019opposition \u00e0 Ouagadougou. L\u2019ins\u00e9curit\u00e9 au Burkina Faso\u00a0; le ch\u00f4mage des jeunes\u00a0; la crise du logement et la marche-meeting des forces vives de la Nation ont \u00e9t\u00e9 les sujets \u00e9voqu\u00e9s par les conf\u00e9renciers, le [&hellip;]<\/p>\n","protected":false},"author":3,"featured_media":604,"comment_status":"open","ping_status":"open","sticky":false,"template":"","format":"standard","meta":{"footnotes":""},"categories":[2,16],"tags":[],"yoast_head":"<!-- This site is optimized with the Yoast SEO plugin v18.1 - https:\/\/yoast.com\/wordpress\/plugins\/seo\/ -->\n<title>Conf\u00e9rence hebdomadaire du CFOP : La jeunesse de l\u2019Opposition pointe du doigt la gouvernance du pouvoir - CITE ELEGANCE<\/title>\n<meta name=\"robots\" content=\"index, follow, max-snippet:-1, max-image-preview:large, max-video-preview:-1\" \/>\n<link rel=\"canonical\" href=\"https:\/\/citeelegance.net\/?p=603\" \/>\n<meta property=\"og:locale\" content=\"fr_FR\" \/>\n<meta property=\"og:type\" content=\"article\" \/>\n<meta property=\"og:title\" content=\"Conf\u00e9rence hebdomadaire du CFOP : La jeunesse de l\u2019Opposition pointe du doigt la gouvernance du pouvoir - CITE ELEGANCE\" \/>\n<meta property=\"og:description\" content=\"La jeunesse de l\u2019Opposition a anim\u00e9 l\u2019hebdomadaire conf\u00e9rence de presse, ce mardi 18 septembre 2018 au si\u00e8ge du chef de file de l\u2019opposition \u00e0 Ouagadougou. L\u2019ins\u00e9curit\u00e9 au Burkina Faso\u00a0; le ch\u00f4mage des jeunes\u00a0; la crise du logement et la marche-meeting des forces vives de la Nation ont \u00e9t\u00e9 les sujets \u00e9voqu\u00e9s par les conf\u00e9renciers, le [&hellip;]\" \/>\n<meta property=\"og:url\" content=\"https:\/\/citeelegance.net\/?p=603\" \/>\n<meta property=\"og:site_name\" content=\"CITE ELEGANCE\" \/>\n<meta property=\"article:published_time\" content=\"2018-09-24T14:24:59+00:00\" \/>\n<meta property=\"article:modified_time\" content=\"2018-09-24T14:31:23+00:00\" \/>\n<meta property=\"og:image\" content=\"https:\/\/citeelegance.net\/wp-content\/uploads\/2018\/09\/1-3-768x1024.jpg\" \/>\n\t<meta property=\"og:image:width\" content=\"768\" \/>\n\t<meta property=\"og:image:height\" content=\"1024\" \/>\n\t<meta property=\"og:image:type\" content=\"image\/jpeg\" \/>\n<meta name=\"twitter:label1\" content=\"\u00c9crit par\" \/>\n\t<meta name=\"twitter:data1\" content=\"Kader\" \/>\n\t<meta name=\"twitter:label2\" content=\"Dur\u00e9e de lecture estim\u00e9e\" \/>\n\t<meta name=\"twitter:data2\" content=\"6 minutes\" \/>\n<script type=\"application\/ld+json\" class=\"yoast-schema-graph\">{\"@context\":\"https:\/\/schema.org\",\"@graph\":[{\"@type\":\"WebSite\",\"@id\":\"https:\/\/citeelegance.net\/#website\",\"url\":\"https:\/\/citeelegance.net\/\",\"name\":\"CITE ELEGANCE\",\"description\":\"\",\"potentialAction\":[{\"@type\":\"SearchAction\",\"target\":{\"@type\":\"EntryPoint\",\"urlTemplate\":\"https:\/\/citeelegance.net\/?s={search_term_string}\"},\"query-input\":\"required name=search_term_string\"}],\"inLanguage\":\"fr-FR\"},{\"@type\":\"ImageObject\",\"@id\":\"https:\/\/citeelegance.net\/?p=603#primaryimage\",\"inLanguage\":\"fr-FR\",\"url\":\"https:\/\/citeelegance.net\/wp-content\/uploads\/2018\/09\/1-3.jpg\",\"contentUrl\":\"https:\/\/citeelegance.net\/wp-content\/uploads\/2018\/09\/1-3.jpg\",\"width\":3456,\"height\":4608},{\"@type\":\"WebPage\",\"@id\":\"https:\/\/citeelegance.net\/?p=603#webpage\",\"url\":\"https:\/\/citeelegance.net\/?p=603\",\"name\":\"Conf\u00e9rence hebdomadaire du CFOP : La jeunesse de l\u2019Opposition pointe du doigt la gouvernance du pouvoir - CITE ELEGANCE\",\"isPartOf\":{\"@id\":\"https:\/\/citeelegance.net\/#website\"},\"primaryImageOfPage\":{\"@id\":\"https:\/\/citeelegance.net\/?p=603#primaryimage\"},\"datePublished\":\"2018-09-24T14:24:59+00:00\",\"dateModified\":\"2018-09-24T14:31:23+00:00\",\"author\":{\"@id\":\"https:\/\/citeelegance.net\/#\/schema\/person\/e06163d4cd2cfc8a3cfc96dc84443ae4\"},\"breadcrumb\":{\"@id\":\"https:\/\/citeelegance.net\/?p=603#breadcrumb\"},\"inLanguage\":\"fr-FR\",\"potentialAction\":[{\"@type\":\"ReadAction\",\"target\":[\"https:\/\/citeelegance.net\/?p=603\"]}]},{\"@type\":\"BreadcrumbList\",\"@id\":\"https:\/\/citeelegance.net\/?p=603#breadcrumb\",\"itemListElement\":[{\"@type\":\"ListItem\",\"position\":1,\"name\":\"Accueil\",\"item\":\"https:\/\/citeelegance.net\/\"},{\"@type\":\"ListItem\",\"position\":2,\"name\":\"Conf\u00e9rence hebdomadaire du CFOP : La jeunesse de l\u2019Opposition pointe du doigt la gouvernance du pouvoir\"}]},{\"@type\":\"Person\",\"@id\":\"https:\/\/citeelegance.net\/#\/schema\/person\/e06163d4cd2cfc8a3cfc96dc84443ae4\",\"name\":\"Kader\",\"url\":\"https:\/\/citeelegance.net\/?author=3\"}]}<\/script>\n<!-- \/ Yoast SEO plugin. -->","yoast_head_json":{"title":"Conf\u00e9rence hebdomadaire du CFOP : La jeunesse de l\u2019Opposition pointe du doigt la gouvernance du pouvoir - CITE ELEGANCE","robots":{"index":"index","follow":"follow","max-snippet":"max-snippet:-1","max-image-preview":"max-image-preview:large","max-video-preview":"max-video-preview:-1"},"canonical":"https:\/\/citeelegance.net\/?p=603","og_locale":"fr_FR","og_type":"article","og_title":"Conf\u00e9rence hebdomadaire du CFOP : La jeunesse de l\u2019Opposition pointe du doigt la gouvernance du pouvoir - CITE ELEGANCE","og_description":"La jeunesse de l\u2019Opposition a anim\u00e9 l\u2019hebdomadaire conf\u00e9rence de presse, ce mardi 18 septembre 2018 au si\u00e8ge du chef de file de l\u2019opposition \u00e0 Ouagadougou. L\u2019ins\u00e9curit\u00e9 au Burkina Faso\u00a0; le ch\u00f4mage des jeunes\u00a0; la crise du logement et la marche-meeting des forces vives de la Nation ont \u00e9t\u00e9 les sujets \u00e9voqu\u00e9s par les conf\u00e9renciers, le [&hellip;]","og_url":"https:\/\/citeelegance.net\/?p=603","og_site_name":"CITE ELEGANCE","article_published_time":"2018-09-24T14:24:59+00:00","article_modified_time":"2018-09-24T14:31:23+00:00","og_image":[{"width":768,"height":1024,"url":"https:\/\/citeelegance.net\/wp-content\/uploads\/2018\/09\/1-3-768x1024.jpg","type":"image\/jpeg"}],"twitter_misc":{"\u00c9crit par":"Kader","Dur\u00e9e de lecture estim\u00e9e":"6 minutes"},"schema":{"@context":"https:\/\/schema.org","@graph":[{"@type":"WebSite","@id":"https:\/\/citeelegance.net\/#website","url":"https:\/\/citeelegance.net\/","name":"CITE ELEGANCE","description":"","potentialAction":[{"@type":"SearchAction","target":{"@type":"EntryPoint","urlTemplate":"https:\/\/citeelegance.net\/?s={search_term_string}"},"query-input":"required name=search_term_string"}],"inLanguage":"fr-FR"},{"@type":"ImageObject","@id":"https:\/\/citeelegance.net\/?p=603#primaryimage","inLanguage":"fr-FR","url":"https:\/\/citeelegance.net\/wp-content\/uploads\/2018\/09\/1-3.jpg","contentUrl":"https:\/\/citeelegance.net\/wp-content\/uploads\/2018\/09\/1-3.jpg","width":3456,"height":4608},{"@type":"WebPage","@id":"https:\/\/citeelegance.net\/?p=603#webpage","url":"https:\/\/citeelegance.net\/?p=603","name":"Conf\u00e9rence hebdomadaire du CFOP : La jeunesse de l\u2019Opposition pointe du doigt la gouvernance du pouvoir - CITE ELEGANCE","isPartOf":{"@id":"https:\/\/citeelegance.net\/#website"},"primaryImageOfPage":{"@id":"https:\/\/citeelegance.net\/?p=603#primaryimage"},"datePublished":"2018-09-24T14:24:59+00:00","dateModified":"2018-09-24T14:31:23+00:00","author":{"@id":"https:\/\/citeelegance.net\/#\/schema\/person\/e06163d4cd2cfc8a3cfc96dc84443ae4"},"breadcrumb":{"@id":"https:\/\/citeelegance.net\/?p=603#breadcrumb"},"inLanguage":"fr-FR","potentialAction":[{"@type":"ReadAction","target":["https:\/\/citeelegance.net\/?p=603"]}]},{"@type":"BreadcrumbList","@id":"https:\/\/citeelegance.net\/?p=603#breadcrumb","itemListElement":[{"@type":"ListItem","position":1,"name":"Accueil","item":"https:\/\/citeelegance.net\/"},{"@type":"ListItem","position":2,"name":"Conf\u00e9rence hebdomadaire du CFOP : La jeunesse de l\u2019Opposition pointe du doigt la gouvernance du pouvoir"}]},{"@type":"Person","@id":"https:\/\/citeelegance.net\/#\/schema\/person\/e06163d4cd2cfc8a3cfc96dc84443ae4","name":"Kader","url":"https:\/\/citeelegance.net\/?author=3"}]}},"_links":{"self":[{"href":"https:\/\/citeelegance.net\/index.php?rest_route=\/wp\/v2\/posts\/603"}],"collection":[{"href":"https:\/\/citeelegance.net\/index.php?rest_route=\/wp\/v2\/posts"}],"about":[{"href":"https:\/\/citeelegance.net\/index.php?rest_route=\/wp\/v2\/types\/post"}],"author":[{"embeddable":true,"href":"https:\/\/citeelegance.net\/index.php?rest_route=\/wp\/v2\/users\/3"}],"replies":[{"embeddable":true,"href":"https:\/\/citeelegance.net\/index.php?rest_route=%2Fwp%2Fv2%2Fcomments&post=603"}],"version-history":[{"count":2,"href":"https:\/\/citeelegance.net\/index.php?rest_route=\/wp\/v2\/posts\/603\/revisions"}],"predecessor-version":[{"id":607,"href":"https:\/\/citeelegance.net\/index.php?rest_route=\/wp\/v2\/posts\/603\/revisions\/607"}],"wp:featuredmedia":[{"embeddable":true,"href":"https:\/\/citeelegance.net\/index.php?rest_route=\/wp\/v2\/media\/604"}],"wp:attachment":[{"href":"https:\/\/citeelegance.net\/index.php?rest_route=%2Fwp%2Fv2%2Fmedia&parent=603"}],"wp:term":[{"taxonomy":"category","embeddable":true,"href":"https:\/\/citeelegance.net\/index.php?rest_route=%2Fwp%2Fv2%2Fcategories&post=603"},{"taxonomy":"post_tag","embeddable":true,"href":"https:\/\/citeelegance.net\/index.php?rest_route=%2Fwp%2Fv2%2Ftags&post=603"}],"curies":[{"name":"wp","href":"https:\/\/api.w.org\/{rel}","templated":true}]}}