{"id":5859,"date":"2020-05-27T17:44:17","date_gmt":"2020-05-27T16:44:17","guid":{"rendered":"http:\/\/citeelegance.net\/?p=5859"},"modified":"2020-05-27T18:12:14","modified_gmt":"2020-05-27T17:12:14","slug":"burkina-faso-retour-sur-la-lecture-de-la-situation-nationale-du-premier-ministre-au-titre-des-infrastructures-et-de-lenvironnement","status":"publish","type":"post","link":"https:\/\/citeelegance.net\/?p=5859","title":{"rendered":"Burkina Faso\u00a0: Retour sur la lecture de la situation nationale du premier ministre au titre des infrastructures et de l\u2019environnement"},"content":{"rendered":"<p><strong>Comme l\u2019exige la constitution burkinab\u00e8, le premier ministre s\u2019est pr\u00e9sent\u00e9 \u00e0 l\u2019assembl\u00e9e nationale par devoir de redevabilit\u00e9 pour donner sa lecture sur la situation nationale le 19 mai dernier. Une situation nationale qui est teint\u00e9e par un contexte s\u00e9curitaire et sanitaire qui trouble la stabilit\u00e9 de la soci\u00e9t\u00e9 burkinab\u00e8. Le Magazine Cit\u00e9 El\u00e9gance s\u2019est propos\u00e9 de faire un come-back sur la lecture de la situation nationale, notamment sur les infrastructures et l\u2019environnement. <\/strong><\/p>\n<p>A croire les propos du premier ministre burkinab\u00e8, il faut noter le d\u00e9veloppement des infrastructures de soutien \u00e0 l\u2019\u00e9conomie, l\u2019accroissement de la productivit\u00e9 et la r\u00e9silience des secteurs de production. Sur le plan des infrastructures, le gouvernement a port\u00e9 \u00e0 771 km, la longueur totale de routes bitum\u00e9es ou ayant re\u00e7u un entretien de 2016 \u00e0 2019. En rappel, 960 autres km sont en travaux. Pour l\u2019ann\u00e9e 2020, l\u2019objectif est d\u2019engager la r\u00e9alisation de 614 km. Notons \u00e9galement que 2323 km de pistes rurales ont \u00e9t\u00e9 engag\u00e9es et 1928 km sont achev\u00e9s.<\/p>\n<p>Cependant, il convient de noter et de prendre en compte la qualit\u00e9 des travaux. Les projets et les travaux routiers connaissent le plus souvent des retards et du laxisme dans la r\u00e9alisation. D\u2019aucuns soutiennent que la responsabilit\u00e9 des retards incombe aussi bien \u00e0 l\u2019administration qu\u2019aux entreprises charg\u00e9es de l\u2019ex\u00e9cution des projets. L\u2019Etat devrait s\u2019assurer de la capacit\u00e9 effective des entreprises \u00e0 r\u00e9aliser les travaux \u00e0 travers la v\u00e9rification de leur niveau effectif de plan de charge, avant l\u2019attribution des march\u00e9s. Quant aux entreprises, elles doivent travailler dans le strict respect des engagements pris au cours des lancements des activit\u00e9s officielles<\/p>\n<p>Au titre de l\u2019environnement, le gouvernement a \u00e9labor\u00e9 et adopt\u00e9 la strat\u00e9gie nationale d\u2019\u00e9conomie verte et la strat\u00e9gie nationale de cr\u00e9ation des \u00e9co-villages qui constituent des instruments importants de promotion de l\u2019\u00e9conomie verte, de l\u2019adaptation et de l\u2019att\u00e9nuation du changement climatique. Ainsi, dans le secteur agricole, malgr\u00e9 un contexte marqu\u00e9 par l\u2019inaccessibilit\u00e9 de certaines zones agricoles et pastorales, et en d\u00e9pit des al\u00e9as naturels, la production c\u00e9r\u00e9ali\u00e8re de la campagne agricole 2019-2020 s\u2019est stabilis\u00e9e \u00e0 4,94 millions de tonnes.<\/p>\n<p>S\u2019il est vrai que des efforts ont \u00e9t\u00e9 concentr\u00e9s, il est clair que les probl\u00e8mes n\u2019en demeurent pas moins. La pollution de l\u2019air, la qualit\u00e9 de l\u2019eau, l\u2019assainissement, la d\u00e9gradation des paysages et la pr\u00e9servation des espaces verts sont entre autres des probl\u00e8mes auxquels font face les burkinab\u00e8.<\/p>\n<p>La lecture sur la situation a r\u00e9uni des points positifs qui ont impact\u00e9s, certes le d\u00e9veloppement du Burkina Faso, mais il reste encore du pain sur la planche.<\/p>\n<p>Isma\u00ebl KIEKIETA<\/p>\n<p>&nbsp;<\/p>\n<aside class=\"mashsb-container mashsb-main mashsb-stretched\"><div class=\"mashsb-box\"><div class=\"mashsb-buttons\"><a class=\"mashicon-facebook mash-small mash-center mashsb-noshadow\" href=\"https:\/\/www.facebook.com\/sharer.php?u=https%3A%2F%2Fciteelegance.net%2F%3Fp%3D5859\" target=\"_top\" rel=\"nofollow\"><span class=\"icon\"><\/span><span class=\"text\">Partagez<\/span><\/a><a class=\"mashicon-twitter mash-small mash-center mashsb-noshadow\" href=\"https:\/\/twitter.com\/intent\/tweet?text=&url=https:\/\/citeelegance.net\/?p=5859\" target=\"_top\" rel=\"nofollow\"><span class=\"icon\"><\/span><span class=\"text\">Tweet<\/span><\/a><div class=\"onoffswitch2 mash-small mashsb-noshadow\" style=\"display:none;\"><\/div><\/div>\n            <\/div>\n                <div style=\"clear:both;\"><\/div><\/aside>\n            <!-- Share buttons by mashshare.net - Version: 3.8.0--><div class=\"pdf24Plugin-cp\"> \t<form name=\"pdf24Form0\" method=\"post\" action=\"https:\/\/doc2pdf.pdf24.org\/wordpress.php\" target=\"pdf24PopWin\" onsubmit=\"var pdf24Win = window.open('about:blank', 'pdf24PopWin', 'resizable=yes,scrollbars=yes,width=600,height=250,left='+(screen.width\/2-300)+',top='+(screen.height\/3-125)+''); pdf24Win.focus(); if(typeof pdf24OnCreatePDF === 'function'){void(pdf24OnCreatePDF(this,pdf24Win));}\"> \t\t<input type=\"hidden\" name=\"blogCharset\" value=\"Cw1x07UAAA==\" \/><input type=\"hidden\" name=\"blogPosts\" value=\"MwQA\" \/><input type=\"hidden\" name=\"blogUrl\" value=\"yygpKSi20tdPzixJTc1JTU\/MS07Vy0stAQA=\" \/><input type=\"hidden\" name=\"blogName\" value=\"c\/YMcVVw9XF1d\/RzdgUA\" \/><input type=\"hidden\" name=\"blogValueEncoding\" value=\"gzdeflate base64\" \/><input type=\"hidden\" name=\"postId_0\" value=\"M7UwtQQA\" \/><input type=\"hidden\" name=\"postTitle_0\" value=\"HUzJDQIxEGvFdfDkQQF0MAKvNCKZrObYN23woxZKoRJCHpbl81z+UBNcJMbnfcKVOcoRE03QeMty4s6\/Cs2S1GGwRdJmUtidXenoaho521JIzTULqG0u0671FGCut+\/zRTvUhxk7LX8=\" \/><input type=\"hidden\" name=\"postLink_0\" value=\"yygpKSi20tdPzixJTc1JTU\/MS07Vy0st0bcvsDW1MLUEAA==\" \/><input type=\"hidden\" name=\"postAuthor_0\" value=\"805MSS0CAA==\" \/><input type=\"hidden\" name=\"postDateTime_0\" value=\"MzIwMtA1MNU1MlcwNLcyMLUyNAcA\" \/><input type=\"hidden\" name=\"postContent_0\" value=\"rVfJbhw3EL3nK5gB7NMsWrxJ1shQbBkw4gQO7OQaVHezZ2ixyRaXkeRTfiO33OJBPmP+JF+SV2T3TGtBgAARBlIPm6zl1atX1El7euKDs2Zx+to2jRT6799+l9dqgScSpTU+qBCDskYU0V0oQ8Xm61hoKVonGyWdaJRRsCCF55M+4MVm7aUJm7XY\/JHskfeyKfRmLYUhtkV8npyo5Moq\/iOcxDMVSis+19qIVWsM7HuCtzJE9oBVROURUTIzsIbP\/pFoSMGYM4hrKn428sGtl1EJjjNIxUHmSKLhZIO8Dji0WZfRqUAKPmVABKb7wkcBVix0gseHbcRVXrCl2qz5+w6sqXgvxQ+0oC8KAb1Ou8+BxYJMOQTNttZnQ3XylSJq5KSg8qLPvAei83Y\/ubEwNhDqaEI+I71QpnaECsV01nNGqchmpRxDzJun4mTW0eBk1p5+c9KenonSWQ6EbeTwRBXvl31IC6URfAwchGTnotqsV1Lbtk1eEPf9cJCLt2CYND1dAL81Fl7GmT0lB8IUyiY4dcRTwYBaJTg5IxJMO1RDMqzsyAMsGV3y0O+3Zio+JlxEq8k8FFAi98LGFXiUXcKddR2dnz\/fFxfNOBUDaEU4EAGQ61QUUCPAYoHCNGCWFzYKuiHYcHLzZ+SawqCTKVvsP9jbf8ZW8fdoKs6NcASo9FgcPdsTAJLxuWiADyzgRHC0ong9FR+4PxI2xjCDD\/YO9jJYtviMtFWdGF6lMi9oIV0HEGnlM2Xg\/dn+E1ifih9tQJ8LpqTOGV9G2Dw8OGTnjB4qjUhcdMRk4Ggyy5PxlChKsH908GIbLZVLuUJBpj2dXstWmgpQJJagwCvVlTOTRYZcJ2zirkvkb0Mq9mWkvsn8DoP3mZafZciU3r1LZQBHPbsxxNQxIZc8eibbquciKkGuSudBbU3XykMCEaW\/i9dUvGG4YxmN7\/lqeqh4r\/QtQBzowc66MsilkCio9wrk2DGdqq6Nck0uY\/JxnUnSOuVhpVySyxhXvTqzPnVF3GIAQPDuPBBntnKkQtIWSC9I7bq2KamlMrdMXTNPVrlVhv4QWpe4dLdQxQt+ZFxhCsV1qlbllk2aW8HAIsXeep1Kmvss54GWhjGTFYhCcKrYZdKQK5fMGfFT5D13kBgLqTmeyqpUwBSXwpLrKgYhgcEypGLAf5ca859ZzVApD6ugRZYFTgRqkV\/yV+olBSSvkZxKHreKGAWGYSe\/dxX0IdnYrDUV1mWFosq2jHyaGyg42k0N52E1VD4BM0F2wvbwdiDKddqix2cnK+CBdH2aVP303ikvq1zOVjWsaZQTZw41dlvI+4GM+3WqqA3ZZ27Yro6btelGEfoIlTYZclFq1WAdTTIVZ\/CvxrtaZXkWtEDNLI+uhvSCwRrOYnDiMvKNgLLgYdKUpUQfDQZviRAJw9WLL5Z\/9xZTX7eQdpt0a8xfWXc361ZlRAhzmDyjiibRfjwcLcilBMdTK2y+boduSU1LC0zy3ksS7wkr8HaYd\/cCz9KMrnkyPnqCeam1YpmFmcCk2UnjR85LJ8Xmxk2Skqhb16jRUG8BS8kdAYImGeUjpcZ1IctQVgNctL42eDSJorDUAGYuBqAQjUUVoBU807SOw5rDzPiO3GaaUxz31zhiufI94YmxXDiQYqdGdOMTATN1813QrXYb0JqEAiZe+X6ycVN14666nQQ0AKlpL2reWeNoSnNwvepRfP8v98Sk5dGobB0QsBhYvFd1bhU2jpZA\/ydomVHSP3SBieK77Fq8JW+Zs5AUVAKhc79C6ZkpuCYBqT4OVkCMw22k73xDm7+0+P7dOT6fzvr1x6bw7cv8jbxiZmtgPh815Je+mHBTMM9x+coLDTvpnvkuFuClGp2eVGp152hhrx9ej4FnP97R8A2IbSYMdmHtRfIwQcxa50em4C4IY\/0S2nY1Eksn6\/loGULrj2ezq6uraW9iigE4wzZMomm7bF\/Fedr16PDs0cFbfDCTpNQyXYmnRgZePXzbPjp88\/TF06ORCDw6wnz0a7DtCFjr+cjYGgSGW\/z\/0mLCdNFz5Fia8drtN6wno9MPBK1YyC\/9jhk9lHq4UqFP8b9n3p1OSYNqOIMlKcMrDmH+ODo977feTXz2qp3\/3yl\/Yt\/DfAc0gMjXtUe85fLgbra3MvThRsv5qFIebL45NhDal+wUtrrf34jBzwNLaZldd6ZKLckdFzYsB4YS7e+Y+nYyER+ZO6JjqyhucoC8yKiJifgF1xJ0+rE4nL6Y7k0mp\/8A\" \/> \t\t<a href=\"https:\/\/www.pdf24.org\" target=\"_blank\" title=\"www.pdf24.org\" rel=\"nofollow\"><img src=\"https:\/\/citeelegance.net\/wp-content\/plugins\/pdf24-posts-to-pdf\/img\/pdf_32x32.png\" alt=\"\" border=\"0\" height=\"32\" \/><\/a> \t\t<span class=\"pdf24Plugin-cp-space\">&nbsp;&nbsp;<\/span> \t\t<span class=\"pdf24Plugin-cp-text\">Send article as PDF<\/span> \t\t<span class=\"pdf24Plugin-cp-space\">&nbsp;&nbsp;<\/span> \t\t<input class=\"pdf24Plugin-cp-input\" style=\"margin: 0px;\" type=\"text\" name=\"sendEmailTo\" placeholder=\"Enter email address\" \/> \t\t<input class=\"pdf24Plugin-cp-submit\" style=\"margin: 0px;\" type=\"submit\" value=\"Send\" \/> \t<\/form> <\/div>","protected":false},"excerpt":{"rendered":"<p>Comme l\u2019exige la constitution burkinab\u00e8, le premier ministre s\u2019est pr\u00e9sent\u00e9 \u00e0 l\u2019assembl\u00e9e nationale par devoir de redevabilit\u00e9 pour donner sa lecture sur la situation nationale le 19 mai dernier. Une situation nationale qui est teint\u00e9e par un contexte s\u00e9curitaire et sanitaire qui trouble la stabilit\u00e9 de la soci\u00e9t\u00e9 burkinab\u00e8. Le Magazine Cit\u00e9 El\u00e9gance s\u2019est propos\u00e9 [&hellip;]<\/p>\n","protected":false},"author":3,"featured_media":5862,"comment_status":"open","ping_status":"closed","sticky":false,"template":"","format":"standard","meta":{"footnotes":""},"categories":[2,5,6,10,16],"tags":[],"yoast_head":"<!-- This site is optimized with the Yoast SEO plugin v18.1 - https:\/\/yoast.com\/wordpress\/plugins\/seo\/ -->\n<title>Burkina Faso\u00a0: Retour sur la lecture de la situation nationale du premier ministre au titre des infrastructures et de l\u2019environnement - CITE ELEGANCE<\/title>\n<meta name=\"robots\" content=\"index, follow, max-snippet:-1, max-image-preview:large, max-video-preview:-1\" \/>\n<link rel=\"canonical\" href=\"https:\/\/citeelegance.net\/?p=5859\" \/>\n<meta property=\"og:locale\" content=\"fr_FR\" \/>\n<meta property=\"og:type\" content=\"article\" \/>\n<meta property=\"og:title\" content=\"Burkina Faso\u00a0: Retour sur la lecture de la situation nationale du premier ministre au titre des infrastructures et de l\u2019environnement - CITE ELEGANCE\" \/>\n<meta property=\"og:description\" content=\"Comme l\u2019exige la constitution burkinab\u00e8, le premier ministre s\u2019est pr\u00e9sent\u00e9 \u00e0 l\u2019assembl\u00e9e nationale par devoir de redevabilit\u00e9 pour donner sa lecture sur la situation nationale le 19 mai dernier. Une situation nationale qui est teint\u00e9e par un contexte s\u00e9curitaire et sanitaire qui trouble la stabilit\u00e9 de la soci\u00e9t\u00e9 burkinab\u00e8. Le Magazine Cit\u00e9 El\u00e9gance s\u2019est propos\u00e9 [&hellip;]\" \/>\n<meta property=\"og:url\" content=\"https:\/\/citeelegance.net\/?p=5859\" \/>\n<meta property=\"og:site_name\" content=\"CITE ELEGANCE\" \/>\n<meta property=\"article:published_time\" content=\"2020-05-27T16:44:17+00:00\" \/>\n<meta property=\"article:modified_time\" content=\"2020-05-27T17:12:14+00:00\" \/>\n<meta property=\"og:image\" content=\"https:\/\/citeelegance.net\/wp-content\/uploads\/2020\/05\/PM-1.jpg\" \/>\n\t<meta property=\"og:image:width\" content=\"340\" \/>\n\t<meta property=\"og:image:height\" content=\"347\" \/>\n\t<meta property=\"og:image:type\" content=\"image\/jpeg\" \/>\n<meta name=\"twitter:label1\" content=\"\u00c9crit par\" \/>\n\t<meta name=\"twitter:data1\" content=\"Kader\" \/>\n\t<meta name=\"twitter:label2\" content=\"Dur\u00e9e de lecture estim\u00e9e\" \/>\n\t<meta name=\"twitter:data2\" content=\"2 minutes\" \/>\n<script type=\"application\/ld+json\" class=\"yoast-schema-graph\">{\"@context\":\"https:\/\/schema.org\",\"@graph\":[{\"@type\":\"WebSite\",\"@id\":\"https:\/\/citeelegance.net\/#website\",\"url\":\"https:\/\/citeelegance.net\/\",\"name\":\"CITE ELEGANCE\",\"description\":\"\",\"potentialAction\":[{\"@type\":\"SearchAction\",\"target\":{\"@type\":\"EntryPoint\",\"urlTemplate\":\"https:\/\/citeelegance.net\/?s={search_term_string}\"},\"query-input\":\"required name=search_term_string\"}],\"inLanguage\":\"fr-FR\"},{\"@type\":\"ImageObject\",\"@id\":\"https:\/\/citeelegance.net\/?p=5859#primaryimage\",\"inLanguage\":\"fr-FR\",\"url\":\"https:\/\/citeelegance.net\/wp-content\/uploads\/2020\/05\/PM-1.jpg\",\"contentUrl\":\"https:\/\/citeelegance.net\/wp-content\/uploads\/2020\/05\/PM-1.jpg\",\"width\":340,\"height\":347},{\"@type\":\"WebPage\",\"@id\":\"https:\/\/citeelegance.net\/?p=5859#webpage\",\"url\":\"https:\/\/citeelegance.net\/?p=5859\",\"name\":\"Burkina Faso\u00a0: Retour sur la lecture de la situation nationale du premier ministre au titre des infrastructures et de l\u2019environnement - CITE ELEGANCE\",\"isPartOf\":{\"@id\":\"https:\/\/citeelegance.net\/#website\"},\"primaryImageOfPage\":{\"@id\":\"https:\/\/citeelegance.net\/?p=5859#primaryimage\"},\"datePublished\":\"2020-05-27T16:44:17+00:00\",\"dateModified\":\"2020-05-27T17:12:14+00:00\",\"author\":{\"@id\":\"https:\/\/citeelegance.net\/#\/schema\/person\/e06163d4cd2cfc8a3cfc96dc84443ae4\"},\"breadcrumb\":{\"@id\":\"https:\/\/citeelegance.net\/?p=5859#breadcrumb\"},\"inLanguage\":\"fr-FR\",\"potentialAction\":[{\"@type\":\"ReadAction\",\"target\":[\"https:\/\/citeelegance.net\/?p=5859\"]}]},{\"@type\":\"BreadcrumbList\",\"@id\":\"https:\/\/citeelegance.net\/?p=5859#breadcrumb\",\"itemListElement\":[{\"@type\":\"ListItem\",\"position\":1,\"name\":\"Accueil\",\"item\":\"https:\/\/citeelegance.net\/\"},{\"@type\":\"ListItem\",\"position\":2,\"name\":\"Burkina Faso\u00a0: Retour sur la lecture de la situation nationale du premier ministre au titre des infrastructures et de l\u2019environnement\"}]},{\"@type\":\"Person\",\"@id\":\"https:\/\/citeelegance.net\/#\/schema\/person\/e06163d4cd2cfc8a3cfc96dc84443ae4\",\"name\":\"Kader\",\"url\":\"https:\/\/citeelegance.net\/?author=3\"}]}<\/script>\n<!-- \/ Yoast SEO plugin. -->","yoast_head_json":{"title":"Burkina Faso\u00a0: Retour sur la lecture de la situation nationale du premier ministre au titre des infrastructures et de l\u2019environnement - CITE ELEGANCE","robots":{"index":"index","follow":"follow","max-snippet":"max-snippet:-1","max-image-preview":"max-image-preview:large","max-video-preview":"max-video-preview:-1"},"canonical":"https:\/\/citeelegance.net\/?p=5859","og_locale":"fr_FR","og_type":"article","og_title":"Burkina Faso\u00a0: Retour sur la lecture de la situation nationale du premier ministre au titre des infrastructures et de l\u2019environnement - CITE ELEGANCE","og_description":"Comme l\u2019exige la constitution burkinab\u00e8, le premier ministre s\u2019est pr\u00e9sent\u00e9 \u00e0 l\u2019assembl\u00e9e nationale par devoir de redevabilit\u00e9 pour donner sa lecture sur la situation nationale le 19 mai dernier. Une situation nationale qui est teint\u00e9e par un contexte s\u00e9curitaire et sanitaire qui trouble la stabilit\u00e9 de la soci\u00e9t\u00e9 burkinab\u00e8. Le Magazine Cit\u00e9 El\u00e9gance s\u2019est propos\u00e9 [&hellip;]","og_url":"https:\/\/citeelegance.net\/?p=5859","og_site_name":"CITE ELEGANCE","article_published_time":"2020-05-27T16:44:17+00:00","article_modified_time":"2020-05-27T17:12:14+00:00","og_image":[{"width":340,"height":347,"url":"https:\/\/citeelegance.net\/wp-content\/uploads\/2020\/05\/PM-1.jpg","type":"image\/jpeg"}],"twitter_misc":{"\u00c9crit par":"Kader","Dur\u00e9e de lecture estim\u00e9e":"2 minutes"},"schema":{"@context":"https:\/\/schema.org","@graph":[{"@type":"WebSite","@id":"https:\/\/citeelegance.net\/#website","url":"https:\/\/citeelegance.net\/","name":"CITE ELEGANCE","description":"","potentialAction":[{"@type":"SearchAction","target":{"@type":"EntryPoint","urlTemplate":"https:\/\/citeelegance.net\/?s={search_term_string}"},"query-input":"required name=search_term_string"}],"inLanguage":"fr-FR"},{"@type":"ImageObject","@id":"https:\/\/citeelegance.net\/?p=5859#primaryimage","inLanguage":"fr-FR","url":"https:\/\/citeelegance.net\/wp-content\/uploads\/2020\/05\/PM-1.jpg","contentUrl":"https:\/\/citeelegance.net\/wp-content\/uploads\/2020\/05\/PM-1.jpg","width":340,"height":347},{"@type":"WebPage","@id":"https:\/\/citeelegance.net\/?p=5859#webpage","url":"https:\/\/citeelegance.net\/?p=5859","name":"Burkina Faso\u00a0: Retour sur la lecture de la situation nationale du premier ministre au titre des infrastructures et de l\u2019environnement - CITE ELEGANCE","isPartOf":{"@id":"https:\/\/citeelegance.net\/#website"},"primaryImageOfPage":{"@id":"https:\/\/citeelegance.net\/?p=5859#primaryimage"},"datePublished":"2020-05-27T16:44:17+00:00","dateModified":"2020-05-27T17:12:14+00:00","author":{"@id":"https:\/\/citeelegance.net\/#\/schema\/person\/e06163d4cd2cfc8a3cfc96dc84443ae4"},"breadcrumb":{"@id":"https:\/\/citeelegance.net\/?p=5859#breadcrumb"},"inLanguage":"fr-FR","potentialAction":[{"@type":"ReadAction","target":["https:\/\/citeelegance.net\/?p=5859"]}]},{"@type":"BreadcrumbList","@id":"https:\/\/citeelegance.net\/?p=5859#breadcrumb","itemListElement":[{"@type":"ListItem","position":1,"name":"Accueil","item":"https:\/\/citeelegance.net\/"},{"@type":"ListItem","position":2,"name":"Burkina Faso\u00a0: Retour sur la lecture de la situation nationale du premier ministre au titre des infrastructures et de l\u2019environnement"}]},{"@type":"Person","@id":"https:\/\/citeelegance.net\/#\/schema\/person\/e06163d4cd2cfc8a3cfc96dc84443ae4","name":"Kader","url":"https:\/\/citeelegance.net\/?author=3"}]}},"_links":{"self":[{"href":"https:\/\/citeelegance.net\/index.php?rest_route=\/wp\/v2\/posts\/5859"}],"collection":[{"href":"https:\/\/citeelegance.net\/index.php?rest_route=\/wp\/v2\/posts"}],"about":[{"href":"https:\/\/citeelegance.net\/index.php?rest_route=\/wp\/v2\/types\/post"}],"author":[{"embeddable":true,"href":"https:\/\/citeelegance.net\/index.php?rest_route=\/wp\/v2\/users\/3"}],"replies":[{"embeddable":true,"href":"https:\/\/citeelegance.net\/index.php?rest_route=%2Fwp%2Fv2%2Fcomments&post=5859"}],"version-history":[{"count":1,"href":"https:\/\/citeelegance.net\/index.php?rest_route=\/wp\/v2\/posts\/5859\/revisions"}],"predecessor-version":[{"id":5860,"href":"https:\/\/citeelegance.net\/index.php?rest_route=\/wp\/v2\/posts\/5859\/revisions\/5860"}],"wp:featuredmedia":[{"embeddable":true,"href":"https:\/\/citeelegance.net\/index.php?rest_route=\/wp\/v2\/media\/5862"}],"wp:attachment":[{"href":"https:\/\/citeelegance.net\/index.php?rest_route=%2Fwp%2Fv2%2Fmedia&parent=5859"}],"wp:term":[{"taxonomy":"category","embeddable":true,"href":"https:\/\/citeelegance.net\/index.php?rest_route=%2Fwp%2Fv2%2Fcategories&post=5859"},{"taxonomy":"post_tag","embeddable":true,"href":"https:\/\/citeelegance.net\/index.php?rest_route=%2Fwp%2Fv2%2Ftags&post=5859"}],"curies":[{"name":"wp","href":"https:\/\/api.w.org\/{rel}","templated":true}]}}