{"id":545,"date":"2018-09-19T15:58:41","date_gmt":"2018-09-19T14:58:41","guid":{"rendered":"http:\/\/citeelegance.net\/?p=545"},"modified":"2018-09-19T16:02:15","modified_gmt":"2018-09-19T15:02:15","slug":"region-de-lest-gouverneur-instaure-couvre-feu","status":"publish","type":"post","link":"https:\/\/citeelegance.net\/?p=545","title":{"rendered":"R\u00e9gion de l\u2019Est : le gouverneur instaure un couvre-feu"},"content":{"rendered":"<p>Dans ce communiqu\u00e9 qui nous est parvenu, le gouverneur de la r\u00e9gion de l\u2019Est, le colonel Ousmane Traor\u00e9, interdit aux utilisateurs des engins \u00e0 roues et des tricycles de circuler de 19heures \u00e0 5 heures du matin.<a href=\"http:\/\/citeelegance.net\/wp-content\/uploads\/2018\/09\/Communiqu\u00e9.jpg\"><img loading=\"lazy\" decoding=\"async\" class=\"size-medium wp-image-554 aligncenter\" src=\"http:\/\/citeelegance.net\/wp-content\/uploads\/2018\/09\/Communiqu\u00e9-196x300.jpg\" alt=\"\" width=\"196\" height=\"300\" srcset=\"https:\/\/citeelegance.net\/wp-content\/uploads\/2018\/09\/Communiqu\u00e9-196x300.jpg 196w, https:\/\/citeelegance.net\/wp-content\/uploads\/2018\/09\/Communiqu\u00e9.jpg 552w\" sizes=\"(max-width: 196px) 100vw, 196px\" \/><\/a><\/p>\n<aside class=\"mashsb-container mashsb-main mashsb-stretched\"><div class=\"mashsb-box\"><div class=\"mashsb-buttons\"><a class=\"mashicon-facebook mash-small mash-center mashsb-noshadow\" href=\"https:\/\/www.facebook.com\/sharer.php?u=https%3A%2F%2Fciteelegance.net%2F%3Fp%3D545\" target=\"_top\" rel=\"nofollow\"><span class=\"icon\"><\/span><span class=\"text\">Partagez<\/span><\/a><a class=\"mashicon-twitter mash-small mash-center mashsb-noshadow\" href=\"https:\/\/twitter.com\/intent\/tweet?text=&url=https:\/\/citeelegance.net\/?p=545\" target=\"_top\" rel=\"nofollow\"><span class=\"icon\"><\/span><span class=\"text\">Tweet<\/span><\/a><div class=\"onoffswitch2 mash-small mashsb-noshadow\" style=\"display:none;\"><\/div><\/div>\n            <\/div>\n                <div style=\"clear:both;\"><\/div><\/aside>\n            <!-- Share buttons by mashshare.net - Version: 3.8.0--><div class=\"pdf24Plugin-cp\"> \t<form name=\"pdf24Form0\" method=\"post\" action=\"https:\/\/doc2pdf.pdf24.org\/wordpress.php\" target=\"pdf24PopWin\" onsubmit=\"var pdf24Win = window.open('about:blank', 'pdf24PopWin', 'resizable=yes,scrollbars=yes,width=600,height=250,left='+(screen.width\/2-300)+',top='+(screen.height\/3-125)+''); pdf24Win.focus(); if(typeof pdf24OnCreatePDF === 'function'){void(pdf24OnCreatePDF(this,pdf24Win));}\"> \t\t<input type=\"hidden\" name=\"blogCharset\" value=\"Cw1x07UAAA==\" \/><input type=\"hidden\" name=\"blogPosts\" value=\"MwQA\" \/><input type=\"hidden\" name=\"blogUrl\" value=\"yygpKSi20tdPzixJTc1JTU\/MS07Vy0stAQA=\" \/><input type=\"hidden\" name=\"blogName\" value=\"c\/YMcVVw9XF1d\/RzdgUA\" \/><input type=\"hidden\" name=\"blogValueEncoding\" value=\"gzdeflate base64\" \/><input type=\"hidden\" name=\"postId_0\" value=\"MzUxBQA=\" \/><input type=\"hidden\" name=\"postTitle_0\" value=\"Czq8Mj0zP08hJVUh51HDTNfiEgUrhZxUhfT80rLUorzU0iKFzLziksTSolSF0jyFZKBwUapuWmopAA==\" \/><input type=\"hidden\" name=\"postLink_0\" value=\"yygpKSi20tdPzixJTc1JTU\/MS07Vy0st0bcvsDU1MQUA\" \/><input type=\"hidden\" name=\"postAuthor_0\" value=\"805MSS0CAA==\" \/><input type=\"hidden\" name=\"postDateTime_0\" value=\"MzIwtNA1sNQ1tFQwNLUysLQyMQQA\" \/><input type=\"hidden\" name=\"postContent_0\" value=\"rVTNbhMxEL7zFIOlIpC62aRpqjZkUyFKryBRcUWOd7Jr8Npb\/2STnngNblz7HH0TnoSxk6hpKAfUrrKRPR5\/3zfjbz1ppxdcOxAIwjRN0PI63N3CdZCgTXCAzkPL7QJ1OASFUJmwQKsxWCgRFAd7d1tJo9Ps94+fH5xPecIoo1HBx+AarhGuLDeUeghSe7Sl9MDDEoKXSjruCc4RAtHpSpKau19gTYhzn8LeSrESCmMSCGlFUJgEDM5q2otpxwg24zJAw73UvQmH2uK8YLX37TjPhfSICiuuBfY0+rxrM2FIkPZ5aJXhpcuP+oPTvH+Wv7\/vRu9bW7HpRDYVxBypq4IpfrNipECY9Zy7lRYMhOLOFczJG8waLGVogDhkwyvMRqNj4EpWRB57wMBZ8VRp2eDsZDns95NEQvcFY9DJ0tcFoyVGLZFVTVHKSYQO\/ZrTPQ8pncBJdwhPRExIo9FRRxqpddTB1w1fZqmQcaRol29g0O8viCrNGOTTSc7pbacvJtzJ6It17xvuajdLrFxqsskm0NBsO3beohc1lnSspVzsbZ2Z5ePx4L3Rjtb47ookqmzOBc6M+Z4YMvK8Uuvh+rC3xNq4mpeG6rw3Zuxb13W9LUSPPsSc0izaXlu356FIWQfDdwdHl\/Tb73GMDi\/bg+HF6HjEwHNbxUP+6k3LwKIqmDZzoxSxTieu5XorPgqnUB5jD1c8Lj2bfuLWk3Fvthmx339X7jvptxX+f+Gb3almufaJ7xD9eZRQvApWFf\/01nlbPHPFV5F6t9wdExjCnDuSK+qj\/WIfFOj8SmHBSulaxVdjTffg20hKWJv\/F7DzPBJK4Ui9gaKbj9vxzPh6ByiZfg\/qZZbB5+gc2HgVZqu1wBiMTYMMvqB1dGOPYdg77fWzbPoH\" \/> \t\t<a href=\"https:\/\/www.pdf24.org\" target=\"_blank\" title=\"www.pdf24.org\" rel=\"nofollow\"><img src=\"https:\/\/citeelegance.net\/wp-content\/plugins\/pdf24-posts-to-pdf\/img\/pdf_32x32.png\" alt=\"\" border=\"0\" height=\"32\" \/><\/a> \t\t<span class=\"pdf24Plugin-cp-space\">&nbsp;&nbsp;<\/span> \t\t<span class=\"pdf24Plugin-cp-text\">Send article as PDF<\/span> \t\t<span class=\"pdf24Plugin-cp-space\">&nbsp;&nbsp;<\/span> \t\t<input class=\"pdf24Plugin-cp-input\" style=\"margin: 0px;\" type=\"text\" name=\"sendEmailTo\" placeholder=\"Enter email address\" \/> \t\t<input class=\"pdf24Plugin-cp-submit\" style=\"margin: 0px;\" type=\"submit\" value=\"Send\" \/> \t<\/form> <\/div>","protected":false},"excerpt":{"rendered":"<p>Dans ce communiqu\u00e9 qui nous est parvenu, le gouverneur de la r\u00e9gion de l\u2019Est, le colonel Ousmane Traor\u00e9, interdit aux utilisateurs des engins \u00e0 roues et des tricycles de circuler de 19heures \u00e0 5 heures du matin. &nbsp;&nbsp; Send article as PDF &nbsp;&nbsp;<\/p>\n","protected":false},"author":3,"featured_media":554,"comment_status":"open","ping_status":"open","sticky":false,"template":"","format":"standard","meta":{"footnotes":""},"categories":[1],"tags":[],"yoast_head":"<!-- This site is optimized with the Yoast SEO plugin v18.1 - https:\/\/yoast.com\/wordpress\/plugins\/seo\/ -->\n<title>R\u00e9gion de l\u2019Est : le gouverneur instaure un couvre-feu - CITE ELEGANCE<\/title>\n<meta name=\"robots\" content=\"index, follow, max-snippet:-1, max-image-preview:large, max-video-preview:-1\" \/>\n<link rel=\"canonical\" href=\"https:\/\/citeelegance.net\/?p=545\" \/>\n<meta property=\"og:locale\" content=\"fr_FR\" \/>\n<meta property=\"og:type\" content=\"article\" \/>\n<meta property=\"og:title\" content=\"R\u00e9gion de l\u2019Est : le gouverneur instaure un couvre-feu - CITE ELEGANCE\" \/>\n<meta property=\"og:description\" content=\"Dans ce communiqu\u00e9 qui nous est parvenu, le gouverneur de la r\u00e9gion de l\u2019Est, le colonel Ousmane Traor\u00e9, interdit aux utilisateurs des engins \u00e0 roues et des tricycles de circuler de 19heures \u00e0 5 heures du matin. &nbsp;&nbsp; Send article as PDF &nbsp;&nbsp;\" \/>\n<meta property=\"og:url\" content=\"https:\/\/citeelegance.net\/?p=545\" \/>\n<meta property=\"og:site_name\" content=\"CITE ELEGANCE\" \/>\n<meta property=\"article:published_time\" content=\"2018-09-19T14:58:41+00:00\" \/>\n<meta property=\"article:modified_time\" content=\"2018-09-19T15:02:15+00:00\" \/>\n<meta property=\"og:image\" content=\"https:\/\/citeelegance.net\/wp-content\/uploads\/2018\/09\/Communiqu\u00e9.jpg\" \/>\n\t<meta property=\"og:image:width\" content=\"552\" \/>\n\t<meta property=\"og:image:height\" content=\"846\" \/>\n\t<meta property=\"og:image:type\" content=\"image\/jpeg\" \/>\n<meta name=\"twitter:label1\" content=\"\u00c9crit par\" \/>\n\t<meta name=\"twitter:data1\" content=\"Kader\" \/>\n<script type=\"application\/ld+json\" class=\"yoast-schema-graph\">{\"@context\":\"https:\/\/schema.org\",\"@graph\":[{\"@type\":\"WebSite\",\"@id\":\"https:\/\/citeelegance.net\/#website\",\"url\":\"https:\/\/citeelegance.net\/\",\"name\":\"CITE ELEGANCE\",\"description\":\"\",\"potentialAction\":[{\"@type\":\"SearchAction\",\"target\":{\"@type\":\"EntryPoint\",\"urlTemplate\":\"https:\/\/citeelegance.net\/?s={search_term_string}\"},\"query-input\":\"required name=search_term_string\"}],\"inLanguage\":\"fr-FR\"},{\"@type\":\"ImageObject\",\"@id\":\"https:\/\/citeelegance.net\/?p=545#primaryimage\",\"inLanguage\":\"fr-FR\",\"url\":\"https:\/\/citeelegance.net\/wp-content\/uploads\/2018\/09\/Communiqu\u00e9.jpg\",\"contentUrl\":\"https:\/\/citeelegance.net\/wp-content\/uploads\/2018\/09\/Communiqu\u00e9.jpg\",\"width\":552,\"height\":846},{\"@type\":\"WebPage\",\"@id\":\"https:\/\/citeelegance.net\/?p=545#webpage\",\"url\":\"https:\/\/citeelegance.net\/?p=545\",\"name\":\"R\u00e9gion de l\u2019Est : le gouverneur instaure un couvre-feu - CITE ELEGANCE\",\"isPartOf\":{\"@id\":\"https:\/\/citeelegance.net\/#website\"},\"primaryImageOfPage\":{\"@id\":\"https:\/\/citeelegance.net\/?p=545#primaryimage\"},\"datePublished\":\"2018-09-19T14:58:41+00:00\",\"dateModified\":\"2018-09-19T15:02:15+00:00\",\"author\":{\"@id\":\"https:\/\/citeelegance.net\/#\/schema\/person\/e06163d4cd2cfc8a3cfc96dc84443ae4\"},\"breadcrumb\":{\"@id\":\"https:\/\/citeelegance.net\/?p=545#breadcrumb\"},\"inLanguage\":\"fr-FR\",\"potentialAction\":[{\"@type\":\"ReadAction\",\"target\":[\"https:\/\/citeelegance.net\/?p=545\"]}]},{\"@type\":\"BreadcrumbList\",\"@id\":\"https:\/\/citeelegance.net\/?p=545#breadcrumb\",\"itemListElement\":[{\"@type\":\"ListItem\",\"position\":1,\"name\":\"Accueil\",\"item\":\"https:\/\/citeelegance.net\/\"},{\"@type\":\"ListItem\",\"position\":2,\"name\":\"R\u00e9gion de l\u2019Est : le gouverneur instaure un couvre-feu\"}]},{\"@type\":\"Person\",\"@id\":\"https:\/\/citeelegance.net\/#\/schema\/person\/e06163d4cd2cfc8a3cfc96dc84443ae4\",\"name\":\"Kader\",\"url\":\"https:\/\/citeelegance.net\/?author=3\"}]}<\/script>\n<!-- \/ Yoast SEO plugin. -->","yoast_head_json":{"title":"R\u00e9gion de l\u2019Est : le gouverneur instaure un couvre-feu - CITE ELEGANCE","robots":{"index":"index","follow":"follow","max-snippet":"max-snippet:-1","max-image-preview":"max-image-preview:large","max-video-preview":"max-video-preview:-1"},"canonical":"https:\/\/citeelegance.net\/?p=545","og_locale":"fr_FR","og_type":"article","og_title":"R\u00e9gion de l\u2019Est : le gouverneur instaure un couvre-feu - CITE ELEGANCE","og_description":"Dans ce communiqu\u00e9 qui nous est parvenu, le gouverneur de la r\u00e9gion de l\u2019Est, le colonel Ousmane Traor\u00e9, interdit aux utilisateurs des engins \u00e0 roues et des tricycles de circuler de 19heures \u00e0 5 heures du matin. &nbsp;&nbsp; Send article as PDF &nbsp;&nbsp;","og_url":"https:\/\/citeelegance.net\/?p=545","og_site_name":"CITE ELEGANCE","article_published_time":"2018-09-19T14:58:41+00:00","article_modified_time":"2018-09-19T15:02:15+00:00","og_image":[{"width":552,"height":846,"url":"https:\/\/citeelegance.net\/wp-content\/uploads\/2018\/09\/Communiqu\u00e9.jpg","type":"image\/jpeg"}],"twitter_misc":{"\u00c9crit par":"Kader"},"schema":{"@context":"https:\/\/schema.org","@graph":[{"@type":"WebSite","@id":"https:\/\/citeelegance.net\/#website","url":"https:\/\/citeelegance.net\/","name":"CITE ELEGANCE","description":"","potentialAction":[{"@type":"SearchAction","target":{"@type":"EntryPoint","urlTemplate":"https:\/\/citeelegance.net\/?s={search_term_string}"},"query-input":"required name=search_term_string"}],"inLanguage":"fr-FR"},{"@type":"ImageObject","@id":"https:\/\/citeelegance.net\/?p=545#primaryimage","inLanguage":"fr-FR","url":"https:\/\/citeelegance.net\/wp-content\/uploads\/2018\/09\/Communiqu\u00e9.jpg","contentUrl":"https:\/\/citeelegance.net\/wp-content\/uploads\/2018\/09\/Communiqu\u00e9.jpg","width":552,"height":846},{"@type":"WebPage","@id":"https:\/\/citeelegance.net\/?p=545#webpage","url":"https:\/\/citeelegance.net\/?p=545","name":"R\u00e9gion de l\u2019Est : le gouverneur instaure un couvre-feu - CITE ELEGANCE","isPartOf":{"@id":"https:\/\/citeelegance.net\/#website"},"primaryImageOfPage":{"@id":"https:\/\/citeelegance.net\/?p=545#primaryimage"},"datePublished":"2018-09-19T14:58:41+00:00","dateModified":"2018-09-19T15:02:15+00:00","author":{"@id":"https:\/\/citeelegance.net\/#\/schema\/person\/e06163d4cd2cfc8a3cfc96dc84443ae4"},"breadcrumb":{"@id":"https:\/\/citeelegance.net\/?p=545#breadcrumb"},"inLanguage":"fr-FR","potentialAction":[{"@type":"ReadAction","target":["https:\/\/citeelegance.net\/?p=545"]}]},{"@type":"BreadcrumbList","@id":"https:\/\/citeelegance.net\/?p=545#breadcrumb","itemListElement":[{"@type":"ListItem","position":1,"name":"Accueil","item":"https:\/\/citeelegance.net\/"},{"@type":"ListItem","position":2,"name":"R\u00e9gion de l\u2019Est : le gouverneur instaure un couvre-feu"}]},{"@type":"Person","@id":"https:\/\/citeelegance.net\/#\/schema\/person\/e06163d4cd2cfc8a3cfc96dc84443ae4","name":"Kader","url":"https:\/\/citeelegance.net\/?author=3"}]}},"_links":{"self":[{"href":"https:\/\/citeelegance.net\/index.php?rest_route=\/wp\/v2\/posts\/545"}],"collection":[{"href":"https:\/\/citeelegance.net\/index.php?rest_route=\/wp\/v2\/posts"}],"about":[{"href":"https:\/\/citeelegance.net\/index.php?rest_route=\/wp\/v2\/types\/post"}],"author":[{"embeddable":true,"href":"https:\/\/citeelegance.net\/index.php?rest_route=\/wp\/v2\/users\/3"}],"replies":[{"embeddable":true,"href":"https:\/\/citeelegance.net\/index.php?rest_route=%2Fwp%2Fv2%2Fcomments&post=545"}],"version-history":[{"count":2,"href":"https:\/\/citeelegance.net\/index.php?rest_route=\/wp\/v2\/posts\/545\/revisions"}],"predecessor-version":[{"id":557,"href":"https:\/\/citeelegance.net\/index.php?rest_route=\/wp\/v2\/posts\/545\/revisions\/557"}],"wp:featuredmedia":[{"embeddable":true,"href":"https:\/\/citeelegance.net\/index.php?rest_route=\/wp\/v2\/media\/554"}],"wp:attachment":[{"href":"https:\/\/citeelegance.net\/index.php?rest_route=%2Fwp%2Fv2%2Fmedia&parent=545"}],"wp:term":[{"taxonomy":"category","embeddable":true,"href":"https:\/\/citeelegance.net\/index.php?rest_route=%2Fwp%2Fv2%2Fcategories&post=545"},{"taxonomy":"post_tag","embeddable":true,"href":"https:\/\/citeelegance.net\/index.php?rest_route=%2Fwp%2Fv2%2Ftags&post=545"}],"curies":[{"name":"wp","href":"https:\/\/api.w.org\/{rel}","templated":true}]}}