{"id":5147,"date":"2020-03-02T16:29:30","date_gmt":"2020-03-02T15:29:30","guid":{"rendered":"http:\/\/citeelegance.net\/?p=5147"},"modified":"2020-03-02T16:37:24","modified_gmt":"2020-03-02T15:37:24","slug":"burkina-faso-la-revue-2020-du-cadre-sectoriel-de-dialogue-transformations-industrielles-et-artisanales-a-ete-mise-en-place","status":"publish","type":"post","link":"https:\/\/citeelegance.net\/?p=5147","title":{"rendered":"Burkina Faso\u00a0: La revue 2020 du cadre sectoriel de dialogue \u00ab\u00a0Transformations industrielles et artisanales\u00a0\u00bb a \u00e9t\u00e9 mise en place"},"content":{"rendered":"<p><strong>Le minist\u00e8re du commerce, de l\u2019industrie et de l\u2019artisanat\u00a0 a proc\u00e9d\u00e9 \u00e0 la mise en place de la revue annuelle 2020 du cadre sectoriel de dialogue \u00ab\u00a0Transformations industrielles et artisanales\u00a0\u00bb, ce lundi 2 mars 2020 \u00e0 Ouagadougou. Cette revue sectorielle est consacr\u00e9e \u00e0 la validation du rapport de performances 2019 du secteur de la planification. La pr\u00e9sente c\u00e9r\u00e9monie a \u00e9t\u00e9 pr\u00e9sid\u00e9e par le ministre du commerce, de l\u2019industrie et de l\u2019artisanat, M. Harouna Kabore.<\/strong><\/p>\n<p>Le cadre sectoriel de dialogue \u00ab\u00a0<em>Transformations industrielles et artisanales\u00a0<\/em>\u00bb est pr\u00e9cis\u00e9ment une v\u00e9ritable tribune d\u2019\u00e9changes sur les questions strat\u00e9giques li\u00e9es \u00e0 la vie de ce secteur, principal moteur de la transformation structurelle de l\u2019\u00e9conomie du Burkina Faso. Il est \u00e0 pr\u00e9ciser que les cadres sectoriels de dialogue ont \u00e9t\u00e9 instaur\u00e9s pour servir d\u2019instances privil\u00e9gi\u00e9es de concertation entre les diff\u00e9rents acteurs impliqu\u00e9s dans l\u2019atteinte des objectifs des r\u00e9f\u00e9rentiels sectoriels en termes de coordination, de dialogue et de suivi-\u00e9valuation de la mise en place du PNDES.<\/p>\n<p>La revue sectorielle annuelle 2020 du cadre sectoriel de dialogue offre l\u2019opportunit\u00e9 d\u2019appr\u00e9cier les performances sectorielles r\u00e9alis\u00e9es au cours de l\u2019ann\u00e9e 2019 \u00e0 travers le projet de rapport soumis \u00e0 l\u2019examen, et cela en lien avec les principaux objectifs assign\u00e9s au secteur. Au titre des objectifs, il convient de noter entre autres la promotion de la bonne gouvernance \u00e9conomique\u00a0; le d\u00e9veloppement d\u2019un secteur industriel et artisanal comp\u00e9titif \u00e0 forte valeur ajout\u00e9e et cr\u00e9ateur d\u2019emplois d\u00e9cents\u00a0; le d\u00e9veloppement des infrastructures de qualit\u00e9 et r\u00e9silientes. En ce qui concerne les acquis de l\u2019ann\u00e9e 2019, malgr\u00e9 le resserrement de la contrainte financi\u00e8re, il faut noter l\u2019adoption des textes d\u2019application du code minier et du code des investissements, la construction des centrales photovolta\u00efques dans 14 centres m\u00e9dicaux avec antennes chirurgicales, l\u2019op\u00e9rationnalisation du village artisanal de Kaya, l\u2019octroi de 550 m\u00e9tiers \u00e0 tisser \u00e0 des associations.<\/p>\n<p><a href=\"http:\/\/citeelegance.net\/wp-content\/uploads\/2020\/03\/WhatsApp-Image-2020-03-02-at-12.09.57.jpg\"><img loading=\"lazy\" decoding=\"async\" class=\" wp-image-5151 alignright\" src=\"http:\/\/citeelegance.net\/wp-content\/uploads\/2020\/03\/WhatsApp-Image-2020-03-02-at-12.09.57-300x207.jpg\" alt=\"\" width=\"249\" height=\"172\" srcset=\"https:\/\/citeelegance.net\/wp-content\/uploads\/2020\/03\/WhatsApp-Image-2020-03-02-at-12.09.57-300x207.jpg 300w, https:\/\/citeelegance.net\/wp-content\/uploads\/2020\/03\/WhatsApp-Image-2020-03-02-at-12.09.57-360x250.jpg 360w, https:\/\/citeelegance.net\/wp-content\/uploads\/2020\/03\/WhatsApp-Image-2020-03-02-at-12.09.57.jpg 740w\" sizes=\"(max-width: 249px) 100vw, 249px\" \/><\/a>Le ministre du commerce, M. Harouna Kabor\u00e9, a soutenu lors de son allocution que c\u2019est le moment de tirer des enseignements utiles pour envisager avec s\u00e9r\u00e9nit\u00e9, les r\u00e9formes \u00e0 op\u00e9rer par son secteur dans les ann\u00e9es \u00e0 venir, surtout pour l\u2019ann\u00e9e 2020. Par ailleurs, il ajoute qu\u2019il ne doute point de la qualit\u00e9 du dialogue et qu\u2019il demeure convaincu que ses \u00e9changes permettront d\u2019obtenir un document consensuel de qualit\u00e9 qui pr\u00e9sente avec objectivit\u00e9 le bilan annuel 2019 des diff\u00e9rentes interventions dans le secteur des transformations industrielles et artisanales. Avant de d\u00e9clarer ouverte la session de la revue sectorielle annuelle 2020, le ministre a souhait\u00e9 un plein succ\u00e8s aux travaux.<\/p>\n<p>&nbsp;<\/p>\n<p><strong>Isma\u00ebl KIEKIETA<\/strong><\/p>\n<aside class=\"mashsb-container mashsb-main mashsb-stretched\"><div class=\"mashsb-box\"><div class=\"mashsb-buttons\"><a class=\"mashicon-facebook mash-small mash-center mashsb-noshadow\" href=\"https:\/\/www.facebook.com\/sharer.php?u=https%3A%2F%2Fciteelegance.net%2F%3Fp%3D5147\" target=\"_top\" rel=\"nofollow\"><span class=\"icon\"><\/span><span class=\"text\">Partagez<\/span><\/a><a class=\"mashicon-twitter mash-small mash-center mashsb-noshadow\" href=\"https:\/\/twitter.com\/intent\/tweet?text=&url=https:\/\/citeelegance.net\/?p=5147\" target=\"_top\" rel=\"nofollow\"><span class=\"icon\"><\/span><span class=\"text\">Tweet<\/span><\/a><div class=\"onoffswitch2 mash-small mashsb-noshadow\" style=\"display:none;\"><\/div><\/div>\n            <\/div>\n                <div style=\"clear:both;\"><\/div><\/aside>\n            <!-- Share buttons by mashshare.net - Version: 3.8.0--><div class=\"pdf24Plugin-cp\"> \t<form name=\"pdf24Form0\" method=\"post\" action=\"https:\/\/doc2pdf.pdf24.org\/wordpress.php\" target=\"pdf24PopWin\" onsubmit=\"var pdf24Win = window.open('about:blank', 'pdf24PopWin', 'resizable=yes,scrollbars=yes,width=600,height=250,left='+(screen.width\/2-300)+',top='+(screen.height\/3-125)+''); pdf24Win.focus(); if(typeof pdf24OnCreatePDF === 'function'){void(pdf24OnCreatePDF(this,pdf24Win));}\"> \t\t<input type=\"hidden\" name=\"blogCharset\" value=\"Cw1x07UAAA==\" \/><input type=\"hidden\" name=\"blogPosts\" value=\"MwQA\" \/><input type=\"hidden\" name=\"blogUrl\" value=\"yygpKSi20tdPzixJTc1JTU\/MS07Vy0stAQA=\" \/><input type=\"hidden\" name=\"blogName\" value=\"c\/YMcVVw9XF1d\/RzdgUA\" \/><input type=\"hidden\" name=\"blogValueEncoding\" value=\"gzdeflate base64\" \/><input type=\"hidden\" name=\"postId_0\" value=\"MzU0MQcA\" \/><input type=\"hidden\" name=\"postTitle_0\" value=\"FcqxDcIwEAXQVf4IUUpKCipKFviyD3TCOaM7m3nSRoxA5yxGKJ\/0zt2fasSFUcd6wpVweXfBPM0TckdidkFIatVVCrIgK0t9HGd8xnpzWtyrL2xaLaCWe7R\/LRKQBnrToPHgWMcXxL61fcOiIRDDqzDJDw==\" \/><input type=\"hidden\" name=\"postLink_0\" value=\"yygpKSi20tdPzixJTc1JTU\/MS07Vy0st0bcvsDU1NDEHAA==\" \/><input type=\"hidden\" name=\"postAuthor_0\" value=\"805MSS0CAA==\" \/><input type=\"hidden\" name=\"postDateTime_0\" value=\"MzIwMtA1MNY1MFIwNLMyMLYyNgAA\" \/><input type=\"hidden\" name=\"postContent_0\" value=\"tVfNbhtHEr7nKXoHcLALkEOKsuJYJmV4NzZiOLsbIEZyXDRnmsN2errH\/UNKPu1r7E3HCDnsA+Qmvsk+Sb6qnqFIQdnAi7UgSJye7qqvvqr6ujjvLuYhemebi2+UaLXVIe5+8krUSVSubZWv1EjUSpj\/\/PNf2tYJm7USKg5r0kcdpJXx9lpI0XlX7W7q3Y3YXQsjYTBgsxWdkZXiI1J4tUlKSGuTMkaJ2XQ2ZW+yhtugqujgwdDmWkvjGmy+\/fn2+q2XNqycb2XUzgaxBwMjgQANSPB4e337y0jAo0m21mImWulD9gRcf0+ykbVLjUul+IuKUfWY9s4BS4UIAmyQld\/dqD6cjTS6Zv+E2Muuc56Z6JRnaLZS5OfkKb0ncyr5PmxQYPVKV3y8FN8QWbuboCzcgzN8bp0FtVLsbiII5Le6Jued9MIM2flfcjMSfy3F19K7ZKV4I5fOq3I+6fM+n3QXn807yv\/v5WCu2ouPy8N8giO3vzCdFFGlAwJF0CJZJTaIW0e5RHCwsKSlGrixbS1tA3MhUeRBvE8wwO7gSoKeRtOSMBr8hCE7mkusUgPzI7jUttKdNKJ1B7mIRzGQzVTF5DnxPXfA4KxrNbP95+R\/1KDulQyuFK8NhwOnfUTKE0AGygyGOwrDEYcOcefsahuiTJRi0Tnggo2N9hw9v+JCAvqNNhQsR0mxObzwMcMGiz57rfVqBSqxEITk0JGXtjMgiTzUiDYXBGpdU8HVOOSW74BSrwI\/AUpvglEfBID2jcq3AwDna1BBAEZHseWyCwmQx7sbdErqG0U9IARJfPu3r15+V+5rTz7Qgh8lEW618jlzjrsyWU08E6FoU86TyrV01KsH\/pgDNHhgsiX1GPE49JK11Irc28g8Kmij8BbooHnvcvCDIASXEC9XJU6qS4mCHxFBlQIVYMFo\/IGBKgPqizRdHuREhqAbS9mTeyUpxYskomYJOEzgSGhDpYEGsAzEoth9Xx8yRapIw+KMLrjLydJZNBxUEJFYokMMRY9qvr1+RsFBfzbKgFLFTUt0JrtXtrveP2p8UqcOda4BjlgA3ag5lASdke9cikQl8UGM574kolCxDrzBZ0Wl\/BsQFGnOyst913KO3iekjjIOs6ycxHFUoRQvLUnC+6T77rG5Z2SFpYfSO8JtYRrYIOewjtb0g2uiDVaQfW6jlSbeNF2YnIMVyO7JZ6O163q+A3roMhLUXJCmvwiyltdZ3Clncb+SA92Q8AEDAUCis\/8c+mCZyPKSK2ntots4E+Xu36yP3Pknj\/MWPLe4nOEZlcbVJxEEagAm1ton3+AVzIz6NoIcMEZLTbFHC0UyslEH2QbWN\/JK9scq3Cqa1s7OpuQPeuK5FzgMT58INOrbVTrfIXsZmEux9mq1KNYxdueTSaWjUkY1VJylVXGy7cZEP6KZJBSLrMOExGEyPZ38sJYxvOi68esW8Ma0PJ6ejqezsYzjk1k5fVqePSnfdU1xMddtI+i0ts2iMPLDVQFMIJ2fZbiyVSEqA4iLQsClZotnJ2cnAlQ01utmHQsRfPXpkI5Pp9PL2TQjhtu4KIBF13G9KGaPnxZirQjFojh5MmMoQcWMJnxqOAKftyPxCX19AV9n0+zri0\/qi308eTzdgkP9QSHhf2zl5ZiJPhcgurv8kziZTjcAwU+FmGBiknfT8v157P6ktbsZYabDlQCQCVWXr5SAZpLGuCpxX9H4UJEEYq6gSc8NehO1V54bRtmAjNssBALHuOFpdlAQ\/oAQfW7qwMMkX38j0V9rdOHlOYnbGltppiQQ+yGVZwRqTFZC3rtRVmOIwhAWAT87OxLL2bQU38KQhCbQ0MEiyAJPgkuzjBE00\/FC5\/ReQ\/dqDeoOJ4jhUI0woex8qUFqq8QMBYK1nw07GkoizbD5XnLLSHgxWMJhlZhB0koQl\/KwsPdKl8Hd9M2s9Zfpht8jBUuNeb0fQfqJ\/mjQYnGG0G9oYqLBtCfwYOoP9+bM\/z4r43LfyEwQXYBGUpb4bo5MGYIPd3f370xLo6PvC1x+a8mhJZrBMAQiq1W1+4nGi0ueZvB\/r8Of22Xonu1Vuf+i8Dq0cvezEW9ev8Tv2xf3vkFIfFtRg2y2MqzDknsT+UMk\/UKLp+EzYYvVWtVQ5Fpv7h1dusuH11OM4LKgy+LgjYar8QrD5dK5H9nDGHCNyR\/p\/rsDYV1Y425Gz9\/dNqQu2+22HEyU6OgJtiELZbfunqcF73p0+uLR7BV+7ysRrZ6+6h6dfnV28vhJIaL0DSnyP6LrCqTLLArrVg4tvwX00KG4evSEHEsTWjt+QyNDcYEGi+juD8MOiM8DocetjkOIHx95f5qD1llO41ap+JwgLD5P3ix+U4Kfd4v\/d8hvyfdhvAdlgAF1tQrAW61n96M9ijDEK6MWRa0DvnRcnVtn1TNyClv938\/Ewc8DS7xMrntTlVHSny9dXB8Y4rK\/Z+oP47H4jmpH9NUqllcZIC0Sa2IsvsdchIY+F6fll+V0PL74FQ==\" \/> \t\t<a href=\"https:\/\/www.pdf24.org\" target=\"_blank\" title=\"www.pdf24.org\" rel=\"nofollow\"><img src=\"https:\/\/citeelegance.net\/wp-content\/plugins\/pdf24-posts-to-pdf\/img\/pdf_32x32.png\" alt=\"\" border=\"0\" height=\"32\" \/><\/a> \t\t<span class=\"pdf24Plugin-cp-space\">&nbsp;&nbsp;<\/span> \t\t<span class=\"pdf24Plugin-cp-text\">Send article as PDF<\/span> \t\t<span class=\"pdf24Plugin-cp-space\">&nbsp;&nbsp;<\/span> \t\t<input class=\"pdf24Plugin-cp-input\" style=\"margin: 0px;\" type=\"text\" name=\"sendEmailTo\" placeholder=\"Enter email address\" \/> \t\t<input class=\"pdf24Plugin-cp-submit\" style=\"margin: 0px;\" type=\"submit\" value=\"Send\" \/> \t<\/form> <\/div>","protected":false},"excerpt":{"rendered":"<p>Le minist\u00e8re du commerce, de l\u2019industrie et de l\u2019artisanat\u00a0 a proc\u00e9d\u00e9 \u00e0 la mise en place de la revue annuelle 2020 du cadre sectoriel de dialogue \u00ab\u00a0Transformations industrielles et artisanales\u00a0\u00bb, ce lundi 2 mars 2020 \u00e0 Ouagadougou. Cette revue sectorielle est consacr\u00e9e \u00e0 la validation du rapport de performances 2019 du secteur de la planification. [&hellip;]<\/p>\n","protected":false},"author":3,"featured_media":5148,"comment_status":"open","ping_status":"closed","sticky":false,"template":"","format":"standard","meta":{"footnotes":""},"categories":[2,7,16],"tags":[],"yoast_head":"<!-- This site is optimized with the Yoast SEO plugin v18.1 - https:\/\/yoast.com\/wordpress\/plugins\/seo\/ -->\n<title>Burkina Faso\u00a0: La revue 2020 du cadre sectoriel de dialogue \u00ab\u00a0Transformations industrielles et artisanales\u00a0\u00bb a \u00e9t\u00e9 mise en place - CITE ELEGANCE<\/title>\n<meta name=\"robots\" content=\"index, follow, max-snippet:-1, max-image-preview:large, max-video-preview:-1\" \/>\n<link rel=\"canonical\" href=\"https:\/\/citeelegance.net\/?p=5147\" \/>\n<meta property=\"og:locale\" content=\"fr_FR\" \/>\n<meta property=\"og:type\" content=\"article\" \/>\n<meta property=\"og:title\" content=\"Burkina Faso\u00a0: La revue 2020 du cadre sectoriel de dialogue \u00ab\u00a0Transformations industrielles et artisanales\u00a0\u00bb a \u00e9t\u00e9 mise en place - CITE ELEGANCE\" \/>\n<meta property=\"og:description\" content=\"Le minist\u00e8re du commerce, de l\u2019industrie et de l\u2019artisanat\u00a0 a proc\u00e9d\u00e9 \u00e0 la mise en place de la revue annuelle 2020 du cadre sectoriel de dialogue \u00ab\u00a0Transformations industrielles et artisanales\u00a0\u00bb, ce lundi 2 mars 2020 \u00e0 Ouagadougou. Cette revue sectorielle est consacr\u00e9e \u00e0 la validation du rapport de performances 2019 du secteur de la planification. [&hellip;]\" \/>\n<meta property=\"og:url\" content=\"https:\/\/citeelegance.net\/?p=5147\" \/>\n<meta property=\"og:site_name\" content=\"CITE ELEGANCE\" \/>\n<meta property=\"article:published_time\" content=\"2020-03-02T15:29:30+00:00\" \/>\n<meta property=\"article:modified_time\" content=\"2020-03-02T15:37:24+00:00\" \/>\n<meta property=\"og:image\" content=\"https:\/\/citeelegance.net\/wp-content\/uploads\/2020\/03\/WhatsApp-Image-2020-03-02-at-13.23.03.jpg\" \/>\n\t<meta property=\"og:image:width\" content=\"1067\" \/>\n\t<meta property=\"og:image:height\" content=\"580\" \/>\n\t<meta property=\"og:image:type\" content=\"image\/jpeg\" \/>\n<meta name=\"twitter:label1\" content=\"\u00c9crit par\" \/>\n\t<meta name=\"twitter:data1\" content=\"Kader\" \/>\n\t<meta name=\"twitter:label2\" content=\"Dur\u00e9e de lecture estim\u00e9e\" \/>\n\t<meta name=\"twitter:data2\" content=\"2 minutes\" \/>\n<script type=\"application\/ld+json\" class=\"yoast-schema-graph\">{\"@context\":\"https:\/\/schema.org\",\"@graph\":[{\"@type\":\"WebSite\",\"@id\":\"https:\/\/citeelegance.net\/#website\",\"url\":\"https:\/\/citeelegance.net\/\",\"name\":\"CITE ELEGANCE\",\"description\":\"\",\"potentialAction\":[{\"@type\":\"SearchAction\",\"target\":{\"@type\":\"EntryPoint\",\"urlTemplate\":\"https:\/\/citeelegance.net\/?s={search_term_string}\"},\"query-input\":\"required name=search_term_string\"}],\"inLanguage\":\"fr-FR\"},{\"@type\":\"ImageObject\",\"@id\":\"https:\/\/citeelegance.net\/?p=5147#primaryimage\",\"inLanguage\":\"fr-FR\",\"url\":\"https:\/\/citeelegance.net\/wp-content\/uploads\/2020\/03\/WhatsApp-Image-2020-03-02-at-13.23.03.jpg\",\"contentUrl\":\"https:\/\/citeelegance.net\/wp-content\/uploads\/2020\/03\/WhatsApp-Image-2020-03-02-at-13.23.03.jpg\",\"width\":1067,\"height\":580},{\"@type\":\"WebPage\",\"@id\":\"https:\/\/citeelegance.net\/?p=5147#webpage\",\"url\":\"https:\/\/citeelegance.net\/?p=5147\",\"name\":\"Burkina Faso\u00a0: La revue 2020 du cadre sectoriel de dialogue \u00ab\u00a0Transformations industrielles et artisanales\u00a0\u00bb a \u00e9t\u00e9 mise en place - CITE ELEGANCE\",\"isPartOf\":{\"@id\":\"https:\/\/citeelegance.net\/#website\"},\"primaryImageOfPage\":{\"@id\":\"https:\/\/citeelegance.net\/?p=5147#primaryimage\"},\"datePublished\":\"2020-03-02T15:29:30+00:00\",\"dateModified\":\"2020-03-02T15:37:24+00:00\",\"author\":{\"@id\":\"https:\/\/citeelegance.net\/#\/schema\/person\/e06163d4cd2cfc8a3cfc96dc84443ae4\"},\"breadcrumb\":{\"@id\":\"https:\/\/citeelegance.net\/?p=5147#breadcrumb\"},\"inLanguage\":\"fr-FR\",\"potentialAction\":[{\"@type\":\"ReadAction\",\"target\":[\"https:\/\/citeelegance.net\/?p=5147\"]}]},{\"@type\":\"BreadcrumbList\",\"@id\":\"https:\/\/citeelegance.net\/?p=5147#breadcrumb\",\"itemListElement\":[{\"@type\":\"ListItem\",\"position\":1,\"name\":\"Accueil\",\"item\":\"https:\/\/citeelegance.net\/\"},{\"@type\":\"ListItem\",\"position\":2,\"name\":\"Burkina Faso\u00a0: La revue 2020 du cadre sectoriel de dialogue \u00ab\u00a0Transformations industrielles et artisanales\u00a0\u00bb a \u00e9t\u00e9 mise en place\"}]},{\"@type\":\"Person\",\"@id\":\"https:\/\/citeelegance.net\/#\/schema\/person\/e06163d4cd2cfc8a3cfc96dc84443ae4\",\"name\":\"Kader\",\"url\":\"https:\/\/citeelegance.net\/?author=3\"}]}<\/script>\n<!-- \/ Yoast SEO plugin. -->","yoast_head_json":{"title":"Burkina Faso\u00a0: La revue 2020 du cadre sectoriel de dialogue \u00ab\u00a0Transformations industrielles et artisanales\u00a0\u00bb a \u00e9t\u00e9 mise en place - CITE ELEGANCE","robots":{"index":"index","follow":"follow","max-snippet":"max-snippet:-1","max-image-preview":"max-image-preview:large","max-video-preview":"max-video-preview:-1"},"canonical":"https:\/\/citeelegance.net\/?p=5147","og_locale":"fr_FR","og_type":"article","og_title":"Burkina Faso\u00a0: La revue 2020 du cadre sectoriel de dialogue \u00ab\u00a0Transformations industrielles et artisanales\u00a0\u00bb a \u00e9t\u00e9 mise en place - CITE ELEGANCE","og_description":"Le minist\u00e8re du commerce, de l\u2019industrie et de l\u2019artisanat\u00a0 a proc\u00e9d\u00e9 \u00e0 la mise en place de la revue annuelle 2020 du cadre sectoriel de dialogue \u00ab\u00a0Transformations industrielles et artisanales\u00a0\u00bb, ce lundi 2 mars 2020 \u00e0 Ouagadougou. Cette revue sectorielle est consacr\u00e9e \u00e0 la validation du rapport de performances 2019 du secteur de la planification. [&hellip;]","og_url":"https:\/\/citeelegance.net\/?p=5147","og_site_name":"CITE ELEGANCE","article_published_time":"2020-03-02T15:29:30+00:00","article_modified_time":"2020-03-02T15:37:24+00:00","og_image":[{"width":1067,"height":580,"url":"https:\/\/citeelegance.net\/wp-content\/uploads\/2020\/03\/WhatsApp-Image-2020-03-02-at-13.23.03.jpg","type":"image\/jpeg"}],"twitter_misc":{"\u00c9crit par":"Kader","Dur\u00e9e de lecture estim\u00e9e":"2 minutes"},"schema":{"@context":"https:\/\/schema.org","@graph":[{"@type":"WebSite","@id":"https:\/\/citeelegance.net\/#website","url":"https:\/\/citeelegance.net\/","name":"CITE ELEGANCE","description":"","potentialAction":[{"@type":"SearchAction","target":{"@type":"EntryPoint","urlTemplate":"https:\/\/citeelegance.net\/?s={search_term_string}"},"query-input":"required name=search_term_string"}],"inLanguage":"fr-FR"},{"@type":"ImageObject","@id":"https:\/\/citeelegance.net\/?p=5147#primaryimage","inLanguage":"fr-FR","url":"https:\/\/citeelegance.net\/wp-content\/uploads\/2020\/03\/WhatsApp-Image-2020-03-02-at-13.23.03.jpg","contentUrl":"https:\/\/citeelegance.net\/wp-content\/uploads\/2020\/03\/WhatsApp-Image-2020-03-02-at-13.23.03.jpg","width":1067,"height":580},{"@type":"WebPage","@id":"https:\/\/citeelegance.net\/?p=5147#webpage","url":"https:\/\/citeelegance.net\/?p=5147","name":"Burkina Faso\u00a0: La revue 2020 du cadre sectoriel de dialogue \u00ab\u00a0Transformations industrielles et artisanales\u00a0\u00bb a \u00e9t\u00e9 mise en place - CITE ELEGANCE","isPartOf":{"@id":"https:\/\/citeelegance.net\/#website"},"primaryImageOfPage":{"@id":"https:\/\/citeelegance.net\/?p=5147#primaryimage"},"datePublished":"2020-03-02T15:29:30+00:00","dateModified":"2020-03-02T15:37:24+00:00","author":{"@id":"https:\/\/citeelegance.net\/#\/schema\/person\/e06163d4cd2cfc8a3cfc96dc84443ae4"},"breadcrumb":{"@id":"https:\/\/citeelegance.net\/?p=5147#breadcrumb"},"inLanguage":"fr-FR","potentialAction":[{"@type":"ReadAction","target":["https:\/\/citeelegance.net\/?p=5147"]}]},{"@type":"BreadcrumbList","@id":"https:\/\/citeelegance.net\/?p=5147#breadcrumb","itemListElement":[{"@type":"ListItem","position":1,"name":"Accueil","item":"https:\/\/citeelegance.net\/"},{"@type":"ListItem","position":2,"name":"Burkina Faso\u00a0: La revue 2020 du cadre sectoriel de dialogue \u00ab\u00a0Transformations industrielles et artisanales\u00a0\u00bb a \u00e9t\u00e9 mise en place"}]},{"@type":"Person","@id":"https:\/\/citeelegance.net\/#\/schema\/person\/e06163d4cd2cfc8a3cfc96dc84443ae4","name":"Kader","url":"https:\/\/citeelegance.net\/?author=3"}]}},"_links":{"self":[{"href":"https:\/\/citeelegance.net\/index.php?rest_route=\/wp\/v2\/posts\/5147"}],"collection":[{"href":"https:\/\/citeelegance.net\/index.php?rest_route=\/wp\/v2\/posts"}],"about":[{"href":"https:\/\/citeelegance.net\/index.php?rest_route=\/wp\/v2\/types\/post"}],"author":[{"embeddable":true,"href":"https:\/\/citeelegance.net\/index.php?rest_route=\/wp\/v2\/users\/3"}],"replies":[{"embeddable":true,"href":"https:\/\/citeelegance.net\/index.php?rest_route=%2Fwp%2Fv2%2Fcomments&post=5147"}],"version-history":[{"count":3,"href":"https:\/\/citeelegance.net\/index.php?rest_route=\/wp\/v2\/posts\/5147\/revisions"}],"predecessor-version":[{"id":5152,"href":"https:\/\/citeelegance.net\/index.php?rest_route=\/wp\/v2\/posts\/5147\/revisions\/5152"}],"wp:featuredmedia":[{"embeddable":true,"href":"https:\/\/citeelegance.net\/index.php?rest_route=\/wp\/v2\/media\/5148"}],"wp:attachment":[{"href":"https:\/\/citeelegance.net\/index.php?rest_route=%2Fwp%2Fv2%2Fmedia&parent=5147"}],"wp:term":[{"taxonomy":"category","embeddable":true,"href":"https:\/\/citeelegance.net\/index.php?rest_route=%2Fwp%2Fv2%2Fcategories&post=5147"},{"taxonomy":"post_tag","embeddable":true,"href":"https:\/\/citeelegance.net\/index.php?rest_route=%2Fwp%2Fv2%2Ftags&post=5147"}],"curies":[{"name":"wp","href":"https:\/\/api.w.org\/{rel}","templated":true}]}}