{"id":5107,"date":"2020-02-29T23:49:39","date_gmt":"2020-02-29T22:49:39","guid":{"rendered":"http:\/\/citeelegance.net\/?p=5107"},"modified":"2020-03-01T00:13:35","modified_gmt":"2020-02-29T23:13:35","slug":"1ere-edition-de-la-foire-des-produits-issus-de-leconomie-sociale-et-solidaire-un-cadre-de-valorisation-des-produits-locaux","status":"publish","type":"post","link":"https:\/\/citeelegance.net\/?p=5107","title":{"rendered":"1\u00e8re \u00e9dition de la foire des produits issus de l\u2019Economie Sociale et Solidaire\u00a0: Un cadre de valorisation des produits locaux"},"content":{"rendered":"<p><strong>Dans le cadre de ses activit\u00e9s, le Projet d\u2019Appui aux Entreprises de l\u2019Economie Sociale et Solidaire en Afrique (PAEESS)\u00a0 a organis\u00e9 une foire aux produits burkinab\u00e8 issus de l\u2019\u00e9conomie sociale et solidaire (IPD-AOS) \u00e0 Ouagadougou. D\u00e9but\u00e9e le 27 f\u00e9vrier 2020, cette foire a pour objectif de faire la promotion des produits burkinab\u00e8 mais aussi de relancer l\u2019\u00e9conomie du pays \u00e0 travers la valorisation de l\u2019Economie Sociale et Solidaire. <\/strong><\/p>\n<p><a href=\"http:\/\/citeelegance.net\/wp-content\/uploads\/2020\/02\/WhatsApp-Image-2020-02-28-at-18.31.10.jpeg\"><img loading=\"lazy\" decoding=\"async\" class=\" wp-image-5112 alignright\" src=\"http:\/\/citeelegance.net\/wp-content\/uploads\/2020\/02\/WhatsApp-Image-2020-02-28-at-18.31.10-300x169.jpeg\" alt=\"\" width=\"241\" height=\"136\" srcset=\"https:\/\/citeelegance.net\/wp-content\/uploads\/2020\/02\/WhatsApp-Image-2020-02-28-at-18.31.10-300x169.jpeg 300w, https:\/\/citeelegance.net\/wp-content\/uploads\/2020\/02\/WhatsApp-Image-2020-02-28-at-18.31.10-1024x576.jpeg 1024w, https:\/\/citeelegance.net\/wp-content\/uploads\/2020\/02\/WhatsApp-Image-2020-02-28-at-18.31.10-768x432.jpeg 768w, https:\/\/citeelegance.net\/wp-content\/uploads\/2020\/02\/WhatsApp-Image-2020-02-28-at-18.31.10.jpeg 1040w\" sizes=\"(max-width: 241px) 100vw, 241px\" \/><\/a>Ils \u00e9taient au nombre de 35 exposants et exposantes venus des quatre recoins du Burkina Faso \u00a0dans diff\u00e9rentes structures afin de faire valoir leur produits. \u00a0La responsable du p\u00f4le Ouaga du projet, Mme Emmenegger Sylvie a fait savoir que\u00a0\u00a0\u00a0 C\u2019est dans le cadre\u00a0 du\u00a0 PAEESS\u00a0 que toutes ces structures ont \u00e9t\u00e9 misent en place.<\/p>\n<p>Une grande vari\u00e9t\u00e9 de produit y est expos\u00e9e \u00a0produits pour le bonheur des visiteurs.\u00a0 Il s\u2019agit entre autres des l\u00e9gumes biologiques, les produits transform\u00e9s \u00e0 base de produits burkinab\u00e8 et bien d\u2019autres.<\/p>\n<p><a href=\"http:\/\/citeelegance.net\/wp-content\/uploads\/2020\/02\/WhatsApp-Image-2020-02-28-at-18.30.45.jpeg\"><img loading=\"lazy\" decoding=\"async\" class=\"alignnone size-medium wp-image-5116\" src=\"http:\/\/citeelegance.net\/wp-content\/uploads\/2020\/02\/WhatsApp-Image-2020-02-28-at-18.30.45-300x169.jpeg\" alt=\"\" width=\"300\" height=\"169\" srcset=\"https:\/\/citeelegance.net\/wp-content\/uploads\/2020\/02\/WhatsApp-Image-2020-02-28-at-18.30.45-300x169.jpeg 300w, https:\/\/citeelegance.net\/wp-content\/uploads\/2020\/02\/WhatsApp-Image-2020-02-28-at-18.30.45-1024x576.jpeg 1024w, https:\/\/citeelegance.net\/wp-content\/uploads\/2020\/02\/WhatsApp-Image-2020-02-28-at-18.30.45-768x432.jpeg 768w, https:\/\/citeelegance.net\/wp-content\/uploads\/2020\/02\/WhatsApp-Image-2020-02-28-at-18.30.45.jpeg 1040w\" sizes=\"(max-width: 300px) 100vw, 300px\" \/><\/a><a href=\"http:\/\/citeelegance.net\/wp-content\/uploads\/2020\/02\/WhatsApp-Image-2020-02-28-at-18.25.47-1.jpeg\"><img loading=\"lazy\" decoding=\"async\" class=\"alignnone size-medium wp-image-5114\" src=\"http:\/\/citeelegance.net\/wp-content\/uploads\/2020\/02\/WhatsApp-Image-2020-02-28-at-18.25.47-1-300x169.jpeg\" alt=\"\" width=\"300\" height=\"169\" srcset=\"https:\/\/citeelegance.net\/wp-content\/uploads\/2020\/02\/WhatsApp-Image-2020-02-28-at-18.25.47-1-300x169.jpeg 300w, https:\/\/citeelegance.net\/wp-content\/uploads\/2020\/02\/WhatsApp-Image-2020-02-28-at-18.25.47-1-1024x576.jpeg 1024w, https:\/\/citeelegance.net\/wp-content\/uploads\/2020\/02\/WhatsApp-Image-2020-02-28-at-18.25.47-1-768x432.jpeg 768w, https:\/\/citeelegance.net\/wp-content\/uploads\/2020\/02\/WhatsApp-Image-2020-02-28-at-18.25.47-1.jpeg 1040w\" sizes=\"(max-width: 300px) 100vw, 300px\" \/><\/a><\/p>\n<p><a href=\"http:\/\/citeelegance.net\/wp-content\/uploads\/2020\/02\/WhatsApp-Image-2020-02-28-at-18.29.59.jpg\"><img loading=\"lazy\" decoding=\"async\" class=\"size-medium wp-image-5109 alignright\" src=\"http:\/\/citeelegance.net\/wp-content\/uploads\/2020\/02\/WhatsApp-Image-2020-02-28-at-18.29.59-300x147.jpg\" alt=\"\" width=\"300\" height=\"147\" srcset=\"https:\/\/citeelegance.net\/wp-content\/uploads\/2020\/02\/WhatsApp-Image-2020-02-28-at-18.29.59-300x147.jpg 300w, https:\/\/citeelegance.net\/wp-content\/uploads\/2020\/02\/WhatsApp-Image-2020-02-28-at-18.29.59-1024x500.jpg 1024w, https:\/\/citeelegance.net\/wp-content\/uploads\/2020\/02\/WhatsApp-Image-2020-02-28-at-18.29.59-768x375.jpg 768w, https:\/\/citeelegance.net\/wp-content\/uploads\/2020\/02\/WhatsApp-Image-2020-02-28-at-18.29.59.jpg 1038w\" sizes=\"(max-width: 300px) 100vw, 300px\" \/><\/a>\u00ab\u00a0 <em>Nous sommes pr\u00e9sents ici pour pouvoir mieux valoir nos produits, mieux les diffuser et les faire connaitre par les gens ne les connaissent pas ou ceux qui ne savent pas qu\u2019on peut produire sans intrants chimiques de synth\u00e8se<\/em>\u00a0\u00bb, a fait savoir un exposant, Razack BELEMGNEGRE, alias le paysan africain. Pour lui, c\u2019est l\u2019occasion de pr\u00e9senter les produits issus de sa ferme de production certifi\u00e9e biologiques. Dans son stand, on retrouve des fraises fraiches, s\u00e9ch\u00e9es, de la confiture de fraise, des tomates, la pomme de terre, l\u2019oignon, les choux fleurs, des petits poids, etc.<\/p>\n<p>Mme Traor\u00e9 Minata\/Coulibaly responsable de l\u2019entreprise NAFAMA y expose du couscous de mais jaune, des grumeaux de bouillie, des biscuits de pain de singe, de la farine de ma\u00efs blanc, jaunes, du bissap granul\u00e9, et bien d\u2019autres.<\/p>\n<p><a href=\"http:\/\/citeelegance.net\/wp-content\/uploads\/2020\/02\/WhatsApp-Image-2020-02-28-at-18.32.35.jpeg\"><img loading=\"lazy\" decoding=\"async\" class=\"size-medium wp-image-5111 alignleft\" src=\"http:\/\/citeelegance.net\/wp-content\/uploads\/2020\/02\/WhatsApp-Image-2020-02-28-at-18.32.35-300x169.jpeg\" alt=\"\" width=\"300\" height=\"169\" srcset=\"https:\/\/citeelegance.net\/wp-content\/uploads\/2020\/02\/WhatsApp-Image-2020-02-28-at-18.32.35-300x169.jpeg 300w, https:\/\/citeelegance.net\/wp-content\/uploads\/2020\/02\/WhatsApp-Image-2020-02-28-at-18.32.35-1024x576.jpeg 1024w, https:\/\/citeelegance.net\/wp-content\/uploads\/2020\/02\/WhatsApp-Image-2020-02-28-at-18.32.35-768x432.jpeg 768w, https:\/\/citeelegance.net\/wp-content\/uploads\/2020\/02\/WhatsApp-Image-2020-02-28-at-18.32.35.jpeg 1040w\" sizes=\"(max-width: 300px) 100vw, 300px\" \/><\/a>Quant \u00e0 Mme\u00a0 ALIMA Bourgou, elle participe \u00e0 cette foire afin de pr\u00e9senter des produits forestiers non ligneux de sa structure joulimani. Il s\u2019agit de l\u2019huile de baobab, de balanites, du s\u00e9same et des savons produits \u00e0 partir de ces huiles. Selon elle, cette foire est une bonne initiative car elle leur a permis de connaitre les produits des autres exposants.<\/p>\n<p>Cette foire est ouverte au grand public de 9 heures \u00e0 19 heures et elle prendra fin le dimanche 1<sup>er<\/sup> mars 2020 \u00e0 19 heures. Par ailleurs, tous les participants invitent la population \u00e0 y faire un tour.<\/p>\n<p>En rappel, le PAEESS, port\u00e9 par l\u2019Institut panafricain de D\u00e9veloppement en Afrique de l\u2019Ouest et du Sahel (IPD-AOS) a pour but de renforcer des capacit\u00e9s et am\u00e9liorer la visibilit\u00e9 du r\u00e9seau africain de l\u2019\u00e9conomie sociale et solidaire(ESS).<\/p>\n<p><strong>ASSATA SINARE<\/strong><\/p>\n<p>&nbsp;<\/p>\n<aside class=\"mashsb-container mashsb-main mashsb-stretched\"><div class=\"mashsb-box\"><div class=\"mashsb-buttons\"><a class=\"mashicon-facebook mash-small mash-center mashsb-noshadow\" href=\"https:\/\/www.facebook.com\/sharer.php?u=https%3A%2F%2Fciteelegance.net%2F%3Fp%3D5107\" target=\"_top\" rel=\"nofollow\"><span class=\"icon\"><\/span><span class=\"text\">Partagez<\/span><\/a><a class=\"mashicon-twitter mash-small mash-center mashsb-noshadow\" href=\"https:\/\/twitter.com\/intent\/tweet?text=&url=https:\/\/citeelegance.net\/?p=5107\" target=\"_top\" rel=\"nofollow\"><span class=\"icon\"><\/span><span class=\"text\">Tweet<\/span><\/a><div class=\"onoffswitch2 mash-small mashsb-noshadow\" style=\"display:none;\"><\/div><\/div>\n            <\/div>\n                <div style=\"clear:both;\"><\/div><\/aside>\n            <!-- Share buttons by mashshare.net - Version: 3.8.0--><div class=\"pdf24Plugin-cp\"> \t<form name=\"pdf24Form0\" method=\"post\" action=\"https:\/\/doc2pdf.pdf24.org\/wordpress.php\" target=\"pdf24PopWin\" onsubmit=\"var pdf24Win = window.open('about:blank', 'pdf24PopWin', 'resizable=yes,scrollbars=yes,width=600,height=250,left='+(screen.width\/2-300)+',top='+(screen.height\/3-125)+''); pdf24Win.focus(); if(typeof pdf24OnCreatePDF === 'function'){void(pdf24OnCreatePDF(this,pdf24Win));}\"> \t\t<input type=\"hidden\" name=\"blogCharset\" value=\"Cw1x07UAAA==\" \/><input type=\"hidden\" name=\"blogPosts\" value=\"MwQA\" \/><input type=\"hidden\" name=\"blogUrl\" value=\"yygpKSi20tdPzixJTc1JTU\/MS07Vy0stAQA=\" \/><input type=\"hidden\" name=\"blogName\" value=\"c\/YMcVVw9XF1d\/RzdgUA\" \/><input type=\"hidden\" name=\"blogValueEncoding\" value=\"gzdeflate base64\" \/><input type=\"hidden\" name=\"postId_0\" value=\"MzU0MAcA\" \/><input type=\"hidden\" name=\"postTitle_0\" value=\"TcyxDUIxDATQVW4FWnomQAxgxUY6ycQoThAla9BRwhr8TZiE6IuC7nSne5vl2QzLS9kZFWpwwTE4S7XEuYUO9gQzR67z53bflahxomEfheIG6zM6Vebv\/djiUFFEVwMX8WhM+fl\/pkeRcf0C\" \/><input type=\"hidden\" name=\"postLink_0\" value=\"yygpKSi20tdPzixJTc1JTU\/MS07Vy0st0bcvsDU1NDAHAA==\" \/><input type=\"hidden\" name=\"postAuthor_0\" value=\"805MSS0CAA==\" \/><input type=\"hidden\" name=\"postDateTime_0\" value=\"MzIwMtA1MNI1slQwMrYyMLIytgQA\" \/><input type=\"hidden\" name=\"postContent_0\" value=\"zVlJjxu5Fb7Pr2AEeGADUmnrxfa02pDH8qABb7Gc5BiwqqgS7SqyzEXd8il\/I7c+TiOHXHLLzfon+SX5HllSS+1lYCPqjJfuIot8C\/ne95Y6qU9PrDNaFadPuLKsFCzjuREsF8wKy3jm5EK61ZVt07tXRr8VjuX\/+dvfx3XtJeP+gk2UM6I2ktZjW4mXk0wrXUnBpjqTHBuxaapLmXMJ2kKx8czI916wu6\/Gk8l0eu\/jJeNMm4IraVdXzCvBZprWEoPa6NxLZ1nqzTupeLr6lUlr\/Ybd6mrNz17zsxt+d89ePemMX07vsdUle+l5wXPtC+0T9mR1lXpoJ0i5wTGbra4WRgrDBr1Br80y4dxGEFZrb5hO3wqcyYxYzwL1kpOAlXZSK8zaz4pbcYnD9NZK2mhEyVUGNrvC557VfGlJSmf4QhhLxBe81Dhc3tD\/7fNN2Em3udOTbn36wwnumLO5EbNRa+5c\/bDbzaQTohQFSZEo4brndQcknVCu6+tS89x26Qi6vUH3L3PuLG67c1bxQnRoutMbdAb3O9x1+veTYT\/p95K3tShapyeyKhhtl6oYtUr+YdmCyJmOY26XKmuxrOTWjloMPGUgedjvDxgvZaGMLOauxazJ9idqZ9jrXfSPHkSRwdeNWhBG5m4+ag0O+i02FyTGqNUfHgVZrHBRHLt3eRgG5222P2b93uDg4vD4KHKj0V7ZHR\/dvzgYDiI3DPbJbK3SQe8c1yY\/CBjZ3YpfdMLdPmS42\/riHhb0FhAjjFqsCx\/hp2clvO7KcQnmcFMG50ojCA4PmbioteUKDg0vWw\/g5wuhAgRZ9t5zQCDcOtMSIAo\/fhxdnz3lVrOPlzlhay5nwBcjwmY4qM+cN4SxM6mu4YTcXQIZBMBmjSQJSDzjoG9rrSxPy4gVq3\/hIeBZGAZsbrPnlWCTqhJKFAUgZrosF5LgC+QBinxB1AG9Hy\/pL\/sZaCIsIH0b\/TGfe\/yI4IwHgmqnPQme7QqPC6OTA2ZXCAAYANzrkuNK19jzJ2B5YbjKSTcj42IMGuXYkhH\/cK4ExB8vN\/gZABcypVrN6TjoqBfSwm68sQnEOiuZhfy8kMTXhXDhjIiXUq6uCl\/hIZW61AWFmxDEtgAaKKvsTJsK8Y1QN+VWbIm2g+C4+xTmEWJf5JLcCrr2koPD70DXAKdK4+zJEzqVyKWvdiD3aI84S0J\/FWfxbgtnjx7sGWc\/kWefOBuY3R7OBna3hbMba\/wKzuJot3A2jNY4u09PGRwmB8ed\/l585WB\/vtKI\/Tvyls9JtEd\/WbO7NY9ZM7wln9m2y+\/0mluIM4MHySFd9Te6zhccpvfgVvL5IHS004PjIPxXHefgeM+Oc1OcfXpN4BV9ptcLzPbpMoEbOczw+DAw26O\/rC0RCg3vf7OzfPwHEsMTUZ2+0MjOra6qkPEhwxOUwstMxrwSP0IqjCraX6yzbqWvs8N284oyRkrdvUU2jSyQxjFVh4YKSTWeam7CfCGQRSsRnuNbG5LimiNT9sidQe+9l7QEmfj6zXuPnBLFfS28a9gbWgBaUlGOCrmzuaxCChs6M0vl5qtfrTjpQlHk8f9u30jwvdpUKm32mn\/g2Tv2ePJs8vyXF5NfXk\/a5J48JPzUceAKRYiRGZcqYa9C1u1lm2VNbUAdB51l3DYdiPVpCrObTm96MhbCCFNd59JZaF5kwjg5k5Tlb+XkCQudJ4sF1qFMaKOmQKnjDC5IhEx+ZnhoLtHvbE5ZPCqFbA46eMxDBwaHPZNUkYRCKqxvh71OV9yFxJ8aOFWUCZIbvA96AaW0inVBNte4nxmVXjburoWLhYjMMSNctsn5qcp6Y7jGUbDnKBEc7\/6sfSlTXi53C7XYsRGbJhl7MX46fj6muoduKJRyGWyV\/tPq0Cp6y71qNCgMqhhqg+VUCXlZlrJ5k0qbhYOnY+axiLQAabE+lRnqLSUi0dU\/sYHaTu1InDT0RMLyOtRnHgVT+\/9W5gyS4feUOV9K2Pox\/pRits92Egn9eypzPpFnn2VOYHZ7ZU5gd1tlzsYavy9h+6Pn1Ba5pF4MotH42Rn8\/TFwtdAeLlYG2AUWZrIWtGynz9x0g7ZAdqepPNPwSSepOQzgYmTlIoIDUHfTmGFvCYwqrmSy0yVp0GgOGAm4kHKd8rQdH4EO0jXAAIS1vAqNZWJPYUVtSQGhgwYkXGgJBYrA8qkoIRWpuNs+pzhCXf0UUVEgrEknuZMLajiZeCKh4wWQRuCQAdKuw+tOlCFxmjbPpjO3waifb7CkGGIc9YViD4rVPi1lRuQfMGoqiaBLfzOgFl+4HyNUbgChuA06KjpLxB7WP7G+PhXmpEu\/gau4B7KfHSoIotCKA6pjKHEE7UGJ5tZDSJdqIck8Y2iqfRlb\/CC0bBIMRHFsNRvtJgiMvK5FGT\/GhO5cG3sNtdRCDoK7PVMwD0eZBFfrqE76PlldLXA52F41fbr1R5jGKF760IhzdP1TPhfl1oeT5utH6l38fqFghlljmhmveRa+EdFmXq2uSgkjNeHjhbQylaUMPT\/Pgk3jLrbl+u0POHfpC9F1GGq+bYyn0\/GbMZuevRi\/nnzyxeNHldr6pzhC4kLmFCNGxe3cpgEaIACkbCYqEqd5Bi3E+rnIEYxyubixNdUXn5\/3zsFJWhQot95IsOrMeCZSrd8FDh1b8bKMj1l08YYE8s85zzUA5zrSEridn58naxJJpqsuluGEk3peP\/KjsOrOcHxn8BT\/bgIhzQ6f1neGT1CXoQJy3BQUgf7qdN2iT1GjltIzXZZgi8OF1aylJ8kx1aW53TdOXLjWKYzcAT8\/rFfEBs9N1d25dGsVv13zZndQWkY0d+dCuEckwuhHb8rRFyPAo3r0v1b5DfHe1nfLDGDBs5mFvNl8cFPbHQ2tW5Zi1MqlrUu+fEidp5+IKWg1P39gW38+MxWmiXVDKisFNw9T7eZbhILZ3yD1h06HTcl2WGOtLF1GAWmSTo112J8RXIBECHHJ\/aTX6Zz+Fw==\" \/> \t\t<a href=\"https:\/\/www.pdf24.org\" target=\"_blank\" title=\"www.pdf24.org\" rel=\"nofollow\"><img src=\"https:\/\/citeelegance.net\/wp-content\/plugins\/pdf24-posts-to-pdf\/img\/pdf_32x32.png\" alt=\"\" border=\"0\" height=\"32\" \/><\/a> \t\t<span class=\"pdf24Plugin-cp-space\">&nbsp;&nbsp;<\/span> \t\t<span class=\"pdf24Plugin-cp-text\">Send article as PDF<\/span> \t\t<span class=\"pdf24Plugin-cp-space\">&nbsp;&nbsp;<\/span> \t\t<input class=\"pdf24Plugin-cp-input\" style=\"margin: 0px;\" type=\"text\" name=\"sendEmailTo\" placeholder=\"Enter email address\" \/> \t\t<input class=\"pdf24Plugin-cp-submit\" style=\"margin: 0px;\" type=\"submit\" value=\"Send\" \/> \t<\/form> <\/div>","protected":false},"excerpt":{"rendered":"<p>Dans le cadre de ses activit\u00e9s, le Projet d\u2019Appui aux Entreprises de l\u2019Economie Sociale et Solidaire en Afrique (PAEESS)\u00a0 a organis\u00e9 une foire aux produits burkinab\u00e8 issus de l\u2019\u00e9conomie sociale et solidaire (IPD-AOS) \u00e0 Ouagadougou. D\u00e9but\u00e9e le 27 f\u00e9vrier 2020, cette foire a pour objectif de faire la promotion des produits burkinab\u00e8 mais aussi de [&hellip;]<\/p>\n","protected":false},"author":3,"featured_media":5119,"comment_status":"open","ping_status":"closed","sticky":false,"template":"","format":"standard","meta":{"footnotes":""},"categories":[2,7],"tags":[],"yoast_head":"<!-- This site is optimized with the Yoast SEO plugin v18.1 - https:\/\/yoast.com\/wordpress\/plugins\/seo\/ -->\n<title>1\u00e8re \u00e9dition de la foire des produits issus de l\u2019Economie Sociale et Solidaire\u00a0: Un cadre de valorisation des produits locaux - CITE ELEGANCE<\/title>\n<meta name=\"robots\" content=\"index, follow, max-snippet:-1, max-image-preview:large, max-video-preview:-1\" \/>\n<link rel=\"canonical\" href=\"https:\/\/citeelegance.net\/?p=5107\" \/>\n<meta property=\"og:locale\" content=\"fr_FR\" \/>\n<meta property=\"og:type\" content=\"article\" \/>\n<meta property=\"og:title\" content=\"1\u00e8re \u00e9dition de la foire des produits issus de l\u2019Economie Sociale et Solidaire\u00a0: Un cadre de valorisation des produits locaux - CITE ELEGANCE\" \/>\n<meta property=\"og:description\" content=\"Dans le cadre de ses activit\u00e9s, le Projet d\u2019Appui aux Entreprises de l\u2019Economie Sociale et Solidaire en Afrique (PAEESS)\u00a0 a organis\u00e9 une foire aux produits burkinab\u00e8 issus de l\u2019\u00e9conomie sociale et solidaire (IPD-AOS) \u00e0 Ouagadougou. D\u00e9but\u00e9e le 27 f\u00e9vrier 2020, cette foire a pour objectif de faire la promotion des produits burkinab\u00e8 mais aussi de [&hellip;]\" \/>\n<meta property=\"og:url\" content=\"https:\/\/citeelegance.net\/?p=5107\" \/>\n<meta property=\"og:site_name\" content=\"CITE ELEGANCE\" \/>\n<meta property=\"article:published_time\" content=\"2020-02-29T22:49:39+00:00\" \/>\n<meta property=\"article:modified_time\" content=\"2020-02-29T23:13:35+00:00\" \/>\n<meta property=\"og:image\" content=\"https:\/\/citeelegance.net\/wp-content\/uploads\/2020\/02\/WhatsApp-Image-2020-02-28-at-18.31.36.jpg\" \/>\n\t<meta property=\"og:image:width\" content=\"1035\" \/>\n\t<meta property=\"og:image:height\" content=\"531\" \/>\n\t<meta property=\"og:image:type\" content=\"image\/jpeg\" \/>\n<meta name=\"twitter:label1\" content=\"\u00c9crit par\" \/>\n\t<meta name=\"twitter:data1\" content=\"Kader\" \/>\n\t<meta name=\"twitter:label2\" content=\"Dur\u00e9e de lecture estim\u00e9e\" \/>\n\t<meta name=\"twitter:data2\" content=\"2 minutes\" \/>\n<script type=\"application\/ld+json\" class=\"yoast-schema-graph\">{\"@context\":\"https:\/\/schema.org\",\"@graph\":[{\"@type\":\"WebSite\",\"@id\":\"https:\/\/citeelegance.net\/#website\",\"url\":\"https:\/\/citeelegance.net\/\",\"name\":\"CITE ELEGANCE\",\"description\":\"\",\"potentialAction\":[{\"@type\":\"SearchAction\",\"target\":{\"@type\":\"EntryPoint\",\"urlTemplate\":\"https:\/\/citeelegance.net\/?s={search_term_string}\"},\"query-input\":\"required name=search_term_string\"}],\"inLanguage\":\"fr-FR\"},{\"@type\":\"ImageObject\",\"@id\":\"https:\/\/citeelegance.net\/?p=5107#primaryimage\",\"inLanguage\":\"fr-FR\",\"url\":\"https:\/\/citeelegance.net\/wp-content\/uploads\/2020\/02\/WhatsApp-Image-2020-02-28-at-18.31.36.jpg\",\"contentUrl\":\"https:\/\/citeelegance.net\/wp-content\/uploads\/2020\/02\/WhatsApp-Image-2020-02-28-at-18.31.36.jpg\",\"width\":1035,\"height\":531},{\"@type\":\"WebPage\",\"@id\":\"https:\/\/citeelegance.net\/?p=5107#webpage\",\"url\":\"https:\/\/citeelegance.net\/?p=5107\",\"name\":\"1\u00e8re \u00e9dition de la foire des produits issus de l\u2019Economie Sociale et Solidaire\u00a0: Un cadre de valorisation des produits locaux - CITE ELEGANCE\",\"isPartOf\":{\"@id\":\"https:\/\/citeelegance.net\/#website\"},\"primaryImageOfPage\":{\"@id\":\"https:\/\/citeelegance.net\/?p=5107#primaryimage\"},\"datePublished\":\"2020-02-29T22:49:39+00:00\",\"dateModified\":\"2020-02-29T23:13:35+00:00\",\"author\":{\"@id\":\"https:\/\/citeelegance.net\/#\/schema\/person\/e06163d4cd2cfc8a3cfc96dc84443ae4\"},\"breadcrumb\":{\"@id\":\"https:\/\/citeelegance.net\/?p=5107#breadcrumb\"},\"inLanguage\":\"fr-FR\",\"potentialAction\":[{\"@type\":\"ReadAction\",\"target\":[\"https:\/\/citeelegance.net\/?p=5107\"]}]},{\"@type\":\"BreadcrumbList\",\"@id\":\"https:\/\/citeelegance.net\/?p=5107#breadcrumb\",\"itemListElement\":[{\"@type\":\"ListItem\",\"position\":1,\"name\":\"Accueil\",\"item\":\"https:\/\/citeelegance.net\/\"},{\"@type\":\"ListItem\",\"position\":2,\"name\":\"1\u00e8re \u00e9dition de la foire des produits issus de l\u2019Economie Sociale et Solidaire\u00a0: Un cadre de valorisation des produits locaux\"}]},{\"@type\":\"Person\",\"@id\":\"https:\/\/citeelegance.net\/#\/schema\/person\/e06163d4cd2cfc8a3cfc96dc84443ae4\",\"name\":\"Kader\",\"url\":\"https:\/\/citeelegance.net\/?author=3\"}]}<\/script>\n<!-- \/ Yoast SEO plugin. -->","yoast_head_json":{"title":"1\u00e8re \u00e9dition de la foire des produits issus de l\u2019Economie Sociale et Solidaire\u00a0: Un cadre de valorisation des produits locaux - CITE ELEGANCE","robots":{"index":"index","follow":"follow","max-snippet":"max-snippet:-1","max-image-preview":"max-image-preview:large","max-video-preview":"max-video-preview:-1"},"canonical":"https:\/\/citeelegance.net\/?p=5107","og_locale":"fr_FR","og_type":"article","og_title":"1\u00e8re \u00e9dition de la foire des produits issus de l\u2019Economie Sociale et Solidaire\u00a0: Un cadre de valorisation des produits locaux - CITE ELEGANCE","og_description":"Dans le cadre de ses activit\u00e9s, le Projet d\u2019Appui aux Entreprises de l\u2019Economie Sociale et Solidaire en Afrique (PAEESS)\u00a0 a organis\u00e9 une foire aux produits burkinab\u00e8 issus de l\u2019\u00e9conomie sociale et solidaire (IPD-AOS) \u00e0 Ouagadougou. D\u00e9but\u00e9e le 27 f\u00e9vrier 2020, cette foire a pour objectif de faire la promotion des produits burkinab\u00e8 mais aussi de [&hellip;]","og_url":"https:\/\/citeelegance.net\/?p=5107","og_site_name":"CITE ELEGANCE","article_published_time":"2020-02-29T22:49:39+00:00","article_modified_time":"2020-02-29T23:13:35+00:00","og_image":[{"width":1035,"height":531,"url":"https:\/\/citeelegance.net\/wp-content\/uploads\/2020\/02\/WhatsApp-Image-2020-02-28-at-18.31.36.jpg","type":"image\/jpeg"}],"twitter_misc":{"\u00c9crit par":"Kader","Dur\u00e9e de lecture estim\u00e9e":"2 minutes"},"schema":{"@context":"https:\/\/schema.org","@graph":[{"@type":"WebSite","@id":"https:\/\/citeelegance.net\/#website","url":"https:\/\/citeelegance.net\/","name":"CITE ELEGANCE","description":"","potentialAction":[{"@type":"SearchAction","target":{"@type":"EntryPoint","urlTemplate":"https:\/\/citeelegance.net\/?s={search_term_string}"},"query-input":"required name=search_term_string"}],"inLanguage":"fr-FR"},{"@type":"ImageObject","@id":"https:\/\/citeelegance.net\/?p=5107#primaryimage","inLanguage":"fr-FR","url":"https:\/\/citeelegance.net\/wp-content\/uploads\/2020\/02\/WhatsApp-Image-2020-02-28-at-18.31.36.jpg","contentUrl":"https:\/\/citeelegance.net\/wp-content\/uploads\/2020\/02\/WhatsApp-Image-2020-02-28-at-18.31.36.jpg","width":1035,"height":531},{"@type":"WebPage","@id":"https:\/\/citeelegance.net\/?p=5107#webpage","url":"https:\/\/citeelegance.net\/?p=5107","name":"1\u00e8re \u00e9dition de la foire des produits issus de l\u2019Economie Sociale et Solidaire\u00a0: Un cadre de valorisation des produits locaux - CITE ELEGANCE","isPartOf":{"@id":"https:\/\/citeelegance.net\/#website"},"primaryImageOfPage":{"@id":"https:\/\/citeelegance.net\/?p=5107#primaryimage"},"datePublished":"2020-02-29T22:49:39+00:00","dateModified":"2020-02-29T23:13:35+00:00","author":{"@id":"https:\/\/citeelegance.net\/#\/schema\/person\/e06163d4cd2cfc8a3cfc96dc84443ae4"},"breadcrumb":{"@id":"https:\/\/citeelegance.net\/?p=5107#breadcrumb"},"inLanguage":"fr-FR","potentialAction":[{"@type":"ReadAction","target":["https:\/\/citeelegance.net\/?p=5107"]}]},{"@type":"BreadcrumbList","@id":"https:\/\/citeelegance.net\/?p=5107#breadcrumb","itemListElement":[{"@type":"ListItem","position":1,"name":"Accueil","item":"https:\/\/citeelegance.net\/"},{"@type":"ListItem","position":2,"name":"1\u00e8re \u00e9dition de la foire des produits issus de l\u2019Economie Sociale et Solidaire\u00a0: Un cadre de valorisation des produits locaux"}]},{"@type":"Person","@id":"https:\/\/citeelegance.net\/#\/schema\/person\/e06163d4cd2cfc8a3cfc96dc84443ae4","name":"Kader","url":"https:\/\/citeelegance.net\/?author=3"}]}},"_links":{"self":[{"href":"https:\/\/citeelegance.net\/index.php?rest_route=\/wp\/v2\/posts\/5107"}],"collection":[{"href":"https:\/\/citeelegance.net\/index.php?rest_route=\/wp\/v2\/posts"}],"about":[{"href":"https:\/\/citeelegance.net\/index.php?rest_route=\/wp\/v2\/types\/post"}],"author":[{"embeddable":true,"href":"https:\/\/citeelegance.net\/index.php?rest_route=\/wp\/v2\/users\/3"}],"replies":[{"embeddable":true,"href":"https:\/\/citeelegance.net\/index.php?rest_route=%2Fwp%2Fv2%2Fcomments&post=5107"}],"version-history":[{"count":6,"href":"https:\/\/citeelegance.net\/index.php?rest_route=\/wp\/v2\/posts\/5107\/revisions"}],"predecessor-version":[{"id":5120,"href":"https:\/\/citeelegance.net\/index.php?rest_route=\/wp\/v2\/posts\/5107\/revisions\/5120"}],"wp:featuredmedia":[{"embeddable":true,"href":"https:\/\/citeelegance.net\/index.php?rest_route=\/wp\/v2\/media\/5119"}],"wp:attachment":[{"href":"https:\/\/citeelegance.net\/index.php?rest_route=%2Fwp%2Fv2%2Fmedia&parent=5107"}],"wp:term":[{"taxonomy":"category","embeddable":true,"href":"https:\/\/citeelegance.net\/index.php?rest_route=%2Fwp%2Fv2%2Fcategories&post=5107"},{"taxonomy":"post_tag","embeddable":true,"href":"https:\/\/citeelegance.net\/index.php?rest_route=%2Fwp%2Fv2%2Ftags&post=5107"}],"curies":[{"name":"wp","href":"https:\/\/api.w.org\/{rel}","templated":true}]}}