{"id":4973,"date":"2020-02-17T00:07:33","date_gmt":"2020-02-16T23:07:33","guid":{"rendered":"http:\/\/citeelegance.net\/?p=4973"},"modified":"2020-02-17T01:03:33","modified_gmt":"2020-02-17T00:03:33","slug":"habitat-2-editions-du-salon-panafricain-de-limmobilier-il-y-aura-des-offres-promotionnelles-en-vue-de-faciliter-lacces-au-logement-dixit-le-pco-bouba","status":"publish","type":"post","link":"https:\/\/citeelegance.net\/?p=4973","title":{"rendered":"Habitat\/ 2\u00e8 \u00e9ditions du Salon Panafricain de l\u2019Immobilier : \u00ab il y aura des offres promotionnelles  en vue de faciliter l\u2019acc\u00e8s au logement \u00bbdixit le PCO, Boubakar Compaor\u00e9"},"content":{"rendered":"<p><strong>A moins quelques jours de la tenue de la deuxi\u00e8me \u00e9dition du Salon Panafricain de l\u2019Immobilier, Le Magazine Cit\u00e9 \u00c9l\u00e9gance s\u2019est approch\u00e9 du pr\u00e9sident du comit\u00e9 d\u2019organisation(PCO) monsieur Boubakar Compaor\u00e9 pour s\u2019impr\u00e9gner de l\u2019\u00e9volution des pr\u00e9paratifs. Avec lui, il a \u00e9t\u00e9 question des\u00a0 activit\u00e9s et des innovations majeures pr\u00e9vues au cours de cette 2<sup>\u00e8 <\/sup>\u00e9dition qui aura lieu du 20 au 22 f\u00e9vrier 2020 dans la salle de conf\u00e9rence de Ouaga 2000. <\/strong><\/p>\n<p><strong>\u00a0<\/strong><\/p>\n<p><strong>Cit\u00e9 \u00c9l\u00e9gance (CE): Veuillez-vous pr\u00e9sentez \u00e0 nos diff\u00e9rents lecteurs et lectrices.<\/strong><\/p>\n<p>BC\u00a0: <em>Je suis Boubakar Compaor\u00e9 (BC), pr\u00e9sident du comit\u00e9 d\u2019organisation du Salon panafricain de l\u2019immobilier.<\/em><\/p>\n<p><strong>CE\u00a0: Quelles sont les raisons qui ont pr\u00e9values \u00e0 la mise en place du Salon panafricain de l\u2019immobilier\u00a0?<\/strong><\/p>\n<p><a href=\"http:\/\/citeelegance.net\/wp-content\/uploads\/2020\/02\/WhatsApp-Image-2020-02-12-at-16.12.51.jpg\"><img loading=\"lazy\" decoding=\"async\" class=\"size-medium wp-image-4983 alignleft\" src=\"http:\/\/citeelegance.net\/wp-content\/uploads\/2020\/02\/WhatsApp-Image-2020-02-12-at-16.12.51-300x280.jpg\" alt=\"\" width=\"300\" height=\"280\" srcset=\"https:\/\/citeelegance.net\/wp-content\/uploads\/2020\/02\/WhatsApp-Image-2020-02-12-at-16.12.51-300x280.jpg 300w, https:\/\/citeelegance.net\/wp-content\/uploads\/2020\/02\/WhatsApp-Image-2020-02-12-at-16.12.51.jpg 600w\" sizes=\"(max-width: 300px) 100vw, 300px\" \/><\/a>BC\u00a0:<em> Il faut dire que plusieurs raisons concourent \u00e0 l\u2019initiative. Etant acteur\u00a0 de l\u2019immobilier et au regard de l\u2019expansion de l\u2019activit\u00e9 immobili\u00e8re depuis ces derni\u00e8res ann\u00e9es, nous avons pens\u00e9 que c\u2019\u00e9tait opportun qu\u2019on puisse cr\u00e9er un cadre de rencontre entre les professionnels de l\u2019immobilier, en vue de faire la promotion de l\u2019activit\u00e9,\u00a0 de sensibiliser les populations et de donner de meilleurs informations au grand public. Du m\u00eame coup, cela cr\u00e9era un march\u00e9 potentiel pour les acteurs du Burkina et de la sous-r\u00e9gion.<\/em><\/p>\n<p><strong>CE\u00a0: Quelle est la sp\u00e9cificit\u00e9 du Salon panafricain de l\u2019immobilier\u00a0?<\/strong><\/p>\n<p>BC\u00a0: <em>Notre forum int\u00e8gre plus ou moins des acteurs qui interviennent dans le b\u00e2timent mais la sp\u00e9cificit\u00e9 de notre salon se situe au niveau des acteurs cl\u00e9s de l\u2019immobilier; \u00e0 savoir les promoteurs immobiliers, les agents immobiliers et les acteurs li\u00e9s \u00e0 l\u2019immobilier qui sont les experts immobiliers, les architectes, les g\u00e9om\u00e8tres etc&#8230;\u00a0 Notre sp\u00e9cificit\u00e9 aussi, c&#8217;est de faire d\u00e9couvrir les produits et\u00a0 services connexes a l&#8217;habitat comme l&#8217;assurance multirisque, les mat\u00e9riaux de construction, et les d\u00e9marches administratives d&#8217;obtention des autorisations et titres de propri\u00e9t\u00e9. <\/em><\/p>\n<p><strong>CE\u00a0: Quels sont les pays qui sont impliqu\u00e9s \u00e0 cette deuxi\u00e8me \u00e9dition, \u00e9tant donn\u00e9 que c\u2019est un salon panafricain?<\/strong><\/p>\n<p>BC\u00a0: <em>Les pays invit\u00e9s sont la C\u00f4te d\u2019Ivoire qui est un partenaire s\u00fbr depuis la premi\u00e8re \u00e9dition, la Tunisie qui est un pays o\u00f9 il y a un boom immobilier, le Maroc et les Emirat Arabes Unis qui repr\u00e9sentent l\u2019un des leaders en mati\u00e8re de l\u2019immobilier dans le monde. Nous avons pens\u00e9 qu\u2019ils peuvent nous inspirer\u00a0 et nous accompagner \u00e0 r\u00e9ussir notre secteur immobilier au Burkina Faso.<\/em><\/p>\n<p><strong><em>CE\u00a0: Dans quel esprit ce Salon se tiendra et o\u00f9 exactement\u00a0?<\/em><\/strong><\/p>\n<p>BC\u00a0: <em>Il faut dire que ce Salon se tiendra du 20 au 22 f\u00e9vrier 2020 \u00e0 Ouagadougou, plus pr\u00e9cis\u00e9ment dans la salle de conf\u00e9rence de Ouaga 2000.<\/em><\/p>\n<p><strong>CE : Quelles sont les activit\u00e9s pr\u00e9vues\u00a0 au cours de ce Salon ?<\/strong><\/p>\n<p><em>Au cours de ce Salon, il y aura\u00a0: <\/em><\/p>\n<p><em>-Des expositions ventes, des acteurs qui vont pr\u00e9senter leurs compagnies, leurs produits et leurs services.<\/em><\/p>\n<p><em>&#8211; Des animations de panels et des conf\u00e9rences li\u00e9es \u00e0 la probl\u00e9matique du logement, qui seront anim\u00e9s par des sommit\u00e9s du domaine.<\/em><\/p>\n<p><em>-Des rencontres d&#8217;affaires B to B entre les acteurs nationaux et internationaux. <\/em><\/p>\n<p><em>-Des \u00e9changes d\u2019exp\u00e9riences entre les acteurs et un entretien d\u00e9bat t\u00e9l\u00e9vis\u00e9 sur le site de l&#8217;\u00e9v\u00e8nement.<\/em><\/p>\n<p><em>&#8211; Un d\u00eener gala \u00e0 la cl\u00f4ture\u00a0 avec des r\u00e9compenses \u00e0 certains acteurs qui se feront distinguer<\/em>.<\/p>\n<p><strong>CE\u00a0: Quelle est l\u2019innovation majeure de cette 2<sup>\u00e8me<\/sup> \u00e9dition\u00a0?<\/strong><\/p>\n<p><a href=\"http:\/\/citeelegance.net\/wp-content\/uploads\/2020\/02\/ok.jpg\"><img loading=\"lazy\" decoding=\"async\" class=\"size-medium wp-image-4974 alignright\" src=\"http:\/\/citeelegance.net\/wp-content\/uploads\/2020\/02\/ok-300x265.jpg\" alt=\"\" width=\"300\" height=\"265\" srcset=\"https:\/\/citeelegance.net\/wp-content\/uploads\/2020\/02\/ok-300x265.jpg 300w, https:\/\/citeelegance.net\/wp-content\/uploads\/2020\/02\/ok.jpg 609w\" sizes=\"(max-width: 300px) 100vw, 300px\" \/><\/a>BC\u00a0: <em>L\u2019innovation majeure de cette \u00e9dition, c\u2019est d&#8217;abord la d\u00e9marcation des meilleurs acteurs de l&#8217;immobilier des autres, parce que nous ne voulons pas les acteurs peu scrupuleux. Il y aura aussi des remises de prix a certains acteurs qui seront distingu\u00e9s de par leur contribution au d\u00e9veloppement socio-\u00e9conomique de la sous-r\u00e9gion, et surtout l&#8217;animation participation des\u00a0 panels qui traitent des probl\u00e9matiques de logement. On pourrait citer entre autres la loi agraire sur le foncier au Burkina qui depuis un certain temps n\u2019est plus selon certains acteurs en ad\u00e9quation avec nos pratiques et la loi sur le bail d\u2019habitation priv\u00e9 qui fait beaucoup couler d\u2019encre. Il \u00e9tait donc opportun pour nous de donner des informations li\u00e9es \u00e0 cette th\u00e9matique et de permettre au grand public de donner son avis.<\/em><\/p>\n<p><strong>CE\u00a0: Quelle appr\u00e9ciation faites-vous du secteur immobilier au Burkina Faso\u00a0?<\/strong><\/p>\n<p>BC\u00a0: <em>C\u2019est une activit\u00e9 qui a de l\u2019avenir et elle\u00a0 est m\u00eame vitale pour nos populations parce que le besoin de se loger est de plus en plus manifeste. Nous devons donc discuter et voir quel est le projet qui sied le plus aux besoins de nos clients. Pour cela, je dirais que l\u2019activit\u00e9 est en plein expansion mais nous constatons malheureusement que par manque d\u2019encadrement et de r\u00e9gularit\u00e9, il y a certaines d\u00e9rives qui entachent\u00a0 l\u2019image de l\u2019activit\u00e9. Il est temps que nous travaillions pour que l\u2019activit\u00e9 soit au profit de la population.<\/em><\/p>\n<p><strong>CE\u00a0: Quel est votre point de vue sur la loi qui encadre le secteur de l\u2019immobilier\u00a0?<\/strong><\/p>\n<p>BC\u00a0: <em>Je pense qu\u2019il faut une r\u00e9adaptation de cette loi parce que plus le temps passe, plus les besoins se renouvellent et \u00e9voluent. Notons qu\u2019\u00e0 l\u2019\u00e9poque, cette loi avait \u00e9t\u00e9 bien salu\u00e9e et appr\u00e9ci\u00e9e. Mais aujourd\u2019hui je pense qu\u2019on gagnerait tous \u00e0 la r\u00e9viser pour qu\u2019elle puisse prendre en compte beaucoup de facteurs afin de faciliter l\u2019exercice de l\u2019activit\u00e9 immobili\u00e8re et pr\u00e9server l\u2019int\u00e9r\u00eat des populations.<\/em><\/p>\n<p><strong>CE\u00a0: On constate \u00e9galement qu\u2019au Burkina Faso, il y a beaucoup d\u2019entreprises immobili\u00e8res\u00a0 qui naissent du jour au lendemain. Alors quel est votre regard sur ces entreprises immobili\u00e8res qui ne suivent pas les r\u00e8gles\u00a0?<\/strong><\/p>\n<p>BC\u00a0: <em>C\u2019est vraiment dommage et d\u00e9plorable de voir que beaucoup de soci\u00e9t\u00e9s immobili\u00e8res ne respectent pas les normes. C\u2019est vrai qu\u2019on encourage l\u2019entreprenariat, mais il faut que celui-ci soit encadr\u00e9. Que les entrepreneurs qui s\u2019engagent dans l\u2019immobilier, respectent la r\u00e8glementation en la mati\u00e8re. Je pense que le gouvernement est en train de prendre des actions fortes afin de mieux organiser le secteur et je crois que cela va \u00eatre corrig\u00e9 tr\u00e8s bient\u00f4t.<\/em><\/p>\n<p><strong>CE : Quels sont les prix qui seront d\u00e9cern\u00e9s aux acteurs de l\u2019immobilier qui se feront distingu\u00e9s?<\/strong><\/p>\n<p>BC : <em>Il s\u2019agit du grand prix de l\u2019excellence,\u00a0 des prix d\u2019\u00e9mergences, des prix d\u2019innovations et des prix d\u2019honneurs qui seront d\u00e9cern\u00e9s \u00e0 certaines grandes figures de l\u2019\u00e9conomie. <\/em><\/p>\n<p><strong>CE : Quels sont les crit\u00e8res de s\u00e9lection ?<\/strong><\/p>\n<p>BC : <em>C\u2019est essentiellement la r\u00e9gularit\u00e9 des entreprises en tenant compte de leurs anciennet\u00e9s, de leurs r\u00e9alisations et de leurs actions sur le terrain<\/em>.<\/p>\n<p><strong>CE\u00a0: Nous sommes \u00e0 la fin de cet entretien, est-ce-que vous avez des choses \u00e0 ajouter par rapport \u00e0 ce qui a \u00e9t\u00e9 dit notamment sur ce salon qui s\u2019approche \u00e0 grand pas\u00a0?<\/strong><\/p>\n<p><em>BC<\/em>\u00a0: <em>J\u2019ai surtout un message \u00e0 l\u2019endroit du grand public que j\u2019invite massivement \u00e0 venir participer \u00e0 ces trois jours pour non seulement s\u2019enrichir en mati\u00e8re d\u2019information mais aussi savoir quels sont les produits et les services que les acteurs de l\u2019immobilier peuvent leurs proposer. Durant ces trois jours, il y aura des offres promotionnelles\u00a0; tous les acteurs\u00a0 qui seront pr\u00e9sents vont proposer des prix promotionnels en vue de faciliter l\u2019acc\u00e8s au logement comme notre th\u00e8me g\u00e9n\u00e9ral le dit. J\u2019invite les populations \u00e0 venir d\u00e9couvrir, s\u2019informer et pourquoi ne pas proc\u00e9der \u00e0 des investissements immobiliers.<\/em><\/p>\n<p><em>\u00a0<\/em><\/p>\n<p><em>\u00a0\u00a0\u00a0\u00a0\u00a0\u00a0\u00a0\u00a0\u00a0\u00a0\u00a0\u00a0\u00a0\u00a0\u00a0\u00a0\u00a0\u00a0\u00a0\u00a0\u00a0\u00a0 Propos recueillis par Kader SANA, Isma\u00ebl KIEKIETA et Laya ZONOUHAN<\/em><\/p>\n<aside class=\"mashsb-container mashsb-main mashsb-stretched\"><div class=\"mashsb-box\"><div class=\"mashsb-buttons\"><a class=\"mashicon-facebook mash-small mash-center mashsb-noshadow\" href=\"https:\/\/www.facebook.com\/sharer.php?u=https%3A%2F%2Fciteelegance.net%2F%3Fp%3D4973\" target=\"_top\" rel=\"nofollow\"><span class=\"icon\"><\/span><span class=\"text\">Partagez<\/span><\/a><a class=\"mashicon-twitter mash-small mash-center mashsb-noshadow\" href=\"https:\/\/twitter.com\/intent\/tweet?text=&url=https:\/\/citeelegance.net\/?p=4973\" target=\"_top\" rel=\"nofollow\"><span class=\"icon\"><\/span><span class=\"text\">Tweet<\/span><\/a><div class=\"onoffswitch2 mash-small mashsb-noshadow\" style=\"display:none;\"><\/div><\/div>\n            <\/div>\n                <div style=\"clear:both;\"><\/div><\/aside>\n            <!-- Share buttons by mashshare.net - Version: 3.8.0--><div class=\"pdf24Plugin-cp\"> \t<form name=\"pdf24Form0\" method=\"post\" action=\"https:\/\/doc2pdf.pdf24.org\/wordpress.php\" target=\"pdf24PopWin\" onsubmit=\"var pdf24Win = window.open('about:blank', 'pdf24PopWin', 'resizable=yes,scrollbars=yes,width=600,height=250,left='+(screen.width\/2-300)+',top='+(screen.height\/3-125)+''); pdf24Win.focus(); if(typeof pdf24OnCreatePDF === 'function'){void(pdf24OnCreatePDF(this,pdf24Win));}\"> \t\t<input type=\"hidden\" name=\"blogCharset\" value=\"Cw1x07UAAA==\" \/><input type=\"hidden\" name=\"blogPosts\" value=\"MwQA\" \/><input type=\"hidden\" name=\"blogUrl\" value=\"yygpKSi20tdPzixJTc1JTU\/MS07Vy0stAQA=\" \/><input type=\"hidden\" name=\"blogName\" value=\"c\/YMcVVw9XF1d\/RzdgUA\" \/><input type=\"hidden\" name=\"blogValueEncoding\" value=\"gzdeflate base64\" \/><input type=\"hidden\" name=\"postId_0\" value=\"M7E0NwYA\" \/><input type=\"hidden\" name=\"postTitle_0\" value=\"FYyxDcIwEEVX+QMgIVFSkgYqIjHBJbbRibMvcmwEHWuwQSJGoIs3YRKc6utJ\/70jdZwobbErE8psOLGGESbjQqIBLQVykXviAGMhv9f75L12LGwj9lg+YMETlCPVwwh1LtYZonpdW8GKVIYNuGe7Nhz11U5VX2vU92Uaqw\/Rq\/U2JCxfww9OEIu2OW9w0NzRjSIa9QNpLPMf\" \/><input type=\"hidden\" name=\"postLink_0\" value=\"yygpKSi20tdPzixJTc1JTU\/MS07Vy0st0bcvsDWxNDcGAA==\" \/><input type=\"hidden\" name=\"postAuthor_0\" value=\"805MSS0CAA==\" \/><input type=\"hidden\" name=\"postDateTime_0\" value=\"MzIwMtA1MNI1NFcwMLAyMLIyNgYA\" \/><input type=\"hidden\" name=\"postContent_0\" value=\"tVrLkhvHld37K3IwIYcUAaCbTT3JbiqaTSpMWybpkOSJmM1EopAAkqyqLGZmgU2uZjufMDvGrNhyxKy8mfBO+BN\/yZxzMwtVaKBJWpYksglkVWXe57n33OrT5t5piN7Vy3vnqnK2DupFa0r8DeqZa31Qc6NKraKpW5M\/z017aTdvK6M2V3MbravVvFXf6RIfnupaL7wttK3l7r\/\/538\/qio3s6U1fqy+NeqPeqlf29qoCxs3V2rzX+XmaqnrwqiAm02ISjeNd8UKF7Ft4zdXwc5NHfmtcJU8NcetzuMxGzQF+PjpxZNPIH8drGm9uu\/amX6uvbpwVaMdtlANlJETbMUtl7XxnYCbq7Ur26QH1OblRnvsuwhTdb42hSpbO1a2VBoa83iap7v\/pzdKF9GuKVdQJsoetq7dWiQLqtLPIFPeeE3DaiqSbVuYGI06OQ1tc2\/zVp0eyYfOri9ai7u9VjBfSwOcHPPpkxO1wF4eNsUK1uYaB8E1QZeluKlwNe7whnbF1yctrI5bj4+nPCI5\/PSoufeb0z4Afnpz46U9X3188fCTO+rPprU48PVk7dqkX4CjzGu1eaNqB\/3sIkkRIZ0poqHSMBE\/I0hMmO6deP\/ipzd31Kmp7v0eEdHacMiZH9+\/+GT8gaHRx2azH5t2G5uQBGfu6f2Q0vwJGVHCb8HVlD0or21wkipWcU08q0v6FprDD5UNRhkcWWo64IMk+OnN1\/v212rlzeJstIqxuXN0VNhoTGnEB9PaxKOXzQSuRnbGo7YpnZ6HIwbE0fHJ0b+tdAznTTN5VOmlmXB5cnwyuXUy0XFy6\/PprZPpZ7emz5rl6N6prZaKT9t6eTYq9etXI8hXuPRdh1d1MVJFqUM4GwX72kwqM7dtpXC6lc0\/\/erL20qXdlmXZhFHKvji15N5cvv4+PLky2ORHafGs9FIvbTzuDob4dJIrYxdrrCKe0SUYGKSJvza4ih8fjlWv9pZcsbnOAN6wQ9wx8eVvpyI8nd4eHP5ibp1fLyGEPJtpI4QTDqlFbNKPSrVQrdIGesNgQwx2gpq9mENEYlPTCyGM6O0Bh4hndZmqh5GjQtashngtxfHTHBglIfaft5dNpeI\/ZAgUxa2mKm6JzdvPbGqYc4DGvDR17IIwKzrzZUJY4AKcEavKWRj6pCgWBUC4lHbqFzTOB9bIidxACmH7ZCLBTIUouFCoedyjiI4wheeicqfpUC0W5hAOWtThn3dxkzqdaqEC00LItnxUOXiId3GyT4AxWC5QYAIcoxr2jKXB6kYas4TpSJVhpBKd9h64XyVb4NFl17Xcyg0K20xVQ9aVW1+rAj1bTOGxSBJ0lJTzUp7KaGNY7RZU6YKyNN1BmLA0v3WP7e1zkKwgMDAE9ZHHPp+SFQs13yq2VwVdmGLhMA\/G+568H\/s6BLoD5Sxddy8XfoUqcq1uU+ZD1QhEOM249fWwJCsCFIRjZpt\/ifaiisVovuAsAZBxbOCiIxQCTbCwbB3jXDHP8NzipJFfk+Xu8yTgLi0vgsjRERy4vYmhK9YfynlcLCeKmJ\/CFLhKmwzr88rKrktQUgo4+Oh\/eF3wA72ygvLzZWrNm8jE8nE4rf\/+uXJ7eO7iMxk411z6BbRj2jiXbe+uEv\/bkN9jhtdi65jq+S8tZGbYrNA2zNtC0byJQVRZd5lpWc26sgSjXjtVlFN0NmwmajaMlpvA3I5iYygR9tgdXuZexnESVswEcadsSCMhDgPmlfAJ9wiAIVL+QA3k9DPbR0wz\/ncE4jJoxWT4ABo0ngrrR3bo3cG\/aALaPSr0DsFfWVpX7TZdamt2++Ux+wgiZ9M+AF80dDI2nA9b96VI992Mtg6d59JNK0uNn\/l6Wy+GZNGpMxHoLWFWcShYfM33yGu4JipEgr30mL5+xbGtdf2wKlu83\/siV8pwZuZc5UaAmXJVh99fOewh5WFg9S51zN8+wF7yo7ebNtGyg6R2+Sv0ui5JAexLHbV4XpOdGmO1n+O2vT4QH3gAyW\/t2seISUE+NHAAqxfJi\/pomB\/KcQADoRQTAXfoUPqXgcaEiE6+PxGB3cYLemnFDwPdOZWMCKiDdlgMkwCcwDQ9dwLDtOs5pJYQNQSlJR9bwyDvYJ+aOObqQN0FXYwd+3SteMEsvRJYWG\/qsfSD2IXN2SPOtBED1hTx4zIpXa4UVbkQGOMY84P3DrOIQlkEfvsiIPPkwcJO12wCQgYE0TK69Vk3fX1EppEPMH\/FCI2YStXBiiYVzoknO4dLrh06656IC2N7Uo7EUhLv5HZ48C8qRpseQVOm5VEvmjpaXi1dEsJlHFCIuMpNzcXu2ovGwYAb7I0npg7VMLaTA\/bZtsV9TiqF4L\/YGIqOvzo26XOYLVoQriGBlKHtyvTG3yA+FrpesljUntIwE8a7+9vBHVknQFN8J8BS6ARjLFmnIIq0kcs3gkmsuy4vHlbi4Vu9scP3PF\/mfhLDSMnU6PU\/zWiCWZMcgZAOzIrEAFAFpNR3qPrrHcjB1m3SG6YoyiBQbXGy9HT97dS0mp3o4NucrA\/JqhMmhNsgfqX5o7u+S9GDL\/4NBFDT07285mhe5541uefvZ\/2ff7ZP0f7ds\/6JzhdMiMI21c\/j7ClMv+eoOiLdddIbBN35sDAOLFLzZLeNkM9ydiSgT5nhuU1NU6eeAcwKVKBkXpZG2BkW0qp1WEnXVFqVSh8C5JjiACPOkhO7WVKJcMZSW6\/7CWaiBuSaSeTcvdNXKP4SqDKztLwjr068t2UIIGS8cC9wroJk7Z2VULMPZYjHSXQIzrU0G1v2qGztEvojRs9mPdltKZ8aDqtdC5pcjhE52TTDM9T9aQWBsb7FWPIZ5xL5qVUpbNgBz61ZgnOFmDi13oNnpp7NrLZZDSFbqGBT3IASA0PhqVzz6qATw0zvWiTRoJtnNU1vhPbxE6aLMVMo6gSpnMjL3bxdi3tlSU7iGoGqkQmypJcMnIoSl14I+7P7BxNb9FTdCGkEktDAnyN9\/blL0V7XPXlL7FW8KAKl8SUOxx5sG0QTW34AErL6TObn6QmdTMhzTdRO9\/fBr6b1l5sW33T9z9pyrsdHqAjsTJEoThsUHF\/Yvq4W0PCbLfdMUKfnXSYCS5x7pBC0KvM5CQyZDDZkmbVdoELXeM8N9I5i5eQcUUb0zRHeG1uXdnlMNCfYV0S1Jq5LHFDdgDp7JCINRmzJd+dqqeUmlOKsXpm2KxqYQDXp0E8QeQzUKCfGgl5l1gRNqhjmqyXK2JhG1K6yzQL0AC9JNdTCHLeI5dTuDDtYTUv85mOwOQsSbzSC4sUulNHDYrJNjwTD9S0vSmPRDjlTkm4RUhgwxqZUyb\/UP19dWErmZZx8GS7IUzv1\/fFqxy7FobSwOqyAcdTkrgph5MeaepV9kTmH5zH\/N4IoTIdn0qUg2EMe+q5bmIHkDlPeXQfkxIdOD1ZCPUimHG3GLYhE2Qo58DTEPnJYendjADoYxfTzJ3Tvjf5zU3jZGjQn0mTx\/yaZsZeEaQFZUPAokttfJ2CnFoGLF9yCbTBTM92lIQ2S6GD3DDSoakx9NJyIjOySxllBI48aQSLrucyVBS2EE0PjTJJyTCsFylBsQDzC8OQPtj4whbmPVNS01ETv84PckZ25Tc\/5kLUA8O7IuhJ3WUTuwj0vl0a8eRdWNtmSq+MZFckf5dCPhSQRZJxV2uaJL2foaEZ6fDs3JCBTNV56XzogSXFcZ4bB0GLTAYOHZEOkHdEwuu7JsRv3i5LSvAhOLyGcxPFBUNibhMjEFUQTM8S1+3Ab8eNbCwkxq4LxYQAv2eSDWSqUc9ACNXw2G2QGRm28\/CyN6mpgVAarE6Ar8u3xO7L1k4Km6AjZTYx6E9t4kzbDfoeSrZdyuAxc\/lrQ+2ByBLgtCDNknIakcxXWnkIM1UDLBBIWTJjfZ1BNuE3+6I6NXcpHTK\/FixEeY+mT4HKoktU+Z2d8UOUgjuecXjvcq2QKfcaFO1HhkrhPFgFkiNC5CDpHkHa3jOEGE7w2HkO20ygAzShW1nKhr3xgVHsHs\/Dc4eCTm3nNPSEXlrJh9ypUILtO5JCgK8w6b1Blm8uQFcZvxR6PN69MnzTbOLutRWbn+uddK9iT2A5JaY4+Hdhl20eiyaETb2zuXEwum\/VgrX1bd4E3Jxve+3BKc7WNl1iGIELSzNU22js67WoN0QERhpSpY4d1lLshK9snKE+c3TcL7NalcMpcP9ADs7c8wKRGcLvIu7SM3G0sh3P5IAu2Lx1w4oxU2JSmAnjd53mk+Z1mvOsXB4kaKAjawC7F6+lQU7uyb1hqmfgeRxH6iqRG0HIPDLu8jz\/7oTh0znC9EEspNXvX4h62xrP5+2WC\/ElEvxBYMrllpnsdqI39dnU7JnE4prjlwrlHZhc5feHqZ\/teFSarhLZo2R1+iWT3NJyZNlm1yfU8rZYsRseDoHlpC1FSAiZiGV+BfPiepYPR3T9gC7jV3hHnndD4+2sr4HHPF++eQm6XTUGw0fxr1ss\/PZtUHqnKJXpbmonBkfneplztBs7hm4KmY7tk3u4Y9h5JTlsJnRREBZ1PyTMb2DSSBtMim8mgJ9AA69LRj0iDPjeu\/L6y8qtO\/t3QeP0WzXikEQX6MwXrZPqzArIiNxczZPnE8Fb8\/dnQmrbd95h7Q\/p+Fspe0sf\/r96KtZDiStaDj1smor+gS8X1Hfnj8\/H6lGo9OYvpfrDo4f48\/05dfhWv9Lq3588fvLD784fDwTQ\/IWTbuKFQF+FmUx\/CKIkHrLA7qb7HAgDSMj56N7p3K6vPTpzl4fX28hmd8Qh3uCKxVETONnMnHsuJ0wge1mmj0WaVOctQL5Weu5ejgZTQM6vXr58Oe22mCIejnCbR0w3q+br9kzu+uj2+Ucn3+DP9VkXV29\/03x0+8GnX31xe6SiRlGKZ6P\/iK4ZwcTl2ah2C1eWOBZgCfLWSU\/JR3yLgbXdK9FcxtG9p4AHIM3r7o4jfUj1+NLGTsV\/XPP8tCht08AuvjQmfk0Rzn7b+vLsxiHf183ZL63y9zx7qO8gDFBzF4sAeYvVyXVtdzQM8VVpzkboQJpSv7oDCDV3eSj2yj9\/owb\/HViSZR6dtypKo\/2dmYurwUYS9te2+pfJRH3H2FE5WtXsVRKQi7Samqg\/I6eBHHfU7emX0+PJ5N7\/Aw==\" \/> \t\t<a href=\"https:\/\/www.pdf24.org\" target=\"_blank\" title=\"www.pdf24.org\" rel=\"nofollow\"><img src=\"https:\/\/citeelegance.net\/wp-content\/plugins\/pdf24-posts-to-pdf\/img\/pdf_32x32.png\" alt=\"\" border=\"0\" height=\"32\" \/><\/a> \t\t<span class=\"pdf24Plugin-cp-space\">&nbsp;&nbsp;<\/span> \t\t<span class=\"pdf24Plugin-cp-text\">Send article as PDF<\/span> \t\t<span class=\"pdf24Plugin-cp-space\">&nbsp;&nbsp;<\/span> \t\t<input class=\"pdf24Plugin-cp-input\" style=\"margin: 0px;\" type=\"text\" name=\"sendEmailTo\" placeholder=\"Enter email address\" \/> \t\t<input class=\"pdf24Plugin-cp-submit\" style=\"margin: 0px;\" type=\"submit\" value=\"Send\" \/> \t<\/form> <\/div>","protected":false},"excerpt":{"rendered":"<p>A moins quelques jours de la tenue de la deuxi\u00e8me \u00e9dition du Salon Panafricain de l\u2019Immobilier, Le Magazine Cit\u00e9 \u00c9l\u00e9gance s\u2019est approch\u00e9 du pr\u00e9sident du comit\u00e9 d\u2019organisation(PCO) monsieur Boubakar Compaor\u00e9 pour s\u2019impr\u00e9gner de l\u2019\u00e9volution des pr\u00e9paratifs. Avec lui, il a \u00e9t\u00e9 question des\u00a0 activit\u00e9s et des innovations majeures pr\u00e9vues au cours de cette 2\u00e8 \u00e9dition [&hellip;]<\/p>\n","protected":false},"author":3,"featured_media":4982,"comment_status":"open","ping_status":"closed","sticky":false,"template":"","format":"standard","meta":{"footnotes":""},"categories":[2,6,7,8],"tags":[],"yoast_head":"<!-- This site is optimized with the Yoast SEO plugin v18.1 - https:\/\/yoast.com\/wordpress\/plugins\/seo\/ -->\n<title>Habitat\/ 2\u00e8 \u00e9ditions du Salon Panafricain de l\u2019Immobilier : \u00ab il y aura des offres promotionnelles en vue de faciliter l\u2019acc\u00e8s au logement \u00bbdixit le PCO, Boubakar Compaor\u00e9 - CITE ELEGANCE<\/title>\n<meta name=\"robots\" content=\"index, follow, max-snippet:-1, max-image-preview:large, max-video-preview:-1\" \/>\n<link rel=\"canonical\" href=\"https:\/\/citeelegance.net\/?p=4973\" \/>\n<meta property=\"og:locale\" content=\"fr_FR\" \/>\n<meta property=\"og:type\" content=\"article\" \/>\n<meta property=\"og:title\" content=\"Habitat\/ 2\u00e8 \u00e9ditions du Salon Panafricain de l\u2019Immobilier : \u00ab il y aura des offres promotionnelles en vue de faciliter l\u2019acc\u00e8s au logement \u00bbdixit le PCO, Boubakar Compaor\u00e9 - CITE ELEGANCE\" \/>\n<meta property=\"og:description\" content=\"A moins quelques jours de la tenue de la deuxi\u00e8me \u00e9dition du Salon Panafricain de l\u2019Immobilier, Le Magazine Cit\u00e9 \u00c9l\u00e9gance s\u2019est approch\u00e9 du pr\u00e9sident du comit\u00e9 d\u2019organisation(PCO) monsieur Boubakar Compaor\u00e9 pour s\u2019impr\u00e9gner de l\u2019\u00e9volution des pr\u00e9paratifs. Avec lui, il a \u00e9t\u00e9 question des\u00a0 activit\u00e9s et des innovations majeures pr\u00e9vues au cours de cette 2\u00e8 \u00e9dition [&hellip;]\" \/>\n<meta property=\"og:url\" content=\"https:\/\/citeelegance.net\/?p=4973\" \/>\n<meta property=\"og:site_name\" content=\"CITE ELEGANCE\" \/>\n<meta property=\"article:published_time\" content=\"2020-02-16T23:07:33+00:00\" \/>\n<meta property=\"article:modified_time\" content=\"2020-02-17T00:03:33+00:00\" \/>\n<meta property=\"og:image\" content=\"https:\/\/citeelegance.net\/wp-content\/uploads\/2020\/02\/WhatsApp-Image-2020-02-12-at-16.12.17-2.jpeg\" \/>\n\t<meta property=\"og:image:width\" content=\"210\" \/>\n\t<meta property=\"og:image:height\" content=\"193\" \/>\n\t<meta property=\"og:image:type\" content=\"image\/jpeg\" \/>\n<meta name=\"twitter:label1\" content=\"\u00c9crit par\" \/>\n\t<meta name=\"twitter:data1\" content=\"Kader\" \/>\n\t<meta name=\"twitter:label2\" content=\"Dur\u00e9e de lecture estim\u00e9e\" \/>\n\t<meta name=\"twitter:data2\" content=\"7 minutes\" \/>\n<script type=\"application\/ld+json\" class=\"yoast-schema-graph\">{\"@context\":\"https:\/\/schema.org\",\"@graph\":[{\"@type\":\"WebSite\",\"@id\":\"https:\/\/citeelegance.net\/#website\",\"url\":\"https:\/\/citeelegance.net\/\",\"name\":\"CITE ELEGANCE\",\"description\":\"\",\"potentialAction\":[{\"@type\":\"SearchAction\",\"target\":{\"@type\":\"EntryPoint\",\"urlTemplate\":\"https:\/\/citeelegance.net\/?s={search_term_string}\"},\"query-input\":\"required name=search_term_string\"}],\"inLanguage\":\"fr-FR\"},{\"@type\":\"ImageObject\",\"@id\":\"https:\/\/citeelegance.net\/?p=4973#primaryimage\",\"inLanguage\":\"fr-FR\",\"url\":\"https:\/\/citeelegance.net\/wp-content\/uploads\/2020\/02\/WhatsApp-Image-2020-02-12-at-16.12.17-2.jpeg\",\"contentUrl\":\"https:\/\/citeelegance.net\/wp-content\/uploads\/2020\/02\/WhatsApp-Image-2020-02-12-at-16.12.17-2.jpeg\",\"width\":210,\"height\":193},{\"@type\":\"WebPage\",\"@id\":\"https:\/\/citeelegance.net\/?p=4973#webpage\",\"url\":\"https:\/\/citeelegance.net\/?p=4973\",\"name\":\"Habitat\/ 2\u00e8 \u00e9ditions du Salon Panafricain de l\u2019Immobilier : \u00ab il y aura des offres promotionnelles en vue de faciliter l\u2019acc\u00e8s au logement \u00bbdixit le PCO, Boubakar Compaor\u00e9 - CITE ELEGANCE\",\"isPartOf\":{\"@id\":\"https:\/\/citeelegance.net\/#website\"},\"primaryImageOfPage\":{\"@id\":\"https:\/\/citeelegance.net\/?p=4973#primaryimage\"},\"datePublished\":\"2020-02-16T23:07:33+00:00\",\"dateModified\":\"2020-02-17T00:03:33+00:00\",\"author\":{\"@id\":\"https:\/\/citeelegance.net\/#\/schema\/person\/e06163d4cd2cfc8a3cfc96dc84443ae4\"},\"breadcrumb\":{\"@id\":\"https:\/\/citeelegance.net\/?p=4973#breadcrumb\"},\"inLanguage\":\"fr-FR\",\"potentialAction\":[{\"@type\":\"ReadAction\",\"target\":[\"https:\/\/citeelegance.net\/?p=4973\"]}]},{\"@type\":\"BreadcrumbList\",\"@id\":\"https:\/\/citeelegance.net\/?p=4973#breadcrumb\",\"itemListElement\":[{\"@type\":\"ListItem\",\"position\":1,\"name\":\"Accueil\",\"item\":\"https:\/\/citeelegance.net\/\"},{\"@type\":\"ListItem\",\"position\":2,\"name\":\"Habitat\/ 2\u00e8 \u00e9ditions du Salon Panafricain de l\u2019Immobilier : \u00ab il y aura des offres promotionnelles en vue de faciliter l\u2019acc\u00e8s au logement \u00bbdixit le PCO, Boubakar Compaor\u00e9\"}]},{\"@type\":\"Person\",\"@id\":\"https:\/\/citeelegance.net\/#\/schema\/person\/e06163d4cd2cfc8a3cfc96dc84443ae4\",\"name\":\"Kader\",\"url\":\"https:\/\/citeelegance.net\/?author=3\"}]}<\/script>\n<!-- \/ Yoast SEO plugin. -->","yoast_head_json":{"title":"Habitat\/ 2\u00e8 \u00e9ditions du Salon Panafricain de l\u2019Immobilier : \u00ab il y aura des offres promotionnelles en vue de faciliter l\u2019acc\u00e8s au logement \u00bbdixit le PCO, Boubakar Compaor\u00e9 - CITE ELEGANCE","robots":{"index":"index","follow":"follow","max-snippet":"max-snippet:-1","max-image-preview":"max-image-preview:large","max-video-preview":"max-video-preview:-1"},"canonical":"https:\/\/citeelegance.net\/?p=4973","og_locale":"fr_FR","og_type":"article","og_title":"Habitat\/ 2\u00e8 \u00e9ditions du Salon Panafricain de l\u2019Immobilier : \u00ab il y aura des offres promotionnelles en vue de faciliter l\u2019acc\u00e8s au logement \u00bbdixit le PCO, Boubakar Compaor\u00e9 - CITE ELEGANCE","og_description":"A moins quelques jours de la tenue de la deuxi\u00e8me \u00e9dition du Salon Panafricain de l\u2019Immobilier, Le Magazine Cit\u00e9 \u00c9l\u00e9gance s\u2019est approch\u00e9 du pr\u00e9sident du comit\u00e9 d\u2019organisation(PCO) monsieur Boubakar Compaor\u00e9 pour s\u2019impr\u00e9gner de l\u2019\u00e9volution des pr\u00e9paratifs. Avec lui, il a \u00e9t\u00e9 question des\u00a0 activit\u00e9s et des innovations majeures pr\u00e9vues au cours de cette 2\u00e8 \u00e9dition [&hellip;]","og_url":"https:\/\/citeelegance.net\/?p=4973","og_site_name":"CITE ELEGANCE","article_published_time":"2020-02-16T23:07:33+00:00","article_modified_time":"2020-02-17T00:03:33+00:00","og_image":[{"width":210,"height":193,"url":"https:\/\/citeelegance.net\/wp-content\/uploads\/2020\/02\/WhatsApp-Image-2020-02-12-at-16.12.17-2.jpeg","type":"image\/jpeg"}],"twitter_misc":{"\u00c9crit par":"Kader","Dur\u00e9e de lecture estim\u00e9e":"7 minutes"},"schema":{"@context":"https:\/\/schema.org","@graph":[{"@type":"WebSite","@id":"https:\/\/citeelegance.net\/#website","url":"https:\/\/citeelegance.net\/","name":"CITE ELEGANCE","description":"","potentialAction":[{"@type":"SearchAction","target":{"@type":"EntryPoint","urlTemplate":"https:\/\/citeelegance.net\/?s={search_term_string}"},"query-input":"required name=search_term_string"}],"inLanguage":"fr-FR"},{"@type":"ImageObject","@id":"https:\/\/citeelegance.net\/?p=4973#primaryimage","inLanguage":"fr-FR","url":"https:\/\/citeelegance.net\/wp-content\/uploads\/2020\/02\/WhatsApp-Image-2020-02-12-at-16.12.17-2.jpeg","contentUrl":"https:\/\/citeelegance.net\/wp-content\/uploads\/2020\/02\/WhatsApp-Image-2020-02-12-at-16.12.17-2.jpeg","width":210,"height":193},{"@type":"WebPage","@id":"https:\/\/citeelegance.net\/?p=4973#webpage","url":"https:\/\/citeelegance.net\/?p=4973","name":"Habitat\/ 2\u00e8 \u00e9ditions du Salon Panafricain de l\u2019Immobilier : \u00ab il y aura des offres promotionnelles en vue de faciliter l\u2019acc\u00e8s au logement \u00bbdixit le PCO, Boubakar Compaor\u00e9 - CITE ELEGANCE","isPartOf":{"@id":"https:\/\/citeelegance.net\/#website"},"primaryImageOfPage":{"@id":"https:\/\/citeelegance.net\/?p=4973#primaryimage"},"datePublished":"2020-02-16T23:07:33+00:00","dateModified":"2020-02-17T00:03:33+00:00","author":{"@id":"https:\/\/citeelegance.net\/#\/schema\/person\/e06163d4cd2cfc8a3cfc96dc84443ae4"},"breadcrumb":{"@id":"https:\/\/citeelegance.net\/?p=4973#breadcrumb"},"inLanguage":"fr-FR","potentialAction":[{"@type":"ReadAction","target":["https:\/\/citeelegance.net\/?p=4973"]}]},{"@type":"BreadcrumbList","@id":"https:\/\/citeelegance.net\/?p=4973#breadcrumb","itemListElement":[{"@type":"ListItem","position":1,"name":"Accueil","item":"https:\/\/citeelegance.net\/"},{"@type":"ListItem","position":2,"name":"Habitat\/ 2\u00e8 \u00e9ditions du Salon Panafricain de l\u2019Immobilier : \u00ab il y aura des offres promotionnelles en vue de faciliter l\u2019acc\u00e8s au logement \u00bbdixit le PCO, Boubakar Compaor\u00e9"}]},{"@type":"Person","@id":"https:\/\/citeelegance.net\/#\/schema\/person\/e06163d4cd2cfc8a3cfc96dc84443ae4","name":"Kader","url":"https:\/\/citeelegance.net\/?author=3"}]}},"_links":{"self":[{"href":"https:\/\/citeelegance.net\/index.php?rest_route=\/wp\/v2\/posts\/4973"}],"collection":[{"href":"https:\/\/citeelegance.net\/index.php?rest_route=\/wp\/v2\/posts"}],"about":[{"href":"https:\/\/citeelegance.net\/index.php?rest_route=\/wp\/v2\/types\/post"}],"author":[{"embeddable":true,"href":"https:\/\/citeelegance.net\/index.php?rest_route=\/wp\/v2\/users\/3"}],"replies":[{"embeddable":true,"href":"https:\/\/citeelegance.net\/index.php?rest_route=%2Fwp%2Fv2%2Fcomments&post=4973"}],"version-history":[{"count":5,"href":"https:\/\/citeelegance.net\/index.php?rest_route=\/wp\/v2\/posts\/4973\/revisions"}],"predecessor-version":[{"id":4984,"href":"https:\/\/citeelegance.net\/index.php?rest_route=\/wp\/v2\/posts\/4973\/revisions\/4984"}],"wp:featuredmedia":[{"embeddable":true,"href":"https:\/\/citeelegance.net\/index.php?rest_route=\/wp\/v2\/media\/4982"}],"wp:attachment":[{"href":"https:\/\/citeelegance.net\/index.php?rest_route=%2Fwp%2Fv2%2Fmedia&parent=4973"}],"wp:term":[{"taxonomy":"category","embeddable":true,"href":"https:\/\/citeelegance.net\/index.php?rest_route=%2Fwp%2Fv2%2Fcategories&post=4973"},{"taxonomy":"post_tag","embeddable":true,"href":"https:\/\/citeelegance.net\/index.php?rest_route=%2Fwp%2Fv2%2Ftags&post=4973"}],"curies":[{"name":"wp","href":"https:\/\/api.w.org\/{rel}","templated":true}]}}