{"id":4903,"date":"2020-02-11T16:50:37","date_gmt":"2020-02-11T15:50:37","guid":{"rendered":"http:\/\/citeelegance.net\/?p=4903"},"modified":"2020-02-12T15:40:49","modified_gmt":"2020-02-12T14:40:49","slug":"ouagadougou-communaute-musulmane-pose-de-la-premiere-pierre-dun-district-sanitaire-a-tanghin","status":"publish","type":"post","link":"https:\/\/citeelegance.net\/?p=4903","title":{"rendered":"Ouagadougou\/ Communaut\u00e9 Musulmane\u00a0: Pose de la premi\u00e8re pierre d\u2019une formation sanitaire \u00e0 Tanghin"},"content":{"rendered":"<p><strong>La communaut\u00e9 musulmane a proc\u00e9d\u00e9 au lancement du projet de construction d\u2019un district sanitaire dans le quartier Tanghin de Ouagadougou, le Samedi 08 f\u00e9vrier 2020. Cette c\u00e9r\u00e9monie de pose de la premi\u00e8re pierre est le point de d\u00e9part de la mise en \u0153uvre de ce projet de construction de r\u00e9f\u00e9rence pour la population du Burkina Faso. Le pr\u00e9sent lancement a eu l\u2019honneur d\u2019accueillir des autorit\u00e9s du minist\u00e8re de la sant\u00e9, de la communaut\u00e9 catholique et coutumi\u00e8re.<\/strong><\/p>\n<p><a href=\"http:\/\/citeelegance.net\/wp-content\/uploads\/2020\/02\/WhatsApp-Image-2020-02-11-at-15.20.15-Copie-Copie.jpeg\"><img loading=\"lazy\" decoding=\"async\" class=\"size-medium wp-image-4908 alignright\" src=\"http:\/\/citeelegance.net\/wp-content\/uploads\/2020\/02\/WhatsApp-Image-2020-02-11-at-15.20.15-Copie-Copie-300x225.jpeg\" alt=\"\" width=\"300\" height=\"225\" srcset=\"https:\/\/citeelegance.net\/wp-content\/uploads\/2020\/02\/WhatsApp-Image-2020-02-11-at-15.20.15-Copie-Copie-300x225.jpeg 300w, https:\/\/citeelegance.net\/wp-content\/uploads\/2020\/02\/WhatsApp-Image-2020-02-11-at-15.20.15-Copie-Copie-1024x767.jpeg 1024w, https:\/\/citeelegance.net\/wp-content\/uploads\/2020\/02\/WhatsApp-Image-2020-02-11-at-15.20.15-Copie-Copie-768x575.jpeg 768w, https:\/\/citeelegance.net\/wp-content\/uploads\/2020\/02\/WhatsApp-Image-2020-02-11-at-15.20.15-Copie-Copie-105x80.jpeg 105w, https:\/\/citeelegance.net\/wp-content\/uploads\/2020\/02\/WhatsApp-Image-2020-02-11-at-15.20.15-Copie-Copie.jpeg 1080w\" sizes=\"(max-width: 300px) 100vw, 300px\" \/><\/a>Participer au d\u00e9veloppement et au renforcement dans le domaine de la sant\u00e9 au Burkina Faso, tel est l\u2019id\u00e9al qui est en train de germer au sein de la communaut\u00e9 musulmane. Le projet est de construire un centre de formation sanitaire pour les populations. Le choix a \u00e9t\u00e9 port\u00e9 sur l\u2019arrondissement 4\u00a0 parce qu\u2019il y a \u00a0de l\u2019espace suffisant (2,5 hectares) et composant d\u00e9j\u00e0 \u00a0une mosqu\u00e9e pour implanter un centre m\u00e9dical. L\u2019objectif est de contribuer \u00e0 am\u00e9liorer la couverture sanitaire au niveau national.<\/p>\n<p><a href=\"http:\/\/citeelegance.net\/wp-content\/uploads\/2020\/02\/WhatsApp-Image-2020-02-11-at-15.41.36.jpeg\"><img loading=\"lazy\" decoding=\"async\" class=\"size-medium wp-image-4906 alignleft\" src=\"http:\/\/citeelegance.net\/wp-content\/uploads\/2020\/02\/WhatsApp-Image-2020-02-11-at-15.41.36-300x225.jpeg\" alt=\"\" width=\"300\" height=\"225\" srcset=\"https:\/\/citeelegance.net\/wp-content\/uploads\/2020\/02\/WhatsApp-Image-2020-02-11-at-15.41.36-300x225.jpeg 300w, https:\/\/citeelegance.net\/wp-content\/uploads\/2020\/02\/WhatsApp-Image-2020-02-11-at-15.41.36-1024x767.jpeg 1024w, https:\/\/citeelegance.net\/wp-content\/uploads\/2020\/02\/WhatsApp-Image-2020-02-11-at-15.41.36-768x575.jpeg 768w, https:\/\/citeelegance.net\/wp-content\/uploads\/2020\/02\/WhatsApp-Image-2020-02-11-at-15.41.36-105x80.jpeg 105w, https:\/\/citeelegance.net\/wp-content\/uploads\/2020\/02\/WhatsApp-Image-2020-02-11-at-15.41.36.jpeg 1080w\" sizes=\"(max-width: 300px) 100vw, 300px\" \/><\/a>Pour le pr\u00e9sident de la communaut\u00e9 musulmane,Abdoul \u00a0Rasmani SANA, c\u2019est un v\u00e9ritable plaisir de mettre en \u0153uvre ce projet au service de la population du Burkina Faso. Il ajoute\u00a0: \u00ab <em>La pri\u00e8re repose sur la sant\u00e9. Pour prier il faut qu\u2019il y ait la sant\u00e9. Je voudrais souligner que ce district sanitaire sera au service de toute la population sans distinction de religion. Les musulmans ont certes eu l\u2019initiative mais la finalit\u00e9 de ce projet c\u2019est de venir en aide \u00e0 toute la population\u00a0<\/em>\u00bb.<\/p>\n<p>Selon le repr\u00e9sentant du minist\u00e8re de la sant\u00e9, M. Nassa Abdoul, lorsqu\u2019une <a href=\"http:\/\/citeelegance.net\/wp-content\/uploads\/2020\/02\/WhatsApp-Image-2020-02-11-at-15.40.51.jpg\"><img loading=\"lazy\" decoding=\"async\" class=\"size-medium wp-image-4907 alignright\" src=\"http:\/\/citeelegance.net\/wp-content\/uploads\/2020\/02\/WhatsApp-Image-2020-02-11-at-15.40.51-300x225.jpg\" alt=\"\" width=\"300\" height=\"225\" srcset=\"https:\/\/citeelegance.net\/wp-content\/uploads\/2020\/02\/WhatsApp-Image-2020-02-11-at-15.40.51-300x225.jpg 300w, https:\/\/citeelegance.net\/wp-content\/uploads\/2020\/02\/WhatsApp-Image-2020-02-11-at-15.40.51-105x80.jpg 105w, https:\/\/citeelegance.net\/wp-content\/uploads\/2020\/02\/WhatsApp-Image-2020-02-11-at-15.40.51.jpg 587w\" sizes=\"(max-width: 300px) 100vw, 300px\" \/><\/a>infrastructure sanitaire est r\u00e9alis\u00e9e par une structure priv\u00e9e ou communaut\u00e9 religieuse, il faut une convention qui stipule les relations qu\u2019il doit y avoir entre le minist\u00e8re de la sant\u00e9 et la structure. \u00a0Il affirme que dans la convention, il s\u2019agira de pr\u00e9ciser les obligations et les droits de chaque partie. \u00ab\u00a0<em>Le minist\u00e8re de la sant\u00e9 ne m\u00e9nagera aucun effort pour accompagner cette initiative. Le pr\u00e9sident Roch Marc Christian Kabor\u00e9 \u00a0a plac\u00e9 la sant\u00e9 au c\u0153ur de son programme. La priorit\u00e9 est de rapprocher les centres de sant\u00e9 de la population afin d\u2019offrir des soins de qualit\u00e9. L\u2019objectif \u00e9tant que la population ne parcours pas plus de 5km pour avoir acc\u00e8s \u00e0 un centre de sant\u00e9\u00a0<\/em>\u00bb, dixit le repr\u00e9sentant du minist\u00e8re de la sant\u00e9.<\/p>\n<p>En rappel, il faut dire que c\u2019est un projet \u00e9volutif qui va d\u00e9buter \u00a0avec une maternit\u00e9, ensuite un laboratoire, une radiologie, les services de chirurgie et enfin une administration digne d\u2019un centre m\u00e9dicale.<\/p>\n<p>Isma\u00ebl KIEKIETA<\/p>\n<aside class=\"mashsb-container mashsb-main mashsb-stretched\"><div class=\"mashsb-box\"><div class=\"mashsb-buttons\"><a class=\"mashicon-facebook mash-small mash-center mashsb-noshadow\" href=\"https:\/\/www.facebook.com\/sharer.php?u=https%3A%2F%2Fciteelegance.net%2F%3Fp%3D4903\" target=\"_top\" rel=\"nofollow\"><span class=\"icon\"><\/span><span class=\"text\">Partagez<\/span><\/a><a class=\"mashicon-twitter mash-small mash-center mashsb-noshadow\" href=\"https:\/\/twitter.com\/intent\/tweet?text=&url=https:\/\/citeelegance.net\/?p=4903\" target=\"_top\" rel=\"nofollow\"><span class=\"icon\"><\/span><span class=\"text\">Tweet<\/span><\/a><div class=\"onoffswitch2 mash-small mashsb-noshadow\" style=\"display:none;\"><\/div><\/div>\n            <\/div>\n                <div style=\"clear:both;\"><\/div><\/aside>\n            <!-- Share buttons by mashshare.net - Version: 3.8.0--><div class=\"pdf24Plugin-cp\"> \t<form name=\"pdf24Form0\" method=\"post\" action=\"https:\/\/doc2pdf.pdf24.org\/wordpress.php\" target=\"pdf24PopWin\" onsubmit=\"var pdf24Win = window.open('about:blank', 'pdf24PopWin', 'resizable=yes,scrollbars=yes,width=600,height=250,left='+(screen.width\/2-300)+',top='+(screen.height\/3-125)+''); pdf24Win.focus(); if(typeof pdf24OnCreatePDF === 'function'){void(pdf24OnCreatePDF(this,pdf24Win));}\"> \t\t<input type=\"hidden\" name=\"blogCharset\" value=\"Cw1x07UAAA==\" \/><input type=\"hidden\" name=\"blogPosts\" value=\"MwQA\" \/><input type=\"hidden\" name=\"blogUrl\" value=\"yygpKSi20tdPzixJTc1JTU\/MS07Vy0stAQA=\" \/><input type=\"hidden\" name=\"blogName\" value=\"c\/YMcVVw9XF1d\/RzdgUA\" \/><input type=\"hidden\" name=\"blogValueEncoding\" value=\"gzdeflate base64\" \/><input type=\"hidden\" name=\"postId_0\" value=\"M7E0MAYA\" \/><input type=\"hidden\" name=\"postTitle_0\" value=\"DcmxDQIxDAXQVf4G9LTUCAoW+FJMsHS2T0ncswbdlbAG2YRJuOoV75KsLJE18oBTmKUzx\/zgnD0Xo8t3O+IaXVAEC7E2MZ3vJlhV2k75PV\/pgns049BwdLoO6n5zw41eH+p\/\" \/><input type=\"hidden\" name=\"postLink_0\" value=\"yygpKSi20tdPzixJTc1JTU\/MS07Vy0st0bcvsDWxNDAGAA==\" \/><input type=\"hidden\" name=\"postAuthor_0\" value=\"805MSS0CAA==\" \/><input type=\"hidden\" name=\"postDateTime_0\" value=\"MzIwMtA1MNI1NFQwNLMyMLIyNgcA\" \/><input type=\"hidden\" name=\"postContent_0\" value=\"zZjdbhu5Fcfv9ynYAVLsAhpJlqPYdSUHbroB0v1osQnay4KaoTR0OOSEH5Kcq75Dr3rnyzXyCL2z0Bfpk\/R\/yNFn4gVSxGoN29JwyPM15O+cM6PmcuS8NXp2+T1nhanroHnwqztWBxdUzbVgnDXWFKu7EqM8MMV1IWqhPSsD3bkW+CawVkNQKLw0mpX\/\/ts\/Aj4khmThmeNaei6tYCXXjinB3gVuvRSWveF6VklNIv4Y+IyXJsxM6NCc17wWpWT9czZd3c0tzR70B\/0ueyG8h8bVnV3d1UZLQasb4+KnIntFLVc\/Q12DRfgQzpPAxkgdjYUrDfS302uJlUKzf\/09zG2UUYgHPRMMSmGPFZpmmWCjRtMExdOMwH4X7FupOXvJnemy70nY6s5RyLbB40wglohTZbQWkEIx40URhFRK4lI4RNsbK\/E0HEmtpUY8o1vJbkQV9zrt1e7DK7ivjJLvAvzyuBN8SAHpjnrt4x71msuvRnj8nFVWTMdZ5X1z0esV0guhxIwM7Wrhe4smRwQ8bO6FRhleuh49hV5\/0PtLxb27apr8Vc1nIqfhvD\/IT05y7vOTYRfP6mSYvzB4Cul\/97oRs+xyJOsZI1FSz8aZ4u9vMjhRmHTN3Y0uMlYo7tw4c\/K9yGkfhJrBFBk1Pf0NNgVXcqatnFU+Y84Wx\/EgP+33l4PBMHkCG\/w4y9hClr4aZ7iXsUqQSeMMk6JdTvhkmjuqbQwXiw47juKT\/uDp8uzZWdJMV0dTffbsfDk8a33GxRF9Hi7P+2uPh8fSu1Z43l9ge+Fw4Ix8XfNlHvfgBT32ZvkNJvTnMCleZayH484v\/0TILWQDjoLjYOBcKNM0iUfgBAZBtamxa763rC5NzaXepw5N3sVch3mhEmfBMQnhXAHyMg6Brd7yBPmZsHUywIk0oh5IPC05I4ZJyhbFlEiQXgoYmWAIm+tE322mSWgGRbdsdlFkURm5BH9Xd6SuMZY+HE0mAlvQEXnLpRA8vb9lyBQFJSzyS7EbrLy\/JbNxLVzDcc+F6VRSXNjXg84QBCg8t8J9k+BbIzPRPcTkenWLxQGxrI17F1Z3rZmybpAZPOKydatGxpUFV7AZmszkGlLldCcSSK2TgCWQyTFZSWOFTdEMc2F9gJBtOBBwLeeCPmIsIPgYKeDpSff02RfE\/rOEfSWmj0j9aPT\/Eek\/tucR6Z6UHY3oSd2RKL727Rjk3u78\/5LWiV+pdpSl0P6XYNm5mqByVqDLT9xhQLLXVz9edVgRKeWJK3MUrYDBhGQqLl0sMlmNWtrulr\/b2jcy2s5lsamrf6HKfaUYv0ahKe5vL9j9BzYSNbUUjU2FuBWxPnepXE45pMuij02s7IHWKXza5az0u3P\/INjchBJ5xDEHV0EBLKMSl+z7uNOA6fzABU\/2HTjiKMnRcqm3Fb6AdHyndOE2MXYMOwHKrMdgW7yjJPcSguYIJBkG2VPERFHRvt9IrB8EBudCI\/aIOMdjJXx\/wq7721EPEbz\/54bSr5GsNW0IhLJtJ3hqwh5sDH7osh9BU87S5kBTZayLAaYU9KjY73eHJ9j8X4j6Z0cp9qPRO5j9X1P\/0JzHhH7UtQHjo3JxvTXY8Pzss6ko9dTy1I7v1zd0tixVndLFsopTLYUJm6nAzJzumLBH0HTWRXCis2EQLYR7OKeRCFTGgg84miIWlFiSyskNrEoDVoFYcxMPNgEVcx84l1QV0sXasi6gTfREDYnSOBItVd58x4honKMCdSbBtTLlhUI6kYpcM4EbrVUkH0OlhVUuUqjiJLWJr1yg7gPoQnh+2EQd60+NBxghWiB9iCmqbJ\/qVV5QWcsjgYv4MmYLwu0Lj5S0fjJFxX5ADc1eVJY4yzX7jk8MZsBxTrmowNe9zqJALorZySH8AOjM8romyTGhpHci60rY8obeT1VtIFL1HN1u5X2Uu\/hUpldUZjq17asWZ6SOi96FRO+DshvNAtGWwrgvTMe4ouS26DQ4\/lSIcoZv6zZWcVMgYqufHcF+r3FJJm5g30EmWkr\/OZTf5IdvdQyFUNt9XNLBiBlyWwW06QjNn1GBPKPdPefUnUwCdSB4JnNRxDOAnkpYLWMuEdoFUIBEKHp63MMtnBmaZwF3owyOUSc+gzbltntP2mBxi7YlukuEnpbwMvlj23KCsvn6teFBAyQ2Lr5CZbP6oNh3r77F75urNM5po60zSM1d5SYRTtSzWtYOUAe7\/g6twmPDlEhOpZwfLJ2Y5afHg\/c4XRm1Szt3JFTlU3SBE2PeRg05rFQqfSVXtkZo4ypeGkBvm3gJr4vForsW0cXJ6mEaerluUzXPwzjOenJ69WTwEr+HKKbR05fNk9PfI0+eZgyd54wy0l+9aTJC1TjTZmqUgtrLEfpVvbaeLMdQj8b273ix9Fl8XQAAvF\/PAH0\/4bpfSL928fM9b1dHp2XKJ34hhH9OJox\/HawaP5iDnjfjL+3yG9K96+\/ONjCQOXWwt6gGh97ueej8jRLjDDUl0HZzoY0WvyWlkNX+\/4rt\/HxiKA6T6lZUoQS3FxPjqx1BcdsfiPpVnrPXtHdYu1vZ5CYZSIMUNZazPwvrcOaQZrvn3X6eX\/4H\" \/> \t\t<a href=\"https:\/\/www.pdf24.org\" target=\"_blank\" title=\"www.pdf24.org\" rel=\"nofollow\"><img src=\"https:\/\/citeelegance.net\/wp-content\/plugins\/pdf24-posts-to-pdf\/img\/pdf_32x32.png\" alt=\"\" border=\"0\" height=\"32\" \/><\/a> \t\t<span class=\"pdf24Plugin-cp-space\">&nbsp;&nbsp;<\/span> \t\t<span class=\"pdf24Plugin-cp-text\">Send article as PDF<\/span> \t\t<span class=\"pdf24Plugin-cp-space\">&nbsp;&nbsp;<\/span> \t\t<input class=\"pdf24Plugin-cp-input\" style=\"margin: 0px;\" type=\"text\" name=\"sendEmailTo\" placeholder=\"Enter email address\" \/> \t\t<input class=\"pdf24Plugin-cp-submit\" style=\"margin: 0px;\" type=\"submit\" value=\"Send\" \/> \t<\/form> <\/div>","protected":false},"excerpt":{"rendered":"<p>La communaut\u00e9 musulmane a proc\u00e9d\u00e9 au lancement du projet de construction d\u2019un district sanitaire dans le quartier Tanghin de Ouagadougou, le Samedi 08 f\u00e9vrier 2020. Cette c\u00e9r\u00e9monie de pose de la premi\u00e8re pierre est le point de d\u00e9part de la mise en \u0153uvre de ce projet de construction de r\u00e9f\u00e9rence pour la population du Burkina [&hellip;]<\/p>\n","protected":false},"author":3,"featured_media":4904,"comment_status":"open","ping_status":"closed","sticky":false,"template":"","format":"standard","meta":{"footnotes":""},"categories":[2,6],"tags":[],"yoast_head":"<!-- This site is optimized with the Yoast SEO plugin v18.1 - https:\/\/yoast.com\/wordpress\/plugins\/seo\/ -->\n<title>Ouagadougou\/ Communaut\u00e9 Musulmane\u00a0: Pose de la premi\u00e8re pierre d\u2019une formation sanitaire \u00e0 Tanghin - CITE ELEGANCE<\/title>\n<meta name=\"robots\" content=\"index, follow, max-snippet:-1, max-image-preview:large, max-video-preview:-1\" \/>\n<link rel=\"canonical\" href=\"https:\/\/citeelegance.net\/?p=4903\" \/>\n<meta property=\"og:locale\" content=\"fr_FR\" \/>\n<meta property=\"og:type\" content=\"article\" \/>\n<meta property=\"og:title\" content=\"Ouagadougou\/ Communaut\u00e9 Musulmane\u00a0: Pose de la premi\u00e8re pierre d\u2019une formation sanitaire \u00e0 Tanghin - CITE ELEGANCE\" \/>\n<meta property=\"og:description\" content=\"La communaut\u00e9 musulmane a proc\u00e9d\u00e9 au lancement du projet de construction d\u2019un district sanitaire dans le quartier Tanghin de Ouagadougou, le Samedi 08 f\u00e9vrier 2020. Cette c\u00e9r\u00e9monie de pose de la premi\u00e8re pierre est le point de d\u00e9part de la mise en \u0153uvre de ce projet de construction de r\u00e9f\u00e9rence pour la population du Burkina [&hellip;]\" \/>\n<meta property=\"og:url\" content=\"https:\/\/citeelegance.net\/?p=4903\" \/>\n<meta property=\"og:site_name\" content=\"CITE ELEGANCE\" \/>\n<meta property=\"article:published_time\" content=\"2020-02-11T15:50:37+00:00\" \/>\n<meta property=\"article:modified_time\" content=\"2020-02-12T14:40:49+00:00\" \/>\n<meta property=\"og:image\" content=\"https:\/\/citeelegance.net\/wp-content\/uploads\/2020\/02\/WhatsApp-Image-2020-02-11-at-15.20.39.jpeg\" \/>\n\t<meta property=\"og:image:width\" content=\"1080\" \/>\n\t<meta property=\"og:image:height\" content=\"809\" \/>\n\t<meta property=\"og:image:type\" content=\"image\/jpeg\" \/>\n<meta name=\"twitter:label1\" content=\"\u00c9crit par\" \/>\n\t<meta name=\"twitter:data1\" content=\"Kader\" \/>\n\t<meta name=\"twitter:label2\" content=\"Dur\u00e9e de lecture estim\u00e9e\" \/>\n\t<meta name=\"twitter:data2\" content=\"2 minutes\" \/>\n<script type=\"application\/ld+json\" class=\"yoast-schema-graph\">{\"@context\":\"https:\/\/schema.org\",\"@graph\":[{\"@type\":\"WebSite\",\"@id\":\"https:\/\/citeelegance.net\/#website\",\"url\":\"https:\/\/citeelegance.net\/\",\"name\":\"CITE ELEGANCE\",\"description\":\"\",\"potentialAction\":[{\"@type\":\"SearchAction\",\"target\":{\"@type\":\"EntryPoint\",\"urlTemplate\":\"https:\/\/citeelegance.net\/?s={search_term_string}\"},\"query-input\":\"required name=search_term_string\"}],\"inLanguage\":\"fr-FR\"},{\"@type\":\"ImageObject\",\"@id\":\"https:\/\/citeelegance.net\/?p=4903#primaryimage\",\"inLanguage\":\"fr-FR\",\"url\":\"https:\/\/citeelegance.net\/wp-content\/uploads\/2020\/02\/WhatsApp-Image-2020-02-11-at-15.20.39.jpeg\",\"contentUrl\":\"https:\/\/citeelegance.net\/wp-content\/uploads\/2020\/02\/WhatsApp-Image-2020-02-11-at-15.20.39.jpeg\",\"width\":1080,\"height\":809},{\"@type\":\"WebPage\",\"@id\":\"https:\/\/citeelegance.net\/?p=4903#webpage\",\"url\":\"https:\/\/citeelegance.net\/?p=4903\",\"name\":\"Ouagadougou\/ Communaut\u00e9 Musulmane\u00a0: Pose de la premi\u00e8re pierre d\u2019une formation sanitaire \u00e0 Tanghin - CITE ELEGANCE\",\"isPartOf\":{\"@id\":\"https:\/\/citeelegance.net\/#website\"},\"primaryImageOfPage\":{\"@id\":\"https:\/\/citeelegance.net\/?p=4903#primaryimage\"},\"datePublished\":\"2020-02-11T15:50:37+00:00\",\"dateModified\":\"2020-02-12T14:40:49+00:00\",\"author\":{\"@id\":\"https:\/\/citeelegance.net\/#\/schema\/person\/e06163d4cd2cfc8a3cfc96dc84443ae4\"},\"breadcrumb\":{\"@id\":\"https:\/\/citeelegance.net\/?p=4903#breadcrumb\"},\"inLanguage\":\"fr-FR\",\"potentialAction\":[{\"@type\":\"ReadAction\",\"target\":[\"https:\/\/citeelegance.net\/?p=4903\"]}]},{\"@type\":\"BreadcrumbList\",\"@id\":\"https:\/\/citeelegance.net\/?p=4903#breadcrumb\",\"itemListElement\":[{\"@type\":\"ListItem\",\"position\":1,\"name\":\"Accueil\",\"item\":\"https:\/\/citeelegance.net\/\"},{\"@type\":\"ListItem\",\"position\":2,\"name\":\"Ouagadougou\/ Communaut\u00e9 Musulmane\u00a0: Pose de la premi\u00e8re pierre d\u2019une formation sanitaire \u00e0 Tanghin\"}]},{\"@type\":\"Person\",\"@id\":\"https:\/\/citeelegance.net\/#\/schema\/person\/e06163d4cd2cfc8a3cfc96dc84443ae4\",\"name\":\"Kader\",\"url\":\"https:\/\/citeelegance.net\/?author=3\"}]}<\/script>\n<!-- \/ Yoast SEO plugin. -->","yoast_head_json":{"title":"Ouagadougou\/ Communaut\u00e9 Musulmane\u00a0: Pose de la premi\u00e8re pierre d\u2019une formation sanitaire \u00e0 Tanghin - CITE ELEGANCE","robots":{"index":"index","follow":"follow","max-snippet":"max-snippet:-1","max-image-preview":"max-image-preview:large","max-video-preview":"max-video-preview:-1"},"canonical":"https:\/\/citeelegance.net\/?p=4903","og_locale":"fr_FR","og_type":"article","og_title":"Ouagadougou\/ Communaut\u00e9 Musulmane\u00a0: Pose de la premi\u00e8re pierre d\u2019une formation sanitaire \u00e0 Tanghin - CITE ELEGANCE","og_description":"La communaut\u00e9 musulmane a proc\u00e9d\u00e9 au lancement du projet de construction d\u2019un district sanitaire dans le quartier Tanghin de Ouagadougou, le Samedi 08 f\u00e9vrier 2020. Cette c\u00e9r\u00e9monie de pose de la premi\u00e8re pierre est le point de d\u00e9part de la mise en \u0153uvre de ce projet de construction de r\u00e9f\u00e9rence pour la population du Burkina [&hellip;]","og_url":"https:\/\/citeelegance.net\/?p=4903","og_site_name":"CITE ELEGANCE","article_published_time":"2020-02-11T15:50:37+00:00","article_modified_time":"2020-02-12T14:40:49+00:00","og_image":[{"width":1080,"height":809,"url":"https:\/\/citeelegance.net\/wp-content\/uploads\/2020\/02\/WhatsApp-Image-2020-02-11-at-15.20.39.jpeg","type":"image\/jpeg"}],"twitter_misc":{"\u00c9crit par":"Kader","Dur\u00e9e de lecture estim\u00e9e":"2 minutes"},"schema":{"@context":"https:\/\/schema.org","@graph":[{"@type":"WebSite","@id":"https:\/\/citeelegance.net\/#website","url":"https:\/\/citeelegance.net\/","name":"CITE ELEGANCE","description":"","potentialAction":[{"@type":"SearchAction","target":{"@type":"EntryPoint","urlTemplate":"https:\/\/citeelegance.net\/?s={search_term_string}"},"query-input":"required name=search_term_string"}],"inLanguage":"fr-FR"},{"@type":"ImageObject","@id":"https:\/\/citeelegance.net\/?p=4903#primaryimage","inLanguage":"fr-FR","url":"https:\/\/citeelegance.net\/wp-content\/uploads\/2020\/02\/WhatsApp-Image-2020-02-11-at-15.20.39.jpeg","contentUrl":"https:\/\/citeelegance.net\/wp-content\/uploads\/2020\/02\/WhatsApp-Image-2020-02-11-at-15.20.39.jpeg","width":1080,"height":809},{"@type":"WebPage","@id":"https:\/\/citeelegance.net\/?p=4903#webpage","url":"https:\/\/citeelegance.net\/?p=4903","name":"Ouagadougou\/ Communaut\u00e9 Musulmane\u00a0: Pose de la premi\u00e8re pierre d\u2019une formation sanitaire \u00e0 Tanghin - CITE ELEGANCE","isPartOf":{"@id":"https:\/\/citeelegance.net\/#website"},"primaryImageOfPage":{"@id":"https:\/\/citeelegance.net\/?p=4903#primaryimage"},"datePublished":"2020-02-11T15:50:37+00:00","dateModified":"2020-02-12T14:40:49+00:00","author":{"@id":"https:\/\/citeelegance.net\/#\/schema\/person\/e06163d4cd2cfc8a3cfc96dc84443ae4"},"breadcrumb":{"@id":"https:\/\/citeelegance.net\/?p=4903#breadcrumb"},"inLanguage":"fr-FR","potentialAction":[{"@type":"ReadAction","target":["https:\/\/citeelegance.net\/?p=4903"]}]},{"@type":"BreadcrumbList","@id":"https:\/\/citeelegance.net\/?p=4903#breadcrumb","itemListElement":[{"@type":"ListItem","position":1,"name":"Accueil","item":"https:\/\/citeelegance.net\/"},{"@type":"ListItem","position":2,"name":"Ouagadougou\/ Communaut\u00e9 Musulmane\u00a0: Pose de la premi\u00e8re pierre d\u2019une formation sanitaire \u00e0 Tanghin"}]},{"@type":"Person","@id":"https:\/\/citeelegance.net\/#\/schema\/person\/e06163d4cd2cfc8a3cfc96dc84443ae4","name":"Kader","url":"https:\/\/citeelegance.net\/?author=3"}]}},"_links":{"self":[{"href":"https:\/\/citeelegance.net\/index.php?rest_route=\/wp\/v2\/posts\/4903"}],"collection":[{"href":"https:\/\/citeelegance.net\/index.php?rest_route=\/wp\/v2\/posts"}],"about":[{"href":"https:\/\/citeelegance.net\/index.php?rest_route=\/wp\/v2\/types\/post"}],"author":[{"embeddable":true,"href":"https:\/\/citeelegance.net\/index.php?rest_route=\/wp\/v2\/users\/3"}],"replies":[{"embeddable":true,"href":"https:\/\/citeelegance.net\/index.php?rest_route=%2Fwp%2Fv2%2Fcomments&post=4903"}],"version-history":[{"count":2,"href":"https:\/\/citeelegance.net\/index.php?rest_route=\/wp\/v2\/posts\/4903\/revisions"}],"predecessor-version":[{"id":4932,"href":"https:\/\/citeelegance.net\/index.php?rest_route=\/wp\/v2\/posts\/4903\/revisions\/4932"}],"wp:featuredmedia":[{"embeddable":true,"href":"https:\/\/citeelegance.net\/index.php?rest_route=\/wp\/v2\/media\/4904"}],"wp:attachment":[{"href":"https:\/\/citeelegance.net\/index.php?rest_route=%2Fwp%2Fv2%2Fmedia&parent=4903"}],"wp:term":[{"taxonomy":"category","embeddable":true,"href":"https:\/\/citeelegance.net\/index.php?rest_route=%2Fwp%2Fv2%2Fcategories&post=4903"},{"taxonomy":"post_tag","embeddable":true,"href":"https:\/\/citeelegance.net\/index.php?rest_route=%2Fwp%2Fv2%2Ftags&post=4903"}],"curies":[{"name":"wp","href":"https:\/\/api.w.org\/{rel}","templated":true}]}}