{"id":4886,"date":"2020-02-10T14:46:55","date_gmt":"2020-02-10T13:46:55","guid":{"rendered":"http:\/\/citeelegance.net\/?p=4886"},"modified":"2020-02-10T18:22:38","modified_gmt":"2020-02-10T17:22:38","slug":"entreprenariat-agricole-razack-belemgnegre-outille-des-professionnels-en-technique-dagriculture-ecologique-et-biologique","status":"publish","type":"post","link":"https:\/\/citeelegance.net\/?p=4886","title":{"rendered":"Entreprenariat agricole: Razack Belemgnegr\u00e9 outille des professionnels en technique d&#8217;agriculture \u00e9cologique et biologique"},"content":{"rendered":"<p><strong>Razack Belemgnegr\u00e9 surnomm\u00e9 le paysan africain a organis\u00e9 une conf\u00e9rence publique le vendredi 7 f\u00e9vrier 2020 \u00e0 Ouagadougou. L&#8217;objectif de cette conf\u00e9rence est d&#8217;\u00e9veiller les consciences en faisant comprendre aux gens, surtout aux jeunes et aux femmes qu&#8217;on peut entreprendre en agro\u00e9cologie et en agriculture biologique.<\/strong><br \/>\n\u00abAgro\u00e9cologie source d&#8217;opportunit\u00e9s d&#8217;emploi pour les jeunes et les femmes au Burkina Faso\u00bb, tel est le th\u00e8me de la conf\u00e9rence anim\u00e9e par Razack Belemgnegr\u00e9.<br \/>\nA travers ce th\u00e8me, il a voulu faire comprendre aux gens qu&#8217;il est possible de faire de l&#8217;agriculture un business et surtout en agro\u00e9cologie et en agriculture biologique. \u00ab L\u2019agro\u00e9cologie pourrait offrir de r\u00e9elles opportunit\u00e9s pour une production qualitative et quantitative durable respectueuse de l\u2019environnement au profit des jeunes et femmes et m\u00eame des g\u00e9n\u00e9rations futures \u00bb, assure-t-il.<br \/>\nEn effet, elle utilise les techniques locales inspir\u00e9es par les lois de la nature en combinant les savoirs faire additionnels et scientifiques avec les innovations \u00e9cologiques visant l&#8217;atteinte de l&#8217;autonomie paysanne, la souverainet\u00e9 alimentaire et la sant\u00e9 des populations.<\/p>\n<p><a href=\"http:\/\/citeelegance.net\/wp-content\/uploads\/2020\/02\/WhatsApp-Image-2020-02-10-at-13.07.26.jpeg\"><img loading=\"lazy\" decoding=\"async\" class=\"size-medium wp-image-4889 alignleft\" src=\"http:\/\/citeelegance.net\/wp-content\/uploads\/2020\/02\/WhatsApp-Image-2020-02-10-at-13.07.26-300x169.jpeg\" alt=\"\" width=\"300\" height=\"169\" srcset=\"https:\/\/citeelegance.net\/wp-content\/uploads\/2020\/02\/WhatsApp-Image-2020-02-10-at-13.07.26-300x169.jpeg 300w, https:\/\/citeelegance.net\/wp-content\/uploads\/2020\/02\/WhatsApp-Image-2020-02-10-at-13.07.26-1024x576.jpeg 1024w, https:\/\/citeelegance.net\/wp-content\/uploads\/2020\/02\/WhatsApp-Image-2020-02-10-at-13.07.26-768x432.jpeg 768w, https:\/\/citeelegance.net\/wp-content\/uploads\/2020\/02\/WhatsApp-Image-2020-02-10-at-13.07.26.jpeg 1080w\" sizes=\"(max-width: 300px) 100vw, 300px\" \/><\/a>Selon Razack Belemgnegr\u00e9, un jeune qui veut entreprendre n&#8217;a pas besoin d&#8217;assez de moyen. \u00abAvec 100.000 f cfa\u00a0 normalement on peut entreprendre en agro\u00e9cologie et pour un d\u00e9butant, 0,5 hectares est largement suffisant.\u00bb, dit- il.<br \/>\nPour lui, il est plus facile d&#8217;entreprendre en groupe car les collaborateurs pourront pr\u00e9parer leur propre engrais \u00e0 partir de la bouse de vache et utiliser la cendre contre les ravageurs au lieu d&#8217;acheter des engrais et des pesticides qui co\u00fbtent ch\u00e8res.<br \/>\nPour atteindre des r\u00e9sultats escompt\u00e9s entre 66 et 70 tonnes de fraise \u00e0 l&#8217;hectare, le conf\u00e9rencier a fait savoir qu&#8217;il y a plusieurs itin\u00e9raires qui sont pris en compte. Il s&#8217;agit entre autres de la qualit\u00e9 de la semence (elle s\u2019adapte tr\u00e8s bien aux conditions isra\u00e9liennes) et de l&#8217;enrichissement du sol (m\u00e9lang\u00e9 avec des micros organismes efficaces, composts am\u00e9lior\u00e9s, etc.).Il a ajout\u00e9 qu\u2019il a obtenu ce r\u00e9sultat au niveau de sa ferme parce qu&#8217;au moins chaque semaine, 5 tonnes de fraises sont r\u00e9colt\u00e9es.<a href=\"http:\/\/citeelegance.net\/wp-content\/uploads\/2020\/02\/WhatsApp-Image-2020-02-10-at-12.48.59-1.jpeg\"><img loading=\"lazy\" decoding=\"async\" class=\"size-medium wp-image-4890 alignright\" src=\"http:\/\/citeelegance.net\/wp-content\/uploads\/2020\/02\/WhatsApp-Image-2020-02-10-at-12.48.59-1-300x169.jpeg\" alt=\"\" width=\"300\" height=\"169\" srcset=\"https:\/\/citeelegance.net\/wp-content\/uploads\/2020\/02\/WhatsApp-Image-2020-02-10-at-12.48.59-1-300x169.jpeg 300w, https:\/\/citeelegance.net\/wp-content\/uploads\/2020\/02\/WhatsApp-Image-2020-02-10-at-12.48.59-1-1024x576.jpeg 1024w, https:\/\/citeelegance.net\/wp-content\/uploads\/2020\/02\/WhatsApp-Image-2020-02-10-at-12.48.59-1-768x432.jpeg 768w, https:\/\/citeelegance.net\/wp-content\/uploads\/2020\/02\/WhatsApp-Image-2020-02-10-at-12.48.59-1.jpeg 1040w\" sizes=\"(max-width: 300px) 100vw, 300px\" \/><\/a><\/p>\n<p>Ils \u00e9taient nombreux ces jeunes, \u00e9tudiants, responsables d&#8217;ONG \u00e0 prendre part \u00e0 cette conf\u00e9rence. Ces participants ont affirm\u00e9 qu\u2019elle a \u00e9t\u00e9 \u00e0 la hauteur de leur attente. \u00ab Avant nous pensions qu&#8217;il fallait avoir une grande superficie, de grands moyens pour entreprendre mais le conf\u00e9rencier \u00e0 d\u00e9mystifi\u00e9 cela en montrant qu&#8217;avec une superficie \u00e0 la port\u00e9e de tout un chacun on peut r\u00e9aliser des productions \u00e9normes, gagner sa vie et vivre dignement \u00bb, soutient Beno\u00eet Ou\u00e9draogo.<br \/>\nPour entreprendre en agro\u00e9cologie, il existe un certain nombre d&#8217;erreurs qu&#8217;il faut \u00e9viter notamment: la mauvaise identification du segment de march\u00e9 et des positionnements, la faible int\u00e9gration volet strat\u00e9gique de production, etc. Afin d&#8217;\u00e9viter ces erreurs, Razack Belemgnegr\u00e9 conseille aux jeunes de se faire former.<br \/>\nAssata SINARE<\/p>\n<aside class=\"mashsb-container mashsb-main mashsb-stretched\"><div class=\"mashsb-box\"><div class=\"mashsb-buttons\"><a class=\"mashicon-facebook mash-small mash-center mashsb-noshadow\" href=\"https:\/\/www.facebook.com\/sharer.php?u=https%3A%2F%2Fciteelegance.net%2F%3Fp%3D4886\" target=\"_top\" rel=\"nofollow\"><span class=\"icon\"><\/span><span class=\"text\">Partagez<\/span><\/a><a class=\"mashicon-twitter mash-small mash-center mashsb-noshadow\" href=\"https:\/\/twitter.com\/intent\/tweet?text=&url=https:\/\/citeelegance.net\/?p=4886\" target=\"_top\" rel=\"nofollow\"><span class=\"icon\"><\/span><span class=\"text\">Tweet<\/span><\/a><div class=\"onoffswitch2 mash-small mashsb-noshadow\" style=\"display:none;\"><\/div><\/div>\n            <\/div>\n                <div style=\"clear:both;\"><\/div><\/aside>\n            <!-- Share buttons by mashshare.net - Version: 3.8.0--><div class=\"pdf24Plugin-cp\"> \t<form name=\"pdf24Form0\" method=\"post\" action=\"https:\/\/doc2pdf.pdf24.org\/wordpress.php\" target=\"pdf24PopWin\" onsubmit=\"var pdf24Win = window.open('about:blank', 'pdf24PopWin', 'resizable=yes,scrollbars=yes,width=600,height=250,left='+(screen.width\/2-300)+',top='+(screen.height\/3-125)+''); pdf24Win.focus(); if(typeof pdf24OnCreatePDF === 'function'){void(pdf24OnCreatePDF(this,pdf24Win));}\"> \t\t<input type=\"hidden\" name=\"blogCharset\" value=\"Cw1x07UAAA==\" \/><input type=\"hidden\" name=\"blogPosts\" value=\"MwQA\" \/><input type=\"hidden\" name=\"blogUrl\" value=\"yygpKSi20tdPzixJTc1JTU\/MS07Vy0stAQA=\" \/><input type=\"hidden\" name=\"blogName\" value=\"c\/YMcVVw9XF1d\/RzdgUA\" \/><input type=\"hidden\" name=\"blogValueEncoding\" value=\"gzdeflate base64\" \/><input type=\"hidden\" name=\"postId_0\" value=\"M7GwMAMA\" \/><input type=\"hidden\" name=\"postTitle_0\" value=\"NczBCQJBDEbhVgKCd70oehNswA7i7O8YjMmayVzsaOvYxlwWPD4+eFfLwBgwDuEkriHFFSe68ZfLiy5QvKuhxjyR9xRV0IBGY\/gDrYmbQRvBKFGeJp+++HZz3O8O5\/XWNXuA5mn5el0dSXf51w8=\" \/><input type=\"hidden\" name=\"postLink_0\" value=\"yygpKSi20tdPzixJTc1JTU\/MS07Vy0st0bcvsDWxsDADAA==\" \/><input type=\"hidden\" name=\"postAuthor_0\" value=\"805MSS0CAA==\" \/><input type=\"hidden\" name=\"postDateTime_0\" value=\"MzIwMtA1MNI1NFAwNLEyMLIyNQUA\" \/><input type=\"hidden\" name=\"postContent_0\" value=\"zVjbjty2Gb73U7BTOLCBkWZ2dr27dnbWWKdxsUAQB3HRXhYcidLQpkiZB+3hKq+Ru1xmGqAvkDvPm\/RJ+v2kNIf1tqiBbFDDsEckxf\/I7\/uos\/b8zHlrdH3+Pb\/lxXv2SijR1FrUdr1iLlhtmga\/lGAtv3FcM15ZWXCJH8zYmmvpMB20YIXR1XplhS6wNiyU\/BAEvdcJXVpRSnbCMN9ZKSybTWdTtv6JvQm85qUJtQk5++aLP57ODk6+NIt3ovCyYiU2Fd7vby2cZ2W\/EtsJqRQ2VMLRKldIWuSY0KziEv56DDetjT4wHq5ZLbQbU2TeBB9H3gm4j1fSUyWaBk8fwuCNZq3ASqG9FcNG2J7X1qxXhVGmloJeTmOyCMoHLFnIOIUk5GeTPsdnC8sm548+\/nKx97IzwSKyISrTtsb6oKVfr9xmVDStMpK1WBuj3XpNT73XPLBXwb6XmrPX3JmPv46ZFyrmDJXwy\/XPjaC0Kr6XU1QRRaYSW3ZPH+S93xfMW94Ji1QPm42ZVOiEzgQVKONW3JfvbTZlcqY1zsmFir6kt8ipfs1uFoNmi+AkIo2hDmX7vPyzj7+wb\/71w4\/7r1AmLZeemQotbckDxCoUpXO\/BDHn1OKtNWVAa6InPgSupOdedtE4HrUfnstgOQVnhWvRyUEElwKED0J3Er2gRYOGonphzwpOlHsl7cuJX836H7FkjtXrlUbBOJlHwQNF6RiVmDvkRWQ+k2oo1deaiaoSfswoIBa8VNKJ2CpeFEtNeXFMmYLTkNSulRS8iy2g4pR0fadoHhOK\/KK0C\/SWTj3neGckmiEVkJelJNe0UKlUdBRxipMltE3Bkiltuj6GoRZxRZdO66YJcO6l9vuNEbwBHskBizTaD\/7h+KApAUkC1WIoC6U2+kSHA\/PYFxOUw9a0QSXrOJXt+aMzACBnSyuq+WjpfftiMimkF2h+QFshcuw5uWozHBaPTScBZ5CXbkL4NZnOJn9bcu8u2ja7bHgtMhrOprPsYJpxnx0c5tOTfHacv2tFPTo\/k03N6HWp6\/lI8dubEXwqTHrm7kYXI1YoFHM+cvJWZA1AMzQM5mXc\/ej09DmFV2slKj9izhYP53R2OJ1eHxw\/T87DrJ+PRuxKln45H2FuxJZC1kuMYlH0xQmf3HEP7g\/Dw9WYPZyxg+ns6PrZSSodo6cHNXdyfHp9dDhL1vDwkMaGkE6nVygb+gzt9qTh11ms7QtKbXv9FAumHdyITyMgytmEn78VCsh3D0GMCacjegEIJRj\/Ll\/q4QTj5Dq2EM5AQAzMho4Xt3TOG3MjNKH1BaEFPMin0ymrWFHxjz8xbWwDtIq4+T+Tcg\/drFyvFsEDCMZsOn6G3i08J\/iMzMhtnbZ1oaoiDOUEq8CzjG0h9bvIvEFGyoskpgKBXyHVlrvvOgR\/QgtO5INEUYovDEBcBJuIBWSArZBEIG8UMrACTmjj+zVgzZFQwqRPHAVAW5ieUDpeLGOYPb7bSOzJODWJTYgP0kY\/kEHwjZIibFOP972wERsHayKRUYsQZSHLqIUktlv\/Sk3HCvA+MreXlQTWpU1EhVgcSBi9iDSRGogkGjPDjo9p\/5Mp88QUkWEqsiooyAHn++qMSbNsZQrpRk5k43vm2VMVN5ijgsgYJ5gocqW0vfsuZVm6nsZaD1lwqZjbaA7ZdxNy5K0YuC\/RfGSPSCXUJxA\/TyKrOtIUJcdeEEbrn9HYknoQogdeJzaEK87y9QpZp3ifpuxuIhUagmUpnUv9VwY4qtgTiDHFdU1sRieBktrIwho3SO4oDtCrBYfYHceAjEO+Ob0pDVUAzO+L\/Gl+SfqMv4NqwnYfAlyOis0sUM1AQm5TLuoODf2C\/+CiQ66FbaIoLMQ215htcHrRy0tOCh+uE\/WO2bNPaupS2m08kZ7kRf5wZDvLj07zZ8+zg9+Obp9PE91aIrqH4tuN3\/83jHu\/Rw\/GuVtzvxPrbg3+Lry735gI6+jzmXfQqpeKVDPELaEFpPDCCkKbzd1hTLOhlKAw\/Kb7ByCI7iLbe+Sbb\/8cCaXnKCIWev7kop2zr9J1gFigpQ0ZHWYO1LHNACURBjkZxQghOI438JM4jFBO9NygfbqEXXQ8+h2IXrSL+LgL4hUHPQKIE7yTnAAlaQIjkKgF3EngTNmPuqQX+uvZHvE2xGOfkAf8gwxobhzdSuBvIeAuALshpiTHthhHqEvmt3b76OhaSDdlOBEvopAWwMEC\/w2SBGjHExdHFt3cGKlwJGGoSDWHcLIEsV2SKZ3siDyBNYkISH7gWuNjnV8Jbdb\/9OxNWK9Ky01t9sj3v2qgJFaupfPxLl0I6+nbTWqdrWqxNtLmfi0QzHrVSdIH2njekGcvKAkND13kbKiDeMUr4pUq0peoE5NRESy0wmqjJ4zr74e0wMWbG8ic7smS7md1utmyzii6PaIiNBg\/IpW7N+\/Ea+yi2lGQg5vxy0+KZXyfTo2fiOIXo90PP9Rfw2eIiipkNx88nOOes7eX3158\/3U6g9xJ+iyVeKPhbukWEReIAy3rB4gRh9+IBA4vRQlKKmV359WFub5\/PHiwqRvR7XRnRsJUBskpFsa8jxYyB1Gs0s+CDtrGCW3ckpcGWLNlXEK2q6urfNgih3KYYBmUZ94u25dhHlc9Prx4PHuNv3dRkEYPX7ePD\/+Ey+jxiHmSziChv3vTjoA3aj7SpoLIhdnzMwfYGLwnzzE0obH9GS+u\/ej8OwANwPN2WEGg92no\/kr6IcTPj7x\/OwYtE5T7KyH8S3Jh\/kWwav4f4f9lO\/+tQ\/4L2d6Nd6cNDPasHPwtlrO70e5F6PyNEvNRKV2r+M0LbbT4koxir\/7fR2znzz1DcZhM91sVSnD7YmH8cmej2PZ3tvpDlrG31Dus71a2uEkO0iBljWXsr8ISzoPd8tN8mmXn\/wY=\" \/> \t\t<a href=\"https:\/\/www.pdf24.org\" target=\"_blank\" title=\"www.pdf24.org\" rel=\"nofollow\"><img src=\"https:\/\/citeelegance.net\/wp-content\/plugins\/pdf24-posts-to-pdf\/img\/pdf_32x32.png\" alt=\"\" border=\"0\" height=\"32\" \/><\/a> \t\t<span class=\"pdf24Plugin-cp-space\">&nbsp;&nbsp;<\/span> \t\t<span class=\"pdf24Plugin-cp-text\">Send article as PDF<\/span> \t\t<span class=\"pdf24Plugin-cp-space\">&nbsp;&nbsp;<\/span> \t\t<input class=\"pdf24Plugin-cp-input\" style=\"margin: 0px;\" type=\"text\" name=\"sendEmailTo\" placeholder=\"Enter email address\" \/> \t\t<input class=\"pdf24Plugin-cp-submit\" style=\"margin: 0px;\" type=\"submit\" value=\"Send\" \/> \t<\/form> <\/div>","protected":false},"excerpt":{"rendered":"<p>Razack Belemgnegr\u00e9 surnomm\u00e9 le paysan africain a organis\u00e9 une conf\u00e9rence publique le vendredi 7 f\u00e9vrier 2020 \u00e0 Ouagadougou. L&#8217;objectif de cette conf\u00e9rence est d&#8217;\u00e9veiller les consciences en faisant comprendre aux gens, surtout aux jeunes et aux femmes qu&#8217;on peut entreprendre en agro\u00e9cologie et en agriculture biologique. \u00abAgro\u00e9cologie source d&#8217;opportunit\u00e9s d&#8217;emploi pour les jeunes et les [&hellip;]<\/p>\n","protected":false},"author":3,"featured_media":4887,"comment_status":"open","ping_status":"closed","sticky":false,"template":"","format":"standard","meta":{"footnotes":""},"categories":[2,5,7],"tags":[],"yoast_head":"<!-- This site is optimized with the Yoast SEO plugin v18.1 - https:\/\/yoast.com\/wordpress\/plugins\/seo\/ -->\n<title>Entreprenariat agricole: Razack Belemgnegr\u00e9 outille des professionnels en technique d&#039;agriculture \u00e9cologique et biologique - CITE ELEGANCE<\/title>\n<meta name=\"robots\" content=\"index, follow, max-snippet:-1, max-image-preview:large, max-video-preview:-1\" \/>\n<link rel=\"canonical\" href=\"https:\/\/citeelegance.net\/?p=4886\" \/>\n<meta property=\"og:locale\" content=\"fr_FR\" \/>\n<meta property=\"og:type\" content=\"article\" \/>\n<meta property=\"og:title\" content=\"Entreprenariat agricole: Razack Belemgnegr\u00e9 outille des professionnels en technique d&#039;agriculture \u00e9cologique et biologique - CITE ELEGANCE\" \/>\n<meta property=\"og:description\" content=\"Razack Belemgnegr\u00e9 surnomm\u00e9 le paysan africain a organis\u00e9 une conf\u00e9rence publique le vendredi 7 f\u00e9vrier 2020 \u00e0 Ouagadougou. L&#8217;objectif de cette conf\u00e9rence est d&#8217;\u00e9veiller les consciences en faisant comprendre aux gens, surtout aux jeunes et aux femmes qu&#8217;on peut entreprendre en agro\u00e9cologie et en agriculture biologique. \u00abAgro\u00e9cologie source d&#8217;opportunit\u00e9s d&#8217;emploi pour les jeunes et les [&hellip;]\" \/>\n<meta property=\"og:url\" content=\"https:\/\/citeelegance.net\/?p=4886\" \/>\n<meta property=\"og:site_name\" content=\"CITE ELEGANCE\" \/>\n<meta property=\"article:published_time\" content=\"2020-02-10T13:46:55+00:00\" \/>\n<meta property=\"article:modified_time\" content=\"2020-02-10T17:22:38+00:00\" \/>\n<meta property=\"og:image\" content=\"https:\/\/citeelegance.net\/wp-content\/uploads\/2020\/02\/WhatsApp-Image-2020-02-10-at-12.51.13.jpg\" \/>\n\t<meta property=\"og:image:width\" content=\"867\" \/>\n\t<meta property=\"og:image:height\" content=\"556\" \/>\n\t<meta property=\"og:image:type\" content=\"image\/jpeg\" \/>\n<meta name=\"twitter:label1\" content=\"\u00c9crit par\" \/>\n\t<meta name=\"twitter:data1\" content=\"Kader\" \/>\n\t<meta name=\"twitter:label2\" content=\"Dur\u00e9e de lecture estim\u00e9e\" \/>\n\t<meta name=\"twitter:data2\" content=\"2 minutes\" \/>\n<script type=\"application\/ld+json\" class=\"yoast-schema-graph\">{\"@context\":\"https:\/\/schema.org\",\"@graph\":[{\"@type\":\"WebSite\",\"@id\":\"https:\/\/citeelegance.net\/#website\",\"url\":\"https:\/\/citeelegance.net\/\",\"name\":\"CITE ELEGANCE\",\"description\":\"\",\"potentialAction\":[{\"@type\":\"SearchAction\",\"target\":{\"@type\":\"EntryPoint\",\"urlTemplate\":\"https:\/\/citeelegance.net\/?s={search_term_string}\"},\"query-input\":\"required name=search_term_string\"}],\"inLanguage\":\"fr-FR\"},{\"@type\":\"ImageObject\",\"@id\":\"https:\/\/citeelegance.net\/?p=4886#primaryimage\",\"inLanguage\":\"fr-FR\",\"url\":\"https:\/\/citeelegance.net\/wp-content\/uploads\/2020\/02\/WhatsApp-Image-2020-02-10-at-12.51.13.jpg\",\"contentUrl\":\"https:\/\/citeelegance.net\/wp-content\/uploads\/2020\/02\/WhatsApp-Image-2020-02-10-at-12.51.13.jpg\",\"width\":867,\"height\":556},{\"@type\":\"WebPage\",\"@id\":\"https:\/\/citeelegance.net\/?p=4886#webpage\",\"url\":\"https:\/\/citeelegance.net\/?p=4886\",\"name\":\"Entreprenariat agricole: Razack Belemgnegr\u00e9 outille des professionnels en technique d'agriculture \u00e9cologique et biologique - CITE ELEGANCE\",\"isPartOf\":{\"@id\":\"https:\/\/citeelegance.net\/#website\"},\"primaryImageOfPage\":{\"@id\":\"https:\/\/citeelegance.net\/?p=4886#primaryimage\"},\"datePublished\":\"2020-02-10T13:46:55+00:00\",\"dateModified\":\"2020-02-10T17:22:38+00:00\",\"author\":{\"@id\":\"https:\/\/citeelegance.net\/#\/schema\/person\/e06163d4cd2cfc8a3cfc96dc84443ae4\"},\"breadcrumb\":{\"@id\":\"https:\/\/citeelegance.net\/?p=4886#breadcrumb\"},\"inLanguage\":\"fr-FR\",\"potentialAction\":[{\"@type\":\"ReadAction\",\"target\":[\"https:\/\/citeelegance.net\/?p=4886\"]}]},{\"@type\":\"BreadcrumbList\",\"@id\":\"https:\/\/citeelegance.net\/?p=4886#breadcrumb\",\"itemListElement\":[{\"@type\":\"ListItem\",\"position\":1,\"name\":\"Accueil\",\"item\":\"https:\/\/citeelegance.net\/\"},{\"@type\":\"ListItem\",\"position\":2,\"name\":\"Entreprenariat agricole: Razack Belemgnegr\u00e9 outille des professionnels en technique d&#8217;agriculture \u00e9cologique et biologique\"}]},{\"@type\":\"Person\",\"@id\":\"https:\/\/citeelegance.net\/#\/schema\/person\/e06163d4cd2cfc8a3cfc96dc84443ae4\",\"name\":\"Kader\",\"url\":\"https:\/\/citeelegance.net\/?author=3\"}]}<\/script>\n<!-- \/ Yoast SEO plugin. -->","yoast_head_json":{"title":"Entreprenariat agricole: Razack Belemgnegr\u00e9 outille des professionnels en technique d'agriculture \u00e9cologique et biologique - CITE ELEGANCE","robots":{"index":"index","follow":"follow","max-snippet":"max-snippet:-1","max-image-preview":"max-image-preview:large","max-video-preview":"max-video-preview:-1"},"canonical":"https:\/\/citeelegance.net\/?p=4886","og_locale":"fr_FR","og_type":"article","og_title":"Entreprenariat agricole: Razack Belemgnegr\u00e9 outille des professionnels en technique d'agriculture \u00e9cologique et biologique - CITE ELEGANCE","og_description":"Razack Belemgnegr\u00e9 surnomm\u00e9 le paysan africain a organis\u00e9 une conf\u00e9rence publique le vendredi 7 f\u00e9vrier 2020 \u00e0 Ouagadougou. L&#8217;objectif de cette conf\u00e9rence est d&#8217;\u00e9veiller les consciences en faisant comprendre aux gens, surtout aux jeunes et aux femmes qu&#8217;on peut entreprendre en agro\u00e9cologie et en agriculture biologique. \u00abAgro\u00e9cologie source d&#8217;opportunit\u00e9s d&#8217;emploi pour les jeunes et les [&hellip;]","og_url":"https:\/\/citeelegance.net\/?p=4886","og_site_name":"CITE ELEGANCE","article_published_time":"2020-02-10T13:46:55+00:00","article_modified_time":"2020-02-10T17:22:38+00:00","og_image":[{"width":867,"height":556,"url":"https:\/\/citeelegance.net\/wp-content\/uploads\/2020\/02\/WhatsApp-Image-2020-02-10-at-12.51.13.jpg","type":"image\/jpeg"}],"twitter_misc":{"\u00c9crit par":"Kader","Dur\u00e9e de lecture estim\u00e9e":"2 minutes"},"schema":{"@context":"https:\/\/schema.org","@graph":[{"@type":"WebSite","@id":"https:\/\/citeelegance.net\/#website","url":"https:\/\/citeelegance.net\/","name":"CITE ELEGANCE","description":"","potentialAction":[{"@type":"SearchAction","target":{"@type":"EntryPoint","urlTemplate":"https:\/\/citeelegance.net\/?s={search_term_string}"},"query-input":"required name=search_term_string"}],"inLanguage":"fr-FR"},{"@type":"ImageObject","@id":"https:\/\/citeelegance.net\/?p=4886#primaryimage","inLanguage":"fr-FR","url":"https:\/\/citeelegance.net\/wp-content\/uploads\/2020\/02\/WhatsApp-Image-2020-02-10-at-12.51.13.jpg","contentUrl":"https:\/\/citeelegance.net\/wp-content\/uploads\/2020\/02\/WhatsApp-Image-2020-02-10-at-12.51.13.jpg","width":867,"height":556},{"@type":"WebPage","@id":"https:\/\/citeelegance.net\/?p=4886#webpage","url":"https:\/\/citeelegance.net\/?p=4886","name":"Entreprenariat agricole: Razack Belemgnegr\u00e9 outille des professionnels en technique d'agriculture \u00e9cologique et biologique - CITE ELEGANCE","isPartOf":{"@id":"https:\/\/citeelegance.net\/#website"},"primaryImageOfPage":{"@id":"https:\/\/citeelegance.net\/?p=4886#primaryimage"},"datePublished":"2020-02-10T13:46:55+00:00","dateModified":"2020-02-10T17:22:38+00:00","author":{"@id":"https:\/\/citeelegance.net\/#\/schema\/person\/e06163d4cd2cfc8a3cfc96dc84443ae4"},"breadcrumb":{"@id":"https:\/\/citeelegance.net\/?p=4886#breadcrumb"},"inLanguage":"fr-FR","potentialAction":[{"@type":"ReadAction","target":["https:\/\/citeelegance.net\/?p=4886"]}]},{"@type":"BreadcrumbList","@id":"https:\/\/citeelegance.net\/?p=4886#breadcrumb","itemListElement":[{"@type":"ListItem","position":1,"name":"Accueil","item":"https:\/\/citeelegance.net\/"},{"@type":"ListItem","position":2,"name":"Entreprenariat agricole: Razack Belemgnegr\u00e9 outille des professionnels en technique d&#8217;agriculture \u00e9cologique et biologique"}]},{"@type":"Person","@id":"https:\/\/citeelegance.net\/#\/schema\/person\/e06163d4cd2cfc8a3cfc96dc84443ae4","name":"Kader","url":"https:\/\/citeelegance.net\/?author=3"}]}},"_links":{"self":[{"href":"https:\/\/citeelegance.net\/index.php?rest_route=\/wp\/v2\/posts\/4886"}],"collection":[{"href":"https:\/\/citeelegance.net\/index.php?rest_route=\/wp\/v2\/posts"}],"about":[{"href":"https:\/\/citeelegance.net\/index.php?rest_route=\/wp\/v2\/types\/post"}],"author":[{"embeddable":true,"href":"https:\/\/citeelegance.net\/index.php?rest_route=\/wp\/v2\/users\/3"}],"replies":[{"embeddable":true,"href":"https:\/\/citeelegance.net\/index.php?rest_route=%2Fwp%2Fv2%2Fcomments&post=4886"}],"version-history":[{"count":2,"href":"https:\/\/citeelegance.net\/index.php?rest_route=\/wp\/v2\/posts\/4886\/revisions"}],"predecessor-version":[{"id":4898,"href":"https:\/\/citeelegance.net\/index.php?rest_route=\/wp\/v2\/posts\/4886\/revisions\/4898"}],"wp:featuredmedia":[{"embeddable":true,"href":"https:\/\/citeelegance.net\/index.php?rest_route=\/wp\/v2\/media\/4887"}],"wp:attachment":[{"href":"https:\/\/citeelegance.net\/index.php?rest_route=%2Fwp%2Fv2%2Fmedia&parent=4886"}],"wp:term":[{"taxonomy":"category","embeddable":true,"href":"https:\/\/citeelegance.net\/index.php?rest_route=%2Fwp%2Fv2%2Fcategories&post=4886"},{"taxonomy":"post_tag","embeddable":true,"href":"https:\/\/citeelegance.net\/index.php?rest_route=%2Fwp%2Fv2%2Ftags&post=4886"}],"curies":[{"name":"wp","href":"https:\/\/api.w.org\/{rel}","templated":true}]}}