{"id":4584,"date":"2020-01-15T16:35:42","date_gmt":"2020-01-15T15:35:42","guid":{"rendered":"http:\/\/citeelegance.net\/?p=4584"},"modified":"2020-01-16T01:34:21","modified_gmt":"2020-01-16T00:34:21","slug":"culture-et-lutte-contre-lextremisme-violent-au-sahel-les-ministres-en-charge-de-la-culture-du-g5-sahel-en-conference","status":"publish","type":"post","link":"https:\/\/citeelegance.net\/?p=4584","title":{"rendered":"Culture et Lutte contre l\u2019extr\u00e9misme violent au Sahel\u00a0: les \u00a0ministres en charge de la culture du G5 Sahel en conf\u00e9rence"},"content":{"rendered":"<p><strong>La c\u00e9r\u00e9monie du lancement de la conf\u00e9rence des ministres en charge de la culture du G5 Sahel s\u2019est tenue ce mercredi 15 janvier 2020 \u00e0 Ouagadougou. Cette conf\u00e9rence s\u2019inscrit au titre des initiatives d\u00e9velopp\u00e9es par la pr\u00e9sidence burkinab\u00e8 du G5 Sahel pour lutter contre l\u2019installation d\u2019un climat de terreur, selon le sombre dessein des groupes terroristes qui \u00e9cument la zone sah\u00e9lo-saharienne. Elle a pour ambition de voir dans quelle mesure le secteur de la culture peut faciliter et accompagner cette d\u00e9marche. <\/strong><\/p>\n<p><a href=\"http:\/\/citeelegance.net\/wp-content\/uploads\/2020\/01\/WhatsApp-Image-2020-01-15-at-15.07.09.jpeg\"><img loading=\"lazy\" decoding=\"async\" class=\"size-medium wp-image-4592 alignright\" src=\"http:\/\/citeelegance.net\/wp-content\/uploads\/2020\/01\/WhatsApp-Image-2020-01-15-at-15.07.09-300x169.jpeg\" alt=\"\" width=\"300\" height=\"169\" srcset=\"https:\/\/citeelegance.net\/wp-content\/uploads\/2020\/01\/WhatsApp-Image-2020-01-15-at-15.07.09-300x169.jpeg 300w, https:\/\/citeelegance.net\/wp-content\/uploads\/2020\/01\/WhatsApp-Image-2020-01-15-at-15.07.09-1024x576.jpeg 1024w, https:\/\/citeelegance.net\/wp-content\/uploads\/2020\/01\/WhatsApp-Image-2020-01-15-at-15.07.09-768x432.jpeg 768w, https:\/\/citeelegance.net\/wp-content\/uploads\/2020\/01\/WhatsApp-Image-2020-01-15-at-15.07.09.jpeg 1040w\" sizes=\"(max-width: 300px) 100vw, 300px\" \/><\/a>Les pays du G5 sahel \u00e0 l\u2019instar de nombreux pays africains et du monde sont \u00e0 l\u2019unisson en qu\u00eate de solution, de voies et de strat\u00e9gies efficaces pour \u00e9radiquer l\u2019extr\u00e9misme violent qui s\u00e9vit au sein de leurs soci\u00e9t\u00e9s. Malgr\u00e9 les efforts\u00a0 des militaires, des politiques avec l\u2019appui des partenaires techniques et financiers, ce fl\u00e9au semble prendre de l\u2019ampleur. Pour venir \u00e0 bout du ph\u00e9nom\u00e8ne, le G5 en appelle \u00e0 toutes les armes \u00e0 sa disposition.Cette rencontre s&#8217;\u00e9tend sur trois jours.<\/p>\n<p><a href=\"http:\/\/citeelegance.net\/wp-content\/uploads\/2020\/01\/WhatsApp-Image-2020-01-15-at-15.10.42.jpg\"><img loading=\"lazy\" decoding=\"async\" class=\"size-medium wp-image-4587 alignleft\" src=\"http:\/\/citeelegance.net\/wp-content\/uploads\/2020\/01\/WhatsApp-Image-2020-01-15-at-15.10.42-300x225.jpg\" alt=\"\" width=\"300\" height=\"225\" srcset=\"https:\/\/citeelegance.net\/wp-content\/uploads\/2020\/01\/WhatsApp-Image-2020-01-15-at-15.10.42-300x225.jpg 300w, https:\/\/citeelegance.net\/wp-content\/uploads\/2020\/01\/WhatsApp-Image-2020-01-15-at-15.10.42-768x575.jpg 768w, https:\/\/citeelegance.net\/wp-content\/uploads\/2020\/01\/WhatsApp-Image-2020-01-15-at-15.10.42-105x80.jpg 105w, https:\/\/citeelegance.net\/wp-content\/uploads\/2020\/01\/WhatsApp-Image-2020-01-15-at-15.10.42.jpg 860w\" sizes=\"(max-width: 300px) 100vw, 300px\" \/><\/a>Pour le ministre en charge de la culture burkinab\u00e8, Abdoul Karim Sango, la r\u00e9ponse militaire est n\u00e9cessaire mais ne saurait \u00eatre la seule solution. <em>\u00ab\u00a0Il faut chercher \u00e0 gu\u00e9rir l\u2019humanit\u00e9 du fl\u00e9au de la guerre par des m\u00e9thodes appropri\u00e9es, notamment l\u2019enseignement et la promotion des valeurs cardinales, de sorte \u00e0 pr\u00e9venir sinon \u00e0 r\u00e9duire la violence\u00a0\u00bb<\/em>, conseille-t-il.<\/p>\n<p>Ils \u00e9taient nombreux ces ministres, experts et personnalit\u00e9s \u00e0 prendre part \u00e0 cette conference. <em>\u00ab Cette conf\u00e9rence doit aboutir \u00e0 une D\u00e9claration adoss\u00e9e \u00e0 un ensemble d\u2019objectifs strat\u00e9gique assortis d\u2019une feuille de route, en vue de la prise en compte du secteur de la culture dans la r\u00e9silience et la lutte contre l\u2019extr\u00e9misme violent \u00bb,<\/em> rassure le ministre de la culture burkinab\u00e8.<\/p>\n<p>Dans sa d\u00e9claration, il a fait savoir que si les valeurs culturelles de r\u00e9f\u00e9rences que sont notamment le respect, la tol\u00e9rance, la solidarit\u00e9 sont promus et enseign\u00e9s, ils r\u00e9ussiront \u00e0 vaincre les fondements id\u00e9ologiques et culturelles de l\u2019extr\u00e9misme violent.<\/p>\n<p><a href=\"http:\/\/citeelegance.net\/wp-content\/uploads\/2020\/01\/WhatsApp-Image-2020-01-15-at-15.09.09.jpg\"><img loading=\"lazy\" decoding=\"async\" class=\"size-medium wp-image-4589 alignright\" src=\"http:\/\/citeelegance.net\/wp-content\/uploads\/2020\/01\/WhatsApp-Image-2020-01-15-at-15.09.09-300x163.jpg\" alt=\"\" width=\"300\" height=\"163\" srcset=\"https:\/\/citeelegance.net\/wp-content\/uploads\/2020\/01\/WhatsApp-Image-2020-01-15-at-15.09.09-300x163.jpg 300w, https:\/\/citeelegance.net\/wp-content\/uploads\/2020\/01\/WhatsApp-Image-2020-01-15-at-15.09.09-768x418.jpg 768w, https:\/\/citeelegance.net\/wp-content\/uploads\/2020\/01\/WhatsApp-Image-2020-01-15-at-15.09.09.jpg 882w\" sizes=\"(max-width: 300px) 100vw, 300px\" \/><\/a>En rappel, la pr\u00e9sente conf\u00e9rence d\u00e9coule du processus qui a conduit le Burkina Faso \u00e0 travers le minist\u00e8re de la culture \u00e0 organiser un colloque national sur le th\u00e8me \u00ab\u00a0<em>contribution de la culture \u00e0 la pr\u00e9vention et la lutte contre l\u2019extr\u00e9misme au sahel<\/em>\u00a0\u00bb. Cette initiative a rassembl\u00e9 toutes les forces vives de la Nation\u00a0 afin de trouver une r\u00e9ponse culturelle qui viendra en appui aux efforts militaires d\u00e9j\u00e0 engag\u00e9s sur le terrain. C\u2019est cette exp\u00e9rience que le Burkina Faso assurant la pr\u00e9sidence du G5 Sahel depuis l\u2019ann\u00e9e 2019 \u00e0 travers le pr\u00e9sident du Faso entend partager avec les autres pays membres de l\u2019organisation dont l\u2019engagement s\u2019av\u00e8re indispensable pour r\u00e9ussir la lutte.<\/p>\n<p><strong>Assata SINARE<\/strong><\/p>\n<p>&nbsp;<\/p>\n<aside class=\"mashsb-container mashsb-main mashsb-stretched\"><div class=\"mashsb-box\"><div class=\"mashsb-buttons\"><a class=\"mashicon-facebook mash-small mash-center mashsb-noshadow\" href=\"https:\/\/www.facebook.com\/sharer.php?u=https%3A%2F%2Fciteelegance.net%2F%3Fp%3D4584\" target=\"_top\" rel=\"nofollow\"><span class=\"icon\"><\/span><span class=\"text\">Partagez<\/span><\/a><a class=\"mashicon-twitter mash-small mash-center mashsb-noshadow\" href=\"https:\/\/twitter.com\/intent\/tweet?text=&url=https:\/\/citeelegance.net\/?p=4584\" target=\"_top\" rel=\"nofollow\"><span class=\"icon\"><\/span><span class=\"text\">Tweet<\/span><\/a><div class=\"onoffswitch2 mash-small mashsb-noshadow\" style=\"display:none;\"><\/div><\/div>\n            <\/div>\n                <div style=\"clear:both;\"><\/div><\/aside>\n            <!-- Share buttons by mashshare.net - Version: 3.8.0--><div class=\"pdf24Plugin-cp\"> \t<form name=\"pdf24Form0\" method=\"post\" action=\"https:\/\/doc2pdf.pdf24.org\/wordpress.php\" target=\"pdf24PopWin\" onsubmit=\"var pdf24Win = window.open('about:blank', 'pdf24PopWin', 'resizable=yes,scrollbars=yes,width=600,height=250,left='+(screen.width\/2-300)+',top='+(screen.height\/3-125)+''); pdf24Win.focus(); if(typeof pdf24OnCreatePDF === 'function'){void(pdf24OnCreatePDF(this,pdf24Win));}\"> \t\t<input type=\"hidden\" name=\"blogCharset\" value=\"Cw1x07UAAA==\" \/><input type=\"hidden\" name=\"blogPosts\" value=\"MwQA\" \/><input type=\"hidden\" name=\"blogUrl\" value=\"yygpKSi20tdPzixJTc1JTU\/MS07Vy0stAQA=\" \/><input type=\"hidden\" name=\"blogName\" value=\"c\/YMcVVw9XF1d\/RzdgUA\" \/><input type=\"hidden\" name=\"blogValueEncoding\" value=\"gzdeflate base64\" \/><input type=\"hidden\" name=\"postId_0\" value=\"MzG1MAEA\" \/><input type=\"hidden\" name=\"postTitle_0\" value=\"LYyxDcIwEEVX+UvQ0KagoWMCy\/kQS+ezZN8hStagS5s1kk2YJBakfNJ7b3AxrwQNVzcjYlHrLN\/3hy+r25JTy8QzFaEaguMWJso6nyFsWOecNLWeNFARp1AfxNgHAfF4j47L6Z\/9nKL3banUyB0=\" \/><input type=\"hidden\" name=\"postLink_0\" value=\"yygpKSi20tdPzixJTc1JTU\/MS07Vy0st0bcvsDUxtTABAA==\" \/><input type=\"hidden\" name=\"postAuthor_0\" value=\"805MSS0CAA==\" \/><input type=\"hidden\" name=\"postDateTime_0\" value=\"MzIwMtA1MNQ1NFUwNLMyMLQyMQIA\" \/><input type=\"hidden\" name=\"postContent_0\" value=\"vZjLjhu5FYb38xSMAhsJoHt3u7vtVhtObAfGTCaDOEiWAVWiSuxhkTW8SGqv8hqz89JKHmF2rTfJk+Q\/h6VLy+0kBiwbhq1isXguJL\/zk1f19VWI3tny+jspivXKr1eVs1qJSRJG2kJVykYxUXgQhbNT9FBoRUsQlbYaH+OXsqKYSV+qTc9kYvI8yB\/OxFs5U0aEf\/\/jZxWiiMomJTBEpXzh1USLwZm4kXaulRfD\/rAv1u\/Fn5Is5cSl0qWu+L2KUd2zTmNpGwqvo5BJRB19dgkeRS2jnuP3ZL2aK+Pqer3CUy09eVYjwKAnPMo4+R+1leP1h3uO1i6ha4JNT0ZpaJPtRWkMBndWTNCQELTRleT0oLNXybdFgEkrDHx01Th7FZS27F3pXarxP3V2HrnD75+SFutVkTjPcPCds\/hWztYr4zr4X3qtrFVd8cpgUJm9k9VYZz+UmDvtxURaGkpRn0oFyj25oIoIpw4mpVYpiqkstNEUokIKi8JVtSwtRczJRu4q6YsZ7F71mgVy1auvv7nCgpFi5tV01JrFWD\/t9QoMo4wqabV0rYq9Rd2hvCGgXqqNk5PQo3nt9Qe9v81kDC\/quvOmkqXqUHOnP+gMzjoy4t9u\/7zbv+ze1KpsXV\/pqhT0ubblqGXku9sWIilcfpbh1hYtzIAMYdQK+p3qVFhMqRIwr3n007PLoZBGl9brchZbIvjieF53Tvr95eBJ4z3sxlGrJRZ6EmejFt61xEyRG6MWOrEvQcXsTji6PwIPi7Y4nrFBf3i6PDt\/kq3R01HNnT+5WJ6eDLM1PBzT2Cak0\/4C04aFhvX2m0ouOzy3Tym19fK36NCfww1+aoketou8\/o7BcxsavgTmC\/C25QnvTcukSMvcVU69LiTe0s7Ed8DxhGgCPDRfJmAXz0Tdn9L6n5GpGxyQBSS0Gyao\/D1eRC\/jelVyy3SKsQvyijACnGJ3ARuex1XLSPjXocII2hkiEuEpAKQZtA3JwJbkA0wWer3C2KEr\/ihNiY\/xhq04H8Pd+6ZKgDNSo0y0+bl2eCajCHWuCrYs6xp2JhnTmCnuDkwWM5t7IpQpUG0LFAmMA3hPzXrFHlVjkK5GXZj4XH5ovKomF7viBwpzriwQieSNXeKU1qArkr7+YFWbOImpQS7hBPMTHSM6wioFIz14Sm1BiokOtQtM3m4uSlSOcokIj399MRycP0NC4IoAggWwqYO4gQuh+zXgOeh3T2lLfBl2Xpxndho1PSI62WdG1XB4xr7\/N3Kiz3HJ+ZE7RwRntkUkOzvPto4Hsmxr0D9bXvTZFH4e0xTbuHjy+cTkDUsiptGWn5SWO\/HWFi\/GkIpGfAutVEHE2dK1qSt4VDsb1A5BggSohdyCKOPnSmKHsuBKXoJxoKlnM0Els4MqVJCqru\/+dff+jYF0AkUgjUgeMVbKBJDqzNBZqiQ0KEgIzjSMyo6XiSQi61DGIkAxc\/QL3PGu9ppkahvFIMoqi0FCMtzHHswqXMWsYF3lGvEXxFxmFhfSY2\/jgSkLx4FR8o30buZf0BbfoAktk6RzmBnzhbp7f\/fLVQ8xtknywiZA2IkdbbbgemNAwRWySJ5sK1axfwxoC7WsFchPnuIHahQ8omSE7EpmNCGenoutrFes6jdJfkDvTxzVH8J3BnnClL3ENBrpsx7HWSGgTKn8UlDauC6QTnfjG+hgPQ27UoiaIsA+JAnTn7U8KopKFDalzxP\/27T25mmz8DBDIS9HaOXIZ5uH9TVr8bz8AhYeB5Cnjg8V+2eKhyru3S9tngnh4WEj5Le74VN7YDtNL8k4laq97LSFNjg5TGmBB8nnBUpA0FzgtisoD2qojVKwXm3SH3J3xxO\/XZ1U\/EKNDPBei86QmkBvfsTG0RNsR9oI\/CGt2sQLo1nSSA75FchQCkH7RuDMIX0KjjqIKUkfsoaDHQJyxpVbOXDg7iey+VXqLiQiq8QvVHcvv86Z5XJ3Rjj5n4UXfY58ZDl055gnlsvtEWJwceTCu10b4uJi+NnV8JUFBUiWtrd3F3DigI3Y6Y6KFQlb76i0pXytwDc2QD1v1t9lVojXMjiWuB7q24cdXdYfPuILujmPNAB8nrBaOGMcscAyV6RhmYsR4mz9AZuOCiQxnAmnx2lzRXF\/yCYSVCV+\/3+gkXQ+HZ2Yi1SqNndCu+seBEu8JOoDOXv6HUcRItg8XwmxL9+z9zieyGk+zkCopzmHqHaiYQcYTuZcU\/WSzUGBsovy15x09s44NB03CFLZUpZU+DYZQvEH2eB4cw2Wqx8KJmkHnkhK7OFEcQmQNh5eXe3fV00U3An53GMtFcFhf3B5MMfbj\/kAxGPTSsJJhcoxlq5vTmMkSBJf6vFptFJU6beIbZZDcwnmtioFwWaNQjdzcs5rSVs6LwH3kk9oJOw2rN\/O+I7PzSXTCwizKMXbN9+\/+POrj66eHttxqJ\/lJ0nhbFhayTALY96lyDKCaRqg7+zmNxXQCM02AaYnen7w6dgtH26Hm1gPLaoge280THWmOEqPnfuRLXRCJY3JPwvK7dYJ68IMAgW7f1eCiDOLxaK7GaILVdFDN698t57Vz9OIez06efFo+Bp\/D5lErSev60cnL1ExTlsikkQGm\/8eXd1CZTajlnVT2q8LuB5qaTfek+do6lHb\/TcRe651\/UNeD+82PYChB0KPCx03IX5+5M3XHLTOYI0LpeJzcmH0OHkz+iSMn9ejLx3yX8j2frx7y8BhzGmAv8VseBjtvQhDvDVq1KI1b+TtU4ht9YyMYqzm32\/E3p8HmriZTDdDFUZJ\/3Ts4mxvIF72B0P9qtMRb2ntiGa1ivFtdpAaKWuiI\/4KEmDXot50L7r9Tuf6Pw==\" \/> \t\t<a href=\"https:\/\/www.pdf24.org\" target=\"_blank\" title=\"www.pdf24.org\" rel=\"nofollow\"><img src=\"https:\/\/citeelegance.net\/wp-content\/plugins\/pdf24-posts-to-pdf\/img\/pdf_32x32.png\" alt=\"\" border=\"0\" height=\"32\" \/><\/a> \t\t<span class=\"pdf24Plugin-cp-space\">&nbsp;&nbsp;<\/span> \t\t<span class=\"pdf24Plugin-cp-text\">Send article as PDF<\/span> \t\t<span class=\"pdf24Plugin-cp-space\">&nbsp;&nbsp;<\/span> \t\t<input class=\"pdf24Plugin-cp-input\" style=\"margin: 0px;\" type=\"text\" name=\"sendEmailTo\" placeholder=\"Enter email address\" \/> \t\t<input class=\"pdf24Plugin-cp-submit\" style=\"margin: 0px;\" type=\"submit\" value=\"Send\" \/> \t<\/form> <\/div>","protected":false},"excerpt":{"rendered":"<p>La c\u00e9r\u00e9monie du lancement de la conf\u00e9rence des ministres en charge de la culture du G5 Sahel s\u2019est tenue ce mercredi 15 janvier 2020 \u00e0 Ouagadougou. Cette conf\u00e9rence s\u2019inscrit au titre des initiatives d\u00e9velopp\u00e9es par la pr\u00e9sidence burkinab\u00e8 du G5 Sahel pour lutter contre l\u2019installation d\u2019un climat de terreur, selon le sombre dessein des groupes [&hellip;]<\/p>\n","protected":false},"author":3,"featured_media":4585,"comment_status":"open","ping_status":"closed","sticky":false,"template":"","format":"standard","meta":{"footnotes":""},"categories":[2,16,13],"tags":[],"yoast_head":"<!-- This site is optimized with the Yoast SEO plugin v18.1 - https:\/\/yoast.com\/wordpress\/plugins\/seo\/ -->\n<title>Culture et Lutte contre l\u2019extr\u00e9misme violent au Sahel\u00a0: les \u00a0ministres en charge de la culture du G5 Sahel en conf\u00e9rence - CITE ELEGANCE<\/title>\n<meta name=\"robots\" content=\"index, follow, max-snippet:-1, max-image-preview:large, max-video-preview:-1\" \/>\n<link rel=\"canonical\" href=\"https:\/\/citeelegance.net\/?p=4584\" \/>\n<meta property=\"og:locale\" content=\"fr_FR\" \/>\n<meta property=\"og:type\" content=\"article\" \/>\n<meta property=\"og:title\" content=\"Culture et Lutte contre l\u2019extr\u00e9misme violent au Sahel\u00a0: les \u00a0ministres en charge de la culture du G5 Sahel en conf\u00e9rence - CITE ELEGANCE\" \/>\n<meta property=\"og:description\" content=\"La c\u00e9r\u00e9monie du lancement de la conf\u00e9rence des ministres en charge de la culture du G5 Sahel s\u2019est tenue ce mercredi 15 janvier 2020 \u00e0 Ouagadougou. Cette conf\u00e9rence s\u2019inscrit au titre des initiatives d\u00e9velopp\u00e9es par la pr\u00e9sidence burkinab\u00e8 du G5 Sahel pour lutter contre l\u2019installation d\u2019un climat de terreur, selon le sombre dessein des groupes [&hellip;]\" \/>\n<meta property=\"og:url\" content=\"https:\/\/citeelegance.net\/?p=4584\" \/>\n<meta property=\"og:site_name\" content=\"CITE ELEGANCE\" \/>\n<meta property=\"article:published_time\" content=\"2020-01-15T15:35:42+00:00\" \/>\n<meta property=\"article:modified_time\" content=\"2020-01-16T00:34:21+00:00\" \/>\n<meta property=\"og:image\" content=\"https:\/\/citeelegance.net\/wp-content\/uploads\/2020\/01\/t.jpg\" \/>\n\t<meta property=\"og:image:width\" content=\"962\" \/>\n\t<meta property=\"og:image:height\" content=\"533\" \/>\n\t<meta property=\"og:image:type\" content=\"image\/jpeg\" \/>\n<meta name=\"twitter:label1\" content=\"\u00c9crit par\" \/>\n\t<meta name=\"twitter:data1\" content=\"Kader\" \/>\n\t<meta name=\"twitter:label2\" content=\"Dur\u00e9e de lecture estim\u00e9e\" \/>\n\t<meta name=\"twitter:data2\" content=\"2 minutes\" \/>\n<script type=\"application\/ld+json\" class=\"yoast-schema-graph\">{\"@context\":\"https:\/\/schema.org\",\"@graph\":[{\"@type\":\"WebSite\",\"@id\":\"https:\/\/citeelegance.net\/#website\",\"url\":\"https:\/\/citeelegance.net\/\",\"name\":\"CITE ELEGANCE\",\"description\":\"\",\"potentialAction\":[{\"@type\":\"SearchAction\",\"target\":{\"@type\":\"EntryPoint\",\"urlTemplate\":\"https:\/\/citeelegance.net\/?s={search_term_string}\"},\"query-input\":\"required name=search_term_string\"}],\"inLanguage\":\"fr-FR\"},{\"@type\":\"ImageObject\",\"@id\":\"https:\/\/citeelegance.net\/?p=4584#primaryimage\",\"inLanguage\":\"fr-FR\",\"url\":\"https:\/\/citeelegance.net\/wp-content\/uploads\/2020\/01\/t.jpg\",\"contentUrl\":\"https:\/\/citeelegance.net\/wp-content\/uploads\/2020\/01\/t.jpg\",\"width\":962,\"height\":533},{\"@type\":\"WebPage\",\"@id\":\"https:\/\/citeelegance.net\/?p=4584#webpage\",\"url\":\"https:\/\/citeelegance.net\/?p=4584\",\"name\":\"Culture et Lutte contre l\u2019extr\u00e9misme violent au Sahel\u00a0: les \u00a0ministres en charge de la culture du G5 Sahel en conf\u00e9rence - CITE ELEGANCE\",\"isPartOf\":{\"@id\":\"https:\/\/citeelegance.net\/#website\"},\"primaryImageOfPage\":{\"@id\":\"https:\/\/citeelegance.net\/?p=4584#primaryimage\"},\"datePublished\":\"2020-01-15T15:35:42+00:00\",\"dateModified\":\"2020-01-16T00:34:21+00:00\",\"author\":{\"@id\":\"https:\/\/citeelegance.net\/#\/schema\/person\/e06163d4cd2cfc8a3cfc96dc84443ae4\"},\"breadcrumb\":{\"@id\":\"https:\/\/citeelegance.net\/?p=4584#breadcrumb\"},\"inLanguage\":\"fr-FR\",\"potentialAction\":[{\"@type\":\"ReadAction\",\"target\":[\"https:\/\/citeelegance.net\/?p=4584\"]}]},{\"@type\":\"BreadcrumbList\",\"@id\":\"https:\/\/citeelegance.net\/?p=4584#breadcrumb\",\"itemListElement\":[{\"@type\":\"ListItem\",\"position\":1,\"name\":\"Accueil\",\"item\":\"https:\/\/citeelegance.net\/\"},{\"@type\":\"ListItem\",\"position\":2,\"name\":\"Culture et Lutte contre l\u2019extr\u00e9misme violent au Sahel\u00a0: les \u00a0ministres en charge de la culture du G5 Sahel en conf\u00e9rence\"}]},{\"@type\":\"Person\",\"@id\":\"https:\/\/citeelegance.net\/#\/schema\/person\/e06163d4cd2cfc8a3cfc96dc84443ae4\",\"name\":\"Kader\",\"url\":\"https:\/\/citeelegance.net\/?author=3\"}]}<\/script>\n<!-- \/ Yoast SEO plugin. -->","yoast_head_json":{"title":"Culture et Lutte contre l\u2019extr\u00e9misme violent au Sahel\u00a0: les \u00a0ministres en charge de la culture du G5 Sahel en conf\u00e9rence - CITE ELEGANCE","robots":{"index":"index","follow":"follow","max-snippet":"max-snippet:-1","max-image-preview":"max-image-preview:large","max-video-preview":"max-video-preview:-1"},"canonical":"https:\/\/citeelegance.net\/?p=4584","og_locale":"fr_FR","og_type":"article","og_title":"Culture et Lutte contre l\u2019extr\u00e9misme violent au Sahel\u00a0: les \u00a0ministres en charge de la culture du G5 Sahel en conf\u00e9rence - CITE ELEGANCE","og_description":"La c\u00e9r\u00e9monie du lancement de la conf\u00e9rence des ministres en charge de la culture du G5 Sahel s\u2019est tenue ce mercredi 15 janvier 2020 \u00e0 Ouagadougou. Cette conf\u00e9rence s\u2019inscrit au titre des initiatives d\u00e9velopp\u00e9es par la pr\u00e9sidence burkinab\u00e8 du G5 Sahel pour lutter contre l\u2019installation d\u2019un climat de terreur, selon le sombre dessein des groupes [&hellip;]","og_url":"https:\/\/citeelegance.net\/?p=4584","og_site_name":"CITE ELEGANCE","article_published_time":"2020-01-15T15:35:42+00:00","article_modified_time":"2020-01-16T00:34:21+00:00","og_image":[{"width":962,"height":533,"url":"https:\/\/citeelegance.net\/wp-content\/uploads\/2020\/01\/t.jpg","type":"image\/jpeg"}],"twitter_misc":{"\u00c9crit par":"Kader","Dur\u00e9e de lecture estim\u00e9e":"2 minutes"},"schema":{"@context":"https:\/\/schema.org","@graph":[{"@type":"WebSite","@id":"https:\/\/citeelegance.net\/#website","url":"https:\/\/citeelegance.net\/","name":"CITE ELEGANCE","description":"","potentialAction":[{"@type":"SearchAction","target":{"@type":"EntryPoint","urlTemplate":"https:\/\/citeelegance.net\/?s={search_term_string}"},"query-input":"required name=search_term_string"}],"inLanguage":"fr-FR"},{"@type":"ImageObject","@id":"https:\/\/citeelegance.net\/?p=4584#primaryimage","inLanguage":"fr-FR","url":"https:\/\/citeelegance.net\/wp-content\/uploads\/2020\/01\/t.jpg","contentUrl":"https:\/\/citeelegance.net\/wp-content\/uploads\/2020\/01\/t.jpg","width":962,"height":533},{"@type":"WebPage","@id":"https:\/\/citeelegance.net\/?p=4584#webpage","url":"https:\/\/citeelegance.net\/?p=4584","name":"Culture et Lutte contre l\u2019extr\u00e9misme violent au Sahel\u00a0: les \u00a0ministres en charge de la culture du G5 Sahel en conf\u00e9rence - CITE ELEGANCE","isPartOf":{"@id":"https:\/\/citeelegance.net\/#website"},"primaryImageOfPage":{"@id":"https:\/\/citeelegance.net\/?p=4584#primaryimage"},"datePublished":"2020-01-15T15:35:42+00:00","dateModified":"2020-01-16T00:34:21+00:00","author":{"@id":"https:\/\/citeelegance.net\/#\/schema\/person\/e06163d4cd2cfc8a3cfc96dc84443ae4"},"breadcrumb":{"@id":"https:\/\/citeelegance.net\/?p=4584#breadcrumb"},"inLanguage":"fr-FR","potentialAction":[{"@type":"ReadAction","target":["https:\/\/citeelegance.net\/?p=4584"]}]},{"@type":"BreadcrumbList","@id":"https:\/\/citeelegance.net\/?p=4584#breadcrumb","itemListElement":[{"@type":"ListItem","position":1,"name":"Accueil","item":"https:\/\/citeelegance.net\/"},{"@type":"ListItem","position":2,"name":"Culture et Lutte contre l\u2019extr\u00e9misme violent au Sahel\u00a0: les \u00a0ministres en charge de la culture du G5 Sahel en conf\u00e9rence"}]},{"@type":"Person","@id":"https:\/\/citeelegance.net\/#\/schema\/person\/e06163d4cd2cfc8a3cfc96dc84443ae4","name":"Kader","url":"https:\/\/citeelegance.net\/?author=3"}]}},"_links":{"self":[{"href":"https:\/\/citeelegance.net\/index.php?rest_route=\/wp\/v2\/posts\/4584"}],"collection":[{"href":"https:\/\/citeelegance.net\/index.php?rest_route=\/wp\/v2\/posts"}],"about":[{"href":"https:\/\/citeelegance.net\/index.php?rest_route=\/wp\/v2\/types\/post"}],"author":[{"embeddable":true,"href":"https:\/\/citeelegance.net\/index.php?rest_route=\/wp\/v2\/users\/3"}],"replies":[{"embeddable":true,"href":"https:\/\/citeelegance.net\/index.php?rest_route=%2Fwp%2Fv2%2Fcomments&post=4584"}],"version-history":[{"count":6,"href":"https:\/\/citeelegance.net\/index.php?rest_route=\/wp\/v2\/posts\/4584\/revisions"}],"predecessor-version":[{"id":4595,"href":"https:\/\/citeelegance.net\/index.php?rest_route=\/wp\/v2\/posts\/4584\/revisions\/4595"}],"wp:featuredmedia":[{"embeddable":true,"href":"https:\/\/citeelegance.net\/index.php?rest_route=\/wp\/v2\/media\/4585"}],"wp:attachment":[{"href":"https:\/\/citeelegance.net\/index.php?rest_route=%2Fwp%2Fv2%2Fmedia&parent=4584"}],"wp:term":[{"taxonomy":"category","embeddable":true,"href":"https:\/\/citeelegance.net\/index.php?rest_route=%2Fwp%2Fv2%2Fcategories&post=4584"},{"taxonomy":"post_tag","embeddable":true,"href":"https:\/\/citeelegance.net\/index.php?rest_route=%2Fwp%2Fv2%2Ftags&post=4584"}],"curies":[{"name":"wp","href":"https:\/\/api.w.org\/{rel}","templated":true}]}}