{"id":4459,"date":"2020-01-06T17:04:20","date_gmt":"2020-01-06T16:04:20","guid":{"rendered":"http:\/\/citeelegance.net\/?p=4459"},"modified":"2020-01-06T17:16:37","modified_gmt":"2020-01-06T16:16:37","slug":"cohesion-sociale-la-24eme-journee-internationale-de-la-tolerance-se-tient-pour-une-premiere-au-burkina-faso","status":"publish","type":"post","link":"https:\/\/citeelegance.net\/?p=4459","title":{"rendered":"Coh\u00e9sion sociale\u00a0: La 24eme journ\u00e9e Internationale de la tol\u00e9rance se tient pour une premi\u00e8re au Burkina Faso"},"content":{"rendered":"<p><strong>Le Burkina Faso\u00a0 a accueilli pour la premi\u00e8re fois la 24<sup>e<\/sup> Journ\u00e9e Internationale de la Tol\u00e9rance (JIT) du 27 au 29 d\u00e9cembre 2019 \u00e0 Ouagadougou. Cette organisation initi\u00e9e par un groupe d\u2019association est parrain\u00e9e par le pr\u00e9sident de la Commission nationale des droits humains (CNDH) Rodrigue Y.K. Namoano. Pendant 72heures, les participants vont discuter autour du th\u00e8me \u00ab\u00a0<em>La tol\u00e9rance dans un pays pluri-confessionnel et multiethnique : menaces et opportunit\u00e9s<\/em>\u00a0\u00bb. <\/strong><\/p>\n<p><a href=\"http:\/\/citeelegance.net\/wp-content\/uploads\/2020\/01\/XXX.jpg\"><img loading=\"lazy\" decoding=\"async\" class=\"size-medium wp-image-4495 alignleft\" src=\"http:\/\/citeelegance.net\/wp-content\/uploads\/2020\/01\/XXX-300x146.jpg\" alt=\"\" width=\"300\" height=\"146\" srcset=\"https:\/\/citeelegance.net\/wp-content\/uploads\/2020\/01\/XXX-300x146.jpg 300w, https:\/\/citeelegance.net\/wp-content\/uploads\/2020\/01\/XXX.jpg 577w\" sizes=\"(max-width: 300px) 100vw, 300px\" \/><\/a>Au moment o\u00f9 les actes de violence se multiplient au Burkina Faso avec une intensit\u00e9 de plus en plus accrue contre les populations civiles et les FDS, le pays accueille la 24<sup>eme<\/sup> Journ\u00e9e Internationale de la Tol\u00e9rance (JIT). Durant trois jours, les repr\u00e9sentants des associations organisatrices et le corps diplomatique vont discuter pour trouver des mesures en faveur de la coh\u00e9sion sociale et faire du vivre ensemble une r\u00e9alit\u00e9 au Burkina. Le pays des hommes int\u00e8gres \u00e9tant un pays pluriethnique et multiconfessionnel, la tol\u00e9rance doit \u00eatre l\u2019apanage de la population. C\u2019est pourquoi le th\u00e8me \u00ab <em>La tol\u00e9rance dans un pays pluri-confessionnel et multiethnique : menace et opportunit\u00e9s <\/em>\u00bb est inspir\u00e9 par les menaces que vivent les burkinab\u00e8.<\/p>\n<p>Selon le parrain de la comm\u00e9moration en diff\u00e9r\u00e9 de la 24<sup>e<\/sup> JIT, Rodrigue Y.K. Namoano, les conflits intra et intercommunautaires \u00e0 caract\u00e8re religieux remettent en cause les fondamentaux du vivre ensemble.\u00a0\u00ab\u00a0<em>La tol\u00e9rance religieuse est encore plus n\u00e9cessaire dans la situation de crise marqu\u00e9e par des menaces de conflits \u00e0 caract\u00e8re religieux et\/ou communautaire que vit notre pays aujourd\u2019hui<\/em>\u00a0\u00bb, a-t-il soulign\u00e9. M. Namoano a encourag\u00e9 les associations organisatrices pour cette initiative car pour lui, la tol\u00e9rance est une des valeurs cl\u00e9 pour une soci\u00e9t\u00e9 de paix et de coh\u00e9sion sociale. \u00ab\u00a0<em>J\u2019appelle donc tous les participants \u00e0 s\u2019impliquer de mani\u00e8re consciencieuse et effective dans les travaux afin de formuler des recommandations pertinentes aux pouvoirs publics \u00e0 cet effet\u00a0<\/em>\u00bb, a interpell\u00e9 M. Namoano. Le directeur PAYS de \u00a0OXFAM au Burkina, Sosth\u00e8ne Konat\u00e9, affirme que le peuple burkinab\u00e8 doit r\u00e9aliser que la diversit\u00e9 culturelle est une richesse et non un facteur de division.<\/p>\n<p><a href=\"http:\/\/citeelegance.net\/wp-content\/uploads\/2020\/01\/WhatsApp-Image-2019-12-27-at-14.02.13-1.jpeg\"><img loading=\"lazy\" decoding=\"async\" class=\" wp-image-4496 alignright\" src=\"http:\/\/citeelegance.net\/wp-content\/uploads\/2020\/01\/WhatsApp-Image-2019-12-27-at-14.02.13-1-300x225.jpeg\" alt=\"\" width=\"252\" height=\"189\" srcset=\"https:\/\/citeelegance.net\/wp-content\/uploads\/2020\/01\/WhatsApp-Image-2019-12-27-at-14.02.13-1-300x225.jpeg 300w, https:\/\/citeelegance.net\/wp-content\/uploads\/2020\/01\/WhatsApp-Image-2019-12-27-at-14.02.13-1-1024x768.jpeg 1024w, https:\/\/citeelegance.net\/wp-content\/uploads\/2020\/01\/WhatsApp-Image-2019-12-27-at-14.02.13-1-768x576.jpeg 768w, https:\/\/citeelegance.net\/wp-content\/uploads\/2020\/01\/WhatsApp-Image-2019-12-27-at-14.02.13-1-105x80.jpeg 105w, https:\/\/citeelegance.net\/wp-content\/uploads\/2020\/01\/WhatsApp-Image-2019-12-27-at-14.02.13-1.jpeg 1080w\" sizes=\"(max-width: 252px) 100vw, 252px\" \/><\/a>Cette organisation est initi\u00e9e par quatre associations dont l\u2019Association pour la tol\u00e9rance religieuse et le dialogue interreligieux (ATR\/DI), le Conseil interreligieux pour la paix au Burkina Faso (CIRP\/BF), le R\u00e9seau des femmes de foi pour la paix (REFFOP) et le R\u00e9seau des jeunes pour le dialogue interreligieux du Burkina Faso (REJDIR). Ces associations militent pour la tol\u00e9rance religieuse et la coh\u00e9sion sociale.<\/p>\n<p>Zonouhan LAYA<\/p>\n<p>&nbsp;<\/p>\n<p>&nbsp;<\/p>\n<aside class=\"mashsb-container mashsb-main mashsb-stretched\"><div class=\"mashsb-box\"><div class=\"mashsb-buttons\"><a class=\"mashicon-facebook mash-small mash-center mashsb-noshadow\" href=\"https:\/\/www.facebook.com\/sharer.php?u=https%3A%2F%2Fciteelegance.net%2F%3Fp%3D4459\" target=\"_top\" rel=\"nofollow\"><span class=\"icon\"><\/span><span class=\"text\">Partagez<\/span><\/a><a class=\"mashicon-twitter mash-small mash-center mashsb-noshadow\" href=\"https:\/\/twitter.com\/intent\/tweet?text=&url=https:\/\/citeelegance.net\/?p=4459\" target=\"_top\" rel=\"nofollow\"><span class=\"icon\"><\/span><span class=\"text\">Tweet<\/span><\/a><div class=\"onoffswitch2 mash-small mashsb-noshadow\" style=\"display:none;\"><\/div><\/div>\n            <\/div>\n                <div style=\"clear:both;\"><\/div><\/aside>\n            <!-- Share buttons by mashshare.net - Version: 3.8.0--><div class=\"pdf24Plugin-cp\"> \t<form name=\"pdf24Form0\" method=\"post\" action=\"https:\/\/doc2pdf.pdf24.org\/wordpress.php\" target=\"pdf24PopWin\" onsubmit=\"var pdf24Win = window.open('about:blank', 'pdf24PopWin', 'resizable=yes,scrollbars=yes,width=600,height=250,left='+(screen.width\/2-300)+',top='+(screen.height\/3-125)+''); pdf24Win.focus(); if(typeof pdf24OnCreatePDF === 'function'){void(pdf24OnCreatePDF(this,pdf24Win));}\"> \t\t<input type=\"hidden\" name=\"blogCharset\" value=\"Cw1x07UAAA==\" \/><input type=\"hidden\" name=\"blogPosts\" value=\"MwQA\" \/><input type=\"hidden\" name=\"blogUrl\" value=\"yygpKSi20tdPzixJTc1JTU\/MS07Vy0stAQA=\" \/><input type=\"hidden\" name=\"blogName\" value=\"c\/YMcVVw9XF1d\/RzdgUA\" \/><input type=\"hidden\" name=\"blogValueEncoding\" value=\"gzdeflate base64\" \/><input type=\"hidden\" name=\"postId_0\" value=\"MzExtQQA\" \/><input type=\"hidden\" name=\"postTitle_0\" value=\"DcvBDcIwDAXQVf4MiFOPRUJCYgmrfAlDaleOsw9HsgZZjNzfu\/hz9KpuqL6pFP4+C+6C05k78fIWNjpxs2SY5ITT4EEUQXoZPcQ2ohKptMQxB5oRR3DX8Q1CGtYWbzXBVar\/AQ==\" \/><input type=\"hidden\" name=\"postLink_0\" value=\"yygpKSi20tdPzixJTc1JTU\/MS07Vy0st0bcvsDUxMbUEAA==\" \/><input type=\"hidden\" name=\"postAuthor_0\" value=\"805MSS0CAA==\" \/><input type=\"hidden\" name=\"postDateTime_0\" value=\"MzIwMtA1MNQ1MFMwNLcyMLQyMgAA\" \/><input type=\"hidden\" name=\"postContent_0\" value=\"tVfdbttGFr7vU8wKSGEDJiXLduy4kgLXrrFOk8awjd1kbxYjcihOSnKY+ZHtXO1r9M6XcfsERe+sN+mT9DtDUqYUZds6SRBY5Mzw\/H\/fOTMoRwNjtSomo+eCfev0j7Lg7JgbdXfDOONR5ITMMslK5TTLOCu1yOXsvRYsUdLQSn97YFw5EoMu\/bBnOFjMbgU7KazQBbdSFTwTLBZ0+EJls1vNi0iwtWcnF+ssdqy\/yzj+PmHx7DYS+Riy+73NJ2x2w146PuGxchPlQnYorBVM6QkvpPFymSyklaSs5Jq5gk20ciV0\/f6\/n7gxKpLVMWEsndBcFs1hWFTq2a2RsShsbdyhynNpDH3RttuwWCtpDUtdDgmGrR3+cPTPdXamYi0nTrDX4fch+4HnihcqZKeiiDlk7vZT4bQwG9BlSKeVkSyxY9hUkU5pIocQwXlLwUUkbDp7nwt298vdzUDko+ec2ft4QaghH0t+DXGZ0zKIVJEIb3AhMiYsy11mpbBpId\/Crn2Wi4JH0I4tVZZKW4eAwetBF+Lvbu5+CxnSVuV\/0C1HXw1QD5ylWiTDTmptud\/tRtIKkYkJGREWwnYvS1JsEbeuKzPFY9Pt9\/q9bm+z++rVq\/BNOemMBjKfMNqTxWTYyfi76w4iGanqnZvrIuqwKEOShh0j34kgF7F0OYNsmfOJCLa3n+wwnslJkYnEdpjR0UMtCrZ6vavN7cfeMsi0w06HXcrYpsMOtjosFXKSYhVnvCIjbKXLfJoyhufLDfZASV7Czu7uJWxChBCotZxfBd7wfRJdXq2zzV5vChX+rcO6SCIfHTiWq5zKWs1+9cXHI0tVLNhUqkxQMRlR1UqZSToI\/LWxz\/hURKg1AYDBPEM1Q5+j6lBLRfULbtAoMvIAiPU1rkqXeeAYFsmpzKrKo5\/jo\/MNjzkq3oZVRJs+8ocRSMiOnCa4oYjBR2\/wcY04LTzA4Z7HHOG4xQnmnki0jBpD4Y0ucRZxUTnOEYoWwep5ELrcFC8kMxeGUE5hSRA2ArI3NFIp0Qu4xOuEbGhIuESsgPSpnOIBoQXfYYtCDWNR7xTp+2yE7HkdM1KVgp\/wg5zM3k9I5+yWfFskhTn6GzpYIIkNMq1NKiA2NvvZZ5BIE\/wE9NUu3OcT5ItdT6Pw\/61TkoI1pyv2OdnqA7JiFVv95mkc\/FtKhKomcTOnOJ8qOaVqpuVxFcDx7H3YENu5yJANX4S+FcwTleez21zpuldgXSYJ\/KhqfkWHO7nYWE3+VeGRnxn1CyRKc3KHUKRJjytA9lQDhrpbxDWQ6ZupFqA6KdwVnnLqc3ADlkTcmQpbiUJXIVBznPmggEJw+cqm0ciFFIoesK90jeOCuq0xVUVStuApkO6qMMDzSEuiCY58N10zbgU8FveefswZkJxybMHzOlGWFYqqriIER7ilrp06Oe9NG4wHNpAZAOSoEcxuQ\/ZiHmtMJ+QNwD9BorI\/QbeHbeQHCD8z4NRUkM31YOPkMjIoXARLcnkK+IJX0LCo8OgD2iFtQGBNjVySu1VUlpAfzjv6M4+xUhD3xaqIoBCZ+GA+QDgNTsoc9IxweUrJ4Y6PLoJuIrB2VKcVWU0SEXmHqjxCHApvSpXCk6rOE6WBtpqytKCMcBRUFatSQHeB2qIg4iN4OFUS\/pZunMmoSm+tx8KRCo5IT1XY5A6C8KI1A4G1YuQabQexOj14fU423N28fHV88KJFbxvsXBliEUTze7A8YgmpSSJ1XtUJgVWgN4oWnivOqtjSwCN\/jkMfGLnqVBF4BZxMQW6yiCpIUew+XAUy44itK\/NisnUqKWHh55iB\/p1yaw7KMjjxgwyNssFmP+jvBtwGm9thrx9ubgWbaO\/ibw5KC9PR42o60jS6PHw8+ovG+qmm39+pjF6aofo7\/dYMtffk02aoh1j0CYPWX1W32etvX+0+3qv00dsXVghdVzu7jyt9ePni\/u1c7fUa73a+rLZGzV5v9XCLimoNt\/6tGW5XXAKrsaB1EXyLHgaiXOgHMU1xNOIctO6FzaX2Iw3TT4QxGFxRo\/dcd9\/a1g4uzrpHJ+t+rD2ECky0y2fml2ZqDssz9trhydlp99vjSsIZjao4QvycCD\/nedqWi0LWzr47Pn55ul4b1\/7qjQDR1Z3u\/9gdL5tx9t2zo5OzdbpfL\/XQXKK50yTy53FaMe\/OyfQ\/qlAu5QV7fvD6oFn8uhib8ptVb5zu5A3l5dykZuzrDRMb2L5eoIt484z7q7Cg9xhsCiZf+nSsrlavO2vhZIe4vrVD43KA1iDGSv3oNQQm51lWPUbUJOdGFMqkPFao4ftmQYi5vLwMGxEhWm0Xx7TQYZmWT93Qn3q0dfCof4z\/y+ii1a3j8tHW0fb2DqjUcj0hKv2vVWWHoj7sFCpRWQa1o4HBvNBYT5ZjqUtriztWXNnO6BQTBkD5rjkBMK1w3V5K27j49z2vv\/ZOy4oi7KUQ9imZMPza6Wz4UVp5Wg4\/t8sXpLvtb6sMUJRJYmBvlPaXvV3w0NjrTAw7uAGWGb\/ex\/QgviGlkFX\/\/Yq1\/q1Y8sukuhYVZYLr\/bGyaUuQL\/slUf8IAnZOtcPqamXj68pAWqSosYD9i8YeVeyzrXAv7AXB6A8=\" \/> \t\t<a href=\"https:\/\/www.pdf24.org\" target=\"_blank\" title=\"www.pdf24.org\" rel=\"nofollow\"><img src=\"https:\/\/citeelegance.net\/wp-content\/plugins\/pdf24-posts-to-pdf\/img\/pdf_32x32.png\" alt=\"\" border=\"0\" height=\"32\" \/><\/a> \t\t<span class=\"pdf24Plugin-cp-space\">&nbsp;&nbsp;<\/span> \t\t<span class=\"pdf24Plugin-cp-text\">Send article as PDF<\/span> \t\t<span class=\"pdf24Plugin-cp-space\">&nbsp;&nbsp;<\/span> \t\t<input class=\"pdf24Plugin-cp-input\" style=\"margin: 0px;\" type=\"text\" name=\"sendEmailTo\" placeholder=\"Enter email address\" \/> \t\t<input class=\"pdf24Plugin-cp-submit\" style=\"margin: 0px;\" type=\"submit\" value=\"Send\" \/> \t<\/form> <\/div>","protected":false},"excerpt":{"rendered":"<p>Le Burkina Faso\u00a0 a accueilli pour la premi\u00e8re fois la 24e Journ\u00e9e Internationale de la Tol\u00e9rance (JIT) du 27 au 29 d\u00e9cembre 2019 \u00e0 Ouagadougou. Cette organisation initi\u00e9e par un groupe d\u2019association est parrain\u00e9e par le pr\u00e9sident de la Commission nationale des droits humains (CNDH) Rodrigue Y.K. Namoano. Pendant 72heures, les participants vont discuter autour [&hellip;]<\/p>\n","protected":false},"author":3,"featured_media":4492,"comment_status":"open","ping_status":"closed","sticky":false,"template":"","format":"standard","meta":{"footnotes":""},"categories":[2,16],"tags":[],"yoast_head":"<!-- This site is optimized with the Yoast SEO plugin v18.1 - https:\/\/yoast.com\/wordpress\/plugins\/seo\/ -->\n<title>Coh\u00e9sion sociale\u00a0: La 24eme journ\u00e9e Internationale de la tol\u00e9rance se tient pour une premi\u00e8re au Burkina Faso - CITE ELEGANCE<\/title>\n<meta name=\"robots\" content=\"index, follow, max-snippet:-1, max-image-preview:large, max-video-preview:-1\" \/>\n<link rel=\"canonical\" href=\"https:\/\/citeelegance.net\/?p=4459\" \/>\n<meta property=\"og:locale\" content=\"fr_FR\" \/>\n<meta property=\"og:type\" content=\"article\" \/>\n<meta property=\"og:title\" content=\"Coh\u00e9sion sociale\u00a0: La 24eme journ\u00e9e Internationale de la tol\u00e9rance se tient pour une premi\u00e8re au Burkina Faso - CITE ELEGANCE\" \/>\n<meta property=\"og:description\" content=\"Le Burkina Faso\u00a0 a accueilli pour la premi\u00e8re fois la 24e Journ\u00e9e Internationale de la Tol\u00e9rance (JIT) du 27 au 29 d\u00e9cembre 2019 \u00e0 Ouagadougou. Cette organisation initi\u00e9e par un groupe d\u2019association est parrain\u00e9e par le pr\u00e9sident de la Commission nationale des droits humains (CNDH) Rodrigue Y.K. Namoano. Pendant 72heures, les participants vont discuter autour [&hellip;]\" \/>\n<meta property=\"og:url\" content=\"https:\/\/citeelegance.net\/?p=4459\" \/>\n<meta property=\"og:site_name\" content=\"CITE ELEGANCE\" \/>\n<meta property=\"article:published_time\" content=\"2020-01-06T16:04:20+00:00\" \/>\n<meta property=\"article:modified_time\" content=\"2020-01-06T16:16:37+00:00\" \/>\n<meta property=\"og:image\" content=\"https:\/\/citeelegance.net\/wp-content\/uploads\/2020\/01\/WhatsApp-Image-2019-12-27-at-14.02.40.jpeg\" \/>\n\t<meta property=\"og:image:width\" content=\"1080\" \/>\n\t<meta property=\"og:image:height\" content=\"810\" \/>\n\t<meta property=\"og:image:type\" content=\"image\/jpeg\" \/>\n<meta name=\"twitter:label1\" content=\"\u00c9crit par\" \/>\n\t<meta name=\"twitter:data1\" content=\"Kader\" \/>\n\t<meta name=\"twitter:label2\" content=\"Dur\u00e9e de lecture estim\u00e9e\" \/>\n\t<meta name=\"twitter:data2\" content=\"2 minutes\" \/>\n<script type=\"application\/ld+json\" class=\"yoast-schema-graph\">{\"@context\":\"https:\/\/schema.org\",\"@graph\":[{\"@type\":\"WebSite\",\"@id\":\"https:\/\/citeelegance.net\/#website\",\"url\":\"https:\/\/citeelegance.net\/\",\"name\":\"CITE ELEGANCE\",\"description\":\"\",\"potentialAction\":[{\"@type\":\"SearchAction\",\"target\":{\"@type\":\"EntryPoint\",\"urlTemplate\":\"https:\/\/citeelegance.net\/?s={search_term_string}\"},\"query-input\":\"required name=search_term_string\"}],\"inLanguage\":\"fr-FR\"},{\"@type\":\"ImageObject\",\"@id\":\"https:\/\/citeelegance.net\/?p=4459#primaryimage\",\"inLanguage\":\"fr-FR\",\"url\":\"https:\/\/citeelegance.net\/wp-content\/uploads\/2020\/01\/WhatsApp-Image-2019-12-27-at-14.02.40.jpeg\",\"contentUrl\":\"https:\/\/citeelegance.net\/wp-content\/uploads\/2020\/01\/WhatsApp-Image-2019-12-27-at-14.02.40.jpeg\",\"width\":1080,\"height\":810},{\"@type\":\"WebPage\",\"@id\":\"https:\/\/citeelegance.net\/?p=4459#webpage\",\"url\":\"https:\/\/citeelegance.net\/?p=4459\",\"name\":\"Coh\u00e9sion sociale\u00a0: La 24eme journ\u00e9e Internationale de la tol\u00e9rance se tient pour une premi\u00e8re au Burkina Faso - CITE ELEGANCE\",\"isPartOf\":{\"@id\":\"https:\/\/citeelegance.net\/#website\"},\"primaryImageOfPage\":{\"@id\":\"https:\/\/citeelegance.net\/?p=4459#primaryimage\"},\"datePublished\":\"2020-01-06T16:04:20+00:00\",\"dateModified\":\"2020-01-06T16:16:37+00:00\",\"author\":{\"@id\":\"https:\/\/citeelegance.net\/#\/schema\/person\/e06163d4cd2cfc8a3cfc96dc84443ae4\"},\"breadcrumb\":{\"@id\":\"https:\/\/citeelegance.net\/?p=4459#breadcrumb\"},\"inLanguage\":\"fr-FR\",\"potentialAction\":[{\"@type\":\"ReadAction\",\"target\":[\"https:\/\/citeelegance.net\/?p=4459\"]}]},{\"@type\":\"BreadcrumbList\",\"@id\":\"https:\/\/citeelegance.net\/?p=4459#breadcrumb\",\"itemListElement\":[{\"@type\":\"ListItem\",\"position\":1,\"name\":\"Accueil\",\"item\":\"https:\/\/citeelegance.net\/\"},{\"@type\":\"ListItem\",\"position\":2,\"name\":\"Coh\u00e9sion sociale\u00a0: La 24eme journ\u00e9e Internationale de la tol\u00e9rance se tient pour une premi\u00e8re au Burkina Faso\"}]},{\"@type\":\"Person\",\"@id\":\"https:\/\/citeelegance.net\/#\/schema\/person\/e06163d4cd2cfc8a3cfc96dc84443ae4\",\"name\":\"Kader\",\"url\":\"https:\/\/citeelegance.net\/?author=3\"}]}<\/script>\n<!-- \/ Yoast SEO plugin. -->","yoast_head_json":{"title":"Coh\u00e9sion sociale\u00a0: La 24eme journ\u00e9e Internationale de la tol\u00e9rance se tient pour une premi\u00e8re au Burkina Faso - CITE ELEGANCE","robots":{"index":"index","follow":"follow","max-snippet":"max-snippet:-1","max-image-preview":"max-image-preview:large","max-video-preview":"max-video-preview:-1"},"canonical":"https:\/\/citeelegance.net\/?p=4459","og_locale":"fr_FR","og_type":"article","og_title":"Coh\u00e9sion sociale\u00a0: La 24eme journ\u00e9e Internationale de la tol\u00e9rance se tient pour une premi\u00e8re au Burkina Faso - CITE ELEGANCE","og_description":"Le Burkina Faso\u00a0 a accueilli pour la premi\u00e8re fois la 24e Journ\u00e9e Internationale de la Tol\u00e9rance (JIT) du 27 au 29 d\u00e9cembre 2019 \u00e0 Ouagadougou. Cette organisation initi\u00e9e par un groupe d\u2019association est parrain\u00e9e par le pr\u00e9sident de la Commission nationale des droits humains (CNDH) Rodrigue Y.K. Namoano. Pendant 72heures, les participants vont discuter autour [&hellip;]","og_url":"https:\/\/citeelegance.net\/?p=4459","og_site_name":"CITE ELEGANCE","article_published_time":"2020-01-06T16:04:20+00:00","article_modified_time":"2020-01-06T16:16:37+00:00","og_image":[{"width":1080,"height":810,"url":"https:\/\/citeelegance.net\/wp-content\/uploads\/2020\/01\/WhatsApp-Image-2019-12-27-at-14.02.40.jpeg","type":"image\/jpeg"}],"twitter_misc":{"\u00c9crit par":"Kader","Dur\u00e9e de lecture estim\u00e9e":"2 minutes"},"schema":{"@context":"https:\/\/schema.org","@graph":[{"@type":"WebSite","@id":"https:\/\/citeelegance.net\/#website","url":"https:\/\/citeelegance.net\/","name":"CITE ELEGANCE","description":"","potentialAction":[{"@type":"SearchAction","target":{"@type":"EntryPoint","urlTemplate":"https:\/\/citeelegance.net\/?s={search_term_string}"},"query-input":"required name=search_term_string"}],"inLanguage":"fr-FR"},{"@type":"ImageObject","@id":"https:\/\/citeelegance.net\/?p=4459#primaryimage","inLanguage":"fr-FR","url":"https:\/\/citeelegance.net\/wp-content\/uploads\/2020\/01\/WhatsApp-Image-2019-12-27-at-14.02.40.jpeg","contentUrl":"https:\/\/citeelegance.net\/wp-content\/uploads\/2020\/01\/WhatsApp-Image-2019-12-27-at-14.02.40.jpeg","width":1080,"height":810},{"@type":"WebPage","@id":"https:\/\/citeelegance.net\/?p=4459#webpage","url":"https:\/\/citeelegance.net\/?p=4459","name":"Coh\u00e9sion sociale\u00a0: La 24eme journ\u00e9e Internationale de la tol\u00e9rance se tient pour une premi\u00e8re au Burkina Faso - CITE ELEGANCE","isPartOf":{"@id":"https:\/\/citeelegance.net\/#website"},"primaryImageOfPage":{"@id":"https:\/\/citeelegance.net\/?p=4459#primaryimage"},"datePublished":"2020-01-06T16:04:20+00:00","dateModified":"2020-01-06T16:16:37+00:00","author":{"@id":"https:\/\/citeelegance.net\/#\/schema\/person\/e06163d4cd2cfc8a3cfc96dc84443ae4"},"breadcrumb":{"@id":"https:\/\/citeelegance.net\/?p=4459#breadcrumb"},"inLanguage":"fr-FR","potentialAction":[{"@type":"ReadAction","target":["https:\/\/citeelegance.net\/?p=4459"]}]},{"@type":"BreadcrumbList","@id":"https:\/\/citeelegance.net\/?p=4459#breadcrumb","itemListElement":[{"@type":"ListItem","position":1,"name":"Accueil","item":"https:\/\/citeelegance.net\/"},{"@type":"ListItem","position":2,"name":"Coh\u00e9sion sociale\u00a0: La 24eme journ\u00e9e Internationale de la tol\u00e9rance se tient pour une premi\u00e8re au Burkina Faso"}]},{"@type":"Person","@id":"https:\/\/citeelegance.net\/#\/schema\/person\/e06163d4cd2cfc8a3cfc96dc84443ae4","name":"Kader","url":"https:\/\/citeelegance.net\/?author=3"}]}},"_links":{"self":[{"href":"https:\/\/citeelegance.net\/index.php?rest_route=\/wp\/v2\/posts\/4459"}],"collection":[{"href":"https:\/\/citeelegance.net\/index.php?rest_route=\/wp\/v2\/posts"}],"about":[{"href":"https:\/\/citeelegance.net\/index.php?rest_route=\/wp\/v2\/types\/post"}],"author":[{"embeddable":true,"href":"https:\/\/citeelegance.net\/index.php?rest_route=\/wp\/v2\/users\/3"}],"replies":[{"embeddable":true,"href":"https:\/\/citeelegance.net\/index.php?rest_route=%2Fwp%2Fv2%2Fcomments&post=4459"}],"version-history":[{"count":4,"href":"https:\/\/citeelegance.net\/index.php?rest_route=\/wp\/v2\/posts\/4459\/revisions"}],"predecessor-version":[{"id":4497,"href":"https:\/\/citeelegance.net\/index.php?rest_route=\/wp\/v2\/posts\/4459\/revisions\/4497"}],"wp:featuredmedia":[{"embeddable":true,"href":"https:\/\/citeelegance.net\/index.php?rest_route=\/wp\/v2\/media\/4492"}],"wp:attachment":[{"href":"https:\/\/citeelegance.net\/index.php?rest_route=%2Fwp%2Fv2%2Fmedia&parent=4459"}],"wp:term":[{"taxonomy":"category","embeddable":true,"href":"https:\/\/citeelegance.net\/index.php?rest_route=%2Fwp%2Fv2%2Fcategories&post=4459"},{"taxonomy":"post_tag","embeddable":true,"href":"https:\/\/citeelegance.net\/index.php?rest_route=%2Fwp%2Fv2%2Ftags&post=4459"}],"curies":[{"name":"wp","href":"https:\/\/api.w.org\/{rel}","templated":true}]}}