{"id":4235,"date":"2019-12-11T10:37:47","date_gmt":"2019-12-11T09:37:47","guid":{"rendered":"http:\/\/citeelegance.net\/?p=4235"},"modified":"2019-12-11T13:13:24","modified_gmt":"2019-12-11T12:13:24","slug":"burkina-faso-120-recipiendaires-ont-recu-une-distinction-honorifique-a-tenkodogo","status":"publish","type":"post","link":"https:\/\/citeelegance.net\/?p=4235","title":{"rendered":"Burkina Faso\u00a0: 120 r\u00e9cipiendaires ont re\u00e7u une distinction honorifique \u00e0 Tenkodogo"},"content":{"rendered":"<p><strong>Le gouvernement burkinab\u00e8 a reconnu le m\u00e9rite de 120 imp\u00e9trants, \u00e0 l\u2019occasion de la comm\u00e9moration du 59<sup>e<\/sup> anniversaire du Burkina Faso, ce mardi 10 d\u00e9cembre 2019 \u00e0 Tenkodogo. Plac\u00e9e sous le th\u00e8me\u00a0\u00ab\u00a0<em>cent ans de la cr\u00e9ation du Burkina Faso\u00a0: Devoir de m\u00e9moire et engagement patriotique en vue de la consolidation de l\u2019Etat-Nation<\/em>\u00a0\u00bb, la c\u00e9r\u00e9monie de distinction honorifique a \u00e9t\u00e9 marqu\u00e9e par l\u2019inauguration du monument \u00ab\u00a0flambeau\u00a0\u00bb et un sentiment d\u2019honneur manifeste chez les r\u00e9cipiendaires.<\/strong><\/p>\n<p>Ce sont au total 120 r\u00e9cipiendaires qui ont re\u00e7u les f\u00e9licitations de la Nation. Il s\u2019agit de 28 r\u00e9cipiendaires dans l\u2019ordre de l\u2019\u00e9talon, 52 r\u00e9cipiendaires dans l\u2019ordre du m\u00e9rite burkinab\u00e8, 22 r\u00e9cipiendaires dans l\u2019ordre des m\u00e9dailles d\u2019honneur des collectivit\u00e9s et 18 r\u00e9cipiendaires dans les ordres sp\u00e9cifiques. La traditionnelle phrase d\u00e9corative a encore retenti aux festivit\u00e9s de l\u2019ind\u00e9pendance du Burkina Faso \u00e0 Tenkodogo. Les c\u0153urs des hommes ont exprim\u00e9 un sentiment de fiert\u00e9 et de bonheur lorsqu\u2019ils ont entendu\u00a0: \u00ab\u00a0<em>Au nom du pr\u00e9sident du Faso et au noms des pouvoirs qui lui sont conf\u00e9r\u00e9s, nous vous faisons\u2026<\/em>\u00a0\u00bb.<\/p>\n<p><a href=\"http:\/\/citeelegance.net\/wp-content\/uploads\/2019\/12\/GGG.jpg\"><img loading=\"lazy\" decoding=\"async\" class=\" wp-image-4239 alignleft\" src=\"http:\/\/citeelegance.net\/wp-content\/uploads\/2019\/12\/GGG-259x300.jpg\" alt=\"\" width=\"135\" height=\"156\" srcset=\"https:\/\/citeelegance.net\/wp-content\/uploads\/2019\/12\/GGG-259x300.jpg 259w, https:\/\/citeelegance.net\/wp-content\/uploads\/2019\/12\/GGG.jpg 550w\" sizes=\"(max-width: 135px) 100vw, 135px\" \/><\/a>Pour un des r\u00e9cipiendaires de l\u2019ordre de l\u2019Etalon, M. Minougou Fass\u00e9n\u00e9wend\u00e9 dit \u00ab\u00a0Prince Akim\u00a0\u00bb, c\u2019est vraiment un honneur de recevoir une distinction honorifique de la part du Gouvernement. Par ailleurs, il lance un appel \u00e0 tous les fils du pays et de la diaspora \u00e0 s\u2019investir davantage dans le d\u00e9veloppement de la m\u00e8re patrie le Burkina Faso. Il ajoute \u00ab\u00a0<em>je prends la parole au nom des commer\u00e7ants de la ville de Tenkodogo, pour exprimer ma joie. J\u2019invite tout le monde \u00e0 travailler plus pour soutenir la nation et je souhaite une tr\u00e8s belle f\u00eate de l\u2019ind\u00e9pendance du Burkina Faso, \u00e0 Tenkodogo<\/em>\u00a0\u00bb.<\/p>\n<p><a href=\"http:\/\/citeelegance.net\/wp-content\/uploads\/2019\/12\/TTT.jpg\"><img loading=\"lazy\" decoding=\"async\" class=\"wp-image-4242 alignright\" src=\"http:\/\/citeelegance.net\/wp-content\/uploads\/2019\/12\/TTT-284x300.jpg\" alt=\"\" width=\"127\" height=\"134\" srcset=\"https:\/\/citeelegance.net\/wp-content\/uploads\/2019\/12\/TTT-284x300.jpg 284w, https:\/\/citeelegance.net\/wp-content\/uploads\/2019\/12\/TTT.jpg 544w\" sizes=\"(max-width: 127px) 100vw, 127px\" \/><\/a>Quant \u00e0 la directrice r\u00e9gionale du centre-est, Mme Mamounata Tibo, cette d\u00e9coration repr\u00e9sente un signe de joie et de travaille abattu. Elle pr\u00e9cise par ailleurs qu\u2019elle rend gr\u00e2ce \u00e0 Dieu pour cette m\u00e9daille. Mme Tibo, f\u00e9licite les autorit\u00e9s et tous ceux qui ont \u0153uvr\u00e9 pour la r\u00e9alisation cette distinction.<\/p>\n<p>La c\u00e9r\u00e9monie de d\u00e9coration a \u00e9t\u00e9 marqu\u00e9e par l\u2019inauguration du monument flambeau, octroy\u00e9 par une compagnie t\u00e9l\u00e9phonique de la place. Le monument a cout\u00e9 une valeur de 7.000.000 FCfA, il est compos\u00e9 d\u2019un support m\u00e9tallique qui a la silhouette d\u2019une femme, signe de vie. La flamme est en bronze, symbole de lumi\u00e8re et de vitalit\u00e9, facteur de coh\u00e9sion sociale. Ladite c\u00e9r\u00e9monie a pris fin dans une ambiance festive pour les r\u00e9cipiendaires et leurs parents.<\/p>\n<p><strong>Isma\u00ebl Kiekieta <\/strong><\/p>\n<aside class=\"mashsb-container mashsb-main mashsb-stretched\"><div class=\"mashsb-box\"><div class=\"mashsb-buttons\"><a class=\"mashicon-facebook mash-small mash-center mashsb-noshadow\" href=\"https:\/\/www.facebook.com\/sharer.php?u=https%3A%2F%2Fciteelegance.net%2F%3Fp%3D4235\" target=\"_top\" rel=\"nofollow\"><span class=\"icon\"><\/span><span class=\"text\">Partagez<\/span><\/a><a class=\"mashicon-twitter mash-small mash-center mashsb-noshadow\" href=\"https:\/\/twitter.com\/intent\/tweet?text=&url=https:\/\/citeelegance.net\/?p=4235\" target=\"_top\" rel=\"nofollow\"><span class=\"icon\"><\/span><span class=\"text\">Tweet<\/span><\/a><div class=\"onoffswitch2 mash-small mashsb-noshadow\" style=\"display:none;\"><\/div><\/div>\n            <\/div>\n                <div style=\"clear:both;\"><\/div><\/aside>\n            <!-- Share buttons by mashshare.net - Version: 3.8.0--><div class=\"pdf24Plugin-cp\"> \t<form name=\"pdf24Form0\" method=\"post\" action=\"https:\/\/doc2pdf.pdf24.org\/wordpress.php\" target=\"pdf24PopWin\" onsubmit=\"var pdf24Win = window.open('about:blank', 'pdf24PopWin', 'resizable=yes,scrollbars=yes,width=600,height=250,left='+(screen.width\/2-300)+',top='+(screen.height\/3-125)+''); pdf24Win.focus(); if(typeof pdf24OnCreatePDF === 'function'){void(pdf24OnCreatePDF(this,pdf24Win));}\"> \t\t<input type=\"hidden\" name=\"blogCharset\" value=\"Cw1x07UAAA==\" \/><input type=\"hidden\" name=\"blogPosts\" value=\"MwQA\" \/><input type=\"hidden\" name=\"blogUrl\" value=\"yygpKSi20tdPzixJTc1JTU\/MS07Vy0stAQA=\" \/><input type=\"hidden\" name=\"blogName\" value=\"c\/YMcVVw9XF1d\/RzdgUA\" \/><input type=\"hidden\" name=\"blogValueEncoding\" value=\"gzdeflate base64\" \/><input type=\"hidden\" name=\"postId_0\" value=\"MzEyNgUA\" \/><input type=\"hidden\" name=\"postTitle_0\" value=\"BcHBEUAwEAXQVn4JODo6qEADGVn8ycwum6QfN6MNacx7U\/VEDZhDtu8e0Q8dvL0rT4rGQJcM0wKX9lRUFUTmQl0LTXGYmnPjVQXtxiKaLNpuPw==\" \/><input type=\"hidden\" name=\"postLink_0\" value=\"yygpKSi20tdPzixJTc1JTU\/MS07Vy0st0bcvsDUxMjYFAA==\" \/><input type=\"hidden\" name=\"postAuthor_0\" value=\"805MSS0CAA==\" \/><input type=\"hidden\" name=\"postDateTime_0\" value=\"MzIwtNQ1NNI1NFQwNLAyNLIyMQcA\" \/><input type=\"hidden\" name=\"postContent_0\" value=\"rVfbbhvJEX3fr6gQcJAFeJEoKbYVkoazvmA3duAgQl6D5kyRbKmne9wXUtJT\/iFP+2bkIWtlPyFvJvIj+ZKc6pmRaMnCxt41LInT0111qvrUqeKknk1C9M4uZ6+Yli6t2Vuu2EaaJ3+mrZpv35Miz4WzNpFhqrZXXkemkml\/vEe6qrdX0SsbQ5+278j892\/fu6JQQTsre4yiwlU4VDmvYl5MdPR4ElI948lI\/pCyVsNxUNqzvP5945peqOD6VMCn8qWm\/T0qt1cFV3NsG+\/tPxZ\/J2zPXOmWbkhvjCq2V0zBpSBI42r7vuIP7z78+OHdhKtZIWEpGzpYfnt1jWjX5Yd3x\/SM10572ZmhCzCOxHaplk16ahW9dlG\/TXhjaZ34OlobnNFla5pzRp5HFQd\/zEuTEaAA1L\/7eTeyKQ6szudLHaK2RT66ctZ5vcgeFCHJ2ytJxNskMdbKZ8PAnJbpJrOwlDI+CXphVDVnlcSbwE+WAt7pvKHEabiwnDzMWr3ggFstVnyJ3AUCqkLXmm0ptxKGuKqGJ5NRPftqUs++kURLQhNFF5XJbLh1it4mTbLJ8\/aHlO0utldGFzpmxN1VNJkZ0reGAmCppY7yZvzojsFS7i9zzJeeu\/QiOco426ej8U+eSNcMvmF4n8Y\/fRBLOImXRuLYTZ+8KhyWcXFrjXsKku39+9DjQzYZKNSyIV9xGNIrRSikUksuLMMc1SuvAmfW5+pZCxPY4oGR0ih3ifyfk9xd57lNibY4VYtnW9wpqluF80rw\/+fvyYccygr1Khhxb3xee42ob1GHaaHZCyE5P82dXUkijPPhbRLvpj1vAbJMUlFdFT5NZF0liGqkJ+gyW0wNLs58wvsGSQ1BQu01PDL4yYxDhS1y2UBxrNT6Wn4tlMZb0Oef1xU27Lg6UbTyvJj2VjHWx6MR+MdseCm5GVqOo009gFVJ6CjVxqkyjERgRvvj0cuXL4en9bI3m+hqSfJO2+W0Z9TlRQ8gC9c8q3Bhix4VRoUw7REM6gpaMTgcHzwmZfTSGl7EHgVffCmMwfjo8fnB3l6GA5tx2oMjXcbVtLd\/cNSjFevlCqv7R7\/NjgLHxlf4ec4Inzd9+kJL2cLR0d4GmPQlIzu\/qdT5IAM\/JgCvz7+Gtu+t4SI\/9WgElVGzNw6USjYz4U4l8V0VeN6KwOshvdYgBtqZsCpsr+z2asNSEBDYRhrfeC118fRMV40WFzCAKqK1Vw3JU1bgtr6lATYdIdn7VboRM0hzJvTLnW6K5gTBztKBKuuTNtgpAOBF1TUbqcjY9C1QWcpHCkRdhLbCYLfUKtSQAdkacoWvpewBT63RfkG2Tl9EMNZsHAx39Yrz1fa956ZvsWzaFYQsverUJchiV6in2OyRtdAG5XBGtcWbBQ8q4bc\/SOdvPawlPvl8rS19KWHfyghLo6FTp3lI3zUBiAwj7JgHC2dxVPLgEZCY8lSbFBoTQbBZRAs\/tml3yMxp7vYrJXbkZqLfvg80z+K52P4r8v8lh\/2P9PCXlY+Tk5PPl48d9TgcN+rhpbS\/XD4AYzB+dHivfIwf7sjHweHPk49bztDHD79QPtrs0dHh4T3yMX64Kx\/y1MnHnxKomUdSqR0UMIiPu4eSLMEeZTINZCb0PEAhQTcqpteqcgn8UnSi53n4jHGnAYN1nnPfks6WuyLuJrNMeN0W6zWBSc1VjGlIz3M3zyIWmuGt0wLK\/TITVoqNln77jyKXwTPNqeF+A+J6+BhmpA2+bpziLBwqRYhRN4BkPSkY80E3hqHHrwGisYq0yARsdGgCa0O90bZr\/r+6O6fuJOTzZ9NuLu2Tw6W4C0GkGmmFqtRqKV5g0qBkoa+72ooRn2VguTEmE3eKeURhWivTCvbD4R7Yhx968c3iaVZckXex74I0AgCU60s1NDVKctE9THYl2VLiLWizcqlJS94OUWGoXv\/m1tciZsiPhIRLERf4NjDHpHwp2y6quWsk0aRKZwFuKALlQ+YBG1eoitiCLtxKRiKkK7hCK5Ntl3K7u\/lHGryWLmEbwRdcSKjO0taMgtxe8Sc6J4vYCvGQcuQv3KhcO+B\/Gyq1\/dHQHzSfaUYl3Br9lcxsnVJVKqzCPNev0jYrfF6o8NR9xmmO+GJRQgRLvb51dO7OP72eYsQ81xP13Xmj4WqAlPHcubPsYQC8xjQfpZxvQFgXVqp0UI4b+RYF2mw2w87EEIwYYZtnP6xX9ZM0zbseHDx9MH6B\/7fVSlYPXtQPDp5hssPMFZVfik7+Nbq6hxI20551C3wZgFuktFa2Qy\/IsTSStY\/fRD6PvRkmBGnil90OSNgnQo8bHbsQPz\/y9nQOWjeSGzfM8YlAmP46eTO9V6af1NNfOuQT8b0b7w4NMFctFgF4i9X4drQfRRjiheFpD8IFdbg4ts7y78QpbLW\/v6Kdf59YysviujVVGFb+eO7iasdQpv0tU78aDOjPwh1q2UrziwagLErWaEB\/YS8lfUwHw0fDvcFg9j8=\" \/> \t\t<a href=\"https:\/\/www.pdf24.org\" target=\"_blank\" title=\"www.pdf24.org\" rel=\"nofollow\"><img src=\"https:\/\/citeelegance.net\/wp-content\/plugins\/pdf24-posts-to-pdf\/img\/pdf_32x32.png\" alt=\"\" border=\"0\" height=\"32\" \/><\/a> \t\t<span class=\"pdf24Plugin-cp-space\">&nbsp;&nbsp;<\/span> \t\t<span class=\"pdf24Plugin-cp-text\">Send article as PDF<\/span> \t\t<span class=\"pdf24Plugin-cp-space\">&nbsp;&nbsp;<\/span> \t\t<input class=\"pdf24Plugin-cp-input\" style=\"margin: 0px;\" type=\"text\" name=\"sendEmailTo\" placeholder=\"Enter email address\" \/> \t\t<input class=\"pdf24Plugin-cp-submit\" style=\"margin: 0px;\" type=\"submit\" value=\"Send\" \/> \t<\/form> <\/div>","protected":false},"excerpt":{"rendered":"<p>Le gouvernement burkinab\u00e8 a reconnu le m\u00e9rite de 120 imp\u00e9trants, \u00e0 l\u2019occasion de la comm\u00e9moration du 59e anniversaire du Burkina Faso, ce mardi 10 d\u00e9cembre 2019 \u00e0 Tenkodogo. Plac\u00e9e sous le th\u00e8me\u00a0\u00ab\u00a0cent ans de la cr\u00e9ation du Burkina Faso\u00a0: Devoir de m\u00e9moire et engagement patriotique en vue de la consolidation de l\u2019Etat-Nation\u00a0\u00bb, la c\u00e9r\u00e9monie de [&hellip;]<\/p>\n","protected":false},"author":3,"featured_media":4236,"comment_status":"open","ping_status":"closed","sticky":false,"template":"","format":"standard","meta":{"footnotes":""},"categories":[2,1,16],"tags":[],"yoast_head":"<!-- This site is optimized with the Yoast SEO plugin v18.1 - https:\/\/yoast.com\/wordpress\/plugins\/seo\/ -->\n<title>Burkina Faso\u00a0: 120 r\u00e9cipiendaires ont re\u00e7u une distinction honorifique \u00e0 Tenkodogo - CITE ELEGANCE<\/title>\n<meta name=\"robots\" content=\"index, follow, max-snippet:-1, max-image-preview:large, max-video-preview:-1\" \/>\n<link rel=\"canonical\" href=\"https:\/\/citeelegance.net\/?p=4235\" \/>\n<meta property=\"og:locale\" content=\"fr_FR\" \/>\n<meta property=\"og:type\" content=\"article\" \/>\n<meta property=\"og:title\" content=\"Burkina Faso\u00a0: 120 r\u00e9cipiendaires ont re\u00e7u une distinction honorifique \u00e0 Tenkodogo - CITE ELEGANCE\" \/>\n<meta property=\"og:description\" content=\"Le gouvernement burkinab\u00e8 a reconnu le m\u00e9rite de 120 imp\u00e9trants, \u00e0 l\u2019occasion de la comm\u00e9moration du 59e anniversaire du Burkina Faso, ce mardi 10 d\u00e9cembre 2019 \u00e0 Tenkodogo. Plac\u00e9e sous le th\u00e8me\u00a0\u00ab\u00a0cent ans de la cr\u00e9ation du Burkina Faso\u00a0: Devoir de m\u00e9moire et engagement patriotique en vue de la consolidation de l\u2019Etat-Nation\u00a0\u00bb, la c\u00e9r\u00e9monie de [&hellip;]\" \/>\n<meta property=\"og:url\" content=\"https:\/\/citeelegance.net\/?p=4235\" \/>\n<meta property=\"og:site_name\" content=\"CITE ELEGANCE\" \/>\n<meta property=\"article:published_time\" content=\"2019-12-11T09:37:47+00:00\" \/>\n<meta property=\"article:modified_time\" content=\"2019-12-11T12:13:24+00:00\" \/>\n<meta property=\"og:image\" content=\"https:\/\/citeelegance.net\/wp-content\/uploads\/2019\/12\/WhatsApp-Image-2019-12-10-at-23.55.29.jpeg\" \/>\n\t<meta property=\"og:image:width\" content=\"1080\" \/>\n\t<meta property=\"og:image:height\" content=\"810\" \/>\n\t<meta property=\"og:image:type\" content=\"image\/jpeg\" \/>\n<meta name=\"twitter:label1\" content=\"\u00c9crit par\" \/>\n\t<meta name=\"twitter:data1\" content=\"Kader\" \/>\n\t<meta name=\"twitter:label2\" content=\"Dur\u00e9e de lecture estim\u00e9e\" \/>\n\t<meta name=\"twitter:data2\" content=\"2 minutes\" \/>\n<script type=\"application\/ld+json\" class=\"yoast-schema-graph\">{\"@context\":\"https:\/\/schema.org\",\"@graph\":[{\"@type\":\"WebSite\",\"@id\":\"https:\/\/citeelegance.net\/#website\",\"url\":\"https:\/\/citeelegance.net\/\",\"name\":\"CITE ELEGANCE\",\"description\":\"\",\"potentialAction\":[{\"@type\":\"SearchAction\",\"target\":{\"@type\":\"EntryPoint\",\"urlTemplate\":\"https:\/\/citeelegance.net\/?s={search_term_string}\"},\"query-input\":\"required name=search_term_string\"}],\"inLanguage\":\"fr-FR\"},{\"@type\":\"ImageObject\",\"@id\":\"https:\/\/citeelegance.net\/?p=4235#primaryimage\",\"inLanguage\":\"fr-FR\",\"url\":\"https:\/\/citeelegance.net\/wp-content\/uploads\/2019\/12\/WhatsApp-Image-2019-12-10-at-23.55.29.jpeg\",\"contentUrl\":\"https:\/\/citeelegance.net\/wp-content\/uploads\/2019\/12\/WhatsApp-Image-2019-12-10-at-23.55.29.jpeg\",\"width\":1080,\"height\":810},{\"@type\":\"WebPage\",\"@id\":\"https:\/\/citeelegance.net\/?p=4235#webpage\",\"url\":\"https:\/\/citeelegance.net\/?p=4235\",\"name\":\"Burkina Faso\u00a0: 120 r\u00e9cipiendaires ont re\u00e7u une distinction honorifique \u00e0 Tenkodogo - CITE ELEGANCE\",\"isPartOf\":{\"@id\":\"https:\/\/citeelegance.net\/#website\"},\"primaryImageOfPage\":{\"@id\":\"https:\/\/citeelegance.net\/?p=4235#primaryimage\"},\"datePublished\":\"2019-12-11T09:37:47+00:00\",\"dateModified\":\"2019-12-11T12:13:24+00:00\",\"author\":{\"@id\":\"https:\/\/citeelegance.net\/#\/schema\/person\/e06163d4cd2cfc8a3cfc96dc84443ae4\"},\"breadcrumb\":{\"@id\":\"https:\/\/citeelegance.net\/?p=4235#breadcrumb\"},\"inLanguage\":\"fr-FR\",\"potentialAction\":[{\"@type\":\"ReadAction\",\"target\":[\"https:\/\/citeelegance.net\/?p=4235\"]}]},{\"@type\":\"BreadcrumbList\",\"@id\":\"https:\/\/citeelegance.net\/?p=4235#breadcrumb\",\"itemListElement\":[{\"@type\":\"ListItem\",\"position\":1,\"name\":\"Accueil\",\"item\":\"https:\/\/citeelegance.net\/\"},{\"@type\":\"ListItem\",\"position\":2,\"name\":\"Burkina Faso\u00a0: 120 r\u00e9cipiendaires ont re\u00e7u une distinction honorifique \u00e0 Tenkodogo\"}]},{\"@type\":\"Person\",\"@id\":\"https:\/\/citeelegance.net\/#\/schema\/person\/e06163d4cd2cfc8a3cfc96dc84443ae4\",\"name\":\"Kader\",\"url\":\"https:\/\/citeelegance.net\/?author=3\"}]}<\/script>\n<!-- \/ Yoast SEO plugin. -->","yoast_head_json":{"title":"Burkina Faso\u00a0: 120 r\u00e9cipiendaires ont re\u00e7u une distinction honorifique \u00e0 Tenkodogo - CITE ELEGANCE","robots":{"index":"index","follow":"follow","max-snippet":"max-snippet:-1","max-image-preview":"max-image-preview:large","max-video-preview":"max-video-preview:-1"},"canonical":"https:\/\/citeelegance.net\/?p=4235","og_locale":"fr_FR","og_type":"article","og_title":"Burkina Faso\u00a0: 120 r\u00e9cipiendaires ont re\u00e7u une distinction honorifique \u00e0 Tenkodogo - CITE ELEGANCE","og_description":"Le gouvernement burkinab\u00e8 a reconnu le m\u00e9rite de 120 imp\u00e9trants, \u00e0 l\u2019occasion de la comm\u00e9moration du 59e anniversaire du Burkina Faso, ce mardi 10 d\u00e9cembre 2019 \u00e0 Tenkodogo. Plac\u00e9e sous le th\u00e8me\u00a0\u00ab\u00a0cent ans de la cr\u00e9ation du Burkina Faso\u00a0: Devoir de m\u00e9moire et engagement patriotique en vue de la consolidation de l\u2019Etat-Nation\u00a0\u00bb, la c\u00e9r\u00e9monie de [&hellip;]","og_url":"https:\/\/citeelegance.net\/?p=4235","og_site_name":"CITE ELEGANCE","article_published_time":"2019-12-11T09:37:47+00:00","article_modified_time":"2019-12-11T12:13:24+00:00","og_image":[{"width":1080,"height":810,"url":"https:\/\/citeelegance.net\/wp-content\/uploads\/2019\/12\/WhatsApp-Image-2019-12-10-at-23.55.29.jpeg","type":"image\/jpeg"}],"twitter_misc":{"\u00c9crit par":"Kader","Dur\u00e9e de lecture estim\u00e9e":"2 minutes"},"schema":{"@context":"https:\/\/schema.org","@graph":[{"@type":"WebSite","@id":"https:\/\/citeelegance.net\/#website","url":"https:\/\/citeelegance.net\/","name":"CITE ELEGANCE","description":"","potentialAction":[{"@type":"SearchAction","target":{"@type":"EntryPoint","urlTemplate":"https:\/\/citeelegance.net\/?s={search_term_string}"},"query-input":"required name=search_term_string"}],"inLanguage":"fr-FR"},{"@type":"ImageObject","@id":"https:\/\/citeelegance.net\/?p=4235#primaryimage","inLanguage":"fr-FR","url":"https:\/\/citeelegance.net\/wp-content\/uploads\/2019\/12\/WhatsApp-Image-2019-12-10-at-23.55.29.jpeg","contentUrl":"https:\/\/citeelegance.net\/wp-content\/uploads\/2019\/12\/WhatsApp-Image-2019-12-10-at-23.55.29.jpeg","width":1080,"height":810},{"@type":"WebPage","@id":"https:\/\/citeelegance.net\/?p=4235#webpage","url":"https:\/\/citeelegance.net\/?p=4235","name":"Burkina Faso\u00a0: 120 r\u00e9cipiendaires ont re\u00e7u une distinction honorifique \u00e0 Tenkodogo - CITE ELEGANCE","isPartOf":{"@id":"https:\/\/citeelegance.net\/#website"},"primaryImageOfPage":{"@id":"https:\/\/citeelegance.net\/?p=4235#primaryimage"},"datePublished":"2019-12-11T09:37:47+00:00","dateModified":"2019-12-11T12:13:24+00:00","author":{"@id":"https:\/\/citeelegance.net\/#\/schema\/person\/e06163d4cd2cfc8a3cfc96dc84443ae4"},"breadcrumb":{"@id":"https:\/\/citeelegance.net\/?p=4235#breadcrumb"},"inLanguage":"fr-FR","potentialAction":[{"@type":"ReadAction","target":["https:\/\/citeelegance.net\/?p=4235"]}]},{"@type":"BreadcrumbList","@id":"https:\/\/citeelegance.net\/?p=4235#breadcrumb","itemListElement":[{"@type":"ListItem","position":1,"name":"Accueil","item":"https:\/\/citeelegance.net\/"},{"@type":"ListItem","position":2,"name":"Burkina Faso\u00a0: 120 r\u00e9cipiendaires ont re\u00e7u une distinction honorifique \u00e0 Tenkodogo"}]},{"@type":"Person","@id":"https:\/\/citeelegance.net\/#\/schema\/person\/e06163d4cd2cfc8a3cfc96dc84443ae4","name":"Kader","url":"https:\/\/citeelegance.net\/?author=3"}]}},"_links":{"self":[{"href":"https:\/\/citeelegance.net\/index.php?rest_route=\/wp\/v2\/posts\/4235"}],"collection":[{"href":"https:\/\/citeelegance.net\/index.php?rest_route=\/wp\/v2\/posts"}],"about":[{"href":"https:\/\/citeelegance.net\/index.php?rest_route=\/wp\/v2\/types\/post"}],"author":[{"embeddable":true,"href":"https:\/\/citeelegance.net\/index.php?rest_route=\/wp\/v2\/users\/3"}],"replies":[{"embeddable":true,"href":"https:\/\/citeelegance.net\/index.php?rest_route=%2Fwp%2Fv2%2Fcomments&post=4235"}],"version-history":[{"count":4,"href":"https:\/\/citeelegance.net\/index.php?rest_route=\/wp\/v2\/posts\/4235\/revisions"}],"predecessor-version":[{"id":4243,"href":"https:\/\/citeelegance.net\/index.php?rest_route=\/wp\/v2\/posts\/4235\/revisions\/4243"}],"wp:featuredmedia":[{"embeddable":true,"href":"https:\/\/citeelegance.net\/index.php?rest_route=\/wp\/v2\/media\/4236"}],"wp:attachment":[{"href":"https:\/\/citeelegance.net\/index.php?rest_route=%2Fwp%2Fv2%2Fmedia&parent=4235"}],"wp:term":[{"taxonomy":"category","embeddable":true,"href":"https:\/\/citeelegance.net\/index.php?rest_route=%2Fwp%2Fv2%2Fcategories&post=4235"},{"taxonomy":"post_tag","embeddable":true,"href":"https:\/\/citeelegance.net\/index.php?rest_route=%2Fwp%2Fv2%2Ftags&post=4235"}],"curies":[{"name":"wp","href":"https:\/\/api.w.org\/{rel}","templated":true}]}}