{"id":3885,"date":"2019-11-15T18:21:54","date_gmt":"2019-11-15T17:21:54","guid":{"rendered":"http:\/\/citeelegance.net\/?p=3885"},"modified":"2019-11-20T11:50:48","modified_gmt":"2019-11-20T10:50:48","slug":"burkina-faso-30e-anniversaire-de-la-convention-relative-aux-droits-de-lenfant","status":"publish","type":"post","link":"https:\/\/citeelegance.net\/?p=3885","title":{"rendered":"Burkina Faso\u00a0: 30e anniversaire de la Convention Relative aux Droits de l\u2019Enfant"},"content":{"rendered":"<p><strong>Burkina Faso\u00a0: 30<sup>e<\/sup> anniversaire de la Convention Relative aux Droits de l\u2019EnfantLe minist\u00e8re de la femme, de la solidarit\u00e9 nationale, de la famille et de l\u2019action humanitaire a organis\u00e9 une conf\u00e9rence de presse, ce vendredi 15 novembre 2019 \u00e0 Ouagadougou. Ce point de presse intervient dans le but de la comm\u00e9moration du 30<sup>e<\/sup> anniversaire de la convention relative aux droits de l\u2019enfant.<\/strong><\/p>\n<p>Prot\u00e9ger les enfants contre toutes les formes d\u2019actes d\u00e9shumanisants, telle est la raison qui a pr\u00e9value \u00e0 l\u2019adoption de la convention relative aux droits de l\u2019enfant le 20 novembre 1989. Cela fait d\u00e9j\u00e0 30 ans que la convention a \u00e9t\u00e9 adopt\u00e9e pour assurer la protection de l\u2019enfant. La convention stipule qu&#8217;un enfant est une\u00a0 personne qui a des Droits \u00e0 respecter. Aujourd\u2019hui, la ratification de la convention est certes importante mais n\u2019est pas suffisante pour garantir effectivement les droits qui y sont contenus. Seule une mise en \u0153uvre effective permettra aux enfants de jouir pleinement de leurs Droits.<a href=\"http:\/\/citeelegance.net\/wp-content\/uploads\/2019\/11\/WhatsApp-Image-2019-11-15-at-17.12.24.jpeg\"><img loading=\"lazy\" decoding=\"async\" class=\"size-medium wp-image-3888 alignleft\" src=\"http:\/\/citeelegance.net\/wp-content\/uploads\/2019\/11\/WhatsApp-Image-2019-11-15-at-17.12.24-300x169.jpeg\" alt=\"\" width=\"300\" height=\"169\" srcset=\"https:\/\/citeelegance.net\/wp-content\/uploads\/2019\/11\/WhatsApp-Image-2019-11-15-at-17.12.24-300x169.jpeg 300w, https:\/\/citeelegance.net\/wp-content\/uploads\/2019\/11\/WhatsApp-Image-2019-11-15-at-17.12.24-1024x576.jpeg 1024w, https:\/\/citeelegance.net\/wp-content\/uploads\/2019\/11\/WhatsApp-Image-2019-11-15-at-17.12.24-768x432.jpeg 768w, https:\/\/citeelegance.net\/wp-content\/uploads\/2019\/11\/WhatsApp-Image-2019-11-15-at-17.12.24.jpeg 1052w\" sizes=\"(max-width: 300px) 100vw, 300px\" \/><\/a><\/p>\n<p>En termes de bilan, il y a eu une \u00e9volution majeure, sur le plan juridique plusieurs lois et r\u00e8glements ont \u00e9t\u00e9 adopt\u00e9s conform\u00e9ment \u00e0 l\u2019esprit de la convention relative aux droits de l\u2019enfant. Dans le domaine de l\u2019\u00e9ducation, des mesures sont prises pour la r\u00e9alisation des objectifs de l\u2019\u00e9ducation pour tous. Sur le plan sanitaire, il faut souligner la gratuit\u00e9 des soins de sant\u00e9 des enfants de 0 \u00e0 5ans et des femmes enceintes. Au regard de la persistance du ph\u00e9nom\u00e8ne, le Gouvernement a pris des mesures administratives et juridiques, rentrant dans le cadre de la protection de l\u2019enfant. Il s\u2019agit du retrait des enfants en situation de rue entrepris depuis aout 2018 et la strat\u00e9gie nationale de protection de l\u2019enfant.<\/p>\n<p>Pour Mme La ministre de la femme, Marie H\u00e9l\u00e8ne Laurence Ilboudo, le gouvernement fait des efforts consid\u00e9rables allant dans le sens de la protection de l\u2019enfant conform\u00e9ment \u00e0 la convention, m\u00eame s\u2019il faut encore plus d\u2019effort. Elle ajoute que le Burkina Faso vient d\u2019\u00eatre d\u00e9sign\u00e9 pays pilote pour le programme de protection et de promotion des enfants. \u00ab\u00a0<em>Il est important de dire que quand on fait un enfant c\u2019est pour s\u2019en occuper, ce n\u2019est pas pour le mettre \u00e0 la charge de l\u2019Etat. D\u2019o\u00f9 la n\u00e9cessit\u00e9 d\u2019interpeler les parents sur leurs sens de la responsabilit\u00e9. Quand on sait qu\u2019on ne peut pas faire des enfants, on ne le fait pas. Le r\u00f4le du politique, c\u2019est aider les parents \u00e0 mieux \u00e9duquer les enfants et \u00e0 supporter cette charge<\/em> \u00bb, a laiss\u00e9 entendre Mme la ministre de la femme.<\/p>\n<p><strong>Isma\u00ebl KIEKIETA<\/strong><\/p>\n<aside class=\"mashsb-container mashsb-main mashsb-stretched\"><div class=\"mashsb-box\"><div class=\"mashsb-buttons\"><a class=\"mashicon-facebook mash-small mash-center mashsb-noshadow\" href=\"https:\/\/www.facebook.com\/sharer.php?u=https%3A%2F%2Fciteelegance.net%2F%3Fp%3D3885\" target=\"_top\" rel=\"nofollow\"><span class=\"icon\"><\/span><span class=\"text\">Partagez<\/span><\/a><a class=\"mashicon-twitter mash-small mash-center mashsb-noshadow\" href=\"https:\/\/twitter.com\/intent\/tweet?text=&url=https:\/\/citeelegance.net\/?p=3885\" target=\"_top\" rel=\"nofollow\"><span class=\"icon\"><\/span><span class=\"text\">Tweet<\/span><\/a><div class=\"onoffswitch2 mash-small mashsb-noshadow\" style=\"display:none;\"><\/div><\/div>\n            <\/div>\n                <div style=\"clear:both;\"><\/div><\/aside>\n            <!-- Share buttons by mashshare.net - Version: 3.8.0--><div class=\"pdf24Plugin-cp\"> \t<form name=\"pdf24Form0\" method=\"post\" action=\"https:\/\/doc2pdf.pdf24.org\/wordpress.php\" target=\"pdf24PopWin\" onsubmit=\"var pdf24Win = window.open('about:blank', 'pdf24PopWin', 'resizable=yes,scrollbars=yes,width=600,height=250,left='+(screen.width\/2-300)+',top='+(screen.height\/3-125)+''); pdf24Win.focus(); if(typeof pdf24OnCreatePDF === 'function'){void(pdf24OnCreatePDF(this,pdf24Win));}\"> \t\t<input type=\"hidden\" name=\"blogCharset\" value=\"Cw1x07UAAA==\" \/><input type=\"hidden\" name=\"blogPosts\" value=\"MwQA\" \/><input type=\"hidden\" name=\"blogUrl\" value=\"yygpKSi20tdPzixJTc1JTU\/MS07Vy0stAQA=\" \/><input type=\"hidden\" name=\"blogName\" value=\"c\/YMcVVw9XF1d\/RzdgUA\" \/><input type=\"hidden\" name=\"blogValueEncoding\" value=\"gzdeflate base64\" \/><input type=\"hidden\" name=\"postId_0\" value=\"M7awMAUA\" \/><input type=\"hidden\" name=\"postTitle_0\" value=\"cyotys7MS1RwSyzOP7TASsHYIFUhMS8vsyy1qDgxsyhVISVVISdRwTk\/ryw1ryQzP08hKDUnsQQor5BYWqHgUpSfWVIMVvSoYaZrXlpiXgkA\" \/><input type=\"hidden\" name=\"postLink_0\" value=\"yygpKSi20tdPzixJTc1JTU\/MS07Vy0st0bcvsDW2sDAFAA==\" \/><input type=\"hidden\" name=\"postAuthor_0\" value=\"805MSS0CAA==\" \/><input type=\"hidden\" name=\"postDateTime_0\" value=\"MzIwtNQ1NNQ1NFUwtLAyNLQyNQEA\" \/><input type=\"hidden\" name=\"postContent_0\" value=\"tVfLbhzHFd37K24mkOEA86YoUfIMBcWiEiI24sRGsgxquqtniq6uataDD63yD1llp6XG3mYTZMdGfiRfknOruodDmgriIBQITXe97rmn7uP0ojle+OCsWR\/\/MrrvlBH0Vnh78\/4lHUwXPjbHcjHhHxLGqAvpvFBOUilJC\/rCmgtpgrKGfi+1CJgnEa\/ojbMq+LToX3\/+64mphAlfSqqVUT60H3b7K1nXcti9eKtVKZwK7ZaM4EOF3k1WolZaS5KhP1UUye4m1sKokEAJsm6NN48TopFUWFO1WydNkQw2TnqPE\/EG1KWTpaLZIRl7IesVts+nsxfUvqffRrEWpY1rG8f0BfZZZcLtAYQ36S6U5EFhPAHWKoYOaGHrut3W1iUPqIz\/BY3FLY1un8byDo0y0TjGMfm6FpPm+JNFc\/y1s6BsLR2AeMqrPJ8ZYCDYGKRPM5V1NX7KzB0\/tVuf6fO8ZUhBJop9YFBOKA9A51GB18a12wuho2R+EvulbbKDP9kD5ms+vaV99uLoBfOcblkFhnUGKwdTYnLP430Dgtotx0iC0G75fqIj4X10zAGDtUEWO3S31NGXdw7yQTURYM7jpz8\/ms+efx5NR1\/iABF0854aXJU1RnZElOCti25gRDw0sCTdmF7HM8BgcjdRDTOBQVWqEA\/TxBYK6fgeVN1YF2AWGQLSyTBiTDfCk49Vla6nc3MtHF6UI1lV7CM4lIlS33PNOK+RTBjlGJAm+jF9I9lRzolaIYKloX\/+JV6A\/N0x7GgtQ3AiXVwfRsANv2Cv0VKZbIx9kdH1RIwXgjZOVsvBJoTm5WRSqCCllsjEQo6NDJPLZpShhElstBWln3CuTWazyR83IvjXTTM6rcVajnh4NJuNZocjEUaz5+PZfDx\/Oj5r5HpwvFD1mni7MuvlQIt31wNgKWx+F\/7aFAMqNCJhOfDqnRzVyPBYE8yrdPrB0dERCa3WRssqDMi74vFAjw6m06vZsxcZPMyG5WBAl6oMm+UAcwPaSLXeYBSLEhYvQ4bjHx0Psmt6OaTHMzabzp9eHT5\/lq3x26Oae\/7s6OrpwTxbw8tjGutdOpxf4toQZwi3z2pxNUp3y21z2lz9AgumF4CR3gY0QbkWu5J9YlBrczVG71BamCEpjbQVJGNKU5Rbq2OqFLU4Q7ahb6HAce1ssJzOolOl4uLY6OhVSkdtUTzQIF37Ya1TqnriMnCnXKbOwK0ATYqTuavnKGROhf+lH9GbrgeWFtXLyH663ZYxF79hqprwFl74XJlgzOM5lTQule0Waen7UgnYqzMuS5X\/8Wl5E\/oal7U9RnwvAxKVlUBH9jZysueusEY9jklclAmFMulwrq3d2F7NmzIvh+xYEhw+KxVeUkhu\/54LPshBOS470rhRQN2IJDYiNZt2a2zdfjAABIy\/shFdv6ugIhFwhxZRZnXkEt3J7u6O0ZohYgJX\/p3iKES50w8fb3inmjx36zXfLQPGISrc8Ra9wKsQd23KRe4P0A4dxCbiR0BGsD46Ylys1RgnRIeSt1ItK6SPINmJFb68r2rJrbhz+J4Y\/AoSUNKv261m7rAuZgF3qlc2ljaRud4ns9p5VCGus\/TxCirCiRX3RaH1PnFe5ov\/D7w9kCL7STGkuv0eLjCzfagBonU5GZPCyljGdMKKSpyxCstSRtK+zKZORnKEf5+oQIYiZBGRjbhGgiht+9avE70IY9B0j2vZyVNb210Kdfc7ppsfbt4vZH2MWGBVsVMbvKVkEcq4zqMwJapFZvNWCBW9FmEEPjFEtigioj0J6X2t0qNMMkL2tG2EW++KwkkQXDHwZNu\/8zQ8LSCqc14yn6ytG9TrrGYb4VIZy6WPi9ze9bH6wlULFFDeP6bf9U54duI8shlDhrVNzBCrTnXv6BlSXgHYyXMsgkxEFrR\/0zmP8VUSOAmHOy6EKu\/Bg6s1avAVcZnC2rtSXKYQgvhn4jFXgB\/ZEbOY4Gbo5h9D1AQN8cefLpKbE2c354l+OE92CdV\/vJ36WrQ\/aPrN6Qn+vn197zNBICNkL45q4Td+lbogV2xH3QDX7\/6ZDYZiI0vorlJd3Nu6slcPj8cQcCWYE\/szCqZGlSjkytrvkoUR4GqdHwt2eAfCWL9Br0JvvRWV3McvLy\/H\/RFjfGVNsAyCf9xsmldxmVY9OXj9ZP4Wf\/d7Po8evG2eHLyBBDwcUGDqIbb+FGwz4B63HBhbWa1hFow2aCcdekaOoQmP3Z0J8ioMjr8WyKW1fNev4Cb\/Y9fDpQq9iz\/d8253clpl4RIupQyvGMLy0+j08qNi51Wz\/H+7\/C3b3vd3Lwwszqw88Bab+X1v73jow7WWy0GpPJr39UtjjfycjeKs7v9PaO\/fA0NpmE13RxVaCvdyZcNm76AU9veO+tloRN9w7FAXrbS6zgB5kFmjEf2Bu7k1UHPjo\/F0NDr+Nw==\" \/> \t\t<a href=\"https:\/\/www.pdf24.org\" target=\"_blank\" title=\"www.pdf24.org\" rel=\"nofollow\"><img src=\"https:\/\/citeelegance.net\/wp-content\/plugins\/pdf24-posts-to-pdf\/img\/pdf_32x32.png\" alt=\"\" border=\"0\" height=\"32\" \/><\/a> \t\t<span class=\"pdf24Plugin-cp-space\">&nbsp;&nbsp;<\/span> \t\t<span class=\"pdf24Plugin-cp-text\">Send article as PDF<\/span> \t\t<span class=\"pdf24Plugin-cp-space\">&nbsp;&nbsp;<\/span> \t\t<input class=\"pdf24Plugin-cp-input\" style=\"margin: 0px;\" type=\"text\" name=\"sendEmailTo\" placeholder=\"Enter email address\" \/> \t\t<input class=\"pdf24Plugin-cp-submit\" style=\"margin: 0px;\" type=\"submit\" value=\"Send\" \/> \t<\/form> <\/div>","protected":false},"excerpt":{"rendered":"<p>Burkina Faso\u00a0: 30e anniversaire de la Convention Relative aux Droits de l\u2019EnfantLe minist\u00e8re de la femme, de la solidarit\u00e9 nationale, de la famille et de l\u2019action humanitaire a organis\u00e9 une conf\u00e9rence de presse, ce vendredi 15 novembre 2019 \u00e0 Ouagadougou. Ce point de presse intervient dans le but de la comm\u00e9moration du 30e anniversaire de [&hellip;]<\/p>\n","protected":false},"author":3,"featured_media":3886,"comment_status":"open","ping_status":"closed","sticky":false,"template":"","format":"standard","meta":{"footnotes":""},"categories":[2,16],"tags":[],"yoast_head":"<!-- This site is optimized with the Yoast SEO plugin v18.1 - https:\/\/yoast.com\/wordpress\/plugins\/seo\/ -->\n<title>Burkina Faso\u00a0: 30e anniversaire de la Convention Relative aux Droits de l\u2019Enfant - CITE ELEGANCE<\/title>\n<meta name=\"robots\" content=\"index, follow, max-snippet:-1, max-image-preview:large, max-video-preview:-1\" \/>\n<link rel=\"canonical\" href=\"https:\/\/citeelegance.net\/?p=3885\" \/>\n<meta property=\"og:locale\" content=\"fr_FR\" \/>\n<meta property=\"og:type\" content=\"article\" \/>\n<meta property=\"og:title\" content=\"Burkina Faso\u00a0: 30e anniversaire de la Convention Relative aux Droits de l\u2019Enfant - CITE ELEGANCE\" \/>\n<meta property=\"og:description\" content=\"Burkina Faso\u00a0: 30e anniversaire de la Convention Relative aux Droits de l\u2019EnfantLe minist\u00e8re de la femme, de la solidarit\u00e9 nationale, de la famille et de l\u2019action humanitaire a organis\u00e9 une conf\u00e9rence de presse, ce vendredi 15 novembre 2019 \u00e0 Ouagadougou. Ce point de presse intervient dans le but de la comm\u00e9moration du 30e anniversaire de [&hellip;]\" \/>\n<meta property=\"og:url\" content=\"https:\/\/citeelegance.net\/?p=3885\" \/>\n<meta property=\"og:site_name\" content=\"CITE ELEGANCE\" \/>\n<meta property=\"article:published_time\" content=\"2019-11-15T17:21:54+00:00\" \/>\n<meta property=\"article:modified_time\" content=\"2019-11-20T10:50:48+00:00\" \/>\n<meta property=\"og:image\" content=\"https:\/\/citeelegance.net\/wp-content\/uploads\/2019\/11\/WhatsApp-Image-2019-11-15-at-17.11.12.jpeg\" \/>\n\t<meta property=\"og:image:width\" content=\"1052\" \/>\n\t<meta property=\"og:image:height\" content=\"592\" \/>\n\t<meta property=\"og:image:type\" content=\"image\/jpeg\" \/>\n<meta name=\"twitter:label1\" content=\"\u00c9crit par\" \/>\n\t<meta name=\"twitter:data1\" content=\"Kader\" \/>\n\t<meta name=\"twitter:label2\" content=\"Dur\u00e9e de lecture estim\u00e9e\" \/>\n\t<meta name=\"twitter:data2\" content=\"2 minutes\" \/>\n<script type=\"application\/ld+json\" class=\"yoast-schema-graph\">{\"@context\":\"https:\/\/schema.org\",\"@graph\":[{\"@type\":\"WebSite\",\"@id\":\"https:\/\/citeelegance.net\/#website\",\"url\":\"https:\/\/citeelegance.net\/\",\"name\":\"CITE ELEGANCE\",\"description\":\"\",\"potentialAction\":[{\"@type\":\"SearchAction\",\"target\":{\"@type\":\"EntryPoint\",\"urlTemplate\":\"https:\/\/citeelegance.net\/?s={search_term_string}\"},\"query-input\":\"required name=search_term_string\"}],\"inLanguage\":\"fr-FR\"},{\"@type\":\"ImageObject\",\"@id\":\"https:\/\/citeelegance.net\/?p=3885#primaryimage\",\"inLanguage\":\"fr-FR\",\"url\":\"https:\/\/citeelegance.net\/wp-content\/uploads\/2019\/11\/WhatsApp-Image-2019-11-15-at-17.11.12.jpeg\",\"contentUrl\":\"https:\/\/citeelegance.net\/wp-content\/uploads\/2019\/11\/WhatsApp-Image-2019-11-15-at-17.11.12.jpeg\",\"width\":1052,\"height\":592},{\"@type\":\"WebPage\",\"@id\":\"https:\/\/citeelegance.net\/?p=3885#webpage\",\"url\":\"https:\/\/citeelegance.net\/?p=3885\",\"name\":\"Burkina Faso\u00a0: 30e anniversaire de la Convention Relative aux Droits de l\u2019Enfant - CITE ELEGANCE\",\"isPartOf\":{\"@id\":\"https:\/\/citeelegance.net\/#website\"},\"primaryImageOfPage\":{\"@id\":\"https:\/\/citeelegance.net\/?p=3885#primaryimage\"},\"datePublished\":\"2019-11-15T17:21:54+00:00\",\"dateModified\":\"2019-11-20T10:50:48+00:00\",\"author\":{\"@id\":\"https:\/\/citeelegance.net\/#\/schema\/person\/e06163d4cd2cfc8a3cfc96dc84443ae4\"},\"breadcrumb\":{\"@id\":\"https:\/\/citeelegance.net\/?p=3885#breadcrumb\"},\"inLanguage\":\"fr-FR\",\"potentialAction\":[{\"@type\":\"ReadAction\",\"target\":[\"https:\/\/citeelegance.net\/?p=3885\"]}]},{\"@type\":\"BreadcrumbList\",\"@id\":\"https:\/\/citeelegance.net\/?p=3885#breadcrumb\",\"itemListElement\":[{\"@type\":\"ListItem\",\"position\":1,\"name\":\"Accueil\",\"item\":\"https:\/\/citeelegance.net\/\"},{\"@type\":\"ListItem\",\"position\":2,\"name\":\"Burkina Faso\u00a0: 30e anniversaire de la Convention Relative aux Droits de l\u2019Enfant\"}]},{\"@type\":\"Person\",\"@id\":\"https:\/\/citeelegance.net\/#\/schema\/person\/e06163d4cd2cfc8a3cfc96dc84443ae4\",\"name\":\"Kader\",\"url\":\"https:\/\/citeelegance.net\/?author=3\"}]}<\/script>\n<!-- \/ Yoast SEO plugin. -->","yoast_head_json":{"title":"Burkina Faso\u00a0: 30e anniversaire de la Convention Relative aux Droits de l\u2019Enfant - CITE ELEGANCE","robots":{"index":"index","follow":"follow","max-snippet":"max-snippet:-1","max-image-preview":"max-image-preview:large","max-video-preview":"max-video-preview:-1"},"canonical":"https:\/\/citeelegance.net\/?p=3885","og_locale":"fr_FR","og_type":"article","og_title":"Burkina Faso\u00a0: 30e anniversaire de la Convention Relative aux Droits de l\u2019Enfant - CITE ELEGANCE","og_description":"Burkina Faso\u00a0: 30e anniversaire de la Convention Relative aux Droits de l\u2019EnfantLe minist\u00e8re de la femme, de la solidarit\u00e9 nationale, de la famille et de l\u2019action humanitaire a organis\u00e9 une conf\u00e9rence de presse, ce vendredi 15 novembre 2019 \u00e0 Ouagadougou. Ce point de presse intervient dans le but de la comm\u00e9moration du 30e anniversaire de [&hellip;]","og_url":"https:\/\/citeelegance.net\/?p=3885","og_site_name":"CITE ELEGANCE","article_published_time":"2019-11-15T17:21:54+00:00","article_modified_time":"2019-11-20T10:50:48+00:00","og_image":[{"width":1052,"height":592,"url":"https:\/\/citeelegance.net\/wp-content\/uploads\/2019\/11\/WhatsApp-Image-2019-11-15-at-17.11.12.jpeg","type":"image\/jpeg"}],"twitter_misc":{"\u00c9crit par":"Kader","Dur\u00e9e de lecture estim\u00e9e":"2 minutes"},"schema":{"@context":"https:\/\/schema.org","@graph":[{"@type":"WebSite","@id":"https:\/\/citeelegance.net\/#website","url":"https:\/\/citeelegance.net\/","name":"CITE ELEGANCE","description":"","potentialAction":[{"@type":"SearchAction","target":{"@type":"EntryPoint","urlTemplate":"https:\/\/citeelegance.net\/?s={search_term_string}"},"query-input":"required name=search_term_string"}],"inLanguage":"fr-FR"},{"@type":"ImageObject","@id":"https:\/\/citeelegance.net\/?p=3885#primaryimage","inLanguage":"fr-FR","url":"https:\/\/citeelegance.net\/wp-content\/uploads\/2019\/11\/WhatsApp-Image-2019-11-15-at-17.11.12.jpeg","contentUrl":"https:\/\/citeelegance.net\/wp-content\/uploads\/2019\/11\/WhatsApp-Image-2019-11-15-at-17.11.12.jpeg","width":1052,"height":592},{"@type":"WebPage","@id":"https:\/\/citeelegance.net\/?p=3885#webpage","url":"https:\/\/citeelegance.net\/?p=3885","name":"Burkina Faso\u00a0: 30e anniversaire de la Convention Relative aux Droits de l\u2019Enfant - CITE ELEGANCE","isPartOf":{"@id":"https:\/\/citeelegance.net\/#website"},"primaryImageOfPage":{"@id":"https:\/\/citeelegance.net\/?p=3885#primaryimage"},"datePublished":"2019-11-15T17:21:54+00:00","dateModified":"2019-11-20T10:50:48+00:00","author":{"@id":"https:\/\/citeelegance.net\/#\/schema\/person\/e06163d4cd2cfc8a3cfc96dc84443ae4"},"breadcrumb":{"@id":"https:\/\/citeelegance.net\/?p=3885#breadcrumb"},"inLanguage":"fr-FR","potentialAction":[{"@type":"ReadAction","target":["https:\/\/citeelegance.net\/?p=3885"]}]},{"@type":"BreadcrumbList","@id":"https:\/\/citeelegance.net\/?p=3885#breadcrumb","itemListElement":[{"@type":"ListItem","position":1,"name":"Accueil","item":"https:\/\/citeelegance.net\/"},{"@type":"ListItem","position":2,"name":"Burkina Faso\u00a0: 30e anniversaire de la Convention Relative aux Droits de l\u2019Enfant"}]},{"@type":"Person","@id":"https:\/\/citeelegance.net\/#\/schema\/person\/e06163d4cd2cfc8a3cfc96dc84443ae4","name":"Kader","url":"https:\/\/citeelegance.net\/?author=3"}]}},"_links":{"self":[{"href":"https:\/\/citeelegance.net\/index.php?rest_route=\/wp\/v2\/posts\/3885"}],"collection":[{"href":"https:\/\/citeelegance.net\/index.php?rest_route=\/wp\/v2\/posts"}],"about":[{"href":"https:\/\/citeelegance.net\/index.php?rest_route=\/wp\/v2\/types\/post"}],"author":[{"embeddable":true,"href":"https:\/\/citeelegance.net\/index.php?rest_route=\/wp\/v2\/users\/3"}],"replies":[{"embeddable":true,"href":"https:\/\/citeelegance.net\/index.php?rest_route=%2Fwp%2Fv2%2Fcomments&post=3885"}],"version-history":[{"count":7,"href":"https:\/\/citeelegance.net\/index.php?rest_route=\/wp\/v2\/posts\/3885\/revisions"}],"predecessor-version":[{"id":3926,"href":"https:\/\/citeelegance.net\/index.php?rest_route=\/wp\/v2\/posts\/3885\/revisions\/3926"}],"wp:featuredmedia":[{"embeddable":true,"href":"https:\/\/citeelegance.net\/index.php?rest_route=\/wp\/v2\/media\/3886"}],"wp:attachment":[{"href":"https:\/\/citeelegance.net\/index.php?rest_route=%2Fwp%2Fv2%2Fmedia&parent=3885"}],"wp:term":[{"taxonomy":"category","embeddable":true,"href":"https:\/\/citeelegance.net\/index.php?rest_route=%2Fwp%2Fv2%2Fcategories&post=3885"},{"taxonomy":"post_tag","embeddable":true,"href":"https:\/\/citeelegance.net\/index.php?rest_route=%2Fwp%2Fv2%2Ftags&post=3885"}],"curies":[{"name":"wp","href":"https:\/\/api.w.org\/{rel}","templated":true}]}}