{"id":3874,"date":"2019-11-15T17:18:09","date_gmt":"2019-11-15T16:18:09","guid":{"rendered":"http:\/\/citeelegance.net\/?p=3874"},"modified":"2019-11-15T17:58:55","modified_gmt":"2019-11-15T16:58:55","slug":"exposition-doeuvre-dart-a-luniversite-joseph-ki-zerbo-cest-une-occasion-pour-echanger-avec-les-etudiants-et-de-susciter-des-vocations","status":"publish","type":"post","link":"https:\/\/citeelegance.net\/?p=3874","title":{"rendered":"Exposition d\u2019\u0153uvre d\u2019art \u00e0 l\u2019universit\u00e9 Joseph Ki Zerbo\u00a0: \u00ab\u00a0C\u2019est une occasion pour \u00e9changer avec les \u00e9tudiants et de susciter des vocations\u00a0\u00bb. Dixit l\u2019artiste plasticien Kader BOLY"},"content":{"rendered":"<p><strong>Une association d\u2019artistes peintres et sculpteurs organise une exposition peinture-sculpture \u00e0 l\u2019universit\u00e9 Joseph Ki Zerbo du 11 au 30 novembre 2019. Cette exposition, plac\u00e9e sous le th\u00e8me \u00ab\u00a0Se remettre en cause\u00a0\u00bb, intervient dans le but d\u2019\u00e9changer et de rapprocher l\u2019\u0153uvre d\u2019art des \u00e9tudiants. Cinq artistes ont mis en \u0153uvre ce projet. Il s\u2019agit de Kader Boly, Boubakary Konsiembo, Rabi Sanfo, Harouna Ouedraogo et Issiaka Savadogo.<\/strong><\/p>\n<p>Mettre l\u2019art au service des \u00e9tudiants, tel est l\u2019objectif que se sont fix\u00e9s Kader Boly et son groupe. L\u2019art, qu\u2019on le contemple ou le produise, peut \u00eatre b\u00e9n\u00e9fique et il apporte un soutien \u00e0 l\u2019homme dans des moments difficiles bien qu\u2019il soit con\u00e7u pour le commerce. Il est important d\u2019\u00e9duquer les \u00e9tudiants sur les services de l\u2019art. Cette initiative d\u2019exposition \u00e0 l\u2019universit\u00e9 est la preuve que l\u2019art est universel. Dans la plupart des cultures, les arts font partie int\u00e9grante de la vie\u00a0: fonction, cr\u00e9ation et apprentissages sont li\u00e9s. L\u2019art est omnipr\u00e9sent dans la vie quotidienne de l\u2019homme. Les arts v\u00e9hiculent de fa\u00e7on formelle ou informelle le savoir, mais aussi des m\u00e9thodes d\u2019\u00e9ducation.<a href=\"http:\/\/citeelegance.net\/wp-content\/uploads\/2019\/11\/ART.jpg\"><img loading=\"lazy\" decoding=\"async\" class=\"size-medium wp-image-3879 alignleft\" src=\"http:\/\/citeelegance.net\/wp-content\/uploads\/2019\/11\/ART-267x300.jpg\" alt=\"\" width=\"267\" height=\"300\" srcset=\"https:\/\/citeelegance.net\/wp-content\/uploads\/2019\/11\/ART-267x300.jpg 267w, https:\/\/citeelegance.net\/wp-content\/uploads\/2019\/11\/ART.jpg 415w\" sizes=\"(max-width: 267px) 100vw, 267px\" \/><\/a><\/p>\n<p>Pour l\u2019artiste plasticien, M. BOLY Kader, les gens ne sont pas \u00e9duqu\u00e9s en art et cette activit\u00e9 intervient pour se faire connaitre et appr\u00e9cier par le public burkinab\u00e8. Il ajoute que les artistes qui ont choisis d\u2019exposer \u00e0 l\u2019universit\u00e9, sont connus \u00e0 l\u2019ext\u00e9rieur du Burkina et c\u2019est l\u2019occasion d\u2019agir pour le public burkinab\u00e8.<a href=\"http:\/\/citeelegance.net\/wp-content\/uploads\/2019\/11\/WhatsApp-Image-2019-11-15-at-15.48.03.jpeg\"><img loading=\"lazy\" decoding=\"async\" class=\"size-medium wp-image-3880 alignright\" src=\"http:\/\/citeelegance.net\/wp-content\/uploads\/2019\/11\/WhatsApp-Image-2019-11-15-at-15.48.03-300x169.jpeg\" alt=\"\" width=\"300\" height=\"169\" srcset=\"https:\/\/citeelegance.net\/wp-content\/uploads\/2019\/11\/WhatsApp-Image-2019-11-15-at-15.48.03-300x169.jpeg 300w, https:\/\/citeelegance.net\/wp-content\/uploads\/2019\/11\/WhatsApp-Image-2019-11-15-at-15.48.03-1024x576.jpeg 1024w, https:\/\/citeelegance.net\/wp-content\/uploads\/2019\/11\/WhatsApp-Image-2019-11-15-at-15.48.03-768x432.jpeg 768w, https:\/\/citeelegance.net\/wp-content\/uploads\/2019\/11\/WhatsApp-Image-2019-11-15-at-15.48.03.jpeg 1052w\" sizes=\"(max-width: 300px) 100vw, 300px\" \/><\/a> Il insiste que la base de l\u2019art c\u2019est de l\u2019innovation et pour se faire distinguer. Il peint sur des toiles fait \u00e0 base de Faso Dan-Fani. \u00ab\u00a0L\u2019universit\u00e9 Joseph Ki Zerbo est la mieux indiqu\u00e9e pour faire une exposition parce que c\u2019est ici que les futurs dirigeants du pays sortent. C\u2019est une occasion pour \u00e9changer avec les \u00e9tudiants et susciter des vocations. Il s\u2019agit pour nous d\u2019agir diff\u00e9remment pour faire vivre l\u2019art parce que c\u2019est un secteur lucratif et qui repr\u00e9sente le Burkina valablement \u00bb, a laiss\u00e9 entendre l\u2019Artiste.<\/p>\n<p><a href=\"http:\/\/citeelegance.net\/wp-content\/uploads\/2019\/11\/WhatsApp-Image-2019-11-15-at-15.47.28-1.jpeg\"><img loading=\"lazy\" decoding=\"async\" class=\" wp-image-3882 alignright\" src=\"http:\/\/citeelegance.net\/wp-content\/uploads\/2019\/11\/WhatsApp-Image-2019-11-15-at-15.47.28-1-169x300.jpeg\" alt=\"\" width=\"107\" height=\"190\" srcset=\"https:\/\/citeelegance.net\/wp-content\/uploads\/2019\/11\/WhatsApp-Image-2019-11-15-at-15.47.28-1-169x300.jpeg 169w, https:\/\/citeelegance.net\/wp-content\/uploads\/2019\/11\/WhatsApp-Image-2019-11-15-at-15.47.28-1-576x1024.jpeg 576w, https:\/\/citeelegance.net\/wp-content\/uploads\/2019\/11\/WhatsApp-Image-2019-11-15-at-15.47.28-1.jpeg 592w\" sizes=\"(max-width: 107px) 100vw, 107px\" \/><\/a>A cet atelier, il y a de la peinture, de la sculpture et de la poterie qui sont fait \u00e0 partir des mati\u00e8res premi\u00e8res made in Burkina. Il s\u2019agit de mettre au service de l\u2019art, les \u00e9l\u00e9ments de base qu\u2019un artiste peut avoir \u00e0 sa disposition.<\/p>\n<p>Du reste, M. BOLY Kader invite tous les amoureux de l\u2019art et les \u00e9tudiants au vernissage pr\u00e9vu pour le vendredi 22 novembre prochain.<\/p>\n<p>&nbsp;<\/p>\n<p>&nbsp;<\/p>\n<p><strong>Isma\u00ebl KIEKIETA<\/strong><\/p>\n<p>&nbsp;<\/p>\n<p>&nbsp;<\/p>\n<p>&nbsp;<\/p>\n<aside class=\"mashsb-container mashsb-main mashsb-stretched\"><div class=\"mashsb-box\"><div class=\"mashsb-buttons\"><a class=\"mashicon-facebook mash-small mash-center mashsb-noshadow\" href=\"https:\/\/www.facebook.com\/sharer.php?u=https%3A%2F%2Fciteelegance.net%2F%3Fp%3D3874\" target=\"_top\" rel=\"nofollow\"><span class=\"icon\"><\/span><span class=\"text\">Partagez<\/span><\/a><a class=\"mashicon-twitter mash-small mash-center mashsb-noshadow\" href=\"https:\/\/twitter.com\/intent\/tweet?text=&url=https:\/\/citeelegance.net\/?p=3874\" target=\"_top\" rel=\"nofollow\"><span class=\"icon\"><\/span><span class=\"text\">Tweet<\/span><\/a><div class=\"onoffswitch2 mash-small mashsb-noshadow\" style=\"display:none;\"><\/div><\/div>\n            <\/div>\n                <div style=\"clear:both;\"><\/div><\/aside>\n            <!-- Share buttons by mashshare.net - Version: 3.8.0--><div class=\"pdf24Plugin-cp\"> \t<form name=\"pdf24Form0\" method=\"post\" action=\"https:\/\/doc2pdf.pdf24.org\/wordpress.php\" target=\"pdf24PopWin\" onsubmit=\"var pdf24Win = window.open('about:blank', 'pdf24PopWin', 'resizable=yes,scrollbars=yes,width=600,height=250,left='+(screen.width\/2-300)+',top='+(screen.height\/3-125)+''); pdf24Win.focus(); if(typeof pdf24OnCreatePDF === 'function'){void(pdf24OnCreatePDF(this,pdf24Win));}\"> \t\t<input type=\"hidden\" name=\"blogCharset\" value=\"Cw1x07UAAA==\" \/><input type=\"hidden\" name=\"blogPosts\" value=\"MwQA\" \/><input type=\"hidden\" name=\"blogUrl\" value=\"yygpKSi20tdPzixJTc1JTU\/MS07Vy0stAQA=\" \/><input type=\"hidden\" name=\"blogName\" value=\"c\/YMcVVw9XF1d\/RzdgUA\" \/><input type=\"hidden\" name=\"blogValueEncoding\" value=\"gzdeflate base64\" \/><input type=\"hidden\" name=\"postId_0\" value=\"M7YwNwEA\" \/><input type=\"hidden\" name=\"postTitle_0\" value=\"HY47DsIwEESvMifgAJR8GoJEDZ2xV2SlyI6864iSO1DRuY04Ap0jLsJJcNKNdt6O3v7eB2Hl4OF+j9f3mYZISzRRMWV0NSbPA8WKTSMOQahv0TAuFK+h5DXKu+RtxUgUyROCtUbmxT6kiGm0rfE3ijADWXQk9aTJsfEqIIUjSBLLWhFX2yFYMwtJyeWzwo7vrItGNWJRQt8ZUbZMHo1x9WtzOp7\/\" \/><input type=\"hidden\" name=\"postLink_0\" value=\"yygpKSi20tdPzixJTc1JTU\/MS07Vy0st0bcvsDW2MDcBAA==\" \/><input type=\"hidden\" name=\"postAuthor_0\" value=\"805MSS0CAA==\" \/><input type=\"hidden\" name=\"postDateTime_0\" value=\"MzIwtNQ1NNQ1NFUwNLcyNLQysAQA\" \/><input type=\"hidden\" name=\"postContent_0\" value=\"vVjNkhu3Eb77KTqskiup4vBvV9ofL1e1iqLKRnLZZSlJJZcUOANyIM0AowFmSOrkd\/ApN90sxo\/g27L8In4Sfw3MkFzuOrFX3myxtgYYoPvrRveH7jkrzs+sK42enf9VSxLWmlgJp4ym5Mev\/y1Kp6yTlgqptCvxIB3ZuMoKJ6vSkilnQisrqcJmuSiMVX6vX16VMgpr8UTr95RBYqVVLUssW6\/oL8bKIqXniv4py4mhpKLhkERFBwPSppb5BPtGg+FJj\/4ondvV0KUiE\/F6JcmaylImyaXrD7mkq++u3r+UVMocO7BdaopFZeXV+6vvuwRUsqyV1I4Sof2+SeW8qetVnAo9kyWbmECCKIrSxCkmGPcP31Q1xDVOwQJL65WrEiW0s8Cn9FvaeMtAfq4sK2\/2xZIg7bV0PbrMyLKUmfJ6nosEKp6YbNnF\/2oi3ohySc+NtgoOMF36SkwUvRR6iuc\/i9JUWtAXlUxKYWaGwV5aq7ALa2qRYK531m+O9KxfnH9yVpx\/HnyRNeDhYctuAKjrdnTJyYykdX6pmbyWsVNTelvBzexpmDVVi\/XK7qD2EYEjnwFZIXv0IijpYhfL0OzjGDtlXuDJVDyGK5IKYYNTlHD\/+j+MbrJe6fVqqlgbZKqMcAKmdBxcfMoOx9ZGUWpynLU\/QrYgNzmOFM9qOlWxyjA14dUeAgRZA18DxPrbigpTlQETRJSx9AfCJquctQndhkNSAQkv3fUQ2SpMNQ5k\/a1f2yhVGiGKHKpDuOykxS054J0t4BFZYT3b3p4Sv2lWyqxHT328YmVWFW0EIrk4t3BuDAmzlqZ8SLxAMRBomJXALT1MQQj9q\/envCgOWRSX61VId7icIx5+VNaKGZvIojKF496cqgdlcq0K7LPbNPKSgd44lcDxWrZu8QeF7S28er1KFWD7rZKmYv0tdE9NmcsshIfSmxF+VtRGlV3KBdIJeWxVOHCcSGr4qT2r2FvROxOUlnI67qTOFaf9fqyclJkES+GktXT9eRH5aNSuXxWZEYntM8P0h8P+xVeveq+LWef8TOUz4ndKz8adTLxbdqA1NmEs7FLHHYozkOW4Y9U7GeUyUVVOkK1yuC46OD46IZGpmc7k1HXIlvFdEUWjR0eLg8HAI4NMN+50aK4Sl447eNWhVKpZilms8YqsdEGX\/ThlhOd5l+4oyUs4HD6cAxM8BEf9PheLyAM\/ZdHF4g80HAxqqPCjDvVBV2JDWV\/6NN1eQcz31iG5JaL28x49+eLFPwILheCfScShbkiqEJyznMDMVSACH7qgAJ+fArFf++TbuQ48LViOSFV6wtJC+fsjpAVuBwUyQGJ5\/qommYpxdZRvlBaT9QdPIuI1SKrJ4RDv4TZ4Wyl\/I8SpUVbZLSlA4E1G6AYTGAEutua9XOBNqXDn8iX5JOj1FvHLlq\/jWNjNzT1T5YbrbuL9mDz5eyqcvSiK6NIHO09Hw2E0fBgJh\/+9w+Pe4AABIH+bVDoehFQqOc7vnku\/CHWE4F8MH50E9Hvp5jOsTTcs+rh0+\/V4UBYN7piRv0zZcDA6XDw8ehS08ehe1R09Ol4cHoyCNgzuU1lr0sPR7YwE1+4wkh+1jMSprVCN2Ta3BU2ElTsX\/yYLmymlUb1ubtXrzJJADmIflYXnDF8o+6KCLzNnfO2ClY4zv1XzTFjD93\/0DMV2z5e4L\/5HKd2UFTkoYwH0iWIqlAFLALJfsQvUQt6+1hhw7YbLppXjcj9RSELp6yDQUCGWXCSUfCqofZptLHfDRF7ftrIWtYz3CyouHyvLBx58UJtwldvrlbKXpLnW37AbV3tgRZnnGwIPptWq3ql2b1rG9SQqW2bTrIpLwTUuYDBPl7KtbHz50TJtLTIxyaRXxH2EgHNRJnH9xkGZNOouAuX32kvsXln2qDc6joZ34Nlr5Dr6\/5BrABuBypr64ia9Dgc71czwZHDP9HoLIsLgvkioUQd2XTCxBn0Y3a++Rs3Jz7AeXL7Den7Ust4FF0sk0A8qLrHQRC0R9aGLaLv7bjPeNvmhdeYlBvnsWwLV9I0Np\/nWJGR6jsRbf+CPCmg78uYxR0kHwmoz70a73LT111rYNtW7Dbdk61XTD8rAob4PrDRtaknuOn1nwZCsYFZumXCTvE8rsAFW75WbAIfiUYKr\/XcH1Hk5mIdpdudCgB\/2aA6AQdY69FbEJFNve9HaU0iiaDTafvjwXx+E2gL6VE9s8dnto\/YjzqXNxfq7jJ5f\/gm\/Vxc3PgX8NyG7I\/A37GkYIxc2tRMfjAAEHzQT6Mp0+ww90sWpTEBGiar3tk7M4vb5yjlwfYepcueNgqpoKmI5MeaN1xDBsCwLjzGT7gaENjYViUGEb7mW02k+n\/daET10+30sK3HtFmnxuBr7VQ8OLh6MnuG3n3o8e\/CseHDwFK3cYYecKGfMRP9ypuggLLJxR5upyTKohe8LoVv0jBxTfZ67\/sahiO+cf4nwQAS8a1dwy3PTdDdXrjXx11ve7PZGq8Afbi6le8wQxp9WZTb+Wc55XIx\/a5Nfse5de3fCwEDm1AJvnI72rb1moXXLTI47nKiZWJ5qo+VnrBSymv+f0M7fLVN+mlU3ouJMivJ0Yly6I8iH\/Z6o30URveTYoSZaabIMAHmSvUYR\/Y0rMaNRSfZQb0bR+U8=\" \/> \t\t<a href=\"https:\/\/www.pdf24.org\" target=\"_blank\" title=\"www.pdf24.org\" rel=\"nofollow\"><img src=\"https:\/\/citeelegance.net\/wp-content\/plugins\/pdf24-posts-to-pdf\/img\/pdf_32x32.png\" alt=\"\" border=\"0\" height=\"32\" \/><\/a> \t\t<span class=\"pdf24Plugin-cp-space\">&nbsp;&nbsp;<\/span> \t\t<span class=\"pdf24Plugin-cp-text\">Send article as PDF<\/span> \t\t<span class=\"pdf24Plugin-cp-space\">&nbsp;&nbsp;<\/span> \t\t<input class=\"pdf24Plugin-cp-input\" style=\"margin: 0px;\" type=\"text\" name=\"sendEmailTo\" placeholder=\"Enter email address\" \/> \t\t<input class=\"pdf24Plugin-cp-submit\" style=\"margin: 0px;\" type=\"submit\" value=\"Send\" \/> \t<\/form> <\/div>","protected":false},"excerpt":{"rendered":"<p>Une association d\u2019artistes peintres et sculpteurs organise une exposition peinture-sculpture \u00e0 l\u2019universit\u00e9 Joseph Ki Zerbo du 11 au 30 novembre 2019. Cette exposition, plac\u00e9e sous le th\u00e8me \u00ab\u00a0Se remettre en cause\u00a0\u00bb, intervient dans le but d\u2019\u00e9changer et de rapprocher l\u2019\u0153uvre d\u2019art des \u00e9tudiants. Cinq artistes ont mis en \u0153uvre ce projet. Il s\u2019agit de Kader [&hellip;]<\/p>\n","protected":false},"author":3,"featured_media":3875,"comment_status":"open","ping_status":"closed","sticky":false,"template":"","format":"standard","meta":{"footnotes":""},"categories":[2,13],"tags":[],"yoast_head":"<!-- This site is optimized with the Yoast SEO plugin v18.1 - https:\/\/yoast.com\/wordpress\/plugins\/seo\/ -->\n<title>Exposition d\u2019\u0153uvre d\u2019art \u00e0 l\u2019universit\u00e9 Joseph Ki Zerbo\u00a0: \u00ab\u00a0C\u2019est une occasion pour \u00e9changer avec les \u00e9tudiants et de susciter des vocations\u00a0\u00bb. Dixit l\u2019artiste plasticien Kader BOLY - CITE ELEGANCE<\/title>\n<meta name=\"robots\" content=\"index, follow, max-snippet:-1, max-image-preview:large, max-video-preview:-1\" \/>\n<link rel=\"canonical\" href=\"https:\/\/citeelegance.net\/?p=3874\" \/>\n<meta property=\"og:locale\" content=\"fr_FR\" \/>\n<meta property=\"og:type\" content=\"article\" \/>\n<meta property=\"og:title\" content=\"Exposition d\u2019\u0153uvre d\u2019art \u00e0 l\u2019universit\u00e9 Joseph Ki Zerbo\u00a0: \u00ab\u00a0C\u2019est une occasion pour \u00e9changer avec les \u00e9tudiants et de susciter des vocations\u00a0\u00bb. Dixit l\u2019artiste plasticien Kader BOLY - CITE ELEGANCE\" \/>\n<meta property=\"og:description\" content=\"Une association d\u2019artistes peintres et sculpteurs organise une exposition peinture-sculpture \u00e0 l\u2019universit\u00e9 Joseph Ki Zerbo du 11 au 30 novembre 2019. Cette exposition, plac\u00e9e sous le th\u00e8me \u00ab\u00a0Se remettre en cause\u00a0\u00bb, intervient dans le but d\u2019\u00e9changer et de rapprocher l\u2019\u0153uvre d\u2019art des \u00e9tudiants. Cinq artistes ont mis en \u0153uvre ce projet. Il s\u2019agit de Kader [&hellip;]\" \/>\n<meta property=\"og:url\" content=\"https:\/\/citeelegance.net\/?p=3874\" \/>\n<meta property=\"og:site_name\" content=\"CITE ELEGANCE\" \/>\n<meta property=\"article:published_time\" content=\"2019-11-15T16:18:09+00:00\" \/>\n<meta property=\"article:modified_time\" content=\"2019-11-15T16:58:55+00:00\" \/>\n<meta property=\"og:image\" content=\"https:\/\/citeelegance.net\/wp-content\/uploads\/2019\/11\/WhatsApp-Image-2019-11-15-at-15.48.00.jpeg\" \/>\n\t<meta property=\"og:image:width\" content=\"1052\" \/>\n\t<meta property=\"og:image:height\" content=\"592\" \/>\n\t<meta property=\"og:image:type\" content=\"image\/jpeg\" \/>\n<meta name=\"twitter:label1\" content=\"\u00c9crit par\" \/>\n\t<meta name=\"twitter:data1\" content=\"Kader\" \/>\n\t<meta name=\"twitter:label2\" content=\"Dur\u00e9e de lecture estim\u00e9e\" \/>\n\t<meta name=\"twitter:data2\" content=\"2 minutes\" \/>\n<script type=\"application\/ld+json\" class=\"yoast-schema-graph\">{\"@context\":\"https:\/\/schema.org\",\"@graph\":[{\"@type\":\"WebSite\",\"@id\":\"https:\/\/citeelegance.net\/#website\",\"url\":\"https:\/\/citeelegance.net\/\",\"name\":\"CITE ELEGANCE\",\"description\":\"\",\"potentialAction\":[{\"@type\":\"SearchAction\",\"target\":{\"@type\":\"EntryPoint\",\"urlTemplate\":\"https:\/\/citeelegance.net\/?s={search_term_string}\"},\"query-input\":\"required name=search_term_string\"}],\"inLanguage\":\"fr-FR\"},{\"@type\":\"ImageObject\",\"@id\":\"https:\/\/citeelegance.net\/?p=3874#primaryimage\",\"inLanguage\":\"fr-FR\",\"url\":\"https:\/\/citeelegance.net\/wp-content\/uploads\/2019\/11\/WhatsApp-Image-2019-11-15-at-15.48.00.jpeg\",\"contentUrl\":\"https:\/\/citeelegance.net\/wp-content\/uploads\/2019\/11\/WhatsApp-Image-2019-11-15-at-15.48.00.jpeg\",\"width\":1052,\"height\":592},{\"@type\":\"WebPage\",\"@id\":\"https:\/\/citeelegance.net\/?p=3874#webpage\",\"url\":\"https:\/\/citeelegance.net\/?p=3874\",\"name\":\"Exposition d\u2019\u0153uvre d\u2019art \u00e0 l\u2019universit\u00e9 Joseph Ki Zerbo\u00a0: \u00ab\u00a0C\u2019est une occasion pour \u00e9changer avec les \u00e9tudiants et de susciter des vocations\u00a0\u00bb. Dixit l\u2019artiste plasticien Kader BOLY - CITE ELEGANCE\",\"isPartOf\":{\"@id\":\"https:\/\/citeelegance.net\/#website\"},\"primaryImageOfPage\":{\"@id\":\"https:\/\/citeelegance.net\/?p=3874#primaryimage\"},\"datePublished\":\"2019-11-15T16:18:09+00:00\",\"dateModified\":\"2019-11-15T16:58:55+00:00\",\"author\":{\"@id\":\"https:\/\/citeelegance.net\/#\/schema\/person\/e06163d4cd2cfc8a3cfc96dc84443ae4\"},\"breadcrumb\":{\"@id\":\"https:\/\/citeelegance.net\/?p=3874#breadcrumb\"},\"inLanguage\":\"fr-FR\",\"potentialAction\":[{\"@type\":\"ReadAction\",\"target\":[\"https:\/\/citeelegance.net\/?p=3874\"]}]},{\"@type\":\"BreadcrumbList\",\"@id\":\"https:\/\/citeelegance.net\/?p=3874#breadcrumb\",\"itemListElement\":[{\"@type\":\"ListItem\",\"position\":1,\"name\":\"Accueil\",\"item\":\"https:\/\/citeelegance.net\/\"},{\"@type\":\"ListItem\",\"position\":2,\"name\":\"Exposition d\u2019\u0153uvre d\u2019art \u00e0 l\u2019universit\u00e9 Joseph Ki Zerbo\u00a0: \u00ab\u00a0C\u2019est une occasion pour \u00e9changer avec les \u00e9tudiants et de susciter des vocations\u00a0\u00bb. Dixit l\u2019artiste plasticien Kader BOLY\"}]},{\"@type\":\"Person\",\"@id\":\"https:\/\/citeelegance.net\/#\/schema\/person\/e06163d4cd2cfc8a3cfc96dc84443ae4\",\"name\":\"Kader\",\"url\":\"https:\/\/citeelegance.net\/?author=3\"}]}<\/script>\n<!-- \/ Yoast SEO plugin. -->","yoast_head_json":{"title":"Exposition d\u2019\u0153uvre d\u2019art \u00e0 l\u2019universit\u00e9 Joseph Ki Zerbo\u00a0: \u00ab\u00a0C\u2019est une occasion pour \u00e9changer avec les \u00e9tudiants et de susciter des vocations\u00a0\u00bb. Dixit l\u2019artiste plasticien Kader BOLY - CITE ELEGANCE","robots":{"index":"index","follow":"follow","max-snippet":"max-snippet:-1","max-image-preview":"max-image-preview:large","max-video-preview":"max-video-preview:-1"},"canonical":"https:\/\/citeelegance.net\/?p=3874","og_locale":"fr_FR","og_type":"article","og_title":"Exposition d\u2019\u0153uvre d\u2019art \u00e0 l\u2019universit\u00e9 Joseph Ki Zerbo\u00a0: \u00ab\u00a0C\u2019est une occasion pour \u00e9changer avec les \u00e9tudiants et de susciter des vocations\u00a0\u00bb. Dixit l\u2019artiste plasticien Kader BOLY - CITE ELEGANCE","og_description":"Une association d\u2019artistes peintres et sculpteurs organise une exposition peinture-sculpture \u00e0 l\u2019universit\u00e9 Joseph Ki Zerbo du 11 au 30 novembre 2019. Cette exposition, plac\u00e9e sous le th\u00e8me \u00ab\u00a0Se remettre en cause\u00a0\u00bb, intervient dans le but d\u2019\u00e9changer et de rapprocher l\u2019\u0153uvre d\u2019art des \u00e9tudiants. Cinq artistes ont mis en \u0153uvre ce projet. Il s\u2019agit de Kader [&hellip;]","og_url":"https:\/\/citeelegance.net\/?p=3874","og_site_name":"CITE ELEGANCE","article_published_time":"2019-11-15T16:18:09+00:00","article_modified_time":"2019-11-15T16:58:55+00:00","og_image":[{"width":1052,"height":592,"url":"https:\/\/citeelegance.net\/wp-content\/uploads\/2019\/11\/WhatsApp-Image-2019-11-15-at-15.48.00.jpeg","type":"image\/jpeg"}],"twitter_misc":{"\u00c9crit par":"Kader","Dur\u00e9e de lecture estim\u00e9e":"2 minutes"},"schema":{"@context":"https:\/\/schema.org","@graph":[{"@type":"WebSite","@id":"https:\/\/citeelegance.net\/#website","url":"https:\/\/citeelegance.net\/","name":"CITE ELEGANCE","description":"","potentialAction":[{"@type":"SearchAction","target":{"@type":"EntryPoint","urlTemplate":"https:\/\/citeelegance.net\/?s={search_term_string}"},"query-input":"required name=search_term_string"}],"inLanguage":"fr-FR"},{"@type":"ImageObject","@id":"https:\/\/citeelegance.net\/?p=3874#primaryimage","inLanguage":"fr-FR","url":"https:\/\/citeelegance.net\/wp-content\/uploads\/2019\/11\/WhatsApp-Image-2019-11-15-at-15.48.00.jpeg","contentUrl":"https:\/\/citeelegance.net\/wp-content\/uploads\/2019\/11\/WhatsApp-Image-2019-11-15-at-15.48.00.jpeg","width":1052,"height":592},{"@type":"WebPage","@id":"https:\/\/citeelegance.net\/?p=3874#webpage","url":"https:\/\/citeelegance.net\/?p=3874","name":"Exposition d\u2019\u0153uvre d\u2019art \u00e0 l\u2019universit\u00e9 Joseph Ki Zerbo\u00a0: \u00ab\u00a0C\u2019est une occasion pour \u00e9changer avec les \u00e9tudiants et de susciter des vocations\u00a0\u00bb. Dixit l\u2019artiste plasticien Kader BOLY - CITE ELEGANCE","isPartOf":{"@id":"https:\/\/citeelegance.net\/#website"},"primaryImageOfPage":{"@id":"https:\/\/citeelegance.net\/?p=3874#primaryimage"},"datePublished":"2019-11-15T16:18:09+00:00","dateModified":"2019-11-15T16:58:55+00:00","author":{"@id":"https:\/\/citeelegance.net\/#\/schema\/person\/e06163d4cd2cfc8a3cfc96dc84443ae4"},"breadcrumb":{"@id":"https:\/\/citeelegance.net\/?p=3874#breadcrumb"},"inLanguage":"fr-FR","potentialAction":[{"@type":"ReadAction","target":["https:\/\/citeelegance.net\/?p=3874"]}]},{"@type":"BreadcrumbList","@id":"https:\/\/citeelegance.net\/?p=3874#breadcrumb","itemListElement":[{"@type":"ListItem","position":1,"name":"Accueil","item":"https:\/\/citeelegance.net\/"},{"@type":"ListItem","position":2,"name":"Exposition d\u2019\u0153uvre d\u2019art \u00e0 l\u2019universit\u00e9 Joseph Ki Zerbo\u00a0: \u00ab\u00a0C\u2019est une occasion pour \u00e9changer avec les \u00e9tudiants et de susciter des vocations\u00a0\u00bb. Dixit l\u2019artiste plasticien Kader BOLY"}]},{"@type":"Person","@id":"https:\/\/citeelegance.net\/#\/schema\/person\/e06163d4cd2cfc8a3cfc96dc84443ae4","name":"Kader","url":"https:\/\/citeelegance.net\/?author=3"}]}},"_links":{"self":[{"href":"https:\/\/citeelegance.net\/index.php?rest_route=\/wp\/v2\/posts\/3874"}],"collection":[{"href":"https:\/\/citeelegance.net\/index.php?rest_route=\/wp\/v2\/posts"}],"about":[{"href":"https:\/\/citeelegance.net\/index.php?rest_route=\/wp\/v2\/types\/post"}],"author":[{"embeddable":true,"href":"https:\/\/citeelegance.net\/index.php?rest_route=\/wp\/v2\/users\/3"}],"replies":[{"embeddable":true,"href":"https:\/\/citeelegance.net\/index.php?rest_route=%2Fwp%2Fv2%2Fcomments&post=3874"}],"version-history":[{"count":4,"href":"https:\/\/citeelegance.net\/index.php?rest_route=\/wp\/v2\/posts\/3874\/revisions"}],"predecessor-version":[{"id":3884,"href":"https:\/\/citeelegance.net\/index.php?rest_route=\/wp\/v2\/posts\/3874\/revisions\/3884"}],"wp:featuredmedia":[{"embeddable":true,"href":"https:\/\/citeelegance.net\/index.php?rest_route=\/wp\/v2\/media\/3875"}],"wp:attachment":[{"href":"https:\/\/citeelegance.net\/index.php?rest_route=%2Fwp%2Fv2%2Fmedia&parent=3874"}],"wp:term":[{"taxonomy":"category","embeddable":true,"href":"https:\/\/citeelegance.net\/index.php?rest_route=%2Fwp%2Fv2%2Fcategories&post=3874"},{"taxonomy":"post_tag","embeddable":true,"href":"https:\/\/citeelegance.net\/index.php?rest_route=%2Fwp%2Fv2%2Ftags&post=3874"}],"curies":[{"name":"wp","href":"https:\/\/api.w.org\/{rel}","templated":true}]}}