{"id":2837,"date":"2019-08-19T00:07:43","date_gmt":"2019-08-18T23:07:43","guid":{"rendered":"http:\/\/citeelegance.net\/?p=2837"},"modified":"2019-08-19T00:07:59","modified_gmt":"2019-08-18T23:07:59","slug":"front-social-luas-hausse-le-ton-pour-plus-de-consideration-a-legard-du-mouvement-syndical","status":"publish","type":"post","link":"https:\/\/citeelegance.net\/?p=2837","title":{"rendered":"Front social\u00a0: l\u2019UAS hausse le ton pour plus de consid\u00e9ration \u00e0 l\u2019\u00e9gard du mouvement syndical"},"content":{"rendered":"<ol>\n<li><strong><em>Comme pr\u00e9vu lors de leur conf\u00e9rence de presse du 13 ao\u00fbt 2019, l\u2019Union d\u2019Action Syndicale (UAS) a bel et bien tenu sa rencontre nationale le 17 ao\u00fbt 2019 \u00e0 Ouagadougou. Ensemble, ses membres ont d\u00e9cid\u00e9 tenir des marches-meeting et d\u2019organiser un panel dans les jours \u00e0 venir afin de contraindre le gouvernement et le patronat \u00e0 traiter avec plus de s\u00e9rieux les pr\u00e9occupations des travailleurs et exiger du gouvernement la fin des atteintes aux libert\u00e9s d\u00e9mocratiques et syndicales.<\/em> <\/strong><br \/>\nPremi\u00e8re du genre, la rencontre de l\u2019UAS qui co\u00efncide avec ses 20 ans, a r\u00e9uni plusieurs d\u00e9l\u00e9gu\u00e9s venus de l\u2019ensemble des r\u00e9gions du pays. Au soir de leur rencontre, l\u2019UAS a convi\u00e9 la presse dans le but de leur faire le point de cette rencontre.<br \/>\nSelon le porte-parole de l\u2019UAS, YAMBA Gorges KOANDA, au cours de leur rencontre, ils ont discut\u00e9 de toutes leurs pr\u00e9occupations, faire des recommandations, parl\u00e9 de leur plate-forme minimale, etc.<br \/>\nComme ce qui \u00e9tait pr\u00e9vu, les membres ont d\u00e9cid\u00e9 de mener plusieurs actions pour que le gouvernement puisse accepter d\u2019avoir une consid\u00e9ration pour le mouvement syndical et surtout \u0153uvrer \u00e0 ce que la rencontre gouvernement\/syndicats qui devrait \u00eatre annuelle puisse se tenir dans les plus brefs d\u00e9lais. Ces actions sont entre autres\u00a0: un meeting pr\u00e9vu sur l\u2019ensemble du territoire national\u00a0le samedi 31 ao\u00fbt; une marche-meeting sur l\u2019ensemble du territoire national le lundi 16 septembre et un panel qui sera organis\u00e9 le 24 septembre 2019.<br \/>\nPour que ces journ\u00e9es soient de succ\u00e8s r\u00e9els, le porte-parole lance un appel \u00e0 la mobilisation de tous les membres de l\u2019UAS.<br \/>\nConcernant l\u2019analyse de la situation nationale, il affirme qu\u2019elle est caract\u00e9ris\u00e9e par des remous sociaux caus\u00e9s par plusieurs faits\u00a0: des engagements non tenus par le gouvernement et une certaine injustice qui s\u00e9vit dans le milieu du travail de fa\u00e7on g\u00e9n\u00e9rale et qui ne permet pas aux uns et aux autres de se consacrer au travail afin d\u2019assurer le d\u00e9veloppement \u00e9conomique du pays. \u00ab\u00a0Nous en \u00e9tant des travailleurs, nous devons nous battre pour que tout cela cesse de fa\u00e7on \u00e0 ce que nous puissions travailler pour notre pays mais aussi \u00e0 garantir le salaire que nous avions m\u00eame si tout est encore tr\u00e8s peu\u00a0\u00bb, a-t-il soutenu.<br \/>\nLes membres de l\u2019UAS attendent \u00e0 ce que le gouvernement revienne sur la table de discussion parce qu\u2019ils sont convaincus que la solution c\u2019est autour d\u2019une table. \u00ab\u00a0Il n\u2019y aura pas une solution au-del\u00e0 d\u2019une table. Si le gouvernement veut la paix, s\u2019ils sont pr\u00e9occup\u00e9s du d\u00e9veloppement \u00e9conomique de notre pays, ils doivent trouver le temps et les moyens de s\u2019assoir avec nous pour discuter des pr\u00e9occupations des travailleurs\u00a0 ainsi que de l\u2019ensemble de la population parce que nos int\u00e9r\u00eats sont li\u00e9s \u00bb, a conclu le porte-parole de l\u2019UAS.<br \/>\nASSATA SINARE<\/li>\n<\/ol>\n<aside class=\"mashsb-container mashsb-main mashsb-stretched\"><div class=\"mashsb-box\"><div class=\"mashsb-buttons\"><a class=\"mashicon-facebook mash-small mash-center mashsb-noshadow\" href=\"https:\/\/www.facebook.com\/sharer.php?u=https%3A%2F%2Fciteelegance.net%2F%3Fp%3D2837\" target=\"_top\" rel=\"nofollow\"><span class=\"icon\"><\/span><span class=\"text\">Partagez<\/span><\/a><a class=\"mashicon-twitter mash-small mash-center mashsb-noshadow\" href=\"https:\/\/twitter.com\/intent\/tweet?text=&url=https:\/\/citeelegance.net\/?p=2837\" target=\"_top\" rel=\"nofollow\"><span class=\"icon\"><\/span><span class=\"text\">Tweet<\/span><\/a><div class=\"onoffswitch2 mash-small mashsb-noshadow\" style=\"display:none;\"><\/div><\/div>\n            <\/div>\n                <div style=\"clear:both;\"><\/div><\/aside>\n            <!-- Share buttons by mashshare.net - Version: 3.8.0--><div class=\"pdf24Plugin-cp\"> \t<form name=\"pdf24Form0\" method=\"post\" action=\"https:\/\/doc2pdf.pdf24.org\/wordpress.php\" target=\"pdf24PopWin\" onsubmit=\"var pdf24Win = window.open('about:blank', 'pdf24PopWin', 'resizable=yes,scrollbars=yes,width=600,height=250,left='+(screen.width\/2-300)+',top='+(screen.height\/3-125)+''); pdf24Win.focus(); if(typeof pdf24OnCreatePDF === 'function'){void(pdf24OnCreatePDF(this,pdf24Win));}\"> \t\t<input type=\"hidden\" name=\"blogCharset\" value=\"Cw1x07UAAA==\" \/><input type=\"hidden\" name=\"blogPosts\" value=\"MwQA\" \/><input type=\"hidden\" name=\"blogUrl\" value=\"yygpKSi20tdPzixJTc1JTU\/MS07Vy0stAQA=\" \/><input type=\"hidden\" name=\"blogName\" value=\"c\/YMcVVw9XF1d\/RzdgUA\" \/><input type=\"hidden\" name=\"blogValueEncoding\" value=\"gzdeflate base64\" \/><input type=\"hidden\" name=\"postId_0\" value=\"M7IwNgcA\" \/><input type=\"hidden\" name=\"postTitle_0\" value=\"cyvKzytRKM5PzkzMObTASiHnUcPMUMdghYzE0uLiVIWcVIWS\/DyFgvzSIoWCnNJihZRUheT8vOLMlMMrixJLMoFyhxeANR1emZ5YlKKQUqqQm19alpqbCjK2Mi8lMzkxBwA=\" \/><input type=\"hidden\" name=\"postLink_0\" value=\"yygpKSi20tdPzixJTc1JTU\/MS07Vy0st0bcvsDWyMDYHAA==\" \/><input type=\"hidden\" name=\"postAuthor_0\" value=\"c0xJzE1U8A91dQly9Hf3BwA=\" \/><input type=\"hidden\" name=\"postDateTime_0\" value=\"MzIwtNQ1sNA1tFQwMLAysLAyMQYA\" \/><input type=\"hidden\" name=\"postContent_0\" value=\"rVfLjmNJEd33VySWGoHkR1cVYoYau1pmXhoBPS08g8QKpdNhO4e8mbfz4apixT+wYlc7poYFHzC7svgRvoQTkffarurSABItq5TKmxmPE+dEZE+Du3oxdfZqmnIMfnM1pebq49A0pNq4v98V5UJMakXKUYnKBL\/e30fyhnivjZQSVkWdXSgd9t9ndf7q7BdD5f71579+7W3waoXV3GReLm79yhrtSP3k6\/nip0qrJTlFWS0teZXJF5W0YuPB50jKa77G5\/E7++DEgdrfqS+L3uhVKJtQxupTn6hZOhqqREk1WCMyBTNqtb83Fn\/Yvo0IGp91NFtKo4YoW7\/hCDjKEDfa20RRFa9a7RHbSvsE50l9EwpQgNedWNFr6zl\/CVRbv4oSI0LZUfTUEBzDKrZazbDqzHf5aIZ5vSOjWlcE1gQ4LZUbccOQB2NKK5kniRa3dto6hj+xUbqxGxgB5o\/cOa1qUEnpnMn6zCu2a5cU8\/4+MRRNMBG23xUSW6mvSBpPJyi8mk56Giyjmly9eBupsftvo9R4Qz4CYXdaIyYG13q+UO+KBSD7f3jgTTVJLsb5KwUUh6g2kiveSuZWskFAbn+\/KRwcgK2AsDnqyinp4NqmolEA520aqzmIEqSYlZWHcIaHYDTXZmdRd4Tb07RWUy1LPlxda1tr1wbrZdsQ4DuaHHdILMiBwnIwZhq1OgZ3mv5Q\/X7+m1\/O1eegEYL+1ZfzN5\/MkXVBIOVEQSexWtdR1CZTUCE+k0PhwtVqP6HDsItWQCEDkWq\/6j8hIFdNiJvWaUS5DhFCbqy3jWZxUDZ9PlXjkDGXbX+fQc1O8UOh4rMagnWQjeJJDbWpVG2RJWy9r4O2WAZfG0Mts5+lpndcvuJFQYlNR8mjWoGFhi3I9Z6iQtcSGR\/1z7+UXYQpaEoSoMecPHU\/6e7nJImuaMciVPvv+KD2vpDjmtYY8eu6RK97USlwWFeyagv2fUzHrBPDQ+JVF\/xND3eX3D761tL10MRZPeJ1gacYbQ72pNE93OFT0g2trLo4q\/3uI4GptqxDx\/ov7TGSriB\/dfZzJAf4uaaM5KHDMShoeVp13Y8FQ+r8ZyfHueH2rHnbV9l0TdHv74lhsFTVk4ox+29FtOTS8D3BOM2jA+5128I9KojSNWFpnU2VAlUE6REJjzI70hd2otfc+ZhQyPY2VT1qlWwu1dhhhLDa0LbXlgXxrjB2XHhKWRkdUU5uw8ieO3bsFNZwGCkYy23U6JK4T\/HnI\/shyCw15xvkN3ojrEvKhzrR6oVnZoOQH40Z04OU9d+UlG2nRvjZgaN9u2qADRUpcR0FnOVa7\/8GF5v9vWfxOKkqX4a1lpAkhKfrACheej0vK0elTlV62rCO9NF0nWyMaALJSEIH83fofiiYBI9mEHxoeIgcW\/LD3x\/u3jBemOTcTYQNj4fXEKBIi9+xcmS9xKiKdOwdom5DKKGpHfuQ6FHqclEEKwo8eIjVjA9iEUFBNJYRwEG+vkGZfbaSUdJOOunBnt6JsWb\/HeiB8xIIk4ObCg7myKRuqTzcPXyPrj7KI4CVuFn70nPy188yVsaxXwlyx371hBCRdlCQp6psrbKu06\/OBkmViWQ67vLkkNbDQw4MwpG+DabgilDfMMcT1z0zLlxT5pxYrvX6wimP3VscQQNguvCBgwFdRityiPnJ1YV9L\/wdFXmBtNre4Al2GuFhhskLpPwgmeikenU8roLd8TE8StgdO0ZXalN9XQHucEu+ErpylueKPD0qTSRzGa9UVf2fXlgPdwp4ggFdQE9eI5JkaIvrxlVXEg48QcXcRTBautSd5ZyFL1wo48oPvB96Es0Xi\/lXc7X44s38t59OJ3iZv5hO5JGuE7+rjEOWs0Gj0zYtRzzxuINE1W2A875f4ymHgb+l1eBqurK7J1eX4eb5\/ZIzkME3ffrFwtVorQ0tQ\/ijeBglPCpcXRoU6RgEwNjiaX49UFuMztlgm3ObLieT6+vrcW9ijPfLBMfQY8bttn1dZnLq5cX85fln+Bk8lcnRhufF2FPm3YvP2pcXn5x\/ePHBAGTEOyvPBn\/IoR1AP2428GEdnINb\/GcG062PniPH1oT3Hn\/JdJMHV281uvCG\/tSfmOjnUs\/XNvcp\/u+Zd7claX6a42GSrzHMX3MIsx+X6Gb90aeJT163s\/93yl+x79N8T2gAOa7XCfGa7fnTbB9lmPKto9kA8sJj8\/YSE48+Yqew1f19oU7+PbMl2+y6M2Uc6Xi5DHl7Ykho\/8TUj0YjtWDuqI6tanlbA+RNRk2N1O8oct+8VBfjD8evRqOrfwM=\" \/> \t\t<a href=\"https:\/\/www.pdf24.org\" target=\"_blank\" title=\"www.pdf24.org\" rel=\"nofollow\"><img src=\"https:\/\/citeelegance.net\/wp-content\/plugins\/pdf24-posts-to-pdf\/img\/pdf_32x32.png\" alt=\"\" border=\"0\" height=\"32\" \/><\/a> \t\t<span class=\"pdf24Plugin-cp-space\">&nbsp;&nbsp;<\/span> \t\t<span class=\"pdf24Plugin-cp-text\">Send article as PDF<\/span> \t\t<span class=\"pdf24Plugin-cp-space\">&nbsp;&nbsp;<\/span> \t\t<input class=\"pdf24Plugin-cp-input\" style=\"margin: 0px;\" type=\"text\" name=\"sendEmailTo\" placeholder=\"Enter email address\" \/> \t\t<input class=\"pdf24Plugin-cp-submit\" style=\"margin: 0px;\" type=\"submit\" value=\"Send\" \/> \t<\/form> <\/div>","protected":false},"excerpt":{"rendered":"<p>Comme pr\u00e9vu lors de leur conf\u00e9rence de presse du 13 ao\u00fbt 2019, l\u2019Union d\u2019Action Syndicale (UAS) a bel et bien tenu sa rencontre nationale le 17 ao\u00fbt 2019 \u00e0 Ouagadougou. Ensemble, ses membres ont d\u00e9cid\u00e9 tenir des marches-meeting et d\u2019organiser un panel dans les jours \u00e0 venir afin de contraindre le gouvernement et le patronat [&hellip;]<\/p>\n","protected":false},"author":2,"featured_media":2838,"comment_status":"open","ping_status":"closed","sticky":false,"template":"","format":"standard","meta":{"footnotes":""},"categories":[2,1],"tags":[],"yoast_head":"<!-- This site is optimized with the Yoast SEO plugin v18.1 - https:\/\/yoast.com\/wordpress\/plugins\/seo\/ -->\n<title>Front social\u00a0: l\u2019UAS hausse le ton pour plus de consid\u00e9ration \u00e0 l\u2019\u00e9gard du mouvement syndical - CITE ELEGANCE<\/title>\n<meta name=\"robots\" content=\"index, follow, max-snippet:-1, max-image-preview:large, max-video-preview:-1\" \/>\n<link rel=\"canonical\" href=\"https:\/\/citeelegance.net\/?p=2837\" \/>\n<meta property=\"og:locale\" content=\"fr_FR\" \/>\n<meta property=\"og:type\" content=\"article\" \/>\n<meta property=\"og:title\" content=\"Front social\u00a0: l\u2019UAS hausse le ton pour plus de consid\u00e9ration \u00e0 l\u2019\u00e9gard du mouvement syndical - CITE ELEGANCE\" \/>\n<meta property=\"og:description\" content=\"Comme pr\u00e9vu lors de leur conf\u00e9rence de presse du 13 ao\u00fbt 2019, l\u2019Union d\u2019Action Syndicale (UAS) a bel et bien tenu sa rencontre nationale le 17 ao\u00fbt 2019 \u00e0 Ouagadougou. Ensemble, ses membres ont d\u00e9cid\u00e9 tenir des marches-meeting et d\u2019organiser un panel dans les jours \u00e0 venir afin de contraindre le gouvernement et le patronat [&hellip;]\" \/>\n<meta property=\"og:url\" content=\"https:\/\/citeelegance.net\/?p=2837\" \/>\n<meta property=\"og:site_name\" content=\"CITE ELEGANCE\" \/>\n<meta property=\"article:published_time\" content=\"2019-08-18T23:07:43+00:00\" \/>\n<meta property=\"article:modified_time\" content=\"2019-08-18T23:07:59+00:00\" \/>\n<meta property=\"og:image\" content=\"https:\/\/citeelegance.net\/wp-content\/uploads\/2019\/08\/IMG-20190818-WA0008.jpg\" \/>\n\t<meta property=\"og:image:width\" content=\"1040\" \/>\n\t<meta property=\"og:image:height\" content=\"780\" \/>\n\t<meta property=\"og:image:type\" content=\"image\/jpeg\" \/>\n<meta name=\"twitter:label1\" content=\"\u00c9crit par\" \/>\n\t<meta name=\"twitter:data1\" content=\"Adama OUEDRAOGO\" \/>\n\t<meta name=\"twitter:label2\" content=\"Dur\u00e9e de lecture estim\u00e9e\" \/>\n\t<meta name=\"twitter:data2\" content=\"3 minutes\" \/>\n<script type=\"application\/ld+json\" class=\"yoast-schema-graph\">{\"@context\":\"https:\/\/schema.org\",\"@graph\":[{\"@type\":\"WebSite\",\"@id\":\"https:\/\/citeelegance.net\/#website\",\"url\":\"https:\/\/citeelegance.net\/\",\"name\":\"CITE ELEGANCE\",\"description\":\"\",\"potentialAction\":[{\"@type\":\"SearchAction\",\"target\":{\"@type\":\"EntryPoint\",\"urlTemplate\":\"https:\/\/citeelegance.net\/?s={search_term_string}\"},\"query-input\":\"required name=search_term_string\"}],\"inLanguage\":\"fr-FR\"},{\"@type\":\"ImageObject\",\"@id\":\"https:\/\/citeelegance.net\/?p=2837#primaryimage\",\"inLanguage\":\"fr-FR\",\"url\":\"https:\/\/citeelegance.net\/wp-content\/uploads\/2019\/08\/IMG-20190818-WA0008.jpg\",\"contentUrl\":\"https:\/\/citeelegance.net\/wp-content\/uploads\/2019\/08\/IMG-20190818-WA0008.jpg\",\"width\":1040,\"height\":780},{\"@type\":\"WebPage\",\"@id\":\"https:\/\/citeelegance.net\/?p=2837#webpage\",\"url\":\"https:\/\/citeelegance.net\/?p=2837\",\"name\":\"Front social\u00a0: l\u2019UAS hausse le ton pour plus de consid\u00e9ration \u00e0 l\u2019\u00e9gard du mouvement syndical - CITE ELEGANCE\",\"isPartOf\":{\"@id\":\"https:\/\/citeelegance.net\/#website\"},\"primaryImageOfPage\":{\"@id\":\"https:\/\/citeelegance.net\/?p=2837#primaryimage\"},\"datePublished\":\"2019-08-18T23:07:43+00:00\",\"dateModified\":\"2019-08-18T23:07:59+00:00\",\"author\":{\"@id\":\"https:\/\/citeelegance.net\/#\/schema\/person\/4b3dc39431a8beca84e75fce0d70f5ff\"},\"breadcrumb\":{\"@id\":\"https:\/\/citeelegance.net\/?p=2837#breadcrumb\"},\"inLanguage\":\"fr-FR\",\"potentialAction\":[{\"@type\":\"ReadAction\",\"target\":[\"https:\/\/citeelegance.net\/?p=2837\"]}]},{\"@type\":\"BreadcrumbList\",\"@id\":\"https:\/\/citeelegance.net\/?p=2837#breadcrumb\",\"itemListElement\":[{\"@type\":\"ListItem\",\"position\":1,\"name\":\"Accueil\",\"item\":\"https:\/\/citeelegance.net\/\"},{\"@type\":\"ListItem\",\"position\":2,\"name\":\"Front social\u00a0: l\u2019UAS hausse le ton pour plus de consid\u00e9ration \u00e0 l\u2019\u00e9gard du mouvement syndical\"}]},{\"@type\":\"Person\",\"@id\":\"https:\/\/citeelegance.net\/#\/schema\/person\/4b3dc39431a8beca84e75fce0d70f5ff\",\"name\":\"Adama OUEDRAOGO\",\"url\":\"https:\/\/citeelegance.net\/?author=2\"}]}<\/script>\n<!-- \/ Yoast SEO plugin. -->","yoast_head_json":{"title":"Front social\u00a0: l\u2019UAS hausse le ton pour plus de consid\u00e9ration \u00e0 l\u2019\u00e9gard du mouvement syndical - CITE ELEGANCE","robots":{"index":"index","follow":"follow","max-snippet":"max-snippet:-1","max-image-preview":"max-image-preview:large","max-video-preview":"max-video-preview:-1"},"canonical":"https:\/\/citeelegance.net\/?p=2837","og_locale":"fr_FR","og_type":"article","og_title":"Front social\u00a0: l\u2019UAS hausse le ton pour plus de consid\u00e9ration \u00e0 l\u2019\u00e9gard du mouvement syndical - CITE ELEGANCE","og_description":"Comme pr\u00e9vu lors de leur conf\u00e9rence de presse du 13 ao\u00fbt 2019, l\u2019Union d\u2019Action Syndicale (UAS) a bel et bien tenu sa rencontre nationale le 17 ao\u00fbt 2019 \u00e0 Ouagadougou. Ensemble, ses membres ont d\u00e9cid\u00e9 tenir des marches-meeting et d\u2019organiser un panel dans les jours \u00e0 venir afin de contraindre le gouvernement et le patronat [&hellip;]","og_url":"https:\/\/citeelegance.net\/?p=2837","og_site_name":"CITE ELEGANCE","article_published_time":"2019-08-18T23:07:43+00:00","article_modified_time":"2019-08-18T23:07:59+00:00","og_image":[{"width":1040,"height":780,"url":"https:\/\/citeelegance.net\/wp-content\/uploads\/2019\/08\/IMG-20190818-WA0008.jpg","type":"image\/jpeg"}],"twitter_misc":{"\u00c9crit par":"Adama OUEDRAOGO","Dur\u00e9e de lecture estim\u00e9e":"3 minutes"},"schema":{"@context":"https:\/\/schema.org","@graph":[{"@type":"WebSite","@id":"https:\/\/citeelegance.net\/#website","url":"https:\/\/citeelegance.net\/","name":"CITE ELEGANCE","description":"","potentialAction":[{"@type":"SearchAction","target":{"@type":"EntryPoint","urlTemplate":"https:\/\/citeelegance.net\/?s={search_term_string}"},"query-input":"required name=search_term_string"}],"inLanguage":"fr-FR"},{"@type":"ImageObject","@id":"https:\/\/citeelegance.net\/?p=2837#primaryimage","inLanguage":"fr-FR","url":"https:\/\/citeelegance.net\/wp-content\/uploads\/2019\/08\/IMG-20190818-WA0008.jpg","contentUrl":"https:\/\/citeelegance.net\/wp-content\/uploads\/2019\/08\/IMG-20190818-WA0008.jpg","width":1040,"height":780},{"@type":"WebPage","@id":"https:\/\/citeelegance.net\/?p=2837#webpage","url":"https:\/\/citeelegance.net\/?p=2837","name":"Front social\u00a0: l\u2019UAS hausse le ton pour plus de consid\u00e9ration \u00e0 l\u2019\u00e9gard du mouvement syndical - CITE ELEGANCE","isPartOf":{"@id":"https:\/\/citeelegance.net\/#website"},"primaryImageOfPage":{"@id":"https:\/\/citeelegance.net\/?p=2837#primaryimage"},"datePublished":"2019-08-18T23:07:43+00:00","dateModified":"2019-08-18T23:07:59+00:00","author":{"@id":"https:\/\/citeelegance.net\/#\/schema\/person\/4b3dc39431a8beca84e75fce0d70f5ff"},"breadcrumb":{"@id":"https:\/\/citeelegance.net\/?p=2837#breadcrumb"},"inLanguage":"fr-FR","potentialAction":[{"@type":"ReadAction","target":["https:\/\/citeelegance.net\/?p=2837"]}]},{"@type":"BreadcrumbList","@id":"https:\/\/citeelegance.net\/?p=2837#breadcrumb","itemListElement":[{"@type":"ListItem","position":1,"name":"Accueil","item":"https:\/\/citeelegance.net\/"},{"@type":"ListItem","position":2,"name":"Front social\u00a0: l\u2019UAS hausse le ton pour plus de consid\u00e9ration \u00e0 l\u2019\u00e9gard du mouvement syndical"}]},{"@type":"Person","@id":"https:\/\/citeelegance.net\/#\/schema\/person\/4b3dc39431a8beca84e75fce0d70f5ff","name":"Adama OUEDRAOGO","url":"https:\/\/citeelegance.net\/?author=2"}]}},"_links":{"self":[{"href":"https:\/\/citeelegance.net\/index.php?rest_route=\/wp\/v2\/posts\/2837"}],"collection":[{"href":"https:\/\/citeelegance.net\/index.php?rest_route=\/wp\/v2\/posts"}],"about":[{"href":"https:\/\/citeelegance.net\/index.php?rest_route=\/wp\/v2\/types\/post"}],"author":[{"embeddable":true,"href":"https:\/\/citeelegance.net\/index.php?rest_route=\/wp\/v2\/users\/2"}],"replies":[{"embeddable":true,"href":"https:\/\/citeelegance.net\/index.php?rest_route=%2Fwp%2Fv2%2Fcomments&post=2837"}],"version-history":[{"count":2,"href":"https:\/\/citeelegance.net\/index.php?rest_route=\/wp\/v2\/posts\/2837\/revisions"}],"predecessor-version":[{"id":2840,"href":"https:\/\/citeelegance.net\/index.php?rest_route=\/wp\/v2\/posts\/2837\/revisions\/2840"}],"wp:featuredmedia":[{"embeddable":true,"href":"https:\/\/citeelegance.net\/index.php?rest_route=\/wp\/v2\/media\/2838"}],"wp:attachment":[{"href":"https:\/\/citeelegance.net\/index.php?rest_route=%2Fwp%2Fv2%2Fmedia&parent=2837"}],"wp:term":[{"taxonomy":"category","embeddable":true,"href":"https:\/\/citeelegance.net\/index.php?rest_route=%2Fwp%2Fv2%2Fcategories&post=2837"},{"taxonomy":"post_tag","embeddable":true,"href":"https:\/\/citeelegance.net\/index.php?rest_route=%2Fwp%2Fv2%2Ftags&post=2837"}],"curies":[{"name":"wp","href":"https:\/\/api.w.org\/{rel}","templated":true}]}}