{"id":2831,"date":"2019-08-17T12:14:57","date_gmt":"2019-08-17T11:14:57","guid":{"rendered":"http:\/\/citeelegance.net\/?p=2831"},"modified":"2019-08-17T12:23:54","modified_gmt":"2019-08-17T11:23:54","slug":"entreprenariat-des-jeunes-les-laureats-du-burkina-font-le-bilan-de-leur-participation-au-forum-dabuja","status":"publish","type":"post","link":"https:\/\/citeelegance.net\/?p=2831","title":{"rendered":"Entreprenariat des jeunes : les laur\u00e9ats du Burkina font le bilan de leur participation au forum d&#8217;Abuja"},"content":{"rendered":"<p><strong><em>Les laur\u00e9ats du Burkina Faso ont fait le compte rendu du forum de l\u2019entreprenariat tenu du 25 au 27 juillet dernier \u00e0 Abuja au Nigeria ce vendredi 16 ao\u00fbt 2019 \u00e0 Ouagadougou. Quelques chefs d\u2019Etat et leurs \u00e9pouses ont pris part \u00e0 ce forum pour apporter leur soutien \u00e0 l\u2019initiative.<\/em><\/strong><\/p>\n<p>Avec l\u2019appui de la fondation Tony Elumelu en partenariat avec le PNUD, vingt (20)\u00a0 entrepreneurs burkinab\u00e8 ont pu participer au forum de l\u2019entreprenariat d\u2019Abuja au Nigeria. Apr\u00e8s leur retour du Nig\u00e9ria, les 20 entrepreneurs ont jug\u00e9 n\u00e9cessaire de faire le point de leur participation au forum. C\u2019est \u00e0 cet effet, qu\u2019ils ont anim\u00e9 une session de bilan et partage des acquis de leur participation le vendredi 16 ao\u00fbt 2019 \u00e0 Ouagadougou.<\/p>\n<p>Le porte-parole des laur\u00e9ats Enyi\/Ilboudo Edith, a signifi\u00e9 qu\u2019au cours de leur s\u00e9jour \u00e0 Abuja, plusieurs sujets ont \u00e9t\u00e9 d\u00e9velopp\u00e9s par les premi\u00e8res dames africaines dont celle du Mali, de la RDC, du Nigeria et par Tony Elumelu sur la question de l\u2019entreprenariat en Afrique. Pour elle, ce forum a \u00e9t\u00e9 enrichissant car chaque entrepreneur a appris davantage et a d\u00e9couvert les opportunit\u00e9s de partenariats qui s\u2019offrent \u00e0 lui. Mme Ilboudo a soulign\u00e9 que les Pr\u00e9sidents qui ont pris part \u00e0 cet \u00e9change ont montr\u00e9 leur int\u00e9r\u00eat pour le programme Tony Elumelu et leur volont\u00e9 d\u2019accompagner le d\u00e9veloppement de l\u2019entreprenariat dans leurs pays respectifs.<\/p>\n<p>Selon le repr\u00e9sentant r\u00e9sidant de PNUD au Burkina, \u00a0Mathieu Ciowela, les laur\u00e9ats ont pr\u00e9sent\u00e9 des projets porteurs qui, \u00e0 son avis, pourront conduire \u00e0 une transformation structurelle de l\u2019\u00e9conomie s\u2019ils sont mis \u00e0 l\u2019\u00e9chelle. <em>\u00ab\u00a0Je suis tr\u00e8s content et ravi de d\u00e9couvrir \u00e0 travers cette initiative, la capacit\u00e9 d\u2019innovation du jeune burkinab\u00e8\u00a0\u00bb<\/em>, s\u2019est-il r\u00e9jouit. Il a salu\u00e9 la coop\u00e9ration que le PNUD entretient avec la fondation Tony Elumelu, qui a permis de soutenir la participation des jeunes du Burkina Faso au forum d\u2019Abuja.<\/p>\n<p>Les laur\u00e9ats ont saisi cette occasion pour soumettre quelques dol\u00e9ances au repr\u00e9sentant du PNUD pour renforcer le syst\u00e8me de monitoring dont ils ont b\u00e9n\u00e9fici\u00e9 dans le programme TEF, mais qui selon eux n\u2019est pas assez suffisant pour la mise en \u0153uvre effective de leurs projets.<\/p>\n<p>Le directeur du partenariat et du suivi des initiatives entrepreneuriales des jeunes, Romain Kabor\u00e9, en tant que repr\u00e9sentant du minist\u00e8re de tutelle a trouv\u00e9 que ces dol\u00e9ances formul\u00e9es sont pertinentes \u00a0et dit rendre compte a qui d droit. <em>\u00ab\u00a0En principe, cela va en droite ligne avec ce que nous faisons quotidiennement en terme d\u2019appui technique\u00a0\u00bb,<\/em> a expliqu\u00e9 M. Kabor\u00e9.<\/p>\n<p>Les laur\u00e9ats ont adress\u00e9 leur remerciement \u00e0 l\u2019endroit du Projet \u00ab\u00a0Femmes \u2013Jeunes Entreprenariat et Citoyennet\u00e9\u00a0\u00bb (ProFeJec)\u00a0qui n\u2019a pas h\u00e9sit\u00e9 de les accompagner tout au long de leur s\u00e9jour au Nigeria.<\/p>\n<p><strong>Laya Zounouhan<\/strong><\/p>\n<aside class=\"mashsb-container mashsb-main mashsb-stretched\"><div class=\"mashsb-box\"><div class=\"mashsb-buttons\"><a class=\"mashicon-facebook mash-small mash-center mashsb-noshadow\" href=\"https:\/\/www.facebook.com\/sharer.php?u=https%3A%2F%2Fciteelegance.net%2F%3Fp%3D2831\" target=\"_top\" rel=\"nofollow\"><span class=\"icon\"><\/span><span class=\"text\">Partagez<\/span><\/a><a class=\"mashicon-twitter mash-small mash-center mashsb-noshadow\" href=\"https:\/\/twitter.com\/intent\/tweet?text=&url=https:\/\/citeelegance.net\/?p=2831\" target=\"_top\" rel=\"nofollow\"><span class=\"icon\"><\/span><span class=\"text\">Tweet<\/span><\/a><div class=\"onoffswitch2 mash-small mashsb-noshadow\" style=\"display:none;\"><\/div><\/div>\n            <\/div>\n                <div style=\"clear:both;\"><\/div><\/aside>\n            <!-- Share buttons by mashshare.net - Version: 3.8.0--><div class=\"pdf24Plugin-cp\"> \t<form name=\"pdf24Form0\" method=\"post\" action=\"https:\/\/doc2pdf.pdf24.org\/wordpress.php\" target=\"pdf24PopWin\" onsubmit=\"var pdf24Win = window.open('about:blank', 'pdf24PopWin', 'resizable=yes,scrollbars=yes,width=600,height=250,left='+(screen.width\/2-300)+',top='+(screen.height\/3-125)+''); pdf24Win.focus(); if(typeof pdf24OnCreatePDF === 'function'){void(pdf24OnCreatePDF(this,pdf24Win));}\"> \t\t<input type=\"hidden\" name=\"blogCharset\" value=\"Cw1x07UAAA==\" \/><input type=\"hidden\" name=\"blogPosts\" value=\"MwQA\" \/><input type=\"hidden\" name=\"blogUrl\" value=\"yygpKSi20tdPzixJTc1JTU\/MS07Vy0stAQA=\" \/><input type=\"hidden\" name=\"blogName\" value=\"c\/YMcVVw9XF1d\/RzdgUA\" \/><input type=\"hidden\" name=\"blogValueEncoding\" value=\"gzdeflate base64\" \/><input type=\"hidden\" name=\"postId_0\" value=\"M7IwNgQA\" \/><input type=\"hidden\" name=\"postTitle_0\" value=\"DYtBDsJADAO\/YgmJe3sB0ROVeIjLbqW0S7pKk0fxDj5GLvZIHr\/UrXarShM6Sj2x1dCsB1pmY9jvSz9RAnPYLkqsh3quWKRR85Mchk5zeUuny6FgpGbxQble7uNwm55LbPwD\" \/><input type=\"hidden\" name=\"postLink_0\" value=\"yygpKSi20tdPzixJTc1JTU\/MS07Vy0st0bcvsDWyMDYEAA==\" \/><input type=\"hidden\" name=\"postAuthor_0\" value=\"c0xJzE1U8A91dQly9Hf3BwA=\" \/><input type=\"hidden\" name=\"postDateTime_0\" value=\"MzIwtNQ1sNA1NFcwNLIysLAyNQcA\" \/><input type=\"hidden\" name=\"postContent_0\" value=\"rVZNbxzHEb37V1QWUOAAs7sSiTiOwqXASCQQRXIU28khl6B3pma36Z7uUX8stT75P\/jkG49i8hN84yJ\/xL8kr7pnxOWKMRIgxGKxnOmuflX13qs+6U9PQvTOrk5PuDt9xYGMSn53o2KgJtHvk\/9GW0UXKjhyNlKrdCTDVLuuj0yeLVbh0zqfOmqYzE\/f\/cA2eu7xTnmtIkW2ec3Rr0nh+zd0mbQxHLHcW82edtd0tkyXSl5\/oVeMXVQzbRDcc6PpyWek3O7HSEePn\/xWVv8pqZVqXFq5NKM\/JzZvE5DXa26BGgDOI45lAZp8oN1N71LAAkmg9zpQr3yUODikAMcCT6rvnY\/AI9souBQ1W1kmOWmrI5LRG56dzFGqk\/lYt3l\/+slJf3q24TqvRJikcykUotsGm5ylr53d0rlJHZtECCsQxgKpvJXpzRd\/eVHRRttVpE+PHv\/q9po+lDJnsiztWO7el1xSDqNr3QO1+vkuSF0Oqzyjs97v3oeSsecoZWjy690N3ld4EVD1Axhy9mXCErK7m5pDUNqzHNvmH8ikd9rGDEQCjyBLJUacM3ouKMPQCTSsbTlW9DZJuU05Rlnd4ZxkmdDBIPsRdamNstJgiaxWcnYgVb9N6O3Dh5r\/lk5jO19JEmjRFHGcKSfcSePcbvX8D2bpUuPovNFxXZGioFdWtxp4cw5ItHZSrxFS2N1cSoVHvlfUmxR0rmlIlxxLzrubiBDN7mbDxvX97iYTNrcCLej07r3Hz0Z1knTrda20lQeyt2YjYBO9VkZXAwu\/fPG8GtqatVUKd5+SAbiwVIQUhyo\/QCIQ9wwnYtWM3kgqclx1pyM1gGcLWGsNZggmnFWvFTbd4xEWQyoix0ZtsE76CGRKMkfdNuxjztllWSboTyoBXHvSCQCsKQCoa1uEzVwySc\/odcc0NkiJmA2akzvDOeobdDLoBltKjAe8QToB3Ba45G2HL2wqrQS9oZDdP2KxDqG8dyuvOhx7X+rFhWjjjLO5r8KMWvxTrWw2m7tWc8eDbB7Qr7JhMLRebQPUGnquo27DB85+hSCZ6rIP6SGC1L9kqkpk8RiR4ODsFd1ev1ZxDRLSc+2u2Ayiv+N6qUwJJ\/gzDV1ma1aIIEIFKylaEH1vdKhyWXxmJCwwiS3gtcg4eiQCtnRFmHDRVMfkC29L5tJ\/6zrNubNiBSE3AN0Z3FgaIztmJGPr9p+31y+xWOQfs59hf5RSovoeeCTwwCqvs\/6AAgQL0mWMsTtzr0QEtepVrcdmaWvdpoCFhi5Zkrgz4tvr2x\/zQKgyWKhnqo2UHErXcQYOCv2UScIchHYOgvYlXOFiaUnutgyccRz8p+FRZboqguV3xe5kUrHVWb\/3XU96lQF\/PMzvpsU4F\/as77D9MPigh1q5ulbZhzPxcXaHx2jv23EMN85gp63FndIBFYEiZ5v3gtqAUBcNhG2Iu\/dd5gCUpqPzmIPF1MZhsNzdQMIt8pPWFD3s6+78oqIOUIspZDFwekd2GDO9AqIQ+FswpW119qaiXiXcEneif30PinAeRbXwYfTuD5zfHxANaF2LACSv\/YHOOVPwMVMv7PEr3LNArURqd12q6EuHBCz9US0dylYJpFw4ocpHpewQV6pWhm8EC0RECuQG0Qevq+93RISX8B8PmgKLIqYH1BLgBIIb9zufJ+V4x1O5nA013gmhR8GdW\/FLK3cPGQCo4UYJ3LwMRYPdcqFynclBFpcwuSHgXOmQi7oB3W3xPMkThOZij\/kGFbleWxk1IrEqawxY+F1v8BDZvZ6NZfoZ5iokEsLo2pie7GtdjhysRHIF4kzN3GKS7C64k\/H603ffvyz6OT8YhBF2Gd1WEoBRCET6FPsv+CXXuLhJyYR3KrNuLQ5czDOb677\/484VRShg6+qjm8LeVW3Mcbyvv1JbRX9zCWXFjDq4jioZbVQb0H0x6VRYh+VUPFFuCp6GB5lpw+8g7gNPbSanJ43eHGxduncPP08xopt4p\/bfaBw1bVXNS+e+ySdMQ6eMKT9rYdsHENaFNe5eVxNae24Xk3WMfXg6n19dXc3GEDNUa45lnv2sX\/fP0iKvenR89ujoAh94NbPhlVB8hn7I0+OL\/tHxi6PPj59MoCC\/4riY\/D26fgISmMXEutYZg2NRzx53yQG9IJ\/I3R7P7r+J\/C5OTt+U++a344q5eij1eKXjmOL\/nvmwOyet8xjDI+b4TCAsfpm8WYxLDxOfP+sX\/++Uv5az9\/PdowGmdNsG4K3XR4fZ3sswxK3hxaTRoTdq+9Q6y7+TQxFr+P6E9v4eeJQfy9FDqNqw8k+XLq73AmXaH4T6xXRKXwl3aGArLbcFoDyUqtGU\/oq7AGbaUzqefT57PJ2e\/hs=\" \/> \t\t<a href=\"https:\/\/www.pdf24.org\" target=\"_blank\" title=\"www.pdf24.org\" rel=\"nofollow\"><img src=\"https:\/\/citeelegance.net\/wp-content\/plugins\/pdf24-posts-to-pdf\/img\/pdf_32x32.png\" alt=\"\" border=\"0\" height=\"32\" \/><\/a> \t\t<span class=\"pdf24Plugin-cp-space\">&nbsp;&nbsp;<\/span> \t\t<span class=\"pdf24Plugin-cp-text\">Send article as PDF<\/span> \t\t<span class=\"pdf24Plugin-cp-space\">&nbsp;&nbsp;<\/span> \t\t<input class=\"pdf24Plugin-cp-input\" style=\"margin: 0px;\" type=\"text\" name=\"sendEmailTo\" placeholder=\"Enter email address\" \/> \t\t<input class=\"pdf24Plugin-cp-submit\" style=\"margin: 0px;\" type=\"submit\" value=\"Send\" \/> \t<\/form> <\/div>","protected":false},"excerpt":{"rendered":"<p>Les laur\u00e9ats du Burkina Faso ont fait le compte rendu du forum de l\u2019entreprenariat tenu du 25 au 27 juillet dernier \u00e0 Abuja au Nigeria ce vendredi 16 ao\u00fbt 2019 \u00e0 Ouagadougou. Quelques chefs d\u2019Etat et leurs \u00e9pouses ont pris part \u00e0 ce forum pour apporter leur soutien \u00e0 l\u2019initiative. Avec l\u2019appui de la fondation [&hellip;]<\/p>\n","protected":false},"author":2,"featured_media":2832,"comment_status":"open","ping_status":"closed","sticky":false,"template":"","format":"standard","meta":{"footnotes":""},"categories":[2,1],"tags":[],"yoast_head":"<!-- This site is optimized with the Yoast SEO plugin v18.1 - https:\/\/yoast.com\/wordpress\/plugins\/seo\/ -->\n<title>Entreprenariat des jeunes : les laur\u00e9ats du Burkina font le bilan de leur participation au forum d&#039;Abuja - CITE ELEGANCE<\/title>\n<meta name=\"robots\" content=\"index, follow, max-snippet:-1, max-image-preview:large, max-video-preview:-1\" \/>\n<link rel=\"canonical\" href=\"https:\/\/citeelegance.net\/?p=2831\" \/>\n<meta property=\"og:locale\" content=\"fr_FR\" \/>\n<meta property=\"og:type\" content=\"article\" \/>\n<meta property=\"og:title\" content=\"Entreprenariat des jeunes : les laur\u00e9ats du Burkina font le bilan de leur participation au forum d&#039;Abuja - CITE ELEGANCE\" \/>\n<meta property=\"og:description\" content=\"Les laur\u00e9ats du Burkina Faso ont fait le compte rendu du forum de l\u2019entreprenariat tenu du 25 au 27 juillet dernier \u00e0 Abuja au Nigeria ce vendredi 16 ao\u00fbt 2019 \u00e0 Ouagadougou. Quelques chefs d\u2019Etat et leurs \u00e9pouses ont pris part \u00e0 ce forum pour apporter leur soutien \u00e0 l\u2019initiative. Avec l\u2019appui de la fondation [&hellip;]\" \/>\n<meta property=\"og:url\" content=\"https:\/\/citeelegance.net\/?p=2831\" \/>\n<meta property=\"og:site_name\" content=\"CITE ELEGANCE\" \/>\n<meta property=\"article:published_time\" content=\"2019-08-17T11:14:57+00:00\" \/>\n<meta property=\"article:modified_time\" content=\"2019-08-17T11:23:54+00:00\" \/>\n<meta property=\"og:image\" content=\"https:\/\/citeelegance.net\/wp-content\/uploads\/2019\/08\/IMG-20190816-WA0001.jpg\" \/>\n\t<meta property=\"og:image:width\" content=\"1080\" \/>\n\t<meta property=\"og:image:height\" content=\"607\" \/>\n\t<meta property=\"og:image:type\" content=\"image\/jpeg\" \/>\n<meta name=\"twitter:label1\" content=\"\u00c9crit par\" \/>\n\t<meta name=\"twitter:data1\" content=\"Adama OUEDRAOGO\" \/>\n\t<meta name=\"twitter:label2\" content=\"Dur\u00e9e de lecture estim\u00e9e\" \/>\n\t<meta name=\"twitter:data2\" content=\"2 minutes\" \/>\n<script type=\"application\/ld+json\" class=\"yoast-schema-graph\">{\"@context\":\"https:\/\/schema.org\",\"@graph\":[{\"@type\":\"WebSite\",\"@id\":\"https:\/\/citeelegance.net\/#website\",\"url\":\"https:\/\/citeelegance.net\/\",\"name\":\"CITE ELEGANCE\",\"description\":\"\",\"potentialAction\":[{\"@type\":\"SearchAction\",\"target\":{\"@type\":\"EntryPoint\",\"urlTemplate\":\"https:\/\/citeelegance.net\/?s={search_term_string}\"},\"query-input\":\"required name=search_term_string\"}],\"inLanguage\":\"fr-FR\"},{\"@type\":\"ImageObject\",\"@id\":\"https:\/\/citeelegance.net\/?p=2831#primaryimage\",\"inLanguage\":\"fr-FR\",\"url\":\"https:\/\/citeelegance.net\/wp-content\/uploads\/2019\/08\/IMG-20190816-WA0001.jpg\",\"contentUrl\":\"https:\/\/citeelegance.net\/wp-content\/uploads\/2019\/08\/IMG-20190816-WA0001.jpg\",\"width\":1080,\"height\":607},{\"@type\":\"WebPage\",\"@id\":\"https:\/\/citeelegance.net\/?p=2831#webpage\",\"url\":\"https:\/\/citeelegance.net\/?p=2831\",\"name\":\"Entreprenariat des jeunes : les laur\u00e9ats du Burkina font le bilan de leur participation au forum d'Abuja - CITE ELEGANCE\",\"isPartOf\":{\"@id\":\"https:\/\/citeelegance.net\/#website\"},\"primaryImageOfPage\":{\"@id\":\"https:\/\/citeelegance.net\/?p=2831#primaryimage\"},\"datePublished\":\"2019-08-17T11:14:57+00:00\",\"dateModified\":\"2019-08-17T11:23:54+00:00\",\"author\":{\"@id\":\"https:\/\/citeelegance.net\/#\/schema\/person\/4b3dc39431a8beca84e75fce0d70f5ff\"},\"breadcrumb\":{\"@id\":\"https:\/\/citeelegance.net\/?p=2831#breadcrumb\"},\"inLanguage\":\"fr-FR\",\"potentialAction\":[{\"@type\":\"ReadAction\",\"target\":[\"https:\/\/citeelegance.net\/?p=2831\"]}]},{\"@type\":\"BreadcrumbList\",\"@id\":\"https:\/\/citeelegance.net\/?p=2831#breadcrumb\",\"itemListElement\":[{\"@type\":\"ListItem\",\"position\":1,\"name\":\"Accueil\",\"item\":\"https:\/\/citeelegance.net\/\"},{\"@type\":\"ListItem\",\"position\":2,\"name\":\"Entreprenariat des jeunes : les laur\u00e9ats du Burkina font le bilan de leur participation au forum d&#8217;Abuja\"}]},{\"@type\":\"Person\",\"@id\":\"https:\/\/citeelegance.net\/#\/schema\/person\/4b3dc39431a8beca84e75fce0d70f5ff\",\"name\":\"Adama OUEDRAOGO\",\"url\":\"https:\/\/citeelegance.net\/?author=2\"}]}<\/script>\n<!-- \/ Yoast SEO plugin. -->","yoast_head_json":{"title":"Entreprenariat des jeunes : les laur\u00e9ats du Burkina font le bilan de leur participation au forum d'Abuja - CITE ELEGANCE","robots":{"index":"index","follow":"follow","max-snippet":"max-snippet:-1","max-image-preview":"max-image-preview:large","max-video-preview":"max-video-preview:-1"},"canonical":"https:\/\/citeelegance.net\/?p=2831","og_locale":"fr_FR","og_type":"article","og_title":"Entreprenariat des jeunes : les laur\u00e9ats du Burkina font le bilan de leur participation au forum d'Abuja - CITE ELEGANCE","og_description":"Les laur\u00e9ats du Burkina Faso ont fait le compte rendu du forum de l\u2019entreprenariat tenu du 25 au 27 juillet dernier \u00e0 Abuja au Nigeria ce vendredi 16 ao\u00fbt 2019 \u00e0 Ouagadougou. Quelques chefs d\u2019Etat et leurs \u00e9pouses ont pris part \u00e0 ce forum pour apporter leur soutien \u00e0 l\u2019initiative. Avec l\u2019appui de la fondation [&hellip;]","og_url":"https:\/\/citeelegance.net\/?p=2831","og_site_name":"CITE ELEGANCE","article_published_time":"2019-08-17T11:14:57+00:00","article_modified_time":"2019-08-17T11:23:54+00:00","og_image":[{"width":1080,"height":607,"url":"https:\/\/citeelegance.net\/wp-content\/uploads\/2019\/08\/IMG-20190816-WA0001.jpg","type":"image\/jpeg"}],"twitter_misc":{"\u00c9crit par":"Adama OUEDRAOGO","Dur\u00e9e de lecture estim\u00e9e":"2 minutes"},"schema":{"@context":"https:\/\/schema.org","@graph":[{"@type":"WebSite","@id":"https:\/\/citeelegance.net\/#website","url":"https:\/\/citeelegance.net\/","name":"CITE ELEGANCE","description":"","potentialAction":[{"@type":"SearchAction","target":{"@type":"EntryPoint","urlTemplate":"https:\/\/citeelegance.net\/?s={search_term_string}"},"query-input":"required name=search_term_string"}],"inLanguage":"fr-FR"},{"@type":"ImageObject","@id":"https:\/\/citeelegance.net\/?p=2831#primaryimage","inLanguage":"fr-FR","url":"https:\/\/citeelegance.net\/wp-content\/uploads\/2019\/08\/IMG-20190816-WA0001.jpg","contentUrl":"https:\/\/citeelegance.net\/wp-content\/uploads\/2019\/08\/IMG-20190816-WA0001.jpg","width":1080,"height":607},{"@type":"WebPage","@id":"https:\/\/citeelegance.net\/?p=2831#webpage","url":"https:\/\/citeelegance.net\/?p=2831","name":"Entreprenariat des jeunes : les laur\u00e9ats du Burkina font le bilan de leur participation au forum d'Abuja - CITE ELEGANCE","isPartOf":{"@id":"https:\/\/citeelegance.net\/#website"},"primaryImageOfPage":{"@id":"https:\/\/citeelegance.net\/?p=2831#primaryimage"},"datePublished":"2019-08-17T11:14:57+00:00","dateModified":"2019-08-17T11:23:54+00:00","author":{"@id":"https:\/\/citeelegance.net\/#\/schema\/person\/4b3dc39431a8beca84e75fce0d70f5ff"},"breadcrumb":{"@id":"https:\/\/citeelegance.net\/?p=2831#breadcrumb"},"inLanguage":"fr-FR","potentialAction":[{"@type":"ReadAction","target":["https:\/\/citeelegance.net\/?p=2831"]}]},{"@type":"BreadcrumbList","@id":"https:\/\/citeelegance.net\/?p=2831#breadcrumb","itemListElement":[{"@type":"ListItem","position":1,"name":"Accueil","item":"https:\/\/citeelegance.net\/"},{"@type":"ListItem","position":2,"name":"Entreprenariat des jeunes : les laur\u00e9ats du Burkina font le bilan de leur participation au forum d&#8217;Abuja"}]},{"@type":"Person","@id":"https:\/\/citeelegance.net\/#\/schema\/person\/4b3dc39431a8beca84e75fce0d70f5ff","name":"Adama OUEDRAOGO","url":"https:\/\/citeelegance.net\/?author=2"}]}},"_links":{"self":[{"href":"https:\/\/citeelegance.net\/index.php?rest_route=\/wp\/v2\/posts\/2831"}],"collection":[{"href":"https:\/\/citeelegance.net\/index.php?rest_route=\/wp\/v2\/posts"}],"about":[{"href":"https:\/\/citeelegance.net\/index.php?rest_route=\/wp\/v2\/types\/post"}],"author":[{"embeddable":true,"href":"https:\/\/citeelegance.net\/index.php?rest_route=\/wp\/v2\/users\/2"}],"replies":[{"embeddable":true,"href":"https:\/\/citeelegance.net\/index.php?rest_route=%2Fwp%2Fv2%2Fcomments&post=2831"}],"version-history":[{"count":4,"href":"https:\/\/citeelegance.net\/index.php?rest_route=\/wp\/v2\/posts\/2831\/revisions"}],"predecessor-version":[{"id":2836,"href":"https:\/\/citeelegance.net\/index.php?rest_route=\/wp\/v2\/posts\/2831\/revisions\/2836"}],"wp:featuredmedia":[{"embeddable":true,"href":"https:\/\/citeelegance.net\/index.php?rest_route=\/wp\/v2\/media\/2832"}],"wp:attachment":[{"href":"https:\/\/citeelegance.net\/index.php?rest_route=%2Fwp%2Fv2%2Fmedia&parent=2831"}],"wp:term":[{"taxonomy":"category","embeddable":true,"href":"https:\/\/citeelegance.net\/index.php?rest_route=%2Fwp%2Fv2%2Fcategories&post=2831"},{"taxonomy":"post_tag","embeddable":true,"href":"https:\/\/citeelegance.net\/index.php?rest_route=%2Fwp%2Fv2%2Ftags&post=2831"}],"curies":[{"name":"wp","href":"https:\/\/api.w.org\/{rel}","templated":true}]}}