{"id":2826,"date":"2019-08-15T14:36:06","date_gmt":"2019-08-15T13:36:06","guid":{"rendered":"http:\/\/citeelegance.net\/?p=2826"},"modified":"2019-08-15T17:20:34","modified_gmt":"2019-08-15T16:20:34","slug":"cooperative-de-lhabitat-la-cite-de-la-liberte-sortira-bientot-de-terre","status":"publish","type":"post","link":"https:\/\/citeelegance.net\/?p=2826","title":{"rendered":"Coop\u00e9rative de l&#8217;habitat : La cit\u00e9 de la libert\u00e9 sortira bient\u00f4t de terre"},"content":{"rendered":"<p>&nbsp;<\/p>\n<p><strong>Le ministre de l\u2019urbanisme et de l\u2019habitat, Dieudonn\u00e9 Maurice BONANET et le pr\u00e9sident de la coop\u00e9rative de l\u2019habitat des journalistes et communicateurs du Burkina Faso, Fousseni Kindo, ont proc\u00e9d\u00e9 le mercredi 14 ao\u00fbt 2019 \u00e0 la signature d\u2019une convention \u00e0 Ouagadougou. Cette convention entre dans<\/strong> <strong>le cadre du programme des 40 000 logements. Elle s&#8217;attarde sur une cinquantaine de logements qui constituera la cit\u00e9 de la libert\u00e9 destin\u00e9e aux hommes de m\u00e9dias.<\/strong><\/p>\n<p><strong>\u00a0<\/strong><\/p>\n<p>Dans le cadre de la mise en \u0153uvre du Programme National de Construction des Logements (PNCL) connu sous le nom du programme 40 000 logements, le ministre de l\u2019urbanisme et de l\u2019habitat, Dieudonn\u00e9 Maurice BONANET et le pr\u00e9sident de la coop\u00e9rative de l\u2019habitat des journalistes et communicateurs du Burkina (CHJCB), Fousseni Kindo, ont sign\u00e9 une convention afin de mettre le programme en \u0153uvre. Ce programme vise \u00e0 faciliter l\u2019acc\u00e8s \u00e0 un logement d\u00e9cent pour chaque membre de la coop\u00e9rative; am\u00e9liorer le cadre et les conditions de vie dans l\u2019ensemble ; promouvoir le logement collectif pour une exploitation optimale du foncier et une densification du tissu urbain.<\/p>\n<p>Selon le ministre, son minist\u00e8re accompagnera la coop\u00e9rative en termes \u00a0de fourniture de parcelles, d\u2019encadrement sur le plan des services techniques et de suivi des travaux qui seront ex\u00e9cut\u00e9s. \u00ab\u00a0Nous allons \u00e9galement au niveau des institutions bancaires apporter notre appui pour que le financement soit mis en place dans un bref d\u00e9lai afin que nous puissions inaugurer la premi\u00e8re tranche de la cit\u00e9 de la libert\u00e9. Et que d\u2019autres tranches et d\u2019autres secteurs d\u2019activit\u00e9 puissent s\u2019organiser en coop\u00e9rative pour apporter leur contribution \u00e0 la r\u00e9alisation du programme de construction des logements sociaux. \u00bb, a-t-il ajout\u00e9.<\/p>\n<p>Il a tenu a clarifi\u00e9 que ce ne sont pas des parcelles qu\u2019il octroie.\u00a0\u00abIl faut que cela soit clair, c\u2019est pour permettre \u00e0 cette cat\u00e9gorie de la population que sont les journalistes de pouvoir avoir acc\u00e8s \u00e0 des logements d\u00e9cents, \u00e0 des co\u00fbts abordables avec l\u2019appui de l\u2019Etat\u00a0\u00bb, a- t-il dit.<\/p>\n<p>Quant aux b\u00e9n\u00e9ficiaires, c\u2019est une joie \u00a0pour eux de pouvoir proc\u00e9der \u00e0 la signature de la convention. Le pr\u00e9sident de la coop\u00e9rative, Fousseni Kindo\u00a0 a expliqu\u00e9 que les journalistes et communicateurs du priv\u00e9 ou du public int\u00e9ress\u00e9s devront \u00eatre membres de la coop\u00e9rative, justifier leur qualit\u00e9 de journaliste ou de communicateur et payer\u00a0 la somme de 7 millions 500 mille francs CFA. Il a expliqu\u00e9\u00a0: \u00ab\u00a0Lors du premier versement, il faut payer 40% de ce montant. Au titre des modalit\u00e9s d\u2019acquisition de ces logements, il y a entre autres la location-vente l\u2019acquisition directe, au cas o\u00f9 l\u2019int\u00e9ress\u00e9 aura le montant cash ; et l\u2019allocation vente\u00a0\u00bb.<\/p>\n<p>Le ministre a reconnu que le programme a connu des difficult\u00e9s li\u00e9es\u00a0 \u00e0 des questions comme la mobilisation fonci\u00e8re, les capacit\u00e9s des soci\u00e9t\u00e9s immobili\u00e8res priv\u00e9es, etc. et a rassur\u00e9 que toutes ces questions ont \u00e9t\u00e9 prises en compte.<\/p>\n<p><strong>ASSATA SINARE<\/strong><\/p>\n<aside class=\"mashsb-container mashsb-main mashsb-stretched\"><div class=\"mashsb-box\"><div class=\"mashsb-buttons\"><a class=\"mashicon-facebook mash-small mash-center mashsb-noshadow\" href=\"https:\/\/www.facebook.com\/sharer.php?u=https%3A%2F%2Fciteelegance.net%2F%3Fp%3D2826\" target=\"_top\" rel=\"nofollow\"><span class=\"icon\"><\/span><span class=\"text\">Partagez<\/span><\/a><a class=\"mashicon-twitter mash-small mash-center mashsb-noshadow\" href=\"https:\/\/twitter.com\/intent\/tweet?text=&url=https:\/\/citeelegance.net\/?p=2826\" target=\"_top\" rel=\"nofollow\"><span class=\"icon\"><\/span><span class=\"text\">Tweet<\/span><\/a><div class=\"onoffswitch2 mash-small mashsb-noshadow\" style=\"display:none;\"><\/div><\/div>\n            <\/div>\n                <div style=\"clear:both;\"><\/div><\/aside>\n            <!-- Share buttons by mashshare.net - Version: 3.8.0--><div class=\"pdf24Plugin-cp\"> \t<form name=\"pdf24Form0\" method=\"post\" action=\"https:\/\/doc2pdf.pdf24.org\/wordpress.php\" target=\"pdf24PopWin\" onsubmit=\"var pdf24Win = window.open('about:blank', 'pdf24PopWin', 'resizable=yes,scrollbars=yes,width=600,height=250,left='+(screen.width\/2-300)+',top='+(screen.height\/3-125)+''); pdf24Win.focus(); if(typeof pdf24OnCreatePDF === 'function'){void(pdf24OnCreatePDF(this,pdf24Win));}\"> \t\t<input type=\"hidden\" name=\"blogCharset\" value=\"Cw1x07UAAA==\" \/><input type=\"hidden\" name=\"blogPosts\" value=\"MwQA\" \/><input type=\"hidden\" name=\"blogUrl\" value=\"yygpKSi20tdPzixJTc1JTU\/MS07Vy0stAQA=\" \/><input type=\"hidden\" name=\"blogName\" value=\"c\/YMcVVw9XF1d\/RzdgUA\" \/><input type=\"hidden\" name=\"blogValueEncoding\" value=\"gzdeflate base64\" \/><input type=\"hidden\" name=\"postId_0\" value=\"M7IwMgMA\" \/><input type=\"hidden\" name=\"postTitle_0\" value=\"c87PLzi8siixJLMsVSElVSFHTdnCyNDcOiMxKbMksUTBSsEnUSE5s+TwSrBsokJOZlJqEYhbnF9UklmUqJCUmZpXcnhLCUi+JLWoKBUA\" \/><input type=\"hidden\" name=\"postLink_0\" value=\"yygpKSi20tdPzixJTc1JTU\/MS07Vy0st0bcvsDWyMDIDAA==\" \/><input type=\"hidden\" name=\"postAuthor_0\" value=\"805MSS0CAA==\" \/><input type=\"hidden\" name=\"postDateTime_0\" value=\"MzIwtNQ1sNA1NFUwNLEysLAyMAMA\" \/><input type=\"hidden\" name=\"postContent_0\" value=\"1VdNbxy5Eb3vr2AmsLELzIxkeZN1JI0MWbawmyhaJzJyDThszgy9bLLNj5GUU\/5DTrnpuMr+gmBvM8gfyS\/Jq2J3qzUrIAmQSwzDcrPZxVevXr2ijpuT524em6Pjvebks+Pm5Dim4N3y5EKL2jiDJy0qLew\/\/\/zXHOYSK7UWOnVrKzk3SaaxeGt0rrxz23vxW5mDUVq8+fby9PLdB9pttWjC9j6aSrvyrRTK+2Z7H2Qya70TDo9RfPQ5OGkBAQ+IoXxdZ2eUTDqHKKos3uTwnXFSnMvox+Lc5xi1M+I3xlV49jipCV5t7yuAAoJaBxV0ZcSLL4X02x+TONh\/8SuxvSM00SydTJmypVSdxnluDbTGO9rybZZLWfm89HkqznRKjzbgB30pXTzeawkUHZM4WcmKXmfCswyyrjVn+OW+2N\/fF9YvdY0IcSreWeyOz3\/+6uDFV0cyJRlATMxBMCDjPmXpkjSuENZ9Jz5lQ2hiMinrIJldk5B1YdqauQ7lEVtQIi1kvhErEAoU2FODIyPjtAe\/q4bN3U9evUWy4iE3Pqg2EeJw4h9\/yeuS8Ps+4UtJTElLW88Ia8iKuSMmLvpUPn9\/eXbxBWXjsogoKZ3hfP2YvV3mxlzf\/xe9fn729a\/P3nzxtGRJiAC1o0C5MI4rBeUhQ8bXkdETTsIcrK+pGpDuQipjTdKBIUultt9HWs+uJ1CgRRT9bJCEUCv5KdNZ9bwv7TD7IyGhGGt8oJidBJi2SKArQ5hZWWtT2oKP1i4iJD44IpS1z2tvOEAPQ3k0AGSxKECIBH3TWE8kEw2+SaaWlqW18E4ZAMC5mRvCRbMgullUWSQTYxYkAuOmnWqvtMXbgVjGEJlrn7bfIw3w4+tGLl3XSMOyg2rwSF2zuUN2Cyq5Ka4B5mVQGvihxoqzZV44L2phqpmVRe9RhzUkFxFNrZwB27EVacxmbXhPCnJNbUrNjf2kDX2DMmV0Mqxi88Pm7pL6Q1pLZG\/vlyCGT5NZOKDFD4pjii+UkqAjlDQBy7JpfCBROE+KwiPOYdap9gALxWFzix8VoO4mApCEaosKBUEhC1KPlaaIlL52hAvxYuRDESgvM4tFovK6Nsw0EnRq1QvsCcOCISYOSHzKnEKhhb4qfD0sR8im9BlrHNXieAyCM8CyD0syBNKMe1xXzrtnxGpqAhAezDx3AwCw4AjU373Chm5e\/HfoaQ\/2HL0yqCRq9uNYyEmaGCsk7IIy7IT5DZagBpgeqLAyQMqAT7mDbMg78jiTkUP3SsMG5IVwXsGdjZ5u7jY\/INQCrLQf02yj6iGoCWOhSJmxbfSGtMyGggRVGWoSqJY+mK4ujW+yLSlTQMZhd+2uYgq5nWX5t3eZx1S0PoMWaV8pGsRQ49yHSs4psFxrVZyKJdk67Ts4AJJjAgUzCJfp2fsdzUUeavPtPewTPmBY5g8Jk0d8BEXoXM5dY\/MAdntTQPV\/ch9o\/a\/z4qm4+DfTYdfYN3coKvkYGr0tqv2PBkYTzBof+MwPeW6NQjOhQMgsAgDOXrMxbP9GRSyGHZ9E9DHDBRamUzcuErZruAEOPko\/RkLQGnmrw6YQ41vBfwVDsJYb\/BeYxfQA06DujOLs\/HQqWNJ92pu7Q\/asC9\/lBh8AnLUOkcUxFqYVLp+GGf+MsSAvpIj6TsUpuXqZ8BGrVcmh63kYZTRt+wk1lB2HviU0fE9rLYOMxpd5MaHa6nY+DuJAQrCVMTmqQu\/57d95z6AGeEVzogdJ+1YYcDQNKZrtjhB8BEm4V+3wjg130eXS09rvg7nI9jZESVdmAW1ny2lbWISOKEvbSzRGis0rLhLdyPzc9JbFE5Osd1wmtWykagnUxaW29\/xo6vId7Y2tCqmXdFJTygxgJYZraMWcYGUU7xEEluU9e3CA58biuXWT9HT3dnl6dXX64VRcfXN5+vt3OxdNSV1G5hXjbFSD2zifkDXTJTiIdqHGU\/d\/YjNhQFSjk+PKrHc+nfubp9dzSkCNd3L4xuCoCe5Peu79d3zCJOL+Yct\/yckeQDgfV\/gN4XokVpiJs9EqpSYe7u1dX19PuxBTMLCHbZiF02bVvM4z3vXs5emzg3P8RTm0tnpJg3fqdKLVl+fNs5dvD14d\/HIk8AvBUqfZ6I\/JNyMoxs5Gzi9wacKxoLPB9aJFT8ixtEdrj98kfZNGJ+9lSHKp\/9Tt2JNPpZ6uTepS\/O8zb7\/mpNEy+AZLWqfXBGH2PAc767buJr73upn9r1P+QGcP8x3IwCPmIgKvWh3sZvsow5hurZ6NKhNxD7o9dN7pIzoUsdp\/PxODP08s8TId3YZSVstwOPdpNQjEst8J9bPJRFyRdkSrVjG\/LQBpkVgTE\/EH2Cn671C8nL6a7k8mJ\/8C\" \/> \t\t<a href=\"https:\/\/www.pdf24.org\" target=\"_blank\" title=\"www.pdf24.org\" rel=\"nofollow\"><img src=\"https:\/\/citeelegance.net\/wp-content\/plugins\/pdf24-posts-to-pdf\/img\/pdf_32x32.png\" alt=\"\" border=\"0\" height=\"32\" \/><\/a> \t\t<span class=\"pdf24Plugin-cp-space\">&nbsp;&nbsp;<\/span> \t\t<span class=\"pdf24Plugin-cp-text\">Send article as PDF<\/span> \t\t<span class=\"pdf24Plugin-cp-space\">&nbsp;&nbsp;<\/span> \t\t<input class=\"pdf24Plugin-cp-input\" style=\"margin: 0px;\" type=\"text\" name=\"sendEmailTo\" placeholder=\"Enter email address\" \/> \t\t<input class=\"pdf24Plugin-cp-submit\" style=\"margin: 0px;\" type=\"submit\" value=\"Send\" \/> \t<\/form> <\/div>","protected":false},"excerpt":{"rendered":"<p>&nbsp; Le ministre de l\u2019urbanisme et de l\u2019habitat, Dieudonn\u00e9 Maurice BONANET et le pr\u00e9sident de la coop\u00e9rative de l\u2019habitat des journalistes et communicateurs du Burkina Faso, Fousseni Kindo, ont proc\u00e9d\u00e9 le mercredi 14 ao\u00fbt 2019 \u00e0 la signature d\u2019une convention \u00e0 Ouagadougou. Cette convention entre dans le cadre du programme des 40 000 logements. Elle [&hellip;]<\/p>\n","protected":false},"author":3,"featured_media":2828,"comment_status":"open","ping_status":"closed","sticky":false,"template":"","format":"standard","meta":{"footnotes":""},"categories":[2,6,16],"tags":[],"yoast_head":"<!-- This site is optimized with the Yoast SEO plugin v18.1 - https:\/\/yoast.com\/wordpress\/plugins\/seo\/ -->\n<title>Coop\u00e9rative de l&#039;habitat : La cit\u00e9 de la libert\u00e9 sortira bient\u00f4t de terre - CITE ELEGANCE<\/title>\n<meta name=\"robots\" content=\"index, follow, max-snippet:-1, max-image-preview:large, max-video-preview:-1\" \/>\n<link rel=\"canonical\" href=\"https:\/\/citeelegance.net\/?p=2826\" \/>\n<meta property=\"og:locale\" content=\"fr_FR\" \/>\n<meta property=\"og:type\" content=\"article\" \/>\n<meta property=\"og:title\" content=\"Coop\u00e9rative de l&#039;habitat : La cit\u00e9 de la libert\u00e9 sortira bient\u00f4t de terre - CITE ELEGANCE\" \/>\n<meta property=\"og:description\" content=\"&nbsp; Le ministre de l\u2019urbanisme et de l\u2019habitat, Dieudonn\u00e9 Maurice BONANET et le pr\u00e9sident de la coop\u00e9rative de l\u2019habitat des journalistes et communicateurs du Burkina Faso, Fousseni Kindo, ont proc\u00e9d\u00e9 le mercredi 14 ao\u00fbt 2019 \u00e0 la signature d\u2019une convention \u00e0 Ouagadougou. Cette convention entre dans le cadre du programme des 40 000 logements. Elle [&hellip;]\" \/>\n<meta property=\"og:url\" content=\"https:\/\/citeelegance.net\/?p=2826\" \/>\n<meta property=\"og:site_name\" content=\"CITE ELEGANCE\" \/>\n<meta property=\"article:published_time\" content=\"2019-08-15T13:36:06+00:00\" \/>\n<meta property=\"article:modified_time\" content=\"2019-08-15T16:20:34+00:00\" \/>\n<meta property=\"og:image\" content=\"https:\/\/citeelegance.net\/wp-content\/uploads\/2019\/08\/IMG-20190814-WA0018.jpg\" \/>\n\t<meta property=\"og:image:width\" content=\"960\" \/>\n\t<meta property=\"og:image:height\" content=\"540\" \/>\n\t<meta property=\"og:image:type\" content=\"image\/jpeg\" \/>\n<meta name=\"twitter:label1\" content=\"\u00c9crit par\" \/>\n\t<meta name=\"twitter:data1\" content=\"Kader\" \/>\n\t<meta name=\"twitter:label2\" content=\"Dur\u00e9e de lecture estim\u00e9e\" \/>\n\t<meta name=\"twitter:data2\" content=\"3 minutes\" \/>\n<script type=\"application\/ld+json\" class=\"yoast-schema-graph\">{\"@context\":\"https:\/\/schema.org\",\"@graph\":[{\"@type\":\"WebSite\",\"@id\":\"https:\/\/citeelegance.net\/#website\",\"url\":\"https:\/\/citeelegance.net\/\",\"name\":\"CITE ELEGANCE\",\"description\":\"\",\"potentialAction\":[{\"@type\":\"SearchAction\",\"target\":{\"@type\":\"EntryPoint\",\"urlTemplate\":\"https:\/\/citeelegance.net\/?s={search_term_string}\"},\"query-input\":\"required name=search_term_string\"}],\"inLanguage\":\"fr-FR\"},{\"@type\":\"ImageObject\",\"@id\":\"https:\/\/citeelegance.net\/?p=2826#primaryimage\",\"inLanguage\":\"fr-FR\",\"url\":\"https:\/\/citeelegance.net\/wp-content\/uploads\/2019\/08\/IMG-20190814-WA0018.jpg\",\"contentUrl\":\"https:\/\/citeelegance.net\/wp-content\/uploads\/2019\/08\/IMG-20190814-WA0018.jpg\",\"width\":960,\"height\":540},{\"@type\":\"WebPage\",\"@id\":\"https:\/\/citeelegance.net\/?p=2826#webpage\",\"url\":\"https:\/\/citeelegance.net\/?p=2826\",\"name\":\"Coop\u00e9rative de l'habitat : La cit\u00e9 de la libert\u00e9 sortira bient\u00f4t de terre - CITE ELEGANCE\",\"isPartOf\":{\"@id\":\"https:\/\/citeelegance.net\/#website\"},\"primaryImageOfPage\":{\"@id\":\"https:\/\/citeelegance.net\/?p=2826#primaryimage\"},\"datePublished\":\"2019-08-15T13:36:06+00:00\",\"dateModified\":\"2019-08-15T16:20:34+00:00\",\"author\":{\"@id\":\"https:\/\/citeelegance.net\/#\/schema\/person\/e06163d4cd2cfc8a3cfc96dc84443ae4\"},\"breadcrumb\":{\"@id\":\"https:\/\/citeelegance.net\/?p=2826#breadcrumb\"},\"inLanguage\":\"fr-FR\",\"potentialAction\":[{\"@type\":\"ReadAction\",\"target\":[\"https:\/\/citeelegance.net\/?p=2826\"]}]},{\"@type\":\"BreadcrumbList\",\"@id\":\"https:\/\/citeelegance.net\/?p=2826#breadcrumb\",\"itemListElement\":[{\"@type\":\"ListItem\",\"position\":1,\"name\":\"Accueil\",\"item\":\"https:\/\/citeelegance.net\/\"},{\"@type\":\"ListItem\",\"position\":2,\"name\":\"Coop\u00e9rative de l&#8217;habitat : La cit\u00e9 de la libert\u00e9 sortira bient\u00f4t de terre\"}]},{\"@type\":\"Person\",\"@id\":\"https:\/\/citeelegance.net\/#\/schema\/person\/e06163d4cd2cfc8a3cfc96dc84443ae4\",\"name\":\"Kader\",\"url\":\"https:\/\/citeelegance.net\/?author=3\"}]}<\/script>\n<!-- \/ Yoast SEO plugin. -->","yoast_head_json":{"title":"Coop\u00e9rative de l'habitat : La cit\u00e9 de la libert\u00e9 sortira bient\u00f4t de terre - CITE ELEGANCE","robots":{"index":"index","follow":"follow","max-snippet":"max-snippet:-1","max-image-preview":"max-image-preview:large","max-video-preview":"max-video-preview:-1"},"canonical":"https:\/\/citeelegance.net\/?p=2826","og_locale":"fr_FR","og_type":"article","og_title":"Coop\u00e9rative de l'habitat : La cit\u00e9 de la libert\u00e9 sortira bient\u00f4t de terre - CITE ELEGANCE","og_description":"&nbsp; Le ministre de l\u2019urbanisme et de l\u2019habitat, Dieudonn\u00e9 Maurice BONANET et le pr\u00e9sident de la coop\u00e9rative de l\u2019habitat des journalistes et communicateurs du Burkina Faso, Fousseni Kindo, ont proc\u00e9d\u00e9 le mercredi 14 ao\u00fbt 2019 \u00e0 la signature d\u2019une convention \u00e0 Ouagadougou. Cette convention entre dans le cadre du programme des 40 000 logements. Elle [&hellip;]","og_url":"https:\/\/citeelegance.net\/?p=2826","og_site_name":"CITE ELEGANCE","article_published_time":"2019-08-15T13:36:06+00:00","article_modified_time":"2019-08-15T16:20:34+00:00","og_image":[{"width":960,"height":540,"url":"https:\/\/citeelegance.net\/wp-content\/uploads\/2019\/08\/IMG-20190814-WA0018.jpg","type":"image\/jpeg"}],"twitter_misc":{"\u00c9crit par":"Kader","Dur\u00e9e de lecture estim\u00e9e":"3 minutes"},"schema":{"@context":"https:\/\/schema.org","@graph":[{"@type":"WebSite","@id":"https:\/\/citeelegance.net\/#website","url":"https:\/\/citeelegance.net\/","name":"CITE ELEGANCE","description":"","potentialAction":[{"@type":"SearchAction","target":{"@type":"EntryPoint","urlTemplate":"https:\/\/citeelegance.net\/?s={search_term_string}"},"query-input":"required name=search_term_string"}],"inLanguage":"fr-FR"},{"@type":"ImageObject","@id":"https:\/\/citeelegance.net\/?p=2826#primaryimage","inLanguage":"fr-FR","url":"https:\/\/citeelegance.net\/wp-content\/uploads\/2019\/08\/IMG-20190814-WA0018.jpg","contentUrl":"https:\/\/citeelegance.net\/wp-content\/uploads\/2019\/08\/IMG-20190814-WA0018.jpg","width":960,"height":540},{"@type":"WebPage","@id":"https:\/\/citeelegance.net\/?p=2826#webpage","url":"https:\/\/citeelegance.net\/?p=2826","name":"Coop\u00e9rative de l'habitat : La cit\u00e9 de la libert\u00e9 sortira bient\u00f4t de terre - CITE ELEGANCE","isPartOf":{"@id":"https:\/\/citeelegance.net\/#website"},"primaryImageOfPage":{"@id":"https:\/\/citeelegance.net\/?p=2826#primaryimage"},"datePublished":"2019-08-15T13:36:06+00:00","dateModified":"2019-08-15T16:20:34+00:00","author":{"@id":"https:\/\/citeelegance.net\/#\/schema\/person\/e06163d4cd2cfc8a3cfc96dc84443ae4"},"breadcrumb":{"@id":"https:\/\/citeelegance.net\/?p=2826#breadcrumb"},"inLanguage":"fr-FR","potentialAction":[{"@type":"ReadAction","target":["https:\/\/citeelegance.net\/?p=2826"]}]},{"@type":"BreadcrumbList","@id":"https:\/\/citeelegance.net\/?p=2826#breadcrumb","itemListElement":[{"@type":"ListItem","position":1,"name":"Accueil","item":"https:\/\/citeelegance.net\/"},{"@type":"ListItem","position":2,"name":"Coop\u00e9rative de l&#8217;habitat : La cit\u00e9 de la libert\u00e9 sortira bient\u00f4t de terre"}]},{"@type":"Person","@id":"https:\/\/citeelegance.net\/#\/schema\/person\/e06163d4cd2cfc8a3cfc96dc84443ae4","name":"Kader","url":"https:\/\/citeelegance.net\/?author=3"}]}},"_links":{"self":[{"href":"https:\/\/citeelegance.net\/index.php?rest_route=\/wp\/v2\/posts\/2826"}],"collection":[{"href":"https:\/\/citeelegance.net\/index.php?rest_route=\/wp\/v2\/posts"}],"about":[{"href":"https:\/\/citeelegance.net\/index.php?rest_route=\/wp\/v2\/types\/post"}],"author":[{"embeddable":true,"href":"https:\/\/citeelegance.net\/index.php?rest_route=\/wp\/v2\/users\/3"}],"replies":[{"embeddable":true,"href":"https:\/\/citeelegance.net\/index.php?rest_route=%2Fwp%2Fv2%2Fcomments&post=2826"}],"version-history":[{"count":2,"href":"https:\/\/citeelegance.net\/index.php?rest_route=\/wp\/v2\/posts\/2826\/revisions"}],"predecessor-version":[{"id":2829,"href":"https:\/\/citeelegance.net\/index.php?rest_route=\/wp\/v2\/posts\/2826\/revisions\/2829"}],"wp:featuredmedia":[{"embeddable":true,"href":"https:\/\/citeelegance.net\/index.php?rest_route=\/wp\/v2\/media\/2828"}],"wp:attachment":[{"href":"https:\/\/citeelegance.net\/index.php?rest_route=%2Fwp%2Fv2%2Fmedia&parent=2826"}],"wp:term":[{"taxonomy":"category","embeddable":true,"href":"https:\/\/citeelegance.net\/index.php?rest_route=%2Fwp%2Fv2%2Fcategories&post=2826"},{"taxonomy":"post_tag","embeddable":true,"href":"https:\/\/citeelegance.net\/index.php?rest_route=%2Fwp%2Fv2%2Ftags&post=2826"}],"curies":[{"name":"wp","href":"https:\/\/api.w.org\/{rel}","templated":true}]}}