{"id":2822,"date":"2019-08-14T16:13:42","date_gmt":"2019-08-14T15:13:42","guid":{"rendered":"http:\/\/citeelegance.net\/?p=2822"},"modified":"2019-08-14T16:13:42","modified_gmt":"2019-08-14T15:13:42","slug":"entrepreneuriat-social-au-burkina-faso-une-strategie-pour-booster-le-developpement-durable","status":"publish","type":"post","link":"https:\/\/citeelegance.net\/?p=2822","title":{"rendered":"Entrepreneuriat social au Burkina Faso: une strat\u00e9gie pour booster le d\u00e9veloppement durable"},"content":{"rendered":"<p><strong><em>Ce mercredi 14 ao\u00fbt 2019, le Projet Femmes-Jeunes Entreprenants et Citoyennet\u00e9 (ProFeJeC) avec l\u2019appui du Luxembourg AID &amp; DEVELOPMENT et le Minist\u00e8re de la jeunesse, ont organis\u00e9 \u00e0 Ouagadougou un panel sous le th\u00e8me\u00a0:\u00a0\u00ab\u00a0Entrepreneuriat Social\u00a0: facteur d\u2019acc\u00e9l\u00e9ration des objectifs de d\u00e9veloppement durable\u00a0\u00bb. Anim\u00e9 par Me Halidou Ou\u00e9draogo, Dr Sylvestre Ou\u00e9draogo et Aur\u00e9lie Bureth, l\u2019objectif de ce panel c\u2019est de partager les id\u00e9es et les exp\u00e9riences afin d\u2019inciter les femmes et les jeunes \u00e0 se tourner vers l\u2019entrepreneuriat social<\/em><\/strong><em>.<\/em><\/p>\n<p>Le panel sur l\u2019entrepreneuriat social intervient au profit de l\u2019am\u00e9lioration de la contribution des jeunes et des femmes au d\u00e9veloppement \u00e9conomique et social durable du Burkina Faso. \u00c0 travers L\u2019autonomisation \u00e9conomique et la contribution des jeunes et des femmes, le pays pourra faire face aux probl\u00e8mes soci\u00e9taux, gr\u00e2ce \u00e0 une culture de paix et de valeurs civiques.<\/p>\n<p>A la question de savoir qu\u2019est-ce que l\u2019entrepreneuriat social\u00a0? Me Halidou Ou\u00e9draogo r\u00e9pond que l\u2019entrepreneuriat social c\u2019est une entreprise qui est utile \u00e0 son pays. Pour lui, l\u2019entrepreneur social met l\u2019accent sur le groupe social, il doit g\u00e9n\u00e9rer de la valeur ajout\u00e9e. <em>\u00ab\u00a0Avec l\u2019ins\u00e9curit\u00e9, le d\u00e9veloppement est beaucoup plus difficile et les plans d\u2019entrepreneuriat sont souvent r\u00e9duits \u00e0 n\u00e9ant. Mais il faut savoir que l\u2019entrepreneuriat c\u2019est faire face \u00e0 ses difficult\u00e9s et d\u00e9velopper des initiatives. C\u2019est en somme un comportement qui fait face \u00e0 une situation particuli\u00e8re\u00a0\u00bb,<\/em> a-t-il expliqu\u00e9.<\/p>\n<p>Le Dr Sylvestre Ou\u00e9draogo, lors de son allocution, a soutenu que le d\u00e9fi majeur de l\u2019entrepreneur social c\u2019est\u00a0de contribuer \u00e0 une meilleure connaissance de l\u2019entrepreneuriat social \u00e0 travers sa d\u00e9finition et sa pratique, mettre en exergue les liens entre la pratique de l\u2019entrepreneuriat social et la r\u00e9alisation des objectifs de d\u00e9veloppement durable. Il souligne que l\u2019entrepreneur social n\u2019est pas forc\u00e9ment un leader mais qu\u2019il peut \u00eatre cach\u00e9 et mener des activit\u00e9s pour changer le monde.<\/p>\n<p>Quant \u00e0 Aur\u00e9lie Bureth, repr\u00e9sentante Entrepreneurs du\u00a0Monde au Burkina, elle soutient que l\u2019entreprenariat social n\u00e9cessite une forte responsabilit\u00e9\u00a0: <em>\u00abIl faut tester, exp\u00e9rimenter et avancer\u00a0\u00bb<\/em>, a-t-elle soulign\u00e9.<\/p>\n<p>Cette strat\u00e9gie est un v\u00e9ritable moyen d\u2019acc\u00e9l\u00e9ration des objectifs de d\u00e9veloppement durable pour les panelistes. Les participants ont \u00e9t\u00e9 sensibilis\u00e9s \u00e0 l\u2019entrepreneuriat innovant \u00e0 fort impact social et environnemental.<\/p>\n<p><strong>Isma\u00ebl Kiekieta\u00a0et Zonouhan Laya (stagiaire)<\/strong><\/p>\n<aside class=\"mashsb-container mashsb-main mashsb-stretched\"><div class=\"mashsb-box\"><div class=\"mashsb-buttons\"><a class=\"mashicon-facebook mash-small mash-center mashsb-noshadow\" href=\"https:\/\/www.facebook.com\/sharer.php?u=https%3A%2F%2Fciteelegance.net%2F%3Fp%3D2822\" target=\"_top\" rel=\"nofollow\"><span class=\"icon\"><\/span><span class=\"text\">Partagez<\/span><\/a><a class=\"mashicon-twitter mash-small mash-center mashsb-noshadow\" href=\"https:\/\/twitter.com\/intent\/tweet?text=&url=https:\/\/citeelegance.net\/?p=2822\" target=\"_top\" rel=\"nofollow\"><span class=\"icon\"><\/span><span class=\"text\">Tweet<\/span><\/a><div class=\"onoffswitch2 mash-small mashsb-noshadow\" style=\"display:none;\"><\/div><\/div>\n            <\/div>\n                <div style=\"clear:both;\"><\/div><\/aside>\n            <!-- Share buttons by mashshare.net - Version: 3.8.0--><div class=\"pdf24Plugin-cp\"> \t<form name=\"pdf24Form0\" method=\"post\" action=\"https:\/\/doc2pdf.pdf24.org\/wordpress.php\" target=\"pdf24PopWin\" onsubmit=\"var pdf24Win = window.open('about:blank', 'pdf24PopWin', 'resizable=yes,scrollbars=yes,width=600,height=250,left='+(screen.width\/2-300)+',top='+(screen.height\/3-125)+''); pdf24Win.focus(); if(typeof pdf24OnCreatePDF === 'function'){void(pdf24OnCreatePDF(this,pdf24Win));}\"> \t\t<input type=\"hidden\" name=\"blogCharset\" value=\"Cw1x07UAAA==\" \/><input type=\"hidden\" name=\"blogPosts\" value=\"MwQA\" \/><input type=\"hidden\" name=\"blogUrl\" value=\"yygpKSi20tdPzixJTc1JTU\/MS07Vy0stAQA=\" \/><input type=\"hidden\" name=\"blogName\" value=\"c\/YMcVVw9XF1d\/RzdgUA\" \/><input type=\"hidden\" name=\"blogValueEncoding\" value=\"gzdeflate base64\" \/><input type=\"hidden\" name=\"postId_0\" value=\"M7IwMgIA\" \/><input type=\"hidden\" name=\"postTitle_0\" value=\"BcHRDYAwCAXAVd4cfproHlRfTGOFhoI7OUcX827TcHanMr1KYNhRpUESa\/pdVbDLsAWpxAiXmN9ViW7pKGYj6GjEOb+XzXrnQw2c6VIafw==\" \/><input type=\"hidden\" name=\"postLink_0\" value=\"yygpKSi20tdPzixJTc1JTU\/MS07Vy0st0bcvsDWyMDICAA==\" \/><input type=\"hidden\" name=\"postAuthor_0\" value=\"c0xJzE1U8A91dQly9Hf3BwA=\" \/><input type=\"hidden\" name=\"postDateTime_0\" value=\"MzIwtNQ1sNA1NFEwNLMysLAyMQIA\" \/><input type=\"hidden\" name=\"postContent_0\" value=\"rVZNcxNHEL3zKzqqgoIqSQY7B2Isuxx\/VEzs4BQUh1xSo1VLGrM7s5kP2c6Jv5GbKicUfgI37T\/JL8nr2V0jhF2ESigK7NmZ7tevX7+ZnXJ3xwdnzWR3h4vdA6aCXeZ4pOnJt6Rs9SHQ5uMn33UpZzp39oIDHXNRsO8952jY05EJjkvHRpngCZ8PdLDXbAyHakEPceaYn\/PBI1Izzij\/++0fqiyjplGk03jFxdBGN6H9k0N6oIryGR0evT46fXF+dvTTK4mGtGfaaB+qd45pxJQrukiZPXfJmkDWTRQ2IFk1pxdRTdTIxomNFA2VynBO3kYvgcK0elfwcr69nC\/fL+c3yDk6rQK9tJlWOT7TWGUBizQStFlWLfJq4VTQ1gCBJzu84CzosRc8o2ox49yWJRcMNKPo1DBHkuWHPu0bXQBXqRydMf2gcg1owFgtRk7Zie3SoaOX1\/mM0QNe+SCV70eHxJrp++g4TLuJuza1ZM64qS\/DB0SQNaQKasIO5XrSwMa+ZhH\/XZWoQrPJ8Isaa5PK0ybTodk\/To1t99csC6ke1KFLBttm7HwCwmvk+UTezgZEtLOxoqh+s1Tu3tspd09byB7s3h2GtAGmmRZCVaTS2bFO5SX5FEKLvemHKCKDEJwexpsWNeA5pN+awhBqrVvVAidtoX+LLHub7E0PRaLg\/o02io6Vt32q3lJwKnFwKkhiSKd9DWUt2L+FlUarVNeeSpDsFNSnIQZokIH4Sqof5iJcn\/BVi4DVLk1c9Sd2oD0ISVnMQ6wHpFT6qs5AM5WDV0+Zngkq32\/7sC\/oZKXl0KuZ1Q5LtZR6iCxl3N2i5Xzvdk0TVFtaM\/rC+RvRCvpmi\/aSVVNaDjpP1XlrEjt9Orcimqi7n4VtYxZCez2z0t0kMgZTNpbc7OmSRoMt5DSpFgYDAVHXGqrJInVhI5yL+yTyFZ\/Yb41LG7hMhirwPXVtTU2Ce8gqZshHZQ7TGenxWGdSSTNUZa6MT4P3OS2C2MaZRAKHo6hDmj6AhLX26UxpL+DHkN3Hft3OcUvuipTSHLeIoJZqUevwpgSXNAmvDYigYUl9OmjCsAEyaFUsNbNFaV2oK5ZuIUe4SSHd9DrEeiLEjSSZFvMWS+wmNyDVCz1UAkfKoctq0V\/xhzscEXxblwxXBKHy3GZprLqkhLXAJtZspK6MNRXqIlk436mWhqTlXLy0mVSw0FRRsM5FEOmbAfdewTlvi7ciapxtDcKrGojwCcTiLgqzDGIAsytSlQLBLF+xmyTkcFZYnq\/HQSTZbv9C1tpsoBkMo\/+qa6pPJ+l6zPXE3D7xbQ7TSKFU8C3rcCemOBBEzmoE2gqRZ\/IPdLZkaLT6S8rIVDbFHQiMONCIDNcrHClJUDyPsqky9aVFBayDb\/Twc1Ti0vPPL0MBiPPAgB1Mq3c56o3L+ZkEEstvLLxLjH4mrehaumvFqlVKMXS4JqFkTmIYi+KR08PZvBrqXMDLS6H2iJNmKgMYYtdtr1phCFWhdDUT8TgZgTQB3TQCLSBhf2UIDiANrENISDJBzbVN0kxihnQzFfLC+g\/Pk5r2ZEhyHeN5JeN+mn6XkdVles3ZdEXKOw5Eey11e2kaGnKbHLUxdtY0TBgjXZRo9YpM2cw0ngYmgVH5TcntG\/TEF6p6n9OPmt9oDmo5x6FfcKtGKIRO1bWihx4PHC2+9ujjQyOFUV7LJOfK+0GnUH7qhz2Za6VN0mdagExN+7NYTMimPOrs7oz0bO3o0F7dvh4Drn2Pb2r1i0aqntjg0No3KUMPxeR5\/WNWS6EJYayf4pV62aGp4\/GgMw2h9NsbG5eXl\/02RB9Gu4FtuKD65bTci4O06\/7W\/v3NY\/yVZxvnPBFh9fHYltWt4\/L+1uHm083NDgXlJhwGnV+DLTuQbj7oGDu2MM5LQPdocItekHfk1Ya1T78Evgqd3fP6Tfl7u2ND3VZ6uNShLfHrK29Op6Ll8WcClpjDnkAYPIguH7Rb1wvf2CsH\/3fJryT3ar0rMoAax2MPvNl0c73aTyr04TrnQWekPW79621jDT+TpIjV\/HuPVv7cspSWJXUTKoPXuu2hDdOVQEn2a6G+6fXopWiHGrXS8LoGKIvCGvXoNa4peMY2bfWf9h\/3erv\/AA==\" \/> \t\t<a href=\"https:\/\/www.pdf24.org\" target=\"_blank\" title=\"www.pdf24.org\" rel=\"nofollow\"><img src=\"https:\/\/citeelegance.net\/wp-content\/plugins\/pdf24-posts-to-pdf\/img\/pdf_32x32.png\" alt=\"\" border=\"0\" height=\"32\" \/><\/a> \t\t<span class=\"pdf24Plugin-cp-space\">&nbsp;&nbsp;<\/span> \t\t<span class=\"pdf24Plugin-cp-text\">Send article as PDF<\/span> \t\t<span class=\"pdf24Plugin-cp-space\">&nbsp;&nbsp;<\/span> \t\t<input class=\"pdf24Plugin-cp-input\" style=\"margin: 0px;\" type=\"text\" name=\"sendEmailTo\" placeholder=\"Enter email address\" \/> \t\t<input class=\"pdf24Plugin-cp-submit\" style=\"margin: 0px;\" type=\"submit\" value=\"Send\" \/> \t<\/form> <\/div>","protected":false},"excerpt":{"rendered":"<p>Ce mercredi 14 ao\u00fbt 2019, le Projet Femmes-Jeunes Entreprenants et Citoyennet\u00e9 (ProFeJeC) avec l\u2019appui du Luxembourg AID &amp; DEVELOPMENT et le Minist\u00e8re de la jeunesse, ont organis\u00e9 \u00e0 Ouagadougou un panel sous le th\u00e8me\u00a0:\u00a0\u00ab\u00a0Entrepreneuriat Social\u00a0: facteur d\u2019acc\u00e9l\u00e9ration des objectifs de d\u00e9veloppement durable\u00a0\u00bb. Anim\u00e9 par Me Halidou Ou\u00e9draogo, Dr Sylvestre Ou\u00e9draogo et Aur\u00e9lie Bureth, l\u2019objectif de [&hellip;]<\/p>\n","protected":false},"author":2,"featured_media":2823,"comment_status":"open","ping_status":"closed","sticky":false,"template":"","format":"standard","meta":{"footnotes":""},"categories":[2,7],"tags":[],"yoast_head":"<!-- This site is optimized with the Yoast SEO plugin v18.1 - https:\/\/yoast.com\/wordpress\/plugins\/seo\/ -->\n<title>Entrepreneuriat social au Burkina Faso: une strat\u00e9gie pour booster le d\u00e9veloppement durable - CITE ELEGANCE<\/title>\n<meta name=\"robots\" content=\"index, follow, max-snippet:-1, max-image-preview:large, max-video-preview:-1\" \/>\n<link rel=\"canonical\" href=\"https:\/\/citeelegance.net\/?p=2822\" \/>\n<meta property=\"og:locale\" content=\"fr_FR\" \/>\n<meta property=\"og:type\" content=\"article\" \/>\n<meta property=\"og:title\" content=\"Entrepreneuriat social au Burkina Faso: une strat\u00e9gie pour booster le d\u00e9veloppement durable - CITE ELEGANCE\" \/>\n<meta property=\"og:description\" content=\"Ce mercredi 14 ao\u00fbt 2019, le Projet Femmes-Jeunes Entreprenants et Citoyennet\u00e9 (ProFeJeC) avec l\u2019appui du Luxembourg AID &amp; DEVELOPMENT et le Minist\u00e8re de la jeunesse, ont organis\u00e9 \u00e0 Ouagadougou un panel sous le th\u00e8me\u00a0:\u00a0\u00ab\u00a0Entrepreneuriat Social\u00a0: facteur d\u2019acc\u00e9l\u00e9ration des objectifs de d\u00e9veloppement durable\u00a0\u00bb. Anim\u00e9 par Me Halidou Ou\u00e9draogo, Dr Sylvestre Ou\u00e9draogo et Aur\u00e9lie Bureth, l\u2019objectif de [&hellip;]\" \/>\n<meta property=\"og:url\" content=\"https:\/\/citeelegance.net\/?p=2822\" \/>\n<meta property=\"og:site_name\" content=\"CITE ELEGANCE\" \/>\n<meta property=\"article:published_time\" content=\"2019-08-14T15:13:42+00:00\" \/>\n<meta property=\"og:image\" content=\"https:\/\/citeelegance.net\/wp-content\/uploads\/2019\/08\/IMG-20190814-WA0009.jpg\" \/>\n\t<meta property=\"og:image:width\" content=\"1052\" \/>\n\t<meta property=\"og:image:height\" content=\"592\" \/>\n\t<meta property=\"og:image:type\" content=\"image\/jpeg\" \/>\n<meta name=\"twitter:label1\" content=\"\u00c9crit par\" \/>\n\t<meta name=\"twitter:data1\" content=\"Adama OUEDRAOGO\" \/>\n\t<meta name=\"twitter:label2\" content=\"Dur\u00e9e de lecture estim\u00e9e\" \/>\n\t<meta name=\"twitter:data2\" content=\"2 minutes\" \/>\n<script type=\"application\/ld+json\" class=\"yoast-schema-graph\">{\"@context\":\"https:\/\/schema.org\",\"@graph\":[{\"@type\":\"WebSite\",\"@id\":\"https:\/\/citeelegance.net\/#website\",\"url\":\"https:\/\/citeelegance.net\/\",\"name\":\"CITE ELEGANCE\",\"description\":\"\",\"potentialAction\":[{\"@type\":\"SearchAction\",\"target\":{\"@type\":\"EntryPoint\",\"urlTemplate\":\"https:\/\/citeelegance.net\/?s={search_term_string}\"},\"query-input\":\"required name=search_term_string\"}],\"inLanguage\":\"fr-FR\"},{\"@type\":\"ImageObject\",\"@id\":\"https:\/\/citeelegance.net\/?p=2822#primaryimage\",\"inLanguage\":\"fr-FR\",\"url\":\"https:\/\/citeelegance.net\/wp-content\/uploads\/2019\/08\/IMG-20190814-WA0009.jpg\",\"contentUrl\":\"https:\/\/citeelegance.net\/wp-content\/uploads\/2019\/08\/IMG-20190814-WA0009.jpg\",\"width\":1052,\"height\":592},{\"@type\":\"WebPage\",\"@id\":\"https:\/\/citeelegance.net\/?p=2822#webpage\",\"url\":\"https:\/\/citeelegance.net\/?p=2822\",\"name\":\"Entrepreneuriat social au Burkina Faso: une strat\u00e9gie pour booster le d\u00e9veloppement durable - CITE ELEGANCE\",\"isPartOf\":{\"@id\":\"https:\/\/citeelegance.net\/#website\"},\"primaryImageOfPage\":{\"@id\":\"https:\/\/citeelegance.net\/?p=2822#primaryimage\"},\"datePublished\":\"2019-08-14T15:13:42+00:00\",\"dateModified\":\"2019-08-14T15:13:42+00:00\",\"author\":{\"@id\":\"https:\/\/citeelegance.net\/#\/schema\/person\/4b3dc39431a8beca84e75fce0d70f5ff\"},\"breadcrumb\":{\"@id\":\"https:\/\/citeelegance.net\/?p=2822#breadcrumb\"},\"inLanguage\":\"fr-FR\",\"potentialAction\":[{\"@type\":\"ReadAction\",\"target\":[\"https:\/\/citeelegance.net\/?p=2822\"]}]},{\"@type\":\"BreadcrumbList\",\"@id\":\"https:\/\/citeelegance.net\/?p=2822#breadcrumb\",\"itemListElement\":[{\"@type\":\"ListItem\",\"position\":1,\"name\":\"Accueil\",\"item\":\"https:\/\/citeelegance.net\/\"},{\"@type\":\"ListItem\",\"position\":2,\"name\":\"Entrepreneuriat social au Burkina Faso: une strat\u00e9gie pour booster le d\u00e9veloppement durable\"}]},{\"@type\":\"Person\",\"@id\":\"https:\/\/citeelegance.net\/#\/schema\/person\/4b3dc39431a8beca84e75fce0d70f5ff\",\"name\":\"Adama OUEDRAOGO\",\"url\":\"https:\/\/citeelegance.net\/?author=2\"}]}<\/script>\n<!-- \/ Yoast SEO plugin. -->","yoast_head_json":{"title":"Entrepreneuriat social au Burkina Faso: une strat\u00e9gie pour booster le d\u00e9veloppement durable - CITE ELEGANCE","robots":{"index":"index","follow":"follow","max-snippet":"max-snippet:-1","max-image-preview":"max-image-preview:large","max-video-preview":"max-video-preview:-1"},"canonical":"https:\/\/citeelegance.net\/?p=2822","og_locale":"fr_FR","og_type":"article","og_title":"Entrepreneuriat social au Burkina Faso: une strat\u00e9gie pour booster le d\u00e9veloppement durable - CITE ELEGANCE","og_description":"Ce mercredi 14 ao\u00fbt 2019, le Projet Femmes-Jeunes Entreprenants et Citoyennet\u00e9 (ProFeJeC) avec l\u2019appui du Luxembourg AID &amp; DEVELOPMENT et le Minist\u00e8re de la jeunesse, ont organis\u00e9 \u00e0 Ouagadougou un panel sous le th\u00e8me\u00a0:\u00a0\u00ab\u00a0Entrepreneuriat Social\u00a0: facteur d\u2019acc\u00e9l\u00e9ration des objectifs de d\u00e9veloppement durable\u00a0\u00bb. Anim\u00e9 par Me Halidou Ou\u00e9draogo, Dr Sylvestre Ou\u00e9draogo et Aur\u00e9lie Bureth, l\u2019objectif de [&hellip;]","og_url":"https:\/\/citeelegance.net\/?p=2822","og_site_name":"CITE ELEGANCE","article_published_time":"2019-08-14T15:13:42+00:00","og_image":[{"width":1052,"height":592,"url":"https:\/\/citeelegance.net\/wp-content\/uploads\/2019\/08\/IMG-20190814-WA0009.jpg","type":"image\/jpeg"}],"twitter_misc":{"\u00c9crit par":"Adama OUEDRAOGO","Dur\u00e9e de lecture estim\u00e9e":"2 minutes"},"schema":{"@context":"https:\/\/schema.org","@graph":[{"@type":"WebSite","@id":"https:\/\/citeelegance.net\/#website","url":"https:\/\/citeelegance.net\/","name":"CITE ELEGANCE","description":"","potentialAction":[{"@type":"SearchAction","target":{"@type":"EntryPoint","urlTemplate":"https:\/\/citeelegance.net\/?s={search_term_string}"},"query-input":"required name=search_term_string"}],"inLanguage":"fr-FR"},{"@type":"ImageObject","@id":"https:\/\/citeelegance.net\/?p=2822#primaryimage","inLanguage":"fr-FR","url":"https:\/\/citeelegance.net\/wp-content\/uploads\/2019\/08\/IMG-20190814-WA0009.jpg","contentUrl":"https:\/\/citeelegance.net\/wp-content\/uploads\/2019\/08\/IMG-20190814-WA0009.jpg","width":1052,"height":592},{"@type":"WebPage","@id":"https:\/\/citeelegance.net\/?p=2822#webpage","url":"https:\/\/citeelegance.net\/?p=2822","name":"Entrepreneuriat social au Burkina Faso: une strat\u00e9gie pour booster le d\u00e9veloppement durable - CITE ELEGANCE","isPartOf":{"@id":"https:\/\/citeelegance.net\/#website"},"primaryImageOfPage":{"@id":"https:\/\/citeelegance.net\/?p=2822#primaryimage"},"datePublished":"2019-08-14T15:13:42+00:00","dateModified":"2019-08-14T15:13:42+00:00","author":{"@id":"https:\/\/citeelegance.net\/#\/schema\/person\/4b3dc39431a8beca84e75fce0d70f5ff"},"breadcrumb":{"@id":"https:\/\/citeelegance.net\/?p=2822#breadcrumb"},"inLanguage":"fr-FR","potentialAction":[{"@type":"ReadAction","target":["https:\/\/citeelegance.net\/?p=2822"]}]},{"@type":"BreadcrumbList","@id":"https:\/\/citeelegance.net\/?p=2822#breadcrumb","itemListElement":[{"@type":"ListItem","position":1,"name":"Accueil","item":"https:\/\/citeelegance.net\/"},{"@type":"ListItem","position":2,"name":"Entrepreneuriat social au Burkina Faso: une strat\u00e9gie pour booster le d\u00e9veloppement durable"}]},{"@type":"Person","@id":"https:\/\/citeelegance.net\/#\/schema\/person\/4b3dc39431a8beca84e75fce0d70f5ff","name":"Adama OUEDRAOGO","url":"https:\/\/citeelegance.net\/?author=2"}]}},"_links":{"self":[{"href":"https:\/\/citeelegance.net\/index.php?rest_route=\/wp\/v2\/posts\/2822"}],"collection":[{"href":"https:\/\/citeelegance.net\/index.php?rest_route=\/wp\/v2\/posts"}],"about":[{"href":"https:\/\/citeelegance.net\/index.php?rest_route=\/wp\/v2\/types\/post"}],"author":[{"embeddable":true,"href":"https:\/\/citeelegance.net\/index.php?rest_route=\/wp\/v2\/users\/2"}],"replies":[{"embeddable":true,"href":"https:\/\/citeelegance.net\/index.php?rest_route=%2Fwp%2Fv2%2Fcomments&post=2822"}],"version-history":[{"count":1,"href":"https:\/\/citeelegance.net\/index.php?rest_route=\/wp\/v2\/posts\/2822\/revisions"}],"predecessor-version":[{"id":2824,"href":"https:\/\/citeelegance.net\/index.php?rest_route=\/wp\/v2\/posts\/2822\/revisions\/2824"}],"wp:featuredmedia":[{"embeddable":true,"href":"https:\/\/citeelegance.net\/index.php?rest_route=\/wp\/v2\/media\/2823"}],"wp:attachment":[{"href":"https:\/\/citeelegance.net\/index.php?rest_route=%2Fwp%2Fv2%2Fmedia&parent=2822"}],"wp:term":[{"taxonomy":"category","embeddable":true,"href":"https:\/\/citeelegance.net\/index.php?rest_route=%2Fwp%2Fv2%2Fcategories&post=2822"},{"taxonomy":"post_tag","embeddable":true,"href":"https:\/\/citeelegance.net\/index.php?rest_route=%2Fwp%2Fv2%2Ftags&post=2822"}],"curies":[{"name":"wp","href":"https:\/\/api.w.org\/{rel}","templated":true}]}}