{"id":2819,"date":"2019-08-14T14:05:36","date_gmt":"2019-08-14T13:05:36","guid":{"rendered":"http:\/\/citeelegance.net\/?p=2819"},"modified":"2019-08-14T16:31:09","modified_gmt":"2019-08-14T15:31:09","slug":"prevention-et-gestion-des-conflits-le-premier-ministre-echange-avec-les-chefs-des-circonscriptions-administratives","status":"publish","type":"post","link":"https:\/\/citeelegance.net\/?p=2819","title":{"rendered":"Pr\u00e9vention et gestion des conflits: le Premier ministre \u00e9change avec les chefs des circonscriptions administratives"},"content":{"rendered":"<p><strong><em>Le premier ministre a tenu une rencontre d\u2019\u00e9change avec les chefs des circonscriptions administratives, mardi 13 ao\u00fbt 2019 \u00e0 Ouagadougou. Cette rencontre rentre dans le cadre de la pr\u00e9vention et la gestion des conflits et crises humanitaires. <\/em><\/strong><\/p>\n<p>La rencontre tenue entre le premier ministre, Christoph Marie Dabir\u00e9 et les administrateurs civils rentre dans le cadre de la pr\u00e9vention et la gestion des conflits et crises humanitaires.<\/p>\n<p>Selon le ministre de l\u2019administration territoriale, Sim\u00e9on SAWADODO le r\u00f4le des gouverneurs des r\u00e9gions et des hauts commissaires des provinces \u00e9tant d\u00e9terminant dans la pr\u00e9vention et la gestion des conflits, cette rencontre est une occasion de relever les difficult\u00e9s rencontr\u00e9es dans l\u2019exercice de leur fonction.<\/p>\n<p>Apr\u00e8s avoir situ\u00e9 le contexte actuel dans lequel le Burkina Faso se trouve, le ministre d\u2019Etat trouve n\u00e9cessaire de renforcer les actions qui garantissent l\u2019unit\u00e9 nationale et emp\u00eachent l\u2019effritement du tissu social.<\/p>\n<p>Quant au premier ministre Christoph DABIRE, il a soutenu que les gouverneurs et administrateurs civils sont ceux qui assurent la prise en charge imm\u00e9diat et sont au premier rang pour r\u00e9gler les questions de conflits qui se d\u00e9clenchent en attendant l\u2019intervention du gouvernement. <em>\u00ab\u00a0Le gouvernement ne peut \u00eatre \u00e0 tout moment le premier lorsque quelque chose se passe dans une r\u00e9gion donn\u00e9e. Il y a des Hauts Commissaires qui doivent prendre leur responsabilit\u00e9 et dans un second temps le gouvernement vient en appui pour la r\u00e9solution du probl\u00e8me\u00a0\u00bb<\/em>, \u00a0a-t-il dit. Et d\u2019ajouter\u00a0:\u00a0<em>\u00ab\u00a0Nous allons \u00e9changer sur les diff\u00e9rentes m\u00e9thodes, \u00e9couter les gouverneurs et les Hauts Commissaires sur les probl\u00e8mes qu\u2019ils rencontrent et les propositions qu\u2019ils font pour renforcer leur pr\u00e9sence sur le terrain. Et faire en sorte que la situation s\u2019apaise et que nous puissions \u00e9voluer vers des \u00e9lections apais\u00e9es dans le pays\u00a0\u00bb<\/em>. En tenant compte de ses propos, les\u00a0 gouverneurs et les administrateurs civils sont les mieux plac\u00e9s pour assurer ce r\u00f4le compte tenu de leur proximit\u00e9 avec la population des r\u00e9gions.<\/p>\n<p>Au sujet de la fronde sociale, le premier ministre pense que les administrateurs civils doivent \u00eatre les premiers garants de certaines stabilit\u00e9s au niveau de l\u2019ensemble du pays. Il a affirm\u00e9 que ces derniers peuvent avoir des revendications justifi\u00e9es mais qu\u2019il y a des mani\u00e8res de les exprimer lorsqu\u2019on appartient \u00e0 certains corps de l\u2019Etat. Selon lui toujours, les administrateurs civils sont plus proches de l\u2019Etat et ils devraient donner l\u2019exemple par rapport \u00e0 la mani\u00e8re de g\u00e9rer un certain nombre de questions et le gouvernement est disponible pour discuter avec toutes les forces sociales. <em>\u00ab Mais il faut savoir raison gard\u00e9e et faire en sorte que nous puissions progresser vers la mise en \u0153uvre d\u2019un Etat dont l\u2019autorit\u00e9 est respect\u00e9e par tout le monde \u00bb,<\/em> a-t-il conclu.<\/p>\n<p><strong>Assta Sinar\u00e9<\/strong><\/p>\n<aside class=\"mashsb-container mashsb-main mashsb-stretched\"><div class=\"mashsb-box\"><div class=\"mashsb-buttons\"><a class=\"mashicon-facebook mash-small mash-center mashsb-noshadow\" href=\"https:\/\/www.facebook.com\/sharer.php?u=https%3A%2F%2Fciteelegance.net%2F%3Fp%3D2819\" target=\"_top\" rel=\"nofollow\"><span class=\"icon\"><\/span><span class=\"text\">Partagez<\/span><\/a><a class=\"mashicon-twitter mash-small mash-center mashsb-noshadow\" href=\"https:\/\/twitter.com\/intent\/tweet?text=&url=https:\/\/citeelegance.net\/?p=2819\" target=\"_top\" rel=\"nofollow\"><span class=\"icon\"><\/span><span class=\"text\">Tweet<\/span><\/a><div class=\"onoffswitch2 mash-small mashsb-noshadow\" style=\"display:none;\"><\/div><\/div>\n            <\/div>\n                <div style=\"clear:both;\"><\/div><\/aside>\n            <!-- Share buttons by mashshare.net - Version: 3.8.0--><div class=\"pdf24Plugin-cp\"> \t<form name=\"pdf24Form0\" method=\"post\" action=\"https:\/\/doc2pdf.pdf24.org\/wordpress.php\" target=\"pdf24PopWin\" onsubmit=\"var pdf24Win = window.open('about:blank', 'pdf24PopWin', 'resizable=yes,scrollbars=yes,width=600,height=250,left='+(screen.width\/2-300)+',top='+(screen.height\/3-125)+''); pdf24Win.focus(); if(typeof pdf24OnCreatePDF === 'function'){void(pdf24OnCreatePDF(this,pdf24Win));}\"> \t\t<input type=\"hidden\" name=\"blogCharset\" value=\"Cw1x07UAAA==\" \/><input type=\"hidden\" name=\"blogPosts\" value=\"MwQA\" \/><input type=\"hidden\" name=\"blogUrl\" value=\"yygpKSi20tdPzixJTc1JTU\/MS07Vy0stAQA=\" \/><input type=\"hidden\" name=\"blogName\" value=\"c\/YMcVVw9XF1d\/RzdgUA\" \/><input type=\"hidden\" name=\"blogValueEncoding\" value=\"gzdeflate base64\" \/><input type=\"hidden\" name=\"postId_0\" value=\"M7IwtAQA\" \/><input type=\"hidden\" name=\"postTitle_0\" value=\"LczbDYAwDEPRVTwHU7BCVVwaCQJKou7EHF2M8vjzxz2erV+NGnIoGFjp71zoyIeWTcInbMRs3IWGXVQ8jOhXrklXIjXmUYy+svgnxQb2bHI+b460\/C6FNPoN\" \/><input type=\"hidden\" name=\"postLink_0\" value=\"yygpKSi20tdPzixJTc1JTU\/MS07Vy0st0bcvsDWyMLQEAA==\" \/><input type=\"hidden\" name=\"postAuthor_0\" value=\"c0xJzE1U8A91dQly9Hf3BwA=\" \/><input type=\"hidden\" name=\"postDateTime_0\" value=\"MzIwtNQ1sNA1NFEwNLEysLAyNgMA\" \/><input type=\"hidden\" name=\"postContent_0\" value=\"tVdNbxs3EL3nV7AC0pMlJfYlcS0FTpygAdKmrYv2WFC7XC0TLsnwQ7Z76n\/oqTcfo\/TaW25a9I\/0l\/TN7K4sO07QAm1gxLskl5x5894b+sjPj2IKzi7nR6qZv1DCB9VoFUSjrcaMElIkZbPIVomgbOEsDZZ\/\/fJbuy5qaZdYsVKFMCqKolZVFCU96YCVsQjaJ40HIct+Q5n0SsU90chQanH\/QEjXvk9i\/979h6K9FC+zXMrS5aXLE\/FEpbR7Kp74cIkNjRKFLOlNCSMRdrteYRqHCZVoZKkiv3E4zlZGp0hTiCliqM6NtDpJHVSciKMpsj+aDlBM\/fzOkZ+\/kDuHEwpKdBGYD3HaE09q7Jycr8VXMmglTuRCIyoOR11DQOVAEK20if9fTkMSp8rgC2y9rSjtjvrtlgQrkgpBJxe0NEjmVDftGqOnxz8en7w8eUkbhPYPo\/hsVGelguU86B2BLrnMiIXea5kTRdg0OkYOh4d9cCttCzy16yQt1uK3CgiDXxiCf5r2nihusAOLmKWuKGTslmPWKETKBSh1Vekim9Su4\/azdk0zfDIgUecqFLroIEJ2onK2oKO3aB4jurco5srpIKJOGQWmsmEvdY5wZJGyMkM539Azph\/n8BpJimcyOhHBpUAA7l2vCs5\/mmTqJ4WFvlSHXpeJrVwo+lxk0cnqTdZiKQPgA9DAjLPI4ADCslxXVJNQVI1v30Gf\/RJVVSi2aui9zIK+ziK6AsXfpvptpqrI\/KElXDH95Pjx8++e7glt4BPRZbYKZM1B7rIEIXxEABHQoZb5nJORCCRwlEQEsBqKg6\/IAJ\/RDThZakCE3fizneCAwVJ4h5oRGU2PE0KJHVKlulIMHYSdwb7CgAeMCo6R4JMtZQ+RRkXDwENgNGRDmMEw4Beb3zeXcMzdCQH+eZWTaN8RUDC0BFBE43hyxzaMC5FwIobQ76J2iAg\/Hgj0dsCW2ylLlM6CEGoinhtxAaxJCl+yyp7sqowyK52msOkoW4aeyJj0gAGWZJgcKg1n4FAAU0L\/jWcLupbPSg\/geI+9GWCUBmFFZ\/KADYS9MO3bRm0uN+\/ZS\/fE5lKO0xjEKDXwepqY4PIVcSRsLg83lwOEX7sMQhtDVRp6CrSVr1TbrokSeEH9U+1K6h9YyVvdxjRzOzjDlttoCS+qtLnyA842Dcu8g8R7ofULK+Jdx7MdReKVbAsShHl057ChSm0594plDBijC0l1CpHsH535RsLGS+Z74mlLqADyGHUHzAp44yzk2ZlpuzaqdwH+csfJiEUXcVsLRED2ziYLT\/aJDSVuUyQfwurbUPyUZmkeXIZwvZEFmSrD0ik4QNJ9w+iPZGsYfBUHn+uGmdjdHqB257ORW58fWsqV88Kg8ituMLS8QqemLNizOiv9wKe8slFt7egjuQxy6RTbFZ73ib2zdt6hAvqqJRalQUSR\/Mfia5mHnkoHNgvqkplrwHqVQqLzBJCXYym4GwbLR8As+PSuoXDiaFi21IXsavsqw8AqzdVtUOaBiVsXoJbfvu1aLIevzmGczdZjsNqxfGVILGaYUp8NddPg4xA8dZ+J6O8LEDusC3INHT8+SQVvMpMJVnptN6IRY6xWkAI3G\/gYhdY128YzV8m9vYcyKDbUdkiJtlqS+AP5VB80lNEsurkrd2e6Xncuug6UmlxPU0GYm3gv2DSYdGTNKnJyLOQ4sCkO\/o6bHBAH2BXcRMSuSMgESRM50EBYr7eo+4Z8gc0SJYqDgCnJvrn9+Wte9e0fSTJqpet7EE7FhYz9GtmQh0PydChhxp2FbhAshM37PRa76F0XblaYvFXPcMs\/juAvbndWQmA3Lry4NRHTDRQ8GzUy1nExJlMk3kNV3UBDJeifSWQJNS9H86NSr258unDnt4\/nlIAJ5uTujMZR40oWauHcaz5hHBu0he6xoAawDcK6WOOvhLORqIOqZqM6JR8Pp9Ozs7PJsMUEvjPFMrBn4mv\/KM941d2D47v7z\/BT4P6D2+FSwrInViUaPXjm7x6c7D+4\/3AkEt050mz0Ey46I7pIzkbWVQ596gyhRy\/tED1FPqK\/HjB2fYbuhKP5N1CeXKqfhxVTeVvq6UynIcV\/n3n\/NSdNNxebMKRUekQhzD7PwcyGpTcTnz7ys\/865e\/p7N18d2jgsGcVEW9R79\/M9lqGMV0YNRuRiI28OLTOqi\/oUOzV\/39H7Py7ZYiH6eh+K1z3ZDhcuFTvbMS0v7HVZ+OxOCXuiJ6tYnHRBUiDhJoYix+gZKj7UBxMHkzujcfzvwE=\" \/> \t\t<a href=\"https:\/\/www.pdf24.org\" target=\"_blank\" title=\"www.pdf24.org\" rel=\"nofollow\"><img src=\"https:\/\/citeelegance.net\/wp-content\/plugins\/pdf24-posts-to-pdf\/img\/pdf_32x32.png\" alt=\"\" border=\"0\" height=\"32\" \/><\/a> \t\t<span class=\"pdf24Plugin-cp-space\">&nbsp;&nbsp;<\/span> \t\t<span class=\"pdf24Plugin-cp-text\">Send article as PDF<\/span> \t\t<span class=\"pdf24Plugin-cp-space\">&nbsp;&nbsp;<\/span> \t\t<input class=\"pdf24Plugin-cp-input\" style=\"margin: 0px;\" type=\"text\" name=\"sendEmailTo\" placeholder=\"Enter email address\" \/> \t\t<input class=\"pdf24Plugin-cp-submit\" style=\"margin: 0px;\" type=\"submit\" value=\"Send\" \/> \t<\/form> <\/div>","protected":false},"excerpt":{"rendered":"<p>Le premier ministre a tenu une rencontre d\u2019\u00e9change avec les chefs des circonscriptions administratives, mardi 13 ao\u00fbt 2019 \u00e0 Ouagadougou. Cette rencontre rentre dans le cadre de la pr\u00e9vention et la gestion des conflits et crises humanitaires. La rencontre tenue entre le premier ministre, Christoph Marie Dabir\u00e9 et les administrateurs civils rentre dans le cadre [&hellip;]<\/p>\n","protected":false},"author":2,"featured_media":2821,"comment_status":"open","ping_status":"closed","sticky":false,"template":"","format":"standard","meta":{"footnotes":""},"categories":[2],"tags":[],"yoast_head":"<!-- This site is optimized with the Yoast SEO plugin v18.1 - https:\/\/yoast.com\/wordpress\/plugins\/seo\/ -->\n<title>Pr\u00e9vention et gestion des conflits: le Premier ministre \u00e9change avec les chefs des circonscriptions administratives - CITE ELEGANCE<\/title>\n<meta name=\"robots\" content=\"index, follow, max-snippet:-1, max-image-preview:large, max-video-preview:-1\" \/>\n<link rel=\"canonical\" href=\"https:\/\/citeelegance.net\/?p=2819\" \/>\n<meta property=\"og:locale\" content=\"fr_FR\" \/>\n<meta property=\"og:type\" content=\"article\" \/>\n<meta property=\"og:title\" content=\"Pr\u00e9vention et gestion des conflits: le Premier ministre \u00e9change avec les chefs des circonscriptions administratives - CITE ELEGANCE\" \/>\n<meta property=\"og:description\" content=\"Le premier ministre a tenu une rencontre d\u2019\u00e9change avec les chefs des circonscriptions administratives, mardi 13 ao\u00fbt 2019 \u00e0 Ouagadougou. Cette rencontre rentre dans le cadre de la pr\u00e9vention et la gestion des conflits et crises humanitaires. La rencontre tenue entre le premier ministre, Christoph Marie Dabir\u00e9 et les administrateurs civils rentre dans le cadre [&hellip;]\" \/>\n<meta property=\"og:url\" content=\"https:\/\/citeelegance.net\/?p=2819\" \/>\n<meta property=\"og:site_name\" content=\"CITE ELEGANCE\" \/>\n<meta property=\"article:published_time\" content=\"2019-08-14T13:05:36+00:00\" \/>\n<meta property=\"article:modified_time\" content=\"2019-08-14T15:31:09+00:00\" \/>\n<meta property=\"og:image\" content=\"https:\/\/citeelegance.net\/wp-content\/uploads\/2019\/08\/IMG-20190814-WA0005.jpg\" \/>\n\t<meta property=\"og:image:width\" content=\"1080\" \/>\n\t<meta property=\"og:image:height\" content=\"607\" \/>\n\t<meta property=\"og:image:type\" content=\"image\/jpeg\" \/>\n<meta name=\"twitter:label1\" content=\"\u00c9crit par\" \/>\n\t<meta name=\"twitter:data1\" content=\"Adama OUEDRAOGO\" \/>\n\t<meta name=\"twitter:label2\" content=\"Dur\u00e9e de lecture estim\u00e9e\" \/>\n\t<meta name=\"twitter:data2\" content=\"2 minutes\" \/>\n<script type=\"application\/ld+json\" class=\"yoast-schema-graph\">{\"@context\":\"https:\/\/schema.org\",\"@graph\":[{\"@type\":\"WebSite\",\"@id\":\"https:\/\/citeelegance.net\/#website\",\"url\":\"https:\/\/citeelegance.net\/\",\"name\":\"CITE ELEGANCE\",\"description\":\"\",\"potentialAction\":[{\"@type\":\"SearchAction\",\"target\":{\"@type\":\"EntryPoint\",\"urlTemplate\":\"https:\/\/citeelegance.net\/?s={search_term_string}\"},\"query-input\":\"required name=search_term_string\"}],\"inLanguage\":\"fr-FR\"},{\"@type\":\"ImageObject\",\"@id\":\"https:\/\/citeelegance.net\/?p=2819#primaryimage\",\"inLanguage\":\"fr-FR\",\"url\":\"https:\/\/citeelegance.net\/wp-content\/uploads\/2019\/08\/IMG-20190814-WA0005.jpg\",\"contentUrl\":\"https:\/\/citeelegance.net\/wp-content\/uploads\/2019\/08\/IMG-20190814-WA0005.jpg\",\"width\":1080,\"height\":607},{\"@type\":\"WebPage\",\"@id\":\"https:\/\/citeelegance.net\/?p=2819#webpage\",\"url\":\"https:\/\/citeelegance.net\/?p=2819\",\"name\":\"Pr\u00e9vention et gestion des conflits: le Premier ministre \u00e9change avec les chefs des circonscriptions administratives - CITE ELEGANCE\",\"isPartOf\":{\"@id\":\"https:\/\/citeelegance.net\/#website\"},\"primaryImageOfPage\":{\"@id\":\"https:\/\/citeelegance.net\/?p=2819#primaryimage\"},\"datePublished\":\"2019-08-14T13:05:36+00:00\",\"dateModified\":\"2019-08-14T15:31:09+00:00\",\"author\":{\"@id\":\"https:\/\/citeelegance.net\/#\/schema\/person\/4b3dc39431a8beca84e75fce0d70f5ff\"},\"breadcrumb\":{\"@id\":\"https:\/\/citeelegance.net\/?p=2819#breadcrumb\"},\"inLanguage\":\"fr-FR\",\"potentialAction\":[{\"@type\":\"ReadAction\",\"target\":[\"https:\/\/citeelegance.net\/?p=2819\"]}]},{\"@type\":\"BreadcrumbList\",\"@id\":\"https:\/\/citeelegance.net\/?p=2819#breadcrumb\",\"itemListElement\":[{\"@type\":\"ListItem\",\"position\":1,\"name\":\"Accueil\",\"item\":\"https:\/\/citeelegance.net\/\"},{\"@type\":\"ListItem\",\"position\":2,\"name\":\"Pr\u00e9vention et gestion des conflits: le Premier ministre \u00e9change avec les chefs des circonscriptions administratives\"}]},{\"@type\":\"Person\",\"@id\":\"https:\/\/citeelegance.net\/#\/schema\/person\/4b3dc39431a8beca84e75fce0d70f5ff\",\"name\":\"Adama OUEDRAOGO\",\"url\":\"https:\/\/citeelegance.net\/?author=2\"}]}<\/script>\n<!-- \/ Yoast SEO plugin. -->","yoast_head_json":{"title":"Pr\u00e9vention et gestion des conflits: le Premier ministre \u00e9change avec les chefs des circonscriptions administratives - CITE ELEGANCE","robots":{"index":"index","follow":"follow","max-snippet":"max-snippet:-1","max-image-preview":"max-image-preview:large","max-video-preview":"max-video-preview:-1"},"canonical":"https:\/\/citeelegance.net\/?p=2819","og_locale":"fr_FR","og_type":"article","og_title":"Pr\u00e9vention et gestion des conflits: le Premier ministre \u00e9change avec les chefs des circonscriptions administratives - CITE ELEGANCE","og_description":"Le premier ministre a tenu une rencontre d\u2019\u00e9change avec les chefs des circonscriptions administratives, mardi 13 ao\u00fbt 2019 \u00e0 Ouagadougou. Cette rencontre rentre dans le cadre de la pr\u00e9vention et la gestion des conflits et crises humanitaires. La rencontre tenue entre le premier ministre, Christoph Marie Dabir\u00e9 et les administrateurs civils rentre dans le cadre [&hellip;]","og_url":"https:\/\/citeelegance.net\/?p=2819","og_site_name":"CITE ELEGANCE","article_published_time":"2019-08-14T13:05:36+00:00","article_modified_time":"2019-08-14T15:31:09+00:00","og_image":[{"width":1080,"height":607,"url":"https:\/\/citeelegance.net\/wp-content\/uploads\/2019\/08\/IMG-20190814-WA0005.jpg","type":"image\/jpeg"}],"twitter_misc":{"\u00c9crit par":"Adama OUEDRAOGO","Dur\u00e9e de lecture estim\u00e9e":"2 minutes"},"schema":{"@context":"https:\/\/schema.org","@graph":[{"@type":"WebSite","@id":"https:\/\/citeelegance.net\/#website","url":"https:\/\/citeelegance.net\/","name":"CITE ELEGANCE","description":"","potentialAction":[{"@type":"SearchAction","target":{"@type":"EntryPoint","urlTemplate":"https:\/\/citeelegance.net\/?s={search_term_string}"},"query-input":"required name=search_term_string"}],"inLanguage":"fr-FR"},{"@type":"ImageObject","@id":"https:\/\/citeelegance.net\/?p=2819#primaryimage","inLanguage":"fr-FR","url":"https:\/\/citeelegance.net\/wp-content\/uploads\/2019\/08\/IMG-20190814-WA0005.jpg","contentUrl":"https:\/\/citeelegance.net\/wp-content\/uploads\/2019\/08\/IMG-20190814-WA0005.jpg","width":1080,"height":607},{"@type":"WebPage","@id":"https:\/\/citeelegance.net\/?p=2819#webpage","url":"https:\/\/citeelegance.net\/?p=2819","name":"Pr\u00e9vention et gestion des conflits: le Premier ministre \u00e9change avec les chefs des circonscriptions administratives - CITE ELEGANCE","isPartOf":{"@id":"https:\/\/citeelegance.net\/#website"},"primaryImageOfPage":{"@id":"https:\/\/citeelegance.net\/?p=2819#primaryimage"},"datePublished":"2019-08-14T13:05:36+00:00","dateModified":"2019-08-14T15:31:09+00:00","author":{"@id":"https:\/\/citeelegance.net\/#\/schema\/person\/4b3dc39431a8beca84e75fce0d70f5ff"},"breadcrumb":{"@id":"https:\/\/citeelegance.net\/?p=2819#breadcrumb"},"inLanguage":"fr-FR","potentialAction":[{"@type":"ReadAction","target":["https:\/\/citeelegance.net\/?p=2819"]}]},{"@type":"BreadcrumbList","@id":"https:\/\/citeelegance.net\/?p=2819#breadcrumb","itemListElement":[{"@type":"ListItem","position":1,"name":"Accueil","item":"https:\/\/citeelegance.net\/"},{"@type":"ListItem","position":2,"name":"Pr\u00e9vention et gestion des conflits: le Premier ministre \u00e9change avec les chefs des circonscriptions administratives"}]},{"@type":"Person","@id":"https:\/\/citeelegance.net\/#\/schema\/person\/4b3dc39431a8beca84e75fce0d70f5ff","name":"Adama OUEDRAOGO","url":"https:\/\/citeelegance.net\/?author=2"}]}},"_links":{"self":[{"href":"https:\/\/citeelegance.net\/index.php?rest_route=\/wp\/v2\/posts\/2819"}],"collection":[{"href":"https:\/\/citeelegance.net\/index.php?rest_route=\/wp\/v2\/posts"}],"about":[{"href":"https:\/\/citeelegance.net\/index.php?rest_route=\/wp\/v2\/types\/post"}],"author":[{"embeddable":true,"href":"https:\/\/citeelegance.net\/index.php?rest_route=\/wp\/v2\/users\/2"}],"replies":[{"embeddable":true,"href":"https:\/\/citeelegance.net\/index.php?rest_route=%2Fwp%2Fv2%2Fcomments&post=2819"}],"version-history":[{"count":2,"href":"https:\/\/citeelegance.net\/index.php?rest_route=\/wp\/v2\/posts\/2819\/revisions"}],"predecessor-version":[{"id":2825,"href":"https:\/\/citeelegance.net\/index.php?rest_route=\/wp\/v2\/posts\/2819\/revisions\/2825"}],"wp:featuredmedia":[{"embeddable":true,"href":"https:\/\/citeelegance.net\/index.php?rest_route=\/wp\/v2\/media\/2821"}],"wp:attachment":[{"href":"https:\/\/citeelegance.net\/index.php?rest_route=%2Fwp%2Fv2%2Fmedia&parent=2819"}],"wp:term":[{"taxonomy":"category","embeddable":true,"href":"https:\/\/citeelegance.net\/index.php?rest_route=%2Fwp%2Fv2%2Fcategories&post=2819"},{"taxonomy":"post_tag","embeddable":true,"href":"https:\/\/citeelegance.net\/index.php?rest_route=%2Fwp%2Fv2%2Ftags&post=2819"}],"curies":[{"name":"wp","href":"https:\/\/api.w.org\/{rel}","templated":true}]}}