{"id":2808,"date":"2019-08-13T15:12:04","date_gmt":"2019-08-13T14:12:04","guid":{"rendered":"http:\/\/citeelegance.net\/?p=2808"},"modified":"2019-08-14T10:43:17","modified_gmt":"2019-08-14T09:43:17","slug":"monde-estudiantin-lugeb-organise-son-congres-ordinaire","status":"publish","type":"post","link":"https:\/\/citeelegance.net\/?p=2808","title":{"rendered":"Monde estudiantin : l\u2019UGEB organise son congr\u00e8s ordinaire"},"content":{"rendered":"<p><strong><em>L\u2019Union g\u00e9n\u00e9rale des \u00e9tudiants burkinab\u00e8 a organis\u00e9 son 19\u00e8me congr\u00e8s ordinaire les 6, 7, 8 et 9 ao\u00fbt 2019 \u00e0 Ouagadougou. Le congr\u00e8s a port\u00e9 sur le th\u00e8me : \u00ab Face \u00e0 la faillite du syst\u00e8me \u00e9ducatif de notre pays, cons\u00e9quence de l\u2019approfondissement de la crise du syst\u00e8me n\u00e9ocolonial \u00bb.\u00a0<\/em><\/strong><\/p>\n<p>Du 6 au 9 ao\u00fbt 2019 \u00e0 Ouagadougou, les congressistes de l\u2019UGEB ont \u00e9chang\u00e9 autour du th\u00e8me <em>\u00ab\u00a0Face \u00e0 la faillite du syst\u00e8me \u00e9ducatif de notre pays, cons\u00e9quence de l\u2019approfondissement de la crise du syst\u00e8me n\u00e9ocolonial\u00a0\u00bb.<\/em> Ils ont tenu \u00e0 mener la r\u00e9flexion sur ce th\u00e8me afin de relever les difficult\u00e9s qui minent le syst\u00e8me \u00e9ducatif burkinab\u00e8.<\/p>\n<p>Parmi les griefs formul\u00e9s il y a entre autres\u00a0: le pr\u00e9scolaire hors de port\u00e9e des enfants du peuple, la limitation des dipl\u00f4m\u00e9s, la privatisation de l\u2019enseignement, la crise s\u00e9curitaire li\u00e9e aux attaques terroristes r\u00e9p\u00e9t\u00e9es contre les \u00e9tablissements d\u2019enseignement, le retard acad\u00e9mique dans les universit\u00e9s du Burkina etc\u2026 En somme, tels sont les probl\u00e8mes rencontr\u00e9s dans le syst\u00e8me \u00e9ducatif burkinab\u00e8 selon le pr\u00e9sident entrant de l\u2019UGEB, Abass Wanga. <em>\u00ab\u00a0Les diff\u00e9rentes politiques n\u00e9olib\u00e9rales appliqu\u00e9es dans le domaine \u00e9ducatif ainsi que les reformes qui y sont op\u00e9r\u00e9es ont contribu\u00e9 \u00e0 exacerber la crise dans ce secteur\u00a0\u00bb<\/em>, a-t-il affirm\u00e9. L\u2019UGEB d\u00e9nonce donc le d\u00e9sengagement de l\u2019\u00c9tat burkinab\u00e8 dans le domaine de l\u2019\u00e9ducation. Les participants ont en outre not\u00e9 que la crise du syst\u00e8me n\u00e9ocolonial n\u2019est rien d\u2019autre que la cons\u00e9quence de la crise du syst\u00e8me capitaliste-imp\u00e9rialiste sur le plan national qu\u2019international. \u00a0Abass Wanga a soulign\u00e9 que le Burkina Faso est marqu\u00e9 par la vie ch\u00e8re et la pauvret\u00e9 end\u00e9mique et g\u00e9n\u00e9ralis\u00e9e qui frappent les populations.<\/p>\n<p>Pour les congressistes, cette situation est due au fait que le pouvoir du Pr\u00e9sident Rock Marc Kabor\u00e9 d\u00e9fend et prot\u00e8ge des int\u00e9r\u00eats de l\u2019imp\u00e9rialisme particuli\u00e8rement fran\u00e7ais. A la sortie de cette rencontre, les congressistes ont r\u00e9solu de renforcer leur union afin qu\u2019elle joue efficacement son r\u00f4le dans la d\u00e9fense des droits sociaux et d\u00e9mocratiques des \u00e9tudiants et contribue \u00e0 la r\u00e9alisation de la R\u00e9volution nationale d\u00e9mocratiques et populaire (RNDP).<\/p>\n<p>Cette rencontre a \u00e9t\u00e9 une occasion pour l\u2019installation d\u2019un nouveau bureau de l\u2019UGEB \u00a0afin de continuer la lutte pour une meilleure condition de vie des \u00e9tudiants et des populations. Ce congr\u00e8s a \u00e9t\u00e9 le lieu de formulation de propositions et de r\u00e9solutions pour le renforcement du syst\u00e8me \u00e9ducatif.<\/p>\n<p>Ce congr\u00e8s a r\u00e9uni plus de neuf cent (900) d\u00e9l\u00e9gu\u00e9s venus de huit (08) sections qui constituent l\u2019UGEB, ainsi que des organisations amies et partenaires. Les participants se sont quitt\u00e9s en prenant l\u2019engagement de contribuer davantage au renforcement de la lutte du peuple burkinab\u00e8\u00a0 et \u00e0 la d\u00e9fense des int\u00e9r\u00eats mat\u00e9riels et moraux des \u00e9tudiants.<\/p>\n<p>Les congressistes ont aussi b\u00e9n\u00e9fici\u00e9s d\u2019une conf\u00e9rence sur le th\u00e8me <em>\u00ab Quelle contribution du mouvement \u00e9tudiant dans l\u2019\u00e9volution de la situation nationale actuelle ?\u00bb<\/em><\/p>\n<p><strong>Laya Zonouhan<\/strong><\/p>\n<aside class=\"mashsb-container mashsb-main mashsb-stretched\"><div class=\"mashsb-box\"><div class=\"mashsb-buttons\"><a class=\"mashicon-facebook mash-small mash-center mashsb-noshadow\" href=\"https:\/\/www.facebook.com\/sharer.php?u=https%3A%2F%2Fciteelegance.net%2F%3Fp%3D2808\" target=\"_top\" rel=\"nofollow\"><span class=\"icon\"><\/span><span class=\"text\">Partagez<\/span><\/a><a class=\"mashicon-twitter mash-small mash-center mashsb-noshadow\" href=\"https:\/\/twitter.com\/intent\/tweet?text=&url=https:\/\/citeelegance.net\/?p=2808\" target=\"_top\" rel=\"nofollow\"><span class=\"icon\"><\/span><span class=\"text\">Tweet<\/span><\/a><div class=\"onoffswitch2 mash-small mashsb-noshadow\" style=\"display:none;\"><\/div><\/div>\n            <\/div>\n                <div style=\"clear:both;\"><\/div><\/aside>\n            <!-- Share buttons by mashshare.net - Version: 3.8.0--><div class=\"pdf24Plugin-cp\"> \t<form name=\"pdf24Form0\" method=\"post\" action=\"https:\/\/doc2pdf.pdf24.org\/wordpress.php\" target=\"pdf24PopWin\" onsubmit=\"var pdf24Win = window.open('about:blank', 'pdf24PopWin', 'resizable=yes,scrollbars=yes,width=600,height=250,left='+(screen.width\/2-300)+',top='+(screen.height\/3-125)+''); pdf24Win.focus(); if(typeof pdf24OnCreatePDF === 'function'){void(pdf24OnCreatePDF(this,pdf24Win));}\"> \t\t<input type=\"hidden\" name=\"blogCharset\" value=\"Cw1x07UAAA==\" \/><input type=\"hidden\" name=\"blogPosts\" value=\"MwQA\" \/><input type=\"hidden\" name=\"blogUrl\" value=\"yygpKSi20tdPzixJTc1JTU\/MS07Vy0stAQA=\" \/><input type=\"hidden\" name=\"blogName\" value=\"c\/YMcVVw9XF1d\/RzdgUA\" \/><input type=\"hidden\" name=\"blogValueEncoding\" value=\"gzdeflate base64\" \/><input type=\"hidden\" name=\"postId_0\" value=\"M7IwsAAA\" \/><input type=\"hidden\" name=\"postTitle_0\" value=\"883PS0lVSC0uKU3JTMwrycxTsFLIedQwM9Td1Ukhvyg9MS+zOFWhOD9PITk\/L73o8IpioGhKZl5iZlEqAA==\" \/><input type=\"hidden\" name=\"postLink_0\" value=\"yygpKSi20tdPzixJTc1JTU\/MS07Vy0st0bcvsDWyMLAAAA==\" \/><input type=\"hidden\" name=\"postAuthor_0\" value=\"c0xJzE1U8A91dQly9Hf3BwA=\" \/><input type=\"hidden\" name=\"postDateTime_0\" value=\"MzIwtNQ1sNA1NFYwNLUysLAyMAEA\" \/><input type=\"hidden\" name=\"postContent_0\" value=\"zVdNjxvHEb37V5QJyJCAJXctAfJqs1xBtiwjyCZR5CgGfDGaM02yrZ7uUX9wd3Py1T8htz0lon3VTTfOP9EvyauaGX6JkBEgBwvC7rKnp\/rVq\/eqmuf1xXlMwbvZxbmuLi7f\/\/Svl854R7Nm6ZplUFZTqSM1y5RLo1yKNMnhlXFq0rwhRT7MlDOxWVLES58\/at5UmgqEC82biKcldpqgySLGwyP64ohOSSd6RMo37xLdP\/n8ETW39NesZqr0eebziC63IiiqfUgcPgcEoTSXE85o9Ss9U4Xml62iqTLWmgSsmeJNTLKpWZa5UMlMkQE5nwCjVjfxiKMD8eusXcHZkUXWqq6Dn3pXmhh1pV2SB4qKYOJuWNDiC2+9M8rS6t1odXt+DOrOj3sej+uLT87ri6eZHpLKH8v1SHiRZHWMJiZ86vC8\/ObrL8kDRrMs5sqhHIiVPFgAlo4Frtjq19Xt74CI1S2YEB7ojzYK8KRdZlSIoQNHCM1yavU1q4urWayrqabG8SlBW73gvUyDmU5NkS1qH+l1NlQZx2CggQN5bTQ56ul\/rkJlJNQsGD2NNPWhypbDGUs3UBbCgQmwCvJXt2ccugbGiJxEs3MfpBytAlsfaDcVE4CHWufa6iPOzJrKJADxTjaVprbN2wqh5GkdzAIPY79BaNYuajNzwvDRhl+Uo8gBwcQ0ho9V+ZpUSgpliiA1BB9apQBrDV9ij2godTbDkprYvnpA8+FpTHVSoSRVqLJZVgaxqVQuSoDsDKoQjVCPRL9syYVvi\/c\/\/Zu+Rvl8VSHzpFHq6KUqEWn6ieW6ABkExYAkQBv241WjqKGjdQVMyaXm+qhOf50jjujJRMVI38ERarQ2wGUnGDQsvMRYPExghDFWqTWTtpehodS1xQMhrYdW+kpBXVvI8DEaYlaspMPa0a0Ob9qMPagPEoU\/SbZmgrCseH0NQ4ZJq\/rON3wUFB91kXQObBdxyxGpYRpCkApyD5AM2l\/vflTGeXEmfgpOUKOR+GzjS+xtfob0trncT6vf12XnHbdYcKRCMoWpRc9e+CbPZuAWgUQk+99sgI7VFRPBY06kJn5av7zfYA7FK1QNwVsW9dBUzKtpP\/VNv7bKkRPoOPF1xikGZQ790ohWt1u6gLWjzxZ677PQaw0\/U9ET461UYBUwC4xqYYAD3QjQMZ7YtCovYBLs0G5tETxaz0UeeloUMQ0Qle5d4OtsBVfctCKfw4edHu1XJ07SpNy2BsZVZnY89\/HUY699Xngjjf\/5xh0vfPGK\/qxCQX9SE491lscUYBklvAhuZ23PAles1V\/SerhssVzpTgggjNMXZSEj1\/xHmTiiJ0xGRAc0UsAWcu9vfWiAsZQYpre5beoO7imkrYOGLLcL6fhSSG2R4Y+eyeWGD+MIAr5NhOat7duS6rKLbUpl8CZx7ykMt0dkzDXyRVCd6\/fuLHpj0X5SAiLnv2nKil40ywVQy0qvLb0fmdmVGnOHvvviL0+f31sX+qtddiBE6c9IWpMvChU5ci1qEA1HyN52CLCQcSxqrVF\/2Jl\/bV8GVrf9nOToxuW2vwBv0m1QPqbSuACAaNlVmj67hdEHOCn3BEtf7Vy9WvCWB5EWLO0IXVMGldU+yhlduL7w7VKb6UYCbdc6dDHZYnAbAKJBL\/B\/Fuk6nadQIILcfXRyco8rg3k+yzxmFrhtyKZ5hnPunpzek14rONik3IkSnCY+XU+TTZ9nKrrLbEsGqcp05YY\/tFxj44HOyUObJY9DkkxM9MEaGavuoN2GvVYh7KwW2INn7PddivSmsOuLxlaHX90yrFbGO7bYcnql+E\/DExp7Kx\/YJ7sKWJN+edDDKuMTTaTfwZlGhrmoVNJoh22h927m7Uimv2Uxdp9uq5gMHJC35LiG0RlcBtTafS0Dm864caMqUhv6cTdB+yT6rzGX6kbR9x5GwrV571KuuHdSYTEqxoNKxXmcDBkij8lA3QIPzf5vvI1bz1yXg4vz0iz2Xp3468PrqBwUhGdq+4nBUcMpOtzE+1dywjBWaADtn6zrDQjn4xxfEq4GNMftYzyYp1THs+Pjq6urUR9iVPjqGNuCDqN6Xj\/OY9l158GTO\/ef4X+B7wG4UUPThR45nXj1wbP6zoOn909PTgeEG+BMp\/Hgh+TrAV++xwOHm7+1OBZ0Qt49ekY+4G84WNt9kvR1GvBdm4X8z37HsTqUerqCQ7oU\/\/fMu7claZ7+LmFJ6\/SYIYw\/y8GO+637iR8\/rsf\/75T\/zmdv57slA4hvOo3AW8zv72e7k2FMN1aPB\/iqhSvOzRlue\/oPfChidT8\/oa1\/B5ZkmY\/uQhVWq3A28Wm+FUhkvxfq0+GQvmXtUKdWmty0AHmRWaMh\/YO\/Bnh3Rg9Gp6OT4fDivw==\" \/> \t\t<a href=\"https:\/\/www.pdf24.org\" target=\"_blank\" title=\"www.pdf24.org\" rel=\"nofollow\"><img src=\"https:\/\/citeelegance.net\/wp-content\/plugins\/pdf24-posts-to-pdf\/img\/pdf_32x32.png\" alt=\"\" border=\"0\" height=\"32\" \/><\/a> \t\t<span class=\"pdf24Plugin-cp-space\">&nbsp;&nbsp;<\/span> \t\t<span class=\"pdf24Plugin-cp-text\">Send article as PDF<\/span> \t\t<span class=\"pdf24Plugin-cp-space\">&nbsp;&nbsp;<\/span> \t\t<input class=\"pdf24Plugin-cp-input\" style=\"margin: 0px;\" type=\"text\" name=\"sendEmailTo\" placeholder=\"Enter email address\" \/> \t\t<input class=\"pdf24Plugin-cp-submit\" style=\"margin: 0px;\" type=\"submit\" value=\"Send\" \/> \t<\/form> <\/div>","protected":false},"excerpt":{"rendered":"<p>L\u2019Union g\u00e9n\u00e9rale des \u00e9tudiants burkinab\u00e8 a organis\u00e9 son 19\u00e8me congr\u00e8s ordinaire les 6, 7, 8 et 9 ao\u00fbt 2019 \u00e0 Ouagadougou. Le congr\u00e8s a port\u00e9 sur le th\u00e8me : \u00ab Face \u00e0 la faillite du syst\u00e8me \u00e9ducatif de notre pays, cons\u00e9quence de l\u2019approfondissement de la crise du syst\u00e8me n\u00e9ocolonial \u00bb.\u00a0 Du 6 au 9 ao\u00fbt [&hellip;]<\/p>\n","protected":false},"author":2,"featured_media":2810,"comment_status":"open","ping_status":"closed","sticky":false,"template":"","format":"standard","meta":{"footnotes":""},"categories":[2,1],"tags":[],"yoast_head":"<!-- This site is optimized with the Yoast SEO plugin v18.1 - https:\/\/yoast.com\/wordpress\/plugins\/seo\/ -->\n<title>Monde estudiantin : l\u2019UGEB organise son congr\u00e8s ordinaire - CITE ELEGANCE<\/title>\n<meta name=\"robots\" content=\"index, follow, max-snippet:-1, max-image-preview:large, max-video-preview:-1\" \/>\n<link rel=\"canonical\" href=\"https:\/\/citeelegance.net\/?p=2808\" \/>\n<meta property=\"og:locale\" content=\"fr_FR\" \/>\n<meta property=\"og:type\" content=\"article\" \/>\n<meta property=\"og:title\" content=\"Monde estudiantin : l\u2019UGEB organise son congr\u00e8s ordinaire - CITE ELEGANCE\" \/>\n<meta property=\"og:description\" content=\"L\u2019Union g\u00e9n\u00e9rale des \u00e9tudiants burkinab\u00e8 a organis\u00e9 son 19\u00e8me congr\u00e8s ordinaire les 6, 7, 8 et 9 ao\u00fbt 2019 \u00e0 Ouagadougou. Le congr\u00e8s a port\u00e9 sur le th\u00e8me : \u00ab Face \u00e0 la faillite du syst\u00e8me \u00e9ducatif de notre pays, cons\u00e9quence de l\u2019approfondissement de la crise du syst\u00e8me n\u00e9ocolonial \u00bb.\u00a0 Du 6 au 9 ao\u00fbt [&hellip;]\" \/>\n<meta property=\"og:url\" content=\"https:\/\/citeelegance.net\/?p=2808\" \/>\n<meta property=\"og:site_name\" content=\"CITE ELEGANCE\" \/>\n<meta property=\"article:published_time\" content=\"2019-08-13T14:12:04+00:00\" \/>\n<meta property=\"article:modified_time\" content=\"2019-08-14T09:43:17+00:00\" \/>\n<meta property=\"og:image\" content=\"https:\/\/citeelegance.net\/wp-content\/uploads\/2019\/08\/IMG-20190813-WA0009.jpg\" \/>\n\t<meta property=\"og:image:width\" content=\"1080\" \/>\n\t<meta property=\"og:image:height\" content=\"809\" \/>\n\t<meta property=\"og:image:type\" content=\"image\/jpeg\" \/>\n<meta name=\"twitter:label1\" content=\"\u00c9crit par\" \/>\n\t<meta name=\"twitter:data1\" content=\"Adama OUEDRAOGO\" \/>\n\t<meta name=\"twitter:label2\" content=\"Dur\u00e9e de lecture estim\u00e9e\" \/>\n\t<meta name=\"twitter:data2\" content=\"3 minutes\" \/>\n<script type=\"application\/ld+json\" class=\"yoast-schema-graph\">{\"@context\":\"https:\/\/schema.org\",\"@graph\":[{\"@type\":\"WebSite\",\"@id\":\"https:\/\/citeelegance.net\/#website\",\"url\":\"https:\/\/citeelegance.net\/\",\"name\":\"CITE ELEGANCE\",\"description\":\"\",\"potentialAction\":[{\"@type\":\"SearchAction\",\"target\":{\"@type\":\"EntryPoint\",\"urlTemplate\":\"https:\/\/citeelegance.net\/?s={search_term_string}\"},\"query-input\":\"required name=search_term_string\"}],\"inLanguage\":\"fr-FR\"},{\"@type\":\"ImageObject\",\"@id\":\"https:\/\/citeelegance.net\/?p=2808#primaryimage\",\"inLanguage\":\"fr-FR\",\"url\":\"https:\/\/citeelegance.net\/wp-content\/uploads\/2019\/08\/IMG-20190813-WA0009.jpg\",\"contentUrl\":\"https:\/\/citeelegance.net\/wp-content\/uploads\/2019\/08\/IMG-20190813-WA0009.jpg\",\"width\":1080,\"height\":809},{\"@type\":\"WebPage\",\"@id\":\"https:\/\/citeelegance.net\/?p=2808#webpage\",\"url\":\"https:\/\/citeelegance.net\/?p=2808\",\"name\":\"Monde estudiantin : l\u2019UGEB organise son congr\u00e8s ordinaire - CITE ELEGANCE\",\"isPartOf\":{\"@id\":\"https:\/\/citeelegance.net\/#website\"},\"primaryImageOfPage\":{\"@id\":\"https:\/\/citeelegance.net\/?p=2808#primaryimage\"},\"datePublished\":\"2019-08-13T14:12:04+00:00\",\"dateModified\":\"2019-08-14T09:43:17+00:00\",\"author\":{\"@id\":\"https:\/\/citeelegance.net\/#\/schema\/person\/4b3dc39431a8beca84e75fce0d70f5ff\"},\"breadcrumb\":{\"@id\":\"https:\/\/citeelegance.net\/?p=2808#breadcrumb\"},\"inLanguage\":\"fr-FR\",\"potentialAction\":[{\"@type\":\"ReadAction\",\"target\":[\"https:\/\/citeelegance.net\/?p=2808\"]}]},{\"@type\":\"BreadcrumbList\",\"@id\":\"https:\/\/citeelegance.net\/?p=2808#breadcrumb\",\"itemListElement\":[{\"@type\":\"ListItem\",\"position\":1,\"name\":\"Accueil\",\"item\":\"https:\/\/citeelegance.net\/\"},{\"@type\":\"ListItem\",\"position\":2,\"name\":\"Monde estudiantin : l\u2019UGEB organise son congr\u00e8s ordinaire\"}]},{\"@type\":\"Person\",\"@id\":\"https:\/\/citeelegance.net\/#\/schema\/person\/4b3dc39431a8beca84e75fce0d70f5ff\",\"name\":\"Adama OUEDRAOGO\",\"url\":\"https:\/\/citeelegance.net\/?author=2\"}]}<\/script>\n<!-- \/ Yoast SEO plugin. -->","yoast_head_json":{"title":"Monde estudiantin : l\u2019UGEB organise son congr\u00e8s ordinaire - CITE ELEGANCE","robots":{"index":"index","follow":"follow","max-snippet":"max-snippet:-1","max-image-preview":"max-image-preview:large","max-video-preview":"max-video-preview:-1"},"canonical":"https:\/\/citeelegance.net\/?p=2808","og_locale":"fr_FR","og_type":"article","og_title":"Monde estudiantin : l\u2019UGEB organise son congr\u00e8s ordinaire - CITE ELEGANCE","og_description":"L\u2019Union g\u00e9n\u00e9rale des \u00e9tudiants burkinab\u00e8 a organis\u00e9 son 19\u00e8me congr\u00e8s ordinaire les 6, 7, 8 et 9 ao\u00fbt 2019 \u00e0 Ouagadougou. Le congr\u00e8s a port\u00e9 sur le th\u00e8me : \u00ab Face \u00e0 la faillite du syst\u00e8me \u00e9ducatif de notre pays, cons\u00e9quence de l\u2019approfondissement de la crise du syst\u00e8me n\u00e9ocolonial \u00bb.\u00a0 Du 6 au 9 ao\u00fbt [&hellip;]","og_url":"https:\/\/citeelegance.net\/?p=2808","og_site_name":"CITE ELEGANCE","article_published_time":"2019-08-13T14:12:04+00:00","article_modified_time":"2019-08-14T09:43:17+00:00","og_image":[{"width":1080,"height":809,"url":"https:\/\/citeelegance.net\/wp-content\/uploads\/2019\/08\/IMG-20190813-WA0009.jpg","type":"image\/jpeg"}],"twitter_misc":{"\u00c9crit par":"Adama OUEDRAOGO","Dur\u00e9e de lecture estim\u00e9e":"3 minutes"},"schema":{"@context":"https:\/\/schema.org","@graph":[{"@type":"WebSite","@id":"https:\/\/citeelegance.net\/#website","url":"https:\/\/citeelegance.net\/","name":"CITE ELEGANCE","description":"","potentialAction":[{"@type":"SearchAction","target":{"@type":"EntryPoint","urlTemplate":"https:\/\/citeelegance.net\/?s={search_term_string}"},"query-input":"required name=search_term_string"}],"inLanguage":"fr-FR"},{"@type":"ImageObject","@id":"https:\/\/citeelegance.net\/?p=2808#primaryimage","inLanguage":"fr-FR","url":"https:\/\/citeelegance.net\/wp-content\/uploads\/2019\/08\/IMG-20190813-WA0009.jpg","contentUrl":"https:\/\/citeelegance.net\/wp-content\/uploads\/2019\/08\/IMG-20190813-WA0009.jpg","width":1080,"height":809},{"@type":"WebPage","@id":"https:\/\/citeelegance.net\/?p=2808#webpage","url":"https:\/\/citeelegance.net\/?p=2808","name":"Monde estudiantin : l\u2019UGEB organise son congr\u00e8s ordinaire - CITE ELEGANCE","isPartOf":{"@id":"https:\/\/citeelegance.net\/#website"},"primaryImageOfPage":{"@id":"https:\/\/citeelegance.net\/?p=2808#primaryimage"},"datePublished":"2019-08-13T14:12:04+00:00","dateModified":"2019-08-14T09:43:17+00:00","author":{"@id":"https:\/\/citeelegance.net\/#\/schema\/person\/4b3dc39431a8beca84e75fce0d70f5ff"},"breadcrumb":{"@id":"https:\/\/citeelegance.net\/?p=2808#breadcrumb"},"inLanguage":"fr-FR","potentialAction":[{"@type":"ReadAction","target":["https:\/\/citeelegance.net\/?p=2808"]}]},{"@type":"BreadcrumbList","@id":"https:\/\/citeelegance.net\/?p=2808#breadcrumb","itemListElement":[{"@type":"ListItem","position":1,"name":"Accueil","item":"https:\/\/citeelegance.net\/"},{"@type":"ListItem","position":2,"name":"Monde estudiantin : l\u2019UGEB organise son congr\u00e8s ordinaire"}]},{"@type":"Person","@id":"https:\/\/citeelegance.net\/#\/schema\/person\/4b3dc39431a8beca84e75fce0d70f5ff","name":"Adama OUEDRAOGO","url":"https:\/\/citeelegance.net\/?author=2"}]}},"_links":{"self":[{"href":"https:\/\/citeelegance.net\/index.php?rest_route=\/wp\/v2\/posts\/2808"}],"collection":[{"href":"https:\/\/citeelegance.net\/index.php?rest_route=\/wp\/v2\/posts"}],"about":[{"href":"https:\/\/citeelegance.net\/index.php?rest_route=\/wp\/v2\/types\/post"}],"author":[{"embeddable":true,"href":"https:\/\/citeelegance.net\/index.php?rest_route=\/wp\/v2\/users\/2"}],"replies":[{"embeddable":true,"href":"https:\/\/citeelegance.net\/index.php?rest_route=%2Fwp%2Fv2%2Fcomments&post=2808"}],"version-history":[{"count":3,"href":"https:\/\/citeelegance.net\/index.php?rest_route=\/wp\/v2\/posts\/2808\/revisions"}],"predecessor-version":[{"id":2818,"href":"https:\/\/citeelegance.net\/index.php?rest_route=\/wp\/v2\/posts\/2808\/revisions\/2818"}],"wp:featuredmedia":[{"embeddable":true,"href":"https:\/\/citeelegance.net\/index.php?rest_route=\/wp\/v2\/media\/2810"}],"wp:attachment":[{"href":"https:\/\/citeelegance.net\/index.php?rest_route=%2Fwp%2Fv2%2Fmedia&parent=2808"}],"wp:term":[{"taxonomy":"category","embeddable":true,"href":"https:\/\/citeelegance.net\/index.php?rest_route=%2Fwp%2Fv2%2Fcategories&post=2808"},{"taxonomy":"post_tag","embeddable":true,"href":"https:\/\/citeelegance.net\/index.php?rest_route=%2Fwp%2Fv2%2Ftags&post=2808"}],"curies":[{"name":"wp","href":"https:\/\/api.w.org\/{rel}","templated":true}]}}