{"id":2659,"date":"2019-07-23T13:51:48","date_gmt":"2019-07-23T12:51:48","guid":{"rendered":"http:\/\/citeelegance.net\/?p=2659"},"modified":"2019-07-24T12:11:43","modified_gmt":"2019-07-24T11:11:43","slug":"amenagement-des-voiries-a-ouagadougou-les-travaux-damenagement-de-la-gare-routiere-ouaga-inter-ont-ete-officiellement-lances","status":"publish","type":"post","link":"https:\/\/citeelegance.net\/?p=2659","title":{"rendered":"Am\u00e9nagement urbain : Les travaux  de r\u00e9habilitation de la gare routi\u00e8re Ouaga-inter ont \u00e9t\u00e9 officiellement lanc\u00e9s"},"content":{"rendered":"<p>&nbsp;<\/p>\n<p><strong>Le lundi 22 juillet 2019, s\u2019est tenu le lancement du projet d\u2019am\u00e9nagement de la gare routi\u00e8re Ouaga-inter. Ce lancement a \u00e9t\u00e9 plac\u00e9 sous le patronage du pr\u00e9sident du Faso, Roch Marc Christian KABORE et sous la pr\u00e9sidence du premier ministre Christoph Marie DABIRE repr\u00e9sent\u00e9 par le ministre des infrastructures, \u00c9ric Bougouma. <\/strong><\/p>\n<p>C\u2019est \u00e0 la pr\u00e9sence de plusieurs autorit\u00e9s telles que le ministre des infrastructures \u00c9ric Bougouma, le Laarl\u00e9 Naaba, certains conseillers municipaux et l\u2019ambassadeur de la France au Burkina Xavier Lapeyre De Cabanes que cette c\u00e9r\u00e9monie s\u2019est d\u00e9roul\u00e9e ce lundi 22 juillet 2019 \u00e0 la gare routi\u00e8re Ouaga-Inter. Le d\u00e9veloppement et le renforcement des infrastructures de stationnement constituent une pr\u00e9occupation majeure pour le maire de la ville de Ouagadougou, Armand Roland Pierre Beouind\u00e9. Il a aussi ajout\u00e9 que cette infrastructure permettra d&#8217;am\u00e9liorer les conditions d&#8217;acc\u00e8s \u00e0 la gare; de supprimer l\u2019occupation anarchique de la voie publique ; d\u2019am\u00e9liorer le confort des usagers ; d&#8217;assainir et de s\u00e9curiser le quartier, etc.<a href=\"http:\/\/citeelegance.net\/wp-content\/uploads\/2019\/07\/WhatsApp-Image-2019-07-22-at-16.15.09.jpeg\"><img loading=\"lazy\" decoding=\"async\" class=\"alignright size-medium wp-image-2663\" src=\"http:\/\/citeelegance.net\/wp-content\/uploads\/2019\/07\/WhatsApp-Image-2019-07-22-at-16.15.09-300x191.jpeg\" alt=\"\" width=\"300\" height=\"191\" srcset=\"https:\/\/citeelegance.net\/wp-content\/uploads\/2019\/07\/WhatsApp-Image-2019-07-22-at-16.15.09-300x191.jpeg 300w, https:\/\/citeelegance.net\/wp-content\/uploads\/2019\/07\/WhatsApp-Image-2019-07-22-at-16.15.09-768x490.jpeg 768w, https:\/\/citeelegance.net\/wp-content\/uploads\/2019\/07\/WhatsApp-Image-2019-07-22-at-16.15.09-1024x653.jpeg 1024w, https:\/\/citeelegance.net\/wp-content\/uploads\/2019\/07\/WhatsApp-Image-2019-07-22-at-16.15.09.jpeg 1080w\" sizes=\"(max-width: 300px) 100vw, 300px\" \/><\/a><\/p>\n<p>La gare comprendra entre autres des gu\u00e9rites, une administration, des voiries, des halls d&#8217;embarquement et de d\u00e9barquement, de l&#8217;\u00e9clairage public, des boutiques, une station-service, des latrines, une aire de lavage, des centres de collecte d&#8217;ordures, une cl\u00f4ture, une infirmerie, un carrefour giratoire et une aire de stationnement.<em> \u00ab Avec ces toitures solaires, Ouaga-inter sera une infrastructure de r\u00e9f\u00e9rence sous r\u00e9gionale en terme d&#8217;efficacit\u00e9 \u00e9nerg\u00e9tique \u00bb<\/em>, a\u00a0 dit le maire.<a href=\"http:\/\/citeelegance.net\/wp-content\/uploads\/2019\/07\/WhatsApp-Image-2019-07-22-at-16.07.58.jpeg\"><img loading=\"lazy\" decoding=\"async\" class=\"size-medium wp-image-2661 alignleft\" src=\"http:\/\/citeelegance.net\/wp-content\/uploads\/2019\/07\/WhatsApp-Image-2019-07-22-at-16.07.58-300x169.jpeg\" alt=\"\" width=\"300\" height=\"169\" srcset=\"https:\/\/citeelegance.net\/wp-content\/uploads\/2019\/07\/WhatsApp-Image-2019-07-22-at-16.07.58-300x169.jpeg 300w, https:\/\/citeelegance.net\/wp-content\/uploads\/2019\/07\/WhatsApp-Image-2019-07-22-at-16.07.58-768x432.jpeg 768w, https:\/\/citeelegance.net\/wp-content\/uploads\/2019\/07\/WhatsApp-Image-2019-07-22-at-16.07.58-1024x576.jpeg 1024w, https:\/\/citeelegance.net\/wp-content\/uploads\/2019\/07\/WhatsApp-Image-2019-07-22-at-16.07.58.jpeg 1080w\" sizes=\"(max-width: 300px) 100vw, 300px\" \/><\/a><\/p>\n<p>Selon le chef de mission de contr\u00f4le, Nama Bazi\u00e9, ils sont \u00e0 22,61% d\u2019avancement des travaux dans la globalit\u00e9 pour des d\u00e9lais consomm\u00e9s \u00e0 52, 61%. Un petit retard est accus\u00e9 dans les travaux et les difficult\u00e9s qui l\u2019expliquent sont d\u2019ordres administratifs et sociaux, car les commer\u00e7ants et les transporteurs qui \u00e9taient sur ce site n\u2019ont pas voulu quitter les lieux si facilement selon M. Nama Bazi\u00e9. <em>\u00ab On a eu un petit souci avec l\u2019environnement puisqu\u2019il fallait une autorisation de la direction provinciale de l\u2019environnement\u00a0 pour arracher un arbre et il n\u2019y a m\u00eame pas trois semaines qu\u2019on a eu cette autorisation \u00bb<\/em>, ajoute-t-il.<\/p>\n<p>Le projet d\u2019am\u00e9nagement des gares bretelles dans la ville de \u00a0Ouagadougou a d\u00e9but\u00e9 depuis 2011\u00a0gr\u00e2ce \u00e0 un appui financier de l\u2019Agence Fran\u00e7aise de D\u00e9veloppement.<\/p>\n<p>En plus de Ouaga-inter d\u2019autres gares seront am\u00e9nag\u00e9es dans la ville dans le cadre du projet du d\u00e9veloppement durable en phase une et en phase deux. Il s\u2019agit de la gare de l\u2019ouest \u00e0 la sortie de la ville sur la route de Bobo, celle de Tampouy \u00e0 c\u00f4t\u00e9 de l\u2019\u00e9changeur et la gare de l\u2019est \u00e0 Dassasgho.<\/p>\n<p>Le co\u00fbt global de cette \u00a0infrastructure est de plus de 4 milliards de franc CFA et son inauguration est pr\u00e9vue pour janvier 2020.<\/p>\n<p><strong>\u00a0\u00a0\u00a0\u00a0\u00a0\u00a0\u00a0\u00a0\u00a0\u00a0\u00a0\u00a0\u00a0\u00a0\u00a0\u00a0\u00a0\u00a0\u00a0\u00a0\u00a0\u00a0\u00a0\u00a0\u00a0\u00a0\u00a0\u00a0\u00a0\u00a0\u00a0\u00a0\u00a0\u00a0\u00a0\u00a0\u00a0\u00a0\u00a0\u00a0\u00a0\u00a0\u00a0\u00a0\u00a0\u00a0\u00a0\u00a0 Assata SINARE<\/strong><\/p>\n<p>&nbsp;<\/p>\n<aside class=\"mashsb-container mashsb-main mashsb-stretched\"><div class=\"mashsb-box\"><div class=\"mashsb-buttons\"><a class=\"mashicon-facebook mash-small mash-center mashsb-noshadow\" href=\"https:\/\/www.facebook.com\/sharer.php?u=https%3A%2F%2Fciteelegance.net%2F%3Fp%3D2659\" target=\"_top\" rel=\"nofollow\"><span class=\"icon\"><\/span><span class=\"text\">Partagez<\/span><\/a><a class=\"mashicon-twitter mash-small mash-center mashsb-noshadow\" href=\"https:\/\/twitter.com\/intent\/tweet?text=&url=https:\/\/citeelegance.net\/?p=2659\" target=\"_top\" rel=\"nofollow\"><span class=\"icon\"><\/span><span class=\"text\">Tweet<\/span><\/a><div class=\"onoffswitch2 mash-small mashsb-noshadow\" style=\"display:none;\"><\/div><\/div>\n            <\/div>\n                <div style=\"clear:both;\"><\/div><\/aside>\n            <!-- Share buttons by mashshare.net - Version: 3.8.0--><div class=\"pdf24Plugin-cp\"> \t<form name=\"pdf24Form0\" method=\"post\" action=\"https:\/\/doc2pdf.pdf24.org\/wordpress.php\" target=\"pdf24PopWin\" onsubmit=\"var pdf24Win = window.open('about:blank', 'pdf24PopWin', 'resizable=yes,scrollbars=yes,width=600,height=250,left='+(screen.width\/2-300)+',top='+(screen.height\/3-125)+''); pdf24Win.focus(); if(typeof pdf24OnCreatePDF === 'function'){void(pdf24OnCreatePDF(this,pdf24Win));}\"> \t\t<input type=\"hidden\" name=\"blogCharset\" value=\"Cw1x07UAAA==\" \/><input type=\"hidden\" name=\"blogPosts\" value=\"MwQA\" \/><input type=\"hidden\" name=\"blogUrl\" value=\"yygpKSi20tdPzixJTc1JTU\/MS07Vy0stAQA=\" \/><input type=\"hidden\" name=\"blogName\" value=\"c\/YMcVVw9XF1d\/RzdgUA\" \/><input type=\"hidden\" name=\"blogValueEncoding\" value=\"gzdeflate base64\" \/><input type=\"hidden\" name=\"postId_0\" value=\"MzIztQQA\" \/><input type=\"hidden\" name=\"postTitle_0\" value=\"JY3BDcJADARbcQM0wI8\/EjVsgnNYcnyS40OUhOtwYxzKbzUjzd72SkPjnS1o+AIxutKdDwrHG+ND9GTyyhcWUQmEdPsjBTX4VH2E1Heux0DDRSzYqc9aZVRS3zZZhVXPC4WtlccP\" \/><input type=\"hidden\" name=\"postLink_0\" value=\"yygpKSi20tdPzixJTc1JTU\/MS07Vy0st0bcvsDUyM7UEAA==\" \/><input type=\"hidden\" name=\"postAuthor_0\" value=\"805MSS0CAA==\" \/><input type=\"hidden\" name=\"postDateTime_0\" value=\"MzIwtNQ1MNc1MlYwNLYyMLcysQAA\" \/><input type=\"hidden\" name=\"postContent_0\" value=\"tVjLchu5Fd3PVyBM2ZVUsfmSRUmWKJdkWVWqeOwpe\/LYpcBusAkNGmjjQVFeZZtPyE6VTUbJdnazE\/8kX5JzgeZL8iSpSWi5JDYawD334uLcc3lSnz7XY1cfn3Tr069O6tMT563R5elbwVTQhWSDAbsOUinh2aDXP2oz988\/\/UU4z7zQgSlM4zoXldCeFYHV1lxjZoE5vFrca142r2geK7kVzJrg5eJ7fHofeMkzqb2wHfZ6cyfOFvd+cc9qxXP8cSY4MlVzAoc9k6nFvZNFY\/iSO9NmH0w+ZV9zm7PXUyudl1yz35ydv\/\/whgFV2oavV+bNRqKSwrJKaiwBrrTW1HErKdjF2fkVdrAiLoRBQsYtIVqtKYRjUk8sx1PIfbDCtdniz1bm7NyE0oSKd9hJt4nuMtqvm1gu7la4Eir4qoKTIljHePDGShh1iDkOwrFPQfwn449st2n+W86tAvZ3nI8xkgvrudSO5UY7QUcMY1XQMpc1D3OKmIrnOObO8QJYmmO8tHRQwMXOg\/1Oas7+wGcUwbe8FrfAc4EYwoRuoObCe\/xe3MO\/ymhEdJlDBcZMACaa9OWEa2LzxdS5SqmDXMVGM6FMXaf8IeiYLvTE2GVyfiFGcMd57qXROk2iSHjpA30OWsQTMXke6jiJVfwaUcCwCen0uYzRJ4AzgkyfI7Qixr3NzmzFdYG8VPTnGwQJC86FCVIDcoddKeQ6D85Jxq\/hHU5nHbFtuKwWtsK45ax4\/svDQf\/gmK6YksYKQhPPsZAE1K1n5Pnie7cRw+PodKhrKytahoPYcJBr3J2pJAiNVwanVYeximPHq4u9skpGEeQU3+BwN5FEx2v7yBxkqaUTIcOL+zzgcqWlnwK3HiFp423eOeFsasVk1Jp6X7\/sdnPphVCipFzraOG7N3UGY6Ad3w21MrxwXUqQbu+g+\/sp9+6srrOrCggyGs56B9lgkHGf9Yed\/n6nd9S5rkXZOj2RVcloudTlqKX459sWoOUmPXN3q\/MWyxWQ40nJUltZTkEe8rPIKlHIUDEgkcnQcLjXYs7mu0Od7fV68\/5RP6FnXPlRq8VuZOGnoxbetdhUEMBRC5MiFid8guN2jofh4abNdmfsYHg4f3HUS8bwsFNj\/d7gxXy4v5es0dMuzS2tHPZuWjG7kG+\/qvg8i2f7kkJbz3+NCb0ZYMSnFuuidPBV+Xjb8GJuKhQxXYAaAMcSNfvEb46VARwL7ChHxGi8aKpGvPDtOAWXHGXOpYcpV2rNHwLkb3H1l6xaRKpdj7UjTzSTcbkVGJHqc6SMPO04JtbG\/AZBw7gZSGAmc5HmKFR2qVcgV7Q6w2ZpRh49i5ydG1BtDoJcojS2SAWXFudq8QPxZXoCh0rQJvyjZ5ZzEPCE6LsEUG\/IkPBbRrcqQudEVKfs4R\/sbCZyYEAJNjIVD2fIWbK6oWMYvOJLw5vkjY1RSyY4i1jgoxTBQAlLHFQoNGo7cK4DP5nInOdU9qGFtLAlFFEk4YcfT7oA1Wb84Y6B71eFaKcM2jvo7B\/+DAb9Kdrss8itSkz87gg0gk6ENTz6Lwh0eLRbAn2KZ4cEmoxFAt0b7JpAk7FIoPsHw50T6Dob\/zcC\/QjNqKOKmYoJ3dFKQophKLIMCGfxgwJxvOMVZ+f8s1zct5lUdPd1FO2DQXvYf5ZU0WzdBxFNWAxARBdcx56jVGaMjI+tg4lK2hGTgkKS\/jZVRQIfe+4P2gybdthvNSQf1Ch0rOe2YCSYoecCRFSz7YadqHixpSTeCCp2C5+CjAJPzOuo37RPwAkuKJNIbLMcTFxqknKJDdtElY2qrMCfi79x7d3SDOZrV0P2xQaF7ICduIwW4BwRHE6baTKEsZpTkQkq0FTvG7mq0N7MMZFNwHMqhc7FA\/m6sxly9E3gO3DwewhUJgLxeAoMWDSHcCZqjn7qmbQrLV8H6T4FDEsFCwqRbng+tlMuCd6kcguwZx6f0b\/OpEYEkpZ\/sisoNx4fyghHzljCwu04VREYIo9vgbJa\/L0S0W80fDhiJ0DRqR+KMUmOJJm\/BWjN7tQOiMxnUnVW9V78mwbbRS2Acot0SW3iMvdWrcnD3UZzAghUymPPUQiKFvVb\/Ye70i7+ihNEKpJzNd6wCZo8REXYZVDOyljGqBNEZkDQ04uLrSZshfqNjs3sqjdqKmV0IemUBBylk5KlcQs94RMPUtIjMwsrNr9tCI\/7P8gBPk5ltZ5yoKODx8zVM7rZeey+qBPlpdz6hqLx0YR1a+4MdSpbrR4lOh6oJ40vzs3YUFPdxPpbXiFTbml9DkESgxy3hUqacl1SO023adtmY\/GC+iZXTs3m0edm8aNviCQSVMyeh7tHSiP21WIV8hfgNKUkCCQ+Tqh3Z68vz9Jd19ApPJQhycG4lnreWWia3GuuY2c\/6A16ncffET3c7faHnSEKnrOPV+\/OPrx58uXJ5hdXnL7PWWqOirupG8fiQpfOsmaAruDyM31v4nGDC8iZQs4eLR2b+ZfHg\/cga7zjm28kTGVgMTE25rtoIXMVKCd9JOW6BqGNm+IGomSttRqVx5ubm85yiw44t4tpaLE79bR+FUZx1rO9s2eDS\/x\/XEppdO+yfrZ3MRjuQ8OgXJSkYf7oTd1C+VCjljYTqGaYxenVXC\/RE3IMdWls+40Xc986\/QYdOijm83IG1c6nrvubxOo\/z\/NmdXRaJj3gb4TwrwjC6HmwavSTGuJVPfp\/u\/wt2d70dyMNDPacOODNp4PH3m556PytEqNWIV2t+O1LbbQ4JqPYq\/n9Fdv494WhOEymm61yJbh9OTZ+urFRTPtHW\/0iy9hHyh3WZCsb3yaANEhRYxn7nbCkcyCSOoedXpad\/gs=\" \/> \t\t<a href=\"https:\/\/www.pdf24.org\" target=\"_blank\" title=\"www.pdf24.org\" rel=\"nofollow\"><img src=\"https:\/\/citeelegance.net\/wp-content\/plugins\/pdf24-posts-to-pdf\/img\/pdf_32x32.png\" alt=\"\" border=\"0\" height=\"32\" \/><\/a> \t\t<span class=\"pdf24Plugin-cp-space\">&nbsp;&nbsp;<\/span> \t\t<span class=\"pdf24Plugin-cp-text\">Send article as PDF<\/span> \t\t<span class=\"pdf24Plugin-cp-space\">&nbsp;&nbsp;<\/span> \t\t<input class=\"pdf24Plugin-cp-input\" style=\"margin: 0px;\" type=\"text\" name=\"sendEmailTo\" placeholder=\"Enter email address\" \/> \t\t<input class=\"pdf24Plugin-cp-submit\" style=\"margin: 0px;\" type=\"submit\" value=\"Send\" \/> \t<\/form> <\/div>","protected":false},"excerpt":{"rendered":"<p>&nbsp; Le lundi 22 juillet 2019, s\u2019est tenu le lancement du projet d\u2019am\u00e9nagement de la gare routi\u00e8re Ouaga-inter. Ce lancement a \u00e9t\u00e9 plac\u00e9 sous le patronage du pr\u00e9sident du Faso, Roch Marc Christian KABORE et sous la pr\u00e9sidence du premier ministre Christoph Marie DABIRE repr\u00e9sent\u00e9 par le ministre des infrastructures, \u00c9ric Bougouma. C\u2019est \u00e0 la [&hellip;]<\/p>\n","protected":false},"author":3,"featured_media":2660,"comment_status":"open","ping_status":"open","sticky":false,"template":"","format":"standard","meta":{"footnotes":""},"categories":[2,6,10],"tags":[],"yoast_head":"<!-- This site is optimized with the Yoast SEO plugin v18.1 - https:\/\/yoast.com\/wordpress\/plugins\/seo\/ -->\n<title>Am\u00e9nagement urbain : Les travaux de r\u00e9habilitation de la gare routi\u00e8re Ouaga-inter ont \u00e9t\u00e9 officiellement lanc\u00e9s - CITE ELEGANCE<\/title>\n<meta name=\"robots\" content=\"index, follow, max-snippet:-1, max-image-preview:large, max-video-preview:-1\" \/>\n<link rel=\"canonical\" href=\"https:\/\/citeelegance.net\/?p=2659\" \/>\n<meta property=\"og:locale\" content=\"fr_FR\" \/>\n<meta property=\"og:type\" content=\"article\" \/>\n<meta property=\"og:title\" content=\"Am\u00e9nagement urbain : Les travaux de r\u00e9habilitation de la gare routi\u00e8re Ouaga-inter ont \u00e9t\u00e9 officiellement lanc\u00e9s - CITE ELEGANCE\" \/>\n<meta property=\"og:description\" content=\"&nbsp; Le lundi 22 juillet 2019, s\u2019est tenu le lancement du projet d\u2019am\u00e9nagement de la gare routi\u00e8re Ouaga-inter. Ce lancement a \u00e9t\u00e9 plac\u00e9 sous le patronage du pr\u00e9sident du Faso, Roch Marc Christian KABORE et sous la pr\u00e9sidence du premier ministre Christoph Marie DABIRE repr\u00e9sent\u00e9 par le ministre des infrastructures, \u00c9ric Bougouma. C\u2019est \u00e0 la [&hellip;]\" \/>\n<meta property=\"og:url\" content=\"https:\/\/citeelegance.net\/?p=2659\" \/>\n<meta property=\"og:site_name\" content=\"CITE ELEGANCE\" \/>\n<meta property=\"article:published_time\" content=\"2019-07-23T12:51:48+00:00\" \/>\n<meta property=\"article:modified_time\" content=\"2019-07-24T11:11:43+00:00\" \/>\n<meta property=\"og:image\" content=\"https:\/\/citeelegance.net\/wp-content\/uploads\/2019\/07\/WhatsApp-Image-2019-07-22-at-16.07.24.jpeg\" \/>\n\t<meta property=\"og:image:width\" content=\"1080\" \/>\n\t<meta property=\"og:image:height\" content=\"607\" \/>\n\t<meta property=\"og:image:type\" content=\"image\/jpeg\" \/>\n<meta name=\"twitter:label1\" content=\"\u00c9crit par\" \/>\n\t<meta name=\"twitter:data1\" content=\"Kader\" \/>\n\t<meta name=\"twitter:label2\" content=\"Dur\u00e9e de lecture estim\u00e9e\" \/>\n\t<meta name=\"twitter:data2\" content=\"2 minutes\" \/>\n<script type=\"application\/ld+json\" class=\"yoast-schema-graph\">{\"@context\":\"https:\/\/schema.org\",\"@graph\":[{\"@type\":\"WebSite\",\"@id\":\"https:\/\/citeelegance.net\/#website\",\"url\":\"https:\/\/citeelegance.net\/\",\"name\":\"CITE ELEGANCE\",\"description\":\"\",\"potentialAction\":[{\"@type\":\"SearchAction\",\"target\":{\"@type\":\"EntryPoint\",\"urlTemplate\":\"https:\/\/citeelegance.net\/?s={search_term_string}\"},\"query-input\":\"required name=search_term_string\"}],\"inLanguage\":\"fr-FR\"},{\"@type\":\"ImageObject\",\"@id\":\"https:\/\/citeelegance.net\/?p=2659#primaryimage\",\"inLanguage\":\"fr-FR\",\"url\":\"https:\/\/citeelegance.net\/wp-content\/uploads\/2019\/07\/WhatsApp-Image-2019-07-22-at-16.07.24.jpeg\",\"contentUrl\":\"https:\/\/citeelegance.net\/wp-content\/uploads\/2019\/07\/WhatsApp-Image-2019-07-22-at-16.07.24.jpeg\",\"width\":1080,\"height\":607},{\"@type\":\"WebPage\",\"@id\":\"https:\/\/citeelegance.net\/?p=2659#webpage\",\"url\":\"https:\/\/citeelegance.net\/?p=2659\",\"name\":\"Am\u00e9nagement urbain : Les travaux de r\u00e9habilitation de la gare routi\u00e8re Ouaga-inter ont \u00e9t\u00e9 officiellement lanc\u00e9s - CITE ELEGANCE\",\"isPartOf\":{\"@id\":\"https:\/\/citeelegance.net\/#website\"},\"primaryImageOfPage\":{\"@id\":\"https:\/\/citeelegance.net\/?p=2659#primaryimage\"},\"datePublished\":\"2019-07-23T12:51:48+00:00\",\"dateModified\":\"2019-07-24T11:11:43+00:00\",\"author\":{\"@id\":\"https:\/\/citeelegance.net\/#\/schema\/person\/e06163d4cd2cfc8a3cfc96dc84443ae4\"},\"breadcrumb\":{\"@id\":\"https:\/\/citeelegance.net\/?p=2659#breadcrumb\"},\"inLanguage\":\"fr-FR\",\"potentialAction\":[{\"@type\":\"ReadAction\",\"target\":[\"https:\/\/citeelegance.net\/?p=2659\"]}]},{\"@type\":\"BreadcrumbList\",\"@id\":\"https:\/\/citeelegance.net\/?p=2659#breadcrumb\",\"itemListElement\":[{\"@type\":\"ListItem\",\"position\":1,\"name\":\"Accueil\",\"item\":\"https:\/\/citeelegance.net\/\"},{\"@type\":\"ListItem\",\"position\":2,\"name\":\"Am\u00e9nagement urbain : Les travaux de r\u00e9habilitation de la gare routi\u00e8re Ouaga-inter ont \u00e9t\u00e9 officiellement lanc\u00e9s\"}]},{\"@type\":\"Person\",\"@id\":\"https:\/\/citeelegance.net\/#\/schema\/person\/e06163d4cd2cfc8a3cfc96dc84443ae4\",\"name\":\"Kader\",\"url\":\"https:\/\/citeelegance.net\/?author=3\"}]}<\/script>\n<!-- \/ Yoast SEO plugin. -->","yoast_head_json":{"title":"Am\u00e9nagement urbain : Les travaux de r\u00e9habilitation de la gare routi\u00e8re Ouaga-inter ont \u00e9t\u00e9 officiellement lanc\u00e9s - CITE ELEGANCE","robots":{"index":"index","follow":"follow","max-snippet":"max-snippet:-1","max-image-preview":"max-image-preview:large","max-video-preview":"max-video-preview:-1"},"canonical":"https:\/\/citeelegance.net\/?p=2659","og_locale":"fr_FR","og_type":"article","og_title":"Am\u00e9nagement urbain : Les travaux de r\u00e9habilitation de la gare routi\u00e8re Ouaga-inter ont \u00e9t\u00e9 officiellement lanc\u00e9s - CITE ELEGANCE","og_description":"&nbsp; Le lundi 22 juillet 2019, s\u2019est tenu le lancement du projet d\u2019am\u00e9nagement de la gare routi\u00e8re Ouaga-inter. Ce lancement a \u00e9t\u00e9 plac\u00e9 sous le patronage du pr\u00e9sident du Faso, Roch Marc Christian KABORE et sous la pr\u00e9sidence du premier ministre Christoph Marie DABIRE repr\u00e9sent\u00e9 par le ministre des infrastructures, \u00c9ric Bougouma. C\u2019est \u00e0 la [&hellip;]","og_url":"https:\/\/citeelegance.net\/?p=2659","og_site_name":"CITE ELEGANCE","article_published_time":"2019-07-23T12:51:48+00:00","article_modified_time":"2019-07-24T11:11:43+00:00","og_image":[{"width":1080,"height":607,"url":"https:\/\/citeelegance.net\/wp-content\/uploads\/2019\/07\/WhatsApp-Image-2019-07-22-at-16.07.24.jpeg","type":"image\/jpeg"}],"twitter_misc":{"\u00c9crit par":"Kader","Dur\u00e9e de lecture estim\u00e9e":"2 minutes"},"schema":{"@context":"https:\/\/schema.org","@graph":[{"@type":"WebSite","@id":"https:\/\/citeelegance.net\/#website","url":"https:\/\/citeelegance.net\/","name":"CITE ELEGANCE","description":"","potentialAction":[{"@type":"SearchAction","target":{"@type":"EntryPoint","urlTemplate":"https:\/\/citeelegance.net\/?s={search_term_string}"},"query-input":"required name=search_term_string"}],"inLanguage":"fr-FR"},{"@type":"ImageObject","@id":"https:\/\/citeelegance.net\/?p=2659#primaryimage","inLanguage":"fr-FR","url":"https:\/\/citeelegance.net\/wp-content\/uploads\/2019\/07\/WhatsApp-Image-2019-07-22-at-16.07.24.jpeg","contentUrl":"https:\/\/citeelegance.net\/wp-content\/uploads\/2019\/07\/WhatsApp-Image-2019-07-22-at-16.07.24.jpeg","width":1080,"height":607},{"@type":"WebPage","@id":"https:\/\/citeelegance.net\/?p=2659#webpage","url":"https:\/\/citeelegance.net\/?p=2659","name":"Am\u00e9nagement urbain : Les travaux de r\u00e9habilitation de la gare routi\u00e8re Ouaga-inter ont \u00e9t\u00e9 officiellement lanc\u00e9s - CITE ELEGANCE","isPartOf":{"@id":"https:\/\/citeelegance.net\/#website"},"primaryImageOfPage":{"@id":"https:\/\/citeelegance.net\/?p=2659#primaryimage"},"datePublished":"2019-07-23T12:51:48+00:00","dateModified":"2019-07-24T11:11:43+00:00","author":{"@id":"https:\/\/citeelegance.net\/#\/schema\/person\/e06163d4cd2cfc8a3cfc96dc84443ae4"},"breadcrumb":{"@id":"https:\/\/citeelegance.net\/?p=2659#breadcrumb"},"inLanguage":"fr-FR","potentialAction":[{"@type":"ReadAction","target":["https:\/\/citeelegance.net\/?p=2659"]}]},{"@type":"BreadcrumbList","@id":"https:\/\/citeelegance.net\/?p=2659#breadcrumb","itemListElement":[{"@type":"ListItem","position":1,"name":"Accueil","item":"https:\/\/citeelegance.net\/"},{"@type":"ListItem","position":2,"name":"Am\u00e9nagement urbain : Les travaux de r\u00e9habilitation de la gare routi\u00e8re Ouaga-inter ont \u00e9t\u00e9 officiellement lanc\u00e9s"}]},{"@type":"Person","@id":"https:\/\/citeelegance.net\/#\/schema\/person\/e06163d4cd2cfc8a3cfc96dc84443ae4","name":"Kader","url":"https:\/\/citeelegance.net\/?author=3"}]}},"_links":{"self":[{"href":"https:\/\/citeelegance.net\/index.php?rest_route=\/wp\/v2\/posts\/2659"}],"collection":[{"href":"https:\/\/citeelegance.net\/index.php?rest_route=\/wp\/v2\/posts"}],"about":[{"href":"https:\/\/citeelegance.net\/index.php?rest_route=\/wp\/v2\/types\/post"}],"author":[{"embeddable":true,"href":"https:\/\/citeelegance.net\/index.php?rest_route=\/wp\/v2\/users\/3"}],"replies":[{"embeddable":true,"href":"https:\/\/citeelegance.net\/index.php?rest_route=%2Fwp%2Fv2%2Fcomments&post=2659"}],"version-history":[{"count":6,"href":"https:\/\/citeelegance.net\/index.php?rest_route=\/wp\/v2\/posts\/2659\/revisions"}],"predecessor-version":[{"id":2675,"href":"https:\/\/citeelegance.net\/index.php?rest_route=\/wp\/v2\/posts\/2659\/revisions\/2675"}],"wp:featuredmedia":[{"embeddable":true,"href":"https:\/\/citeelegance.net\/index.php?rest_route=\/wp\/v2\/media\/2660"}],"wp:attachment":[{"href":"https:\/\/citeelegance.net\/index.php?rest_route=%2Fwp%2Fv2%2Fmedia&parent=2659"}],"wp:term":[{"taxonomy":"category","embeddable":true,"href":"https:\/\/citeelegance.net\/index.php?rest_route=%2Fwp%2Fv2%2Fcategories&post=2659"},{"taxonomy":"post_tag","embeddable":true,"href":"https:\/\/citeelegance.net\/index.php?rest_route=%2Fwp%2Fv2%2Ftags&post=2659"}],"curies":[{"name":"wp","href":"https:\/\/api.w.org\/{rel}","templated":true}]}}