{"id":2533,"date":"2019-07-02T18:06:49","date_gmt":"2019-07-02T17:06:49","guid":{"rendered":"http:\/\/citeelegance.net\/?p=2533"},"modified":"2019-07-02T18:55:57","modified_gmt":"2019-07-02T17:55:57","slug":"implantation-de-siege-le-r-c-e-e-d-a-o-inaugure-son-bureau-du-burkina","status":"publish","type":"post","link":"https:\/\/citeelegance.net\/?p=2533","title":{"rendered":"Implantation de si\u00e8ge : Le R.C.E.E.D.A.O inaugure son bureau du Burkina"},"content":{"rendered":"<p style=\"text-align: left;\"><strong><em>Ce mardi 2 juillet 2019 \u00e0 Ouagadougou, le R\u00e9seau des Chambres des Experts Europ\u00e9ens D\u00e9partement Afrique de l\u2019Ouest (R.C.E.E.D.A.O) a proc\u00e9d\u00e9 \u00e0 l\u2019inauguration de son Bureau Pays au Burkina Faso en pr\u00e9sence de plusieurs ambassadeurs de l\u2019Afrique de l\u2019Ouest et des chefs coutumiers du Burkina Faso. Cette c\u00e9r\u00e9monie a \u00e9t\u00e9 parrain\u00e9e par le pr\u00e9sident Afrique et Repr\u00e9sentant-R\u00e9sident RCEEDAO C\u00f4te d\u2019Ivoire, Sidiki Boubacar Sangar\u00e9 et patronn\u00e9e par le ministre des affaires \u00e9trang\u00e8res du Burkina Faso, Alpha Barry. <\/em><\/strong><\/p>\n<p>C\u2019est en pr\u00e9sence de plusieurs ambassadeurs de l\u2019Afrique de l\u2019Ouest et des chefs coutumiers du Burkina Faso que le\u00a0 R.C.E.E.D.A.O a proc\u00e9d\u00e9 ce mardi 2 juillet 2019 \u00e0\u00a0 l\u2019inauguration de son Bureau Pays au Burkina Faso et \u00e0 l\u2019installation officielle du Repr\u00e9sentant R\u00e9sident, en occurrence M. Apollinaire Compaor\u00e9.<a href=\"http:\/\/citeelegance.net\/wp-content\/uploads\/2019\/07\/WhatsApp-Image-2019-07-02-at-17.00.42.jpeg\"><img loading=\"lazy\" decoding=\"async\" class=\"size-medium wp-image-2537 alignleft\" src=\"http:\/\/citeelegance.net\/wp-content\/uploads\/2019\/07\/WhatsApp-Image-2019-07-02-at-17.00.42-300x150.jpeg\" alt=\"\" width=\"300\" height=\"150\" srcset=\"https:\/\/citeelegance.net\/wp-content\/uploads\/2019\/07\/WhatsApp-Image-2019-07-02-at-17.00.42-300x150.jpeg 300w, https:\/\/citeelegance.net\/wp-content\/uploads\/2019\/07\/WhatsApp-Image-2019-07-02-at-17.00.42-768x384.jpeg 768w, https:\/\/citeelegance.net\/wp-content\/uploads\/2019\/07\/WhatsApp-Image-2019-07-02-at-17.00.42-1024x512.jpeg 1024w, https:\/\/citeelegance.net\/wp-content\/uploads\/2019\/07\/WhatsApp-Image-2019-07-02-at-17.00.42.jpeg 1040w\" sizes=\"(max-width: 300px) 100vw, 300px\" \/><\/a><\/p>\n<p>Ce qui a motiv\u00e9 l\u2019implantation d\u2019une repr\u00e9sentation r\u00e9sidente au Burkina Faso selon le parrain, Sidiki Boubacar Sangar\u00e9,\u00a0<em>\u00a0<\/em>c\u2019est la volont\u00e9 sociale du pr\u00e9sident du Faso, Roch Marc Christian Kabor\u00e9\u00a0\u00bb.<\/p>\n<p>Le patron de la c\u00e9r\u00e9monie \u00a0n\u2019a pas manqu\u00e9 de f\u00e9liciter Apollinaire Compaor\u00e9 pour l\u2019inauguration du si\u00e8ge. Au regard des d\u00e9fis que le Burkina Faso a, \u00e0 savoir celui du d\u00e9veloppement \u00e9conomique et social,\u00a0<em>\u00ab le pr\u00e9sident Rock Marc Christian Kabore a conc\u00e9d\u00e9 qu\u2019on puisse donner un accord de si\u00e8ge au RCEEDAO qui a fait ses preuves ailleurs afin que cette organisation puisse s\u2019investir dans notre pays pour le bien-\u00eatre des populations\u00a0\u00bb<\/em>, a laiss\u00e9 entendre le patron de la c\u00e9r\u00e9monie. Il a ajout\u00e9 qu\u2019ils sont heureux que l\u2019inauguration de ce si\u00e8ge intervienne avec une annonce importante qui est celle de doter des communes d\u2019ambulances. Par ailleurs, il a \u00a0souhait\u00e9 bon vent au RCEEDAO qui vient de d\u00e9poser ses valises au Burkina.<\/p>\n<p>Apr\u00e8s les diff\u00e9rentes allocutions les dirigeants du RCEEDAO et le patron ont proc\u00e9d\u00e9 \u00e0 la coupure du ruban et la visite des locaux du si\u00e8ge du RCEEDAO\/Burkina Faso.<a href=\"http:\/\/citeelegance.net\/wp-content\/uploads\/2019\/07\/WhatsApp-Image-2019-07-02-at-16.51.30.jpeg\"><img loading=\"lazy\" decoding=\"async\" class=\"alignright size-medium wp-image-2535\" src=\"http:\/\/citeelegance.net\/wp-content\/uploads\/2019\/07\/WhatsApp-Image-2019-07-02-at-16.51.30-300x150.jpeg\" alt=\"\" width=\"300\" height=\"150\" srcset=\"https:\/\/citeelegance.net\/wp-content\/uploads\/2019\/07\/WhatsApp-Image-2019-07-02-at-16.51.30-300x150.jpeg 300w, https:\/\/citeelegance.net\/wp-content\/uploads\/2019\/07\/WhatsApp-Image-2019-07-02-at-16.51.30-768x384.jpeg 768w, https:\/\/citeelegance.net\/wp-content\/uploads\/2019\/07\/WhatsApp-Image-2019-07-02-at-16.51.30-1024x512.jpeg 1024w, https:\/\/citeelegance.net\/wp-content\/uploads\/2019\/07\/WhatsApp-Image-2019-07-02-at-16.51.30.jpeg 1040w\" sizes=\"(max-width: 300px) 100vw, 300px\" \/><\/a><\/p>\n<p>En rappel, l\u2019accord de si\u00e8ge entre le gouvernement du Burkina Faso et le RCEEDAO a \u00e9t\u00e9 sign\u00e9 le 24 ao\u00fbt 2018. Le RCEEDAO est une organisation internationale humanitaire qui a pour but de lutter contre la pauvret\u00e9 dans le monde entier et particuli\u00e8rement en Afrique \u00e0 travers la construction des centres de sant\u00e9 communautaires, des \u00e9coles, la promotion de l\u2019acc\u00e8s \u00e0 l\u2019eau potable, la protection des enfants en situation vuln\u00e9rable, la lutte contre la migration irr\u00e9guli\u00e8re, la durabilit\u00e9 environnementale et l\u2019autonomisation de la femme en milieu rural et la mobilisation des partenaires financiers pour accompagner les pays africains.<\/p>\n<p><strong>Assata SINARE <\/strong><\/p>\n<p>&nbsp;<\/p>\n<p>&nbsp;<\/p>\n<aside class=\"mashsb-container mashsb-main mashsb-stretched\"><div class=\"mashsb-box\"><div class=\"mashsb-buttons\"><a class=\"mashicon-facebook mash-small mash-center mashsb-noshadow\" href=\"https:\/\/www.facebook.com\/sharer.php?u=https%3A%2F%2Fciteelegance.net%2F%3Fp%3D2533\" target=\"_top\" rel=\"nofollow\"><span class=\"icon\"><\/span><span class=\"text\">Partagez<\/span><\/a><a class=\"mashicon-twitter mash-small mash-center mashsb-noshadow\" href=\"https:\/\/twitter.com\/intent\/tweet?text=&url=https:\/\/citeelegance.net\/?p=2533\" target=\"_top\" rel=\"nofollow\"><span class=\"icon\"><\/span><span class=\"text\">Tweet<\/span><\/a><div class=\"onoffswitch2 mash-small mashsb-noshadow\" style=\"display:none;\"><\/div><\/div>\n            <\/div>\n                <div style=\"clear:both;\"><\/div><\/aside>\n            <!-- Share buttons by mashshare.net - Version: 3.8.0--><div class=\"pdf24Plugin-cp\"> \t<form name=\"pdf24Form0\" method=\"post\" action=\"https:\/\/doc2pdf.pdf24.org\/wordpress.php\" target=\"pdf24PopWin\" onsubmit=\"var pdf24Win = window.open('about:blank', 'pdf24PopWin', 'resizable=yes,scrollbars=yes,width=600,height=250,left='+(screen.width\/2-300)+',top='+(screen.height\/3-125)+''); pdf24Win.focus(); if(typeof pdf24OnCreatePDF === 'function'){void(pdf24OnCreatePDF(this,pdf24Win));}\"> \t\t<input type=\"hidden\" name=\"blogCharset\" value=\"Cw1x07UAAA==\" \/><input type=\"hidden\" name=\"blogPosts\" value=\"MwQA\" \/><input type=\"hidden\" name=\"blogUrl\" value=\"yygpKSi20tdPzixJTc1JTU\/MS07Vy0stAQA=\" \/><input type=\"hidden\" name=\"blogName\" value=\"c\/YMcVVw9XF1d\/RzdgUA\" \/><input type=\"hidden\" name=\"blogValueEncoding\" value=\"gzdeflate base64\" \/><input type=\"hidden\" name=\"postId_0\" value=\"MzI1NgYA\" \/><input type=\"hidden\" name=\"postTitle_0\" value=\"88wtyEnMK0ksyczPU0hJVSjOPLwiPVXBSsEnVSFIz1nPFQhd9Bz1\/BUy8xJL00uLgEqAKpOAjMRShZRSBafSomygFAA=\" \/><input type=\"hidden\" name=\"postLink_0\" value=\"yygpKSi20tdPzixJTc1JTU\/MS07Vy0st0bcvsDUyNTYGAA==\" \/><input type=\"hidden\" name=\"postAuthor_0\" value=\"805MSS0CAA==\" \/><input type=\"hidden\" name=\"postDateTime_0\" value=\"MzIwtNQ1MNc1MFIwtLAyMLcysQQA\" \/><input type=\"hidden\" name=\"postContent_0\" value=\"zVjLchu5Fd3PVyCs8tRMFbtJvUaORpSLluUqV2bilJxKlimwG2zCRgMwHiTlVX4jOy2tZJvd7MQ\/yZfkXHQ3HxK9yCRyxXKRRBPAvffg3nNweW6ZDzdKjHpBLEPGlaz0GVNiGn7sXZz74IyuLs5FfXEpWM1dKdkhex+lUiKww+HBb9nqlr2NvOKliZWJfSxl16s7L3hkpfDscsbricMHGlwtrXAB79EZu7oT2rNXqzvLXRC10IGNp05+jAJzmfrXX\/\/2Ngof2HfX+WV+hb9X+Th\/+z3jzDpTrO7K1R0Zp4lS81hFx4M0mhZ7vL2Mjnz4A7\/xDO8YfsA09pp7w4TGHuSkLpIxq6KXIjrMrCfce16mQevGXq8QPkVUzMQUryaGWEtBa3ZN5exShCAY\/IXB2mgpEMDqLsB5xO241MCBPhJwySlZbkMBO9eidTZwHbLr9ZTry6urV+O37HL1T1go4dqbuZFO9Nk7WcoPkr00ccILbP2O64pjD9rNcjrTbau11BIHLVJAfDrlks4LPjosW31Oh7cbVZ+NlZ1x9hIR3OTsfID8OB90yTKwF9+c24tLOJSQ+mpgM1qoxP0t20mZnYwpvpjG978yl8ImC33gSjUrzXQqCylggLzcOUK2PsI+gWOKIjqX0Pk5Z2NrlMLmOAN2aWrLDRbm55zNnJiOerMQ7NlgUMgghBIVx6pcizBY2KwwOmDPQbTK8NIPKKzB8HTw5xkPfmxt9qbmlcjocTY8zYaHGQ\/ZwWk+HObHh\/l7KyoUvKwrRsulrkY9xT\/d9IBBYZox9ze66LFC4dRGPS8\/iawWpYw1g3nZ7H5ydMoSiRCF9Jh3xdM5nR0Nh8uDk2HjPMyGUa\/HFrIMs1EP3\/XYTMhqhqeYlHzxIjTu+Cf3h2Gw6LOnM3b6w\/Pl0fPjxhgGT2rsYHh4vDw5aPKE0egpzXVWjocLHBvyDOn2Xc2XWTrbM4LWLr\/HhOEcbqRRjw3APHzDPgJsIFH6tQlyjsJPFVpbhQJsaxsPohbMbWozPV9zsHhU614oTFCio+4vM23\/\/pZEE6\/EjUVLhYqzucEWxP7eFJI37LBF+xg1BHttihn7mbsCCupAz5Jr9js+ITa4v73\/Je\/i\/Em0jJ4Yk+8Izf2thmGwH\/cgPf0xwixmTVd3StKZuf1sw6yJbg8XRhzF6nMlQFIRqCHOMtEyaHUqfUu+u4DxPpGj56RLoF6FE8E2WDAHktY2qr+6Q7KYupO7BpgOwH880EXg8mEvLqSr2Kel+Y8R7sNpG6X3ABmKh3CjZrwoTPK7DYbOuBPSJmGgf3ACcVkn4pwkkWQi6dVU6hRmkTTdOGS89A06rSGfUMOqgIBLjguONiStlqSjwVWwiRQ6W\/29k1xrbGxUw9PRpozpwxHFsSWJNlVS6USTePvPOmdvFJbw9xDHLnypPKlXAAtCv+KyOaE9EleswZAw5eZwD3XB56JgVCBca0PqhOoxjgSsKS1K6KIROAKY0imJtKlrrPKpvqDwCA2LfQ71dGso+0ySu\/e33sQZ8IbLE\/gypxN+cCDkTUgmcFM0HlbobObQGHrfVOi6IsbIls8eYMEFOUWyOwIQU5UyRUwwt186WQmEk+4RnUkk4AZmAm\/3skk5Fm10qW4dil6nFahr6WVozhNmONBe18vW9oOdu+HTqfoP+clBfjT8FaqetNuRarIvCfzJU8l66\/X\/jazv8+fJZL0z9lVkvTP2lWR9Ox3\/O1m\/gj5zCIfqJyZ7xObwrSFK9KJz4XSjMOXjOzu1qW3Jd\/2YR+bTRUGww2PGzeqX1Bo8z9lPm7lEesSJO9yfWFOnz6ToswixlSGJaiMpifgnMdGYioGokoB0icUtj3MnyIGkF9SQGV2mUNDkNC2bC7KISlIzlgJC29A1SmAlNGpzaocSO6EJcbFoqR10nBBJ7ZXn6eLREDSPyUEwcZmavcIoGqjUK9GdqVWZBmQi1LbLoUbImsAnSnTTg9jYE3qaKBUeghBjA9A8KiDr1msSBlsQ1LJq1Ug6KFrVhprmlhCqiVRJI4SeS2peEwgENR0keRhDukH4taRh4VTUNaGI3RX6TbC146pl69rQluvpPkEsdNP5QuWR8qnBTAdHSYarUUU3CJXmUhsI+AtcAf1ad7ofS8ZoaQNn7978fnx9xR61xd\/qibc\/7htxuuJ0PFxzP\/OTVG+wAsvtgxqj7jM17QFNcQmKL+X8wdKJWe5\/DvCRJfiOb38jYSqb8kJMjPmQLGS+hmY2HymNNk5o42e8NKjijX4RYywWi7zbIgdoA0xzwuV2Zl\/EUZr17Gj87PA1\/j9kF3p69No+O3oFiTnqscBdRbT+l2BsD9dNNeppM8V1FWaBtYXytt6T5z36\/QHPdr+hn7R6F7h4BJDSp24G0cnj0MNChi7E\/zzydnUKWjYUGRZChBfkwujb6NToi7T6wo7+1yH\/kWxvx7uVBqiU6dTD32J2+DDanQjb3wVL6dE13ZzhEijoN8EB9mpfv2Fb\/\/Y8So\/JdLtVoQR3ZxMTZlsbpbR\/sNVvsoy9o9xhbbayyU3jID0k1FjG\/oQKRf1CN\/Ln+TDLLv4N\" \/> \t\t<a href=\"https:\/\/www.pdf24.org\" target=\"_blank\" title=\"www.pdf24.org\" rel=\"nofollow\"><img src=\"https:\/\/citeelegance.net\/wp-content\/plugins\/pdf24-posts-to-pdf\/img\/pdf_32x32.png\" alt=\"\" border=\"0\" height=\"32\" \/><\/a> \t\t<span class=\"pdf24Plugin-cp-space\">&nbsp;&nbsp;<\/span> \t\t<span class=\"pdf24Plugin-cp-text\">Send article as PDF<\/span> \t\t<span class=\"pdf24Plugin-cp-space\">&nbsp;&nbsp;<\/span> \t\t<input class=\"pdf24Plugin-cp-input\" style=\"margin: 0px;\" type=\"text\" name=\"sendEmailTo\" placeholder=\"Enter email address\" \/> \t\t<input class=\"pdf24Plugin-cp-submit\" style=\"margin: 0px;\" type=\"submit\" value=\"Send\" \/> \t<\/form> <\/div>","protected":false},"excerpt":{"rendered":"<p>Ce mardi 2 juillet 2019 \u00e0 Ouagadougou, le R\u00e9seau des Chambres des Experts Europ\u00e9ens D\u00e9partement Afrique de l\u2019Ouest (R.C.E.E.D.A.O) a proc\u00e9d\u00e9 \u00e0 l\u2019inauguration de son Bureau Pays au Burkina Faso en pr\u00e9sence de plusieurs ambassadeurs de l\u2019Afrique de l\u2019Ouest et des chefs coutumiers du Burkina Faso. Cette c\u00e9r\u00e9monie a \u00e9t\u00e9 parrain\u00e9e par le pr\u00e9sident Afrique [&hellip;]<\/p>\n","protected":false},"author":3,"featured_media":2534,"comment_status":"open","ping_status":"open","sticky":false,"template":"","format":"standard","meta":{"footnotes":""},"categories":[2,16],"tags":[],"yoast_head":"<!-- This site is optimized with the Yoast SEO plugin v18.1 - https:\/\/yoast.com\/wordpress\/plugins\/seo\/ -->\n<title>Implantation de si\u00e8ge : Le R.C.E.E.D.A.O inaugure son bureau du Burkina - CITE ELEGANCE<\/title>\n<meta name=\"robots\" content=\"index, follow, max-snippet:-1, max-image-preview:large, max-video-preview:-1\" \/>\n<link rel=\"canonical\" href=\"https:\/\/citeelegance.net\/?p=2533\" \/>\n<meta property=\"og:locale\" content=\"fr_FR\" \/>\n<meta property=\"og:type\" content=\"article\" \/>\n<meta property=\"og:title\" content=\"Implantation de si\u00e8ge : Le R.C.E.E.D.A.O inaugure son bureau du Burkina - CITE ELEGANCE\" \/>\n<meta property=\"og:description\" content=\"Ce mardi 2 juillet 2019 \u00e0 Ouagadougou, le R\u00e9seau des Chambres des Experts Europ\u00e9ens D\u00e9partement Afrique de l\u2019Ouest (R.C.E.E.D.A.O) a proc\u00e9d\u00e9 \u00e0 l\u2019inauguration de son Bureau Pays au Burkina Faso en pr\u00e9sence de plusieurs ambassadeurs de l\u2019Afrique de l\u2019Ouest et des chefs coutumiers du Burkina Faso. Cette c\u00e9r\u00e9monie a \u00e9t\u00e9 parrain\u00e9e par le pr\u00e9sident Afrique [&hellip;]\" \/>\n<meta property=\"og:url\" content=\"https:\/\/citeelegance.net\/?p=2533\" \/>\n<meta property=\"og:site_name\" content=\"CITE ELEGANCE\" \/>\n<meta property=\"article:published_time\" content=\"2019-07-02T17:06:49+00:00\" \/>\n<meta property=\"article:modified_time\" content=\"2019-07-02T17:55:57+00:00\" \/>\n<meta property=\"og:image\" content=\"https:\/\/citeelegance.net\/wp-content\/uploads\/2019\/07\/WhatsApp-Image-2019-07-02-at-16.51.28.jpeg\" \/>\n\t<meta property=\"og:image:width\" content=\"1040\" \/>\n\t<meta property=\"og:image:height\" content=\"520\" \/>\n\t<meta property=\"og:image:type\" content=\"image\/jpeg\" \/>\n<meta name=\"twitter:label1\" content=\"\u00c9crit par\" \/>\n\t<meta name=\"twitter:data1\" content=\"Kader\" \/>\n\t<meta name=\"twitter:label2\" content=\"Dur\u00e9e de lecture estim\u00e9e\" \/>\n\t<meta name=\"twitter:data2\" content=\"2 minutes\" \/>\n<script type=\"application\/ld+json\" class=\"yoast-schema-graph\">{\"@context\":\"https:\/\/schema.org\",\"@graph\":[{\"@type\":\"WebSite\",\"@id\":\"https:\/\/citeelegance.net\/#website\",\"url\":\"https:\/\/citeelegance.net\/\",\"name\":\"CITE ELEGANCE\",\"description\":\"\",\"potentialAction\":[{\"@type\":\"SearchAction\",\"target\":{\"@type\":\"EntryPoint\",\"urlTemplate\":\"https:\/\/citeelegance.net\/?s={search_term_string}\"},\"query-input\":\"required name=search_term_string\"}],\"inLanguage\":\"fr-FR\"},{\"@type\":\"ImageObject\",\"@id\":\"https:\/\/citeelegance.net\/?p=2533#primaryimage\",\"inLanguage\":\"fr-FR\",\"url\":\"https:\/\/citeelegance.net\/wp-content\/uploads\/2019\/07\/WhatsApp-Image-2019-07-02-at-16.51.28.jpeg\",\"contentUrl\":\"https:\/\/citeelegance.net\/wp-content\/uploads\/2019\/07\/WhatsApp-Image-2019-07-02-at-16.51.28.jpeg\",\"width\":1040,\"height\":520},{\"@type\":\"WebPage\",\"@id\":\"https:\/\/citeelegance.net\/?p=2533#webpage\",\"url\":\"https:\/\/citeelegance.net\/?p=2533\",\"name\":\"Implantation de si\u00e8ge : Le R.C.E.E.D.A.O inaugure son bureau du Burkina - CITE ELEGANCE\",\"isPartOf\":{\"@id\":\"https:\/\/citeelegance.net\/#website\"},\"primaryImageOfPage\":{\"@id\":\"https:\/\/citeelegance.net\/?p=2533#primaryimage\"},\"datePublished\":\"2019-07-02T17:06:49+00:00\",\"dateModified\":\"2019-07-02T17:55:57+00:00\",\"author\":{\"@id\":\"https:\/\/citeelegance.net\/#\/schema\/person\/e06163d4cd2cfc8a3cfc96dc84443ae4\"},\"breadcrumb\":{\"@id\":\"https:\/\/citeelegance.net\/?p=2533#breadcrumb\"},\"inLanguage\":\"fr-FR\",\"potentialAction\":[{\"@type\":\"ReadAction\",\"target\":[\"https:\/\/citeelegance.net\/?p=2533\"]}]},{\"@type\":\"BreadcrumbList\",\"@id\":\"https:\/\/citeelegance.net\/?p=2533#breadcrumb\",\"itemListElement\":[{\"@type\":\"ListItem\",\"position\":1,\"name\":\"Accueil\",\"item\":\"https:\/\/citeelegance.net\/\"},{\"@type\":\"ListItem\",\"position\":2,\"name\":\"Implantation de si\u00e8ge : Le R.C.E.E.D.A.O inaugure son bureau du Burkina\"}]},{\"@type\":\"Person\",\"@id\":\"https:\/\/citeelegance.net\/#\/schema\/person\/e06163d4cd2cfc8a3cfc96dc84443ae4\",\"name\":\"Kader\",\"url\":\"https:\/\/citeelegance.net\/?author=3\"}]}<\/script>\n<!-- \/ Yoast SEO plugin. -->","yoast_head_json":{"title":"Implantation de si\u00e8ge : Le R.C.E.E.D.A.O inaugure son bureau du Burkina - CITE ELEGANCE","robots":{"index":"index","follow":"follow","max-snippet":"max-snippet:-1","max-image-preview":"max-image-preview:large","max-video-preview":"max-video-preview:-1"},"canonical":"https:\/\/citeelegance.net\/?p=2533","og_locale":"fr_FR","og_type":"article","og_title":"Implantation de si\u00e8ge : Le R.C.E.E.D.A.O inaugure son bureau du Burkina - CITE ELEGANCE","og_description":"Ce mardi 2 juillet 2019 \u00e0 Ouagadougou, le R\u00e9seau des Chambres des Experts Europ\u00e9ens D\u00e9partement Afrique de l\u2019Ouest (R.C.E.E.D.A.O) a proc\u00e9d\u00e9 \u00e0 l\u2019inauguration de son Bureau Pays au Burkina Faso en pr\u00e9sence de plusieurs ambassadeurs de l\u2019Afrique de l\u2019Ouest et des chefs coutumiers du Burkina Faso. Cette c\u00e9r\u00e9monie a \u00e9t\u00e9 parrain\u00e9e par le pr\u00e9sident Afrique [&hellip;]","og_url":"https:\/\/citeelegance.net\/?p=2533","og_site_name":"CITE ELEGANCE","article_published_time":"2019-07-02T17:06:49+00:00","article_modified_time":"2019-07-02T17:55:57+00:00","og_image":[{"width":1040,"height":520,"url":"https:\/\/citeelegance.net\/wp-content\/uploads\/2019\/07\/WhatsApp-Image-2019-07-02-at-16.51.28.jpeg","type":"image\/jpeg"}],"twitter_misc":{"\u00c9crit par":"Kader","Dur\u00e9e de lecture estim\u00e9e":"2 minutes"},"schema":{"@context":"https:\/\/schema.org","@graph":[{"@type":"WebSite","@id":"https:\/\/citeelegance.net\/#website","url":"https:\/\/citeelegance.net\/","name":"CITE ELEGANCE","description":"","potentialAction":[{"@type":"SearchAction","target":{"@type":"EntryPoint","urlTemplate":"https:\/\/citeelegance.net\/?s={search_term_string}"},"query-input":"required name=search_term_string"}],"inLanguage":"fr-FR"},{"@type":"ImageObject","@id":"https:\/\/citeelegance.net\/?p=2533#primaryimage","inLanguage":"fr-FR","url":"https:\/\/citeelegance.net\/wp-content\/uploads\/2019\/07\/WhatsApp-Image-2019-07-02-at-16.51.28.jpeg","contentUrl":"https:\/\/citeelegance.net\/wp-content\/uploads\/2019\/07\/WhatsApp-Image-2019-07-02-at-16.51.28.jpeg","width":1040,"height":520},{"@type":"WebPage","@id":"https:\/\/citeelegance.net\/?p=2533#webpage","url":"https:\/\/citeelegance.net\/?p=2533","name":"Implantation de si\u00e8ge : Le R.C.E.E.D.A.O inaugure son bureau du Burkina - CITE ELEGANCE","isPartOf":{"@id":"https:\/\/citeelegance.net\/#website"},"primaryImageOfPage":{"@id":"https:\/\/citeelegance.net\/?p=2533#primaryimage"},"datePublished":"2019-07-02T17:06:49+00:00","dateModified":"2019-07-02T17:55:57+00:00","author":{"@id":"https:\/\/citeelegance.net\/#\/schema\/person\/e06163d4cd2cfc8a3cfc96dc84443ae4"},"breadcrumb":{"@id":"https:\/\/citeelegance.net\/?p=2533#breadcrumb"},"inLanguage":"fr-FR","potentialAction":[{"@type":"ReadAction","target":["https:\/\/citeelegance.net\/?p=2533"]}]},{"@type":"BreadcrumbList","@id":"https:\/\/citeelegance.net\/?p=2533#breadcrumb","itemListElement":[{"@type":"ListItem","position":1,"name":"Accueil","item":"https:\/\/citeelegance.net\/"},{"@type":"ListItem","position":2,"name":"Implantation de si\u00e8ge : Le R.C.E.E.D.A.O inaugure son bureau du Burkina"}]},{"@type":"Person","@id":"https:\/\/citeelegance.net\/#\/schema\/person\/e06163d4cd2cfc8a3cfc96dc84443ae4","name":"Kader","url":"https:\/\/citeelegance.net\/?author=3"}]}},"_links":{"self":[{"href":"https:\/\/citeelegance.net\/index.php?rest_route=\/wp\/v2\/posts\/2533"}],"collection":[{"href":"https:\/\/citeelegance.net\/index.php?rest_route=\/wp\/v2\/posts"}],"about":[{"href":"https:\/\/citeelegance.net\/index.php?rest_route=\/wp\/v2\/types\/post"}],"author":[{"embeddable":true,"href":"https:\/\/citeelegance.net\/index.php?rest_route=\/wp\/v2\/users\/3"}],"replies":[{"embeddable":true,"href":"https:\/\/citeelegance.net\/index.php?rest_route=%2Fwp%2Fv2%2Fcomments&post=2533"}],"version-history":[{"count":5,"href":"https:\/\/citeelegance.net\/index.php?rest_route=\/wp\/v2\/posts\/2533\/revisions"}],"predecessor-version":[{"id":2541,"href":"https:\/\/citeelegance.net\/index.php?rest_route=\/wp\/v2\/posts\/2533\/revisions\/2541"}],"wp:featuredmedia":[{"embeddable":true,"href":"https:\/\/citeelegance.net\/index.php?rest_route=\/wp\/v2\/media\/2534"}],"wp:attachment":[{"href":"https:\/\/citeelegance.net\/index.php?rest_route=%2Fwp%2Fv2%2Fmedia&parent=2533"}],"wp:term":[{"taxonomy":"category","embeddable":true,"href":"https:\/\/citeelegance.net\/index.php?rest_route=%2Fwp%2Fv2%2Fcategories&post=2533"},{"taxonomy":"post_tag","embeddable":true,"href":"https:\/\/citeelegance.net\/index.php?rest_route=%2Fwp%2Fv2%2Ftags&post=2533"}],"curies":[{"name":"wp","href":"https:\/\/api.w.org\/{rel}","templated":true}]}}