{"id":2482,"date":"2019-06-25T17:49:47","date_gmt":"2019-06-25T16:49:47","guid":{"rendered":"http:\/\/citeelegance.net\/?p=2482"},"modified":"2019-06-26T12:02:32","modified_gmt":"2019-06-26T11:02:32","slug":"lutte-contre-le-tabac-desormais-des-messages-sanitaires-ecrits-ou-illustres-sur-les-paquets-de-cigarettes-obligatoires","status":"publish","type":"post","link":"https:\/\/citeelegance.net\/?p=2482","title":{"rendered":"Lutte contre le tabac : d\u00e9sormais des messages sanitaires \u00e9crits ou illustr\u00e9s sur les paquets de cigarettes obligatoires"},"content":{"rendered":"<p><strong><em>Ce mardi 25 juin 2019, une conf\u00e9rence de presse, sur l\u2019impl\u00e9mentation du marquage sanitaire graphique des produits du tabac au Burkina Faso, a \u00e9t\u00e9 co-organis\u00e9e par le minist\u00e8re de la sant\u00e9 et celui du commerce, de l\u2019industrie et de l\u2019artisanat, \u00e0 Ouagadougou.\u00a0 <\/em><\/strong><\/p>\n<p>De nos jours, il est \u00e9tabli que le tabac est la premi\u00e8re cause de mortalit\u00e9 \u00e9vitable dans le monde. Il est l\u2019un des fl\u00e9aux qui fait d\u2019\u00e9normes ravages en vies humaines en ce XXI\u00e8me\u00a0 si\u00e8cle.\u00a0 <em>\u00a0<\/em>A titre d\u2019illustration, des cons\u00e9quences n\u00e9fastes de ce produit sont l\u00e9sion <em>:\u00a0\u00ab\u00a0il est retenu que le tabac est \u00e0 l\u2019origine de plus de 7 millions de d\u00e9c\u00e8s dans le monde chaque ann\u00e9e, dont 4800 au Burkina Faso. Le Burkina comme beaucoup de pays africains connait une forte propension au tabagisme avec une pr\u00e9valence d\u2019environ 17.5% de fumeurs, dont la majeure partie est issue de la frange jeune de notre population\u00bb,<\/em> a laiss\u00e9 entendre le Directeur G\u00e9n\u00e9ral du contr\u00f4le de l\u2019\u00e9conomie et de la r\u00e9pression des fraudes, M. K. Johanie Nakels\u00e9.<\/p>\n<p>Face \u00e0 cette situation, un comit\u00e9 conjoint minist\u00e9riel compos\u00e9 des services techniques comp\u00e9tents du minist\u00e8re de la sant\u00e9 et celui du commerce a \u00e9t\u00e9 mis en place, \u00e0 l\u2019effet de v\u00e9rifier la conformit\u00e9 des messages sanitaires \u00e9crits ou illustr\u00e9s sur les emballages des produits du tabac avant leur mise sur le march\u00e9 burkinab\u00e8. Ce mardi 25 juin 2019, les hommes de m\u00e9dias ont \u00e9t\u00e9 convi\u00e9s par le minist\u00e8re de la sant\u00e9 pour leur expliquer les dispositions qui ont \u00e9t\u00e9 prises par les autorit\u00e9s afin de lutter contre le tabagisme.<\/p>\n<p>C\u2019est le lieu de pr\u00e9ciser qu\u2019\u00e0 partir du 1<sup>er<\/sup> juillet prochain , il sera observ\u00e9 sur le march\u00e9 national des conditionnements de tabac ( paquet<a href=\"http:\/\/citeelegance.net\/?attachment_id=2485\" rel=\"attachment wp-att-2485\"><img loading=\"lazy\" decoding=\"async\" class=\"size-medium wp-image-2485 alignleft\" src=\"http:\/\/citeelegance.net\/wp-content\/uploads\/2019\/06\/WhatsApp-Image-2019-06-25-at-17.32.29-300x225.jpeg\" alt=\"\" width=\"300\" height=\"225\" srcset=\"https:\/\/citeelegance.net\/wp-content\/uploads\/2019\/06\/WhatsApp-Image-2019-06-25-at-17.32.29-300x225.jpeg 300w, https:\/\/citeelegance.net\/wp-content\/uploads\/2019\/06\/WhatsApp-Image-2019-06-25-at-17.32.29-768x576.jpeg 768w, https:\/\/citeelegance.net\/wp-content\/uploads\/2019\/06\/WhatsApp-Image-2019-06-25-at-17.32.29-1024x768.jpeg 1024w, https:\/\/citeelegance.net\/wp-content\/uploads\/2019\/06\/WhatsApp-Image-2019-06-25-at-17.32.29-105x80.jpeg 105w, https:\/\/citeelegance.net\/wp-content\/uploads\/2019\/06\/WhatsApp-Image-2019-06-25-at-17.32.29.jpeg 1040w\" sizes=\"(max-width: 300px) 100vw, 300px\" \/><\/a>s et cartouches) portant les prescriptions du guide d\u2019apposition qui a \u00e9t\u00e9 mis en place par le comit\u00e9.\u00a0 La principale prescription est l\u2019image d\u2019un homme atteint de cancer de la bouche. Et cette image sera appos\u00e9e au recto et verso des paquets de cigarette (sur 60% de la surface de chacune des deux faces principales des paquets de cigarettes). Cette image est appel\u00e9e \u00e0 changer, chaque douze (12) mois.<\/p>\n<p>L\u2019apposition des messages sanitaires \u00e9crits ou illustr\u00e9s sur les emballages rentre en vigueur \u00e0 partir du 1<sup>er<\/sup> juillet, cependant, un d\u00e9lai de trois mois est conc\u00e9d\u00e9 aux commer\u00e7ants afin qu\u2019ils \u00e9coulent leurs anciens stocks. <em>\u00ab\u00a0Toutefois, il convient de noter que pour des raisons techniques et commerciales, il pourrait-\u00eatre observ\u00e9 sur le march\u00e9 national durant un moment donn\u00e9, un \u00e9chantillon des conditionnements de tabac ne portant pas les sp\u00e9cifications ci-dessus \u00e9nonc\u00e9es\u00a0\u00bb,<\/em> a expliqu\u00e9 le conseiller technique du minist\u00e8re de la sant\u00e9, M. Harouna Kadio.<\/p>\n<p><strong>Asta Wendkuni<br \/>\n<\/strong><\/p>\n<aside class=\"mashsb-container mashsb-main mashsb-stretched\"><div class=\"mashsb-box\"><div class=\"mashsb-buttons\"><a class=\"mashicon-facebook mash-small mash-center mashsb-noshadow\" href=\"https:\/\/www.facebook.com\/sharer.php?u=https%3A%2F%2Fciteelegance.net%2F%3Fp%3D2482\" target=\"_top\" rel=\"nofollow\"><span class=\"icon\"><\/span><span class=\"text\">Partagez<\/span><\/a><a class=\"mashicon-twitter mash-small mash-center mashsb-noshadow\" href=\"https:\/\/twitter.com\/intent\/tweet?text=&url=https:\/\/citeelegance.net\/?p=2482\" target=\"_top\" rel=\"nofollow\"><span class=\"icon\"><\/span><span class=\"text\">Tweet<\/span><\/a><div class=\"onoffswitch2 mash-small mashsb-noshadow\" style=\"display:none;\"><\/div><\/div>\n            <\/div>\n                <div style=\"clear:both;\"><\/div><\/aside>\n            <!-- Share buttons by mashshare.net - Version: 3.8.0--><div class=\"pdf24Plugin-cp\"> \t<form name=\"pdf24Form0\" method=\"post\" action=\"https:\/\/doc2pdf.pdf24.org\/wordpress.php\" target=\"pdf24PopWin\" onsubmit=\"var pdf24Win = window.open('about:blank', 'pdf24PopWin', 'resizable=yes,scrollbars=yes,width=600,height=250,left='+(screen.width\/2-300)+',top='+(screen.height\/3-125)+''); pdf24Win.focus(); if(typeof pdf24OnCreatePDF === 'function'){void(pdf24OnCreatePDF(this,pdf24Win));}\"> \t\t<input type=\"hidden\" name=\"blogCharset\" value=\"Cw1x07UAAA==\" \/><input type=\"hidden\" name=\"blogPosts\" value=\"MwQA\" \/><input type=\"hidden\" name=\"blogUrl\" value=\"yygpKSi20tdPzixJTc1JTU\/MS07Vy0stAQA=\" \/><input type=\"hidden\" name=\"blogName\" value=\"c\/YMcVVw9XF1d\/RzdgUA\" \/><input type=\"hidden\" name=\"blogValueEncoding\" value=\"gzdeflate base64\" \/><input type=\"hidden\" name=\"postId_0\" value=\"MzKxMAIA\" \/><input type=\"hidden\" name=\"postTitle_0\" value=\"FY3BDYAwDANX8RzMwBKhRFWkQiFOhmIOFiP8bMl3XjNC0eYZrhiKkE0aFuzvw+mHGLErcSgpvQLltBDziu\/T3IKYCRsjGV4MmF4e4pI7NX4azbq41k9tt1El5i\/4AA==\" \/><input type=\"hidden\" name=\"postLink_0\" value=\"yygpKSi20tdPzixJTc1JTU\/MS07Vy0st0bcvsDUysTACAA==\" \/><input type=\"hidden\" name=\"postAuthor_0\" value=\"c0xJzE1U8A91dQly9Hf3BwA=\" \/><input type=\"hidden\" name=\"postDateTime_0\" value=\"MzIwtNQ1MNM1MlUwNLcyMLMyMQcA\" \/><input type=\"hidden\" name=\"postContent_0\" value=\"tVfbbtzIEX33V3QGUGADc9PIkrXKjAxnHSfOOhcgi+y+LXrI5rAlspvbl5mRn\/IbedNbPMlr3vIm\/km+JKeqydElVjaLRIYhic3uqlPVp04V58353Adnzep8rurzL5Wopcu1mB2Li6iNmE0PvxiKaJTIrCnanVMmUyJXonHKezUUPjpR\/fNPf9Z1U7W7Wpkgg7ZG5JEsfR\/lSgkvjQ5SOyVWTjal\/j6SCQ8bNo86eNoc5FJmQkbx8+gutZHinfR2KKRod6HdwfvIuhXs+HYH5xJOAVXjObSfHCOqJDmizSqITFVRk93M1rVyGZDSFgJq8oiItaJt3Zp0QeOsDEPRXovfAbTMbVzZOL65FvMJEjOf9FmaNOfP5s35WyWM9eLCRueHQldC+UBY5bLSggIEvhQTvQA2JKzWjDWT0TPi2rogK02Q291a01msS+M5OGtyNRbvk2VCGQ1nrUCeZdzCiRaF1AgC79qdsa7GWyfXSLkXyoi1xu8y1lKbtICb+\/bb9+2nWiEsDzBZpThCBHhzzXG+EUEHyidlqqooU3yfQ3YNDiD\/iA4k8MK0u0L6gL8QS6b66xTeGgBud554QLbPbq5v\/nZz3SXJqaBM\/PccIfMUpXV6BcDMMfin369w01UFa\/yUt7us\/eTvJ0pkpSSL0gAVXTZheHk6nT6k1Fh8UPsFJodYKhkzGxt2Ka+8kIXTGbLGARtKMRVAgdviIBtlODSZWLvSHkbkWmW8rXG4S1mlOkE8yqw1mCMOX42PD8hFEWvFpGGMYEYtL7DArA5ES+RCex97UhdOGhQR9qSsGEsX1NgmVnw1N\/8Y8tWhViqJg1QABinOHSf4LeouC3AgfgmSoIJllerCBNf+vVJ9DSCr1tj6ti6kQCRc5lzPxDwnI34PxW\/G4qux+LUtUZBK\/FZeqgpux31tvJOIHdeZqYCMeR1ixyEwGCnXqaDNhdVIQFfEO1RkRW8bSxGQO6\/cWhPRgspKQ6rheQOqDAGyavwYBdhrSa25GppKkix0tFNFkeJeE5RCK0fmSPRQV4yYIKHCPJfXXtI8jGaORMxG0VUMqJ90kcquXsqq4jOPSN5aEg3oggBMdQdJPLMSXpeJqsv201g8os7kpqQguTzqdpdrCTgm7LUTFCRMPyCbjWXX+KG2TUX5TiHk2uNSdOACJNW5Nd04QO4No3BiQPkG8iULbdh8BAdcotu+4Llk9nT5ktJPGof3WsXUXZBVmHbwR9y8TsXhKG2Hcx+bc+UgyfhNiagqXB0yCw2AU1ZjHJXCLolCgPkgp4bpSHWQNC3n2IyqE616UXoOp0hCmEtROlUsBmUIzdlkkumgVKXQjTI1NipMXssQZFbS8e90vpi9PD0eQOaqxeD2hdg0IzyN+OX5XNcrUVmZa7NaDCr58WoAv5lNz9JfmWwgskp6vxh4\/VGNapXrWJMRXYNMbEagd6xMpYowEN5lj+PDKco\/UExiQ179hJgzmZ5Mvill8G+aZvQ+mcXyaHoymh0D7AiSdTQbz74YHU2n29nseHzRqNUAbsNiMBAbnYdyMcC7gSiVXpVYxSbG4lVIcPyT4xF42AzF0zl7dXK6PX51kpzh4UmdHU5nL7dwkrzR0xO7O96eTntnx0\/pq3fycroBRcBpUPt5Lbcj5tEZXWOzfYEN0zVg8NNATDBvyXPPeg4BsDErlX8BpcLgxKrpeRCFADdJnqAPq6jz1Hpl0+sWy9bn9L\/XxK4t0TT0gWY1bTLdoIvfM7+fxLgG2QU6GkuvQG0ramc0ilDOXKetS8Y8Fr8IXTtMZ1mfGB\/Ns5gkqElbinOtnLepV7D6pOlKr6Tj489Jy06mB710R1fINJFD\/bI0ItARDIj0wt+JxT9q1b+g5nKLjuIEOFUROGrkJY0gbthPWRiOPwLK4ewFpi\/t90r+4X7S\/+eOia8N6ho8y64idab\/ohMApcKIhvEw8MSBeRFzEcu6A1hGzBGCzhmaJRhB43QaE9q\/SOoB3L249eiK8dpYqa5N4y0SihlQ+GCzSz9O8zMG3K9tDKqAeW5B3HZVogRmNu5lKjXZnAd17Ymxd4YbYnkaVjRdF1uh\/dgaRu1fKRU\/3NKio8pA3LXlvoMpE1MfZwJx4CIDstRdzuO9jwbZrsga6flefEM9ucBknEot0yPY8JHyYziVymPQv51GuykC6LjAjFd0P+424v8wwfGM+SvpbMSY\/hX6pN2TrP9efeODFN\/goi+j0fOlg1g8e\/CZJj1JQddHa+lLv2QRoy8ijFtpgb6P+r9xWgXUa44Wnev1g6NLu\/38OmYchId38u4bDVcjKsKltZfsYeRrUDv9mdGQvgeBb8kS35yQxttRg2R4s9mMexNjkGOCbU65cVM2r+OCdx0cvTmYvcP\/h5JNq0fvmoOjt5gWZgPcrFtRX\/4u2KabT4wtLNiwAXTfSNOjJ+QD+ubF2v03QW3D4Pz3KEEU6Md+BzT6M6GHjQ59iD8+8u40B61T3wkbpcJrgrD4aXTV4tFe9bpZ\/L9D\/pp83433Dg3w3VQUHnizcvYw2nsR+nBVqcWABupKXp2hatTPyClsdT+fiTv\/PrPEy+S6M4UveOnOljaUdwwx7R+Y+sloJP5A3BEdW8XyKgGkRcqaGIk\/ovegttGMx6fj6Wh0\/i8=\" \/> \t\t<a href=\"https:\/\/www.pdf24.org\" target=\"_blank\" title=\"www.pdf24.org\" rel=\"nofollow\"><img src=\"https:\/\/citeelegance.net\/wp-content\/plugins\/pdf24-posts-to-pdf\/img\/pdf_32x32.png\" alt=\"\" border=\"0\" height=\"32\" \/><\/a> \t\t<span class=\"pdf24Plugin-cp-space\">&nbsp;&nbsp;<\/span> \t\t<span class=\"pdf24Plugin-cp-text\">Send article as PDF<\/span> \t\t<span class=\"pdf24Plugin-cp-space\">&nbsp;&nbsp;<\/span> \t\t<input class=\"pdf24Plugin-cp-input\" style=\"margin: 0px;\" type=\"text\" name=\"sendEmailTo\" placeholder=\"Enter email address\" \/> \t\t<input class=\"pdf24Plugin-cp-submit\" style=\"margin: 0px;\" type=\"submit\" value=\"Send\" \/> \t<\/form> <\/div>","protected":false},"excerpt":{"rendered":"<p>Ce mardi 25 juin 2019, une conf\u00e9rence de presse, sur l\u2019impl\u00e9mentation du marquage sanitaire graphique des produits du tabac au Burkina Faso, a \u00e9t\u00e9 co-organis\u00e9e par le minist\u00e8re de la sant\u00e9 et celui du commerce, de l\u2019industrie et de l\u2019artisanat, \u00e0 Ouagadougou.\u00a0 De nos jours, il est \u00e9tabli que le tabac est la premi\u00e8re cause [&hellip;]<\/p>\n","protected":false},"author":2,"featured_media":2484,"comment_status":"open","ping_status":"open","sticky":false,"template":"","format":"standard","meta":{"footnotes":""},"categories":[2],"tags":[],"yoast_head":"<!-- This site is optimized with the Yoast SEO plugin v18.1 - https:\/\/yoast.com\/wordpress\/plugins\/seo\/ -->\n<title>Lutte contre le tabac : d\u00e9sormais des messages sanitaires \u00e9crits ou illustr\u00e9s sur les paquets de cigarettes obligatoires - CITE ELEGANCE<\/title>\n<meta name=\"robots\" content=\"index, follow, max-snippet:-1, max-image-preview:large, max-video-preview:-1\" \/>\n<link rel=\"canonical\" href=\"https:\/\/citeelegance.net\/?p=2482\" \/>\n<meta property=\"og:locale\" content=\"fr_FR\" \/>\n<meta property=\"og:type\" content=\"article\" \/>\n<meta property=\"og:title\" content=\"Lutte contre le tabac : d\u00e9sormais des messages sanitaires \u00e9crits ou illustr\u00e9s sur les paquets de cigarettes obligatoires - CITE ELEGANCE\" \/>\n<meta property=\"og:description\" content=\"Ce mardi 25 juin 2019, une conf\u00e9rence de presse, sur l\u2019impl\u00e9mentation du marquage sanitaire graphique des produits du tabac au Burkina Faso, a \u00e9t\u00e9 co-organis\u00e9e par le minist\u00e8re de la sant\u00e9 et celui du commerce, de l\u2019industrie et de l\u2019artisanat, \u00e0 Ouagadougou.\u00a0 De nos jours, il est \u00e9tabli que le tabac est la premi\u00e8re cause [&hellip;]\" \/>\n<meta property=\"og:url\" content=\"https:\/\/citeelegance.net\/?p=2482\" \/>\n<meta property=\"og:site_name\" content=\"CITE ELEGANCE\" \/>\n<meta property=\"article:published_time\" content=\"2019-06-25T16:49:47+00:00\" \/>\n<meta property=\"article:modified_time\" content=\"2019-06-26T11:02:32+00:00\" \/>\n<meta property=\"og:image\" content=\"https:\/\/citeelegance.net\/wp-content\/uploads\/2019\/06\/WhatsApp-Image-2019-06-25-at-17.32.39.jpeg\" \/>\n\t<meta property=\"og:image:width\" content=\"994\" \/>\n\t<meta property=\"og:image:height\" content=\"694\" \/>\n\t<meta property=\"og:image:type\" content=\"image\/jpeg\" \/>\n<meta name=\"twitter:label1\" content=\"\u00c9crit par\" \/>\n\t<meta name=\"twitter:data1\" content=\"Adama OUEDRAOGO\" \/>\n\t<meta name=\"twitter:label2\" content=\"Dur\u00e9e de lecture estim\u00e9e\" \/>\n\t<meta name=\"twitter:data2\" content=\"2 minutes\" \/>\n<script type=\"application\/ld+json\" class=\"yoast-schema-graph\">{\"@context\":\"https:\/\/schema.org\",\"@graph\":[{\"@type\":\"WebSite\",\"@id\":\"https:\/\/citeelegance.net\/#website\",\"url\":\"https:\/\/citeelegance.net\/\",\"name\":\"CITE ELEGANCE\",\"description\":\"\",\"potentialAction\":[{\"@type\":\"SearchAction\",\"target\":{\"@type\":\"EntryPoint\",\"urlTemplate\":\"https:\/\/citeelegance.net\/?s={search_term_string}\"},\"query-input\":\"required name=search_term_string\"}],\"inLanguage\":\"fr-FR\"},{\"@type\":\"ImageObject\",\"@id\":\"https:\/\/citeelegance.net\/?p=2482#primaryimage\",\"inLanguage\":\"fr-FR\",\"url\":\"https:\/\/citeelegance.net\/wp-content\/uploads\/2019\/06\/WhatsApp-Image-2019-06-25-at-17.32.39.jpeg\",\"contentUrl\":\"https:\/\/citeelegance.net\/wp-content\/uploads\/2019\/06\/WhatsApp-Image-2019-06-25-at-17.32.39.jpeg\",\"width\":994,\"height\":694},{\"@type\":\"WebPage\",\"@id\":\"https:\/\/citeelegance.net\/?p=2482#webpage\",\"url\":\"https:\/\/citeelegance.net\/?p=2482\",\"name\":\"Lutte contre le tabac : d\u00e9sormais des messages sanitaires \u00e9crits ou illustr\u00e9s sur les paquets de cigarettes obligatoires - CITE ELEGANCE\",\"isPartOf\":{\"@id\":\"https:\/\/citeelegance.net\/#website\"},\"primaryImageOfPage\":{\"@id\":\"https:\/\/citeelegance.net\/?p=2482#primaryimage\"},\"datePublished\":\"2019-06-25T16:49:47+00:00\",\"dateModified\":\"2019-06-26T11:02:32+00:00\",\"author\":{\"@id\":\"https:\/\/citeelegance.net\/#\/schema\/person\/4b3dc39431a8beca84e75fce0d70f5ff\"},\"breadcrumb\":{\"@id\":\"https:\/\/citeelegance.net\/?p=2482#breadcrumb\"},\"inLanguage\":\"fr-FR\",\"potentialAction\":[{\"@type\":\"ReadAction\",\"target\":[\"https:\/\/citeelegance.net\/?p=2482\"]}]},{\"@type\":\"BreadcrumbList\",\"@id\":\"https:\/\/citeelegance.net\/?p=2482#breadcrumb\",\"itemListElement\":[{\"@type\":\"ListItem\",\"position\":1,\"name\":\"Accueil\",\"item\":\"https:\/\/citeelegance.net\/\"},{\"@type\":\"ListItem\",\"position\":2,\"name\":\"Lutte contre le tabac : d\u00e9sormais des messages sanitaires \u00e9crits ou illustr\u00e9s sur les paquets de cigarettes obligatoires\"}]},{\"@type\":\"Person\",\"@id\":\"https:\/\/citeelegance.net\/#\/schema\/person\/4b3dc39431a8beca84e75fce0d70f5ff\",\"name\":\"Adama OUEDRAOGO\",\"url\":\"https:\/\/citeelegance.net\/?author=2\"}]}<\/script>\n<!-- \/ Yoast SEO plugin. -->","yoast_head_json":{"title":"Lutte contre le tabac : d\u00e9sormais des messages sanitaires \u00e9crits ou illustr\u00e9s sur les paquets de cigarettes obligatoires - CITE ELEGANCE","robots":{"index":"index","follow":"follow","max-snippet":"max-snippet:-1","max-image-preview":"max-image-preview:large","max-video-preview":"max-video-preview:-1"},"canonical":"https:\/\/citeelegance.net\/?p=2482","og_locale":"fr_FR","og_type":"article","og_title":"Lutte contre le tabac : d\u00e9sormais des messages sanitaires \u00e9crits ou illustr\u00e9s sur les paquets de cigarettes obligatoires - CITE ELEGANCE","og_description":"Ce mardi 25 juin 2019, une conf\u00e9rence de presse, sur l\u2019impl\u00e9mentation du marquage sanitaire graphique des produits du tabac au Burkina Faso, a \u00e9t\u00e9 co-organis\u00e9e par le minist\u00e8re de la sant\u00e9 et celui du commerce, de l\u2019industrie et de l\u2019artisanat, \u00e0 Ouagadougou.\u00a0 De nos jours, il est \u00e9tabli que le tabac est la premi\u00e8re cause [&hellip;]","og_url":"https:\/\/citeelegance.net\/?p=2482","og_site_name":"CITE ELEGANCE","article_published_time":"2019-06-25T16:49:47+00:00","article_modified_time":"2019-06-26T11:02:32+00:00","og_image":[{"width":994,"height":694,"url":"https:\/\/citeelegance.net\/wp-content\/uploads\/2019\/06\/WhatsApp-Image-2019-06-25-at-17.32.39.jpeg","type":"image\/jpeg"}],"twitter_misc":{"\u00c9crit par":"Adama OUEDRAOGO","Dur\u00e9e de lecture estim\u00e9e":"2 minutes"},"schema":{"@context":"https:\/\/schema.org","@graph":[{"@type":"WebSite","@id":"https:\/\/citeelegance.net\/#website","url":"https:\/\/citeelegance.net\/","name":"CITE ELEGANCE","description":"","potentialAction":[{"@type":"SearchAction","target":{"@type":"EntryPoint","urlTemplate":"https:\/\/citeelegance.net\/?s={search_term_string}"},"query-input":"required name=search_term_string"}],"inLanguage":"fr-FR"},{"@type":"ImageObject","@id":"https:\/\/citeelegance.net\/?p=2482#primaryimage","inLanguage":"fr-FR","url":"https:\/\/citeelegance.net\/wp-content\/uploads\/2019\/06\/WhatsApp-Image-2019-06-25-at-17.32.39.jpeg","contentUrl":"https:\/\/citeelegance.net\/wp-content\/uploads\/2019\/06\/WhatsApp-Image-2019-06-25-at-17.32.39.jpeg","width":994,"height":694},{"@type":"WebPage","@id":"https:\/\/citeelegance.net\/?p=2482#webpage","url":"https:\/\/citeelegance.net\/?p=2482","name":"Lutte contre le tabac : d\u00e9sormais des messages sanitaires \u00e9crits ou illustr\u00e9s sur les paquets de cigarettes obligatoires - CITE ELEGANCE","isPartOf":{"@id":"https:\/\/citeelegance.net\/#website"},"primaryImageOfPage":{"@id":"https:\/\/citeelegance.net\/?p=2482#primaryimage"},"datePublished":"2019-06-25T16:49:47+00:00","dateModified":"2019-06-26T11:02:32+00:00","author":{"@id":"https:\/\/citeelegance.net\/#\/schema\/person\/4b3dc39431a8beca84e75fce0d70f5ff"},"breadcrumb":{"@id":"https:\/\/citeelegance.net\/?p=2482#breadcrumb"},"inLanguage":"fr-FR","potentialAction":[{"@type":"ReadAction","target":["https:\/\/citeelegance.net\/?p=2482"]}]},{"@type":"BreadcrumbList","@id":"https:\/\/citeelegance.net\/?p=2482#breadcrumb","itemListElement":[{"@type":"ListItem","position":1,"name":"Accueil","item":"https:\/\/citeelegance.net\/"},{"@type":"ListItem","position":2,"name":"Lutte contre le tabac : d\u00e9sormais des messages sanitaires \u00e9crits ou illustr\u00e9s sur les paquets de cigarettes obligatoires"}]},{"@type":"Person","@id":"https:\/\/citeelegance.net\/#\/schema\/person\/4b3dc39431a8beca84e75fce0d70f5ff","name":"Adama OUEDRAOGO","url":"https:\/\/citeelegance.net\/?author=2"}]}},"_links":{"self":[{"href":"https:\/\/citeelegance.net\/index.php?rest_route=\/wp\/v2\/posts\/2482"}],"collection":[{"href":"https:\/\/citeelegance.net\/index.php?rest_route=\/wp\/v2\/posts"}],"about":[{"href":"https:\/\/citeelegance.net\/index.php?rest_route=\/wp\/v2\/types\/post"}],"author":[{"embeddable":true,"href":"https:\/\/citeelegance.net\/index.php?rest_route=\/wp\/v2\/users\/2"}],"replies":[{"embeddable":true,"href":"https:\/\/citeelegance.net\/index.php?rest_route=%2Fwp%2Fv2%2Fcomments&post=2482"}],"version-history":[{"count":3,"href":"https:\/\/citeelegance.net\/index.php?rest_route=\/wp\/v2\/posts\/2482\/revisions"}],"predecessor-version":[{"id":2487,"href":"https:\/\/citeelegance.net\/index.php?rest_route=\/wp\/v2\/posts\/2482\/revisions\/2487"}],"wp:featuredmedia":[{"embeddable":true,"href":"https:\/\/citeelegance.net\/index.php?rest_route=\/wp\/v2\/media\/2484"}],"wp:attachment":[{"href":"https:\/\/citeelegance.net\/index.php?rest_route=%2Fwp%2Fv2%2Fmedia&parent=2482"}],"wp:term":[{"taxonomy":"category","embeddable":true,"href":"https:\/\/citeelegance.net\/index.php?rest_route=%2Fwp%2Fv2%2Fcategories&post=2482"},{"taxonomy":"post_tag","embeddable":true,"href":"https:\/\/citeelegance.net\/index.php?rest_route=%2Fwp%2Fv2%2Ftags&post=2482"}],"curies":[{"name":"wp","href":"https:\/\/api.w.org\/{rel}","templated":true}]}}