{"id":2367,"date":"2019-06-03T12:25:33","date_gmt":"2019-06-03T11:25:33","guid":{"rendered":"http:\/\/citeelegance.net\/?p=2367"},"modified":"2019-06-06T16:08:10","modified_gmt":"2019-06-06T15:08:10","slug":"2367","status":"publish","type":"post","link":"https:\/\/citeelegance.net\/?p=2367","title":{"rendered":"BBDA : Pr\u00e9sentation du projet  du  \u2018\u2019 Renforcement de la fili\u00e8re musique\u2026\u2019\u2019"},"content":{"rendered":"<p><strong><em>Le 22 mai 2019, le projet du Bureau Burkinab\u00e8 du Droit d\u2019Auteur (BBDA) portant sur le \u00ab Renforcement de la fili\u00e8re musique et des nouveaux mod\u00e8les \u00e9conomiques au Burkina Faso et dans certains pays de l\u2019UEMOA \u00bb a \u00e9t\u00e9 adopt\u00e9 par l\u2019Organisation mondiale de la Propri\u00e9t\u00e9 Intellectuelle(OMPI). Ce vendredi 31 mai 2019, les responsables du BBDA ont jug\u00e9 n\u00e9cessaire de faire la restitution aupr\u00e8s des acteurs de la musique, recueillir leurs observations et surtout les s\u2019approprie le projet qui d\u00e9sormais est un projet de la sous-r\u00e9gion et non du \u00a0Burkina Faso seul. <\/em><\/strong><\/p>\n<p>A travers le projet\u00a0de\u00a0<em>\u00ab Renforcement de la fili\u00e8re musique et des nouveaux mod\u00e8les \u00e9conomiques au Burkina Faso et dans certains pays de l\u2019UEMOA \u00bb<\/em>, le BBDA entend contribuer au rayonnement de la musique africaine et des m\u00e9tiers qui vont avec.<\/p>\n<p>D\u00e8s l\u2019entame de la conf\u00e9rence, le directeur g\u00e9n\u00e9ral du BBDA Wahabou BARA s\u2019est exprim\u00e9 en ces termes\u00a0: <em>\u00ab\u00a0Nous sommes partis d\u2019un diagnostic de la fili\u00e8re musique. C\u2019est une fili\u00e8re qui souffre d\u2019un d\u00e9ficit en termes\u00a0 de structuration des ports de m\u00e9tier\u2026, il y a un probl\u00e8me d\u2019articulation entre les organismes de r\u00e9gulation et les bureaux des droits d\u2019auteurs\u00a0\u00bb<\/em>. C\u2019est fort de ce constat que le BBDA a propos\u00e9 ce projet au comit\u00e9 du d\u00e9veloppement de la propri\u00e9t\u00e9 intellectuelle qui est l\u2019une des plus grandes instances \u00a0de l\u2019organisation mondiale de la propri\u00e9t\u00e9 intellectuelle. \u00a0Le DG du BBDA\u00a0 explique la dimension sous r\u00e9gionale du projet par le fait que les pays ouest-africains et le Burkina Faso partagent \u00e0 peu pr\u00e8s les m\u00eames similitudes en termes de probl\u00e9matique li\u00e9e \u00e0 la fili\u00e8re musique. Ce projet sera pilot\u00e9 par l\u2019OMPI qui l\u2019a financ\u00e9 \u00e0 hauteur de 568. 200 francs suisse mais l\u2019UEMOA n\u2019a pas encore communiqu\u00e9 sur sa contribution. Le projet va se d\u00e9ployer pour une p\u00e9riode de 30 mois (2020 \u00e0 2022) et sera marqu\u00e9 par la r\u00e9alisation de plusieurs activit\u00e9s. L\u2019une des premi\u00e8res activit\u00e9s c\u2019est d\u2019abord une activit\u00e9 exploratoire en vue d\u2019obtenir une vue d\u2019ensemble actualis\u00e9e des cadres juridiques applicables aux services de musique num\u00e9riques dans les pays s\u00e9lectionn\u00e9s, des pratiques contractuelles et des modes de concession de licence relative au nouveaux usages en ligne. Il y aura aussi l\u2019intervention des r\u00e9gulateurs, etc.<\/p>\n<p>Les r\u00e9sultats attendus de l\u2019initiative sont entre autres :<\/p>\n<ul>\n<li>l\u2019am\u00e9lioration des cadres juridiques et r\u00e8glementaires du droit d\u2019auteur et des droits voisins dans le domaine de la musique ;<\/li>\n<li>le renfoncement des capacit\u00e9s des professionnels de l\u2019industrie musicale\u00a0;<\/li>\n<li>la contribution des organismes de gestion collective \u00e0 la structuration de la chaine de la musique ;<\/li>\n<li>l\u2019identification et mise en \u0153uvre d\u2019outils op\u00e9rationnels aux fins de d\u00e9velopper la fili\u00e8re musique;<\/li>\n<li>la mise en place de conditions favorables au d\u00e9veloppement de l\u2019offre l\u00e9gale num\u00e9rique ;<\/li>\n<li>la num\u00e9risation des titulaires de droits et s\u00e9curisation des investissements dans la fili\u00e8re musique.<\/li>\n<\/ul>\n<p>Le DG affirme qu\u2019en d\u00e9but d\u2019ann\u00e9e 2020, la liste des pays retenus sera connue mais que le Burkina Faso en fait part d\u00e9j\u00e0 car il est le pays initiateur.<\/p>\n<p><strong>Assata SINARE<\/strong><\/p>\n<aside class=\"mashsb-container mashsb-main mashsb-stretched\"><div class=\"mashsb-box\"><div class=\"mashsb-buttons\"><a class=\"mashicon-facebook mash-small mash-center mashsb-noshadow\" href=\"https:\/\/www.facebook.com\/sharer.php?u=https%3A%2F%2Fciteelegance.net%2F%3Fp%3D2367\" target=\"_top\" rel=\"nofollow\"><span class=\"icon\"><\/span><span class=\"text\">Partagez<\/span><\/a><a class=\"mashicon-twitter mash-small mash-center mashsb-noshadow\" href=\"https:\/\/twitter.com\/intent\/tweet?text=&url=https:\/\/citeelegance.net\/?p=2367\" target=\"_top\" rel=\"nofollow\"><span class=\"icon\"><\/span><span class=\"text\">Tweet<\/span><\/a><div class=\"onoffswitch2 mash-small mashsb-noshadow\" style=\"display:none;\"><\/div><\/div>\n            <\/div>\n                <div style=\"clear:both;\"><\/div><\/aside>\n            <!-- Share buttons by mashshare.net - Version: 3.8.0--><div class=\"pdf24Plugin-cp\"> \t<form name=\"pdf24Form0\" method=\"post\" action=\"https:\/\/doc2pdf.pdf24.org\/wordpress.php\" target=\"pdf24PopWin\" onsubmit=\"var pdf24Win = window.open('about:blank', 'pdf24PopWin', 'resizable=yes,scrollbars=yes,width=600,height=250,left='+(screen.width\/2-300)+',top='+(screen.height\/3-125)+''); pdf24Win.focus(); if(typeof pdf24OnCreatePDF === 'function'){void(pdf24OnCreatePDF(this,pdf24Win));}\"> \t\t<input type=\"hidden\" name=\"blogCharset\" value=\"Cw1x07UAAA==\" \/><input type=\"hidden\" name=\"blogPosts\" value=\"MwQA\" \/><input type=\"hidden\" name=\"blogUrl\" value=\"yygpKSi20tdPzixJTc1JTU\/MS07Vy0stAQA=\" \/><input type=\"hidden\" name=\"blogName\" value=\"c\/YMcVVw9XF1d\/RzdgUA\" \/><input type=\"hidden\" name=\"blogValueEncoding\" value=\"gzdeflate base64\" \/><input type=\"hidden\" name=\"postId_0\" value=\"MzI2MwcA\" \/><input type=\"hidden\" name=\"postTitle_0\" value=\"c3JycVSwUggoOryyODWvJLEkMz9PIaVUoaAoPyu1RAHEVHjUMONRw0yFoNS8tPyi5NRcoDqFlFSFnESFtMyczMMrilIVckuLMwtLUx81LAOqBCIA\" \/><input type=\"hidden\" name=\"postLink_0\" value=\"yygpKSi20tdPzixJTc1JTU\/MS07Vy0st0bcvsDUyNjMHAA==\" \/><input type=\"hidden\" name=\"postAuthor_0\" value=\"c0xJzE1U8A91dQly9Hf3BwA=\" \/><input type=\"hidden\" name=\"postDateTime_0\" value=\"MzIwtNQ1MNM1MFYwNLIyMLMyNgYA\" \/><input type=\"hidden\" name=\"postContent_0\" value=\"xVfdbhtFFL7nKQZLRa0U28ERBdLYlUtaVKmlVfm7ROPdWXvK7Mx2fpyEq74DV9zlCiXwCNzF4kV4Er5zZndjhxSEhERVxfbM7DnfOec735k9amZHIXpnl7MjVc+eKTGZiFpqMdn\/8NM9YZRovHutoiiTeJS8kvzxvbZysbmgxWPvNHb\/ePvTPEWVvLj76NHx\/J5onI\/SRhGwBCtXv4pXylbOF6pWWC6VMFJU2ujNhVeiTkG\/SUqQIxWEdWkNV6eiduXmwmBlc1k462o6FMQ1CPFEBsdPSRtEoeBT40sjzwK7AKyvHz9\/MRdXvwkJI3FzKWTpGvpspOcDL\/xSWh1k1M7CoS21BOAM8KV3jdf5uac2KmNUERN93H3x\/OXTeyPxmRJrZUuvSi0OPtxJXRBehcbZIBf0gzKI1AiH8F+nJSxaRKVCkNqzv4q\/wCseizomBiRT4zcXgdMiC8pwaLG1OdvD8SIpbYymTNO+WwTl1xxQoOSgBtGlyJACIpZNw3Gprfq+SVqUm8vgPELAUyGKZPvis8PgUhj6zeWScGHV4gNBXZ3vFCOoZEbiaAw2HY07ao2b2XtHzWwuopdrBYi946vzUl2dE\/f+f4owaCY9FwogUFkBq9HrRVKerHp55qzdRtgBk5XXBWz3EGvwRlOwlNs1lR2xF6MuGcdUVnIPU7LuGAdv1ebSK1soRlKCE1x2AcaAMF6anknfypVcOPyYv5pzYalq6hSVhWvAR7RBROVrFa7OD0VO8tX5F6gjilljmZogotzUvyg3qL+0DuQr3pF98L11kxBnv0sBgh1VRURuTW0uK11AGgCjg0BGwYiEFvK53ShNpBRcijZff7z9eU9oI87QsZmCC7O5qLNlglskk59G4qhhYMPlHqaIYIg42p\/JtF+wdp2yw5IkK8csWbMArS3+dXzgIRe4UFSSECW1iOq5IQlX4wLyXPQ9BHoUICCJBUqEDKyVcU2zTZZmS1D0jqBwEsmz4QSqnBuDUi29tPRDEwxLNaWm4XPub7Tr3a5GMAClP\/68YxJKA9oYpjGeLDUQBzJJLS\/almfLqYuV1ZM1q0tM21MO7ReHXTOEXIDdZiTSySUlZXMuGkU2uRe4Z36hIgZdg1sxUdg9gSiuzIbLGhGzV8SnyMrtXO0rAz1EQrRxO8IPBees0w963iK72Ie5VSYGefzo\/icjSPq+qFCGAtCSDkEJVslr8bBsopEEt3CeSFPXyQIHDNIMDLIXEirWSDzrwa0hrYro0hh3BpVpHM4TAxq0u3YlF\/RgH\/WFy7uT\/ck+QcTn5J7oYqulZ1ccm6SSSdPxgtIGHmmeDZghek0UDYCwzTSvak7f9hFRtN3AvbJwvmRc\/QFmjUMvO5pcKNQ65TZ1C0inzlF0a6CUqjEJ6fFE6Kh05LqQJbl9nbwuW\/VuQMYij03qWhpnusgM6OTWpprSw+dZ2nsGwjBRHaFDL8NeG15mTMhVkG0nhF6rXZnNY5tmcps3oCAlxoglOVkravF+8qQAEjM\/jV5a8O0pixa0DX9ggulBnedxQ+jlrhMnqsYe3F8PhGd5NyQDtUHgkcZP6qeUtjrqjCLQMMnqB6JS8g6zkWTwx+gZMxr5MdptKe1fE43o0XpLwxJF1w++ppT9na5tgzZJrXCuwUPq7DbronQ1j73dcfjgaAwgGQ0lEJPd9pOdsDSyyCTL9XFVTrtVZitkxB\/pokJWCyjQ1fm23d2eYkO7k2BJNynsFI7Vj3KXxeLmGOLRu\/qHMAhRSaXEZOunS60DU\/\/3H9O6HX+4a2kE4ah\/+RzHRJSpOG9qazb426RrN8bOQ2NkoVqOljrf7iq5RoXbRrlt5BAcnstQzSVJ+HXfiF037Ua45gtdQk3LCtVVnxQHV620c1LbNWUawkiOO2rcosmtxzETlShPU0hWlYbAQ4tZJigMVDQTkHpYkdjt75FByEZsBYta3Sv0CN1mSAORFptaZe5m9c4d0OZxReOHfLwGFQroJe4aPHdVttn2GXjfd2b3ijTHZT1K8eXTL+avHt+43cqgqTRGhjAd1DKswmJI7CROedEuUKN03\/E0un+lysHsqNTrG48u3Ont6ylGFB57cntHw9WwAj8Wzn3PHoahlsbkrwVdZXsQuOGt8BJ0MhArr6rpYBVjEw7H45OTk1FnYoT5NcYxr\/yoWTUP05RP3TmY35k8wX+0rlJGLek+MrIq0urBk+bOwfHk4P7HAxGlX6o4HXwXXTMg+ZwOrKvQhXCLdDbSdugJ+YBeFbC2uxPVaRzMXubLwg\/dibG8LfR4omMX4r+PvH2agybBthFLSsWHBGH6QfJm2h29Gfj4YTP9r0P+inxvx7tFA7ziVFUA3mI1uRntToQhnhk1HZQ6QDfODvGyph6QU9hq\/74ntv7dssTL5Lo1VRgl\/eHCxdWWIab9DVPvD4fiS+KOaNkqFmcZIC1S1sRQfIM3I8jHoTgYfTLaHw5nfwI=\" \/> \t\t<a href=\"https:\/\/www.pdf24.org\" target=\"_blank\" title=\"www.pdf24.org\" rel=\"nofollow\"><img src=\"https:\/\/citeelegance.net\/wp-content\/plugins\/pdf24-posts-to-pdf\/img\/pdf_32x32.png\" alt=\"\" border=\"0\" height=\"32\" \/><\/a> \t\t<span class=\"pdf24Plugin-cp-space\">&nbsp;&nbsp;<\/span> \t\t<span class=\"pdf24Plugin-cp-text\">Send article as PDF<\/span> \t\t<span class=\"pdf24Plugin-cp-space\">&nbsp;&nbsp;<\/span> \t\t<input class=\"pdf24Plugin-cp-input\" style=\"margin: 0px;\" type=\"text\" name=\"sendEmailTo\" placeholder=\"Enter email address\" \/> \t\t<input class=\"pdf24Plugin-cp-submit\" style=\"margin: 0px;\" type=\"submit\" value=\"Send\" \/> \t<\/form> <\/div>","protected":false},"excerpt":{"rendered":"<p>Le 22 mai 2019, le projet du Bureau Burkinab\u00e8 du Droit d\u2019Auteur (BBDA) portant sur le \u00ab Renforcement de la fili\u00e8re musique et des nouveaux mod\u00e8les \u00e9conomiques au Burkina Faso et dans certains pays de l\u2019UEMOA \u00bb a \u00e9t\u00e9 adopt\u00e9 par l\u2019Organisation mondiale de la Propri\u00e9t\u00e9 Intellectuelle(OMPI). Ce vendredi 31 mai 2019, les responsables du [&hellip;]<\/p>\n","protected":false},"author":2,"featured_media":2380,"comment_status":"open","ping_status":"open","sticky":false,"template":"","format":"standard","meta":{"footnotes":""},"categories":[2,1,16,13],"tags":[],"yoast_head":"<!-- This site is optimized with the Yoast SEO plugin v18.1 - https:\/\/yoast.com\/wordpress\/plugins\/seo\/ -->\n<title>BBDA : Pr\u00e9sentation du projet du \u2018\u2019 Renforcement de la fili\u00e8re musique\u2026\u2019\u2019 - CITE ELEGANCE<\/title>\n<meta name=\"robots\" content=\"index, follow, max-snippet:-1, max-image-preview:large, max-video-preview:-1\" \/>\n<link rel=\"canonical\" href=\"https:\/\/citeelegance.net\/?p=2367\" \/>\n<meta property=\"og:locale\" content=\"fr_FR\" \/>\n<meta property=\"og:type\" content=\"article\" \/>\n<meta property=\"og:title\" content=\"BBDA : Pr\u00e9sentation du projet du \u2018\u2019 Renforcement de la fili\u00e8re musique\u2026\u2019\u2019 - CITE ELEGANCE\" \/>\n<meta property=\"og:description\" content=\"Le 22 mai 2019, le projet du Bureau Burkinab\u00e8 du Droit d\u2019Auteur (BBDA) portant sur le \u00ab Renforcement de la fili\u00e8re musique et des nouveaux mod\u00e8les \u00e9conomiques au Burkina Faso et dans certains pays de l\u2019UEMOA \u00bb a \u00e9t\u00e9 adopt\u00e9 par l\u2019Organisation mondiale de la Propri\u00e9t\u00e9 Intellectuelle(OMPI). Ce vendredi 31 mai 2019, les responsables du [&hellip;]\" \/>\n<meta property=\"og:url\" content=\"https:\/\/citeelegance.net\/?p=2367\" \/>\n<meta property=\"og:site_name\" content=\"CITE ELEGANCE\" \/>\n<meta property=\"article:published_time\" content=\"2019-06-03T11:25:33+00:00\" \/>\n<meta property=\"article:modified_time\" content=\"2019-06-06T15:08:10+00:00\" \/>\n<meta property=\"og:image\" content=\"https:\/\/citeelegance.net\/wp-content\/uploads\/2019\/06\/WhatsApp-Image-2019-06-03-at-09.01.46.jpeg\" \/>\n\t<meta property=\"og:image:width\" content=\"1080\" \/>\n\t<meta property=\"og:image:height\" content=\"410\" \/>\n\t<meta property=\"og:image:type\" content=\"image\/jpeg\" \/>\n<meta name=\"twitter:label1\" content=\"\u00c9crit par\" \/>\n\t<meta name=\"twitter:data1\" content=\"Adama OUEDRAOGO\" \/>\n\t<meta name=\"twitter:label2\" content=\"Dur\u00e9e de lecture estim\u00e9e\" \/>\n\t<meta name=\"twitter:data2\" content=\"3 minutes\" \/>\n<script type=\"application\/ld+json\" class=\"yoast-schema-graph\">{\"@context\":\"https:\/\/schema.org\",\"@graph\":[{\"@type\":\"WebSite\",\"@id\":\"https:\/\/citeelegance.net\/#website\",\"url\":\"https:\/\/citeelegance.net\/\",\"name\":\"CITE ELEGANCE\",\"description\":\"\",\"potentialAction\":[{\"@type\":\"SearchAction\",\"target\":{\"@type\":\"EntryPoint\",\"urlTemplate\":\"https:\/\/citeelegance.net\/?s={search_term_string}\"},\"query-input\":\"required name=search_term_string\"}],\"inLanguage\":\"fr-FR\"},{\"@type\":\"ImageObject\",\"@id\":\"https:\/\/citeelegance.net\/?p=2367#primaryimage\",\"inLanguage\":\"fr-FR\",\"url\":\"https:\/\/citeelegance.net\/wp-content\/uploads\/2019\/06\/WhatsApp-Image-2019-06-03-at-09.01.46.jpeg\",\"contentUrl\":\"https:\/\/citeelegance.net\/wp-content\/uploads\/2019\/06\/WhatsApp-Image-2019-06-03-at-09.01.46.jpeg\",\"width\":1080,\"height\":410},{\"@type\":\"WebPage\",\"@id\":\"https:\/\/citeelegance.net\/?p=2367#webpage\",\"url\":\"https:\/\/citeelegance.net\/?p=2367\",\"name\":\"BBDA : Pr\u00e9sentation du projet du \u2018\u2019 Renforcement de la fili\u00e8re musique\u2026\u2019\u2019 - CITE ELEGANCE\",\"isPartOf\":{\"@id\":\"https:\/\/citeelegance.net\/#website\"},\"primaryImageOfPage\":{\"@id\":\"https:\/\/citeelegance.net\/?p=2367#primaryimage\"},\"datePublished\":\"2019-06-03T11:25:33+00:00\",\"dateModified\":\"2019-06-06T15:08:10+00:00\",\"author\":{\"@id\":\"https:\/\/citeelegance.net\/#\/schema\/person\/4b3dc39431a8beca84e75fce0d70f5ff\"},\"breadcrumb\":{\"@id\":\"https:\/\/citeelegance.net\/?p=2367#breadcrumb\"},\"inLanguage\":\"fr-FR\",\"potentialAction\":[{\"@type\":\"ReadAction\",\"target\":[\"https:\/\/citeelegance.net\/?p=2367\"]}]},{\"@type\":\"BreadcrumbList\",\"@id\":\"https:\/\/citeelegance.net\/?p=2367#breadcrumb\",\"itemListElement\":[{\"@type\":\"ListItem\",\"position\":1,\"name\":\"Accueil\",\"item\":\"https:\/\/citeelegance.net\/\"},{\"@type\":\"ListItem\",\"position\":2,\"name\":\"BBDA : Pr\u00e9sentation du projet du \u2018\u2019 Renforcement de la fili\u00e8re musique\u2026\u2019\u2019\"}]},{\"@type\":\"Person\",\"@id\":\"https:\/\/citeelegance.net\/#\/schema\/person\/4b3dc39431a8beca84e75fce0d70f5ff\",\"name\":\"Adama OUEDRAOGO\",\"url\":\"https:\/\/citeelegance.net\/?author=2\"}]}<\/script>\n<!-- \/ Yoast SEO plugin. -->","yoast_head_json":{"title":"BBDA : Pr\u00e9sentation du projet du \u2018\u2019 Renforcement de la fili\u00e8re musique\u2026\u2019\u2019 - CITE ELEGANCE","robots":{"index":"index","follow":"follow","max-snippet":"max-snippet:-1","max-image-preview":"max-image-preview:large","max-video-preview":"max-video-preview:-1"},"canonical":"https:\/\/citeelegance.net\/?p=2367","og_locale":"fr_FR","og_type":"article","og_title":"BBDA : Pr\u00e9sentation du projet du \u2018\u2019 Renforcement de la fili\u00e8re musique\u2026\u2019\u2019 - CITE ELEGANCE","og_description":"Le 22 mai 2019, le projet du Bureau Burkinab\u00e8 du Droit d\u2019Auteur (BBDA) portant sur le \u00ab Renforcement de la fili\u00e8re musique et des nouveaux mod\u00e8les \u00e9conomiques au Burkina Faso et dans certains pays de l\u2019UEMOA \u00bb a \u00e9t\u00e9 adopt\u00e9 par l\u2019Organisation mondiale de la Propri\u00e9t\u00e9 Intellectuelle(OMPI). Ce vendredi 31 mai 2019, les responsables du [&hellip;]","og_url":"https:\/\/citeelegance.net\/?p=2367","og_site_name":"CITE ELEGANCE","article_published_time":"2019-06-03T11:25:33+00:00","article_modified_time":"2019-06-06T15:08:10+00:00","og_image":[{"width":1080,"height":410,"url":"https:\/\/citeelegance.net\/wp-content\/uploads\/2019\/06\/WhatsApp-Image-2019-06-03-at-09.01.46.jpeg","type":"image\/jpeg"}],"twitter_misc":{"\u00c9crit par":"Adama OUEDRAOGO","Dur\u00e9e de lecture estim\u00e9e":"3 minutes"},"schema":{"@context":"https:\/\/schema.org","@graph":[{"@type":"WebSite","@id":"https:\/\/citeelegance.net\/#website","url":"https:\/\/citeelegance.net\/","name":"CITE ELEGANCE","description":"","potentialAction":[{"@type":"SearchAction","target":{"@type":"EntryPoint","urlTemplate":"https:\/\/citeelegance.net\/?s={search_term_string}"},"query-input":"required name=search_term_string"}],"inLanguage":"fr-FR"},{"@type":"ImageObject","@id":"https:\/\/citeelegance.net\/?p=2367#primaryimage","inLanguage":"fr-FR","url":"https:\/\/citeelegance.net\/wp-content\/uploads\/2019\/06\/WhatsApp-Image-2019-06-03-at-09.01.46.jpeg","contentUrl":"https:\/\/citeelegance.net\/wp-content\/uploads\/2019\/06\/WhatsApp-Image-2019-06-03-at-09.01.46.jpeg","width":1080,"height":410},{"@type":"WebPage","@id":"https:\/\/citeelegance.net\/?p=2367#webpage","url":"https:\/\/citeelegance.net\/?p=2367","name":"BBDA : Pr\u00e9sentation du projet du \u2018\u2019 Renforcement de la fili\u00e8re musique\u2026\u2019\u2019 - CITE ELEGANCE","isPartOf":{"@id":"https:\/\/citeelegance.net\/#website"},"primaryImageOfPage":{"@id":"https:\/\/citeelegance.net\/?p=2367#primaryimage"},"datePublished":"2019-06-03T11:25:33+00:00","dateModified":"2019-06-06T15:08:10+00:00","author":{"@id":"https:\/\/citeelegance.net\/#\/schema\/person\/4b3dc39431a8beca84e75fce0d70f5ff"},"breadcrumb":{"@id":"https:\/\/citeelegance.net\/?p=2367#breadcrumb"},"inLanguage":"fr-FR","potentialAction":[{"@type":"ReadAction","target":["https:\/\/citeelegance.net\/?p=2367"]}]},{"@type":"BreadcrumbList","@id":"https:\/\/citeelegance.net\/?p=2367#breadcrumb","itemListElement":[{"@type":"ListItem","position":1,"name":"Accueil","item":"https:\/\/citeelegance.net\/"},{"@type":"ListItem","position":2,"name":"BBDA : Pr\u00e9sentation du projet du \u2018\u2019 Renforcement de la fili\u00e8re musique\u2026\u2019\u2019"}]},{"@type":"Person","@id":"https:\/\/citeelegance.net\/#\/schema\/person\/4b3dc39431a8beca84e75fce0d70f5ff","name":"Adama OUEDRAOGO","url":"https:\/\/citeelegance.net\/?author=2"}]}},"_links":{"self":[{"href":"https:\/\/citeelegance.net\/index.php?rest_route=\/wp\/v2\/posts\/2367"}],"collection":[{"href":"https:\/\/citeelegance.net\/index.php?rest_route=\/wp\/v2\/posts"}],"about":[{"href":"https:\/\/citeelegance.net\/index.php?rest_route=\/wp\/v2\/types\/post"}],"author":[{"embeddable":true,"href":"https:\/\/citeelegance.net\/index.php?rest_route=\/wp\/v2\/users\/2"}],"replies":[{"embeddable":true,"href":"https:\/\/citeelegance.net\/index.php?rest_route=%2Fwp%2Fv2%2Fcomments&post=2367"}],"version-history":[{"count":3,"href":"https:\/\/citeelegance.net\/index.php?rest_route=\/wp\/v2\/posts\/2367\/revisions"}],"predecessor-version":[{"id":2371,"href":"https:\/\/citeelegance.net\/index.php?rest_route=\/wp\/v2\/posts\/2367\/revisions\/2371"}],"wp:featuredmedia":[{"embeddable":true,"href":"https:\/\/citeelegance.net\/index.php?rest_route=\/wp\/v2\/media\/2380"}],"wp:attachment":[{"href":"https:\/\/citeelegance.net\/index.php?rest_route=%2Fwp%2Fv2%2Fmedia&parent=2367"}],"wp:term":[{"taxonomy":"category","embeddable":true,"href":"https:\/\/citeelegance.net\/index.php?rest_route=%2Fwp%2Fv2%2Fcategories&post=2367"},{"taxonomy":"post_tag","embeddable":true,"href":"https:\/\/citeelegance.net\/index.php?rest_route=%2Fwp%2Fv2%2Ftags&post=2367"}],"curies":[{"name":"wp","href":"https:\/\/api.w.org\/{rel}","templated":true}]}}