{"id":2352,"date":"2019-05-30T18:06:15","date_gmt":"2019-05-30T17:06:15","guid":{"rendered":"http:\/\/citeelegance.net\/?p=2352"},"modified":"2019-06-01T15:12:34","modified_gmt":"2019-06-01T14:12:34","slug":"arrete-municipale-sur-la-mobilite-urbaine-lavis-des-ouagalais-sur-la-question","status":"publish","type":"post","link":"https:\/\/citeelegance.net\/?p=2352","title":{"rendered":"Arr\u00eat\u00e9 municipal sur la mobilit\u00e9 urbaine : L\u2019avis des Ouagalais sur la question"},"content":{"rendered":"<p><strong><em>Suite aux accidents mortels survenus \u00e0 Ouagadougou ces temps-ci, le maire de la ville, Armand B\u00e9ouind\u00e9 a sign\u00e9\u00a0 un arr\u00eat\u00e9 r\u00e8glementant la circulation et le stationnement des v\u00e9hicules poids lourds dans la commune de Ouagadougou.\u00a0 Pour mieux appr\u00e9cier cette nouvelle mesure, une \u00e9quipe de Cit\u00e9 \u00e9l\u00e9gance a r\u00e9alis\u00e9 un micro trottoir aupr\u00e8s des Ouagalais, ce\u00a0 mercredi 29 mai 2019.<\/em><\/strong><\/p>\n<p><strong>\u00a0<\/strong><\/p>\n<p><strong><a href=\"http:\/\/citeelegance.net\/wp-content\/uploads\/2019\/05\/1.png\"><img loading=\"lazy\" decoding=\"async\" class=\"size-medium wp-image-2356 alignleft\" src=\"http:\/\/citeelegance.net\/wp-content\/uploads\/2019\/05\/1-300x226.png\" alt=\"\" width=\"300\" height=\"226\" srcset=\"https:\/\/citeelegance.net\/wp-content\/uploads\/2019\/05\/1-300x226.png 300w, https:\/\/citeelegance.net\/wp-content\/uploads\/2019\/05\/1-768x577.png 768w, https:\/\/citeelegance.net\/wp-content\/uploads\/2019\/05\/1-1024x770.png 1024w, https:\/\/citeelegance.net\/wp-content\/uploads\/2019\/05\/1-105x80.png 105w, https:\/\/citeelegance.net\/wp-content\/uploads\/2019\/05\/1.png 1080w\" sizes=\"(max-width: 300px) 100vw, 300px\" \/><\/a>M\u00e9canicien au quartier Goudrin\u00a0: Abdoulaye Ou\u00e9draogo<\/strong><\/p>\n<p>La d\u00e9cision\u00a0 que le maire de la ville\u00a0 de Ouagadougou a prise concernant l\u2019interdiction de la circulation des poids lourds aux heures de pointe est une bonne chose. Cela va nous permettre d\u2019\u00e9viter les embouteillages, les accidents et rendre fluide la circulation.\u00a0 Ce que j\u2019aimerai demander c\u2019est que la mairie songe \u00e0 \u00e9largir les voix pour faciliter la circulation aux usagers.<\/p>\n<p>&nbsp;<\/p>\n<p>&nbsp;<\/p>\n<p>&nbsp;<\/p>\n<p><strong><a href=\"http:\/\/citeelegance.net\/wp-content\/uploads\/2019\/05\/2-1.png\"><img loading=\"lazy\" decoding=\"async\" class=\"size-medium wp-image-2359 alignleft\" src=\"http:\/\/citeelegance.net\/wp-content\/uploads\/2019\/05\/2-1-300x206.png\" alt=\"\" width=\"300\" height=\"206\" srcset=\"https:\/\/citeelegance.net\/wp-content\/uploads\/2019\/05\/2-1-300x206.png 300w, https:\/\/citeelegance.net\/wp-content\/uploads\/2019\/05\/2-1-768x528.png 768w, https:\/\/citeelegance.net\/wp-content\/uploads\/2019\/05\/2-1-1024x704.png 1024w, https:\/\/citeelegance.net\/wp-content\/uploads\/2019\/05\/2-1.png 1080w\" sizes=\"(max-width: 300px) 100vw, 300px\" \/><\/a>Couturier au secteur 28\u00a0: Armand Baga<\/strong><\/p>\n<p>Je suis d\u2019avis avec le maire concernant cette question. En effet, les gros camions en pleine journ\u00e9e causent beaucoup de probl\u00e8mes aux usagers parce qu\u2019il n\u2019y a pas mal de personnes qui circulent surtout les \u00e9l\u00e8ves. On tue beaucoup d\u2019usagers et surtout des \u00e9l\u00e8ves sur la route dans ces temps-ci. Ce que le maire a dit est vraiment tr\u00e8s important car \u00e0 ces heures les \u00e9l\u00e8ves et les fonctionnaires seront d\u00e9j\u00e0 rentr\u00e9s. Je me dis qu\u2019\u00e0 ces heures les poids lourds pourront circuler comme ils veulent pour pouvoir d\u00e9charger leurs marchandises. Si les autorit\u00e9s pouvaient trouver autres solutions pour ces conducteurs \u00a0cela allait \u00a0plus les\u00a0 arranger car eux aussi ils envoient des marchandises\u00a0 pour pouvoir livrer et avoir leur pain. Alors on ne peut pas les emp\u00eacher de circuler\u00a0 \u00e0 certaines heures de la journ\u00e9e.<\/p>\n<p>&nbsp;<\/p>\n<p><strong><a href=\"http:\/\/citeelegance.net\/wp-content\/uploads\/2019\/05\/3.png\"><img loading=\"lazy\" decoding=\"async\" class=\"size-medium wp-image-2360 alignleft\" src=\"http:\/\/citeelegance.net\/wp-content\/uploads\/2019\/05\/3-300x169.png\" alt=\"\" width=\"300\" height=\"169\" srcset=\"https:\/\/citeelegance.net\/wp-content\/uploads\/2019\/05\/3-300x169.png 300w, https:\/\/citeelegance.net\/wp-content\/uploads\/2019\/05\/3-768x432.png 768w, https:\/\/citeelegance.net\/wp-content\/uploads\/2019\/05\/3-1024x576.png 1024w, https:\/\/citeelegance.net\/wp-content\/uploads\/2019\/05\/3.png 1080w\" sizes=\"(max-width: 300px) 100vw, 300px\" \/><\/a>Conducteur de camion de vidange\u00a0: Daniel Dabilgou<\/strong><\/p>\n<p>La d\u00e9cision prise par la mairie n\u2019est pas mauvaise. \u00a0Mais je pense que les heures propos\u00e9es par la mairie ne r\u00e9soudront\u00a0 pas totalement les probl\u00e8mes d\u2019accidents parce que la population burkinab\u00e8 circule mal surtout les jeunes sur leurs motos. Ce qui pourra minimiser les accidents c\u2019est la sensibilisation de la population au code de la route. Les parents qui ach\u00e8tent\u00a0 les motos pour leurs enfants doivent \u00e9galement apporter leurs contributions en leur donnant des conseils pour \u00e9viter des d\u00e9sagr\u00e9ments. Et cette sensibilisation doit aller \u00e0 l\u2019endroit de tous les citoyens. Nous devons suivre l\u2019exemple du B\u00e9nin qui malgr\u00e9 la densit\u00e9 de la circulation arrive \u00e0\u00a0 surpasser les accidents.<\/p>\n<p>&nbsp;<\/p>\n<p><strong><a href=\"http:\/\/citeelegance.net\/wp-content\/uploads\/2019\/05\/4.png\"><img loading=\"lazy\" decoding=\"async\" class=\"size-medium wp-image-2361 alignleft\" src=\"http:\/\/citeelegance.net\/wp-content\/uploads\/2019\/05\/4-300x169.png\" alt=\"\" width=\"300\" height=\"169\" srcset=\"https:\/\/citeelegance.net\/wp-content\/uploads\/2019\/05\/4-300x169.png 300w, https:\/\/citeelegance.net\/wp-content\/uploads\/2019\/05\/4-768x432.png 768w, https:\/\/citeelegance.net\/wp-content\/uploads\/2019\/05\/4-1024x576.png 1024w, https:\/\/citeelegance.net\/wp-content\/uploads\/2019\/05\/4.png 1080w\" sizes=\"(max-width: 300px) 100vw, 300px\" \/><\/a>Usager de la route\u00a0: Souleymane Gansonr\u00e9<\/strong><\/p>\n<p>Je pense que l\u2019initiative de la mairie est bonne. Mais il faudra essayer d\u2019agrandir les voies afin de permettre aux conducteurs de camions poids lourds de circuler \u00e0 tout moment. Cela va permettre \u00e9galement aux conducteurs \u00e9trangers de passer facilement sur le territoire burkinab\u00e8\u00a0et de mener favorablement leurs activit\u00e9s. Les passagers quant \u00e0 eux doivent respecter le code de la route et en sus de cela un contr\u00f4le r\u00e9el des camions doit \u00eatre pris en compte.<\/p>\n<p>&nbsp;<\/p>\n<p><strong>Propos recueillis par Assata SINARE et Rachid TRAORE<\/strong><\/p>\n<aside class=\"mashsb-container mashsb-main mashsb-stretched\"><div class=\"mashsb-box\"><div class=\"mashsb-buttons\"><a class=\"mashicon-facebook mash-small mash-center mashsb-noshadow\" href=\"https:\/\/www.facebook.com\/sharer.php?u=https%3A%2F%2Fciteelegance.net%2F%3Fp%3D2352\" target=\"_top\" rel=\"nofollow\"><span class=\"icon\"><\/span><span class=\"text\">Partagez<\/span><\/a><a class=\"mashicon-twitter mash-small mash-center mashsb-noshadow\" href=\"https:\/\/twitter.com\/intent\/tweet?text=&url=https:\/\/citeelegance.net\/?p=2352\" target=\"_top\" rel=\"nofollow\"><span class=\"icon\"><\/span><span class=\"text\">Tweet<\/span><\/a><div class=\"onoffswitch2 mash-small mashsb-noshadow\" style=\"display:none;\"><\/div><\/div>\n            <\/div>\n                <div style=\"clear:both;\"><\/div><\/aside>\n            <!-- Share buttons by mashshare.net - Version: 3.8.0--><div class=\"pdf24Plugin-cp\"> \t<form name=\"pdf24Form0\" method=\"post\" action=\"https:\/\/doc2pdf.pdf24.org\/wordpress.php\" target=\"pdf24PopWin\" onsubmit=\"var pdf24Win = window.open('about:blank', 'pdf24PopWin', 'resizable=yes,scrollbars=yes,width=600,height=250,left='+(screen.width\/2-300)+',top='+(screen.height\/3-125)+''); pdf24Win.focus(); if(typeof pdf24OnCreatePDF === 'function'){void(pdf24OnCreatePDF(this,pdf24Win));}\"> \t\t<input type=\"hidden\" name=\"blogCharset\" value=\"Cw1x07UAAA==\" \/><input type=\"hidden\" name=\"blogPosts\" value=\"MwQA\" \/><input type=\"hidden\" name=\"blogUrl\" value=\"yygpKSi20tdPzixJTc1JTU\/MS07Vy0stAQA=\" \/><input type=\"hidden\" name=\"blogName\" value=\"c\/YMcVVw9XF1d\/RzdgUA\" \/><input type=\"hidden\" name=\"blogValueEncoding\" value=\"gzdeflate base64\" \/><input type=\"hidden\" name=\"postId_0\" value=\"MzI2NQIA\" \/><input type=\"hidden\" name=\"postTitle_0\" value=\"cywqOryq5PBKhdzSvMzkzILEHIXi0iKFnESF3PykzJxMkFRpUVJiZl6qgpWCz6OGmYllmcUKKanFCv6liemJOYlAHlRHYWlqcUlmfh4A\" \/><input type=\"hidden\" name=\"postLink_0\" value=\"yygpKSi20tdPzixJTc1JTU\/MS07Vy0st0bcvsDUyNjUCAA==\" \/><input type=\"hidden\" name=\"postAuthor_0\" value=\"805MSS0CAA==\" \/><input type=\"hidden\" name=\"postDateTime_0\" value=\"MzIwtNQ1MNU1NlAwtLAyMLUyNAUA\" \/><input type=\"hidden\" name=\"postContent_0\" value=\"vZjdchu3Fcfv8xQoZ5xpZ8QPk\/qyIsqjOk6mmST2WGlvO+AuSELBAmt8rChf9TV6p0vR130C8U36JP0fYFdcUUqTikwzGWuJBc45OMD54Y89Lc9OnbdGz85ORXF2EaQXjIcF41kmc6G9Y4WxXijHXLCV0MGx1Q17F\/iM5ybMTGCZcMyLonTdTO4xJVjBpRUsF0xxVkmlxB47twXXOfvzammC1PlqyThzcqZXy7sbFjTj1q4+ezTb1e1MiQKOufZkIJM2C4p7aTQTnsw7H3\/p2AtuHKtWy7lELzyWRuaOKRMs\/uRcu2jDFEXQMaRW4D24fo+OrJCCJlyWdrXMpLCYkUcWtAmVUDQfgaljEmRitfwYZBlNvZEU8GqpVssZ1xnShuiXXEmHZsypkJk1DLn13kiLpML+rYsBxygUl24PvhBGIWxmRS7Z8BVljw0HL1\/1TvtYkNN+szr98uyL0\/Vq3d384qtTzuZWTMedufflSb+fYU2FEjHInha+f1V2M6M90tcPpTI8d33y2B8c9F\/2Sj3rnJ3KYsbojdSzcUfxT9cdBJ6Z9Ju7a511WKa4c+OOk59Et0D0oWCwLAs+E93h6OCQIRczrcTUd5iz2fPi6Y4Gg8VweBjjgkU\/7nTYlcz9fNzBqw6bCzmboxV9ohsnfPLktnHF8Hy1x55n5+jweHFwdBTt4PnZdl4OhvuLo6NBNEQ\/trB0sDhu7Bw810w9\/nhwhUxj1bH4fyz4ohuX44RSVi7+hA6DCh7irw7rY3vysx9QWVxLVBdqPbCPgVtPlfatCbmV+u7mhJ1PUJaKX1ONrpa55WZmHm3x7znLqUgdAIC6+RjEk8DBq4e1jtosrXQCKMBErY5w+fc\/\/ikxU5vLLOIlGWgDJ98kCpFxLkADqmN6hfFMOB\/ZMCEosWxunOixN4KC4UQR2BC2AFMoSDhdLStk3TLilSgmJniBoFE1bi+2rdEL4Fmhc4ybqiAfxUcEeyNiFi5hl0twBPTIBcGWOIZGCi6micc0SfATCRUEcaCL25lMgVRGLjAh4HDKM6lSgA+zQZMPDnFa12sW5Es9ceVXv+XXLug07O6QT692wSdElLAx+A2EGmxJqA1nWzCKLEVKDY+3pBRZSpwa7G\/LqXp5n4eYN6ijYAkqAIwTmUeZsuFxREutPoCDR0T5DgURpIuFySs88Epka6i0eJFUAWrJxdpjbyFIplPhU9HOrHEs4wVeoW41K5WQoMElKgoqB4Z4cKRXJoKHzIQy8sOaiVrdFsK1a4uV3GbkiPikmMafa+IXhxTjKo5DL2KNQydZlyjZhkzxyEKMh3TJbSVcj73TzAMAa8cw2LgS60F5axA1UvVbYlOSUW2V12uoc58mYFn6CMLKEoYQjI9qRxYl5GNMH7cEHbJTE7QdZtJ2jk2R76juyCziEFgsT8y\/xFiwEFaXmNN3pMrg06U0Pbb7gNqEtWinTpWNilAwCVVbiZS7iD78U5FWozNmDjZGSAdLibdo0HBIGb2QidPBG0siMHqouEzTJtlIm9DHCRgVfNwT0QFFiS2Vh7g9Hbu7yeic4MA\/8nd3U6oQ4wfYIYm5pggocVGgBudkjFloRNmI33ZoGPZgHkpWFhaQW55+U02UXGL3nisD\/6C6pv2E9af9lU6kcvU5m2MYdlqTMBiOOcZSSr3OdDqRmj3e+\/3AP9oZ9g8Hu8D+KHL45eGrX4U++mwH\/QeutkD+KAJ\/fzTcEvijhPuDo8NtcT\/aBvZNDcVdGrFLT5XMqWgI+l9DbwqFPxOpoAD\/q5SsxSHA29JJulZPCbxU36Tr7m5+wAO7pKrRrsHgfUUA6aXBBVC4TWuCboeO9C7SQYUKs954nm67CVrr8yAeR\/c6sDkRYrmVpmwU2STYn6Xmk9VtU6nxiGifA5ci6AboCWXGG1cTXCY0IkipZYH52Q0B2ihIuMXp5SRyKR1vqeVWMDh2UYmNDo9HR499nxIRjZE\/ns1Xt7QbkAFyFaNJ0ErhCT3l1Dk3sqK80OW6ThFu6PQpoulJ28rKSY1XHLmRbjmdHTUa0cMJAma038hueoOVxwmIBSHDyMbb5nh\/NEsDLgPPIh5edGUgPU6NmKY3idZIvjfXGNljP1JTLioKCboC+E2DFsAqVicP9A1ESx2TgbWiGChdOfml7wmPLyE4CJAKuEfKsIzYN4\/W6Xck7\/7uyPtyF+Td\/\/+Rd39H5N3fEXn3d0be\/eeT969RObaLnGB7gau7uIbKFuxbqEWjsa2fktotZsbbt\/QSm7xqoFGzkogTL9M9FmELFTzlACfHG8evyT3hcWZJ9txfX6kgplLXArm+b5Oubguu+9Ni81PhWutQoUd8FobosL7Kr622obThYLX0SbelLwSpWOOVOvVPIIaURlXTd0HRgvjdjYhcQcc4qDKWT+7PB7LOIY6rKDkbtLpayX8MRD2ETlKxgSdOpJJuQtHlJpxJFoKaLqTZ0ySDTlRd\/UvF40qoxNE6YxGGq8+UATowaTSEdOl\/Tfm9j4cioskCfemQ6Ww8R+ies4u\/\/Hj+4S0F8wGHg8zZTx\/O3314u7F7uKPPHzVgCu7mbhJ3N8lRy+oGbB\/dPGO08JCxOdiVy2pj6MQsnm4P3mOmHUJm642Eqy4WUUyM+Tl66DrAW6XHTNBXpMaxNm7Oc4PCWjOX6vPq6qrXmOghbX10gzjvlfPydRjHXi9G5y+G3+D\/zVqm1tE35YvR18PRwbDDPN1NQLW\/e1N2kFc17mgzNUrBLbJect1ET5F36Csy2h6+8WLhO2fvOST9THxqeqDCn5i6v5K+meL\/PvN6dJy0TEDyV0L41xTC+Mtg1fgXIfa6HO96yj+R7\/Z8W9vAwObUId5sPtyc7YMZOn+txLiDW1ep+PWJNlp8RU5hq\/73C9b674mm2Eyua1OZEtyeTIyftwzFbb9h6g\/dLrugvcPq3com1ylAaqSssS77G5iAmgXKe8e9Qbd79h8=\" \/> \t\t<a href=\"https:\/\/www.pdf24.org\" target=\"_blank\" title=\"www.pdf24.org\" rel=\"nofollow\"><img src=\"https:\/\/citeelegance.net\/wp-content\/plugins\/pdf24-posts-to-pdf\/img\/pdf_32x32.png\" alt=\"\" border=\"0\" height=\"32\" \/><\/a> \t\t<span class=\"pdf24Plugin-cp-space\">&nbsp;&nbsp;<\/span> \t\t<span class=\"pdf24Plugin-cp-text\">Send article as PDF<\/span> \t\t<span class=\"pdf24Plugin-cp-space\">&nbsp;&nbsp;<\/span> \t\t<input class=\"pdf24Plugin-cp-input\" style=\"margin: 0px;\" type=\"text\" name=\"sendEmailTo\" placeholder=\"Enter email address\" \/> \t\t<input class=\"pdf24Plugin-cp-submit\" style=\"margin: 0px;\" type=\"submit\" value=\"Send\" \/> \t<\/form> <\/div>","protected":false},"excerpt":{"rendered":"<p>Suite aux accidents mortels survenus \u00e0 Ouagadougou ces temps-ci, le maire de la ville, Armand B\u00e9ouind\u00e9 a sign\u00e9\u00a0 un arr\u00eat\u00e9 r\u00e8glementant la circulation et le stationnement des v\u00e9hicules poids lourds dans la commune de Ouagadougou.\u00a0 Pour mieux appr\u00e9cier cette nouvelle mesure, une \u00e9quipe de Cit\u00e9 \u00e9l\u00e9gance a r\u00e9alis\u00e9 un micro trottoir aupr\u00e8s des Ouagalais, ce\u00a0 [&hellip;]<\/p>\n","protected":false},"author":3,"featured_media":2355,"comment_status":"open","ping_status":"open","sticky":false,"template":"","format":"standard","meta":{"footnotes":""},"categories":[2,6,10,16],"tags":[],"yoast_head":"<!-- This site is optimized with the Yoast SEO plugin v18.1 - https:\/\/yoast.com\/wordpress\/plugins\/seo\/ -->\n<title>Arr\u00eat\u00e9 municipal sur la mobilit\u00e9 urbaine : L\u2019avis des Ouagalais sur la question - CITE ELEGANCE<\/title>\n<meta name=\"robots\" content=\"index, follow, max-snippet:-1, max-image-preview:large, max-video-preview:-1\" \/>\n<link rel=\"canonical\" href=\"https:\/\/citeelegance.net\/?p=2352\" \/>\n<meta property=\"og:locale\" content=\"fr_FR\" \/>\n<meta property=\"og:type\" content=\"article\" \/>\n<meta property=\"og:title\" content=\"Arr\u00eat\u00e9 municipal sur la mobilit\u00e9 urbaine : L\u2019avis des Ouagalais sur la question - CITE ELEGANCE\" \/>\n<meta property=\"og:description\" content=\"Suite aux accidents mortels survenus \u00e0 Ouagadougou ces temps-ci, le maire de la ville, Armand B\u00e9ouind\u00e9 a sign\u00e9\u00a0 un arr\u00eat\u00e9 r\u00e8glementant la circulation et le stationnement des v\u00e9hicules poids lourds dans la commune de Ouagadougou.\u00a0 Pour mieux appr\u00e9cier cette nouvelle mesure, une \u00e9quipe de Cit\u00e9 \u00e9l\u00e9gance a r\u00e9alis\u00e9 un micro trottoir aupr\u00e8s des Ouagalais, ce\u00a0 [&hellip;]\" \/>\n<meta property=\"og:url\" content=\"https:\/\/citeelegance.net\/?p=2352\" \/>\n<meta property=\"og:site_name\" content=\"CITE ELEGANCE\" \/>\n<meta property=\"article:published_time\" content=\"2019-05-30T17:06:15+00:00\" \/>\n<meta property=\"article:modified_time\" content=\"2019-06-01T14:12:34+00:00\" \/>\n<meta property=\"og:image\" content=\"https:\/\/citeelegance.net\/wp-content\/uploads\/2019\/05\/22.jpg\" \/>\n\t<meta property=\"og:image:width\" content=\"708\" \/>\n\t<meta property=\"og:image:height\" content=\"700\" \/>\n\t<meta property=\"og:image:type\" content=\"image\/jpeg\" \/>\n<meta name=\"twitter:label1\" content=\"\u00c9crit par\" \/>\n\t<meta name=\"twitter:data1\" content=\"Kader\" \/>\n\t<meta name=\"twitter:label2\" content=\"Dur\u00e9e de lecture estim\u00e9e\" \/>\n\t<meta name=\"twitter:data2\" content=\"3 minutes\" \/>\n<script type=\"application\/ld+json\" class=\"yoast-schema-graph\">{\"@context\":\"https:\/\/schema.org\",\"@graph\":[{\"@type\":\"WebSite\",\"@id\":\"https:\/\/citeelegance.net\/#website\",\"url\":\"https:\/\/citeelegance.net\/\",\"name\":\"CITE ELEGANCE\",\"description\":\"\",\"potentialAction\":[{\"@type\":\"SearchAction\",\"target\":{\"@type\":\"EntryPoint\",\"urlTemplate\":\"https:\/\/citeelegance.net\/?s={search_term_string}\"},\"query-input\":\"required name=search_term_string\"}],\"inLanguage\":\"fr-FR\"},{\"@type\":\"ImageObject\",\"@id\":\"https:\/\/citeelegance.net\/?p=2352#primaryimage\",\"inLanguage\":\"fr-FR\",\"url\":\"https:\/\/citeelegance.net\/wp-content\/uploads\/2019\/05\/22.jpg\",\"contentUrl\":\"https:\/\/citeelegance.net\/wp-content\/uploads\/2019\/05\/22.jpg\",\"width\":708,\"height\":700},{\"@type\":\"WebPage\",\"@id\":\"https:\/\/citeelegance.net\/?p=2352#webpage\",\"url\":\"https:\/\/citeelegance.net\/?p=2352\",\"name\":\"Arr\u00eat\u00e9 municipal sur la mobilit\u00e9 urbaine : L\u2019avis des Ouagalais sur la question - CITE ELEGANCE\",\"isPartOf\":{\"@id\":\"https:\/\/citeelegance.net\/#website\"},\"primaryImageOfPage\":{\"@id\":\"https:\/\/citeelegance.net\/?p=2352#primaryimage\"},\"datePublished\":\"2019-05-30T17:06:15+00:00\",\"dateModified\":\"2019-06-01T14:12:34+00:00\",\"author\":{\"@id\":\"https:\/\/citeelegance.net\/#\/schema\/person\/e06163d4cd2cfc8a3cfc96dc84443ae4\"},\"breadcrumb\":{\"@id\":\"https:\/\/citeelegance.net\/?p=2352#breadcrumb\"},\"inLanguage\":\"fr-FR\",\"potentialAction\":[{\"@type\":\"ReadAction\",\"target\":[\"https:\/\/citeelegance.net\/?p=2352\"]}]},{\"@type\":\"BreadcrumbList\",\"@id\":\"https:\/\/citeelegance.net\/?p=2352#breadcrumb\",\"itemListElement\":[{\"@type\":\"ListItem\",\"position\":1,\"name\":\"Accueil\",\"item\":\"https:\/\/citeelegance.net\/\"},{\"@type\":\"ListItem\",\"position\":2,\"name\":\"Arr\u00eat\u00e9 municipal sur la mobilit\u00e9 urbaine : L\u2019avis des Ouagalais sur la question\"}]},{\"@type\":\"Person\",\"@id\":\"https:\/\/citeelegance.net\/#\/schema\/person\/e06163d4cd2cfc8a3cfc96dc84443ae4\",\"name\":\"Kader\",\"url\":\"https:\/\/citeelegance.net\/?author=3\"}]}<\/script>\n<!-- \/ Yoast SEO plugin. -->","yoast_head_json":{"title":"Arr\u00eat\u00e9 municipal sur la mobilit\u00e9 urbaine : L\u2019avis des Ouagalais sur la question - CITE ELEGANCE","robots":{"index":"index","follow":"follow","max-snippet":"max-snippet:-1","max-image-preview":"max-image-preview:large","max-video-preview":"max-video-preview:-1"},"canonical":"https:\/\/citeelegance.net\/?p=2352","og_locale":"fr_FR","og_type":"article","og_title":"Arr\u00eat\u00e9 municipal sur la mobilit\u00e9 urbaine : L\u2019avis des Ouagalais sur la question - CITE ELEGANCE","og_description":"Suite aux accidents mortels survenus \u00e0 Ouagadougou ces temps-ci, le maire de la ville, Armand B\u00e9ouind\u00e9 a sign\u00e9\u00a0 un arr\u00eat\u00e9 r\u00e8glementant la circulation et le stationnement des v\u00e9hicules poids lourds dans la commune de Ouagadougou.\u00a0 Pour mieux appr\u00e9cier cette nouvelle mesure, une \u00e9quipe de Cit\u00e9 \u00e9l\u00e9gance a r\u00e9alis\u00e9 un micro trottoir aupr\u00e8s des Ouagalais, ce\u00a0 [&hellip;]","og_url":"https:\/\/citeelegance.net\/?p=2352","og_site_name":"CITE ELEGANCE","article_published_time":"2019-05-30T17:06:15+00:00","article_modified_time":"2019-06-01T14:12:34+00:00","og_image":[{"width":708,"height":700,"url":"https:\/\/citeelegance.net\/wp-content\/uploads\/2019\/05\/22.jpg","type":"image\/jpeg"}],"twitter_misc":{"\u00c9crit par":"Kader","Dur\u00e9e de lecture estim\u00e9e":"3 minutes"},"schema":{"@context":"https:\/\/schema.org","@graph":[{"@type":"WebSite","@id":"https:\/\/citeelegance.net\/#website","url":"https:\/\/citeelegance.net\/","name":"CITE ELEGANCE","description":"","potentialAction":[{"@type":"SearchAction","target":{"@type":"EntryPoint","urlTemplate":"https:\/\/citeelegance.net\/?s={search_term_string}"},"query-input":"required name=search_term_string"}],"inLanguage":"fr-FR"},{"@type":"ImageObject","@id":"https:\/\/citeelegance.net\/?p=2352#primaryimage","inLanguage":"fr-FR","url":"https:\/\/citeelegance.net\/wp-content\/uploads\/2019\/05\/22.jpg","contentUrl":"https:\/\/citeelegance.net\/wp-content\/uploads\/2019\/05\/22.jpg","width":708,"height":700},{"@type":"WebPage","@id":"https:\/\/citeelegance.net\/?p=2352#webpage","url":"https:\/\/citeelegance.net\/?p=2352","name":"Arr\u00eat\u00e9 municipal sur la mobilit\u00e9 urbaine : L\u2019avis des Ouagalais sur la question - CITE ELEGANCE","isPartOf":{"@id":"https:\/\/citeelegance.net\/#website"},"primaryImageOfPage":{"@id":"https:\/\/citeelegance.net\/?p=2352#primaryimage"},"datePublished":"2019-05-30T17:06:15+00:00","dateModified":"2019-06-01T14:12:34+00:00","author":{"@id":"https:\/\/citeelegance.net\/#\/schema\/person\/e06163d4cd2cfc8a3cfc96dc84443ae4"},"breadcrumb":{"@id":"https:\/\/citeelegance.net\/?p=2352#breadcrumb"},"inLanguage":"fr-FR","potentialAction":[{"@type":"ReadAction","target":["https:\/\/citeelegance.net\/?p=2352"]}]},{"@type":"BreadcrumbList","@id":"https:\/\/citeelegance.net\/?p=2352#breadcrumb","itemListElement":[{"@type":"ListItem","position":1,"name":"Accueil","item":"https:\/\/citeelegance.net\/"},{"@type":"ListItem","position":2,"name":"Arr\u00eat\u00e9 municipal sur la mobilit\u00e9 urbaine : L\u2019avis des Ouagalais sur la question"}]},{"@type":"Person","@id":"https:\/\/citeelegance.net\/#\/schema\/person\/e06163d4cd2cfc8a3cfc96dc84443ae4","name":"Kader","url":"https:\/\/citeelegance.net\/?author=3"}]}},"_links":{"self":[{"href":"https:\/\/citeelegance.net\/index.php?rest_route=\/wp\/v2\/posts\/2352"}],"collection":[{"href":"https:\/\/citeelegance.net\/index.php?rest_route=\/wp\/v2\/posts"}],"about":[{"href":"https:\/\/citeelegance.net\/index.php?rest_route=\/wp\/v2\/types\/post"}],"author":[{"embeddable":true,"href":"https:\/\/citeelegance.net\/index.php?rest_route=\/wp\/v2\/users\/3"}],"replies":[{"embeddable":true,"href":"https:\/\/citeelegance.net\/index.php?rest_route=%2Fwp%2Fv2%2Fcomments&post=2352"}],"version-history":[{"count":4,"href":"https:\/\/citeelegance.net\/index.php?rest_route=\/wp\/v2\/posts\/2352\/revisions"}],"predecessor-version":[{"id":2363,"href":"https:\/\/citeelegance.net\/index.php?rest_route=\/wp\/v2\/posts\/2352\/revisions\/2363"}],"wp:featuredmedia":[{"embeddable":true,"href":"https:\/\/citeelegance.net\/index.php?rest_route=\/wp\/v2\/media\/2355"}],"wp:attachment":[{"href":"https:\/\/citeelegance.net\/index.php?rest_route=%2Fwp%2Fv2%2Fmedia&parent=2352"}],"wp:term":[{"taxonomy":"category","embeddable":true,"href":"https:\/\/citeelegance.net\/index.php?rest_route=%2Fwp%2Fv2%2Fcategories&post=2352"},{"taxonomy":"post_tag","embeddable":true,"href":"https:\/\/citeelegance.net\/index.php?rest_route=%2Fwp%2Fv2%2Ftags&post=2352"}],"curies":[{"name":"wp","href":"https:\/\/api.w.org\/{rel}","templated":true}]}}