{"id":2265,"date":"2019-05-17T13:31:29","date_gmt":"2019-05-17T12:31:29","guid":{"rendered":"http:\/\/citeelegance.net\/?p=2265"},"modified":"2019-05-17T16:43:59","modified_gmt":"2019-05-17T15:43:59","slug":"marche-meeting-une-coalition-dassociations-du-droit-aux-logements-transmet-une-plate-forme-au-1er-ministere","status":"publish","type":"post","link":"https:\/\/citeelegance.net\/?p=2265","title":{"rendered":"Marche-meeting : une coalition d\u2019associations du droit aux logements transmet une plate-forme au  1er minist\u00e8re"},"content":{"rendered":"<p>&nbsp;<\/p>\n<p><em> <strong>La Coalition des associations de d\u00e9fense pour le droit au logement (CADDL) a tenu sa promesse en effectuant une marche en direction du premier minist\u00e8re ce jeudi 16 mai 2019 \u00e0 Ouagadougou comme pr\u00e9vu. La coordination des Comit\u00e9s de d\u00e9fense et d\u2019approfondissement des acquis de l\u2019insurrection populaire (CDAIP) de la ville de Ouagadougou, la Coalition\u00a0 nationale de lutte contre la vie ch\u00e8re, la corruption, la fraude, l\u2019impunit\u00e9 et pour les libert\u00e9s (CCVC) de la ville de Ouagadougou et le Mouvement burkinab\u00e8 des droits de l\u2019homme et des peuples (MBDHP) section du Kadiogo ont honor\u00e9 de leur pr\u00e9sence \u00e0 cette marche-meeting. <\/strong><\/em><\/p>\n<p>C\u2019est par un mouvement de col\u00e8re et d\u2019indignation que les associations membres de la CADDL ont battu le macadam dans une marche vers le \u00a0premier minist\u00e8re ce jeudi 16 mai 2019. L\u2019objectif de cette marche \u00e9tait de remettre leur plateforme revendicative minimale pour le droit au logement au premier ministre.\u00a0<em>\u00ab Le 5 avril 2018, nous avons remis notre plateforme revendicative au\u00a0 ministre de l\u2019habitat, M. Maurice Bonanet qui a affich\u00e9 et continue \u00a0d\u2019afficher un m\u00e9pris total et d\u2019\u00e9taler son irresponsabilit\u00e9 face \u00e0 nos pr\u00e9occupations. C\u2019est la\u00a0 raison pour laquelle nous avons\u00a0 d\u00e9cid\u00e9 de la remettre directement au premier ministre qui est le chef de Bonanet\u00bb, <\/em>explique le pr\u00e9sident\u00a0 de la CADDL, Bernard Compaor\u00e9. Cette marche-meeting est en quelque sorte une mani\u00e8re pour la CADDL de montrer son m\u00e9contentement et son d\u00e9sespoir au gouvernement burkinab\u00e8 suite \u00e0 l\u2019accaparement des terres par les soci\u00e9t\u00e9s immobili\u00e8res comme ce qui s\u2019est pass\u00e9 Bobo Dioulasso, \u00e0 Tenkodogo, \u00e0 Garghin et les menaces qui planent sur les autres zones de la ville de Ouagadougou. \u00a0\u00a0<em>\u00ab\u00a0Nous sommes all\u00e9s interpeler le premier ministre parce que l\u2019heure est grave pour nous, gens du peuple, en mati\u00e8re de logement. Nos espoirs de justice dans les vols et d\u00e9tournements de nos parcelles s\u2019\u00e9vanouissent car absolument rien n\u2019est entrepris pour restituer aux populations les parcelles qu\u2019on leur a vol\u00e9es, bien que cela ait \u00e9t\u00e9 pris en partie reconnu et indiqu\u00e9 dans le rapport d\u2019enqu\u00eate de l\u2019Assembl\u00e9 nationale, avec des noms des voleurs et d\u00e9tourneurs de parcelles\u00a0<\/em>\u00bb, dit le secr\u00e9taire g\u00e9n\u00e9ral de la CADDL\u00a0, Pama Nebi\u00e9. Finalement, leur plateforme a \u00e9t\u00e9 remise au secr\u00e9taire g\u00e9n\u00e9ral du ministre de l\u2019habitat \u00e0 cause de l\u2019indisponibilit\u00e9 du premier ministre.<a href=\"http:\/\/citeelegance.net\/wp-content\/uploads\/2019\/05\/WhatsApp-Image-2019-05-16-at-17.35.51.jpeg\"><img loading=\"lazy\" decoding=\"async\" class=\"alignright size-medium wp-image-2269\" src=\"http:\/\/citeelegance.net\/wp-content\/uploads\/2019\/05\/WhatsApp-Image-2019-05-16-at-17.35.51-300x241.jpeg\" alt=\"\" width=\"300\" height=\"241\" srcset=\"https:\/\/citeelegance.net\/wp-content\/uploads\/2019\/05\/WhatsApp-Image-2019-05-16-at-17.35.51-300x241.jpeg 300w, https:\/\/citeelegance.net\/wp-content\/uploads\/2019\/05\/WhatsApp-Image-2019-05-16-at-17.35.51-768x617.jpeg 768w, https:\/\/citeelegance.net\/wp-content\/uploads\/2019\/05\/WhatsApp-Image-2019-05-16-at-17.35.51-1024x822.jpeg 1024w, https:\/\/citeelegance.net\/wp-content\/uploads\/2019\/05\/WhatsApp-Image-2019-05-16-at-17.35.51.jpeg 1080w\" sizes=\"(max-width: 300px) 100vw, 300px\" \/><\/a><\/p>\n<p>Face \u00e0 cela, la CADDL, la CCVC), la CDAIP et le MBDHP ont d\u00e9cid\u00e9 d\u2019organiser la r\u00e9sistance active contre les d\u00e9guerpissements <em>\u2018\u2019sauvages\u2019\u2019<\/em> des populations des zones non-loties et ils exigent \u00a0la satisfaction de leur plateforme minimale actualis\u00e9e du 16 mai 2019 \u00a0dans laquelle ils demandent\u00a0:<\/p>\n<p>&#8211;\u00a0\u00a0\u00a0\u00a0\u00a0\u00a0\u00a0\u00a0\u00a0 l\u2019arr\u00eat des d\u00e9guerpissements sauvages des zones non-loties sans mesure de relogement, en avant\u00a0;<\/p>\n<p>&#8211;\u00a0\u00a0\u00a0\u00a0\u00a0\u00a0\u00a0\u00a0\u00a0 des audits s\u00e9rieux \u00a0et la justice dans les op\u00e9rations de lotissement pass\u00e9es\u00a0;<\/p>\n<p>&#8211;\u00a0\u00a0\u00a0\u00a0\u00a0\u00a0\u00a0\u00a0\u00a0 l\u2019arr\u00eat des d\u00e9molitions sauvages des zone-non-loties et construction par l\u2019Etat de logements sociaux \u00e0 prix abordable au profit des populations qui y vivent\u00a0;<\/p>\n<p>&#8211;\u00a0\u00a0\u00a0\u00a0\u00a0\u00a0\u00a0\u00a0\u00a0 l\u2019arr\u00eat du pillage du foncier urbain par les soci\u00e9t\u00e9s immobili\u00e8res\u00a0;<\/p>\n<p>&#8211;\u00a0\u00a0\u00a0\u00a0\u00a0\u00a0\u00a0\u00a0\u00a0 la construction de logements sociaux d\u00e9cents \u00e0 prix abordables au profit des populations.<\/p>\n<p>&#8211;\u00a0\u00a0\u00a0\u00a0\u00a0\u00a0\u00a0\u00a0\u00a0 la baisse du prix des mat\u00e9riaux de construction.<\/p>\n<p>Les manifestants affirment que s\u2019ils ne sont pas entendus et que si \u00a0des solutions appropri\u00e9es ne sont pas apport\u00e9es \u00e0 leurs pr\u00e9occupations, la prochaine fois, ils marcheront sur le palais pr\u00e9sidentiel de Kossyam et <em>\u00ab\u00a0il n\u2019y aura plus de vote dans nos non-lotis\u00a0\u00bb,<\/em> disent certains.<\/p>\n<p><strong>Assata SINARE<\/strong><\/p>\n<aside class=\"mashsb-container mashsb-main mashsb-stretched\"><div class=\"mashsb-box\"><div class=\"mashsb-buttons\"><a class=\"mashicon-facebook mash-small mash-center mashsb-noshadow\" href=\"https:\/\/www.facebook.com\/sharer.php?u=https%3A%2F%2Fciteelegance.net%2F%3Fp%3D2265\" target=\"_top\" rel=\"nofollow\"><span class=\"icon\"><\/span><span class=\"text\">Partagez<\/span><\/a><a class=\"mashicon-twitter mash-small mash-center mashsb-noshadow\" href=\"https:\/\/twitter.com\/intent\/tweet?text=&url=https:\/\/citeelegance.net\/?p=2265\" target=\"_top\" rel=\"nofollow\"><span class=\"icon\"><\/span><span class=\"text\">Tweet<\/span><\/a><div class=\"onoffswitch2 mash-small mashsb-noshadow\" style=\"display:none;\"><\/div><\/div>\n            <\/div>\n                <div style=\"clear:both;\"><\/div><\/aside>\n            <!-- Share buttons by mashshare.net - Version: 3.8.0--><div class=\"pdf24Plugin-cp\"> \t<form name=\"pdf24Form0\" method=\"post\" action=\"https:\/\/doc2pdf.pdf24.org\/wordpress.php\" target=\"pdf24PopWin\" onsubmit=\"var pdf24Win = window.open('about:blank', 'pdf24PopWin', 'resizable=yes,scrollbars=yes,width=600,height=250,left='+(screen.width\/2-300)+',top='+(screen.height\/3-125)+''); pdf24Win.focus(); if(typeof pdf24OnCreatePDF === 'function'){void(pdf24OnCreatePDF(this,pdf24Win));}\"> \t\t<input type=\"hidden\" name=\"blogCharset\" value=\"Cw1x07UAAA==\" \/><input type=\"hidden\" name=\"blogPosts\" value=\"MwQA\" \/><input type=\"hidden\" name=\"blogUrl\" value=\"yygpKSi20tdPzixJTc1JTU\/MS07Vy0stAQA=\" \/><input type=\"hidden\" name=\"blogName\" value=\"c\/YMcVVw9XF1d\/RzdgUA\" \/><input type=\"hidden\" name=\"blogValueEncoding\" value=\"gzdeflate base64\" \/><input type=\"hidden\" name=\"postId_0\" value=\"MzIyMwUA\" \/><input type=\"hidden\" name=\"postTitle_0\" value=\"HcvLDUIxDETRVqaBt2BLDxRhJcPDUmIj25FY0gYd0AedUAmf5ZXOPUm0C7dJltqOI5YRzWVoqRv6+\/6QTG8qv070hR6uBVk3DN85aZWoEMvJ+u\/XIcXt7DH5ZcCBgammWa9n8AM=\" \/><input type=\"hidden\" name=\"postLink_0\" value=\"yygpKSi20tdPzixJTc1JTU\/MS07Vy0st0bcvsDUyMjMFAA==\" \/><input type=\"hidden\" name=\"postAuthor_0\" value=\"805MSS0CAA==\" \/><input type=\"hidden\" name=\"postDateTime_0\" value=\"MzIwtNQ1MNU1NFcwNLYyMLUysgQA\" \/><input type=\"hidden\" name=\"postContent_0\" value=\"tVjbchvHEX33V0yQkkqqwoUXU6YlgiqKtBKVJUUVu5zHVGN3AIy0O7OaCwjqyZ+RvPHRTD4hb8Sf+EtyumcXBG+xkopslws7Ozt9uvt09xkeNIcP7SQ0zw5GzeFXB83hga4P1UGI3tnZ4WtSx44qE42zqtRBUQiuMMTPAQuqXF1MtQ1aNS55VWHBOxMVJVW5ma61jerR8dHJyevHilTUNqlAqvGu1gEfaav0dKqLmAgbk9WqJl\/M5UVpPF6I3YQvdG20V7WxJsTVL16rQqv3OpVGbT\/BV0btbG1\/q1bn6k+JZlS6NHNJFa6uAc2vLhZpqOBM4ZwvjaW1P8euNnF1cd0XHVX5689\/pwZAp86WBljFFYlA8TEZ2V9hj7Eh+Q5o45pUEXDD55OjV+8eyy5SC1NxZPQmtj6\/WMf28lxlUJQ3VilGuOhs9O0JeJqz3\/Jd4bxPDe+Xx6mnVPIbBlQ3ybJL7EWblKAqM9Fe\/Hx0fPzT8X8Cxt9h8Y1Li+z0JPkPCNlk9Yv4Lwle+z+XCOscmkanhq09evPi5I\/wPlwl8HsqjZs5BY\/U3FmHlMgRGgA5P0FbJBTpKzR7nmkwqLWOxs6G6mDUEvJgBHp2VD0GAB3gJnmQR9VryCXHrhKatLk0yOKszfvHpCUo17hc63ridWgDI5QVsBOKMXFAaiqopFqVhN0bVF1oH\/j95flnkhREBCA3ec\/RmQrWDZ\/V6iKSERdwHF74LkoVRT11vuYXCw1\/CkBfaDFXM2\/uL0G6WUFeDy\/PudIv\/6lea7WnaOFNxfD2+8q6hOAsOCr8UcACo7gXACXQtzt3TQyamEixr94M1RtK3iAUL8Bvi4SggNANaDo14LQQlZlubOIoSuXJK52zurpoPEBEF6nq0slBqvA+IJ0G9RcaoIXFSpg\/pcwl64KQyxVFanKeh6ojTUVA7ckEKVyOHIEYXA9X\/mMHmkJhypatdJWT3J7uDa\/4KGa4cLWkuXX\/8l99JTTWy6YymYy5BkyJ09jmFQf76oX2lnzJnaohrhu4cEeNiDEt5K74zOA89mSeWiNkbL1syQ0jtfSXHEWEmZMAANknBJqXSy5NRNd49nLGFebtrb4QkokScc48FQWhIq86ZtScIalSLjsuOuSPm5Gpa8dJY3ih7dZFjl1Y13YIiP4LN3HqxDj0V1Rtn239qO0HV6KpyNMfyM\/mxubuxeVsQYIgR4G4lrGEthlSimzuk7Prer+rEQ5Bxq5ILs\/fMikCI8QBVSXoESvfaOahZPAGA+Cv+NLWA2pYS5JmnhZtMphpfTXTPEtT2z77nMUabJWcMby2iofqLfickyG436cQuaykI7FjC1cFqRCEF8fnPMlWqQTGU0kGpIIWBPM82hCaArmhSXBVkqx5Awy2zYBmkkgJCmaELpqYNBNi2Y683EIrvWnkY+IuZ3PzIsa2utDwdmIyS5FoBJ5bnZBBiQW8wgnRcIsBHa1MI+7dHxOXYHYUVds0oLd0Am3x6h9x3XeOeFZPYOtqoPZRzLoQKlpXB\/kBOMB1PVoph3XtApLPZcr1WhqpZAw0L\/0ZmZmtLuzqwqMnbZTr5XlfvaOa1Fs9MVyqLw0j4KD2b7Vxaj2XJstt9L7z033dVQYmpaCv5AjECnqh6VpheUfnPyA193o67s1jbJ6ORgWKFyyeEUbwEA1qdNoM2l4wAiMdlWHEg2u0tTf6y5xiOGqawauaZnrAy4OtvcH2kwHFwfY3w9294d728H2jZ73DA1PPFH+O9jTuVfTprAechcvPFM5s0VMFFzSeKoxnb2ZzlKn5xF2tNKlWQGKyoZ0n3\/ZU8MWXQz3Y3dpa7nzdokeRx3Gvp05NGefjHt711FwzwHEPmwRL0DHDCV8cj8LDaV99OWPfPNlfPsGTGMPDFzW2vbXz9XJ\/Zydb46cvaa6zsr912hN2gW+PaloOJLdPObTN8jE2bC0AQ556agSVSWul+ZI6dVpRf2M48y\/W0\/kXa\/5OPrMCFgF5JSC4H3q4hWKXOSwjP0T2E7cKkVKd4ufBtLqYocs23eUjKB5Fv\/78NxwTKC3gL\/dx\/CddKgvwjW5crkecdXZQOTRVaXeGZ8TSzLjPX54DRsAHYUqtVL+tNtf6kvieVhmMY819ZfPeBdkmvbmTUGyk1FAeWdE87eL48Pf7O9vbz3iwXv83Kwfv0crzLeOW953PdzsWSDR8SLlHet1NTRmnhFkHGM9+G4bc8CDY2SC6r9GYcZfnnFO6PW9dww16fRdmKN1NMcsWniHP\/hffa5fvhXe4PbieTjAGTT21F1CWWDjsO54NG9Ihiy6e1+AwBu0Swx4XYZpUOotXNzXxFoNYO51BGi30ZwZv0w+cCk0F5PwTl+iCR1DyEzL2N5Xg5xmj677f6S4Xnyzc8jvc7\/jws4zDE\/4ThgxYHMxnQLUxZ8SwvoZufeRr2WbNVHPhAxhfdbxQRlQ7z3DUjmUBn2nE+guXrSTZlj2Gy03CV6WcKflLBWAw4659m4WSLLM6F4lz40YkrQufF3OkRiNVBkuMId8vvFsrZ5xYkQkbdxWjRf1870I4w9UYADu5jMsk68czRNnj+CpJhSxcbMuHBWlHZOQbGqvtYibrUe2hgjZS0f1BCvKOIqkfXr09+vN3G38V4F3EoDpBUVOYh4kMDvYL8icv1EzA9jeroQgfS2iV0ixufDpxy7vXU4yIG97R5hsDUwO+eU6c+yAWBgFts8o\/mYVXIOD9HLcMjKMrIcaj7\/T0dNgdMcR1aIRtuKANm3nzPI1l14Pdowc7L\/HfzTHJq7svmwe7J9BKez0VcSFiffLX6JoeN8Rxz7qpqyqYRTgbsh16Ro6lEa9dfxP1MvYO30GRo5A\/dTt4Lt52PZ6a2Ln433vefi1Omzzr4yluts8Zwvhh8tX4Xn3wvBn\/v13+kW1v+rtBA4czpwF4i\/nOTW+veRjiWaXHPVbkFZ09Bd31MzaKs9r\/f6U2\/rljSZbZdHtUUWnyTycuzjcOEtrfOOp3g4H6gbmjWraqyVkGyIscNTVQP2kf0AEggIb7w63B4PDf\" \/> \t\t<a href=\"https:\/\/www.pdf24.org\" target=\"_blank\" title=\"www.pdf24.org\" rel=\"nofollow\"><img src=\"https:\/\/citeelegance.net\/wp-content\/plugins\/pdf24-posts-to-pdf\/img\/pdf_32x32.png\" alt=\"\" border=\"0\" height=\"32\" \/><\/a> \t\t<span class=\"pdf24Plugin-cp-space\">&nbsp;&nbsp;<\/span> \t\t<span class=\"pdf24Plugin-cp-text\">Send article as PDF<\/span> \t\t<span class=\"pdf24Plugin-cp-space\">&nbsp;&nbsp;<\/span> \t\t<input class=\"pdf24Plugin-cp-input\" style=\"margin: 0px;\" type=\"text\" name=\"sendEmailTo\" placeholder=\"Enter email address\" \/> \t\t<input class=\"pdf24Plugin-cp-submit\" style=\"margin: 0px;\" type=\"submit\" value=\"Send\" \/> \t<\/form> <\/div>","protected":false},"excerpt":{"rendered":"<p>&nbsp; La Coalition des associations de d\u00e9fense pour le droit au logement (CADDL) a tenu sa promesse en effectuant une marche en direction du premier minist\u00e8re ce jeudi 16 mai 2019 \u00e0 Ouagadougou comme pr\u00e9vu. La coordination des Comit\u00e9s de d\u00e9fense et d\u2019approfondissement des acquis de l\u2019insurrection populaire (CDAIP) de la ville de Ouagadougou, la [&hellip;]<\/p>\n","protected":false},"author":3,"featured_media":2268,"comment_status":"open","ping_status":"open","sticky":false,"template":"","format":"standard","meta":{"footnotes":""},"categories":[2,6,16],"tags":[],"yoast_head":"<!-- This site is optimized with the Yoast SEO plugin v18.1 - https:\/\/yoast.com\/wordpress\/plugins\/seo\/ -->\n<title>Marche-meeting : une coalition d\u2019associations du droit aux logements transmet une plate-forme au 1er minist\u00e8re - CITE ELEGANCE<\/title>\n<meta name=\"robots\" content=\"index, follow, max-snippet:-1, max-image-preview:large, max-video-preview:-1\" \/>\n<link rel=\"canonical\" href=\"https:\/\/citeelegance.net\/?p=2265\" \/>\n<meta property=\"og:locale\" content=\"fr_FR\" \/>\n<meta property=\"og:type\" content=\"article\" \/>\n<meta property=\"og:title\" content=\"Marche-meeting : une coalition d\u2019associations du droit aux logements transmet une plate-forme au 1er minist\u00e8re - CITE ELEGANCE\" \/>\n<meta property=\"og:description\" content=\"&nbsp; La Coalition des associations de d\u00e9fense pour le droit au logement (CADDL) a tenu sa promesse en effectuant une marche en direction du premier minist\u00e8re ce jeudi 16 mai 2019 \u00e0 Ouagadougou comme pr\u00e9vu. La coordination des Comit\u00e9s de d\u00e9fense et d\u2019approfondissement des acquis de l\u2019insurrection populaire (CDAIP) de la ville de Ouagadougou, la [&hellip;]\" \/>\n<meta property=\"og:url\" content=\"https:\/\/citeelegance.net\/?p=2265\" \/>\n<meta property=\"og:site_name\" content=\"CITE ELEGANCE\" \/>\n<meta property=\"article:published_time\" content=\"2019-05-17T12:31:29+00:00\" \/>\n<meta property=\"article:modified_time\" content=\"2019-05-17T15:43:59+00:00\" \/>\n<meta property=\"og:image\" content=\"https:\/\/citeelegance.net\/wp-content\/uploads\/2019\/05\/WhatsApp-Image-2019-05-16-at-17.35.37.jpeg\" \/>\n\t<meta property=\"og:image:width\" content=\"1080\" \/>\n\t<meta property=\"og:image:height\" content=\"854\" \/>\n\t<meta property=\"og:image:type\" content=\"image\/jpeg\" \/>\n<meta name=\"twitter:label1\" content=\"\u00c9crit par\" \/>\n\t<meta name=\"twitter:data1\" content=\"Kader\" \/>\n\t<meta name=\"twitter:label2\" content=\"Dur\u00e9e de lecture estim\u00e9e\" \/>\n\t<meta name=\"twitter:data2\" content=\"3 minutes\" \/>\n<script type=\"application\/ld+json\" class=\"yoast-schema-graph\">{\"@context\":\"https:\/\/schema.org\",\"@graph\":[{\"@type\":\"WebSite\",\"@id\":\"https:\/\/citeelegance.net\/#website\",\"url\":\"https:\/\/citeelegance.net\/\",\"name\":\"CITE ELEGANCE\",\"description\":\"\",\"potentialAction\":[{\"@type\":\"SearchAction\",\"target\":{\"@type\":\"EntryPoint\",\"urlTemplate\":\"https:\/\/citeelegance.net\/?s={search_term_string}\"},\"query-input\":\"required name=search_term_string\"}],\"inLanguage\":\"fr-FR\"},{\"@type\":\"ImageObject\",\"@id\":\"https:\/\/citeelegance.net\/?p=2265#primaryimage\",\"inLanguage\":\"fr-FR\",\"url\":\"https:\/\/citeelegance.net\/wp-content\/uploads\/2019\/05\/WhatsApp-Image-2019-05-16-at-17.35.37.jpeg\",\"contentUrl\":\"https:\/\/citeelegance.net\/wp-content\/uploads\/2019\/05\/WhatsApp-Image-2019-05-16-at-17.35.37.jpeg\",\"width\":1080,\"height\":854},{\"@type\":\"WebPage\",\"@id\":\"https:\/\/citeelegance.net\/?p=2265#webpage\",\"url\":\"https:\/\/citeelegance.net\/?p=2265\",\"name\":\"Marche-meeting : une coalition d\u2019associations du droit aux logements transmet une plate-forme au 1er minist\u00e8re - CITE ELEGANCE\",\"isPartOf\":{\"@id\":\"https:\/\/citeelegance.net\/#website\"},\"primaryImageOfPage\":{\"@id\":\"https:\/\/citeelegance.net\/?p=2265#primaryimage\"},\"datePublished\":\"2019-05-17T12:31:29+00:00\",\"dateModified\":\"2019-05-17T15:43:59+00:00\",\"author\":{\"@id\":\"https:\/\/citeelegance.net\/#\/schema\/person\/e06163d4cd2cfc8a3cfc96dc84443ae4\"},\"breadcrumb\":{\"@id\":\"https:\/\/citeelegance.net\/?p=2265#breadcrumb\"},\"inLanguage\":\"fr-FR\",\"potentialAction\":[{\"@type\":\"ReadAction\",\"target\":[\"https:\/\/citeelegance.net\/?p=2265\"]}]},{\"@type\":\"BreadcrumbList\",\"@id\":\"https:\/\/citeelegance.net\/?p=2265#breadcrumb\",\"itemListElement\":[{\"@type\":\"ListItem\",\"position\":1,\"name\":\"Accueil\",\"item\":\"https:\/\/citeelegance.net\/\"},{\"@type\":\"ListItem\",\"position\":2,\"name\":\"Marche-meeting : une coalition d\u2019associations du droit aux logements transmet une plate-forme au 1er minist\u00e8re\"}]},{\"@type\":\"Person\",\"@id\":\"https:\/\/citeelegance.net\/#\/schema\/person\/e06163d4cd2cfc8a3cfc96dc84443ae4\",\"name\":\"Kader\",\"url\":\"https:\/\/citeelegance.net\/?author=3\"}]}<\/script>\n<!-- \/ Yoast SEO plugin. -->","yoast_head_json":{"title":"Marche-meeting : une coalition d\u2019associations du droit aux logements transmet une plate-forme au 1er minist\u00e8re - CITE ELEGANCE","robots":{"index":"index","follow":"follow","max-snippet":"max-snippet:-1","max-image-preview":"max-image-preview:large","max-video-preview":"max-video-preview:-1"},"canonical":"https:\/\/citeelegance.net\/?p=2265","og_locale":"fr_FR","og_type":"article","og_title":"Marche-meeting : une coalition d\u2019associations du droit aux logements transmet une plate-forme au 1er minist\u00e8re - CITE ELEGANCE","og_description":"&nbsp; La Coalition des associations de d\u00e9fense pour le droit au logement (CADDL) a tenu sa promesse en effectuant une marche en direction du premier minist\u00e8re ce jeudi 16 mai 2019 \u00e0 Ouagadougou comme pr\u00e9vu. La coordination des Comit\u00e9s de d\u00e9fense et d\u2019approfondissement des acquis de l\u2019insurrection populaire (CDAIP) de la ville de Ouagadougou, la [&hellip;]","og_url":"https:\/\/citeelegance.net\/?p=2265","og_site_name":"CITE ELEGANCE","article_published_time":"2019-05-17T12:31:29+00:00","article_modified_time":"2019-05-17T15:43:59+00:00","og_image":[{"width":1080,"height":854,"url":"https:\/\/citeelegance.net\/wp-content\/uploads\/2019\/05\/WhatsApp-Image-2019-05-16-at-17.35.37.jpeg","type":"image\/jpeg"}],"twitter_misc":{"\u00c9crit par":"Kader","Dur\u00e9e de lecture estim\u00e9e":"3 minutes"},"schema":{"@context":"https:\/\/schema.org","@graph":[{"@type":"WebSite","@id":"https:\/\/citeelegance.net\/#website","url":"https:\/\/citeelegance.net\/","name":"CITE ELEGANCE","description":"","potentialAction":[{"@type":"SearchAction","target":{"@type":"EntryPoint","urlTemplate":"https:\/\/citeelegance.net\/?s={search_term_string}"},"query-input":"required name=search_term_string"}],"inLanguage":"fr-FR"},{"@type":"ImageObject","@id":"https:\/\/citeelegance.net\/?p=2265#primaryimage","inLanguage":"fr-FR","url":"https:\/\/citeelegance.net\/wp-content\/uploads\/2019\/05\/WhatsApp-Image-2019-05-16-at-17.35.37.jpeg","contentUrl":"https:\/\/citeelegance.net\/wp-content\/uploads\/2019\/05\/WhatsApp-Image-2019-05-16-at-17.35.37.jpeg","width":1080,"height":854},{"@type":"WebPage","@id":"https:\/\/citeelegance.net\/?p=2265#webpage","url":"https:\/\/citeelegance.net\/?p=2265","name":"Marche-meeting : une coalition d\u2019associations du droit aux logements transmet une plate-forme au 1er minist\u00e8re - CITE ELEGANCE","isPartOf":{"@id":"https:\/\/citeelegance.net\/#website"},"primaryImageOfPage":{"@id":"https:\/\/citeelegance.net\/?p=2265#primaryimage"},"datePublished":"2019-05-17T12:31:29+00:00","dateModified":"2019-05-17T15:43:59+00:00","author":{"@id":"https:\/\/citeelegance.net\/#\/schema\/person\/e06163d4cd2cfc8a3cfc96dc84443ae4"},"breadcrumb":{"@id":"https:\/\/citeelegance.net\/?p=2265#breadcrumb"},"inLanguage":"fr-FR","potentialAction":[{"@type":"ReadAction","target":["https:\/\/citeelegance.net\/?p=2265"]}]},{"@type":"BreadcrumbList","@id":"https:\/\/citeelegance.net\/?p=2265#breadcrumb","itemListElement":[{"@type":"ListItem","position":1,"name":"Accueil","item":"https:\/\/citeelegance.net\/"},{"@type":"ListItem","position":2,"name":"Marche-meeting : une coalition d\u2019associations du droit aux logements transmet une plate-forme au 1er minist\u00e8re"}]},{"@type":"Person","@id":"https:\/\/citeelegance.net\/#\/schema\/person\/e06163d4cd2cfc8a3cfc96dc84443ae4","name":"Kader","url":"https:\/\/citeelegance.net\/?author=3"}]}},"_links":{"self":[{"href":"https:\/\/citeelegance.net\/index.php?rest_route=\/wp\/v2\/posts\/2265"}],"collection":[{"href":"https:\/\/citeelegance.net\/index.php?rest_route=\/wp\/v2\/posts"}],"about":[{"href":"https:\/\/citeelegance.net\/index.php?rest_route=\/wp\/v2\/types\/post"}],"author":[{"embeddable":true,"href":"https:\/\/citeelegance.net\/index.php?rest_route=\/wp\/v2\/users\/3"}],"replies":[{"embeddable":true,"href":"https:\/\/citeelegance.net\/index.php?rest_route=%2Fwp%2Fv2%2Fcomments&post=2265"}],"version-history":[{"count":3,"href":"https:\/\/citeelegance.net\/index.php?rest_route=\/wp\/v2\/posts\/2265\/revisions"}],"predecessor-version":[{"id":2271,"href":"https:\/\/citeelegance.net\/index.php?rest_route=\/wp\/v2\/posts\/2265\/revisions\/2271"}],"wp:featuredmedia":[{"embeddable":true,"href":"https:\/\/citeelegance.net\/index.php?rest_route=\/wp\/v2\/media\/2268"}],"wp:attachment":[{"href":"https:\/\/citeelegance.net\/index.php?rest_route=%2Fwp%2Fv2%2Fmedia&parent=2265"}],"wp:term":[{"taxonomy":"category","embeddable":true,"href":"https:\/\/citeelegance.net\/index.php?rest_route=%2Fwp%2Fv2%2Fcategories&post=2265"},{"taxonomy":"post_tag","embeddable":true,"href":"https:\/\/citeelegance.net\/index.php?rest_route=%2Fwp%2Fv2%2Ftags&post=2265"}],"curies":[{"name":"wp","href":"https:\/\/api.w.org\/{rel}","templated":true}]}}