{"id":2209,"date":"2019-05-07T17:07:14","date_gmt":"2019-05-07T16:07:14","guid":{"rendered":"http:\/\/citeelegance.net\/?p=2209"},"modified":"2019-05-07T17:07:27","modified_gmt":"2019-05-07T16:07:27","slug":"cfop-lopposition-prend-lengagement-pour-que-justice-soit-faite-pour-yirgou","status":"publish","type":"post","link":"https:\/\/citeelegance.net\/?p=2209","title":{"rendered":"CFOP : l\u2019opposition prend l\u2019engagement pour que justice soit faite pour Yirgou"},"content":{"rendered":"<p><strong><em>Le point de presse hebdomadaire de ce mardi 7 mai 2019, organis\u00e9 par l\u2019opposition politique burkinab\u00e8 a \u00e9t\u00e9 anim\u00e9 par le pr\u00e9sident du RDEBF M. Adama S\u00e9r\u00e9 et le pr\u00e9sident du MPF M. Achille Rawa Ou\u00e9draogo. Cette conf\u00e9rence est revenue sur le drame de Yirgou avant de se projeter vers la nouvelle strat\u00e9gie des groupes terroristes, la fronde sociale, la remise \u00e0 plat des r\u00e9mun\u00e9rations et les camions de la mort.<\/em><\/strong><\/p>\n<p>Le Chef de File de l\u2019Opposition Politique (CFOP) du Burkina est revenu sur l\u2019affaire Yirgou qui jusqu\u2019\u00e0 pr\u00e9sent n\u2019a pas encore \u00e9t\u00e9 r\u00e9gl\u00e9e par la justice. L\u2019opposition \u00e9tait constern\u00e9e du fait que des individus puissent narguer l\u2019institution judiciaire. Elle estime qu\u2019il y a un manque de volont\u00e9 politique des autorit\u00e9s pour la r\u00e9solution du drame de Yirgou. Dans cette affaire de Yirgou, le CFOP pense que le MPP et son r\u00e9gime sont en train de montrer leur manque d\u2019engagement dans le combat que les Burkinab\u00e8 doivent mener contre l\u2019ethnicisme. L\u2019opposition politique prend l\u2019engagement devant les Burkinab\u00e8 et devant les parents des victimes du nettoyage ethnique de Yirgou de continuer \u00e0 se battre pour que justice soit rendue.<\/p>\n<p>Sur la nouvelle strat\u00e9gie des groupes terroristes, le CFOP pense que le serpent n\u2019est pas mort, les terroristes veulent semer les graines d\u2019une guerre religieuse, apr\u00e8s avoir essay\u00e9 la strat\u00e9gie de la division ethnique. L\u2019opposition r\u00e9affirme son soutien aux FDS et interpelle le gouvernement sur la n\u00e9cessit\u00e9 d\u2019imaginer une mise en \u0153uvre de strat\u00e9gie plus \u00e9labor\u00e9e dans la lutte contre l\u2019extr\u00e9misme violent.<\/p>\n<p>En marge des gr\u00e8ves r\u00e9p\u00e9t\u00e9es, le CFOP trouve que la tension sociale est mont\u00e9e d\u2019un cran ces derniers temps. Le secteur de la sant\u00e9, de l\u2019\u00e9ducation, de la s\u00e9curit\u00e9, des finances et de la justice ont un pied dans la gr\u00e8ve. Il pense que les autorit\u00e9s doivent travailler pour n\u00e9gocier sinc\u00e8rement avec les structures syndicales.<\/p>\n<p>Sur la question de remise \u00e0 plat des r\u00e9mun\u00e9rations, l\u2019opposition avait relev\u00e9 le fait que la conf\u00e9rence nationale sur la r\u00e9mun\u00e9ration des agents publics n\u2019avait pas pris en compte les observations formul\u00e9es par plusieurs syndicats importants.<\/p>\n<p>Les camions de la mort ou les v\u00e9hicules poids lourds causent de plus en plus de drame \u00e0 Ouagadougou et dans d\u2019autres grandes villes du pays, en raison notamment des violations des textes qui r\u00e9gissent les heures de circulation de ces gros engins. Il ne devrait pas y avoir de camions dans les rues de la capitale entre 5heures et 20 heures. Pour l\u2019opposition, les autorit\u00e9s municipales font preuve de laxisme dans la gestion de cette affaire.<\/p>\n<p><strong>Isma\u00ebl Kiekieta<\/strong><\/p>\n<aside class=\"mashsb-container mashsb-main mashsb-stretched\"><div class=\"mashsb-box\"><div class=\"mashsb-buttons\"><a class=\"mashicon-facebook mash-small mash-center mashsb-noshadow\" href=\"https:\/\/www.facebook.com\/sharer.php?u=https%3A%2F%2Fciteelegance.net%2F%3Fp%3D2209\" target=\"_top\" rel=\"nofollow\"><span class=\"icon\"><\/span><span class=\"text\">Partagez<\/span><\/a><a class=\"mashicon-twitter mash-small mash-center mashsb-noshadow\" href=\"https:\/\/twitter.com\/intent\/tweet?text=&url=https:\/\/citeelegance.net\/?p=2209\" target=\"_top\" rel=\"nofollow\"><span class=\"icon\"><\/span><span class=\"text\">Tweet<\/span><\/a><div class=\"onoffswitch2 mash-small mashsb-noshadow\" style=\"display:none;\"><\/div><\/div>\n            <\/div>\n                <div style=\"clear:both;\"><\/div><\/aside>\n            <!-- Share buttons by mashshare.net - Version: 3.8.0--><div class=\"pdf24Plugin-cp\"> \t<form name=\"pdf24Form0\" method=\"post\" action=\"https:\/\/doc2pdf.pdf24.org\/wordpress.php\" target=\"pdf24PopWin\" onsubmit=\"var pdf24Win = window.open('about:blank', 'pdf24PopWin', 'resizable=yes,scrollbars=yes,width=600,height=250,left='+(screen.width\/2-300)+',top='+(screen.height\/3-125)+''); pdf24Win.focus(); if(typeof pdf24OnCreatePDF === 'function'){void(pdf24OnCreatePDF(this,pdf24Win));}\"> \t\t<input type=\"hidden\" name=\"blogCharset\" value=\"Cw1x07UAAA==\" \/><input type=\"hidden\" name=\"blogPosts\" value=\"MwQA\" \/><input type=\"hidden\" name=\"blogUrl\" value=\"yygpKSi20tdPzixJTc1JTU\/MS07Vy0stAQA=\" \/><input type=\"hidden\" name=\"blogName\" value=\"c\/YMcVVw9XF1d\/RzdgUA\" \/><input type=\"hidden\" name=\"blogValueEncoding\" value=\"gzdeflate base64\" \/><input type=\"hidden\" name=\"postId_0\" value=\"MzIysAQA\" \/><input type=\"hidden\" name=\"postTitle_0\" value=\"JcmxDYAwDATAVX4OWiRaaCkjMJFRsE1i96zBekyCBO1dP4wTOpTnutVMGzurwCrJ+iFJTpkOEodpVJxB2KM5L4Sm7NgSO\/03c80aLw==\" \/><input type=\"hidden\" name=\"postLink_0\" value=\"yygpKSi20tdPzixJTc1JTU\/MS07Vy0st0bcvsDUyMrAEAA==\" \/><input type=\"hidden\" name=\"postAuthor_0\" value=\"805MSS0CAA==\" \/><input type=\"hidden\" name=\"postDateTime_0\" value=\"MzIwtNQ1MNU1MFcwNLcyMLUyNAEA\" \/><input type=\"hidden\" name=\"postContent_0\" value=\"rVbLbhs3FN33K1gBKVpAGrk2ijau5SAvA0ET2IiLAl0V1MzViMkMyfAxtrrqP3TVXZcW+hlCf6Rf0nPJGVlSvGiABo4lc8j7OOfcwzmz52c+OKPr8zNqz1+TsEbpICp8ceQ9iSXNK9PKSipHvFySaKWrlPgWn0ocH339eCyMq6VWfrMWVjrR\/PPbH8Za41VQRiNigy8fIol5dO+VlvPNnZBisw7Yj2PtcIxzbtZeVcQVRPH2xctnF+JNIZ5WspXierPGY0Hh451vrvK+cqkaPHwrb6S4jJt15aSpTSGeUwgo3egFYpBGD+SDcNSRRlk+puTY3KYWf1auNlHITmYkPKcz7yiQEx05LxoptIkdcS6gJ9FIrfioF7Uz0eITe51xygfyY96\/AMYcypRKNpSWHLUKoTd\/CtvIkE6jqTZq1CgZOZ979aKUbfoTAXCuNS4UZ1PQdTYduJva88\/OLPP3fEkL3nihmtQMk3F5T8bVlowvn19cXn3F6D3LtOxgkiHBSblYJOJ7SD5EJd5F\/yHiEdfNJDAFmreCRFSsS4P9mVw8rpvNmjK9ko8GVVIhXu8rBLulCswP8HKaT6CsBa9xpYyM0pXqVBW9sFH5nFS6OlKuU+GkCjFFexcrBZRRdiFeMkXoS4HZVLVqxAriixrq1Tm46ExjNNd7r1ROKWMAg1hHThNTA9yvaXIaVHigmEK8kGCpTGIbkNs+HbPGGHNhSXtKnWHlzdUV0+wRkeHiQvE9AEgBZSnNAVosOO6UUMZQN5ohXcua2jQEnLlhjbdzGfrgfqCWJ64yquOd2I5QZQqZsKOw1ADMtx8Tcw8I3EBXeftOUkojcpCI9h6Aemz1CdFOlcyEZ+w0UDIrRBIpf09Fr7MqDWtQmvmF0AAXuuKCExO8udcSwFKsWl1FKoYxuM5sfdqMPkSOJ2cHffN0sMJ5\/MaptZ3z8IXY8E4PZFx6WjN73CvORk2CtYoGHDUKhUQPE5AYoDsIrTPKQaVeriBCFL5XLy+w9j0TMmD1EVPQDhSnXJYP\/kOkkJCMt+LixTVzAlvnbhgP\/NSMjdOZR9\/jtVmXqIIln6pWrawVi4XLT16FiH\/\/Hrss650qbYPB3KwbOTcuTW9SoxQYley7W63dBvY4FhvUYBiyLWsveSZdPXC0ueuyI9pkJrscwfRQfSZJggadsOm9NdlYmwaaevBF6SR+MRnoWbGFB2qtB4rMcRl4rjLSXvLB8eCcuEJimcx4PGwASDHZwjgVuoDqNYdOst9xOcFTjNxWUbUFJLdViFfNntD2zGYYVMDbSb7PXFY96KnRIv70SpebO5fJkx2VKQT4iGWIjr+uYJclwPCHM4F8PtsX\/YcLaHx4l3NFPG4NdSxVujdpxN69X3UKwHT4rXXuRM4GWydnsHHeqNLnSyTF5zGzGCzWGwzNhoyRmWMeu\/5qXBjXRr5cksUkBWKq3LZ3BFatxayC0HsUXj94mwpYDidAT0tVxmRbRlVgDLhXfCJ66t+KWOkoK31Ww0sDILyMspaViWxf1Psxqw\/EuuwGOltg02QDtHIFfBEKPsEjq02QbW+rPg1H32mVrOaWXYbv33RL5BuQIy0pMc6OqRxqH+BNcofTcbWYYp80p3m4OjdgvOqth3cPoOR7BEqINEBUSqtCmqw0x9\/0KdHl8VGfv8CLRTx88xsfKhsCwEVjWZfgDw3gVuFBTmlukylsB+Vepnv36ZbJ4bX1lW\/l5q9G\/KDovaIgD96JJL8kirKR3s9GrfRLP5+wH8lkbP1Cy\/ds\/x2nKZRLqkbnZ7Ddg6Nzc\/vwOowO8OGZ3H2ikGqykCXNjXmfMkxQbtPkryWxJQ+JtfFLCOhmJJaOFrPRMgTrT6fTm5ubYghRYBqm2IaXgcIu7ZM4S7senTx9dHyBn1IFwmzW7EgFblhePbmwj05eHB8fPR6JwP4aZqNfgrEjHuPZSJuFaRqkBaKWXTJXz5WP+AUTa\/tPWIqj8yuJyarp12HHVD7UerhRYWjx0zvvT6em+fbSAUtE4QmXMPsiumY2bD1sfPrEzv7vln\/k3Lv97sjAIObCo95yeXzY7V6HPqwamo0q5eG5q1NtNH3PSRGr\/\/2Z2Pn3wFJa5tR9qLIh6U7nJix3AiXZH4T6fDIR16wd0atVzFe5QF5k1MRE\/ITLEXN3Kk6K74qjyeT8Xw==\" \/> \t\t<a href=\"https:\/\/www.pdf24.org\" target=\"_blank\" title=\"www.pdf24.org\" rel=\"nofollow\"><img src=\"https:\/\/citeelegance.net\/wp-content\/plugins\/pdf24-posts-to-pdf\/img\/pdf_32x32.png\" alt=\"\" border=\"0\" height=\"32\" \/><\/a> \t\t<span class=\"pdf24Plugin-cp-space\">&nbsp;&nbsp;<\/span> \t\t<span class=\"pdf24Plugin-cp-text\">Send article as PDF<\/span> \t\t<span class=\"pdf24Plugin-cp-space\">&nbsp;&nbsp;<\/span> \t\t<input class=\"pdf24Plugin-cp-input\" style=\"margin: 0px;\" type=\"text\" name=\"sendEmailTo\" placeholder=\"Enter email address\" \/> \t\t<input class=\"pdf24Plugin-cp-submit\" style=\"margin: 0px;\" type=\"submit\" value=\"Send\" \/> \t<\/form> <\/div>","protected":false},"excerpt":{"rendered":"<p>Le point de presse hebdomadaire de ce mardi 7 mai 2019, organis\u00e9 par l\u2019opposition politique burkinab\u00e8 a \u00e9t\u00e9 anim\u00e9 par le pr\u00e9sident du RDEBF M. Adama S\u00e9r\u00e9 et le pr\u00e9sident du MPF M. Achille Rawa Ou\u00e9draogo. Cette conf\u00e9rence est revenue sur le drame de Yirgou avant de se projeter vers la nouvelle strat\u00e9gie des groupes [&hellip;]<\/p>\n","protected":false},"author":3,"featured_media":2211,"comment_status":"open","ping_status":"open","sticky":false,"template":"","format":"standard","meta":{"footnotes":""},"categories":[2,16],"tags":[],"yoast_head":"<!-- This site is optimized with the Yoast SEO plugin v18.1 - https:\/\/yoast.com\/wordpress\/plugins\/seo\/ -->\n<title>CFOP : l\u2019opposition prend l\u2019engagement pour que justice soit faite pour Yirgou - CITE ELEGANCE<\/title>\n<meta name=\"robots\" content=\"index, follow, max-snippet:-1, max-image-preview:large, max-video-preview:-1\" \/>\n<link rel=\"canonical\" href=\"https:\/\/citeelegance.net\/?p=2209\" \/>\n<meta property=\"og:locale\" content=\"fr_FR\" \/>\n<meta property=\"og:type\" content=\"article\" \/>\n<meta property=\"og:title\" content=\"CFOP : l\u2019opposition prend l\u2019engagement pour que justice soit faite pour Yirgou - CITE ELEGANCE\" \/>\n<meta property=\"og:description\" content=\"Le point de presse hebdomadaire de ce mardi 7 mai 2019, organis\u00e9 par l\u2019opposition politique burkinab\u00e8 a \u00e9t\u00e9 anim\u00e9 par le pr\u00e9sident du RDEBF M. Adama S\u00e9r\u00e9 et le pr\u00e9sident du MPF M. Achille Rawa Ou\u00e9draogo. Cette conf\u00e9rence est revenue sur le drame de Yirgou avant de se projeter vers la nouvelle strat\u00e9gie des groupes [&hellip;]\" \/>\n<meta property=\"og:url\" content=\"https:\/\/citeelegance.net\/?p=2209\" \/>\n<meta property=\"og:site_name\" content=\"CITE ELEGANCE\" \/>\n<meta property=\"article:published_time\" content=\"2019-05-07T16:07:14+00:00\" \/>\n<meta property=\"article:modified_time\" content=\"2019-05-07T16:07:27+00:00\" \/>\n<meta property=\"og:image\" content=\"https:\/\/citeelegance.net\/wp-content\/uploads\/2019\/05\/IIII.jpg\" \/>\n\t<meta property=\"og:image:width\" content=\"789\" \/>\n\t<meta property=\"og:image:height\" content=\"444\" \/>\n\t<meta property=\"og:image:type\" content=\"image\/jpeg\" \/>\n<meta name=\"twitter:label1\" content=\"\u00c9crit par\" \/>\n\t<meta name=\"twitter:data1\" content=\"Kader\" \/>\n\t<meta name=\"twitter:label2\" content=\"Dur\u00e9e de lecture estim\u00e9e\" \/>\n\t<meta name=\"twitter:data2\" content=\"2 minutes\" \/>\n<script type=\"application\/ld+json\" class=\"yoast-schema-graph\">{\"@context\":\"https:\/\/schema.org\",\"@graph\":[{\"@type\":\"WebSite\",\"@id\":\"https:\/\/citeelegance.net\/#website\",\"url\":\"https:\/\/citeelegance.net\/\",\"name\":\"CITE ELEGANCE\",\"description\":\"\",\"potentialAction\":[{\"@type\":\"SearchAction\",\"target\":{\"@type\":\"EntryPoint\",\"urlTemplate\":\"https:\/\/citeelegance.net\/?s={search_term_string}\"},\"query-input\":\"required name=search_term_string\"}],\"inLanguage\":\"fr-FR\"},{\"@type\":\"ImageObject\",\"@id\":\"https:\/\/citeelegance.net\/?p=2209#primaryimage\",\"inLanguage\":\"fr-FR\",\"url\":\"https:\/\/citeelegance.net\/wp-content\/uploads\/2019\/05\/IIII.jpg\",\"contentUrl\":\"https:\/\/citeelegance.net\/wp-content\/uploads\/2019\/05\/IIII.jpg\",\"width\":789,\"height\":444},{\"@type\":\"WebPage\",\"@id\":\"https:\/\/citeelegance.net\/?p=2209#webpage\",\"url\":\"https:\/\/citeelegance.net\/?p=2209\",\"name\":\"CFOP : l\u2019opposition prend l\u2019engagement pour que justice soit faite pour Yirgou - CITE ELEGANCE\",\"isPartOf\":{\"@id\":\"https:\/\/citeelegance.net\/#website\"},\"primaryImageOfPage\":{\"@id\":\"https:\/\/citeelegance.net\/?p=2209#primaryimage\"},\"datePublished\":\"2019-05-07T16:07:14+00:00\",\"dateModified\":\"2019-05-07T16:07:27+00:00\",\"author\":{\"@id\":\"https:\/\/citeelegance.net\/#\/schema\/person\/e06163d4cd2cfc8a3cfc96dc84443ae4\"},\"breadcrumb\":{\"@id\":\"https:\/\/citeelegance.net\/?p=2209#breadcrumb\"},\"inLanguage\":\"fr-FR\",\"potentialAction\":[{\"@type\":\"ReadAction\",\"target\":[\"https:\/\/citeelegance.net\/?p=2209\"]}]},{\"@type\":\"BreadcrumbList\",\"@id\":\"https:\/\/citeelegance.net\/?p=2209#breadcrumb\",\"itemListElement\":[{\"@type\":\"ListItem\",\"position\":1,\"name\":\"Accueil\",\"item\":\"https:\/\/citeelegance.net\/\"},{\"@type\":\"ListItem\",\"position\":2,\"name\":\"CFOP : l\u2019opposition prend l\u2019engagement pour que justice soit faite pour Yirgou\"}]},{\"@type\":\"Person\",\"@id\":\"https:\/\/citeelegance.net\/#\/schema\/person\/e06163d4cd2cfc8a3cfc96dc84443ae4\",\"name\":\"Kader\",\"url\":\"https:\/\/citeelegance.net\/?author=3\"}]}<\/script>\n<!-- \/ Yoast SEO plugin. -->","yoast_head_json":{"title":"CFOP : l\u2019opposition prend l\u2019engagement pour que justice soit faite pour Yirgou - CITE ELEGANCE","robots":{"index":"index","follow":"follow","max-snippet":"max-snippet:-1","max-image-preview":"max-image-preview:large","max-video-preview":"max-video-preview:-1"},"canonical":"https:\/\/citeelegance.net\/?p=2209","og_locale":"fr_FR","og_type":"article","og_title":"CFOP : l\u2019opposition prend l\u2019engagement pour que justice soit faite pour Yirgou - CITE ELEGANCE","og_description":"Le point de presse hebdomadaire de ce mardi 7 mai 2019, organis\u00e9 par l\u2019opposition politique burkinab\u00e8 a \u00e9t\u00e9 anim\u00e9 par le pr\u00e9sident du RDEBF M. Adama S\u00e9r\u00e9 et le pr\u00e9sident du MPF M. Achille Rawa Ou\u00e9draogo. Cette conf\u00e9rence est revenue sur le drame de Yirgou avant de se projeter vers la nouvelle strat\u00e9gie des groupes [&hellip;]","og_url":"https:\/\/citeelegance.net\/?p=2209","og_site_name":"CITE ELEGANCE","article_published_time":"2019-05-07T16:07:14+00:00","article_modified_time":"2019-05-07T16:07:27+00:00","og_image":[{"width":789,"height":444,"url":"https:\/\/citeelegance.net\/wp-content\/uploads\/2019\/05\/IIII.jpg","type":"image\/jpeg"}],"twitter_misc":{"\u00c9crit par":"Kader","Dur\u00e9e de lecture estim\u00e9e":"2 minutes"},"schema":{"@context":"https:\/\/schema.org","@graph":[{"@type":"WebSite","@id":"https:\/\/citeelegance.net\/#website","url":"https:\/\/citeelegance.net\/","name":"CITE ELEGANCE","description":"","potentialAction":[{"@type":"SearchAction","target":{"@type":"EntryPoint","urlTemplate":"https:\/\/citeelegance.net\/?s={search_term_string}"},"query-input":"required name=search_term_string"}],"inLanguage":"fr-FR"},{"@type":"ImageObject","@id":"https:\/\/citeelegance.net\/?p=2209#primaryimage","inLanguage":"fr-FR","url":"https:\/\/citeelegance.net\/wp-content\/uploads\/2019\/05\/IIII.jpg","contentUrl":"https:\/\/citeelegance.net\/wp-content\/uploads\/2019\/05\/IIII.jpg","width":789,"height":444},{"@type":"WebPage","@id":"https:\/\/citeelegance.net\/?p=2209#webpage","url":"https:\/\/citeelegance.net\/?p=2209","name":"CFOP : l\u2019opposition prend l\u2019engagement pour que justice soit faite pour Yirgou - CITE ELEGANCE","isPartOf":{"@id":"https:\/\/citeelegance.net\/#website"},"primaryImageOfPage":{"@id":"https:\/\/citeelegance.net\/?p=2209#primaryimage"},"datePublished":"2019-05-07T16:07:14+00:00","dateModified":"2019-05-07T16:07:27+00:00","author":{"@id":"https:\/\/citeelegance.net\/#\/schema\/person\/e06163d4cd2cfc8a3cfc96dc84443ae4"},"breadcrumb":{"@id":"https:\/\/citeelegance.net\/?p=2209#breadcrumb"},"inLanguage":"fr-FR","potentialAction":[{"@type":"ReadAction","target":["https:\/\/citeelegance.net\/?p=2209"]}]},{"@type":"BreadcrumbList","@id":"https:\/\/citeelegance.net\/?p=2209#breadcrumb","itemListElement":[{"@type":"ListItem","position":1,"name":"Accueil","item":"https:\/\/citeelegance.net\/"},{"@type":"ListItem","position":2,"name":"CFOP : l\u2019opposition prend l\u2019engagement pour que justice soit faite pour Yirgou"}]},{"@type":"Person","@id":"https:\/\/citeelegance.net\/#\/schema\/person\/e06163d4cd2cfc8a3cfc96dc84443ae4","name":"Kader","url":"https:\/\/citeelegance.net\/?author=3"}]}},"_links":{"self":[{"href":"https:\/\/citeelegance.net\/index.php?rest_route=\/wp\/v2\/posts\/2209"}],"collection":[{"href":"https:\/\/citeelegance.net\/index.php?rest_route=\/wp\/v2\/posts"}],"about":[{"href":"https:\/\/citeelegance.net\/index.php?rest_route=\/wp\/v2\/types\/post"}],"author":[{"embeddable":true,"href":"https:\/\/citeelegance.net\/index.php?rest_route=\/wp\/v2\/users\/3"}],"replies":[{"embeddable":true,"href":"https:\/\/citeelegance.net\/index.php?rest_route=%2Fwp%2Fv2%2Fcomments&post=2209"}],"version-history":[{"count":1,"href":"https:\/\/citeelegance.net\/index.php?rest_route=\/wp\/v2\/posts\/2209\/revisions"}],"predecessor-version":[{"id":2212,"href":"https:\/\/citeelegance.net\/index.php?rest_route=\/wp\/v2\/posts\/2209\/revisions\/2212"}],"wp:featuredmedia":[{"embeddable":true,"href":"https:\/\/citeelegance.net\/index.php?rest_route=\/wp\/v2\/media\/2211"}],"wp:attachment":[{"href":"https:\/\/citeelegance.net\/index.php?rest_route=%2Fwp%2Fv2%2Fmedia&parent=2209"}],"wp:term":[{"taxonomy":"category","embeddable":true,"href":"https:\/\/citeelegance.net\/index.php?rest_route=%2Fwp%2Fv2%2Fcategories&post=2209"},{"taxonomy":"post_tag","embeddable":true,"href":"https:\/\/citeelegance.net\/index.php?rest_route=%2Fwp%2Fv2%2Ftags&post=2209"}],"curies":[{"name":"wp","href":"https:\/\/api.w.org\/{rel}","templated":true}]}}