{"id":2052,"date":"2019-04-15T14:51:06","date_gmt":"2019-04-15T13:51:06","guid":{"rendered":"http:\/\/citeelegance.net\/?p=2052"},"modified":"2019-04-15T15:01:05","modified_gmt":"2019-04-15T14:01:05","slug":"arts-et-culture-humanima-est-le-nouveau-concept-de-lartiste-plasticien-wilfrid-de-paul","status":"publish","type":"post","link":"https:\/\/citeelegance.net\/?p=2052","title":{"rendered":"Arts et Culture: \u00ab Humanima \u00bb est le nouveau concept de l\u2019artiste plasticien Wilfrid de Paul"},"content":{"rendered":"<p><strong>Le vendredi 12 avril 2019, l\u2019artiste burkinab\u00e8 Wilfrid de Paul a fait une \u00a0exposition de portraits \u00e0 Ouagadougou. Cette exposition rentre dans le cadre de l\u2019appel \u00e0 projet d\u2019exposition de Kunstraum 226 pour les artistes plasticiens pour la suite de l\u2019ann\u00e9e 2019. <\/strong><\/p>\n<p>Depuis un moment, l\u2019artiste burkinab\u00e8 Wilfrid de Paul s\u2019est mis sur une s\u00e9rie de peinture de portraits d\u00e9nomm\u00e9e\u00a0\u00ab\u00a0Humanima\u00a0\u00bb. Ce concept \u00ab\u00a0humanima\u00a0\u00bb renvoie \u00e0 une repr\u00e9sentation de l\u2019\u00eatre humain en mati\u00e8re de peinture tant bien sur le plan physique que spirituel. C\u2019est en ce sens qu\u2019il ressort de ses portraits un c\u00f4t\u00e9 humain et un cot\u00e9 animal qui repr\u00e9sentent une personnification de l\u2019\u00e2me. Dans sa s\u00e9rie, l\u2019artiste pr\u00e9sente des portraits abstraits en peinture et dessin, issus de son histoire personnelle, des autoportraits, des portraits de personnages africains, piliers de la soci\u00e9t\u00e9 mais aussi des portraits de personnages fictifs. L\u2019artiste tire son imagination de son quotidien. Ces tableaux racontent des histoires que l\u2019artiste a v\u00e9cues depuis son enfance jusqu\u2019aujourd\u2019hui.<\/p>\n<p>Au cours de la visite des portraits, l\u2019artiste a expliqu\u00e9 au public, la signification de chaque tableau peint. En t\u00e9moigne : le portrait Guienga Talato qui raconte l\u2019histoire d\u2019une folle qui a r\u00e9ellement exist\u00e9 au march\u00e9 de Gounghin depuis que l\u2019artiste \u00e9tait enfant. Selon lui elle est rest\u00e9e dans son esprit parce qu\u2019elle \u00e9tait douce, gentille et s\u2019entendait avec tout le monde. Il a d\u00e9cid\u00e9 de peindre cette folle parce qu\u2019il a une fois dans son enfance voulu que cette folle soit sa m\u00e8re.<\/p>\n<p>Balthazar qui est un alter \u00e9go de l\u2019artiste. C\u2019est un personnage cr\u00e9\u00e9 par l\u2019artiste. <em>\u00ab\u00a0Il me permet de ne pas s\u2019attarder sur mon orgueil\u00a0 pour trouver des r\u00e9solutions mais \u00eatre vraiment raisonnable pour aboutir \u00e0 de bonnes fins lorsque je me\u00a0 trouve dans une certaine situation difficile de la vie\u00a0\u00bb<\/em>, dit Wilfrid.<\/p>\n<p>Ces portraits r\u00e9v\u00e8lent l\u2019animal de chacun, son essence profonde \u00a0selon l\u2019artiste. Les personnages s\u2019incarnent alors dans la toile, s\u2019effacent, r\u00e9apparaissent en partie, forment des \u00eatres polymorphes n\u00e9s de ses \u00e9motions.<\/p>\n<p>Les visiteurs ont appr\u00e9ci\u00e9 ses \u0153uvres d\u2019arts. Un de ses amis, Konkobo Mamadou Armel, raconte: <em>\u00ab\u00a0les \u0153uvres de Wilfrid sont magnifiques et super-belles parce que qu\u2019elles laissent r\u00e9fl\u00e9chir sur beaucoup de choses et ma pr\u00e9f\u00e9rence est balthazar\u00a0\u00bb<\/em>. \u00a0Une autre du nom de Catherine Liziard dit\u00a0:\u00a0<em>\u00ab\u00a0j\u2019ai une r\u00e9f\u00e9rence pour chaque \u0153uvre peinte en noir et blanc. Aujourd\u2019hui encore il peint et je lui souhaite bon courage pour la suite\u00a0\u00bb<\/em>.<\/p>\n<p>Wilfrid de Paul n\u00e9 Wilfrid Wendlamita Ou\u00e9draogo, artiste polyvalent et autodidacte, conjugue depuis plusieurs ann\u00e9es les arts plastiques et la musique. Apr\u00e8s avoir travaill\u00e9 deux univers picturaux instincts, l\u2019un pour les toiles l\u2019autre pour le dessin et les fresques, la fronti\u00e8re entre les deux devient aujourd\u2019hui perm\u00e9able. Il a nomm\u00e9 cette mutation\u00a0<em>\u00ab\u00a0scarigraphisme\u00a0\u00bb.<\/em><\/p>\n<p>Assata SINARE<\/p>\n<p>&nbsp;<\/p>\n<p>&nbsp;<\/p>\n<aside class=\"mashsb-container mashsb-main mashsb-stretched\"><div class=\"mashsb-box\"><div class=\"mashsb-buttons\"><a class=\"mashicon-facebook mash-small mash-center mashsb-noshadow\" href=\"https:\/\/www.facebook.com\/sharer.php?u=https%3A%2F%2Fciteelegance.net%2F%3Fp%3D2052\" target=\"_top\" rel=\"nofollow\"><span class=\"icon\"><\/span><span class=\"text\">Partagez<\/span><\/a><a class=\"mashicon-twitter mash-small mash-center mashsb-noshadow\" href=\"https:\/\/twitter.com\/intent\/tweet?text=&url=https:\/\/citeelegance.net\/?p=2052\" target=\"_top\" rel=\"nofollow\"><span class=\"icon\"><\/span><span class=\"text\">Tweet<\/span><\/a><div class=\"onoffswitch2 mash-small mashsb-noshadow\" style=\"display:none;\"><\/div><\/div>\n            <\/div>\n                <div style=\"clear:both;\"><\/div><\/aside>\n            <!-- Share buttons by mashshare.net - Version: 3.8.0--><div class=\"pdf24Plugin-cp\"> \t<form name=\"pdf24Form0\" method=\"post\" action=\"https:\/\/doc2pdf.pdf24.org\/wordpress.php\" target=\"pdf24PopWin\" onsubmit=\"var pdf24Win = window.open('about:blank', 'pdf24PopWin', 'resizable=yes,scrollbars=yes,width=600,height=250,left='+(screen.width\/2-300)+',top='+(screen.height\/3-125)+''); pdf24Win.focus(); if(typeof pdf24OnCreatePDF === 'function'){void(pdf24OnCreatePDF(this,pdf24Win));}\"> \t\t<input type=\"hidden\" name=\"blogCharset\" value=\"Cw1x07UAAA==\" \/><input type=\"hidden\" name=\"blogPosts\" value=\"MwQA\" \/><input type=\"hidden\" name=\"blogUrl\" value=\"yygpKSi20tdPzixJTc1JTU\/MS07Vy0stAQA=\" \/><input type=\"hidden\" name=\"blogName\" value=\"c\/YMcVVw9XF1d\/RzdgUA\" \/><input type=\"hidden\" name=\"blogValueEncoding\" value=\"gzdeflate base64\" \/><input type=\"hidden\" name=\"postId_0\" value=\"MzIwNQIA\" \/><input type=\"hidden\" name=\"postTitle_0\" value=\"FcqxDYAwDATAVX4OOkRDSUdthUeyZAJKbGrWYAZGoGMUJkFcfW3xCjq6MI\/CBs+FPhbJugieG6wOI\/IaOyWQ1py4OSbC3uOU4lqd2Eyqa1JmjGpz0ekfg4R9\" \/><input type=\"hidden\" name=\"postLink_0\" value=\"yygpKSi20tdPzixJTc1JTU\/MS07Vy0st0bcvsDUyMDUCAA==\" \/><input type=\"hidden\" name=\"postAuthor_0\" value=\"805MSS0CAA==\" \/><input type=\"hidden\" name=\"postDateTime_0\" value=\"MzIwtNQ1MNE1NFUwNLEyACIzAA==\" \/><input type=\"hidden\" name=\"postContent_0\" value=\"rVfLbhtHFt3nK+4QcFYiacuYIFFEGRo7L9iTGHESL4Pq7iK75Oqqcj0oy6v5h1nNTsjKSrbZZSciP5IvyblV3a0mYQQzwBiyTFZX38e55557ferOTkP01mzOnknaStN42Sh6cExi65Wm4\/sPPjki\/ce\/\/iN8VCFKqpJ\/pYyodu\/opdJrrxpqJD0XSZOgtVCRkpF0ey3fOBtUVNbwc2d99HgYaHdN3ySxEY1NG5sW9FhGWJ3c9tJEL6kRJpCWVIuGv8kShHNSswnn7YWM1OBs39HTZJCPSB0dH38Et8nDSKA++kBOixBVrSSsl6eCQlLxzoUxuxuZE1\/Q6bIH53Tpzj44dWdPpEsqIEXqbIdA\/2tsAkcaInV4O8AtgxR2N15lx04qE1PJ8w6qZndjbNchnNvr219ur79MnTCqE\/j2GwNHtTW1dJH4YTt5yBhuLUwDKXbkpfO7m4B4xYATh737mYHmF5UhiZTwdPfO70cUhYlUAa8cNgoCBA259iqo10kS\/w1OeRWT1AiqTxPXazxglF8nnIFKXoaA1Nh44EKMaQLMevdr3N2MocR8Zvko56RhRE2ywE\/Oy0kfrDFqrer9xH7q5IKeMIOC6GHer9RoCa9MYxFV6D8hgxEDZhqiV+aIVAgp5BzgroUtq\/wYiNQaftiiSNGOVo8OnDTjC2LDd0GUGnnjnlNa4UnOA4HbWu1uGAXAwjYRwl+bAhBRrcOCnk1yjRwhhwskN6DngBQfvU42qgbVZT4FFLvSUqQ35AW4lXFmf0OeIZd7iqOg7e6mTpIjyZ3BRqVZCxCTLlLIxRfpAp3GvdomtRha6TyhxGlMdquCOizH0YEvtLoG65gWiVyqtKqPMlBqs0+CuhUcaZ9OKeSCPjMEMDuL25JOMpd7T\/RFAgYbQd8JLaItdCsQ5BDGQnMSzLy1RanzNUGgEhee5QAR4maJrxO+bvER4Xxhk9m0ygwgHaKIInMQGTfE+UJqpKFhnO0S9xOwjyxLWRUzxsGh58jBiSwtlu\/2liCuNZi4QUgqm4hFgLikDV8QW1lTtCkyCp01DfrlK1ZwaE6tmhI2w8biW2eJLilPHCq+X8BATneR9dXf2qRTTnX6frDwjqbsWGhGLvxD6NiKt8JnSDlhCADOpEdGGztqc8HrTmaSmdCfalQCkSPE\/dunsjtjiUSCXe6XLjc0sYKIkJERMQrfwB2LHPAg6zdJKn17XaYEpkDa4jHTk6XD6sRcC6Uzi5BuwaRMAvybQ6oyw\/C2qIC08izHcFuxUnCv8oCzPjBEF6gCVL73U8BkaGvpUVCeFRDYnt5qDaorLcfG4fHw2+kSWUJpAG8\/e0Z0H+9JBsLf7t5pDrTMuyywpWnqBIkr9II61qyTds3swEAPhZVTYJ+x4Yn8MJLK1MIbti44uX6OC5BNsThmGq7Xos7DE7FgpAsGLOT2MVy9yGq9tr4b9Cfjyznoq8561+IzhnQYRgn3dK7GmDEHVgSFBcZyMI4ln\/U0v\/L7v9OWTTYlHSjm92YwJzCjj+ipNa9sZemfouNdhc4Rjj4aVOFkJJWeWpPj3A\/sFHrLuvSa9ZFbMAGsecWNGsZGmnQv49QDgVjXGvG2qlCygoxBLV2pkw3FYCfyIFtjwOVqcUtUQyuNpFigeN+DQphJrGCJsFSwnccittIzuZ6ptwr0Z\/LcXp\/cXg+5XTA6qqwQEzeZ073EltSLwkqun4FOcmwV1oR6QedT7cfz2uI2lCO\/wPfAfFa6YFMreACgO\/Jc4IbeW9Du8hmqfLhjgRMj\/i8hdBqVjALr5u6m8cJu7BGN8x9U2orcBIiBp3WjGlFHEA\/1vUho\/kGsnU5BZR6V1TAMC+WwTA7lRaBdylsR0kZd3uHWltFA420FdDirKoZrMmrLU95hWiNRnEAKIhpnmHgsa8PmmvsmlL7LBeyf9BtJdsxqAv5xIHkerrGz9qtcWaZ1JiccNRJywe2wVxaWRHQi9KqfAmXt7IW7S2VtvONFQIurjRcOc7HLhVnkyoyjPQQB4F989fX5t58Nhx+aKrhP3\/dNBMW0BphhNetEaEM15y5j4YMal4O8GfafsaPJWLeymZ2dNmp78Gpl37z\/PMUIkcAzMX2i4GrOglRZ+yp7mAcooi4fWafugjA2tFCDyxm1Xq5XszZGF06Wy8vLy8VgYlHbbolrXvqFa92jtMq37j08v3f8OX5qcFlqueEhuTAy8unDz929h0+O7\/\/9eIalxW9kXM1+xAY5w+DXq5mxPDzhFv9Zc9i+++g5chwt+Wz\/SZRv4uzsOUiKNno73FiK96UeL1UcUvzfM+\/fzkmrvDHiSMr4iENYfZi8Xg1XDxNfPnKr\/3fK37Hvab4TGljYXAfEW7fHh9nuZRjilZarWaMCGvzqxFgjP2WnsNX\/\/oAmf95zlI\/ZdW+qxhrqTyob24mhTPsDU3+bz+kFc4d6tlJ1VQLkQ0aN5vQDxAP9eEIPFx8v7s\/nZ38C\" \/> \t\t<a href=\"https:\/\/www.pdf24.org\" target=\"_blank\" title=\"www.pdf24.org\" rel=\"nofollow\"><img src=\"https:\/\/citeelegance.net\/wp-content\/plugins\/pdf24-posts-to-pdf\/img\/pdf_32x32.png\" alt=\"\" border=\"0\" height=\"32\" \/><\/a> \t\t<span class=\"pdf24Plugin-cp-space\">&nbsp;&nbsp;<\/span> \t\t<span class=\"pdf24Plugin-cp-text\">Send article as PDF<\/span> \t\t<span class=\"pdf24Plugin-cp-space\">&nbsp;&nbsp;<\/span> \t\t<input class=\"pdf24Plugin-cp-input\" style=\"margin: 0px;\" type=\"text\" name=\"sendEmailTo\" placeholder=\"Enter email address\" \/> \t\t<input class=\"pdf24Plugin-cp-submit\" style=\"margin: 0px;\" type=\"submit\" value=\"Send\" \/> \t<\/form> <\/div>","protected":false},"excerpt":{"rendered":"<p>Le vendredi 12 avril 2019, l\u2019artiste burkinab\u00e8 Wilfrid de Paul a fait une \u00a0exposition de portraits \u00e0 Ouagadougou. Cette exposition rentre dans le cadre de l\u2019appel \u00e0 projet d\u2019exposition de Kunstraum 226 pour les artistes plasticiens pour la suite de l\u2019ann\u00e9e 2019. Depuis un moment, l\u2019artiste burkinab\u00e8 Wilfrid de Paul s\u2019est mis sur une s\u00e9rie [&hellip;]<\/p>\n","protected":false},"author":3,"featured_media":2057,"comment_status":"open","ping_status":"open","sticky":false,"template":"","format":"standard","meta":{"footnotes":""},"categories":[2,7,13],"tags":[],"yoast_head":"<!-- This site is optimized with the Yoast SEO plugin v18.1 - https:\/\/yoast.com\/wordpress\/plugins\/seo\/ -->\n<title>Arts et Culture: \u00ab Humanima \u00bb est le nouveau concept de l\u2019artiste plasticien Wilfrid de Paul - CITE ELEGANCE<\/title>\n<meta name=\"robots\" content=\"index, follow, max-snippet:-1, max-image-preview:large, max-video-preview:-1\" \/>\n<link rel=\"canonical\" href=\"https:\/\/citeelegance.net\/?p=2052\" \/>\n<meta property=\"og:locale\" content=\"fr_FR\" \/>\n<meta property=\"og:type\" content=\"article\" \/>\n<meta property=\"og:title\" content=\"Arts et Culture: \u00ab Humanima \u00bb est le nouveau concept de l\u2019artiste plasticien Wilfrid de Paul - CITE ELEGANCE\" \/>\n<meta property=\"og:description\" content=\"Le vendredi 12 avril 2019, l\u2019artiste burkinab\u00e8 Wilfrid de Paul a fait une \u00a0exposition de portraits \u00e0 Ouagadougou. Cette exposition rentre dans le cadre de l\u2019appel \u00e0 projet d\u2019exposition de Kunstraum 226 pour les artistes plasticiens pour la suite de l\u2019ann\u00e9e 2019. Depuis un moment, l\u2019artiste burkinab\u00e8 Wilfrid de Paul s\u2019est mis sur une s\u00e9rie [&hellip;]\" \/>\n<meta property=\"og:url\" content=\"https:\/\/citeelegance.net\/?p=2052\" \/>\n<meta property=\"og:site_name\" content=\"CITE ELEGANCE\" \/>\n<meta property=\"article:published_time\" content=\"2019-04-15T13:51:06+00:00\" \/>\n<meta property=\"article:modified_time\" content=\"2019-04-15T14:01:05+00:00\" \/>\n<meta property=\"og:image\" content=\"https:\/\/citeelegance.net\/wp-content\/uploads\/2019\/04\/WhatsApp-Image-2019-04-15-at-14.04.16.jpeg\" \/>\n\t<meta property=\"og:image:width\" content=\"1080\" \/>\n\t<meta property=\"og:image:height\" content=\"607\" \/>\n\t<meta property=\"og:image:type\" content=\"image\/jpeg\" \/>\n<meta name=\"twitter:label1\" content=\"\u00c9crit par\" \/>\n\t<meta name=\"twitter:data1\" content=\"Kader\" \/>\n\t<meta name=\"twitter:label2\" content=\"Dur\u00e9e de lecture estim\u00e9e\" \/>\n\t<meta name=\"twitter:data2\" content=\"3 minutes\" \/>\n<script type=\"application\/ld+json\" class=\"yoast-schema-graph\">{\"@context\":\"https:\/\/schema.org\",\"@graph\":[{\"@type\":\"WebSite\",\"@id\":\"https:\/\/citeelegance.net\/#website\",\"url\":\"https:\/\/citeelegance.net\/\",\"name\":\"CITE ELEGANCE\",\"description\":\"\",\"potentialAction\":[{\"@type\":\"SearchAction\",\"target\":{\"@type\":\"EntryPoint\",\"urlTemplate\":\"https:\/\/citeelegance.net\/?s={search_term_string}\"},\"query-input\":\"required name=search_term_string\"}],\"inLanguage\":\"fr-FR\"},{\"@type\":\"ImageObject\",\"@id\":\"https:\/\/citeelegance.net\/?p=2052#primaryimage\",\"inLanguage\":\"fr-FR\",\"url\":\"https:\/\/citeelegance.net\/wp-content\/uploads\/2019\/04\/WhatsApp-Image-2019-04-15-at-14.04.16.jpeg\",\"contentUrl\":\"https:\/\/citeelegance.net\/wp-content\/uploads\/2019\/04\/WhatsApp-Image-2019-04-15-at-14.04.16.jpeg\",\"width\":1080,\"height\":607},{\"@type\":\"WebPage\",\"@id\":\"https:\/\/citeelegance.net\/?p=2052#webpage\",\"url\":\"https:\/\/citeelegance.net\/?p=2052\",\"name\":\"Arts et Culture: \u00ab Humanima \u00bb est le nouveau concept de l\u2019artiste plasticien Wilfrid de Paul - CITE ELEGANCE\",\"isPartOf\":{\"@id\":\"https:\/\/citeelegance.net\/#website\"},\"primaryImageOfPage\":{\"@id\":\"https:\/\/citeelegance.net\/?p=2052#primaryimage\"},\"datePublished\":\"2019-04-15T13:51:06+00:00\",\"dateModified\":\"2019-04-15T14:01:05+00:00\",\"author\":{\"@id\":\"https:\/\/citeelegance.net\/#\/schema\/person\/e06163d4cd2cfc8a3cfc96dc84443ae4\"},\"breadcrumb\":{\"@id\":\"https:\/\/citeelegance.net\/?p=2052#breadcrumb\"},\"inLanguage\":\"fr-FR\",\"potentialAction\":[{\"@type\":\"ReadAction\",\"target\":[\"https:\/\/citeelegance.net\/?p=2052\"]}]},{\"@type\":\"BreadcrumbList\",\"@id\":\"https:\/\/citeelegance.net\/?p=2052#breadcrumb\",\"itemListElement\":[{\"@type\":\"ListItem\",\"position\":1,\"name\":\"Accueil\",\"item\":\"https:\/\/citeelegance.net\/\"},{\"@type\":\"ListItem\",\"position\":2,\"name\":\"Arts et Culture: \u00ab Humanima \u00bb est le nouveau concept de l\u2019artiste plasticien Wilfrid de Paul\"}]},{\"@type\":\"Person\",\"@id\":\"https:\/\/citeelegance.net\/#\/schema\/person\/e06163d4cd2cfc8a3cfc96dc84443ae4\",\"name\":\"Kader\",\"url\":\"https:\/\/citeelegance.net\/?author=3\"}]}<\/script>\n<!-- \/ Yoast SEO plugin. -->","yoast_head_json":{"title":"Arts et Culture: \u00ab Humanima \u00bb est le nouveau concept de l\u2019artiste plasticien Wilfrid de Paul - CITE ELEGANCE","robots":{"index":"index","follow":"follow","max-snippet":"max-snippet:-1","max-image-preview":"max-image-preview:large","max-video-preview":"max-video-preview:-1"},"canonical":"https:\/\/citeelegance.net\/?p=2052","og_locale":"fr_FR","og_type":"article","og_title":"Arts et Culture: \u00ab Humanima \u00bb est le nouveau concept de l\u2019artiste plasticien Wilfrid de Paul - CITE ELEGANCE","og_description":"Le vendredi 12 avril 2019, l\u2019artiste burkinab\u00e8 Wilfrid de Paul a fait une \u00a0exposition de portraits \u00e0 Ouagadougou. Cette exposition rentre dans le cadre de l\u2019appel \u00e0 projet d\u2019exposition de Kunstraum 226 pour les artistes plasticiens pour la suite de l\u2019ann\u00e9e 2019. Depuis un moment, l\u2019artiste burkinab\u00e8 Wilfrid de Paul s\u2019est mis sur une s\u00e9rie [&hellip;]","og_url":"https:\/\/citeelegance.net\/?p=2052","og_site_name":"CITE ELEGANCE","article_published_time":"2019-04-15T13:51:06+00:00","article_modified_time":"2019-04-15T14:01:05+00:00","og_image":[{"width":1080,"height":607,"url":"https:\/\/citeelegance.net\/wp-content\/uploads\/2019\/04\/WhatsApp-Image-2019-04-15-at-14.04.16.jpeg","type":"image\/jpeg"}],"twitter_misc":{"\u00c9crit par":"Kader","Dur\u00e9e de lecture estim\u00e9e":"3 minutes"},"schema":{"@context":"https:\/\/schema.org","@graph":[{"@type":"WebSite","@id":"https:\/\/citeelegance.net\/#website","url":"https:\/\/citeelegance.net\/","name":"CITE ELEGANCE","description":"","potentialAction":[{"@type":"SearchAction","target":{"@type":"EntryPoint","urlTemplate":"https:\/\/citeelegance.net\/?s={search_term_string}"},"query-input":"required name=search_term_string"}],"inLanguage":"fr-FR"},{"@type":"ImageObject","@id":"https:\/\/citeelegance.net\/?p=2052#primaryimage","inLanguage":"fr-FR","url":"https:\/\/citeelegance.net\/wp-content\/uploads\/2019\/04\/WhatsApp-Image-2019-04-15-at-14.04.16.jpeg","contentUrl":"https:\/\/citeelegance.net\/wp-content\/uploads\/2019\/04\/WhatsApp-Image-2019-04-15-at-14.04.16.jpeg","width":1080,"height":607},{"@type":"WebPage","@id":"https:\/\/citeelegance.net\/?p=2052#webpage","url":"https:\/\/citeelegance.net\/?p=2052","name":"Arts et Culture: \u00ab Humanima \u00bb est le nouveau concept de l\u2019artiste plasticien Wilfrid de Paul - CITE ELEGANCE","isPartOf":{"@id":"https:\/\/citeelegance.net\/#website"},"primaryImageOfPage":{"@id":"https:\/\/citeelegance.net\/?p=2052#primaryimage"},"datePublished":"2019-04-15T13:51:06+00:00","dateModified":"2019-04-15T14:01:05+00:00","author":{"@id":"https:\/\/citeelegance.net\/#\/schema\/person\/e06163d4cd2cfc8a3cfc96dc84443ae4"},"breadcrumb":{"@id":"https:\/\/citeelegance.net\/?p=2052#breadcrumb"},"inLanguage":"fr-FR","potentialAction":[{"@type":"ReadAction","target":["https:\/\/citeelegance.net\/?p=2052"]}]},{"@type":"BreadcrumbList","@id":"https:\/\/citeelegance.net\/?p=2052#breadcrumb","itemListElement":[{"@type":"ListItem","position":1,"name":"Accueil","item":"https:\/\/citeelegance.net\/"},{"@type":"ListItem","position":2,"name":"Arts et Culture: \u00ab Humanima \u00bb est le nouveau concept de l\u2019artiste plasticien Wilfrid de Paul"}]},{"@type":"Person","@id":"https:\/\/citeelegance.net\/#\/schema\/person\/e06163d4cd2cfc8a3cfc96dc84443ae4","name":"Kader","url":"https:\/\/citeelegance.net\/?author=3"}]}},"_links":{"self":[{"href":"https:\/\/citeelegance.net\/index.php?rest_route=\/wp\/v2\/posts\/2052"}],"collection":[{"href":"https:\/\/citeelegance.net\/index.php?rest_route=\/wp\/v2\/posts"}],"about":[{"href":"https:\/\/citeelegance.net\/index.php?rest_route=\/wp\/v2\/types\/post"}],"author":[{"embeddable":true,"href":"https:\/\/citeelegance.net\/index.php?rest_route=\/wp\/v2\/users\/3"}],"replies":[{"embeddable":true,"href":"https:\/\/citeelegance.net\/index.php?rest_route=%2Fwp%2Fv2%2Fcomments&post=2052"}],"version-history":[{"count":1,"href":"https:\/\/citeelegance.net\/index.php?rest_route=\/wp\/v2\/posts\/2052\/revisions"}],"predecessor-version":[{"id":2053,"href":"https:\/\/citeelegance.net\/index.php?rest_route=\/wp\/v2\/posts\/2052\/revisions\/2053"}],"wp:featuredmedia":[{"embeddable":true,"href":"https:\/\/citeelegance.net\/index.php?rest_route=\/wp\/v2\/media\/2057"}],"wp:attachment":[{"href":"https:\/\/citeelegance.net\/index.php?rest_route=%2Fwp%2Fv2%2Fmedia&parent=2052"}],"wp:term":[{"taxonomy":"category","embeddable":true,"href":"https:\/\/citeelegance.net\/index.php?rest_route=%2Fwp%2Fv2%2Fcategories&post=2052"},{"taxonomy":"post_tag","embeddable":true,"href":"https:\/\/citeelegance.net\/index.php?rest_route=%2Fwp%2Fv2%2Ftags&post=2052"}],"curies":[{"name":"wp","href":"https:\/\/api.w.org\/{rel}","templated":true}]}}