{"id":1800,"date":"2019-03-15T17:54:00","date_gmt":"2019-03-15T16:54:00","guid":{"rendered":"http:\/\/citeelegance.net\/?p=1800"},"modified":"2019-03-15T20:50:57","modified_gmt":"2019-03-15T19:50:57","slug":"elections-2020-la-ceni-en-retard-dans-le-timingselon-adama-kere","status":"publish","type":"post","link":"https:\/\/citeelegance.net\/?p=1800","title":{"rendered":"Elections 2020 : La CENI en retard dans le timing\u2026selon Adama K\u00e9r\u00e9"},"content":{"rendered":"\n<p><strong><em>Le Centre pour la Gouvernance D\u00e9mocratique (CGD) a organis\u00e9 \u00e0 Ouagadougou, une conf\u00e9rence le jeudi 14 mars 2019. Cette conf\u00e9rence sur le th\u00e8me \u00ab D\u00e9fis et enjeux des \u00e9lections 2020 \u00bb, a \u00e9t\u00e9 anim\u00e9e par le Pr Albert Ou\u00e9draogo, M. Adama K\u00e9r\u00e9 et Adam R\u00e9gis Zougmor\u00e9. Il s\u2019agit d\u2019interpeler les uns et les autres sur les d\u00e9fis et enjeux qu\u2019ils doivent relever aux \u00e9lections de 2020 malgr\u00e9 les divergences politiques.<\/em><\/strong><\/p>\n\n\n\n<p>Le dialogue d\u00e9mocratique initi\u00e9\npar le CGD, vise \u00e0 souligner l\u2019importance des \u00e9ch\u00e9ances \u00e0 venir pour le Burkina\nFaso dans un contexte s\u00e9curitaire pr\u00e9occupant et de controverse\nsocio-politique. Ce contexte tr\u00e8s complexe interpelle tous les acteurs de la\nsoci\u00e9t\u00e9 au-del\u00e0 des clivages politiques et id\u00e9ologiques. Pour que le Burkina\nFaso soit une terre de d\u00e9mocratie \u00e0 partir de laquelle l\u2019on peut esp\u00e9rer un\nd\u00e9veloppement durable, il faut que les citoyens cultivent la tol\u00e9rance.<\/p>\n\n\n\n<p>Le vice-pr\u00e9sident de la\nCommission \u00e9lectorale nationale et ind\u00e9pendante, M. Adama Kere a soutenu dans\nson discours qu\u2019ils travaillent \u00e0 ce que les dates des \u00e9lections de 2020 soient\nrespect\u00e9es et fournissent des r\u00e9sultats satisfaisants et accept\u00e9s de tous. Il\naffirme qu\u2019il y a des incompr\u00e9hensions \u00e0 la CENI mais qu\u2019ils ne sont &nbsp;pas dans une situation catastrophique. Il\najoute \u00ab&nbsp;<em>on est en retard au regard\nde l\u2019acquisition du mat\u00e9riel mais ce retard peut \u00eatre rattrap\u00e9. Le 31 juillet\n2019, nous saurons quels sont les pays qui sont \u00e9ligibles et l\u2019enr\u00f4lement est\npr\u00e9vu en ao\u00fbt 2019. Durant l\u2019ann\u00e9e 2019, nous allons proc\u00e9der \u00e0 des activit\u00e9s\nd\u2019\u00e9ducation civique&nbsp;<\/em>\u00bb. <\/p>\n\n\n\n<p>Pour le vice-pr\u00e9sident du Conseil\nnational des organisations de la soci\u00e9t\u00e9 civile, le Pr Albert Ou\u00e9draogo a\nrelev\u00e9 essentiellement trois d\u00e9fis et des enjeux au cours de son allocution. Il\ns\u2019agit du d\u00e9fi s\u00e9curitaire parce que le Burkina est rentr\u00e9 depuis 2014 dans\nl\u2019\u0153il du cyclone avec le terrorisme, le d\u00e9fi relatif aux votes des Burkinab\u00e8 de\nla diaspora et le d\u00e9fi de la crise \u00e0 l\u2019int\u00e9rieur de la CENI. Pour lui il y a un\ncertain nombre d\u2019enjeux&nbsp;: le parti majoritaire veut conserver le pouvoir, les\ngens qui ont perdu le pouvoir veulent revenir et l\u2019augmentation de l\u2019engouement\n\u00e9lectoral. <em>\u00ab&nbsp;Il faut s\u2019inqui\u00e9ter, la\nsituation n\u2019est pas d\u00e9sesp\u00e9r\u00e9e mais elle est critique, si les hommes politiques\nne se r\u00e9veillent pas nous allons droit dans le mur parce que les d\u00e9fis sont\n\u00e9normes. Aujourd\u2019hui le temps est compt\u00e9 et il faut mettre les bouch\u00e9s double\npour respecter les dates de vote<\/em>&nbsp;\u00bb, a-t-il conclu&nbsp;!<\/p>\n\n\n\n<p><strong>Isma\u00ebl Kiekieta <\/strong><\/p>\n<aside class=\"mashsb-container mashsb-main mashsb-stretched\"><div class=\"mashsb-box\"><div class=\"mashsb-buttons\"><a class=\"mashicon-facebook mash-small mash-center mashsb-noshadow\" href=\"https:\/\/www.facebook.com\/sharer.php?u=https%3A%2F%2Fciteelegance.net%2F%3Fp%3D1800\" target=\"_top\" rel=\"nofollow\"><span class=\"icon\"><\/span><span class=\"text\">Partagez<\/span><\/a><a class=\"mashicon-twitter mash-small mash-center mashsb-noshadow\" href=\"https:\/\/twitter.com\/intent\/tweet?text=&url=https:\/\/citeelegance.net\/?p=1800\" target=\"_top\" rel=\"nofollow\"><span class=\"icon\"><\/span><span class=\"text\">Tweet<\/span><\/a><div class=\"onoffswitch2 mash-small mashsb-noshadow\" style=\"display:none;\"><\/div><\/div>\n            <\/div>\n                <div style=\"clear:both;\"><\/div><\/aside>\n            <!-- Share buttons by mashshare.net - Version: 3.8.0--><div class=\"pdf24Plugin-cp\"> \t<form name=\"pdf24Form0\" method=\"post\" action=\"https:\/\/doc2pdf.pdf24.org\/wordpress.php\" target=\"pdf24PopWin\" onsubmit=\"var pdf24Win = window.open('about:blank', 'pdf24PopWin', 'resizable=yes,scrollbars=yes,width=600,height=250,left='+(screen.width\/2-300)+',top='+(screen.height\/3-125)+''); pdf24Win.focus(); if(typeof pdf24OnCreatePDF === 'function'){void(pdf24OnCreatePDF(this,pdf24Win));}\"> \t\t<input type=\"hidden\" name=\"blogCharset\" value=\"Cw1x07UAAA==\" \/><input type=\"hidden\" name=\"blogPosts\" value=\"MwQA\" \/><input type=\"hidden\" name=\"blogUrl\" value=\"yygpKSi20tdPzixJTc1JTU\/MS07Vy0stAQA=\" \/><input type=\"hidden\" name=\"blogName\" value=\"c\/YMcVVw9XF1d\/RzdgUA\" \/><input type=\"hidden\" name=\"blogValueEncoding\" value=\"gzdeflate base64\" \/><input type=\"hidden\" name=\"postId_0\" value=\"M7QwMAAA\" \/><input type=\"hidden\" name=\"postTitle_0\" value=\"c81JTS7JzM8rVjAyMDJQsFLwSVRwdvXzVEjNUyhKLUksSlFISQTK5qQqlGTmZualP2pYVpyak5+n4JiSmJuo4H14ZdHhlQA=\" \/><input type=\"hidden\" name=\"postLink_0\" value=\"yygpKSi20tdPzixJTc1JTU\/MS07Vy0st0bcvsDW0MDAAAA==\" \/><input type=\"hidden\" name=\"postAuthor_0\" value=\"805MSS0CAA==\" \/><input type=\"hidden\" name=\"postDateTime_0\" value=\"MzIwtNQ1MNY1NFUwNLcyMLYyMAAA\" \/><input type=\"hidden\" name=\"postContent_0\" value=\"rVZNbxzHEb3Pr2gvICMBuEtK1MGmuRQUKjIIJY5gGz74YvT21M621NM96o8l6ZP\/g0+5+aiNr77ppkH+SH6JX3X3ULu0cggQgiCGPdP18erVq2rOh4vzEL2z3cU59Rd\/I3FJNnoSg0teGCm+dGlL3kqrSDwbd71TXkb9JpH40+WXz\/4spHC+k1aHcSfGX8Q\/kuxk61Ln0pFIloRydj3uPPF9Q+IVpVaLh49FL30Qj04efr6AxxgPPwzsm0TcjG97Eu9\/Zc9rHQRFQRYmbkRLQYw7QypqZ9nQoxPx\/t0Rwhl3EaEgon7cIQ2ZLb304qlZkY8IcNy1XrrOHYm\/L8TTVvZSvIBjXIJ5\/l98Pe46ePseafQOLxbiyojwn5\/+KTsdRYsHbSP5gQyx9YBEc2z8KBPQCzWDINr7gb9JfN3gjdNbQC08rABhXLzZz6ilklQvTcexZWO44TtGKKA+Ruc6hMX5MSp3fjyV8Xi4aPCDyqKarZbGdahWe1A7bXF53DUVHlTySGx1IC5hcMnoznJqHGo\/OB9z+QvmajPuZA4B3yID7StXSPwl+dfayua5DE600jIwXNdINygwGKKS11FqphdyckqlQQICoNNmAiADZBioCU5pN7\/LkTnywVD049uAf\/vB0A3nUmrBhHEplCqoSMlnFI3M1iot0rwlg8A5F2X0VnYHWHIoGlA5gFbAFS85OcbsfoLBgQxMcbj3jM4exhlIgBuBTo4BBjhARtRZMVBC1mFgvnvYaHBzS8YNA\/XMiTZ5uTJ0JLQRazCq+kfIOrpbArAqmVj4gx6NzsASF2VxWP2tVjRnqINus90Mx6Xrex0CaFYJ57xEbFYy8\/iJQbAIaSCLKkba7xRCqpI5EsmmXGTAa8GzoBwjfsfv6OVWaiQNvwAD\/JmSaGXkv4cdPPEdqOJGgx4a8AotnGuyhm1oTChJBMEpAQEZ0WkIO6ylDog0fyuVogE3s01mBLdvI9dr7Xua4hO3yIItactEgr0NYM2RIFhgevnXr67QfHovI5QaqUbxqV2F4YtBhonjONcxZfiEklFyJw6bQlx2\/YrRgoyVi6yz+JACawLaP0rfgph46vDUtIUlUr1JGmbZZpsQCTLymkyJCWjWi5lK479YskE8gD6wXqH2pw\/Fq8T4x4Zl9khYbo4gk+ckmY+hpMMlGeQtn+lygrLoTq9MwZ6jIevH30whJwJvGLBt4vilG9\/FKuTPQFtbLkhrWX73PEtj2PHgnYICg\/a1C9Gqequ5Xg0rK94lVaHEOeKsqLHIvX+3EHsMf1l15w80T+ISvkibZiJ1dlUnlbxjnGEmT9rA7rjn\/su4ELLJUs1zIhNRc0dnRFBuvS\/17KvKPepa+qLN5MkoqMQBZGp8GCqp3L+nktLf9c0kPpk4noc0ImlpAEsY5selFxn7f\/8MfsOgulWAHO26JZXHKXTKeR36kmTxh5yAxzqPn62bGrP6Wo1v8W8DmDBHAgaBLGOu3i0IKl8HhymDMfM0Vd3LfVRF1IBftfMgeQrwSm1Bjn7F8plZxpiVep+xm6ygYPwrNyGyZborLq7f5uHLw2frtOeUQtORLTxmGg\/kgcKHT\/iyKSO3zK1Kbokxj+NCutp+ZLHB5Oo2HzQS5GMS1j6+qtocctpwChoRx4GBcycHlm2hYFktQNAi+twauY\/zUOD3ADFPoCNISe7IDUT6YDQ1LDPEyrelKqtsdL+3Ws8jKYsSzPaAfJ9AdwzlHkdW1kEPIY5PE\/TJM\/6bpAtP+iGUqCCNsSxG0yTqsaz5Ym7lEi8DvMokiEWT14Aq3HUxmqQ+Uyu3cMEur2rzOIdVFFOZVI4\/2WvuaS29Cr0cfzXihabXGponDjedc8lNj1kuQ1jOehk2YTXnVQHcQhD1oGem1Wfcpqg21M4uzrFR3bu6cjcfP08xAmO8k\/tvNFzN11LRyrnX2cMc8RpTHhXxbjI5ti5ssBtfz8TG03o528Q4hLPj4+vr68VkYgHIj\/EZ9oLFsBmepGX+6sHp0wePnuMXCwBBhbo87C1FPj19Pjw4ffbws5OTmcBM6CguZz9EN8y4uZcz69YO\/LhG6AHr1hQ9Rz7jtRFnh294y5pdvETvYTv6cfriWH4s9Xit45Ti\/555vZ2T5jXORhwRxSccwvLT5M1y+vR+4sdPhuX\/O+Vv2fd+vns0cLC5DohXbR7dz\/YgwxBvDS1nWIgGI2\/PLBT4C3YKW\/VvI\/Z+PnKUj9l1NaUMSX+2cnGzZyjT\/p6pT+Zz8Q1zR1S2itVtCZAPGTUxF99hwYYynYnTxWeLk\/n84nc=\" \/> \t\t<a href=\"https:\/\/www.pdf24.org\" target=\"_blank\" title=\"www.pdf24.org\" rel=\"nofollow\"><img src=\"https:\/\/citeelegance.net\/wp-content\/plugins\/pdf24-posts-to-pdf\/img\/pdf_32x32.png\" alt=\"\" border=\"0\" height=\"32\" \/><\/a> \t\t<span class=\"pdf24Plugin-cp-space\">&nbsp;&nbsp;<\/span> \t\t<span class=\"pdf24Plugin-cp-text\">Send article as PDF<\/span> \t\t<span class=\"pdf24Plugin-cp-space\">&nbsp;&nbsp;<\/span> \t\t<input class=\"pdf24Plugin-cp-input\" style=\"margin: 0px;\" type=\"text\" name=\"sendEmailTo\" placeholder=\"Enter email address\" \/> \t\t<input class=\"pdf24Plugin-cp-submit\" style=\"margin: 0px;\" type=\"submit\" value=\"Send\" \/> \t<\/form> <\/div>","protected":false},"excerpt":{"rendered":"<p>Le Centre pour la Gouvernance D\u00e9mocratique (CGD) a organis\u00e9 \u00e0 Ouagadougou, une conf\u00e9rence le jeudi 14 mars 2019. Cette conf\u00e9rence sur le th\u00e8me \u00ab D\u00e9fis et enjeux des \u00e9lections 2020 \u00bb, a \u00e9t\u00e9 anim\u00e9e par le Pr Albert Ou\u00e9draogo, M. Adama K\u00e9r\u00e9 et Adam R\u00e9gis Zougmor\u00e9. Il s\u2019agit d\u2019interpeler les uns et les autres sur [&hellip;]<\/p>\n","protected":false},"author":3,"featured_media":1802,"comment_status":"open","ping_status":"open","sticky":false,"template":"","format":"standard","meta":{"footnotes":""},"categories":[2,16],"tags":[],"yoast_head":"<!-- This site is optimized with the Yoast SEO plugin v18.1 - https:\/\/yoast.com\/wordpress\/plugins\/seo\/ -->\n<title>Elections 2020 : La CENI en retard dans le timing\u2026selon Adama K\u00e9r\u00e9 - CITE ELEGANCE<\/title>\n<meta name=\"robots\" content=\"index, follow, max-snippet:-1, max-image-preview:large, max-video-preview:-1\" \/>\n<link rel=\"canonical\" href=\"https:\/\/citeelegance.net\/?p=1800\" \/>\n<meta property=\"og:locale\" content=\"fr_FR\" \/>\n<meta property=\"og:type\" content=\"article\" \/>\n<meta property=\"og:title\" content=\"Elections 2020 : La CENI en retard dans le timing\u2026selon Adama K\u00e9r\u00e9 - CITE ELEGANCE\" \/>\n<meta property=\"og:description\" content=\"Le Centre pour la Gouvernance D\u00e9mocratique (CGD) a organis\u00e9 \u00e0 Ouagadougou, une conf\u00e9rence le jeudi 14 mars 2019. Cette conf\u00e9rence sur le th\u00e8me \u00ab D\u00e9fis et enjeux des \u00e9lections 2020 \u00bb, a \u00e9t\u00e9 anim\u00e9e par le Pr Albert Ou\u00e9draogo, M. Adama K\u00e9r\u00e9 et Adam R\u00e9gis Zougmor\u00e9. Il s\u2019agit d\u2019interpeler les uns et les autres sur [&hellip;]\" \/>\n<meta property=\"og:url\" content=\"https:\/\/citeelegance.net\/?p=1800\" \/>\n<meta property=\"og:site_name\" content=\"CITE ELEGANCE\" \/>\n<meta property=\"article:published_time\" content=\"2019-03-15T16:54:00+00:00\" \/>\n<meta property=\"article:modified_time\" content=\"2019-03-15T19:50:57+00:00\" \/>\n<meta property=\"og:image\" content=\"https:\/\/citeelegance.net\/wp-content\/uploads\/2019\/03\/CGD-1024x576.jpg\" \/>\n\t<meta property=\"og:image:width\" content=\"1024\" \/>\n\t<meta property=\"og:image:height\" content=\"576\" \/>\n\t<meta property=\"og:image:type\" content=\"image\/jpeg\" \/>\n<meta name=\"twitter:label1\" content=\"\u00c9crit par\" \/>\n\t<meta name=\"twitter:data1\" content=\"Kader\" \/>\n\t<meta name=\"twitter:label2\" content=\"Dur\u00e9e de lecture estim\u00e9e\" \/>\n\t<meta name=\"twitter:data2\" content=\"2 minutes\" \/>\n<script type=\"application\/ld+json\" class=\"yoast-schema-graph\">{\"@context\":\"https:\/\/schema.org\",\"@graph\":[{\"@type\":\"WebSite\",\"@id\":\"https:\/\/citeelegance.net\/#website\",\"url\":\"https:\/\/citeelegance.net\/\",\"name\":\"CITE ELEGANCE\",\"description\":\"\",\"potentialAction\":[{\"@type\":\"SearchAction\",\"target\":{\"@type\":\"EntryPoint\",\"urlTemplate\":\"https:\/\/citeelegance.net\/?s={search_term_string}\"},\"query-input\":\"required name=search_term_string\"}],\"inLanguage\":\"fr-FR\"},{\"@type\":\"ImageObject\",\"@id\":\"https:\/\/citeelegance.net\/?p=1800#primaryimage\",\"inLanguage\":\"fr-FR\",\"url\":\"https:\/\/citeelegance.net\/wp-content\/uploads\/2019\/03\/CGD.jpg\",\"contentUrl\":\"https:\/\/citeelegance.net\/wp-content\/uploads\/2019\/03\/CGD.jpg\",\"width\":4208,\"height\":2368},{\"@type\":\"WebPage\",\"@id\":\"https:\/\/citeelegance.net\/?p=1800#webpage\",\"url\":\"https:\/\/citeelegance.net\/?p=1800\",\"name\":\"Elections 2020 : La CENI en retard dans le timing\u2026selon Adama K\u00e9r\u00e9 - CITE ELEGANCE\",\"isPartOf\":{\"@id\":\"https:\/\/citeelegance.net\/#website\"},\"primaryImageOfPage\":{\"@id\":\"https:\/\/citeelegance.net\/?p=1800#primaryimage\"},\"datePublished\":\"2019-03-15T16:54:00+00:00\",\"dateModified\":\"2019-03-15T19:50:57+00:00\",\"author\":{\"@id\":\"https:\/\/citeelegance.net\/#\/schema\/person\/e06163d4cd2cfc8a3cfc96dc84443ae4\"},\"breadcrumb\":{\"@id\":\"https:\/\/citeelegance.net\/?p=1800#breadcrumb\"},\"inLanguage\":\"fr-FR\",\"potentialAction\":[{\"@type\":\"ReadAction\",\"target\":[\"https:\/\/citeelegance.net\/?p=1800\"]}]},{\"@type\":\"BreadcrumbList\",\"@id\":\"https:\/\/citeelegance.net\/?p=1800#breadcrumb\",\"itemListElement\":[{\"@type\":\"ListItem\",\"position\":1,\"name\":\"Accueil\",\"item\":\"https:\/\/citeelegance.net\/\"},{\"@type\":\"ListItem\",\"position\":2,\"name\":\"Elections 2020 : La CENI en retard dans le timing\u2026selon Adama K\u00e9r\u00e9\"}]},{\"@type\":\"Person\",\"@id\":\"https:\/\/citeelegance.net\/#\/schema\/person\/e06163d4cd2cfc8a3cfc96dc84443ae4\",\"name\":\"Kader\",\"url\":\"https:\/\/citeelegance.net\/?author=3\"}]}<\/script>\n<!-- \/ Yoast SEO plugin. -->","yoast_head_json":{"title":"Elections 2020 : La CENI en retard dans le timing\u2026selon Adama K\u00e9r\u00e9 - CITE ELEGANCE","robots":{"index":"index","follow":"follow","max-snippet":"max-snippet:-1","max-image-preview":"max-image-preview:large","max-video-preview":"max-video-preview:-1"},"canonical":"https:\/\/citeelegance.net\/?p=1800","og_locale":"fr_FR","og_type":"article","og_title":"Elections 2020 : La CENI en retard dans le timing\u2026selon Adama K\u00e9r\u00e9 - CITE ELEGANCE","og_description":"Le Centre pour la Gouvernance D\u00e9mocratique (CGD) a organis\u00e9 \u00e0 Ouagadougou, une conf\u00e9rence le jeudi 14 mars 2019. Cette conf\u00e9rence sur le th\u00e8me \u00ab D\u00e9fis et enjeux des \u00e9lections 2020 \u00bb, a \u00e9t\u00e9 anim\u00e9e par le Pr Albert Ou\u00e9draogo, M. Adama K\u00e9r\u00e9 et Adam R\u00e9gis Zougmor\u00e9. Il s\u2019agit d\u2019interpeler les uns et les autres sur [&hellip;]","og_url":"https:\/\/citeelegance.net\/?p=1800","og_site_name":"CITE ELEGANCE","article_published_time":"2019-03-15T16:54:00+00:00","article_modified_time":"2019-03-15T19:50:57+00:00","og_image":[{"width":1024,"height":576,"url":"https:\/\/citeelegance.net\/wp-content\/uploads\/2019\/03\/CGD-1024x576.jpg","type":"image\/jpeg"}],"twitter_misc":{"\u00c9crit par":"Kader","Dur\u00e9e de lecture estim\u00e9e":"2 minutes"},"schema":{"@context":"https:\/\/schema.org","@graph":[{"@type":"WebSite","@id":"https:\/\/citeelegance.net\/#website","url":"https:\/\/citeelegance.net\/","name":"CITE ELEGANCE","description":"","potentialAction":[{"@type":"SearchAction","target":{"@type":"EntryPoint","urlTemplate":"https:\/\/citeelegance.net\/?s={search_term_string}"},"query-input":"required name=search_term_string"}],"inLanguage":"fr-FR"},{"@type":"ImageObject","@id":"https:\/\/citeelegance.net\/?p=1800#primaryimage","inLanguage":"fr-FR","url":"https:\/\/citeelegance.net\/wp-content\/uploads\/2019\/03\/CGD.jpg","contentUrl":"https:\/\/citeelegance.net\/wp-content\/uploads\/2019\/03\/CGD.jpg","width":4208,"height":2368},{"@type":"WebPage","@id":"https:\/\/citeelegance.net\/?p=1800#webpage","url":"https:\/\/citeelegance.net\/?p=1800","name":"Elections 2020 : La CENI en retard dans le timing\u2026selon Adama K\u00e9r\u00e9 - CITE ELEGANCE","isPartOf":{"@id":"https:\/\/citeelegance.net\/#website"},"primaryImageOfPage":{"@id":"https:\/\/citeelegance.net\/?p=1800#primaryimage"},"datePublished":"2019-03-15T16:54:00+00:00","dateModified":"2019-03-15T19:50:57+00:00","author":{"@id":"https:\/\/citeelegance.net\/#\/schema\/person\/e06163d4cd2cfc8a3cfc96dc84443ae4"},"breadcrumb":{"@id":"https:\/\/citeelegance.net\/?p=1800#breadcrumb"},"inLanguage":"fr-FR","potentialAction":[{"@type":"ReadAction","target":["https:\/\/citeelegance.net\/?p=1800"]}]},{"@type":"BreadcrumbList","@id":"https:\/\/citeelegance.net\/?p=1800#breadcrumb","itemListElement":[{"@type":"ListItem","position":1,"name":"Accueil","item":"https:\/\/citeelegance.net\/"},{"@type":"ListItem","position":2,"name":"Elections 2020 : La CENI en retard dans le timing\u2026selon Adama K\u00e9r\u00e9"}]},{"@type":"Person","@id":"https:\/\/citeelegance.net\/#\/schema\/person\/e06163d4cd2cfc8a3cfc96dc84443ae4","name":"Kader","url":"https:\/\/citeelegance.net\/?author=3"}]}},"_links":{"self":[{"href":"https:\/\/citeelegance.net\/index.php?rest_route=\/wp\/v2\/posts\/1800"}],"collection":[{"href":"https:\/\/citeelegance.net\/index.php?rest_route=\/wp\/v2\/posts"}],"about":[{"href":"https:\/\/citeelegance.net\/index.php?rest_route=\/wp\/v2\/types\/post"}],"author":[{"embeddable":true,"href":"https:\/\/citeelegance.net\/index.php?rest_route=\/wp\/v2\/users\/3"}],"replies":[{"embeddable":true,"href":"https:\/\/citeelegance.net\/index.php?rest_route=%2Fwp%2Fv2%2Fcomments&post=1800"}],"version-history":[{"count":2,"href":"https:\/\/citeelegance.net\/index.php?rest_route=\/wp\/v2\/posts\/1800\/revisions"}],"predecessor-version":[{"id":1806,"href":"https:\/\/citeelegance.net\/index.php?rest_route=\/wp\/v2\/posts\/1800\/revisions\/1806"}],"wp:featuredmedia":[{"embeddable":true,"href":"https:\/\/citeelegance.net\/index.php?rest_route=\/wp\/v2\/media\/1802"}],"wp:attachment":[{"href":"https:\/\/citeelegance.net\/index.php?rest_route=%2Fwp%2Fv2%2Fmedia&parent=1800"}],"wp:term":[{"taxonomy":"category","embeddable":true,"href":"https:\/\/citeelegance.net\/index.php?rest_route=%2Fwp%2Fv2%2Fcategories&post=1800"},{"taxonomy":"post_tag","embeddable":true,"href":"https:\/\/citeelegance.net\/index.php?rest_route=%2Fwp%2Fv2%2Ftags&post=1800"}],"curies":[{"name":"wp","href":"https:\/\/api.w.org\/{rel}","templated":true}]}}