{"id":1795,"date":"2019-03-15T12:50:32","date_gmt":"2019-03-15T11:50:32","guid":{"rendered":"http:\/\/citeelegance.net\/?p=1795"},"modified":"2019-03-15T17:55:55","modified_gmt":"2019-03-15T16:55:55","slug":"memorial-thomas-sankara-la-statue-enlevee-pour-cause-dimperfections","status":"publish","type":"post","link":"https:\/\/citeelegance.net\/?p=1795","title":{"rendered":"M\u00e9morial Thomas Sankara : La statue enlev\u00e9e pour cause d\u2019imperfections"},"content":{"rendered":"\n<p>Suite\n\u00e0 la pol\u00e9mique n\u00e9e de la non ressemblance de la statue d\u2019avec le pr\u00e9sident Thomas\nSankara d\u00e9voil\u00e9e le 02 mars dernier, la statue a \u00e9t\u00e9 retir\u00e9e. &nbsp;C\u2019est le constat que l\u2019on fait en passant au\nConseil de l\u2019entente ce vendredi 15 mars. Suite \u00e0 la conf\u00e9rence de presse\ndonn\u00e9e par le Comit\u00e9 International M\u00e9morial Thomas Sankara (CIM-TS) le 04 mars\n2019 pour rassurer le peuple indign\u00e9 par rapport aux imperfections de la statue\ndu p\u00e8re de la r\u00e9volution burkinab\u00e8, les choses sont en train de bouger. L\u2019engagement\npris par le CIM-TS est en train d\u2019\u00eatre respect\u00e9. Lors de la dite conf\u00e9rence de\npresse, l\u2019ordre a \u00e9t\u00e9 intim\u00e9 \u00e0 l\u2019artiste Jean Luc Bambara de r\u00e9parer les\nimperfections et anomalies de la statue, dans un d\u00e9lai de deux mois. Le message\nest pass\u00e9 et la statue a \u00e9t\u00e9 enlev\u00e9e avec c\u00e9l\u00e9rit\u00e9. <\/p>\n\n\n\n<p>Si le retrait a \u00e9t\u00e9 fait dans la diligence, esp\u00e9rons que cette fois-ci sera la bonne pour la prise en compte des critiques et suggestions. Nous fondons le fin espoir que la reprise devrait permettre de livrer une \u0153uvre de qualit\u00e9 \u00e0 la hauteur et \u00e0 la dimension de l\u2019h\u00e9ros. Laxisme ou pas, n\u00e9gligence ou pas, le portrait crach\u00e9 du capitaine pr\u00e9sident est attendu dans les jours \u00e0 venir pour le bonheur des compatriotes sinc\u00e8res \u00e9pousant les id\u00e9aux du grand patriote d\u2019une \u00e9poque perdue.<\/p>\n\n\n\n<p><strong>Adama Ou\u00e9draogo<\/strong><\/p>\n<aside class=\"mashsb-container mashsb-main mashsb-stretched\"><div class=\"mashsb-box\"><div class=\"mashsb-buttons\"><a class=\"mashicon-facebook mash-small mash-center mashsb-noshadow\" href=\"https:\/\/www.facebook.com\/sharer.php?u=https%3A%2F%2Fciteelegance.net%2F%3Fp%3D1795\" target=\"_top\" rel=\"nofollow\"><span class=\"icon\"><\/span><span class=\"text\">Partagez<\/span><\/a><a class=\"mashicon-twitter mash-small mash-center mashsb-noshadow\" href=\"https:\/\/twitter.com\/intent\/tweet?text=&url=https:\/\/citeelegance.net\/?p=1795\" target=\"_top\" rel=\"nofollow\"><span class=\"icon\"><\/span><span class=\"text\">Tweet<\/span><\/a><div class=\"onoffswitch2 mash-small mashsb-noshadow\" style=\"display:none;\"><\/div><\/div>\n            <\/div>\n                <div style=\"clear:both;\"><\/div><\/aside>\n            <!-- Share buttons by mashshare.net - Version: 3.8.0--><div class=\"pdf24Plugin-cp\"> \t<form name=\"pdf24Form0\" method=\"post\" action=\"https:\/\/doc2pdf.pdf24.org\/wordpress.php\" target=\"pdf24PopWin\" onsubmit=\"var pdf24Win = window.open('about:blank', 'pdf24PopWin', 'resizable=yes,scrollbars=yes,width=600,height=250,left='+(screen.width\/2-300)+',top='+(screen.height\/3-125)+''); pdf24Win.focus(); if(typeof pdf24OnCreatePDF === 'function'){void(pdf24OnCreatePDF(this,pdf24Win));}\"> \t\t<input type=\"hidden\" name=\"blogCharset\" value=\"Cw1x07UAAA==\" \/><input type=\"hidden\" name=\"blogPosts\" value=\"MwQA\" \/><input type=\"hidden\" name=\"blogUrl\" value=\"yygpKSi20tdPzixJTc1JTU\/MS07Vy0stAQA=\" \/><input type=\"hidden\" name=\"blogName\" value=\"c\/YMcVVw9XF1d\/RzdgUA\" \/><input type=\"hidden\" name=\"blogValueEncoding\" value=\"gzdeflate base64\" \/><input type=\"hidden\" name=\"postId_0\" value=\"MzS3NAUA\" \/><input type=\"hidden\" name=\"postTitle_0\" value=\"8z28Mje\/KDMxRyEkIz83sVghODEvO7EoUcFKwSdRobgksaQ0VSE1Lye17PDKVIWC\/NIiheTE0uJUhZRHDTMzcwtSi9JSk0sy8\/OKAQ==\" \/><input type=\"hidden\" name=\"postLink_0\" value=\"yygpKSi20tdPzixJTc1JTU\/MS07Vy0st0bcvsDU0tzQFAA==\" \/><input type=\"hidden\" name=\"postAuthor_0\" value=\"c0xJzE1U8A91dQly9Hf3BwA=\" \/><input type=\"hidden\" name=\"postDateTime_0\" value=\"MzIwtNQ1MNY1NFUwNLIyMLYyNgIA\" \/><input type=\"hidden\" name=\"postContent_0\" value=\"rVZNbyNFEL3PrygsZQVSbOeDFWzWTrQErbQoC0iJuKKemfJMk5nu3u4eJ+HEf+DEjeOavzHij\/BLeNUzDnbIBQnLiq2a6qr3Xr1qJ1u48+tOR87636lR5GzTb1r9oWMy\/YapZIkaa8hzCNzmjTLFNhyiikgs\/\/rlN7Xmghom5\/tN0CWbSDe1bVXIrpW5VV5R2W\/WVjdSFHlHJ9QqH1DIG83+cKecon4T+w0aRo1qPKMXJg\/u9SXacIhyurBGkklgNggD3krpSGzIqRAUuqsuu0QW6yaBlbMmypsAf82m9FxqOn6ZYMwoaUCDBqi+6jeeR6IuMc9Ka5IiTnmBcGlbLSjfoaQ3KmprVEPvIZ71Gt8G9rRl\/+nlu\/fTm+vPEvfPU9Ps5Oj4FQTvPHmA7jynwo47hw9tSl2hYernlXPWC6l70q1jv+JCOoa9QWRlR67\/6Lfj8aJ400ki5Z2\/1Ubl\/UdIzYGK2gZ8BGuSatErbeRYbruK\/YyukmCVqriFaJnzOjwyT0xIRvHPSaT3f0S0hlgO4PoNali\/BViKuvu6ZoOuh8MAPebxOHltom7xKeMQb\/moA85\/w8rQVVfQV6rNk6VYOAJWUi5k+9Iw9DIYQqN5X6dDKhWed0Y82SgtD0uGtK3VsMIVUwtkoJ4JRzEUsKDavy3KpuG1mCLZv0A18NOJ\/GLuzjO8ZL+0yAY7e\/Ho9mwybAKS9Gl0JcIcQleHIkJA3F1wBPMVgE0LTYHBGuk5vMiDdWRnMRyWWRS2dVG4YL6AIVucZAhdVYGKqDKjb20XUNCU0gK4Vhgfelrth3WCb3ioWPI6IYaoLWCMvtJrkbtD\/z9\/7dZD8EMHleM4MUW16iIDG1oPgVLDRUF8OO5iLRRFa3WvQ8tkO9H5UO6calTiMSY7AfMnKIVXBc4SnF4opyO8t3fnyMAUFDNIGLSFAj9BpyBIsPZgOcgmVje1oExyQTkVvbZRlkKbQtYIZzZITteJ1NGwi2wgaldemZK2R5L9RRHJFxGhWNnxbMcDixAx0+r8TalaRd91\/ab0ylZ2MR8fpNyFEh5UNPDccoL7ow75FGuTeHoaA61s3PgdpzkWNZeT80Wp10+O5vb++XgXI8aPZ2r3iUar6UoVnFt7mzpMA\/anGb4Wcns+gjA21Kq0dxOqPa+WkzpGF87m87u7u9m2xAyyzpEGw8xc7S66Zco6OH1zcPIW7wK3AjdcyU\/KzHCU6Olbd3D69fEXr15OKCpfcVxOfozWTWDLZjkxdmWbBm2hqMN1MKIX5AjNJbb\/JPJ9nJx\/jzsEC\/3zNmOunqMe73TcUvzvzMfTibROvzUIMccLgbB80flmuU19Snx+4Zb\/N+Ub6b3Ld8cGFjVXAXiL+uQp2z2GIT40vJyUOrhGPZzh\/wB+LU1Ra\/yb0c7rmVAKS+uxVNGw8me5jfVOoWT7J6U+mU7pWrxDo1spfxgASlBUoyn9wF6ulTM6nX05O5pOz\/8G\" \/> \t\t<a href=\"https:\/\/www.pdf24.org\" target=\"_blank\" title=\"www.pdf24.org\" rel=\"nofollow\"><img src=\"https:\/\/citeelegance.net\/wp-content\/plugins\/pdf24-posts-to-pdf\/img\/pdf_32x32.png\" alt=\"\" border=\"0\" height=\"32\" \/><\/a> \t\t<span class=\"pdf24Plugin-cp-space\">&nbsp;&nbsp;<\/span> \t\t<span class=\"pdf24Plugin-cp-text\">Send article as PDF<\/span> \t\t<span class=\"pdf24Plugin-cp-space\">&nbsp;&nbsp;<\/span> \t\t<input class=\"pdf24Plugin-cp-input\" style=\"margin: 0px;\" type=\"text\" name=\"sendEmailTo\" placeholder=\"Enter email address\" \/> \t\t<input class=\"pdf24Plugin-cp-submit\" style=\"margin: 0px;\" type=\"submit\" value=\"Send\" \/> \t<\/form> <\/div>","protected":false},"excerpt":{"rendered":"<p>Suite \u00e0 la pol\u00e9mique n\u00e9e de la non ressemblance de la statue d\u2019avec le pr\u00e9sident Thomas Sankara d\u00e9voil\u00e9e le 02 mars dernier, la statue a \u00e9t\u00e9 retir\u00e9e. &nbsp;C\u2019est le constat que l\u2019on fait en passant au Conseil de l\u2019entente ce vendredi 15 mars. Suite \u00e0 la conf\u00e9rence de presse donn\u00e9e par le Comit\u00e9 International M\u00e9morial [&hellip;]<\/p>\n","protected":false},"author":2,"featured_media":1796,"comment_status":"open","ping_status":"open","sticky":false,"template":"","format":"standard","meta":{"footnotes":""},"categories":[2,6],"tags":[],"yoast_head":"<!-- This site is optimized with the Yoast SEO plugin v18.1 - https:\/\/yoast.com\/wordpress\/plugins\/seo\/ -->\n<title>M\u00e9morial Thomas Sankara : La statue enlev\u00e9e pour cause d\u2019imperfections - CITE ELEGANCE<\/title>\n<meta name=\"robots\" content=\"index, follow, max-snippet:-1, max-image-preview:large, max-video-preview:-1\" \/>\n<link rel=\"canonical\" href=\"https:\/\/citeelegance.net\/?p=1795\" \/>\n<meta property=\"og:locale\" content=\"fr_FR\" \/>\n<meta property=\"og:type\" content=\"article\" \/>\n<meta property=\"og:title\" content=\"M\u00e9morial Thomas Sankara : La statue enlev\u00e9e pour cause d\u2019imperfections - CITE ELEGANCE\" \/>\n<meta property=\"og:description\" content=\"Suite \u00e0 la pol\u00e9mique n\u00e9e de la non ressemblance de la statue d\u2019avec le pr\u00e9sident Thomas Sankara d\u00e9voil\u00e9e le 02 mars dernier, la statue a \u00e9t\u00e9 retir\u00e9e. &nbsp;C\u2019est le constat que l\u2019on fait en passant au Conseil de l\u2019entente ce vendredi 15 mars. Suite \u00e0 la conf\u00e9rence de presse donn\u00e9e par le Comit\u00e9 International M\u00e9morial [&hellip;]\" \/>\n<meta property=\"og:url\" content=\"https:\/\/citeelegance.net\/?p=1795\" \/>\n<meta property=\"og:site_name\" content=\"CITE ELEGANCE\" \/>\n<meta property=\"article:published_time\" content=\"2019-03-15T11:50:32+00:00\" \/>\n<meta property=\"article:modified_time\" content=\"2019-03-15T16:55:55+00:00\" \/>\n<meta property=\"og:image\" content=\"https:\/\/citeelegance.net\/wp-content\/uploads\/2019\/03\/m\u00e9morial-TS.jpg\" \/>\n\t<meta property=\"og:image:width\" content=\"1080\" \/>\n\t<meta property=\"og:image:height\" content=\"607\" \/>\n\t<meta property=\"og:image:type\" content=\"image\/jpeg\" \/>\n<meta name=\"twitter:label1\" content=\"\u00c9crit par\" \/>\n\t<meta name=\"twitter:data1\" content=\"Adama OUEDRAOGO\" \/>\n\t<meta name=\"twitter:label2\" content=\"Dur\u00e9e de lecture estim\u00e9e\" \/>\n\t<meta name=\"twitter:data2\" content=\"1 minute\" \/>\n<script type=\"application\/ld+json\" class=\"yoast-schema-graph\">{\"@context\":\"https:\/\/schema.org\",\"@graph\":[{\"@type\":\"WebSite\",\"@id\":\"https:\/\/citeelegance.net\/#website\",\"url\":\"https:\/\/citeelegance.net\/\",\"name\":\"CITE ELEGANCE\",\"description\":\"\",\"potentialAction\":[{\"@type\":\"SearchAction\",\"target\":{\"@type\":\"EntryPoint\",\"urlTemplate\":\"https:\/\/citeelegance.net\/?s={search_term_string}\"},\"query-input\":\"required name=search_term_string\"}],\"inLanguage\":\"fr-FR\"},{\"@type\":\"ImageObject\",\"@id\":\"https:\/\/citeelegance.net\/?p=1795#primaryimage\",\"inLanguage\":\"fr-FR\",\"url\":\"https:\/\/citeelegance.net\/wp-content\/uploads\/2019\/03\/m\u00e9morial-TS.jpg\",\"contentUrl\":\"https:\/\/citeelegance.net\/wp-content\/uploads\/2019\/03\/m\u00e9morial-TS.jpg\",\"width\":1080,\"height\":607},{\"@type\":\"WebPage\",\"@id\":\"https:\/\/citeelegance.net\/?p=1795#webpage\",\"url\":\"https:\/\/citeelegance.net\/?p=1795\",\"name\":\"M\u00e9morial Thomas Sankara : La statue enlev\u00e9e pour cause d\u2019imperfections - CITE ELEGANCE\",\"isPartOf\":{\"@id\":\"https:\/\/citeelegance.net\/#website\"},\"primaryImageOfPage\":{\"@id\":\"https:\/\/citeelegance.net\/?p=1795#primaryimage\"},\"datePublished\":\"2019-03-15T11:50:32+00:00\",\"dateModified\":\"2019-03-15T16:55:55+00:00\",\"author\":{\"@id\":\"https:\/\/citeelegance.net\/#\/schema\/person\/4b3dc39431a8beca84e75fce0d70f5ff\"},\"breadcrumb\":{\"@id\":\"https:\/\/citeelegance.net\/?p=1795#breadcrumb\"},\"inLanguage\":\"fr-FR\",\"potentialAction\":[{\"@type\":\"ReadAction\",\"target\":[\"https:\/\/citeelegance.net\/?p=1795\"]}]},{\"@type\":\"BreadcrumbList\",\"@id\":\"https:\/\/citeelegance.net\/?p=1795#breadcrumb\",\"itemListElement\":[{\"@type\":\"ListItem\",\"position\":1,\"name\":\"Accueil\",\"item\":\"https:\/\/citeelegance.net\/\"},{\"@type\":\"ListItem\",\"position\":2,\"name\":\"M\u00e9morial Thomas Sankara : La statue enlev\u00e9e pour cause d\u2019imperfections\"}]},{\"@type\":\"Person\",\"@id\":\"https:\/\/citeelegance.net\/#\/schema\/person\/4b3dc39431a8beca84e75fce0d70f5ff\",\"name\":\"Adama OUEDRAOGO\",\"url\":\"https:\/\/citeelegance.net\/?author=2\"}]}<\/script>\n<!-- \/ Yoast SEO plugin. -->","yoast_head_json":{"title":"M\u00e9morial Thomas Sankara : La statue enlev\u00e9e pour cause d\u2019imperfections - CITE ELEGANCE","robots":{"index":"index","follow":"follow","max-snippet":"max-snippet:-1","max-image-preview":"max-image-preview:large","max-video-preview":"max-video-preview:-1"},"canonical":"https:\/\/citeelegance.net\/?p=1795","og_locale":"fr_FR","og_type":"article","og_title":"M\u00e9morial Thomas Sankara : La statue enlev\u00e9e pour cause d\u2019imperfections - CITE ELEGANCE","og_description":"Suite \u00e0 la pol\u00e9mique n\u00e9e de la non ressemblance de la statue d\u2019avec le pr\u00e9sident Thomas Sankara d\u00e9voil\u00e9e le 02 mars dernier, la statue a \u00e9t\u00e9 retir\u00e9e. &nbsp;C\u2019est le constat que l\u2019on fait en passant au Conseil de l\u2019entente ce vendredi 15 mars. Suite \u00e0 la conf\u00e9rence de presse donn\u00e9e par le Comit\u00e9 International M\u00e9morial [&hellip;]","og_url":"https:\/\/citeelegance.net\/?p=1795","og_site_name":"CITE ELEGANCE","article_published_time":"2019-03-15T11:50:32+00:00","article_modified_time":"2019-03-15T16:55:55+00:00","og_image":[{"width":1080,"height":607,"url":"https:\/\/citeelegance.net\/wp-content\/uploads\/2019\/03\/m\u00e9morial-TS.jpg","type":"image\/jpeg"}],"twitter_misc":{"\u00c9crit par":"Adama OUEDRAOGO","Dur\u00e9e de lecture estim\u00e9e":"1 minute"},"schema":{"@context":"https:\/\/schema.org","@graph":[{"@type":"WebSite","@id":"https:\/\/citeelegance.net\/#website","url":"https:\/\/citeelegance.net\/","name":"CITE ELEGANCE","description":"","potentialAction":[{"@type":"SearchAction","target":{"@type":"EntryPoint","urlTemplate":"https:\/\/citeelegance.net\/?s={search_term_string}"},"query-input":"required name=search_term_string"}],"inLanguage":"fr-FR"},{"@type":"ImageObject","@id":"https:\/\/citeelegance.net\/?p=1795#primaryimage","inLanguage":"fr-FR","url":"https:\/\/citeelegance.net\/wp-content\/uploads\/2019\/03\/m\u00e9morial-TS.jpg","contentUrl":"https:\/\/citeelegance.net\/wp-content\/uploads\/2019\/03\/m\u00e9morial-TS.jpg","width":1080,"height":607},{"@type":"WebPage","@id":"https:\/\/citeelegance.net\/?p=1795#webpage","url":"https:\/\/citeelegance.net\/?p=1795","name":"M\u00e9morial Thomas Sankara : La statue enlev\u00e9e pour cause d\u2019imperfections - CITE ELEGANCE","isPartOf":{"@id":"https:\/\/citeelegance.net\/#website"},"primaryImageOfPage":{"@id":"https:\/\/citeelegance.net\/?p=1795#primaryimage"},"datePublished":"2019-03-15T11:50:32+00:00","dateModified":"2019-03-15T16:55:55+00:00","author":{"@id":"https:\/\/citeelegance.net\/#\/schema\/person\/4b3dc39431a8beca84e75fce0d70f5ff"},"breadcrumb":{"@id":"https:\/\/citeelegance.net\/?p=1795#breadcrumb"},"inLanguage":"fr-FR","potentialAction":[{"@type":"ReadAction","target":["https:\/\/citeelegance.net\/?p=1795"]}]},{"@type":"BreadcrumbList","@id":"https:\/\/citeelegance.net\/?p=1795#breadcrumb","itemListElement":[{"@type":"ListItem","position":1,"name":"Accueil","item":"https:\/\/citeelegance.net\/"},{"@type":"ListItem","position":2,"name":"M\u00e9morial Thomas Sankara : La statue enlev\u00e9e pour cause d\u2019imperfections"}]},{"@type":"Person","@id":"https:\/\/citeelegance.net\/#\/schema\/person\/4b3dc39431a8beca84e75fce0d70f5ff","name":"Adama OUEDRAOGO","url":"https:\/\/citeelegance.net\/?author=2"}]}},"_links":{"self":[{"href":"https:\/\/citeelegance.net\/index.php?rest_route=\/wp\/v2\/posts\/1795"}],"collection":[{"href":"https:\/\/citeelegance.net\/index.php?rest_route=\/wp\/v2\/posts"}],"about":[{"href":"https:\/\/citeelegance.net\/index.php?rest_route=\/wp\/v2\/types\/post"}],"author":[{"embeddable":true,"href":"https:\/\/citeelegance.net\/index.php?rest_route=\/wp\/v2\/users\/2"}],"replies":[{"embeddable":true,"href":"https:\/\/citeelegance.net\/index.php?rest_route=%2Fwp%2Fv2%2Fcomments&post=1795"}],"version-history":[{"count":1,"href":"https:\/\/citeelegance.net\/index.php?rest_route=\/wp\/v2\/posts\/1795\/revisions"}],"predecessor-version":[{"id":1797,"href":"https:\/\/citeelegance.net\/index.php?rest_route=\/wp\/v2\/posts\/1795\/revisions\/1797"}],"wp:featuredmedia":[{"embeddable":true,"href":"https:\/\/citeelegance.net\/index.php?rest_route=\/wp\/v2\/media\/1796"}],"wp:attachment":[{"href":"https:\/\/citeelegance.net\/index.php?rest_route=%2Fwp%2Fv2%2Fmedia&parent=1795"}],"wp:term":[{"taxonomy":"category","embeddable":true,"href":"https:\/\/citeelegance.net\/index.php?rest_route=%2Fwp%2Fv2%2Fcategories&post=1795"},{"taxonomy":"post_tag","embeddable":true,"href":"https:\/\/citeelegance.net\/index.php?rest_route=%2Fwp%2Fv2%2Ftags&post=1795"}],"curies":[{"name":"wp","href":"https:\/\/api.w.org\/{rel}","templated":true}]}}