{"id":1349,"date":"2019-01-21T08:04:25","date_gmt":"2019-01-21T07:04:25","guid":{"rendered":"http:\/\/citeelegance.net\/?p=1349"},"modified":"2019-01-21T08:07:00","modified_gmt":"2019-01-21T07:07:00","slug":"bientot-un-monument-des-architectes-a-ouagadougou","status":"publish","type":"post","link":"https:\/\/citeelegance.net\/?p=1349","title":{"rendered":"Bient\u00f4t un monument des architectes \u00e0 Ouagadougou"},"content":{"rendered":"<p><strong>Lors de la semaine de l\u2019architecte, le pr\u00e9sident de l\u2019ordre des architectes du Burkina M. Fabien Ou\u00e9draogo a proc\u00e9d\u00e9 \u00e0 la pose de la premi\u00e8re pierre du monument des architectes au quartier Wemtenga. Un monument qui viendra t\u00e9moigner l\u2019existence et la solidarit\u00e9 des architectes du Burkina.<\/strong><\/p>\n<p>Le monument, sous forme de Crystal de b\u00e9ton, sera constitu\u00e9 d\u2019empilement de petite dalles de b\u00e9ton de forme cristalline, contondant en se r\u00e9duisant vers le sommet qui montre l\u2019\u00e9volution de la soci\u00e9t\u00e9. Le plan du monument de l\u2019architecte appel\u00e9 \u00ab\u00a0Crystal de B\u00e9ton\u00a0\u00bb a fait l\u2019objet d\u2019une comp\u00e9tition au niveau des \u00e9tudiants de l\u2019\u00e9cole d\u2019architecture et d\u2019urbanisme de Lom\u00e9. L\u2019id\u00e9e cr\u00e9ative est d\u2019empiler des \u00e9l\u00e9ments pr\u00e9fabriqu\u00e9s en usant d\u2019une enveloppe inspir\u00e9e par le Crystal de roche et de faire un retro \u00e9clairage aux couleurs du drapeau du Burkina Faso.\u00a0 En fonction des crit\u00e8res d\u2019accessibilit\u00e9 et de visibilit\u00e9, la mairie de Ouagadougou a proc\u00e9d\u00e9 au choix du site de Wemtenga.<\/p>\n<p>Le monument de l\u2019architecte est le signe de la \u00a0volont\u00e9 des architectes de contribuer \u00e0 la valorisation des places des collectivit\u00e9s. Il va repr\u00e9senter la confluence des facteurs, le groupement et la solidarit\u00e9 des architectes. Cette version connote un ensemble d\u2019architectes, uni et solidairement organis\u00e9 autour d\u2019un m\u00eame but qui sera d\u2019avancer ensemble pour p\u00e9renniser le m\u00e9tier de l\u2019architecte. En cr\u00e9ant une brochette de petites dalles suspendues qui semblent flotter dans les airs pour que les citoyens se questionnent sur cette prouesse, le m\u00e9tier de l\u2019architecte continu de se voir technique, artistique et inspirant. C\u2019est un monument qui se veut simple, appliqu\u00e9 et accessible.<\/p>\n<p>Ce projet de construction du monument de l\u2019architecte attend des \u00e9tudes de d\u00e9tails, pour situer la population sur le co\u00fbt du monument. C\u2019est un monument qui devra \u00eatre livr\u00e9 dans un d\u00e9lai de trois mois.<\/p>\n<p>Isma\u00ebl Kiekieta<\/p>\n<aside class=\"mashsb-container mashsb-main mashsb-stretched\"><div class=\"mashsb-box\"><div class=\"mashsb-buttons\"><a class=\"mashicon-facebook mash-small mash-center mashsb-noshadow\" href=\"https:\/\/www.facebook.com\/sharer.php?u=https%3A%2F%2Fciteelegance.net%2F%3Fp%3D1349\" target=\"_top\" rel=\"nofollow\"><span class=\"icon\"><\/span><span class=\"text\">Partagez<\/span><\/a><a class=\"mashicon-twitter mash-small mash-center mashsb-noshadow\" href=\"https:\/\/twitter.com\/intent\/tweet?text=&url=https:\/\/citeelegance.net\/?p=1349\" target=\"_top\" rel=\"nofollow\"><span class=\"icon\"><\/span><span class=\"text\">Tweet<\/span><\/a><div class=\"onoffswitch2 mash-small mashsb-noshadow\" style=\"display:none;\"><\/div><\/div>\n            <\/div>\n                <div style=\"clear:both;\"><\/div><\/aside>\n            <!-- Share buttons by mashshare.net - Version: 3.8.0--><div class=\"pdf24Plugin-cp\"> \t<form name=\"pdf24Form0\" method=\"post\" action=\"https:\/\/doc2pdf.pdf24.org\/wordpress.php\" target=\"pdf24PopWin\" onsubmit=\"var pdf24Win = window.open('about:blank', 'pdf24PopWin', 'resizable=yes,scrollbars=yes,width=600,height=250,left='+(screen.width\/2-300)+',top='+(screen.height\/3-125)+''); pdf24Win.focus(); if(typeof pdf24OnCreatePDF === 'function'){void(pdf24OnCreatePDF(this,pdf24Win));}\"> \t\t<input type=\"hidden\" name=\"blogCharset\" value=\"Cw1x07UAAA==\" \/><input type=\"hidden\" name=\"blogPosts\" value=\"MwQA\" \/><input type=\"hidden\" name=\"blogUrl\" value=\"yygpKSi20tdPzixJTc1JTU\/MS07Vy0stAQA=\" \/><input type=\"hidden\" name=\"blogName\" value=\"c\/YMcVVw9XF1d\/RzdgUA\" \/><input type=\"hidden\" name=\"blogValueEncoding\" value=\"gzdeflate base64\" \/><input type=\"hidden\" name=\"postId_0\" value=\"MzQ2sQQA\" \/><input type=\"hidden\" name=\"postTitle_0\" value=\"c8pMzSs5vKVEoTRPITc\/rzQXyFVISS1WSCxKzsgsSU0uAbIPL1DwL01MT0zJL03PLwUA\" \/><input type=\"hidden\" name=\"postLink_0\" value=\"yygpKSi20tdPzixJTc1JTU\/MS07Vy0st0bcvsDU0NrEEAA==\" \/><input type=\"hidden\" name=\"postAuthor_0\" value=\"805MSS0CAA==\" \/><input type=\"hidden\" name=\"postDateTime_0\" value=\"MzIwtNQ1MNQ1MlQwsLAyMLQyMgUA\" \/><input type=\"hidden\" name=\"postContent_0\" value=\"rVbNbhs3EL7nKVgB6clatXEPrWspaNIaCOoiBfp3LLi7I4kJl6T5s7Zz6mv05mOVPEJu3jfpk\/QbcmXJgpOiQA3DXg2H8803882sTt3iNERvzWpxbn0QLQktRaBOKkP5099\/\/Cl9s1aRmkhHQpNwftgE1ZKJWwfrW8\/eQexcESuJZ8m\/VkaKHypxJmtFRrxMw6b10q6skIhkG3wcNmK4YVxnA40pOE+dGv5CWKfIc\/QkOmtSV2DvI8kkLpL0EZ7iN+oimZWsxC9md+MiKdEDH9AiDpvOqpWBMydPVyrgRkOCYiZvtWqlV3D7CKXqdDbW7XTmFo9O3eKc7uCOECQFsbS+y3ye++sQpebHethEa+BAyKSxJkQVEyNxJp1TmkaGwhGOcF1qTWF3lZ9K4MYrjqrRqSMOhcNW4i6qjDKiSW1SgQ09obNoXLBdR6UWyDT60rxh01udoiqhcwEaBahhUwlwclqag+IfiEJI50iDw+2725s9qs9yvrc3t+\/R6qVUsWilfoUcmG6CwhrbObipDI82GtUT\/nHdYU6tQv5hCzlsGgsa7T568rlvOZ6vpVGhlPzcdpkA7AoC42oNGxkRXlCIe+X2IxgIML2Q5b2UtVcX6EvgaqZcxW3KZHrSFpSFMsEpz8Gd9FzgPfJQ9rpkRswdWSYjPEEywGo0LHKFyqUrlCBpSj6LC\/J0mf9udM5ksNXtjfjOoO2mGfsUuPuR5yOUejQNhaBqpbNuC26v7ixH3FgMtVe5Oi+TXMnWppVN98YQ0M3aqitOIGT10W6gHhD6A2Lg6rLWeMBGQd3eQGEQ3EMDRVm5XtUJnShboJfaQtryjiok2GRfsLaYBhShZ1KhEi803FHXvJOQEM90nqulTnmm+dJSAgsVzttr5W1yZcj+dd4r8ZwiOPEAcTKIa2zMrSSDJVkfqpGAkYziyCUsGp+hrF+xNnOJo01+VJPohrfQa53KVOalkAP2Esn7HYrjO5gUTwZhKKut48HJ+j3oQcViyXoHMku2zmqMpZ9lr4TtYgkpOOzFhMeSAuPh3lLbyOXESuHlgbooaDTncZEoWxoV7TVS5HUDW+CGGb4b4NRkPEgLB6G8OD6YcNaAMjz3HKu3ygscrA1mEFd5syM4w6KwZepADd3hKQ7M8f6m5xiEmgbVOc0BnNN5nPn+dlQ03Sn6eU70VZmavJR9Gift44sPFE2721ZF0BikKJWGFHK1MEepyNJZl3SRNVdIM9bwPu6DfJhTSz3EMbzNa1v1ntXKrYEfALFQGBrrRQXcU+GO24vQyeGdFt8req0oymKX\/AIX2EMhzCedDOtQT7kJ\/Nr3YjTwl4DtM0pCESJqJ4vTVvUHV2t79bA9RbwCAs7k\/okC1BRTSbW1rzPCFFlqXR6bMsdjCGPDGqvqciLWnpbzyTpGF05ms8vLy2obosJrZAY3T75ya\/c0zbPX4+NvHj85wy+ESqRpxUNVGYpsPT5zj4+\/\/fz4i68mIkq\/ojif\/B6tm2Cb6PnE2CVWDWDx\/cjhDThmz5nDNGPb\/ZNIV3Gy+BFaxWJ\/s\/WYyYeox0sVtxT\/O\/PxdiatcMFEmIjiU05h\/mnyer51PSQ+e+rm\/zflnxl7n++eDCxiLgPybdZPDtneYxjitab5pFUBy\/76xFhDXzMoYo1\/H4m9nwdM2czQY6hGk\/QntY3rvUBZ9gehPplOxU+sHTGqVdTXJUE2ctXEVPxa3gAn4rj6svpsOl38Aw==\" \/> \t\t<a href=\"https:\/\/www.pdf24.org\" target=\"_blank\" title=\"www.pdf24.org\" rel=\"nofollow\"><img src=\"https:\/\/citeelegance.net\/wp-content\/plugins\/pdf24-posts-to-pdf\/img\/pdf_32x32.png\" alt=\"\" border=\"0\" height=\"32\" \/><\/a> \t\t<span class=\"pdf24Plugin-cp-space\">&nbsp;&nbsp;<\/span> \t\t<span class=\"pdf24Plugin-cp-text\">Send article as PDF<\/span> \t\t<span class=\"pdf24Plugin-cp-space\">&nbsp;&nbsp;<\/span> \t\t<input class=\"pdf24Plugin-cp-input\" style=\"margin: 0px;\" type=\"text\" name=\"sendEmailTo\" placeholder=\"Enter email address\" \/> \t\t<input class=\"pdf24Plugin-cp-submit\" style=\"margin: 0px;\" type=\"submit\" value=\"Send\" \/> \t<\/form> <\/div>","protected":false},"excerpt":{"rendered":"<p>Lors de la semaine de l\u2019architecte, le pr\u00e9sident de l\u2019ordre des architectes du Burkina M. Fabien Ou\u00e9draogo a proc\u00e9d\u00e9 \u00e0 la pose de la premi\u00e8re pierre du monument des architectes au quartier Wemtenga. Un monument qui viendra t\u00e9moigner l\u2019existence et la solidarit\u00e9 des architectes du Burkina. Le monument, sous forme de Crystal de b\u00e9ton, sera [&hellip;]<\/p>\n","protected":false},"author":3,"featured_media":1350,"comment_status":"open","ping_status":"open","sticky":false,"template":"","format":"standard","meta":{"footnotes":""},"categories":[2,6],"tags":[],"yoast_head":"<!-- This site is optimized with the Yoast SEO plugin v18.1 - https:\/\/yoast.com\/wordpress\/plugins\/seo\/ -->\n<title>Bient\u00f4t un monument des architectes \u00e0 Ouagadougou - CITE ELEGANCE<\/title>\n<meta name=\"robots\" content=\"index, follow, max-snippet:-1, max-image-preview:large, max-video-preview:-1\" \/>\n<link rel=\"canonical\" href=\"https:\/\/citeelegance.net\/?p=1349\" \/>\n<meta property=\"og:locale\" content=\"fr_FR\" \/>\n<meta property=\"og:type\" content=\"article\" \/>\n<meta property=\"og:title\" content=\"Bient\u00f4t un monument des architectes \u00e0 Ouagadougou - CITE ELEGANCE\" \/>\n<meta property=\"og:description\" content=\"Lors de la semaine de l\u2019architecte, le pr\u00e9sident de l\u2019ordre des architectes du Burkina M. Fabien Ou\u00e9draogo a proc\u00e9d\u00e9 \u00e0 la pose de la premi\u00e8re pierre du monument des architectes au quartier Wemtenga. Un monument qui viendra t\u00e9moigner l\u2019existence et la solidarit\u00e9 des architectes du Burkina. Le monument, sous forme de Crystal de b\u00e9ton, sera [&hellip;]\" \/>\n<meta property=\"og:url\" content=\"https:\/\/citeelegance.net\/?p=1349\" \/>\n<meta property=\"og:site_name\" content=\"CITE ELEGANCE\" \/>\n<meta property=\"article:published_time\" content=\"2019-01-21T07:04:25+00:00\" \/>\n<meta property=\"article:modified_time\" content=\"2019-01-21T07:07:00+00:00\" \/>\n<meta property=\"og:image\" content=\"https:\/\/citeelegance.net\/wp-content\/uploads\/2019\/01\/IMG-20190119-WA0001.jpg\" \/>\n\t<meta property=\"og:image:width\" content=\"592\" \/>\n\t<meta property=\"og:image:height\" content=\"1052\" \/>\n\t<meta property=\"og:image:type\" content=\"image\/jpeg\" \/>\n<meta name=\"twitter:label1\" content=\"\u00c9crit par\" \/>\n\t<meta name=\"twitter:data1\" content=\"Kader\" \/>\n\t<meta name=\"twitter:label2\" content=\"Dur\u00e9e de lecture estim\u00e9e\" \/>\n\t<meta name=\"twitter:data2\" content=\"2 minutes\" \/>\n<script type=\"application\/ld+json\" class=\"yoast-schema-graph\">{\"@context\":\"https:\/\/schema.org\",\"@graph\":[{\"@type\":\"WebSite\",\"@id\":\"https:\/\/citeelegance.net\/#website\",\"url\":\"https:\/\/citeelegance.net\/\",\"name\":\"CITE ELEGANCE\",\"description\":\"\",\"potentialAction\":[{\"@type\":\"SearchAction\",\"target\":{\"@type\":\"EntryPoint\",\"urlTemplate\":\"https:\/\/citeelegance.net\/?s={search_term_string}\"},\"query-input\":\"required name=search_term_string\"}],\"inLanguage\":\"fr-FR\"},{\"@type\":\"ImageObject\",\"@id\":\"https:\/\/citeelegance.net\/?p=1349#primaryimage\",\"inLanguage\":\"fr-FR\",\"url\":\"https:\/\/citeelegance.net\/wp-content\/uploads\/2019\/01\/IMG-20190119-WA0001.jpg\",\"contentUrl\":\"https:\/\/citeelegance.net\/wp-content\/uploads\/2019\/01\/IMG-20190119-WA0001.jpg\",\"width\":592,\"height\":1052},{\"@type\":\"WebPage\",\"@id\":\"https:\/\/citeelegance.net\/?p=1349#webpage\",\"url\":\"https:\/\/citeelegance.net\/?p=1349\",\"name\":\"Bient\u00f4t un monument des architectes \u00e0 Ouagadougou - CITE ELEGANCE\",\"isPartOf\":{\"@id\":\"https:\/\/citeelegance.net\/#website\"},\"primaryImageOfPage\":{\"@id\":\"https:\/\/citeelegance.net\/?p=1349#primaryimage\"},\"datePublished\":\"2019-01-21T07:04:25+00:00\",\"dateModified\":\"2019-01-21T07:07:00+00:00\",\"author\":{\"@id\":\"https:\/\/citeelegance.net\/#\/schema\/person\/e06163d4cd2cfc8a3cfc96dc84443ae4\"},\"breadcrumb\":{\"@id\":\"https:\/\/citeelegance.net\/?p=1349#breadcrumb\"},\"inLanguage\":\"fr-FR\",\"potentialAction\":[{\"@type\":\"ReadAction\",\"target\":[\"https:\/\/citeelegance.net\/?p=1349\"]}]},{\"@type\":\"BreadcrumbList\",\"@id\":\"https:\/\/citeelegance.net\/?p=1349#breadcrumb\",\"itemListElement\":[{\"@type\":\"ListItem\",\"position\":1,\"name\":\"Accueil\",\"item\":\"https:\/\/citeelegance.net\/\"},{\"@type\":\"ListItem\",\"position\":2,\"name\":\"Bient\u00f4t un monument des architectes \u00e0 Ouagadougou\"}]},{\"@type\":\"Person\",\"@id\":\"https:\/\/citeelegance.net\/#\/schema\/person\/e06163d4cd2cfc8a3cfc96dc84443ae4\",\"name\":\"Kader\",\"url\":\"https:\/\/citeelegance.net\/?author=3\"}]}<\/script>\n<!-- \/ Yoast SEO plugin. -->","yoast_head_json":{"title":"Bient\u00f4t un monument des architectes \u00e0 Ouagadougou - CITE ELEGANCE","robots":{"index":"index","follow":"follow","max-snippet":"max-snippet:-1","max-image-preview":"max-image-preview:large","max-video-preview":"max-video-preview:-1"},"canonical":"https:\/\/citeelegance.net\/?p=1349","og_locale":"fr_FR","og_type":"article","og_title":"Bient\u00f4t un monument des architectes \u00e0 Ouagadougou - CITE ELEGANCE","og_description":"Lors de la semaine de l\u2019architecte, le pr\u00e9sident de l\u2019ordre des architectes du Burkina M. Fabien Ou\u00e9draogo a proc\u00e9d\u00e9 \u00e0 la pose de la premi\u00e8re pierre du monument des architectes au quartier Wemtenga. Un monument qui viendra t\u00e9moigner l\u2019existence et la solidarit\u00e9 des architectes du Burkina. Le monument, sous forme de Crystal de b\u00e9ton, sera [&hellip;]","og_url":"https:\/\/citeelegance.net\/?p=1349","og_site_name":"CITE ELEGANCE","article_published_time":"2019-01-21T07:04:25+00:00","article_modified_time":"2019-01-21T07:07:00+00:00","og_image":[{"width":592,"height":1052,"url":"https:\/\/citeelegance.net\/wp-content\/uploads\/2019\/01\/IMG-20190119-WA0001.jpg","type":"image\/jpeg"}],"twitter_misc":{"\u00c9crit par":"Kader","Dur\u00e9e de lecture estim\u00e9e":"2 minutes"},"schema":{"@context":"https:\/\/schema.org","@graph":[{"@type":"WebSite","@id":"https:\/\/citeelegance.net\/#website","url":"https:\/\/citeelegance.net\/","name":"CITE ELEGANCE","description":"","potentialAction":[{"@type":"SearchAction","target":{"@type":"EntryPoint","urlTemplate":"https:\/\/citeelegance.net\/?s={search_term_string}"},"query-input":"required name=search_term_string"}],"inLanguage":"fr-FR"},{"@type":"ImageObject","@id":"https:\/\/citeelegance.net\/?p=1349#primaryimage","inLanguage":"fr-FR","url":"https:\/\/citeelegance.net\/wp-content\/uploads\/2019\/01\/IMG-20190119-WA0001.jpg","contentUrl":"https:\/\/citeelegance.net\/wp-content\/uploads\/2019\/01\/IMG-20190119-WA0001.jpg","width":592,"height":1052},{"@type":"WebPage","@id":"https:\/\/citeelegance.net\/?p=1349#webpage","url":"https:\/\/citeelegance.net\/?p=1349","name":"Bient\u00f4t un monument des architectes \u00e0 Ouagadougou - CITE ELEGANCE","isPartOf":{"@id":"https:\/\/citeelegance.net\/#website"},"primaryImageOfPage":{"@id":"https:\/\/citeelegance.net\/?p=1349#primaryimage"},"datePublished":"2019-01-21T07:04:25+00:00","dateModified":"2019-01-21T07:07:00+00:00","author":{"@id":"https:\/\/citeelegance.net\/#\/schema\/person\/e06163d4cd2cfc8a3cfc96dc84443ae4"},"breadcrumb":{"@id":"https:\/\/citeelegance.net\/?p=1349#breadcrumb"},"inLanguage":"fr-FR","potentialAction":[{"@type":"ReadAction","target":["https:\/\/citeelegance.net\/?p=1349"]}]},{"@type":"BreadcrumbList","@id":"https:\/\/citeelegance.net\/?p=1349#breadcrumb","itemListElement":[{"@type":"ListItem","position":1,"name":"Accueil","item":"https:\/\/citeelegance.net\/"},{"@type":"ListItem","position":2,"name":"Bient\u00f4t un monument des architectes \u00e0 Ouagadougou"}]},{"@type":"Person","@id":"https:\/\/citeelegance.net\/#\/schema\/person\/e06163d4cd2cfc8a3cfc96dc84443ae4","name":"Kader","url":"https:\/\/citeelegance.net\/?author=3"}]}},"_links":{"self":[{"href":"https:\/\/citeelegance.net\/index.php?rest_route=\/wp\/v2\/posts\/1349"}],"collection":[{"href":"https:\/\/citeelegance.net\/index.php?rest_route=\/wp\/v2\/posts"}],"about":[{"href":"https:\/\/citeelegance.net\/index.php?rest_route=\/wp\/v2\/types\/post"}],"author":[{"embeddable":true,"href":"https:\/\/citeelegance.net\/index.php?rest_route=\/wp\/v2\/users\/3"}],"replies":[{"embeddable":true,"href":"https:\/\/citeelegance.net\/index.php?rest_route=%2Fwp%2Fv2%2Fcomments&post=1349"}],"version-history":[{"count":2,"href":"https:\/\/citeelegance.net\/index.php?rest_route=\/wp\/v2\/posts\/1349\/revisions"}],"predecessor-version":[{"id":1352,"href":"https:\/\/citeelegance.net\/index.php?rest_route=\/wp\/v2\/posts\/1349\/revisions\/1352"}],"wp:featuredmedia":[{"embeddable":true,"href":"https:\/\/citeelegance.net\/index.php?rest_route=\/wp\/v2\/media\/1350"}],"wp:attachment":[{"href":"https:\/\/citeelegance.net\/index.php?rest_route=%2Fwp%2Fv2%2Fmedia&parent=1349"}],"wp:term":[{"taxonomy":"category","embeddable":true,"href":"https:\/\/citeelegance.net\/index.php?rest_route=%2Fwp%2Fv2%2Fcategories&post=1349"},{"taxonomy":"post_tag","embeddable":true,"href":"https:\/\/citeelegance.net\/index.php?rest_route=%2Fwp%2Fv2%2Ftags&post=1349"}],"curies":[{"name":"wp","href":"https:\/\/api.w.org\/{rel}","templated":true}]}}