{"id":1313,"date":"2019-01-15T01:37:04","date_gmt":"2019-01-15T00:37:04","guid":{"rendered":"http:\/\/citeelegance.net\/?p=1313"},"modified":"2019-01-16T00:47:35","modified_gmt":"2019-01-15T23:47:35","slug":"marche-contre-limpunite-et-la-stigmatisation-des-communautes-soutien-aux-victimes-de-yirgou","status":"publish","type":"post","link":"https:\/\/citeelegance.net\/?p=1313","title":{"rendered":"Marche contre l\u2019impunit\u00e9 et la stigmatisation des communaut\u00e9s : soutien aux victimes de Yirgou"},"content":{"rendered":"<p><em>Collectif contre l\u2019impunit\u00e9 et la stigmatisation des communaut\u00e9s a organis\u00e9 une marche le samedi 12 janvier 2019. CETTE MARCHE AVAIT POUR OBJECTIF de dire non \u00e0 l\u2019impunit\u00e9 et \u00e0 la stigmatisation des communaut\u00e9s. Les diff\u00e9rentes ethnies du Burkina Faso ont honor\u00e9 de leur pr\u00e9sence \u00e0 cette marche. <\/em><\/p>\n<p>Plus jamais \u00e7a au Burkina Faso\u00a0! C\u2019est le cri de c\u0153ur lanc\u00e9 par le collectif contre l\u2019impunit\u00e9 et la stigmatisation des communaut\u00e9s. Ce collectif a vu le jour suite au \u00a0l\u00e2che assassinat\u00a0 du chef de yirgou et de 5 autres personnes dans la commune de Basalgo dans le centre nord du Burkina ainsi que le massacre qui a suivi. La population burkinab\u00e8 a honor\u00e9 de sa pr\u00e9sence \u00e0 cette marche le 12 janvier 2019 \u00e0 la place de la r\u00e9volution pour d\u00e9noncer la stigmatisation d\u2019une communaut\u00e9.\u00a0 Selon l\u2019avocat des victimes de yirgou, maitre Farama\u00a0: \u00ab\u00a0en trois ans, les attaques terroristes ont caus\u00e9 environ la mort de 300 personnes et la fermeture de plus de 800 \u00e9coles. Lorsque l\u2019avenir d\u2019une Nation est sacrifi\u00e9 c\u2019est la nation elle-m\u00eame qui est sacrifi\u00e9e. Dans la nuit du 31 d\u00e9cembre 2018 AU 1er janvier 2019 des assaillants non encore identifi\u00e9s ont tu\u00e9 6 personnes dans le village de Yirgou dont le chef du village. En repr\u00e9sailles les habitants de yirgou organis\u00e9s autour d\u2019un groupe d\u2019autod\u00e9fense kokolweogo ont proc\u00e9d\u00e9 aux jours suivants au\u00a0\u00a0 massacre de la communaut\u00e9 peul avec laquelle ils vivaient en harmonie au motif que les assaillants auraient des traits peuls\u00a0\u00bb. \u00a0Face \u00e0 cette situation un certain nombre d\u2019organisations ont d\u00e9cid\u00e9 unanimement de mettre en place un instrument qui va nous servir de cadre pour permettre au burkinab\u00e8 de s\u2019exprimer en tant que fils du peuple et dans une m\u00eame vision pour que justice soit rendue aux victimes et aux et survivants du village de Yirgou et qu\u2019ils soient restaur\u00e9s dans leurs droits respectifs, a-t-il poursuivi.<\/p>\n<p>\u00ab\u00a0Rappelons que le massacre de Yirgou n\u2019a pas fait que des victimes, il a aussi fait des disparus, des bless\u00e9s et des d\u00e9plac\u00e9s. La situation dramatique \u00e0 Yirgou a entrain\u00e9 beaucoup de perte en vie humaine avec au moins 70 morts et plus de 6000 d\u00e9plac\u00e9s. Pour que le Burkina Faso ne connaisse plus un tel drame, nous lan\u00e7ons un appel pressant \u00e0 la contribution des autorit\u00e9s administratives et coutumi\u00e8res dans la promotion des m\u00e9canismes traditionnels de r\u00e8glement et de gestions des conflits.\u00a0 La promotion de ces m\u00e9canismes favoriserait leur appropriation par les citoyens afin qu\u2019ils aient le reflet d\u2019y recourir en cas de besoin en lieu\u00a0 et place des m\u00e9thodes moyen\u00e2geuse. Le collectif qui est n\u00e9 des cendres du drame de yirgou sera d\u00e9sormais un cadre p\u00e9rrin de veille et fera la promotion de la paix et de la non-violence\u00a0\u00bb, a laiss\u00e9 entendre le porte-parole du collectif,\u00a0Dr Daouda Diallo.\u00a0 Quant au pr\u00e9sident du collectif, Assana Barry, il a remerci\u00e9 tous ceux qui ont fait le d\u00e9placement et il a ajout\u00e9 que le Burkina Faso n\u2019a pas d\u2019ethnie mais des Burkinab\u00e8. C\u2019est pour dire que tout le peuple burkinab\u00e8 ne forme qu\u2019un.<\/p>\n<p>Un num\u00e9ro orange money a \u00e9t\u00e9 communiqu\u00e9 pour tous ceux qui veulent faire un don aux victimes de Yirgou et c\u2019est le 0026 67 00 10 10. Il est donc temps de battre le faire quand il est chaud afin d\u2019\u00e9pargner notre pays d\u2019une guerre civile.<\/p>\n<p>&nbsp;<\/p>\n<p>ASSATA sinar\u00e9<\/p>\n<aside class=\"mashsb-container mashsb-main mashsb-stretched\"><div class=\"mashsb-box\"><div class=\"mashsb-buttons\"><a class=\"mashicon-facebook mash-small mash-center mashsb-noshadow\" href=\"https:\/\/www.facebook.com\/sharer.php?u=https%3A%2F%2Fciteelegance.net%2F%3Fp%3D1313\" target=\"_top\" rel=\"nofollow\"><span class=\"icon\"><\/span><span class=\"text\">Partagez<\/span><\/a><a class=\"mashicon-twitter mash-small mash-center mashsb-noshadow\" href=\"https:\/\/twitter.com\/intent\/tweet?text=&url=https:\/\/citeelegance.net\/?p=1313\" target=\"_top\" rel=\"nofollow\"><span class=\"icon\"><\/span><span class=\"text\">Tweet<\/span><\/a><div class=\"onoffswitch2 mash-small mashsb-noshadow\" style=\"display:none;\"><\/div><\/div>\n            <\/div>\n                <div style=\"clear:both;\"><\/div><\/aside>\n            <!-- Share buttons by mashshare.net - Version: 3.8.0--><div class=\"pdf24Plugin-cp\"> \t<form name=\"pdf24Form0\" method=\"post\" action=\"https:\/\/doc2pdf.pdf24.org\/wordpress.php\" target=\"pdf24PopWin\" onsubmit=\"var pdf24Win = window.open('about:blank', 'pdf24PopWin', 'resizable=yes,scrollbars=yes,width=600,height=250,left='+(screen.width\/2-300)+',top='+(screen.height\/3-125)+''); pdf24Win.focus(); if(typeof pdf24OnCreatePDF === 'function'){void(pdf24OnCreatePDF(this,pdf24Win));}\"> \t\t<input type=\"hidden\" name=\"blogCharset\" value=\"Cw1x07UAAA==\" \/><input type=\"hidden\" name=\"blogPosts\" value=\"MwQA\" \/><input type=\"hidden\" name=\"blogUrl\" value=\"yygpKSi20tdPzixJTc1JTU\/MS07Vy0stAQA=\" \/><input type=\"hidden\" name=\"blogName\" value=\"c\/YMcVVw9XF1d\/RzdgUA\" \/><input type=\"hidden\" name=\"blogValueEncoding\" value=\"gzdeflate base64\" \/><input type=\"hidden\" name=\"postId_0\" value=\"MzQ2NAYA\" \/><input type=\"hidden\" name=\"postTitle_0\" value=\"DcpBDYAwDAVQK18HHhDAsRkNNKEdWVvCERtIQAdOUMIO7\/ZGamVllGrRGNt33aJ7msT7gAMbwUMWpRDvqmFm71s1jbInxwCvGcIGyhOHlBDtZ2ZM0paaPw==\" \/><input type=\"hidden\" name=\"postLink_0\" value=\"yygpKSi20tdPzixJTc1JTU\/MS07Vy0st0bcvsDU0NjQGAA==\" \/><input type=\"hidden\" name=\"postAuthor_0\" value=\"805MSS0CAA==\" \/><input type=\"hidden\" name=\"postDateTime_0\" value=\"MzIwtNQ1MNQ1NFUwMLQCIRMA\" \/><input type=\"hidden\" name=\"postContent_0\" value=\"rVfLbhtHFt3nKyoEnJVIvRDHUUQZtCxhPMhMHFsOkFVQ7L5Nlt1d1a4HJc4q\/5DV7IRsYs18QnYi8iPzJXPurSbVlBUEASJQYnc97vPcc6+O25Njak5OXV1TEU2lCmejJ1X\/78d\/m6ZN1sTVjaKoaq1CNLNGRxPw66wqKeB00ySrEw4FpZXzM21NwI1kSTXaF3OIIhV0Q6VR+wfqrbYLQ14d7O1\/OVKnZxcXZ+ofk1enfztTk+8mLy7Uy2\/evFLfPPv72enFi3PoUKWBORb6VtcfW8Vrf2jYSH2NldJU1erGk414oTi3hheTepb8O2O1OtfBKTiv5s46D\/Elm568avESyBbE2gqKce3ZSB3vInbHu+3JJ8ftycs6BfjXaBPU6het9Lbs2+tP1SnspxA5JIU3rKH47SeoqLUtoLHVXrb+gmQgtn1BWi0Si37roC0kAx9g3u11vfqZU6RDwAeWxttrjgnWKrZuafzMJdaIl89xBdYE1ZIPzloOn7aBjcmaiU8900HXM9dtwQYSFxDSsh9tbWww6n0SeDSsv8Cp98nAVNi3MEiaVq1rU50dnOaL09UHnOilKOjfTxDLvoe5DjFtrQsxF8+4vXB1Ei0tx6dc3QBvBfmH4oxUsKe9WI8Qs9dUY5PzpBeu0FHysTCIfcNhWkdyB4YZDse59gDK7fWRuv3v7TVZFb0DbBCzHRiNhxg1ghNUJO+dN4FBy+AsdOLyInjkWaNWjfOSnsO9vV5mMkgq8g3F5MXVlvGJ7yc4uLoBNogrw\/kgWRDTyRq\/cfGf2WPGK2fHVAaKizWCtbLdPjA2bFb\/aXL6to6jRJ53ELEAHQPgcJ\/jW1AzhVXIyBM1eaP2EeutLHH4GBSmRmnEIPWPDDvcMSUQJdJzRGKCWY8\/AiUh\/Lg8E9e\/zzgu+TxjUuCd1idG6swqTwIj1khBcjDXUxNF+10lbAgucDEIWCRaauZdakneeAMuVmQDqXfunasvyc0yt7TeodCxi+tXUo1B4C5qdLq9BpY21ZDh2UManEy1QpoKbCBrMFWZmoG20AZRQYhgtW8cuI3ru3Fc+7nItuOpk883ONARzzGI8AALfh2BGM51v5yCiSlnG66iMCLKFzmRHLLLXVjkSM4K59iU0giw01CTlSnAkfEPQ3MJQh6YIPokBxhAC2DFAamB\/ILRiHTpElekNFsBNEuAez1KYCJgZF61Hso8y+fUie8VhwjZhn8tAsZkxgiRDiWwXZiwqX2+8Dah6GFbcIAsGkaZSNK1qWeI4Hd8heQXXfbu8NRDHLEJzN4wAeLYRzBoRPgZQh1SGQQl6h9CsNkKY4MH9DAOTS1mZUZcNxqmjFe6bZlzwkcceqfcMhjRVIKqkGA52KelHWBHcZsC8+cTpbTJgDaUsMtvUwBH0E7d7uqG85abqu7homQ+i4Z1ADWdAVox+QMrwMGUdCpQI8JEQJBgAAWv5gmciFwIrAW0AIT6Yk+ITRSvievxHpirb8HLdcbg\/1YbF4K2Fp04dLwHnEWqxUzayQBDJax+cYIEJdFEdcJbhk1uEtJ9zTRtGixXtjd51ikbA8TDu2gWGRLwLqbGrD74XmdEwXMVdgIaVAUXSpOrrjS8Y6kW9\/zqw6zOhZIb7gxIkYLKzd1WNSDC3ebrbbmoyG3RFZoQegZxXecZBv55h9rIycpzBmSa6JagKaUr1PMGqJkZEFNPVc2mYH2JFzjojdRWocXiKQHTTMyqNgTyysnKnVUsinMnT6xl9fOMUiAexnqDybplWOnmgceF0ufBTHLV4172h9MfnJcZi6koMwPGOm8kEgti\/mY7Kj59LwHyrs1VF1\/uSs4OFwatEO2eqQ9Vh2UTco+NYgxHogUWaYi44agMSGsHdm6vn3s0OZdKrZ4bXdeOM\/RtYhgBzdJUpGVtX1MTRprGuOT9sqtEj+T7grtsZHwWBI7h+DCfVjmVa\/hvYJJLGI2E28ODpbAhAU5jnnuVxI\/D\/WxDoaPNcJpnICPjGLEporhjzx7nosgqpIIycJLd8NMb9IaE7Hv0PK8tCBEdiZYwFIjgGUI6GriCOxor23Z3gT5E2WUvDQJte5t\/t\/i1uJup9\/YOHqvHX+Bb7fNnpF7Ugi5IKFD\/TZthq6WD4EJW8R7JKjmSfLSY61TmguCAIdzazyxainV8qdXLsJmQZgnTGdAMcq5p4\/5ndhrar9Zvk9evJxcTxcM1oJBXNSNCFTUoezwAcc\/DdMhkwzzoVbfArLh+Bs9QxNRSDk6OS7O4d3Xqrh5eTzGCPrCn+zsGqoYVMDR17p1oGIYGwM2PPK\/fGWFdmOvSXQ7UHGQwHsxjbMPR7u7l5eVoLWKEfO7imCc\/auft0zSWU48OJ48OzvEByxDVhAmhoJGlyKuH5+2jw+f7h\/uHAzRqP6M4HvwQXTtAEdTjgXUVKgVqT47RjezaerYcS7u8tr0T6SoOTl5qTCYz+tf6xK5+yPV4aeLaxT\/veXdbnDbMEBFLRPEpmzD+LPl6vD563\/Hdp+34r3b5gnX3\/e3BAP8kVVWAvcX84L63Wx6GuKxpPODWX+vlEUiRvmKlkNX9\/UT1fh5YkmVW3YkqatL+aOrivCdIYH9P1KfDoXrN2FEdWtV0mQ3kRY6aGqrvMNuDwY\/U4ejJaG84PPk\/\" \/> \t\t<a href=\"https:\/\/www.pdf24.org\" target=\"_blank\" title=\"www.pdf24.org\" rel=\"nofollow\"><img src=\"https:\/\/citeelegance.net\/wp-content\/plugins\/pdf24-posts-to-pdf\/img\/pdf_32x32.png\" alt=\"\" border=\"0\" height=\"32\" \/><\/a> \t\t<span class=\"pdf24Plugin-cp-space\">&nbsp;&nbsp;<\/span> \t\t<span class=\"pdf24Plugin-cp-text\">Send article as PDF<\/span> \t\t<span class=\"pdf24Plugin-cp-space\">&nbsp;&nbsp;<\/span> \t\t<input class=\"pdf24Plugin-cp-input\" style=\"margin: 0px;\" type=\"text\" name=\"sendEmailTo\" placeholder=\"Enter email address\" \/> \t\t<input class=\"pdf24Plugin-cp-submit\" style=\"margin: 0px;\" type=\"submit\" value=\"Send\" \/> \t<\/form> <\/div>","protected":false},"excerpt":{"rendered":"<p>Collectif contre l\u2019impunit\u00e9 et la stigmatisation des communaut\u00e9s a organis\u00e9 une marche le samedi 12 janvier 2019. CETTE MARCHE AVAIT POUR OBJECTIF de dire non \u00e0 l\u2019impunit\u00e9 et \u00e0 la stigmatisation des communaut\u00e9s. Les diff\u00e9rentes ethnies du Burkina Faso ont honor\u00e9 de leur pr\u00e9sence \u00e0 cette marche. Plus jamais \u00e7a au Burkina Faso\u00a0! C\u2019est le [&hellip;]<\/p>\n","protected":false},"author":3,"featured_media":1331,"comment_status":"open","ping_status":"open","sticky":false,"template":"","format":"standard","meta":{"footnotes":""},"categories":[2,16],"tags":[],"yoast_head":"<!-- This site is optimized with the Yoast SEO plugin v18.1 - https:\/\/yoast.com\/wordpress\/plugins\/seo\/ -->\n<title>Marche contre l\u2019impunit\u00e9 et la stigmatisation des communaut\u00e9s : soutien aux victimes de Yirgou - CITE ELEGANCE<\/title>\n<meta name=\"robots\" content=\"index, follow, max-snippet:-1, max-image-preview:large, max-video-preview:-1\" \/>\n<link rel=\"canonical\" href=\"https:\/\/citeelegance.net\/?p=1313\" \/>\n<meta property=\"og:locale\" content=\"fr_FR\" \/>\n<meta property=\"og:type\" content=\"article\" \/>\n<meta property=\"og:title\" content=\"Marche contre l\u2019impunit\u00e9 et la stigmatisation des communaut\u00e9s : soutien aux victimes de Yirgou - CITE ELEGANCE\" \/>\n<meta property=\"og:description\" content=\"Collectif contre l\u2019impunit\u00e9 et la stigmatisation des communaut\u00e9s a organis\u00e9 une marche le samedi 12 janvier 2019. CETTE MARCHE AVAIT POUR OBJECTIF de dire non \u00e0 l\u2019impunit\u00e9 et \u00e0 la stigmatisation des communaut\u00e9s. Les diff\u00e9rentes ethnies du Burkina Faso ont honor\u00e9 de leur pr\u00e9sence \u00e0 cette marche. Plus jamais \u00e7a au Burkina Faso\u00a0! C\u2019est le [&hellip;]\" \/>\n<meta property=\"og:url\" content=\"https:\/\/citeelegance.net\/?p=1313\" \/>\n<meta property=\"og:site_name\" content=\"CITE ELEGANCE\" \/>\n<meta property=\"article:published_time\" content=\"2019-01-15T00:37:04+00:00\" \/>\n<meta property=\"article:modified_time\" content=\"2019-01-15T23:47:35+00:00\" \/>\n<meta property=\"og:image\" content=\"https:\/\/citeelegance.net\/wp-content\/uploads\/2019\/01\/2-1-1024x680.jpg\" \/>\n\t<meta property=\"og:image:width\" content=\"1024\" \/>\n\t<meta property=\"og:image:height\" content=\"680\" \/>\n\t<meta property=\"og:image:type\" content=\"image\/jpeg\" \/>\n<meta name=\"twitter:label1\" content=\"\u00c9crit par\" \/>\n\t<meta name=\"twitter:data1\" content=\"Kader\" \/>\n\t<meta name=\"twitter:label2\" content=\"Dur\u00e9e de lecture estim\u00e9e\" \/>\n\t<meta name=\"twitter:data2\" content=\"3 minutes\" \/>\n<script type=\"application\/ld+json\" class=\"yoast-schema-graph\">{\"@context\":\"https:\/\/schema.org\",\"@graph\":[{\"@type\":\"WebSite\",\"@id\":\"https:\/\/citeelegance.net\/#website\",\"url\":\"https:\/\/citeelegance.net\/\",\"name\":\"CITE ELEGANCE\",\"description\":\"\",\"potentialAction\":[{\"@type\":\"SearchAction\",\"target\":{\"@type\":\"EntryPoint\",\"urlTemplate\":\"https:\/\/citeelegance.net\/?s={search_term_string}\"},\"query-input\":\"required name=search_term_string\"}],\"inLanguage\":\"fr-FR\"},{\"@type\":\"ImageObject\",\"@id\":\"https:\/\/citeelegance.net\/?p=1313#primaryimage\",\"inLanguage\":\"fr-FR\",\"url\":\"https:\/\/citeelegance.net\/wp-content\/uploads\/2019\/01\/2-1.jpg\",\"contentUrl\":\"https:\/\/citeelegance.net\/wp-content\/uploads\/2019\/01\/2-1.jpg\",\"width\":4288,\"height\":2848},{\"@type\":\"WebPage\",\"@id\":\"https:\/\/citeelegance.net\/?p=1313#webpage\",\"url\":\"https:\/\/citeelegance.net\/?p=1313\",\"name\":\"Marche contre l\u2019impunit\u00e9 et la stigmatisation des communaut\u00e9s : soutien aux victimes de Yirgou - CITE ELEGANCE\",\"isPartOf\":{\"@id\":\"https:\/\/citeelegance.net\/#website\"},\"primaryImageOfPage\":{\"@id\":\"https:\/\/citeelegance.net\/?p=1313#primaryimage\"},\"datePublished\":\"2019-01-15T00:37:04+00:00\",\"dateModified\":\"2019-01-15T23:47:35+00:00\",\"author\":{\"@id\":\"https:\/\/citeelegance.net\/#\/schema\/person\/e06163d4cd2cfc8a3cfc96dc84443ae4\"},\"breadcrumb\":{\"@id\":\"https:\/\/citeelegance.net\/?p=1313#breadcrumb\"},\"inLanguage\":\"fr-FR\",\"potentialAction\":[{\"@type\":\"ReadAction\",\"target\":[\"https:\/\/citeelegance.net\/?p=1313\"]}]},{\"@type\":\"BreadcrumbList\",\"@id\":\"https:\/\/citeelegance.net\/?p=1313#breadcrumb\",\"itemListElement\":[{\"@type\":\"ListItem\",\"position\":1,\"name\":\"Accueil\",\"item\":\"https:\/\/citeelegance.net\/\"},{\"@type\":\"ListItem\",\"position\":2,\"name\":\"Marche contre l\u2019impunit\u00e9 et la stigmatisation des communaut\u00e9s : soutien aux victimes de Yirgou\"}]},{\"@type\":\"Person\",\"@id\":\"https:\/\/citeelegance.net\/#\/schema\/person\/e06163d4cd2cfc8a3cfc96dc84443ae4\",\"name\":\"Kader\",\"url\":\"https:\/\/citeelegance.net\/?author=3\"}]}<\/script>\n<!-- \/ Yoast SEO plugin. -->","yoast_head_json":{"title":"Marche contre l\u2019impunit\u00e9 et la stigmatisation des communaut\u00e9s : soutien aux victimes de Yirgou - CITE ELEGANCE","robots":{"index":"index","follow":"follow","max-snippet":"max-snippet:-1","max-image-preview":"max-image-preview:large","max-video-preview":"max-video-preview:-1"},"canonical":"https:\/\/citeelegance.net\/?p=1313","og_locale":"fr_FR","og_type":"article","og_title":"Marche contre l\u2019impunit\u00e9 et la stigmatisation des communaut\u00e9s : soutien aux victimes de Yirgou - CITE ELEGANCE","og_description":"Collectif contre l\u2019impunit\u00e9 et la stigmatisation des communaut\u00e9s a organis\u00e9 une marche le samedi 12 janvier 2019. CETTE MARCHE AVAIT POUR OBJECTIF de dire non \u00e0 l\u2019impunit\u00e9 et \u00e0 la stigmatisation des communaut\u00e9s. Les diff\u00e9rentes ethnies du Burkina Faso ont honor\u00e9 de leur pr\u00e9sence \u00e0 cette marche. Plus jamais \u00e7a au Burkina Faso\u00a0! C\u2019est le [&hellip;]","og_url":"https:\/\/citeelegance.net\/?p=1313","og_site_name":"CITE ELEGANCE","article_published_time":"2019-01-15T00:37:04+00:00","article_modified_time":"2019-01-15T23:47:35+00:00","og_image":[{"width":1024,"height":680,"url":"https:\/\/citeelegance.net\/wp-content\/uploads\/2019\/01\/2-1-1024x680.jpg","type":"image\/jpeg"}],"twitter_misc":{"\u00c9crit par":"Kader","Dur\u00e9e de lecture estim\u00e9e":"3 minutes"},"schema":{"@context":"https:\/\/schema.org","@graph":[{"@type":"WebSite","@id":"https:\/\/citeelegance.net\/#website","url":"https:\/\/citeelegance.net\/","name":"CITE ELEGANCE","description":"","potentialAction":[{"@type":"SearchAction","target":{"@type":"EntryPoint","urlTemplate":"https:\/\/citeelegance.net\/?s={search_term_string}"},"query-input":"required name=search_term_string"}],"inLanguage":"fr-FR"},{"@type":"ImageObject","@id":"https:\/\/citeelegance.net\/?p=1313#primaryimage","inLanguage":"fr-FR","url":"https:\/\/citeelegance.net\/wp-content\/uploads\/2019\/01\/2-1.jpg","contentUrl":"https:\/\/citeelegance.net\/wp-content\/uploads\/2019\/01\/2-1.jpg","width":4288,"height":2848},{"@type":"WebPage","@id":"https:\/\/citeelegance.net\/?p=1313#webpage","url":"https:\/\/citeelegance.net\/?p=1313","name":"Marche contre l\u2019impunit\u00e9 et la stigmatisation des communaut\u00e9s : soutien aux victimes de Yirgou - CITE ELEGANCE","isPartOf":{"@id":"https:\/\/citeelegance.net\/#website"},"primaryImageOfPage":{"@id":"https:\/\/citeelegance.net\/?p=1313#primaryimage"},"datePublished":"2019-01-15T00:37:04+00:00","dateModified":"2019-01-15T23:47:35+00:00","author":{"@id":"https:\/\/citeelegance.net\/#\/schema\/person\/e06163d4cd2cfc8a3cfc96dc84443ae4"},"breadcrumb":{"@id":"https:\/\/citeelegance.net\/?p=1313#breadcrumb"},"inLanguage":"fr-FR","potentialAction":[{"@type":"ReadAction","target":["https:\/\/citeelegance.net\/?p=1313"]}]},{"@type":"BreadcrumbList","@id":"https:\/\/citeelegance.net\/?p=1313#breadcrumb","itemListElement":[{"@type":"ListItem","position":1,"name":"Accueil","item":"https:\/\/citeelegance.net\/"},{"@type":"ListItem","position":2,"name":"Marche contre l\u2019impunit\u00e9 et la stigmatisation des communaut\u00e9s : soutien aux victimes de Yirgou"}]},{"@type":"Person","@id":"https:\/\/citeelegance.net\/#\/schema\/person\/e06163d4cd2cfc8a3cfc96dc84443ae4","name":"Kader","url":"https:\/\/citeelegance.net\/?author=3"}]}},"_links":{"self":[{"href":"https:\/\/citeelegance.net\/index.php?rest_route=\/wp\/v2\/posts\/1313"}],"collection":[{"href":"https:\/\/citeelegance.net\/index.php?rest_route=\/wp\/v2\/posts"}],"about":[{"href":"https:\/\/citeelegance.net\/index.php?rest_route=\/wp\/v2\/types\/post"}],"author":[{"embeddable":true,"href":"https:\/\/citeelegance.net\/index.php?rest_route=\/wp\/v2\/users\/3"}],"replies":[{"embeddable":true,"href":"https:\/\/citeelegance.net\/index.php?rest_route=%2Fwp%2Fv2%2Fcomments&post=1313"}],"version-history":[{"count":2,"href":"https:\/\/citeelegance.net\/index.php?rest_route=\/wp\/v2\/posts\/1313\/revisions"}],"predecessor-version":[{"id":1332,"href":"https:\/\/citeelegance.net\/index.php?rest_route=\/wp\/v2\/posts\/1313\/revisions\/1332"}],"wp:featuredmedia":[{"embeddable":true,"href":"https:\/\/citeelegance.net\/index.php?rest_route=\/wp\/v2\/media\/1331"}],"wp:attachment":[{"href":"https:\/\/citeelegance.net\/index.php?rest_route=%2Fwp%2Fv2%2Fmedia&parent=1313"}],"wp:term":[{"taxonomy":"category","embeddable":true,"href":"https:\/\/citeelegance.net\/index.php?rest_route=%2Fwp%2Fv2%2Fcategories&post=1313"},{"taxonomy":"post_tag","embeddable":true,"href":"https:\/\/citeelegance.net\/index.php?rest_route=%2Fwp%2Fv2%2Ftags&post=1313"}],"curies":[{"name":"wp","href":"https:\/\/api.w.org\/{rel}","templated":true}]}}