{"id":1282,"date":"2019-01-08T15:08:31","date_gmt":"2019-01-08T14:08:31","guid":{"rendered":"http:\/\/citeelegance.net\/?p=1282"},"modified":"2019-01-08T15:08:31","modified_gmt":"2019-01-08T14:08:31","slug":"semaine-de-larchitecte-le-college-de-la-salle-recoit-une-equipe-de-lordre-des-architectes-du-burkina","status":"publish","type":"post","link":"https:\/\/citeelegance.net\/?p=1282","title":{"rendered":"Semaine de l\u2019architecte : Le coll\u00e8ge de La Salle re\u00e7oit une \u00e9quipe de l\u2019ordre des architectes du Burkina"},"content":{"rendered":"<p><strong><em>Ce mardi 8 janvier 2019, une \u00e9quipe de \u00a0l\u2019Ordre des Architectes du Burkina (OAB) s\u2019est rendu au coll\u00e8ge de la salle pour \u00e9changer avec les \u00e9l\u00e8ves sur des questions li\u00e9es \u00e0 l\u2019architecture. Il s\u2019agit des architectes, Doris Yangao et de St\u00e9phane. Ces \u00e9changes ont \u00e9t\u00e9 b\u00e9n\u00e9fiques pour les \u00e9l\u00e8ves qui ont pos\u00e9 des questions pour satisfaire leurs curiosit\u00e9s.<\/em><\/strong><\/p>\n<p>Dans le cadre de la semaine de l\u2019architecte, une \u00e9quipe de l\u2019Ordre des Architectes du Burkina s\u2019est rendue au coll\u00e8ge de la salle pour discuter avec les jeunes afin de les inciter \u00e0 aimer l\u2019architecture et d\u2019attiser leur envie de d\u00e9couvrir le m\u00e9tier. Il s\u2019agissait ici de r\u00e9pondre aux questions des \u00e9l\u00e8ves et de donner des d\u00e9finitions de l\u2019architecture et du m\u00e9tier de l\u2019architecte. Pour les conf\u00e9renciers, l\u2019architecture c\u2019est un m\u00e9tier pluridisciplinaire. Quant \u00e0 l\u2019architecte, il ne travaille pas seul, c\u2019est un grand r\u00eaveur qui fait plaisir aux autres par sa cr\u00e9ativit\u00e9. Il insiste sur le fait que l\u2019architecte doit avoir sa propre personnalit\u00e9. Une question a particuli\u00e8rement marqu\u00e9 les \u00e9l\u00e8ves \u00e0 savoir si le m\u00e9tier de l\u2019architecte nourrit son homme. Pour r\u00e9pondre \u00e0 la question de savoir si l\u2019architecture rapporte de l\u2019argent, l\u2019\u00e9quipe de l\u2019ordre des architectes a soutenu que tout d\u00e9pendra du nombre de projets et du co\u00fbt des projets qu\u2019un architecte pourrait avoir. Pour eux l\u2019inconv\u00e9nient c\u2019est le fait qu\u2019un architecte ne puisse pas faire de la publicit\u00e9 pour se promouvoir tout comme les pharmacies.<\/p>\n<p>Pour l\u2019un des conf\u00e9renciers, secr\u00e9taire aux finances au niveau du Conseil de l\u2019Ordre des Architectes du Burkina Doris Yangao, ce cadre d\u2019\u00e9change permet d\u2019expliquer le m\u00e9tier de l\u2019architecture. Elle ajoute\u00a0<em>:\u00a0\u00ab\u00a0on a organis\u00e9 un d\u00e9bat avec les \u00e9l\u00e8ves du coll\u00e8ge de la salle dans le cadre de la 4<sup>e<\/sup> \u00e9dition de la semaine de l\u2019architecte. Nous avons d\u00e9cid\u00e9 d\u2019aller vers les jeunes pour leur montrer que nous sommes accessibles, expliquer le m\u00e9tier et susciter des vocations. Il y a plusieurs \u00e9tablissements qui ont \u00e9t\u00e9 cibl\u00e9s pour la tenue des conf\u00e9rences. On invite les \u00e9tablissements \u00e0 prendre attache avec l\u2019ordre des architectes pour des \u00e9changes\u00a0\u00bb.<\/em><\/p>\n<p>Quant aux \u00e9l\u00e8ves, Compaor\u00e9 Mil\u00e8ne et Zabsonr\u00e9 Michael, ces \u00e9changes ont permis de d\u00e9couvrir le m\u00e9tier de l\u2019architecte dans sa g\u00e9n\u00e9ralit\u00e9. C\u2019est une occasion de penser \u00e0 l\u2019architecture dans leurs futures carri\u00e8res professionnelles.<\/p>\n<p>Des conf\u00e9rences similaires vont se tenir dans d\u2019autres \u00e9tablissements de la ville de Ouagadougou pour expliquer, susciter et inviter les jeunes \u00e0 s\u2019int\u00e9resser \u00e0 l\u2019architecture.\u00a0 En attendant le rendez-vous est pris pour le 10 janvier 2019 au SIAO pour la c\u00e9r\u00e9monie officielle d\u2019ouverture de la semaine de l\u2019architecte.<\/p>\n<p><strong>Isma\u00ebl Kiekieta (stagiaire)<\/strong><\/p>\n<p>&nbsp;<\/p>\n<aside class=\"mashsb-container mashsb-main mashsb-stretched\"><div class=\"mashsb-box\"><div class=\"mashsb-buttons\"><a class=\"mashicon-facebook mash-small mash-center mashsb-noshadow\" href=\"https:\/\/www.facebook.com\/sharer.php?u=https%3A%2F%2Fciteelegance.net%2F%3Fp%3D1282\" target=\"_top\" rel=\"nofollow\"><span class=\"icon\"><\/span><span class=\"text\">Partagez<\/span><\/a><a class=\"mashicon-twitter mash-small mash-center mashsb-noshadow\" href=\"https:\/\/twitter.com\/intent\/tweet?text=&url=https:\/\/citeelegance.net\/?p=1282\" target=\"_top\" rel=\"nofollow\"><span class=\"icon\"><\/span><span class=\"text\">Tweet<\/span><\/a><div class=\"onoffswitch2 mash-small mashsb-noshadow\" style=\"display:none;\"><\/div><\/div>\n            <\/div>\n                <div style=\"clear:both;\"><\/div><\/aside>\n            <!-- Share buttons by mashshare.net - Version: 3.8.0--><div class=\"pdf24Plugin-cp\"> \t<form name=\"pdf24Form0\" method=\"post\" action=\"https:\/\/doc2pdf.pdf24.org\/wordpress.php\" target=\"pdf24PopWin\" onsubmit=\"var pdf24Win = window.open('about:blank', 'pdf24PopWin', 'resizable=yes,scrollbars=yes,width=600,height=250,left='+(screen.width\/2-300)+',top='+(screen.height\/3-125)+''); pdf24Win.focus(); if(typeof pdf24OnCreatePDF === 'function'){void(pdf24OnCreatePDF(this,pdf24Win));}\"> \t\t<input type=\"hidden\" name=\"blogCharset\" value=\"Cw1x07UAAA==\" \/><input type=\"hidden\" name=\"blogPosts\" value=\"MwQA\" \/><input type=\"hidden\" name=\"blogUrl\" value=\"yygpKSi20tdPzixJTc1JTU\/MS07Vy0stAQA=\" \/><input type=\"hidden\" name=\"blogName\" value=\"c\/YMcVVw9XF1d\/RzdgUA\" \/><input type=\"hidden\" name=\"blogValueEncoding\" value=\"gzdeflate base64\" \/><input type=\"hidden\" name=\"postId_0\" value=\"MzSyMAIA\" \/><input type=\"hidden\" name=\"postTitle_0\" value=\"C07NTczMS1VISVXIedQwM7EoOSOzJDW5JFXBSsEnVSE5Pyfn8Ip0sLxPokJwYk5OqkJR6uHl+ZklCqVAfYdXFpZmFsD15xelFIE4xQoIk4oVUkoVnEqLsjPzEgE=\" \/><input type=\"hidden\" name=\"postLink_0\" value=\"yygpKSi20tdPzixJTc1JTU\/MS07Vy0st0bcvsDU0sjACAA==\" \/><input type=\"hidden\" name=\"postAuthor_0\" value=\"805MSS0CAA==\" \/><input type=\"hidden\" name=\"postDateTime_0\" value=\"MzIwtNQ1MNQ1sFAwNLUyMLQyNgQA\" \/><input type=\"hidden\" name=\"postContent_0\" value=\"rVbLbhs3FN3nK1gBCRrAkhK7i9SRFDh2AhhF6xRpC7SbguJQEp0ZkuZDtrPqb3TnZdR8QnbWn\/RLei45Y40eTlOghmGPONS9vOecey4HdjTwwRk9HQ1kNTqWrOKuUOwZO+d6rqRj+0+efrvHopZsubiIykpWSHZ7U\/79x59nrnD00bMjJ2YqSBHwXET2Mrp3SnP29dnRy8fMY6v0gTmp8Y5HJkxZLj9MU6SSM8\/LUjJrokMKMeN6irR8LgUrEW65wN45HjzeU66LiGDKaM9KtVzQjhtGp+HNGaKTPXZaprx8qkL6Fl+dcI+dGKc8+xWZuGGSNrC3YbmwyI2vHqes+SCeGR3wCW\/ZeLnQy8VE0QHycdfOB3DSZms8Nq+fNO32PCg\/4QqYlTI6z0R0yniF2L436AP+Qb\/hom9HDwZ2dMKpTMkEz0gnuGTFlc6f2mXLLZa+iKM1duTn6SmUFzG02TmXyAl0J0qn7XhWWijaA1q4qvCwSU5CnNYC8KD3AINJUhuFKAC9iXOn6AWrAD1U2ObTew5OlVC024E1o6lEHq9agBdtZjLDhdFaZgkVRKNWzdbdJ4xN8m2ke+xNQ78werJcADyBnZDWVihR4xv1XTxbgnjCUtkSFCjS64+Rk9ButjhVJQOrwfE5V4kIjlaQsdxrR546rguA8decsCQlTggkW3LlASRhw2NwpFtOQmQCwEGOcxJfAldpr3yQqcuQJX0dcG4cByBinc+NSlGsMxYlWlQOcHmZo\/2M8zZMME4ZgxIRzfrByUqiSljMRUSPrLUPSvd1YNVifht8poG9wzGQk81MVTV0rLRAMPLVGRCiFXqTIMetNS60GmqKQ2YmN5rJ3DVTy05QojfoCh0TYAHPJDCLfnKcZKRNNc7dC7zOZfC1vIRZfsrm1KxfRCQBna1iqe8cb0CvK5Xgk86DVjN6DltSBGujhxV9W9HAjI3ooCyj7EW5y20cl+gp8rlsVum0FTqRcEtFCcI6kQajdBWH4sm3slPlhsgJix194SVJLqSMJEf0H9eC0ANAai7xD5AcoyElFP+l5tU2cjTEnVEm6rKDkzqr2nHkFRoOJLnPCSyNj1fUavyceL29ocl4eHtz+\/H2JinauCnXilyeil0uxjzsmFfFPU5a7PD0bwY+2pGE\/+MfQhSqEe7nDL\/HfjDRkzJ08jShCpo8tAeJHJsD+bZL1zMLfyoMKiddEqymGJ64RSgBSrwalzQld6IFJH302eGJmLkRPPlocpFr6vcyepXmG\/ENVUFu1ParCZnHqUAaTL76VJxRB8kN7UBg7EzDnGBUsoZ3PSZa3dLoIlmFwMVM1lTc2655krVnPKj91AzgrObsxqTThs49aLOy3EDE7HuFNZ2mxG98DBvKi4gmyZa3rg+kQOXvHW47LC5pBAY7TVcO1zjr8Z3jS2aE4L4WCbzG54m75W612oiOSaQVwMthn2TGyXgmRDiNRkhm1c4nGzTAOStVUvcS5agJ\/gDCUEdKkDSXB8wmQVnD8zS78HwW+ZQXJk5NzEzcqWxvJSwAmyl3bfnShEimF+hU\/p6Ke7c37JUmMUAVxCLykkDk++6clE74WXKNuhvY0ydrd10ypLenR2d3uhTItlygY3A\/MZMJTFKmWkhgES2WYf6XTm1wbS7bp77iy48l+07Jd0oGXJV9wN2GAH68dQt8pMfePs+fwDmii5J7P+xU3M\/8uAuiAuVFX+cFOkXzjFgyoC2KzmhQqPnGV8fmavd6DAFNjXe8\/UYhVXfChRwb8y5l6KKQssyPAoSvDqGNn4Hpyw6bOTkZdmYhWH\/Y719eXvaaED3MlD62wYt6dmZfxGHa9fDg6OH+a\/ySHGQppzQqeloGWj14bR8enDzdf7bfYYGGdRh2fg\/GdkBzOexoM4HrIi2wtlw3p6eTd+iCjbX1N0Fehc7oDW4pfCrfNzv6fFfp4VKFpsT\/Xnn97VQ0VIzvYEnK8IKOMHwUXTlstm4W3n9hh\/93yT9R7na9LRkYxJx4nFfM9jerXavQh+tSDju4zeKyeX2ojZbPKSli1X8fsNbPjqW0TKnrUKKU3B2OTZi1AiXZb4T6qttlb0k7rFYrG1\/nA9Iioca67BfMQNjbITvoPes96XZH\/wA=\" \/> \t\t<a href=\"https:\/\/www.pdf24.org\" target=\"_blank\" title=\"www.pdf24.org\" rel=\"nofollow\"><img src=\"https:\/\/citeelegance.net\/wp-content\/plugins\/pdf24-posts-to-pdf\/img\/pdf_32x32.png\" alt=\"\" border=\"0\" height=\"32\" \/><\/a> \t\t<span class=\"pdf24Plugin-cp-space\">&nbsp;&nbsp;<\/span> \t\t<span class=\"pdf24Plugin-cp-text\">Send article as PDF<\/span> \t\t<span class=\"pdf24Plugin-cp-space\">&nbsp;&nbsp;<\/span> \t\t<input class=\"pdf24Plugin-cp-input\" style=\"margin: 0px;\" type=\"text\" name=\"sendEmailTo\" placeholder=\"Enter email address\" \/> \t\t<input class=\"pdf24Plugin-cp-submit\" style=\"margin: 0px;\" type=\"submit\" value=\"Send\" \/> \t<\/form> <\/div>","protected":false},"excerpt":{"rendered":"<p>Ce mardi 8 janvier 2019, une \u00e9quipe de \u00a0l\u2019Ordre des Architectes du Burkina (OAB) s\u2019est rendu au coll\u00e8ge de la salle pour \u00e9changer avec les \u00e9l\u00e8ves sur des questions li\u00e9es \u00e0 l\u2019architecture. Il s\u2019agit des architectes, Doris Yangao et de St\u00e9phane. Ces \u00e9changes ont \u00e9t\u00e9 b\u00e9n\u00e9fiques pour les \u00e9l\u00e8ves qui ont pos\u00e9 des questions pour [&hellip;]<\/p>\n","protected":false},"author":3,"featured_media":1283,"comment_status":"open","ping_status":"open","sticky":false,"template":"","format":"standard","meta":{"footnotes":""},"categories":[2,6,16],"tags":[],"yoast_head":"<!-- This site is optimized with the Yoast SEO plugin v18.1 - https:\/\/yoast.com\/wordpress\/plugins\/seo\/ -->\n<title>Semaine de l\u2019architecte : Le coll\u00e8ge de La Salle re\u00e7oit une \u00e9quipe de l\u2019ordre des architectes du Burkina - CITE ELEGANCE<\/title>\n<meta name=\"robots\" content=\"index, follow, max-snippet:-1, max-image-preview:large, max-video-preview:-1\" \/>\n<link rel=\"canonical\" href=\"https:\/\/citeelegance.net\/?p=1282\" \/>\n<meta property=\"og:locale\" content=\"fr_FR\" \/>\n<meta property=\"og:type\" content=\"article\" \/>\n<meta property=\"og:title\" content=\"Semaine de l\u2019architecte : Le coll\u00e8ge de La Salle re\u00e7oit une \u00e9quipe de l\u2019ordre des architectes du Burkina - CITE ELEGANCE\" \/>\n<meta property=\"og:description\" content=\"Ce mardi 8 janvier 2019, une \u00e9quipe de \u00a0l\u2019Ordre des Architectes du Burkina (OAB) s\u2019est rendu au coll\u00e8ge de la salle pour \u00e9changer avec les \u00e9l\u00e8ves sur des questions li\u00e9es \u00e0 l\u2019architecture. Il s\u2019agit des architectes, Doris Yangao et de St\u00e9phane. Ces \u00e9changes ont \u00e9t\u00e9 b\u00e9n\u00e9fiques pour les \u00e9l\u00e8ves qui ont pos\u00e9 des questions pour [&hellip;]\" \/>\n<meta property=\"og:url\" content=\"https:\/\/citeelegance.net\/?p=1282\" \/>\n<meta property=\"og:site_name\" content=\"CITE ELEGANCE\" \/>\n<meta property=\"article:published_time\" content=\"2019-01-08T14:08:31+00:00\" \/>\n<meta property=\"og:image\" content=\"https:\/\/citeelegance.net\/wp-content\/uploads\/2019\/01\/IMGP6160-1024x680.jpg\" \/>\n\t<meta property=\"og:image:width\" content=\"1024\" \/>\n\t<meta property=\"og:image:height\" content=\"680\" \/>\n\t<meta property=\"og:image:type\" content=\"image\/jpeg\" \/>\n<meta name=\"twitter:label1\" content=\"\u00c9crit par\" \/>\n\t<meta name=\"twitter:data1\" content=\"Kader\" \/>\n\t<meta name=\"twitter:label2\" content=\"Dur\u00e9e de lecture estim\u00e9e\" \/>\n\t<meta name=\"twitter:data2\" content=\"3 minutes\" \/>\n<script type=\"application\/ld+json\" class=\"yoast-schema-graph\">{\"@context\":\"https:\/\/schema.org\",\"@graph\":[{\"@type\":\"WebSite\",\"@id\":\"https:\/\/citeelegance.net\/#website\",\"url\":\"https:\/\/citeelegance.net\/\",\"name\":\"CITE ELEGANCE\",\"description\":\"\",\"potentialAction\":[{\"@type\":\"SearchAction\",\"target\":{\"@type\":\"EntryPoint\",\"urlTemplate\":\"https:\/\/citeelegance.net\/?s={search_term_string}\"},\"query-input\":\"required name=search_term_string\"}],\"inLanguage\":\"fr-FR\"},{\"@type\":\"ImageObject\",\"@id\":\"https:\/\/citeelegance.net\/?p=1282#primaryimage\",\"inLanguage\":\"fr-FR\",\"url\":\"https:\/\/citeelegance.net\/wp-content\/uploads\/2019\/01\/IMGP6160.jpg\",\"contentUrl\":\"https:\/\/citeelegance.net\/wp-content\/uploads\/2019\/01\/IMGP6160.jpg\",\"width\":4288,\"height\":2848},{\"@type\":\"WebPage\",\"@id\":\"https:\/\/citeelegance.net\/?p=1282#webpage\",\"url\":\"https:\/\/citeelegance.net\/?p=1282\",\"name\":\"Semaine de l\u2019architecte : Le coll\u00e8ge de La Salle re\u00e7oit une \u00e9quipe de l\u2019ordre des architectes du Burkina - CITE ELEGANCE\",\"isPartOf\":{\"@id\":\"https:\/\/citeelegance.net\/#website\"},\"primaryImageOfPage\":{\"@id\":\"https:\/\/citeelegance.net\/?p=1282#primaryimage\"},\"datePublished\":\"2019-01-08T14:08:31+00:00\",\"dateModified\":\"2019-01-08T14:08:31+00:00\",\"author\":{\"@id\":\"https:\/\/citeelegance.net\/#\/schema\/person\/e06163d4cd2cfc8a3cfc96dc84443ae4\"},\"breadcrumb\":{\"@id\":\"https:\/\/citeelegance.net\/?p=1282#breadcrumb\"},\"inLanguage\":\"fr-FR\",\"potentialAction\":[{\"@type\":\"ReadAction\",\"target\":[\"https:\/\/citeelegance.net\/?p=1282\"]}]},{\"@type\":\"BreadcrumbList\",\"@id\":\"https:\/\/citeelegance.net\/?p=1282#breadcrumb\",\"itemListElement\":[{\"@type\":\"ListItem\",\"position\":1,\"name\":\"Accueil\",\"item\":\"https:\/\/citeelegance.net\/\"},{\"@type\":\"ListItem\",\"position\":2,\"name\":\"Semaine de l\u2019architecte : Le coll\u00e8ge de La Salle re\u00e7oit une \u00e9quipe de l\u2019ordre des architectes du Burkina\"}]},{\"@type\":\"Person\",\"@id\":\"https:\/\/citeelegance.net\/#\/schema\/person\/e06163d4cd2cfc8a3cfc96dc84443ae4\",\"name\":\"Kader\",\"url\":\"https:\/\/citeelegance.net\/?author=3\"}]}<\/script>\n<!-- \/ Yoast SEO plugin. -->","yoast_head_json":{"title":"Semaine de l\u2019architecte : Le coll\u00e8ge de La Salle re\u00e7oit une \u00e9quipe de l\u2019ordre des architectes du Burkina - CITE ELEGANCE","robots":{"index":"index","follow":"follow","max-snippet":"max-snippet:-1","max-image-preview":"max-image-preview:large","max-video-preview":"max-video-preview:-1"},"canonical":"https:\/\/citeelegance.net\/?p=1282","og_locale":"fr_FR","og_type":"article","og_title":"Semaine de l\u2019architecte : Le coll\u00e8ge de La Salle re\u00e7oit une \u00e9quipe de l\u2019ordre des architectes du Burkina - CITE ELEGANCE","og_description":"Ce mardi 8 janvier 2019, une \u00e9quipe de \u00a0l\u2019Ordre des Architectes du Burkina (OAB) s\u2019est rendu au coll\u00e8ge de la salle pour \u00e9changer avec les \u00e9l\u00e8ves sur des questions li\u00e9es \u00e0 l\u2019architecture. Il s\u2019agit des architectes, Doris Yangao et de St\u00e9phane. Ces \u00e9changes ont \u00e9t\u00e9 b\u00e9n\u00e9fiques pour les \u00e9l\u00e8ves qui ont pos\u00e9 des questions pour [&hellip;]","og_url":"https:\/\/citeelegance.net\/?p=1282","og_site_name":"CITE ELEGANCE","article_published_time":"2019-01-08T14:08:31+00:00","og_image":[{"width":1024,"height":680,"url":"https:\/\/citeelegance.net\/wp-content\/uploads\/2019\/01\/IMGP6160-1024x680.jpg","type":"image\/jpeg"}],"twitter_misc":{"\u00c9crit par":"Kader","Dur\u00e9e de lecture estim\u00e9e":"3 minutes"},"schema":{"@context":"https:\/\/schema.org","@graph":[{"@type":"WebSite","@id":"https:\/\/citeelegance.net\/#website","url":"https:\/\/citeelegance.net\/","name":"CITE ELEGANCE","description":"","potentialAction":[{"@type":"SearchAction","target":{"@type":"EntryPoint","urlTemplate":"https:\/\/citeelegance.net\/?s={search_term_string}"},"query-input":"required name=search_term_string"}],"inLanguage":"fr-FR"},{"@type":"ImageObject","@id":"https:\/\/citeelegance.net\/?p=1282#primaryimage","inLanguage":"fr-FR","url":"https:\/\/citeelegance.net\/wp-content\/uploads\/2019\/01\/IMGP6160.jpg","contentUrl":"https:\/\/citeelegance.net\/wp-content\/uploads\/2019\/01\/IMGP6160.jpg","width":4288,"height":2848},{"@type":"WebPage","@id":"https:\/\/citeelegance.net\/?p=1282#webpage","url":"https:\/\/citeelegance.net\/?p=1282","name":"Semaine de l\u2019architecte : Le coll\u00e8ge de La Salle re\u00e7oit une \u00e9quipe de l\u2019ordre des architectes du Burkina - CITE ELEGANCE","isPartOf":{"@id":"https:\/\/citeelegance.net\/#website"},"primaryImageOfPage":{"@id":"https:\/\/citeelegance.net\/?p=1282#primaryimage"},"datePublished":"2019-01-08T14:08:31+00:00","dateModified":"2019-01-08T14:08:31+00:00","author":{"@id":"https:\/\/citeelegance.net\/#\/schema\/person\/e06163d4cd2cfc8a3cfc96dc84443ae4"},"breadcrumb":{"@id":"https:\/\/citeelegance.net\/?p=1282#breadcrumb"},"inLanguage":"fr-FR","potentialAction":[{"@type":"ReadAction","target":["https:\/\/citeelegance.net\/?p=1282"]}]},{"@type":"BreadcrumbList","@id":"https:\/\/citeelegance.net\/?p=1282#breadcrumb","itemListElement":[{"@type":"ListItem","position":1,"name":"Accueil","item":"https:\/\/citeelegance.net\/"},{"@type":"ListItem","position":2,"name":"Semaine de l\u2019architecte : Le coll\u00e8ge de La Salle re\u00e7oit une \u00e9quipe de l\u2019ordre des architectes du Burkina"}]},{"@type":"Person","@id":"https:\/\/citeelegance.net\/#\/schema\/person\/e06163d4cd2cfc8a3cfc96dc84443ae4","name":"Kader","url":"https:\/\/citeelegance.net\/?author=3"}]}},"_links":{"self":[{"href":"https:\/\/citeelegance.net\/index.php?rest_route=\/wp\/v2\/posts\/1282"}],"collection":[{"href":"https:\/\/citeelegance.net\/index.php?rest_route=\/wp\/v2\/posts"}],"about":[{"href":"https:\/\/citeelegance.net\/index.php?rest_route=\/wp\/v2\/types\/post"}],"author":[{"embeddable":true,"href":"https:\/\/citeelegance.net\/index.php?rest_route=\/wp\/v2\/users\/3"}],"replies":[{"embeddable":true,"href":"https:\/\/citeelegance.net\/index.php?rest_route=%2Fwp%2Fv2%2Fcomments&post=1282"}],"version-history":[{"count":1,"href":"https:\/\/citeelegance.net\/index.php?rest_route=\/wp\/v2\/posts\/1282\/revisions"}],"predecessor-version":[{"id":1284,"href":"https:\/\/citeelegance.net\/index.php?rest_route=\/wp\/v2\/posts\/1282\/revisions\/1284"}],"wp:featuredmedia":[{"embeddable":true,"href":"https:\/\/citeelegance.net\/index.php?rest_route=\/wp\/v2\/media\/1283"}],"wp:attachment":[{"href":"https:\/\/citeelegance.net\/index.php?rest_route=%2Fwp%2Fv2%2Fmedia&parent=1282"}],"wp:term":[{"taxonomy":"category","embeddable":true,"href":"https:\/\/citeelegance.net\/index.php?rest_route=%2Fwp%2Fv2%2Fcategories&post=1282"},{"taxonomy":"post_tag","embeddable":true,"href":"https:\/\/citeelegance.net\/index.php?rest_route=%2Fwp%2Fv2%2Ftags&post=1282"}],"curies":[{"name":"wp","href":"https:\/\/api.w.org\/{rel}","templated":true}]}}